{"id":36819,"date":"2012-04-10T16:59:17","date_gmt":"2012-04-10T15:59:17","guid":{"rendered":"http:\/\/www.bellunopress.it\/?p=36819"},"modified":"2012-04-10T16:59:17","modified_gmt":"2012-04-10T15:59:17","slug":"imu-2012-prade-si-impegna-a-diminuire-la-nuova-imposta-sui-fabbricati-ex-ici","status":"publish","type":"post","link":"https:\/\/www.bellunopress.it\/fr\/2012\/04\/10\/imu-2012-prade-si-impegna-a-diminuire-la-nuova-imposta-sui-fabbricati-ex-ici\/","title":{"rendered":"IMU 2012: Prade si impegna a diminuire la nuova imposta sui fabbricati (ex Ici)"},"content":{"rendered":"<p>Il gettito presunto\u00a0della nuova imposta\u00a0 IMU 2012 per il\u00a0Comune di Belluno, stimata sui dati catastali, \u00e8 di\u00a011.837.689,00 euro. Di cui\u00a0 5.255.336,00 euro rappresenta la\u00a0quotache va\u00a0allo Stato e\u00a06.582.353,00 euro quella che rimane al Comune di Belluno.<\/p>\n<p><a href=\"http:\/\/www.bellunopress.it\/wp-content\/uploads\/2011\/10\/prade-280x240.jpg\"><img loading=\"lazy\" decoding=\"async\" class=\"alignright size-full wp-image-31277\" title=\"prade 280x240\" src=\"http:\/\/www.bellunopress.it\/wp-content\/uploads\/2011\/10\/prade-280x240.jpg\" alt=\"\" width=\"248\" height=\"280\" \/><\/a>Consideriamo che nel 2007 il Comune di Belluno ha incassato di ICI 7.200.000 euro,\u00a0ivi compresi gli accertamenti relativi agli anni precedenti. Possiamo dunque considerare che il gettito annuo era stato di circa 6.500.000 euro.\u00a0\u00a0Il calcolo \u00e8 stato effettuato sulle aliquote base di legge applicando all&#8217;abitazione principale la detrazione base di 200 euro e stimando la maggiorazione della detrazione di 50 euro per ogni figlio maggiore di 18 anni e inferiore di 26 anni.<\/p>\n<p>I\u00a0comuni hanno la possibilit\u00e0 di aumentare o diminuire le aliquote base (0,4% per le abitazioni principali e le pertinenze, 0,2% per gli immobili rurali ad uso strumentale, 0,76% per tutte le altre tipologie di immobile) nella misura dello 0,2% per le abitazioni principali e dello 0,3% per gli altri immobili.<\/p>\n<p>L&#8217;imposta andr\u00e0 pagata in acconto entro il 18 giugno, il saldo entro il 17 dicembre.<\/p>\n<p>La decisione di aumentare o diminuire le aliquote dovr\u00e0 essere assunta dal Comune entro il 30 giugno, termine entro il quale i Comuni devono approvare il bilancio preventivo.<\/p>\n<p>Antonio Prade si impegna &#8211; in una nota diretta alla stampa &#8211; \u00a0a non aumentare per nessuna categoria le aliquote base, anzi si impegna a diminuirle nella misura massima consentita dalla legge.<\/p>\n<p>Quindi la quota base di pertinenza del Comune (6.582.353,00 euro) non solo non aumenter\u00e0, ma sar\u00e0 anche diminuita nella misura massima consentita.<\/p>\n<p>Antonio Prade non moduler\u00e0 l&#8217;IMU. Per troppe famiglie e per molte imprese \u00e8 una vera e propria stangata. Quindi il Sindaco Prade condivide l&#8217;idea che l&#8217;IMU debba essere una misura UNA TANTUM e che sia introdotta anche la possibilit\u00e0 di pagarla a rate.<\/p>\n<p>L&#8217;IMU per Antonio Prade non \u00e8 una leva fiscale, da usare aumentandola o diminuendola per le pi\u00f9 diverse categorie: deve essere diminuita per tutti. Ci caratterizza l&#8217;idea che trattandosi di ricchezza della nostra comunit\u00e0 cittadina, essa debba essere immediatamente reimpiegata in opere e in progetti di utilit\u00e0. Tra i progetti pi\u00f9 importanti: il Cantiere della Provvidenza &#8211; seconda opportunit\u00e0, il progetto Coworking in Piazza Piloni e il progetto di manutenzione straordinaria di strade e marciapiedi.<\/p>\n<p>&nbsp;<\/p>","protected":false},"excerpt":{"rendered":"<p>Il gettito presunto\u00a0della nuova imposta\u00a0 IMU 2012 per il\u00a0Comune di Belluno, stimata sui dati catastali, \u00e8 di\u00a011.837.689,00 euro. Di cui\u00a0 5.255.336,00 euro rappresenta la\u00a0quotache va\u00a0allo Stato e\u00a06.582.353,00 euro quella che rimane al Comune di Belluno. Consideriamo che nel 2007 il Comune di Belluno ha incassato di ICI 7.200.000 euro,\u00a0ivi compresi gli accertamenti relativi agli anni [&hellip;]<\/p>\n","protected":false},"author":2,"featured_media":0,"comment_status":"closed","ping_status":"open","sticky":false,"template":"","format":"standard","meta":{"footnotes":""},"categories":[5,26],"tags":[],"class_list":["post-36819","post","type-post","status-publish","format-standard","category-cronaca","category-prima-pagina"],"yoast_head":"<!-- This site is optimized with the Yoast SEO plugin v28.4 - https:\/\/yoast.com\/product\/yoast-seo-wordpress\/ -->\n<title>IMU 2012: Prade si impegna a diminuire la nuova imposta sui fabbricati (ex Ici) - Bellunopress - Dolomiti<\/title>\n<meta name=\"robots\" content=\"index, follow, max-snippet:-1, max-image-preview:large, max-video-preview:-1\" \/>\n<link rel=\"canonical\" href=\"https:\/\/www.bellunopress.it\/fr\/2012\/04\/10\/imu-2012-prade-si-impegna-a-diminuire-la-nuova-imposta-sui-fabbricati-ex-ici\/\" \/>\n<meta property=\"og:locale\" content=\"fr_FR\" \/>\n<meta property=\"og:type\" content=\"article\" \/>\n<meta property=\"og:title\" content=\"IMU 2012: Prade si impegna a diminuire la nuova imposta sui fabbricati (ex Ici) - Bellunopress - Dolomiti\" \/>\n<meta property=\"og:description\" content=\"Il gettito presunto\u00a0della nuova imposta\u00a0 IMU 2012 per il\u00a0Comune di Belluno, stimata sui dati catastali, \u00e8 di\u00a011.837.689,00 euro. Di cui\u00a0 5.255.336,00 euro rappresenta la\u00a0quotache va\u00a0allo Stato e\u00a06.582.353,00 euro quella che rimane al Comune di Belluno. Consideriamo che nel 2007 il Comune di Belluno ha incassato di ICI 7.200.000 euro,\u00a0ivi compresi gli accertamenti relativi agli anni [&hellip;]\" \/>\n<meta property=\"og:url\" content=\"https:\/\/www.bellunopress.it\/fr\/2012\/04\/10\/imu-2012-prade-si-impegna-a-diminuire-la-nuova-imposta-sui-fabbricati-ex-ici\/\" \/>\n<meta property=\"og:site_name\" content=\"Bellunopress - Dolomiti\" \/>\n<meta property=\"article:publisher\" content=\"https:\/\/www.facebook.com\/profile.php?id=100008943462799\" \/>\n<meta property=\"article:published_time\" content=\"2012-04-10T15:59:17+00:00\" \/>\n<meta property=\"og:image\" content=\"http:\/\/www.bellunopress.it\/wp-content\/uploads\/2011\/10\/prade-280x240.jpg\" \/>\n<meta name=\"author\" content=\"redazione\" \/>\n<meta name=\"twitter:card\" content=\"summary_large_image\" \/>\n<meta name=\"twitter:creator\" content=\"@bellunopress\" \/>\n<meta name=\"twitter:site\" content=\"@bellunopress\" \/>\n<meta name=\"twitter:label1\" content=\"\u00c9crit par\" \/>\n\t<meta name=\"twitter:data1\" content=\"redazione\" \/>\n\t<meta name=\"twitter:label2\" content=\"Dur\u00e9e de lecture estim\u00e9e\" \/>\n\t<meta name=\"twitter:data2\" content=\"2 minutes\" \/>\n<script type=\"application\/ld+json\" class=\"yoast-schema-graph\">{\"@context\":\"https:\\\/\\\/schema.org\",\"@graph\":[{\"@type\":\"Article\",\"@id\":\"https:\\\/\\\/www.bellunopress.it\\\/2012\\\/04\\\/10\\\/imu-2012-prade-si-impegna-a-diminuire-la-nuova-imposta-sui-fabbricati-ex-ici\\\/#article\",\"isPartOf\":{\"@id\":\"https:\\\/\\\/www.bellunopress.it\\\/2012\\\/04\\\/10\\\/imu-2012-prade-si-impegna-a-diminuire-la-nuova-imposta-sui-fabbricati-ex-ici\\\/\"},\"author\":{\"name\":\"redazione\",\"@id\":\"https:\\\/\\\/www.bellunopress.it\\\/#\\\/schema\\\/person\\\/79bb06722b37ece1c03d3e94beb30d73\"},\"headline\":\"IMU 2012: Prade si impegna a diminuire la nuova imposta sui fabbricati (ex Ici)\",\"datePublished\":\"2012-04-10T15:59:17+00:00\",\"mainEntityOfPage\":{\"@id\":\"https:\\\/\\\/www.bellunopress.it\\\/2012\\\/04\\\/10\\\/imu-2012-prade-si-impegna-a-diminuire-la-nuova-imposta-sui-fabbricati-ex-ici\\\/\"},\"wordCount\":379,\"publisher\":{\"@id\":\"https:\\\/\\\/www.bellunopress.it\\\/#organization\"},\"image\":{\"@id\":\"https:\\\/\\\/www.bellunopress.it\\\/2012\\\/04\\\/10\\\/imu-2012-prade-si-impegna-a-diminuire-la-nuova-imposta-sui-fabbricati-ex-ici\\\/#primaryimage\"},\"thumbnailUrl\":\"http:\\\/\\\/www.bellunopress.it\\\/wp-content\\\/uploads\\\/2011\\\/10\\\/prade-280x240.jpg\",\"articleSection\":[\"Cronaca\\\/Politica\",\"Prima Pagina\"],\"inLanguage\":\"fr-FR\"},{\"@type\":\"WebPage\",\"@id\":\"https:\\\/\\\/www.bellunopress.it\\\/2012\\\/04\\\/10\\\/imu-2012-prade-si-impegna-a-diminuire-la-nuova-imposta-sui-fabbricati-ex-ici\\\/\",\"url\":\"https:\\\/\\\/www.bellunopress.it\\\/2012\\\/04\\\/10\\\/imu-2012-prade-si-impegna-a-diminuire-la-nuova-imposta-sui-fabbricati-ex-ici\\\/\",\"name\":\"IMU 2012: Prade si impegna a diminuire la nuova imposta sui fabbricati (ex Ici) - Bellunopress - Dolomiti\",\"isPartOf\":{\"@id\":\"https:\\\/\\\/www.bellunopress.it\\\/#website\"},\"primaryImageOfPage\":{\"@id\":\"https:\\\/\\\/www.bellunopress.it\\\/2012\\\/04\\\/10\\\/imu-2012-prade-si-impegna-a-diminuire-la-nuova-imposta-sui-fabbricati-ex-ici\\\/#primaryimage\"},\"image\":{\"@id\":\"https:\\\/\\\/www.bellunopress.it\\\/2012\\\/04\\\/10\\\/imu-2012-prade-si-impegna-a-diminuire-la-nuova-imposta-sui-fabbricati-ex-ici\\\/#primaryimage\"},\"thumbnailUrl\":\"http:\\\/\\\/www.bellunopress.it\\\/wp-content\\\/uploads\\\/2011\\\/10\\\/prade-280x240.jpg\",\"datePublished\":\"2012-04-10T15:59:17+00:00\",\"breadcrumb\":{\"@id\":\"https:\\\/\\\/www.bellunopress.it\\\/2012\\\/04\\\/10\\\/imu-2012-prade-si-impegna-a-diminuire-la-nuova-imposta-sui-fabbricati-ex-ici\\\/#breadcrumb\"},\"inLanguage\":\"fr-FR\",\"potentialAction\":[{\"@type\":\"ReadAction\",\"target\":[\"https:\\\/\\\/www.bellunopress.it\\\/2012\\\/04\\\/10\\\/imu-2012-prade-si-impegna-a-diminuire-la-nuova-imposta-sui-fabbricati-ex-ici\\\/\"]}]},{\"@type\":\"ImageObject\",\"inLanguage\":\"fr-FR\",\"@id\":\"https:\\\/\\\/www.bellunopress.it\\\/2012\\\/04\\\/10\\\/imu-2012-prade-si-impegna-a-diminuire-la-nuova-imposta-sui-fabbricati-ex-ici\\\/#primaryimage\",\"url\":\"http:\\\/\\\/www.bellunopress.it\\\/wp-content\\\/uploads\\\/2011\\\/10\\\/prade-280x240.jpg\",\"contentUrl\":\"http:\\\/\\\/www.bellunopress.it\\\/wp-content\\\/uploads\\\/2011\\\/10\\\/prade-280x240.jpg\"},{\"@type\":\"BreadcrumbList\",\"@id\":\"https:\\\/\\\/www.bellunopress.it\\\/2012\\\/04\\\/10\\\/imu-2012-prade-si-impegna-a-diminuire-la-nuova-imposta-sui-fabbricati-ex-ici\\\/#breadcrumb\",\"itemListElement\":[{\"@type\":\"ListItem\",\"position\":1,\"name\":\"Home\",\"item\":\"https:\\\/\\\/www.bellunopress.it\\\/\"},{\"@type\":\"ListItem\",\"position\":2,\"name\":\"IMU 2012: Prade si impegna a diminuire la nuova imposta sui fabbricati (ex Ici)\"}]},{\"@type\":\"WebSite\",\"@id\":\"https:\\\/\\\/www.bellunopress.it\\\/#website\",\"url\":\"https:\\\/\\\/www.bellunopress.it\\\/\",\"name\":\"Bellunopress - Dolomiti\",\"description\":\"e-mail: redazione@bellunopress.it\",\"publisher\":{\"@id\":\"https:\\\/\\\/www.bellunopress.it\\\/#organization\"},\"potentialAction\":[{\"@type\":\"SearchAction\",\"target\":{\"@type\":\"EntryPoint\",\"urlTemplate\":\"https:\\\/\\\/www.bellunopress.it\\\/?s={search_term_string}\"},\"query-input\":{\"@type\":\"PropertyValueSpecification\",\"valueRequired\":true,\"valueName\":\"search_term_string\"}}],\"inLanguage\":\"fr-FR\"},{\"@type\":\"Organization\",\"@id\":\"https:\\\/\\\/www.bellunopress.it\\\/#organization\",\"name\":\"Bellunopress\",\"url\":\"https:\\\/\\\/www.bellunopress.it\\\/\",\"logo\":{\"@type\":\"ImageObject\",\"inLanguage\":\"fr-FR\",\"@id\":\"https:\\\/\\\/www.bellunopress.it\\\/#\\\/schema\\\/logo\\\/image\\\/\",\"url\":\"https:\\\/\\\/www.bellunopress.it\\\/wp-content\\\/uploads\\\/2011\\\/05\\\/cropped-logo-bellunopress-.jpg\",\"contentUrl\":\"https:\\\/\\\/www.bellunopress.it\\\/wp-content\\\/uploads\\\/2011\\\/05\\\/cropped-logo-bellunopress-.jpg\",\"width\":512,\"height\":512,\"caption\":\"Bellunopress\"},\"image\":{\"@id\":\"https:\\\/\\\/www.bellunopress.it\\\/#\\\/schema\\\/logo\\\/image\\\/\"},\"sameAs\":[\"https:\\\/\\\/www.facebook.com\\\/profile.php?id=100008943462799\",\"https:\\\/\\\/x.com\\\/bellunopress\",\"https:\\\/\\\/www.linkedin.com\\\/hp\\\/?dnr=JBzUWaJfMUw8vbXJJ2tVW5-I3jZKvC4wsoxE&amp;amp;amp;amp;amp;amp;trk=nav_responsive_tab_home\",\"https:\\\/\\\/www.youtube.com\\\/channel\\\/UCxL0wu1uN0_3_7hGG0306cw\"]},{\"@type\":\"Person\",\"@id\":\"https:\\\/\\\/www.bellunopress.it\\\/#\\\/schema\\\/person\\\/79bb06722b37ece1c03d3e94beb30d73\",\"name\":\"redazione\",\"image\":{\"@type\":\"ImageObject\",\"inLanguage\":\"fr-FR\",\"@id\":\"https:\\\/\\\/secure.gravatar.com\\\/avatar\\\/37d968a2e67a6fd04c169c4bdef102d0bc5d31b2546345219e348575eb80e9a0?s=96&d=mm&r=g\",\"url\":\"https:\\\/\\\/secure.gravatar.com\\\/avatar\\\/37d968a2e67a6fd04c169c4bdef102d0bc5d31b2546345219e348575eb80e9a0?s=96&d=mm&r=g\",\"contentUrl\":\"https:\\\/\\\/secure.gravatar.com\\\/avatar\\\/37d968a2e67a6fd04c169c4bdef102d0bc5d31b2546345219e348575eb80e9a0?s=96&d=mm&r=g\",\"caption\":\"redazione\"},\"sameAs\":[\"http:\\\/\\\/www.bellunopress.it\",\"https:\\\/\\\/x.com\\\/bellunopress\"],\"url\":\"https:\\\/\\\/www.bellunopress.it\\\/fr\\\/author\\\/redazione\\\/\"}]}<\/script>\n<!-- \/ Yoast SEO plugin. -->","yoast_head_json":{"title":"IMU 2012: Prade si impegna a diminuire la nuova imposta sui fabbricati (ex Ici) - Bellunopress - Dolomiti","robots":{"index":"index","follow":"follow","max-snippet":"max-snippet:-1","max-image-preview":"max-image-preview:large","max-video-preview":"max-video-preview:-1"},"canonical":"https:\/\/www.bellunopress.it\/fr\/2012\/04\/10\/imu-2012-prade-si-impegna-a-diminuire-la-nuova-imposta-sui-fabbricati-ex-ici\/","og_locale":"fr_FR","og_type":"article","og_title":"IMU 2012: Prade si impegna a diminuire la nuova imposta sui fabbricati (ex Ici) - Bellunopress - Dolomiti","og_description":"Il gettito presunto\u00a0della nuova imposta\u00a0 IMU 2012 per il\u00a0Comune di Belluno, stimata sui dati catastali, \u00e8 di\u00a011.837.689,00 euro. Di cui\u00a0 5.255.336,00 euro rappresenta la\u00a0quotache va\u00a0allo Stato e\u00a06.582.353,00 euro quella che rimane al Comune di Belluno. Consideriamo che nel 2007 il Comune di Belluno ha incassato di ICI 7.200.000 euro,\u00a0ivi compresi gli accertamenti relativi agli anni [&hellip;]","og_url":"https:\/\/www.bellunopress.it\/fr\/2012\/04\/10\/imu-2012-prade-si-impegna-a-diminuire-la-nuova-imposta-sui-fabbricati-ex-ici\/","og_site_name":"Bellunopress - Dolomiti","article_publisher":"https:\/\/www.facebook.com\/profile.php?id=100008943462799","article_published_time":"2012-04-10T15:59:17+00:00","og_image":[{"url":"http:\/\/www.bellunopress.it\/wp-content\/uploads\/2011\/10\/prade-280x240.jpg","type":"","width":"","height":""}],"author":"redazione","twitter_card":"summary_large_image","twitter_creator":"@bellunopress","twitter_site":"@bellunopress","twitter_misc":{"\u00c9crit par":"redazione","Dur\u00e9e de lecture estim\u00e9e":"2 minutes"},"schema":{"@context":"https:\/\/schema.org","@graph":[{"@type":"Article","@id":"https:\/\/www.bellunopress.it\/2012\/04\/10\/imu-2012-prade-si-impegna-a-diminuire-la-nuova-imposta-sui-fabbricati-ex-ici\/#article","isPartOf":{"@id":"https:\/\/www.bellunopress.it\/2012\/04\/10\/imu-2012-prade-si-impegna-a-diminuire-la-nuova-imposta-sui-fabbricati-ex-ici\/"},"author":{"name":"redazione","@id":"https:\/\/www.bellunopress.it\/#\/schema\/person\/79bb06722b37ece1c03d3e94beb30d73"},"headline":"IMU 2012: Prade si impegna a diminuire la nuova imposta sui fabbricati (ex Ici)","datePublished":"2012-04-10T15:59:17+00:00","mainEntityOfPage":{"@id":"https:\/\/www.bellunopress.it\/2012\/04\/10\/imu-2012-prade-si-impegna-a-diminuire-la-nuova-imposta-sui-fabbricati-ex-ici\/"},"wordCount":379,"publisher":{"@id":"https:\/\/www.bellunopress.it\/#organization"},"image":{"@id":"https:\/\/www.bellunopress.it\/2012\/04\/10\/imu-2012-prade-si-impegna-a-diminuire-la-nuova-imposta-sui-fabbricati-ex-ici\/#primaryimage"},"thumbnailUrl":"http:\/\/www.bellunopress.it\/wp-content\/uploads\/2011\/10\/prade-280x240.jpg","articleSection":["Cronaca\/Politica","Prima Pagina"],"inLanguage":"fr-FR"},{"@type":"WebPage","@id":"https:\/\/www.bellunopress.it\/2012\/04\/10\/imu-2012-prade-si-impegna-a-diminuire-la-nuova-imposta-sui-fabbricati-ex-ici\/","url":"https:\/\/www.bellunopress.it\/2012\/04\/10\/imu-2012-prade-si-impegna-a-diminuire-la-nuova-imposta-sui-fabbricati-ex-ici\/","name":"IMU 2012: Prade si impegna a diminuire la nuova imposta sui fabbricati (ex Ici) - Bellunopress - Dolomiti","isPartOf":{"@id":"https:\/\/www.bellunopress.it\/#website"},"primaryImageOfPage":{"@id":"https:\/\/www.bellunopress.it\/2012\/04\/10\/imu-2012-prade-si-impegna-a-diminuire-la-nuova-imposta-sui-fabbricati-ex-ici\/#primaryimage"},"image":{"@id":"https:\/\/www.bellunopress.it\/2012\/04\/10\/imu-2012-prade-si-impegna-a-diminuire-la-nuova-imposta-sui-fabbricati-ex-ici\/#primaryimage"},"thumbnailUrl":"http:\/\/www.bellunopress.it\/wp-content\/uploads\/2011\/10\/prade-280x240.jpg","datePublished":"2012-04-10T15:59:17+00:00","breadcrumb":{"@id":"https:\/\/www.bellunopress.it\/2012\/04\/10\/imu-2012-prade-si-impegna-a-diminuire-la-nuova-imposta-sui-fabbricati-ex-ici\/#breadcrumb"},"inLanguage":"fr-FR","potentialAction":[{"@type":"ReadAction","target":["https:\/\/www.bellunopress.it\/2012\/04\/10\/imu-2012-prade-si-impegna-a-diminuire-la-nuova-imposta-sui-fabbricati-ex-ici\/"]}]},{"@type":"ImageObject","inLanguage":"fr-FR","@id":"https:\/\/www.bellunopress.it\/2012\/04\/10\/imu-2012-prade-si-impegna-a-diminuire-la-nuova-imposta-sui-fabbricati-ex-ici\/#primaryimage","url":"http:\/\/www.bellunopress.it\/wp-content\/uploads\/2011\/10\/prade-280x240.jpg","contentUrl":"http:\/\/www.bellunopress.it\/wp-content\/uploads\/2011\/10\/prade-280x240.jpg"},{"@type":"BreadcrumbList","@id":"https:\/\/www.bellunopress.it\/2012\/04\/10\/imu-2012-prade-si-impegna-a-diminuire-la-nuova-imposta-sui-fabbricati-ex-ici\/#breadcrumb","itemListElement":[{"@type":"ListItem","position":1,"name":"Home","item":"https:\/\/www.bellunopress.it\/"},{"@type":"ListItem","position":2,"name":"IMU 2012: Prade si impegna a diminuire la nuova imposta sui fabbricati (ex Ici)"}]},{"@type":"WebSite","@id":"https:\/\/www.bellunopress.it\/#website","url":"https:\/\/www.bellunopress.it\/","name":"Bellunopress - Dolomiti","description":"e-mail: redazione@bellunopress.it","publisher":{"@id":"https:\/\/www.bellunopress.it\/#organization"},"potentialAction":[{"@type":"SearchAction","target":{"@type":"EntryPoint","urlTemplate":"https:\/\/www.bellunopress.it\/?s={search_term_string}"},"query-input":{"@type":"PropertyValueSpecification","valueRequired":true,"valueName":"search_term_string"}}],"inLanguage":"fr-FR"},{"@type":"Organization","@id":"https:\/\/www.bellunopress.it\/#organization","name":"Bellunopress","url":"https:\/\/www.bellunopress.it\/","logo":{"@type":"ImageObject","inLanguage":"fr-FR","@id":"https:\/\/www.bellunopress.it\/#\/schema\/logo\/image\/","url":"https:\/\/www.bellunopress.it\/wp-content\/uploads\/2011\/05\/cropped-logo-bellunopress-.jpg","contentUrl":"https:\/\/www.bellunopress.it\/wp-content\/uploads\/2011\/05\/cropped-logo-bellunopress-.jpg","width":512,"height":512,"caption":"Bellunopress"},"image":{"@id":"https:\/\/www.bellunopress.it\/#\/schema\/logo\/image\/"},"sameAs":["https:\/\/www.facebook.com\/profile.php?id=100008943462799","https:\/\/x.com\/bellunopress","https:\/\/www.linkedin.com\/hp\/?dnr=JBzUWaJfMUw8vbXJJ2tVW5-I3jZKvC4wsoxE&amp;amp;amp;amp;amp;amp;trk=nav_responsive_tab_home","https:\/\/www.youtube.com\/channel\/UCxL0wu1uN0_3_7hGG0306cw"]},{"@type":"Person","@id":"https:\/\/www.bellunopress.it\/#\/schema\/person\/79bb06722b37ece1c03d3e94beb30d73","name":"r\u00e9daction","image":{"@type":"ImageObject","inLanguage":"fr-FR","@id":"https:\/\/secure.gravatar.com\/avatar\/37d968a2e67a6fd04c169c4bdef102d0bc5d31b2546345219e348575eb80e9a0?s=96&d=mm&r=g","url":"https:\/\/secure.gravatar.com\/avatar\/37d968a2e67a6fd04c169c4bdef102d0bc5d31b2546345219e348575eb80e9a0?s=96&d=mm&r=g","contentUrl":"https:\/\/secure.gravatar.com\/avatar\/37d968a2e67a6fd04c169c4bdef102d0bc5d31b2546345219e348575eb80e9a0?s=96&d=mm&r=g","caption":"redazione"},"sameAs":["http:\/\/www.bellunopress.it","https:\/\/x.com\/bellunopress"],"url":"https:\/\/www.bellunopress.it\/fr\/author\/redazione\/"}]}},"_links":{"self":[{"href":"https:\/\/www.bellunopress.it\/fr\/wp-json\/wp\/v2\/posts\/36819","targetHints":{"allow":["GET"]}}],"collection":[{"href":"https:\/\/www.bellunopress.it\/fr\/wp-json\/wp\/v2\/posts"}],"about":[{"href":"https:\/\/www.bellunopress.it\/fr\/wp-json\/wp\/v2\/types\/post"}],"author":[{"embeddable":true,"href":"https:\/\/www.bellunopress.it\/fr\/wp-json\/wp\/v2\/users\/2"}],"replies":[{"embeddable":true,"href":"https:\/\/www.bellunopress.it\/fr\/wp-json\/wp\/v2\/comments?post=36819"}],"version-history":[{"count":2,"href":"https:\/\/www.bellunopress.it\/fr\/wp-json\/wp\/v2\/posts\/36819\/revisions"}],"predecessor-version":[{"id":36821,"href":"https:\/\/www.bellunopress.it\/fr\/wp-json\/wp\/v2\/posts\/36819\/revisions\/36821"}],"wp:attachment":[{"href":"https:\/\/www.bellunopress.it\/fr\/wp-json\/wp\/v2\/media?parent=36819"}],"wp:term":[{"taxonomy":"category","embeddable":true,"href":"https:\/\/www.bellunopress.it\/fr\/wp-json\/wp\/v2\/categories?post=36819"},{"taxonomy":"post_tag","embeddable":true,"href":"https:\/\/www.bellunopress.it\/fr\/wp-json\/wp\/v2\/tags?post=36819"}],"curies":[{"name":"wp","href":"https:\/\/api.w.org\/{rel}","templated":true}]}}