{"id":36798,"date":"2012-04-09T19:47:08","date_gmt":"2012-04-09T18:47:08","guid":{"rendered":"http:\/\/www.bellunopress.it\/?p=36798"},"modified":"2012-04-09T19:47:08","modified_gmt":"2012-04-09T18:47:08","slug":"il-caso-fondazione-teatri-e-la-questione-cultura-a-belluno-giovedi-al-centro-giovanni-23mo","status":"publish","type":"post","link":"https:\/\/www.bellunopress.it\/fr\/2012\/04\/09\/il-caso-fondazione-teatri-e-la-questione-cultura-a-belluno-giovedi-al-centro-giovanni-23mo\/","title":{"rendered":"&#8220;Il caso Fondazione teatri e la questione cultura a Belluno&#8221; gioved\u00ec al centro Giovanni 23mo"},"content":{"rendered":"<p>Gioved\u00ec 12 aprile si terr\u00e0 presso la sala Muccin del centro Giovanni XXIII con inizio alle ore 20.30 la seconda assemblea pubblica organizzata dal Laboratorio cittadino Casa dei Beni comuni sul tema \u201cIl caso fondazione teatri e la questione cultura\u201da Belluno.<\/p>\n<p><a href=\"http:\/\/www.bellunopress.it\/wp-content\/uploads\/2010\/12\/giovanni-23.jpg\"><img loading=\"lazy\" decoding=\"async\" class=\"alignleft size-full wp-image-21840\" title=\"giovanni-23\" src=\"http:\/\/www.bellunopress.it\/wp-content\/uploads\/2010\/12\/giovanni-23.jpg\" alt=\"\" width=\"280\" height=\"233\" \/><\/a>Dopo la serata di discussione e approfondimento sul caso Bim Gsp e la gestione del servizio idrico integrato, che ha visto la presenza di sei dei dieci candidati sindaci al comune di Belluno, il tema trattato in questo secondo appuntamento sar\u00e0, appunto, quello relativo alla fondazione teatri considerata nel suo essere, cartina di tornasole di una modalit\u00e0 di gestione cittadina della cultura. Dunque \u201cun punto di partenza nella discussione che non si limiter\u00e0 a detta problematica, ma porr\u00e0 l&#8217;accento anche su altre realt\u00e0 gi\u00e0 esistenti che operano in questo settore\u201d. I membri del laboratorio, esprimendo soddisfazione per la riuscita del primo incontro, confermano la volont\u00e0 di valorizzare un metodo di confronto tra cittadini e potenziali amministratori privo di gerarchie, quale momento propedeutico e necessario per una visione condivisa di ci\u00f2 che \u00e8 comune.<\/p>\n<p>La cultura, nelle sue varie accezioni, sta certamente in prima fila per chi intende \u201cvivere un luogo e non consumarlo meramente.\u201d Ulteriore interesse e curiosit\u00e0 per questa assemblea sar\u00e0 garantito anche dalla presenza, confermata in queste ore, del sindaco uscente Antonio Prade, assente al primo incontro, proprio su un tema che ha creato non poche fratture anche all&#8217;interno dell&#8217;ormai vecchia maggioranza.<\/p>\n<p>&nbsp;<\/p>\n<p>&nbsp;<\/p>","protected":false},"excerpt":{"rendered":"<p>Gioved\u00ec 12 aprile si terr\u00e0 presso la sala Muccin del centro Giovanni XXIII con inizio alle ore 20.30 la seconda assemblea pubblica organizzata dal Laboratorio cittadino Casa dei Beni comuni sul tema \u201cIl caso fondazione teatri e la questione cultura\u201da Belluno. Dopo la serata di discussione e approfondimento sul caso Bim Gsp e la gestione [&hellip;]<\/p>\n","protected":false},"author":2,"featured_media":0,"comment_status":"closed","ping_status":"open","sticky":false,"template":"","format":"standard","meta":{"footnotes":""},"categories":[27,25],"tags":[],"class_list":["post-36798","post","type-post","status-publish","format-standard","category-appuntamenti","category-pausa-caffe"],"yoast_head":"<!-- This site is optimized with the Yoast SEO plugin v28.4 - https:\/\/yoast.com\/product\/yoast-seo-wordpress\/ -->\n<title>&quot;Il caso Fondazione teatri e la questione cultura a Belluno&quot; gioved\u00ec al centro Giovanni 23mo - Bellunopress - Dolomiti<\/title>\n<meta name=\"robots\" content=\"index, follow, max-snippet:-1, max-image-preview:large, max-video-preview:-1\" \/>\n<link rel=\"canonical\" href=\"https:\/\/www.bellunopress.it\/fr\/2012\/04\/09\/il-caso-fondazione-teatri-e-la-questione-cultura-a-belluno-giovedi-al-centro-giovanni-23mo\/\" \/>\n<meta property=\"og:locale\" content=\"fr_FR\" \/>\n<meta property=\"og:type\" content=\"article\" \/>\n<meta property=\"og:title\" content=\"&quot;Il caso Fondazione teatri e la questione cultura a Belluno&quot; gioved\u00ec al centro Giovanni 23mo - Bellunopress - Dolomiti\" \/>\n<meta property=\"og:description\" content=\"Gioved\u00ec 12 aprile si terr\u00e0 presso la sala Muccin del centro Giovanni XXIII con inizio alle ore 20.30 la seconda assemblea pubblica organizzata dal Laboratorio cittadino Casa dei Beni comuni sul tema \u201cIl caso fondazione teatri e la questione cultura\u201da Belluno. Dopo la serata di discussione e approfondimento sul caso Bim Gsp e la gestione [&hellip;]\" \/>\n<meta property=\"og:url\" content=\"https:\/\/www.bellunopress.it\/fr\/2012\/04\/09\/il-caso-fondazione-teatri-e-la-questione-cultura-a-belluno-giovedi-al-centro-giovanni-23mo\/\" \/>\n<meta property=\"og:site_name\" content=\"Bellunopress - Dolomiti\" \/>\n<meta property=\"article:publisher\" content=\"https:\/\/www.facebook.com\/profile.php?id=100008943462799\" \/>\n<meta property=\"article:published_time\" content=\"2012-04-09T18:47:08+00:00\" \/>\n<meta property=\"og:image\" content=\"http:\/\/www.bellunopress.it\/wp-content\/uploads\/2010\/12\/giovanni-23.jpg\" \/>\n<meta name=\"author\" content=\"redazione\" \/>\n<meta name=\"twitter:card\" content=\"summary_large_image\" \/>\n<meta name=\"twitter:creator\" content=\"@bellunopress\" \/>\n<meta name=\"twitter:site\" content=\"@bellunopress\" \/>\n<meta name=\"twitter:label1\" content=\"\u00c9crit par\" \/>\n\t<meta name=\"twitter:data1\" content=\"redazione\" \/>\n\t<meta name=\"twitter:label2\" content=\"Dur\u00e9e de lecture estim\u00e9e\" \/>\n\t<meta name=\"twitter:data2\" content=\"1 minute\" \/>\n<script type=\"application\/ld+json\" class=\"yoast-schema-graph\">{\"@context\":\"https:\\\/\\\/schema.org\",\"@graph\":[{\"@type\":\"Article\",\"@id\":\"https:\\\/\\\/www.bellunopress.it\\\/2012\\\/04\\\/09\\\/il-caso-fondazione-teatri-e-la-questione-cultura-a-belluno-giovedi-al-centro-giovanni-23mo\\\/#article\",\"isPartOf\":{\"@id\":\"https:\\\/\\\/www.bellunopress.it\\\/2012\\\/04\\\/09\\\/il-caso-fondazione-teatri-e-la-questione-cultura-a-belluno-giovedi-al-centro-giovanni-23mo\\\/\"},\"author\":{\"name\":\"redazione\",\"@id\":\"https:\\\/\\\/www.bellunopress.it\\\/#\\\/schema\\\/person\\\/79bb06722b37ece1c03d3e94beb30d73\"},\"headline\":\"&#8220;Il caso Fondazione teatri e la questione cultura a Belluno&#8221; gioved\u00ec al centro Giovanni 23mo\",\"datePublished\":\"2012-04-09T18:47:08+00:00\",\"mainEntityOfPage\":{\"@id\":\"https:\\\/\\\/www.bellunopress.it\\\/2012\\\/04\\\/09\\\/il-caso-fondazione-teatri-e-la-questione-cultura-a-belluno-giovedi-al-centro-giovanni-23mo\\\/\"},\"wordCount\":253,\"publisher\":{\"@id\":\"https:\\\/\\\/www.bellunopress.it\\\/#organization\"},\"image\":{\"@id\":\"https:\\\/\\\/www.bellunopress.it\\\/2012\\\/04\\\/09\\\/il-caso-fondazione-teatri-e-la-questione-cultura-a-belluno-giovedi-al-centro-giovanni-23mo\\\/#primaryimage\"},\"thumbnailUrl\":\"http:\\\/\\\/www.bellunopress.it\\\/wp-content\\\/uploads\\\/2010\\\/12\\\/giovanni-23.jpg\",\"articleSection\":[\"Appuntamenti, Eventi\",\"Pausa Caff\u00e8\"],\"inLanguage\":\"fr-FR\"},{\"@type\":\"WebPage\",\"@id\":\"https:\\\/\\\/www.bellunopress.it\\\/2012\\\/04\\\/09\\\/il-caso-fondazione-teatri-e-la-questione-cultura-a-belluno-giovedi-al-centro-giovanni-23mo\\\/\",\"url\":\"https:\\\/\\\/www.bellunopress.it\\\/2012\\\/04\\\/09\\\/il-caso-fondazione-teatri-e-la-questione-cultura-a-belluno-giovedi-al-centro-giovanni-23mo\\\/\",\"name\":\"\\\"Il caso Fondazione teatri e la questione cultura a Belluno\\\" gioved\u00ec al centro Giovanni 23mo - Bellunopress - Dolomiti\",\"isPartOf\":{\"@id\":\"https:\\\/\\\/www.bellunopress.it\\\/#website\"},\"primaryImageOfPage\":{\"@id\":\"https:\\\/\\\/www.bellunopress.it\\\/2012\\\/04\\\/09\\\/il-caso-fondazione-teatri-e-la-questione-cultura-a-belluno-giovedi-al-centro-giovanni-23mo\\\/#primaryimage\"},\"image\":{\"@id\":\"https:\\\/\\\/www.bellunopress.it\\\/2012\\\/04\\\/09\\\/il-caso-fondazione-teatri-e-la-questione-cultura-a-belluno-giovedi-al-centro-giovanni-23mo\\\/#primaryimage\"},\"thumbnailUrl\":\"http:\\\/\\\/www.bellunopress.it\\\/wp-content\\\/uploads\\\/2010\\\/12\\\/giovanni-23.jpg\",\"datePublished\":\"2012-04-09T18:47:08+00:00\",\"breadcrumb\":{\"@id\":\"https:\\\/\\\/www.bellunopress.it\\\/2012\\\/04\\\/09\\\/il-caso-fondazione-teatri-e-la-questione-cultura-a-belluno-giovedi-al-centro-giovanni-23mo\\\/#breadcrumb\"},\"inLanguage\":\"fr-FR\",\"potentialAction\":[{\"@type\":\"ReadAction\",\"target\":[\"https:\\\/\\\/www.bellunopress.it\\\/2012\\\/04\\\/09\\\/il-caso-fondazione-teatri-e-la-questione-cultura-a-belluno-giovedi-al-centro-giovanni-23mo\\\/\"]}]},{\"@type\":\"ImageObject\",\"inLanguage\":\"fr-FR\",\"@id\":\"https:\\\/\\\/www.bellunopress.it\\\/2012\\\/04\\\/09\\\/il-caso-fondazione-teatri-e-la-questione-cultura-a-belluno-giovedi-al-centro-giovanni-23mo\\\/#primaryimage\",\"url\":\"http:\\\/\\\/www.bellunopress.it\\\/wp-content\\\/uploads\\\/2010\\\/12\\\/giovanni-23.jpg\",\"contentUrl\":\"http:\\\/\\\/www.bellunopress.it\\\/wp-content\\\/uploads\\\/2010\\\/12\\\/giovanni-23.jpg\"},{\"@type\":\"BreadcrumbList\",\"@id\":\"https:\\\/\\\/www.bellunopress.it\\\/2012\\\/04\\\/09\\\/il-caso-fondazione-teatri-e-la-questione-cultura-a-belluno-giovedi-al-centro-giovanni-23mo\\\/#breadcrumb\",\"itemListElement\":[{\"@type\":\"ListItem\",\"position\":1,\"name\":\"Home\",\"item\":\"https:\\\/\\\/www.bellunopress.it\\\/\"},{\"@type\":\"ListItem\",\"position\":2,\"name\":\"&#8220;Il caso Fondazione teatri e la questione cultura a Belluno&#8221; gioved\u00ec al centro Giovanni 23mo\"}]},{\"@type\":\"WebSite\",\"@id\":\"https:\\\/\\\/www.bellunopress.it\\\/#website\",\"url\":\"https:\\\/\\\/www.bellunopress.it\\\/\",\"name\":\"Bellunopress - Dolomiti\",\"description\":\"e-mail: redazione@bellunopress.it\",\"publisher\":{\"@id\":\"https:\\\/\\\/www.bellunopress.it\\\/#organization\"},\"potentialAction\":[{\"@type\":\"SearchAction\",\"target\":{\"@type\":\"EntryPoint\",\"urlTemplate\":\"https:\\\/\\\/www.bellunopress.it\\\/?s={search_term_string}\"},\"query-input\":{\"@type\":\"PropertyValueSpecification\",\"valueRequired\":true,\"valueName\":\"search_term_string\"}}],\"inLanguage\":\"fr-FR\"},{\"@type\":\"Organization\",\"@id\":\"https:\\\/\\\/www.bellunopress.it\\\/#organization\",\"name\":\"Bellunopress\",\"url\":\"https:\\\/\\\/www.bellunopress.it\\\/\",\"logo\":{\"@type\":\"ImageObject\",\"inLanguage\":\"fr-FR\",\"@id\":\"https:\\\/\\\/www.bellunopress.it\\\/#\\\/schema\\\/logo\\\/image\\\/\",\"url\":\"https:\\\/\\\/www.bellunopress.it\\\/wp-content\\\/uploads\\\/2011\\\/05\\\/cropped-logo-bellunopress-.jpg\",\"contentUrl\":\"https:\\\/\\\/www.bellunopress.it\\\/wp-content\\\/uploads\\\/2011\\\/05\\\/cropped-logo-bellunopress-.jpg\",\"width\":512,\"height\":512,\"caption\":\"Bellunopress\"},\"image\":{\"@id\":\"https:\\\/\\\/www.bellunopress.it\\\/#\\\/schema\\\/logo\\\/image\\\/\"},\"sameAs\":[\"https:\\\/\\\/www.facebook.com\\\/profile.php?id=100008943462799\",\"https:\\\/\\\/x.com\\\/bellunopress\",\"https:\\\/\\\/www.linkedin.com\\\/hp\\\/?dnr=JBzUWaJfMUw8vbXJJ2tVW5-I3jZKvC4wsoxE&amp;amp;amp;amp;amp;amp;trk=nav_responsive_tab_home\",\"https:\\\/\\\/www.youtube.com\\\/channel\\\/UCxL0wu1uN0_3_7hGG0306cw\"]},{\"@type\":\"Person\",\"@id\":\"https:\\\/\\\/www.bellunopress.it\\\/#\\\/schema\\\/person\\\/79bb06722b37ece1c03d3e94beb30d73\",\"name\":\"redazione\",\"image\":{\"@type\":\"ImageObject\",\"inLanguage\":\"fr-FR\",\"@id\":\"https:\\\/\\\/secure.gravatar.com\\\/avatar\\\/37d968a2e67a6fd04c169c4bdef102d0bc5d31b2546345219e348575eb80e9a0?s=96&d=mm&r=g\",\"url\":\"https:\\\/\\\/secure.gravatar.com\\\/avatar\\\/37d968a2e67a6fd04c169c4bdef102d0bc5d31b2546345219e348575eb80e9a0?s=96&d=mm&r=g\",\"contentUrl\":\"https:\\\/\\\/secure.gravatar.com\\\/avatar\\\/37d968a2e67a6fd04c169c4bdef102d0bc5d31b2546345219e348575eb80e9a0?s=96&d=mm&r=g\",\"caption\":\"redazione\"},\"sameAs\":[\"http:\\\/\\\/www.bellunopress.it\",\"https:\\\/\\\/x.com\\\/bellunopress\"],\"url\":\"https:\\\/\\\/www.bellunopress.it\\\/fr\\\/author\\\/redazione\\\/\"}]}<\/script>\n<!-- \/ Yoast SEO plugin. -->","yoast_head_json":{"title":"\"Il caso Fondazione teatri e la questione cultura a Belluno\" gioved\u00ec al centro Giovanni 23mo - Bellunopress - Dolomiti","robots":{"index":"index","follow":"follow","max-snippet":"max-snippet:-1","max-image-preview":"max-image-preview:large","max-video-preview":"max-video-preview:-1"},"canonical":"https:\/\/www.bellunopress.it\/fr\/2012\/04\/09\/il-caso-fondazione-teatri-e-la-questione-cultura-a-belluno-giovedi-al-centro-giovanni-23mo\/","og_locale":"fr_FR","og_type":"article","og_title":"\"Il caso Fondazione teatri e la questione cultura a Belluno\" gioved\u00ec al centro Giovanni 23mo - Bellunopress - Dolomiti","og_description":"Gioved\u00ec 12 aprile si terr\u00e0 presso la sala Muccin del centro Giovanni XXIII con inizio alle ore 20.30 la seconda assemblea pubblica organizzata dal Laboratorio cittadino Casa dei Beni comuni sul tema \u201cIl caso fondazione teatri e la questione cultura\u201da Belluno. Dopo la serata di discussione e approfondimento sul caso Bim Gsp e la gestione [&hellip;]","og_url":"https:\/\/www.bellunopress.it\/fr\/2012\/04\/09\/il-caso-fondazione-teatri-e-la-questione-cultura-a-belluno-giovedi-al-centro-giovanni-23mo\/","og_site_name":"Bellunopress - Dolomiti","article_publisher":"https:\/\/www.facebook.com\/profile.php?id=100008943462799","article_published_time":"2012-04-09T18:47:08+00:00","og_image":[{"url":"http:\/\/www.bellunopress.it\/wp-content\/uploads\/2010\/12\/giovanni-23.jpg","type":"","width":"","height":""}],"author":"redazione","twitter_card":"summary_large_image","twitter_creator":"@bellunopress","twitter_site":"@bellunopress","twitter_misc":{"\u00c9crit par":"redazione","Dur\u00e9e de lecture estim\u00e9e":"1 minute"},"schema":{"@context":"https:\/\/schema.org","@graph":[{"@type":"Article","@id":"https:\/\/www.bellunopress.it\/2012\/04\/09\/il-caso-fondazione-teatri-e-la-questione-cultura-a-belluno-giovedi-al-centro-giovanni-23mo\/#article","isPartOf":{"@id":"https:\/\/www.bellunopress.it\/2012\/04\/09\/il-caso-fondazione-teatri-e-la-questione-cultura-a-belluno-giovedi-al-centro-giovanni-23mo\/"},"author":{"name":"redazione","@id":"https:\/\/www.bellunopress.it\/#\/schema\/person\/79bb06722b37ece1c03d3e94beb30d73"},"headline":"&#8220;Il caso Fondazione teatri e la questione cultura a Belluno&#8221; gioved\u00ec al centro Giovanni 23mo","datePublished":"2012-04-09T18:47:08+00:00","mainEntityOfPage":{"@id":"https:\/\/www.bellunopress.it\/2012\/04\/09\/il-caso-fondazione-teatri-e-la-questione-cultura-a-belluno-giovedi-al-centro-giovanni-23mo\/"},"wordCount":253,"publisher":{"@id":"https:\/\/www.bellunopress.it\/#organization"},"image":{"@id":"https:\/\/www.bellunopress.it\/2012\/04\/09\/il-caso-fondazione-teatri-e-la-questione-cultura-a-belluno-giovedi-al-centro-giovanni-23mo\/#primaryimage"},"thumbnailUrl":"http:\/\/www.bellunopress.it\/wp-content\/uploads\/2010\/12\/giovanni-23.jpg","articleSection":["Appuntamenti, Eventi","Pausa Caff\u00e8"],"inLanguage":"fr-FR"},{"@type":"WebPage","@id":"https:\/\/www.bellunopress.it\/2012\/04\/09\/il-caso-fondazione-teatri-e-la-questione-cultura-a-belluno-giovedi-al-centro-giovanni-23mo\/","url":"https:\/\/www.bellunopress.it\/2012\/04\/09\/il-caso-fondazione-teatri-e-la-questione-cultura-a-belluno-giovedi-al-centro-giovanni-23mo\/","name":"\"Il caso Fondazione teatri e la questione cultura a Belluno\" gioved\u00ec al centro Giovanni 23mo - Bellunopress - Dolomiti","isPartOf":{"@id":"https:\/\/www.bellunopress.it\/#website"},"primaryImageOfPage":{"@id":"https:\/\/www.bellunopress.it\/2012\/04\/09\/il-caso-fondazione-teatri-e-la-questione-cultura-a-belluno-giovedi-al-centro-giovanni-23mo\/#primaryimage"},"image":{"@id":"https:\/\/www.bellunopress.it\/2012\/04\/09\/il-caso-fondazione-teatri-e-la-questione-cultura-a-belluno-giovedi-al-centro-giovanni-23mo\/#primaryimage"},"thumbnailUrl":"http:\/\/www.bellunopress.it\/wp-content\/uploads\/2010\/12\/giovanni-23.jpg","datePublished":"2012-04-09T18:47:08+00:00","breadcrumb":{"@id":"https:\/\/www.bellunopress.it\/2012\/04\/09\/il-caso-fondazione-teatri-e-la-questione-cultura-a-belluno-giovedi-al-centro-giovanni-23mo\/#breadcrumb"},"inLanguage":"fr-FR","potentialAction":[{"@type":"ReadAction","target":["https:\/\/www.bellunopress.it\/2012\/04\/09\/il-caso-fondazione-teatri-e-la-questione-cultura-a-belluno-giovedi-al-centro-giovanni-23mo\/"]}]},{"@type":"ImageObject","inLanguage":"fr-FR","@id":"https:\/\/www.bellunopress.it\/2012\/04\/09\/il-caso-fondazione-teatri-e-la-questione-cultura-a-belluno-giovedi-al-centro-giovanni-23mo\/#primaryimage","url":"http:\/\/www.bellunopress.it\/wp-content\/uploads\/2010\/12\/giovanni-23.jpg","contentUrl":"http:\/\/www.bellunopress.it\/wp-content\/uploads\/2010\/12\/giovanni-23.jpg"},{"@type":"BreadcrumbList","@id":"https:\/\/www.bellunopress.it\/2012\/04\/09\/il-caso-fondazione-teatri-e-la-questione-cultura-a-belluno-giovedi-al-centro-giovanni-23mo\/#breadcrumb","itemListElement":[{"@type":"ListItem","position":1,"name":"Home","item":"https:\/\/www.bellunopress.it\/"},{"@type":"ListItem","position":2,"name":"&#8220;Il caso Fondazione teatri e la questione cultura a Belluno&#8221; gioved\u00ec al centro Giovanni 23mo"}]},{"@type":"WebSite","@id":"https:\/\/www.bellunopress.it\/#website","url":"https:\/\/www.bellunopress.it\/","name":"Bellunopress - Dolomiti","description":"e-mail: redazione@bellunopress.it","publisher":{"@id":"https:\/\/www.bellunopress.it\/#organization"},"potentialAction":[{"@type":"SearchAction","target":{"@type":"EntryPoint","urlTemplate":"https:\/\/www.bellunopress.it\/?s={search_term_string}"},"query-input":{"@type":"PropertyValueSpecification","valueRequired":true,"valueName":"search_term_string"}}],"inLanguage":"fr-FR"},{"@type":"Organization","@id":"https:\/\/www.bellunopress.it\/#organization","name":"Bellunopress","url":"https:\/\/www.bellunopress.it\/","logo":{"@type":"ImageObject","inLanguage":"fr-FR","@id":"https:\/\/www.bellunopress.it\/#\/schema\/logo\/image\/","url":"https:\/\/www.bellunopress.it\/wp-content\/uploads\/2011\/05\/cropped-logo-bellunopress-.jpg","contentUrl":"https:\/\/www.bellunopress.it\/wp-content\/uploads\/2011\/05\/cropped-logo-bellunopress-.jpg","width":512,"height":512,"caption":"Bellunopress"},"image":{"@id":"https:\/\/www.bellunopress.it\/#\/schema\/logo\/image\/"},"sameAs":["https:\/\/www.facebook.com\/profile.php?id=100008943462799","https:\/\/x.com\/bellunopress","https:\/\/www.linkedin.com\/hp\/?dnr=JBzUWaJfMUw8vbXJJ2tVW5-I3jZKvC4wsoxE&amp;amp;amp;amp;amp;amp;trk=nav_responsive_tab_home","https:\/\/www.youtube.com\/channel\/UCxL0wu1uN0_3_7hGG0306cw"]},{"@type":"Person","@id":"https:\/\/www.bellunopress.it\/#\/schema\/person\/79bb06722b37ece1c03d3e94beb30d73","name":"r\u00e9daction","image":{"@type":"ImageObject","inLanguage":"fr-FR","@id":"https:\/\/secure.gravatar.com\/avatar\/37d968a2e67a6fd04c169c4bdef102d0bc5d31b2546345219e348575eb80e9a0?s=96&d=mm&r=g","url":"https:\/\/secure.gravatar.com\/avatar\/37d968a2e67a6fd04c169c4bdef102d0bc5d31b2546345219e348575eb80e9a0?s=96&d=mm&r=g","contentUrl":"https:\/\/secure.gravatar.com\/avatar\/37d968a2e67a6fd04c169c4bdef102d0bc5d31b2546345219e348575eb80e9a0?s=96&d=mm&r=g","caption":"redazione"},"sameAs":["http:\/\/www.bellunopress.it","https:\/\/x.com\/bellunopress"],"url":"https:\/\/www.bellunopress.it\/fr\/author\/redazione\/"}]}},"_links":{"self":[{"href":"https:\/\/www.bellunopress.it\/fr\/wp-json\/wp\/v2\/posts\/36798","targetHints":{"allow":["GET"]}}],"collection":[{"href":"https:\/\/www.bellunopress.it\/fr\/wp-json\/wp\/v2\/posts"}],"about":[{"href":"https:\/\/www.bellunopress.it\/fr\/wp-json\/wp\/v2\/types\/post"}],"author":[{"embeddable":true,"href":"https:\/\/www.bellunopress.it\/fr\/wp-json\/wp\/v2\/users\/2"}],"replies":[{"embeddable":true,"href":"https:\/\/www.bellunopress.it\/fr\/wp-json\/wp\/v2\/comments?post=36798"}],"version-history":[{"count":2,"href":"https:\/\/www.bellunopress.it\/fr\/wp-json\/wp\/v2\/posts\/36798\/revisions"}],"predecessor-version":[{"id":36800,"href":"https:\/\/www.bellunopress.it\/fr\/wp-json\/wp\/v2\/posts\/36798\/revisions\/36800"}],"wp:attachment":[{"href":"https:\/\/www.bellunopress.it\/fr\/wp-json\/wp\/v2\/media?parent=36798"}],"wp:term":[{"taxonomy":"category","embeddable":true,"href":"https:\/\/www.bellunopress.it\/fr\/wp-json\/wp\/v2\/categories?post=36798"},{"taxonomy":"post_tag","embeddable":true,"href":"https:\/\/www.bellunopress.it\/fr\/wp-json\/wp\/v2\/tags?post=36798"}],"curies":[{"name":"wp","href":"https:\/\/api.w.org\/{rel}","templated":true}]}}