{"id":36795,"date":"2012-04-09T19:37:35","date_gmt":"2012-04-09T18:37:35","guid":{"rendered":"http:\/\/www.bellunopress.it\/?p=36795"},"modified":"2012-04-09T19:37:35","modified_gmt":"2012-04-09T18:37:35","slug":"il-nuovo-consulente-della-fondazione-teatri-avvia-gli-incontri-per-la-stagione-20122013","status":"publish","type":"post","link":"https:\/\/www.bellunopress.it\/fr\/2012\/04\/09\/il-nuovo-consulente-della-fondazione-teatri-avvia-gli-incontri-per-la-stagione-20122013\/","title":{"rendered":"Il nuovo consulente della Fondazione teatri avvia gli incontri per la stagione 2012\/2013"},"content":{"rendered":"<figure id=\"attachment_36519\" aria-describedby=\"caption-attachment-36519\" style=\"width: 276px\" class=\"wp-caption alignleft\"><a href=\"http:\/\/www.bellunopress.it\/wp-content\/uploads\/2012\/04\/diego-mattiello.jpg\"><img loading=\"lazy\" decoding=\"async\" class=\"size-full wp-image-36519\" title=\"diego mattiello\" src=\"http:\/\/www.bellunopress.it\/wp-content\/uploads\/2012\/04\/diego-mattiello.jpg\" alt=\"\" width=\"276\" height=\"280\" \/><\/a><figcaption id=\"caption-attachment-36519\" class=\"wp-caption-text\">Diego Mattiello<\/figcaption><\/figure>\n<p>Dopo la nomina di Diego Mattiello a &#8220;consulente per la direzione&#8221;, deliberata lo scorso venerd\u00ec 30 marzo dal Consiglio di gestione di Fondazione teatri delle Dolomiti,\u00a0su proposta del presidente Cesare Zaccone,\u00a0come primo atto del rinnovato direttivo \u00e8 stata incontrata la compagnia teatrale Tib e le altre organizzazioni che storicamente utilizzano il Teatro Comunale.\u00a0 A quattro giorni dal primo incontro, venerd\u00ec 6 aprile, Mattiello ha nuovamente incontrato singolarmente nella sede della Fondazione gli stessi soggetti al fine di approfondire le singole esigenze e creare le basi di una futura collaborazione a sostegno delle stesse organizzazioni culturali, ciascuna come parte attiva che valorizza le finalit\u00e0 della Fondazione Teatri delle Dolomiti. Proprio dalla collaborazione con le organizzazioni culturali operanti nel territorio, sta prendendo corpo il Cartellone per la stagione 2012\/2013, che vedr\u00e0 una sinergia di intenti a vantaggio dell\u2019offerta culturale cittadina e una promozione condivisa delle attivit\u00e0 di ciascuno tendendo ad ottimizzare le spese. La bozza del Cartellone della Fondazione Teatri delle Dolomiti prende forma con spettacoli del circuito nazionale che riguardano le differenti forme di espressione artistica con la dovuta attenzione alle scuole: tutte attivit\u00e0 culturali ed educative che da anni riscuotono grande successo in Italia e all&#8217;estero. Marted\u00ec 10 aprile\u00a0Mattiello sar\u00e0 di nuovo a Belluno per incontrare altri sodalizi tra cui la direttrice della Scuola di Musica Miari e promuovere un progetto musicale con gli studenti per l&#8217;estate 2013 che avr\u00e0 significativi riflessi anche sul turismo e sull&#8217;economia locale.<\/p>\n<figure id=\"attachment_36031\" aria-describedby=\"caption-attachment-36031\" style=\"width: 125px\" class=\"wp-caption alignleft\"><a href=\"http:\/\/www.bellunopress.it\/wp-content\/uploads\/2012\/03\/zaccone.jpg\"><img loading=\"lazy\" decoding=\"async\" class=\"size-full wp-image-36031\" title=\"zaccone\" src=\"http:\/\/www.bellunopress.it\/wp-content\/uploads\/2012\/03\/zaccone.jpg\" alt=\"\" width=\"125\" height=\"150\" \/><\/a><figcaption id=\"caption-attachment-36031\" class=\"wp-caption-text\">Cesare Zaccone<\/figcaption><\/figure>\n<p>Gli sforzi dell\u2019esecutivo della Fondazione Teatri sono quindi indirizzati al Cartellone del Teatro Comunale di Belluno per la stagione 2012-13, che comprender\u00e0, per la prima volta, iniziative e spettacoli promossi ed organizzati direttamente dalla Fondazione stessa, alcuni in collaborazione con le organizzazioni del territorio bellunese, altri organizzati autonomamente dai singoli operatori culturali. \u201cTengo a sottolineare &#8211; afferma il presidente Zaccone \u2013 che con questa impostazione potremo avere un Cartellone unico per tutte le attivit\u00e0 organizzate dalla Fondazione. Saranno protagonisti artisti bellunesi e veneti, che si sono affermati in campo internazionale in grado di dare lustro al nostro Paese e nel mondo e che meritano una particolare attenzione. Questa sar\u00e0 una delle priorit\u00e0 nella realizzazione del prossimo cartellone.\u201d<\/p>\n<p>Con lo stesso metodo e con la stessa disponibilit\u00e0 del nuovo consulente alla direzione, la Fondazione Teatri intende promuovere la propria attivit\u00e0 in tutta la provincia ed, a tempo debito, realizzare uno specifico incontro con la citt\u00e0 di Feltre per incontrare le associazioni del settore, e per valutare, con analoghe tipologie di collaborazione, la presenza di risorse umane ed artistiche locali da valorizzare in un ambizioso progetto culturale che, partendo da Belluno e Feltre, per gradi, dovr\u00e0 espandersi a tutta la provincia.<\/p>\n<p>&nbsp;<\/p>\n<p>&nbsp;<\/p>\n<p>&nbsp;<\/p>\n<p>&nbsp;<\/p>","protected":false},"excerpt":{"rendered":"<p>Dopo la nomina di Diego Mattiello a &#8220;consulente per la direzione&#8221;, deliberata lo scorso venerd\u00ec 30 marzo dal Consiglio di gestione di Fondazione teatri delle Dolomiti,\u00a0su proposta del presidente Cesare Zaccone,\u00a0come primo atto del rinnovato direttivo \u00e8 stata incontrata la compagnia teatrale Tib e le altre organizzazioni che storicamente utilizzano il Teatro Comunale.\u00a0 A quattro [&hellip;]<\/p>\n","protected":false},"author":2,"featured_media":0,"comment_status":"closed","ping_status":"open","sticky":false,"template":"","format":"standard","meta":{"footnotes":""},"categories":[3,26],"tags":[],"class_list":["post-36795","post","type-post","status-publish","format-standard","category-arte-cultura-spettacoli-scienza-archivi","category-prima-pagina"],"yoast_head":"<!-- This site is optimized with the Yoast SEO plugin v28.4 - https:\/\/yoast.com\/product\/yoast-seo-wordpress\/ -->\n<title>Il nuovo consulente della Fondazione teatri avvia gli incontri per la stagione 2012\/2013 - Bellunopress - Dolomiti<\/title>\n<meta name=\"robots\" content=\"index, follow, max-snippet:-1, max-image-preview:large, max-video-preview:-1\" \/>\n<link rel=\"canonical\" href=\"https:\/\/www.bellunopress.it\/fr\/2012\/04\/09\/il-nuovo-consulente-della-fondazione-teatri-avvia-gli-incontri-per-la-stagione-20122013\/\" \/>\n<meta property=\"og:locale\" content=\"fr_FR\" \/>\n<meta property=\"og:type\" content=\"article\" \/>\n<meta property=\"og:title\" content=\"Il nuovo consulente della Fondazione teatri avvia gli incontri per la stagione 2012\/2013 - Bellunopress - Dolomiti\" \/>\n<meta property=\"og:description\" content=\"Dopo la nomina di Diego Mattiello a &#8220;consulente per la direzione&#8221;, deliberata lo scorso venerd\u00ec 30 marzo dal Consiglio di gestione di Fondazione teatri delle Dolomiti,\u00a0su proposta del presidente Cesare Zaccone,\u00a0come primo atto del rinnovato direttivo \u00e8 stata incontrata la compagnia teatrale Tib e le altre organizzazioni che storicamente utilizzano il Teatro Comunale.\u00a0 A quattro [&hellip;]\" \/>\n<meta property=\"og:url\" content=\"https:\/\/www.bellunopress.it\/fr\/2012\/04\/09\/il-nuovo-consulente-della-fondazione-teatri-avvia-gli-incontri-per-la-stagione-20122013\/\" \/>\n<meta property=\"og:site_name\" content=\"Bellunopress - Dolomiti\" \/>\n<meta property=\"article:publisher\" content=\"https:\/\/www.facebook.com\/profile.php?id=100008943462799\" \/>\n<meta property=\"article:published_time\" content=\"2012-04-09T18:37:35+00:00\" \/>\n<meta property=\"og:image\" content=\"http:\/\/www.bellunopress.it\/wp-content\/uploads\/2012\/04\/diego-mattiello.jpg\" \/>\n<meta name=\"author\" content=\"redazione\" \/>\n<meta name=\"twitter:card\" content=\"summary_large_image\" \/>\n<meta name=\"twitter:creator\" content=\"@bellunopress\" \/>\n<meta name=\"twitter:site\" content=\"@bellunopress\" \/>\n<meta name=\"twitter:label1\" content=\"\u00c9crit par\" \/>\n\t<meta name=\"twitter:data1\" content=\"redazione\" \/>\n\t<meta name=\"twitter:label2\" content=\"Dur\u00e9e de lecture estim\u00e9e\" \/>\n\t<meta name=\"twitter:data2\" content=\"2 minutes\" \/>\n<script type=\"application\/ld+json\" class=\"yoast-schema-graph\">{\"@context\":\"https:\\\/\\\/schema.org\",\"@graph\":[{\"@type\":\"Article\",\"@id\":\"https:\\\/\\\/www.bellunopress.it\\\/2012\\\/04\\\/09\\\/il-nuovo-consulente-della-fondazione-teatri-avvia-gli-incontri-per-la-stagione-20122013\\\/#article\",\"isPartOf\":{\"@id\":\"https:\\\/\\\/www.bellunopress.it\\\/2012\\\/04\\\/09\\\/il-nuovo-consulente-della-fondazione-teatri-avvia-gli-incontri-per-la-stagione-20122013\\\/\"},\"author\":{\"name\":\"redazione\",\"@id\":\"https:\\\/\\\/www.bellunopress.it\\\/#\\\/schema\\\/person\\\/79bb06722b37ece1c03d3e94beb30d73\"},\"headline\":\"Il nuovo consulente della Fondazione teatri avvia gli incontri per la stagione 2012\\\/2013\",\"datePublished\":\"2012-04-09T18:37:35+00:00\",\"mainEntityOfPage\":{\"@id\":\"https:\\\/\\\/www.bellunopress.it\\\/2012\\\/04\\\/09\\\/il-nuovo-consulente-della-fondazione-teatri-avvia-gli-incontri-per-la-stagione-20122013\\\/\"},\"wordCount\":474,\"publisher\":{\"@id\":\"https:\\\/\\\/www.bellunopress.it\\\/#organization\"},\"image\":{\"@id\":\"https:\\\/\\\/www.bellunopress.it\\\/2012\\\/04\\\/09\\\/il-nuovo-consulente-della-fondazione-teatri-avvia-gli-incontri-per-la-stagione-20122013\\\/#primaryimage\"},\"thumbnailUrl\":\"http:\\\/\\\/www.bellunopress.it\\\/wp-content\\\/uploads\\\/2012\\\/04\\\/diego-mattiello.jpg\",\"articleSection\":[\"Arte, Cultura, Spettacoli, Scienza\",\"Prima Pagina\"],\"inLanguage\":\"fr-FR\"},{\"@type\":\"WebPage\",\"@id\":\"https:\\\/\\\/www.bellunopress.it\\\/2012\\\/04\\\/09\\\/il-nuovo-consulente-della-fondazione-teatri-avvia-gli-incontri-per-la-stagione-20122013\\\/\",\"url\":\"https:\\\/\\\/www.bellunopress.it\\\/2012\\\/04\\\/09\\\/il-nuovo-consulente-della-fondazione-teatri-avvia-gli-incontri-per-la-stagione-20122013\\\/\",\"name\":\"Il nuovo consulente della Fondazione teatri avvia gli incontri per la stagione 2012\\\/2013 - Bellunopress - Dolomiti\",\"isPartOf\":{\"@id\":\"https:\\\/\\\/www.bellunopress.it\\\/#website\"},\"primaryImageOfPage\":{\"@id\":\"https:\\\/\\\/www.bellunopress.it\\\/2012\\\/04\\\/09\\\/il-nuovo-consulente-della-fondazione-teatri-avvia-gli-incontri-per-la-stagione-20122013\\\/#primaryimage\"},\"image\":{\"@id\":\"https:\\\/\\\/www.bellunopress.it\\\/2012\\\/04\\\/09\\\/il-nuovo-consulente-della-fondazione-teatri-avvia-gli-incontri-per-la-stagione-20122013\\\/#primaryimage\"},\"thumbnailUrl\":\"http:\\\/\\\/www.bellunopress.it\\\/wp-content\\\/uploads\\\/2012\\\/04\\\/diego-mattiello.jpg\",\"datePublished\":\"2012-04-09T18:37:35+00:00\",\"breadcrumb\":{\"@id\":\"https:\\\/\\\/www.bellunopress.it\\\/2012\\\/04\\\/09\\\/il-nuovo-consulente-della-fondazione-teatri-avvia-gli-incontri-per-la-stagione-20122013\\\/#breadcrumb\"},\"inLanguage\":\"fr-FR\",\"potentialAction\":[{\"@type\":\"ReadAction\",\"target\":[\"https:\\\/\\\/www.bellunopress.it\\\/2012\\\/04\\\/09\\\/il-nuovo-consulente-della-fondazione-teatri-avvia-gli-incontri-per-la-stagione-20122013\\\/\"]}]},{\"@type\":\"ImageObject\",\"inLanguage\":\"fr-FR\",\"@id\":\"https:\\\/\\\/www.bellunopress.it\\\/2012\\\/04\\\/09\\\/il-nuovo-consulente-della-fondazione-teatri-avvia-gli-incontri-per-la-stagione-20122013\\\/#primaryimage\",\"url\":\"http:\\\/\\\/www.bellunopress.it\\\/wp-content\\\/uploads\\\/2012\\\/04\\\/diego-mattiello.jpg\",\"contentUrl\":\"http:\\\/\\\/www.bellunopress.it\\\/wp-content\\\/uploads\\\/2012\\\/04\\\/diego-mattiello.jpg\"},{\"@type\":\"BreadcrumbList\",\"@id\":\"https:\\\/\\\/www.bellunopress.it\\\/2012\\\/04\\\/09\\\/il-nuovo-consulente-della-fondazione-teatri-avvia-gli-incontri-per-la-stagione-20122013\\\/#breadcrumb\",\"itemListElement\":[{\"@type\":\"ListItem\",\"position\":1,\"name\":\"Home\",\"item\":\"https:\\\/\\\/www.bellunopress.it\\\/\"},{\"@type\":\"ListItem\",\"position\":2,\"name\":\"Il nuovo consulente della Fondazione teatri avvia gli incontri per la stagione 2012\\\/2013\"}]},{\"@type\":\"WebSite\",\"@id\":\"https:\\\/\\\/www.bellunopress.it\\\/#website\",\"url\":\"https:\\\/\\\/www.bellunopress.it\\\/\",\"name\":\"Bellunopress - Dolomiti\",\"description\":\"e-mail: redazione@bellunopress.it\",\"publisher\":{\"@id\":\"https:\\\/\\\/www.bellunopress.it\\\/#organization\"},\"potentialAction\":[{\"@type\":\"SearchAction\",\"target\":{\"@type\":\"EntryPoint\",\"urlTemplate\":\"https:\\\/\\\/www.bellunopress.it\\\/?s={search_term_string}\"},\"query-input\":{\"@type\":\"PropertyValueSpecification\",\"valueRequired\":true,\"valueName\":\"search_term_string\"}}],\"inLanguage\":\"fr-FR\"},{\"@type\":\"Organization\",\"@id\":\"https:\\\/\\\/www.bellunopress.it\\\/#organization\",\"name\":\"Bellunopress\",\"url\":\"https:\\\/\\\/www.bellunopress.it\\\/\",\"logo\":{\"@type\":\"ImageObject\",\"inLanguage\":\"fr-FR\",\"@id\":\"https:\\\/\\\/www.bellunopress.it\\\/#\\\/schema\\\/logo\\\/image\\\/\",\"url\":\"https:\\\/\\\/www.bellunopress.it\\\/wp-content\\\/uploads\\\/2011\\\/05\\\/cropped-logo-bellunopress-.jpg\",\"contentUrl\":\"https:\\\/\\\/www.bellunopress.it\\\/wp-content\\\/uploads\\\/2011\\\/05\\\/cropped-logo-bellunopress-.jpg\",\"width\":512,\"height\":512,\"caption\":\"Bellunopress\"},\"image\":{\"@id\":\"https:\\\/\\\/www.bellunopress.it\\\/#\\\/schema\\\/logo\\\/image\\\/\"},\"sameAs\":[\"https:\\\/\\\/www.facebook.com\\\/profile.php?id=100008943462799\",\"https:\\\/\\\/x.com\\\/bellunopress\",\"https:\\\/\\\/www.linkedin.com\\\/hp\\\/?dnr=JBzUWaJfMUw8vbXJJ2tVW5-I3jZKvC4wsoxE&amp;amp;amp;amp;amp;amp;trk=nav_responsive_tab_home\",\"https:\\\/\\\/www.youtube.com\\\/channel\\\/UCxL0wu1uN0_3_7hGG0306cw\"]},{\"@type\":\"Person\",\"@id\":\"https:\\\/\\\/www.bellunopress.it\\\/#\\\/schema\\\/person\\\/79bb06722b37ece1c03d3e94beb30d73\",\"name\":\"redazione\",\"image\":{\"@type\":\"ImageObject\",\"inLanguage\":\"fr-FR\",\"@id\":\"https:\\\/\\\/secure.gravatar.com\\\/avatar\\\/37d968a2e67a6fd04c169c4bdef102d0bc5d31b2546345219e348575eb80e9a0?s=96&d=mm&r=g\",\"url\":\"https:\\\/\\\/secure.gravatar.com\\\/avatar\\\/37d968a2e67a6fd04c169c4bdef102d0bc5d31b2546345219e348575eb80e9a0?s=96&d=mm&r=g\",\"contentUrl\":\"https:\\\/\\\/secure.gravatar.com\\\/avatar\\\/37d968a2e67a6fd04c169c4bdef102d0bc5d31b2546345219e348575eb80e9a0?s=96&d=mm&r=g\",\"caption\":\"redazione\"},\"sameAs\":[\"http:\\\/\\\/www.bellunopress.it\",\"https:\\\/\\\/x.com\\\/bellunopress\"],\"url\":\"https:\\\/\\\/www.bellunopress.it\\\/fr\\\/author\\\/redazione\\\/\"}]}<\/script>\n<!-- \/ Yoast SEO plugin. -->","yoast_head_json":{"title":"Il nuovo consulente della Fondazione teatri avvia gli incontri per la stagione 2012\/2013 - Bellunopress - Dolomiti","robots":{"index":"index","follow":"follow","max-snippet":"max-snippet:-1","max-image-preview":"max-image-preview:large","max-video-preview":"max-video-preview:-1"},"canonical":"https:\/\/www.bellunopress.it\/fr\/2012\/04\/09\/il-nuovo-consulente-della-fondazione-teatri-avvia-gli-incontri-per-la-stagione-20122013\/","og_locale":"fr_FR","og_type":"article","og_title":"Il nuovo consulente della Fondazione teatri avvia gli incontri per la stagione 2012\/2013 - Bellunopress - Dolomiti","og_description":"Dopo la nomina di Diego Mattiello a &#8220;consulente per la direzione&#8221;, deliberata lo scorso venerd\u00ec 30 marzo dal Consiglio di gestione di Fondazione teatri delle Dolomiti,\u00a0su proposta del presidente Cesare Zaccone,\u00a0come primo atto del rinnovato direttivo \u00e8 stata incontrata la compagnia teatrale Tib e le altre organizzazioni che storicamente utilizzano il Teatro Comunale.\u00a0 A quattro [&hellip;]","og_url":"https:\/\/www.bellunopress.it\/fr\/2012\/04\/09\/il-nuovo-consulente-della-fondazione-teatri-avvia-gli-incontri-per-la-stagione-20122013\/","og_site_name":"Bellunopress - Dolomiti","article_publisher":"https:\/\/www.facebook.com\/profile.php?id=100008943462799","article_published_time":"2012-04-09T18:37:35+00:00","og_image":[{"url":"http:\/\/www.bellunopress.it\/wp-content\/uploads\/2012\/04\/diego-mattiello.jpg","type":"","width":"","height":""}],"author":"redazione","twitter_card":"summary_large_image","twitter_creator":"@bellunopress","twitter_site":"@bellunopress","twitter_misc":{"\u00c9crit par":"redazione","Dur\u00e9e de lecture estim\u00e9e":"2 minutes"},"schema":{"@context":"https:\/\/schema.org","@graph":[{"@type":"Article","@id":"https:\/\/www.bellunopress.it\/2012\/04\/09\/il-nuovo-consulente-della-fondazione-teatri-avvia-gli-incontri-per-la-stagione-20122013\/#article","isPartOf":{"@id":"https:\/\/www.bellunopress.it\/2012\/04\/09\/il-nuovo-consulente-della-fondazione-teatri-avvia-gli-incontri-per-la-stagione-20122013\/"},"author":{"name":"redazione","@id":"https:\/\/www.bellunopress.it\/#\/schema\/person\/79bb06722b37ece1c03d3e94beb30d73"},"headline":"Il nuovo consulente della Fondazione teatri avvia gli incontri per la stagione 2012\/2013","datePublished":"2012-04-09T18:37:35+00:00","mainEntityOfPage":{"@id":"https:\/\/www.bellunopress.it\/2012\/04\/09\/il-nuovo-consulente-della-fondazione-teatri-avvia-gli-incontri-per-la-stagione-20122013\/"},"wordCount":474,"publisher":{"@id":"https:\/\/www.bellunopress.it\/#organization"},"image":{"@id":"https:\/\/www.bellunopress.it\/2012\/04\/09\/il-nuovo-consulente-della-fondazione-teatri-avvia-gli-incontri-per-la-stagione-20122013\/#primaryimage"},"thumbnailUrl":"http:\/\/www.bellunopress.it\/wp-content\/uploads\/2012\/04\/diego-mattiello.jpg","articleSection":["Arte, Cultura, Spettacoli, Scienza","Prima Pagina"],"inLanguage":"fr-FR"},{"@type":"WebPage","@id":"https:\/\/www.bellunopress.it\/2012\/04\/09\/il-nuovo-consulente-della-fondazione-teatri-avvia-gli-incontri-per-la-stagione-20122013\/","url":"https:\/\/www.bellunopress.it\/2012\/04\/09\/il-nuovo-consulente-della-fondazione-teatri-avvia-gli-incontri-per-la-stagione-20122013\/","name":"Il nuovo consulente della Fondazione teatri avvia gli incontri per la stagione 2012\/2013 - Bellunopress - Dolomiti","isPartOf":{"@id":"https:\/\/www.bellunopress.it\/#website"},"primaryImageOfPage":{"@id":"https:\/\/www.bellunopress.it\/2012\/04\/09\/il-nuovo-consulente-della-fondazione-teatri-avvia-gli-incontri-per-la-stagione-20122013\/#primaryimage"},"image":{"@id":"https:\/\/www.bellunopress.it\/2012\/04\/09\/il-nuovo-consulente-della-fondazione-teatri-avvia-gli-incontri-per-la-stagione-20122013\/#primaryimage"},"thumbnailUrl":"http:\/\/www.bellunopress.it\/wp-content\/uploads\/2012\/04\/diego-mattiello.jpg","datePublished":"2012-04-09T18:37:35+00:00","breadcrumb":{"@id":"https:\/\/www.bellunopress.it\/2012\/04\/09\/il-nuovo-consulente-della-fondazione-teatri-avvia-gli-incontri-per-la-stagione-20122013\/#breadcrumb"},"inLanguage":"fr-FR","potentialAction":[{"@type":"ReadAction","target":["https:\/\/www.bellunopress.it\/2012\/04\/09\/il-nuovo-consulente-della-fondazione-teatri-avvia-gli-incontri-per-la-stagione-20122013\/"]}]},{"@type":"ImageObject","inLanguage":"fr-FR","@id":"https:\/\/www.bellunopress.it\/2012\/04\/09\/il-nuovo-consulente-della-fondazione-teatri-avvia-gli-incontri-per-la-stagione-20122013\/#primaryimage","url":"http:\/\/www.bellunopress.it\/wp-content\/uploads\/2012\/04\/diego-mattiello.jpg","contentUrl":"http:\/\/www.bellunopress.it\/wp-content\/uploads\/2012\/04\/diego-mattiello.jpg"},{"@type":"BreadcrumbList","@id":"https:\/\/www.bellunopress.it\/2012\/04\/09\/il-nuovo-consulente-della-fondazione-teatri-avvia-gli-incontri-per-la-stagione-20122013\/#breadcrumb","itemListElement":[{"@type":"ListItem","position":1,"name":"Home","item":"https:\/\/www.bellunopress.it\/"},{"@type":"ListItem","position":2,"name":"Il nuovo consulente della Fondazione teatri avvia gli incontri per la stagione 2012\/2013"}]},{"@type":"WebSite","@id":"https:\/\/www.bellunopress.it\/#website","url":"https:\/\/www.bellunopress.it\/","name":"Bellunopress - Dolomiti","description":"e-mail: redazione@bellunopress.it","publisher":{"@id":"https:\/\/www.bellunopress.it\/#organization"},"potentialAction":[{"@type":"SearchAction","target":{"@type":"EntryPoint","urlTemplate":"https:\/\/www.bellunopress.it\/?s={search_term_string}"},"query-input":{"@type":"PropertyValueSpecification","valueRequired":true,"valueName":"search_term_string"}}],"inLanguage":"fr-FR"},{"@type":"Organization","@id":"https:\/\/www.bellunopress.it\/#organization","name":"Bellunopress","url":"https:\/\/www.bellunopress.it\/","logo":{"@type":"ImageObject","inLanguage":"fr-FR","@id":"https:\/\/www.bellunopress.it\/#\/schema\/logo\/image\/","url":"https:\/\/www.bellunopress.it\/wp-content\/uploads\/2011\/05\/cropped-logo-bellunopress-.jpg","contentUrl":"https:\/\/www.bellunopress.it\/wp-content\/uploads\/2011\/05\/cropped-logo-bellunopress-.jpg","width":512,"height":512,"caption":"Bellunopress"},"image":{"@id":"https:\/\/www.bellunopress.it\/#\/schema\/logo\/image\/"},"sameAs":["https:\/\/www.facebook.com\/profile.php?id=100008943462799","https:\/\/x.com\/bellunopress","https:\/\/www.linkedin.com\/hp\/?dnr=JBzUWaJfMUw8vbXJJ2tVW5-I3jZKvC4wsoxE&amp;amp;amp;amp;amp;amp;trk=nav_responsive_tab_home","https:\/\/www.youtube.com\/channel\/UCxL0wu1uN0_3_7hGG0306cw"]},{"@type":"Person","@id":"https:\/\/www.bellunopress.it\/#\/schema\/person\/79bb06722b37ece1c03d3e94beb30d73","name":"r\u00e9daction","image":{"@type":"ImageObject","inLanguage":"fr-FR","@id":"https:\/\/secure.gravatar.com\/avatar\/37d968a2e67a6fd04c169c4bdef102d0bc5d31b2546345219e348575eb80e9a0?s=96&d=mm&r=g","url":"https:\/\/secure.gravatar.com\/avatar\/37d968a2e67a6fd04c169c4bdef102d0bc5d31b2546345219e348575eb80e9a0?s=96&d=mm&r=g","contentUrl":"https:\/\/secure.gravatar.com\/avatar\/37d968a2e67a6fd04c169c4bdef102d0bc5d31b2546345219e348575eb80e9a0?s=96&d=mm&r=g","caption":"redazione"},"sameAs":["http:\/\/www.bellunopress.it","https:\/\/x.com\/bellunopress"],"url":"https:\/\/www.bellunopress.it\/fr\/author\/redazione\/"}]}},"_links":{"self":[{"href":"https:\/\/www.bellunopress.it\/fr\/wp-json\/wp\/v2\/posts\/36795","targetHints":{"allow":["GET"]}}],"collection":[{"href":"https:\/\/www.bellunopress.it\/fr\/wp-json\/wp\/v2\/posts"}],"about":[{"href":"https:\/\/www.bellunopress.it\/fr\/wp-json\/wp\/v2\/types\/post"}],"author":[{"embeddable":true,"href":"https:\/\/www.bellunopress.it\/fr\/wp-json\/wp\/v2\/users\/2"}],"replies":[{"embeddable":true,"href":"https:\/\/www.bellunopress.it\/fr\/wp-json\/wp\/v2\/comments?post=36795"}],"version-history":[{"count":2,"href":"https:\/\/www.bellunopress.it\/fr\/wp-json\/wp\/v2\/posts\/36795\/revisions"}],"predecessor-version":[{"id":36797,"href":"https:\/\/www.bellunopress.it\/fr\/wp-json\/wp\/v2\/posts\/36795\/revisions\/36797"}],"wp:attachment":[{"href":"https:\/\/www.bellunopress.it\/fr\/wp-json\/wp\/v2\/media?parent=36795"}],"wp:term":[{"taxonomy":"category","embeddable":true,"href":"https:\/\/www.bellunopress.it\/fr\/wp-json\/wp\/v2\/categories?post=36795"},{"taxonomy":"post_tag","embeddable":true,"href":"https:\/\/www.bellunopress.it\/fr\/wp-json\/wp\/v2\/tags?post=36795"}],"curies":[{"name":"wp","href":"https:\/\/api.w.org\/{rel}","templated":true}]}}