{"id":35450,"date":"2012-02-27T08:44:10","date_gmt":"2012-02-27T07:44:10","guid":{"rendered":"http:\/\/www.bellunopress.it\/?p=35450"},"modified":"2012-02-27T08:44:49","modified_gmt":"2012-02-27T07:44:49","slug":"quanto-conta-per-un-leader-politico-la-presenza-sui-network-venerdi-alla-llbreria-mondolibri-incontro-con-francesco-pira","status":"publish","type":"post","link":"https:\/\/www.bellunopress.it\/fr\/2012\/02\/27\/quanto-conta-per-un-leader-politico-la-presenza-sui-network-venerdi-alla-llbreria-mondolibri-incontro-con-francesco-pira\/","title":{"rendered":"Quanto conta per un leader politico la presenza sui network? Venerd\u00ec alla libreria Mondolibri incontro con Francesco Pira"},"content":{"rendered":"<p>Percorso letterario nel mondo della comunicazione. Libreria \u00abMondoLibri\u00bb Via Mezzaterra &#8211; Belluno Venerd\u00ec 2 marzo 2012, ore 18.15 Francesco Pira presenta \u00abLa net comunicazione politica\u00bb Partiti, movimenti e cittadini-elettori nell\u2019era dei social network<\/p>\n<p><a href=\"http:\/\/www.bellunopress.it\/wp-content\/uploads\/2012\/02\/libreria-mondolibri.jpg\"><img loading=\"lazy\" decoding=\"async\" class=\"alignleft size-full wp-image-35451\" title=\"libreria mondolibri\" src=\"http:\/\/www.bellunopress.it\/wp-content\/uploads\/2012\/02\/libreria-mondolibri.jpg\" alt=\"\" width=\"160\" height=\"138\" \/><\/a>Quanto conta per un leader politico la presenza su Facebook e Youtube? Come riesce un candidato a promuovere le sue idee e i suoi valori attraverso un gruppo di consenso su un social network? Come si possono promuovere culture partecipative attraverso concrete competenze digitali? E qual \u00e8 e deve essere il ruolo dei cittadini-elettori chiamati ad essere protagonisti del loro tempo trasformandosi da immigrati digitali a veri produttori di contenuti per sfidare la tecno-classe politica? Il volume intende rispondere a queste domande partendo dal concetto di comunicazione politica in piena trasformazione e in rapida evoluzione: da volantini, manifesti, comizi e cene ai pi\u00f9 veloci ma non meno rischiosi blog, portali, Facebook e Youtube, e quindi alla comunicazione politica integrata: una sorta di viaggio dalle vecchie alle nuove tecniche di comunicazione virale per comprendere processi di questo nuovo aspetto della sociologia della comunicazione. La rete si presenta come lo strumento di interconnessione tra mondi che sembrano davvero lontani: la politica e il cittadino: dall\u2019esperienza americana di Barack Obama a quella italiana del Popolo Viola e dei Grillini, deputati, senatori e rappresentanti del Governo presenti sui Social Network. Facebook e Youtube sono studiati per comprendere quanto aiutano la protesta e la proposta tra prepolitica, subpolitica e antipolitica: la rete pu\u00f2 servire alla politica per esprimere pensieri e posizioni o rischia di diventare un innovativo mezzo di propaganda? Per la politica italiana \u00e8 una nuova sfida che merita ricerche e approfondimenti. Francesco Pira insegna Teoria e tecniche delle relazioni pubbliche e Comunicazione integrata per le imprese e le istituzioni presso il Corso di laurea in Relazioni pubbliche dell\u2019Universit\u00e0 di Udine, dove \u00e8 ricercatore in Sociologia dei processi culturali e comunicativi presso la Facolt\u00e0 di Lingue e Letterature straniere. \u00c8 giornalista e consigliere nazionale dell\u2019Associazione italiana della Comunicazione pubblica. Per i nostri tipi ha pubblicato Di fronte al cittadino (2000), La nuova comunicazione politica (2007, 2a ed., con L. Gaudiano), Come comunicare il sociale (2005), Infanzia, media e nuove tecnologie (2007, con V. Marrali), Come dire qualcosa di sinistra. Da Blair a Obama, dalla Terza Via al Presidente Youtube(2009).<\/p>","protected":false},"excerpt":{"rendered":"<p>Percorso letterario nel mondo della comunicazione. Libreria \u00abMondoLibri\u00bb Via Mezzaterra &#8211; Belluno Venerd\u00ec 2 marzo 2012, ore 18.15 Francesco Pira presenta \u00abLa net comunicazione politica\u00bb Partiti, movimenti e cittadini-elettori nell\u2019era dei social network Quanto conta per un leader politico la presenza su Facebook e Youtube? Come riesce un candidato a promuovere le sue idee e [&hellip;]<\/p>\n","protected":false},"author":2,"featured_media":0,"comment_status":"closed","ping_status":"open","sticky":false,"template":"","format":"standard","meta":{"footnotes":""},"categories":[27,25],"tags":[],"class_list":["post-35450","post","type-post","status-publish","format-standard","category-appuntamenti","category-pausa-caffe"],"yoast_head":"<!-- This site is optimized with the Yoast SEO plugin v28.4 - https:\/\/yoast.com\/product\/yoast-seo-wordpress\/ -->\n<title>Quanto conta per un leader politico la presenza sui network? Venerd\u00ec alla libreria Mondolibri incontro con Francesco Pira - Bellunopress - Dolomiti<\/title>\n<meta name=\"robots\" content=\"index, follow, max-snippet:-1, max-image-preview:large, max-video-preview:-1\" \/>\n<link rel=\"canonical\" href=\"https:\/\/www.bellunopress.it\/fr\/2012\/02\/27\/quanto-conta-per-un-leader-politico-la-presenza-sui-network-venerdi-alla-llbreria-mondolibri-incontro-con-francesco-pira\/\" \/>\n<meta property=\"og:locale\" content=\"fr_FR\" \/>\n<meta property=\"og:type\" content=\"article\" \/>\n<meta property=\"og:title\" content=\"Quanto conta per un leader politico la presenza sui network? Venerd\u00ec alla libreria Mondolibri incontro con Francesco Pira - Bellunopress - Dolomiti\" \/>\n<meta property=\"og:description\" content=\"Percorso letterario nel mondo della comunicazione. Libreria \u00abMondoLibri\u00bb Via Mezzaterra &#8211; Belluno Venerd\u00ec 2 marzo 2012, ore 18.15 Francesco Pira presenta \u00abLa net comunicazione politica\u00bb Partiti, movimenti e cittadini-elettori nell\u2019era dei social network Quanto conta per un leader politico la presenza su Facebook e Youtube? Come riesce un candidato a promuovere le sue idee e [&hellip;]\" \/>\n<meta property=\"og:url\" content=\"https:\/\/www.bellunopress.it\/fr\/2012\/02\/27\/quanto-conta-per-un-leader-politico-la-presenza-sui-network-venerdi-alla-llbreria-mondolibri-incontro-con-francesco-pira\/\" \/>\n<meta property=\"og:site_name\" content=\"Bellunopress - Dolomiti\" \/>\n<meta property=\"article:publisher\" content=\"https:\/\/www.facebook.com\/profile.php?id=100008943462799\" \/>\n<meta property=\"article:published_time\" content=\"2012-02-27T07:44:10+00:00\" \/>\n<meta property=\"article:modified_time\" content=\"2012-02-27T07:44:49+00:00\" \/>\n<meta property=\"og:image\" content=\"http:\/\/www.bellunopress.it\/wp-content\/uploads\/2012\/02\/libreria-mondolibri.jpg\" \/>\n<meta name=\"author\" content=\"redazione\" \/>\n<meta name=\"twitter:card\" content=\"summary_large_image\" \/>\n<meta name=\"twitter:creator\" content=\"@bellunopress\" \/>\n<meta name=\"twitter:site\" content=\"@bellunopress\" \/>\n<meta name=\"twitter:label1\" content=\"\u00c9crit par\" \/>\n\t<meta name=\"twitter:data1\" content=\"redazione\" \/>\n\t<meta name=\"twitter:label2\" content=\"Dur\u00e9e de lecture estim\u00e9e\" \/>\n\t<meta name=\"twitter:data2\" content=\"2 minutes\" \/>\n<script type=\"application\/ld+json\" class=\"yoast-schema-graph\">{\"@context\":\"https:\\\/\\\/schema.org\",\"@graph\":[{\"@type\":\"Article\",\"@id\":\"https:\\\/\\\/www.bellunopress.it\\\/2012\\\/02\\\/27\\\/quanto-conta-per-un-leader-politico-la-presenza-sui-network-venerdi-alla-llbreria-mondolibri-incontro-con-francesco-pira\\\/#article\",\"isPartOf\":{\"@id\":\"https:\\\/\\\/www.bellunopress.it\\\/2012\\\/02\\\/27\\\/quanto-conta-per-un-leader-politico-la-presenza-sui-network-venerdi-alla-llbreria-mondolibri-incontro-con-francesco-pira\\\/\"},\"author\":{\"name\":\"redazione\",\"@id\":\"https:\\\/\\\/www.bellunopress.it\\\/#\\\/schema\\\/person\\\/79bb06722b37ece1c03d3e94beb30d73\"},\"headline\":\"Quanto conta per un leader politico la presenza sui network? Venerd\u00ec alla libreria Mondolibri incontro con Francesco Pira\",\"datePublished\":\"2012-02-27T07:44:10+00:00\",\"dateModified\":\"2012-02-27T07:44:49+00:00\",\"mainEntityOfPage\":{\"@id\":\"https:\\\/\\\/www.bellunopress.it\\\/2012\\\/02\\\/27\\\/quanto-conta-per-un-leader-politico-la-presenza-sui-network-venerdi-alla-llbreria-mondolibri-incontro-con-francesco-pira\\\/\"},\"wordCount\":389,\"publisher\":{\"@id\":\"https:\\\/\\\/www.bellunopress.it\\\/#organization\"},\"image\":{\"@id\":\"https:\\\/\\\/www.bellunopress.it\\\/2012\\\/02\\\/27\\\/quanto-conta-per-un-leader-politico-la-presenza-sui-network-venerdi-alla-llbreria-mondolibri-incontro-con-francesco-pira\\\/#primaryimage\"},\"thumbnailUrl\":\"http:\\\/\\\/www.bellunopress.it\\\/wp-content\\\/uploads\\\/2012\\\/02\\\/libreria-mondolibri.jpg\",\"articleSection\":[\"Appuntamenti, Eventi\",\"Pausa Caff\u00e8\"],\"inLanguage\":\"fr-FR\"},{\"@type\":\"WebPage\",\"@id\":\"https:\\\/\\\/www.bellunopress.it\\\/2012\\\/02\\\/27\\\/quanto-conta-per-un-leader-politico-la-presenza-sui-network-venerdi-alla-llbreria-mondolibri-incontro-con-francesco-pira\\\/\",\"url\":\"https:\\\/\\\/www.bellunopress.it\\\/2012\\\/02\\\/27\\\/quanto-conta-per-un-leader-politico-la-presenza-sui-network-venerdi-alla-llbreria-mondolibri-incontro-con-francesco-pira\\\/\",\"name\":\"Quanto conta per un leader politico la presenza sui network? Venerd\u00ec alla libreria Mondolibri incontro con Francesco Pira - Bellunopress - Dolomiti\",\"isPartOf\":{\"@id\":\"https:\\\/\\\/www.bellunopress.it\\\/#website\"},\"primaryImageOfPage\":{\"@id\":\"https:\\\/\\\/www.bellunopress.it\\\/2012\\\/02\\\/27\\\/quanto-conta-per-un-leader-politico-la-presenza-sui-network-venerdi-alla-llbreria-mondolibri-incontro-con-francesco-pira\\\/#primaryimage\"},\"image\":{\"@id\":\"https:\\\/\\\/www.bellunopress.it\\\/2012\\\/02\\\/27\\\/quanto-conta-per-un-leader-politico-la-presenza-sui-network-venerdi-alla-llbreria-mondolibri-incontro-con-francesco-pira\\\/#primaryimage\"},\"thumbnailUrl\":\"http:\\\/\\\/www.bellunopress.it\\\/wp-content\\\/uploads\\\/2012\\\/02\\\/libreria-mondolibri.jpg\",\"datePublished\":\"2012-02-27T07:44:10+00:00\",\"dateModified\":\"2012-02-27T07:44:49+00:00\",\"breadcrumb\":{\"@id\":\"https:\\\/\\\/www.bellunopress.it\\\/2012\\\/02\\\/27\\\/quanto-conta-per-un-leader-politico-la-presenza-sui-network-venerdi-alla-llbreria-mondolibri-incontro-con-francesco-pira\\\/#breadcrumb\"},\"inLanguage\":\"fr-FR\",\"potentialAction\":[{\"@type\":\"ReadAction\",\"target\":[\"https:\\\/\\\/www.bellunopress.it\\\/2012\\\/02\\\/27\\\/quanto-conta-per-un-leader-politico-la-presenza-sui-network-venerdi-alla-llbreria-mondolibri-incontro-con-francesco-pira\\\/\"]}]},{\"@type\":\"ImageObject\",\"inLanguage\":\"fr-FR\",\"@id\":\"https:\\\/\\\/www.bellunopress.it\\\/2012\\\/02\\\/27\\\/quanto-conta-per-un-leader-politico-la-presenza-sui-network-venerdi-alla-llbreria-mondolibri-incontro-con-francesco-pira\\\/#primaryimage\",\"url\":\"http:\\\/\\\/www.bellunopress.it\\\/wp-content\\\/uploads\\\/2012\\\/02\\\/libreria-mondolibri.jpg\",\"contentUrl\":\"http:\\\/\\\/www.bellunopress.it\\\/wp-content\\\/uploads\\\/2012\\\/02\\\/libreria-mondolibri.jpg\"},{\"@type\":\"BreadcrumbList\",\"@id\":\"https:\\\/\\\/www.bellunopress.it\\\/2012\\\/02\\\/27\\\/quanto-conta-per-un-leader-politico-la-presenza-sui-network-venerdi-alla-llbreria-mondolibri-incontro-con-francesco-pira\\\/#breadcrumb\",\"itemListElement\":[{\"@type\":\"ListItem\",\"position\":1,\"name\":\"Home\",\"item\":\"https:\\\/\\\/www.bellunopress.it\\\/\"},{\"@type\":\"ListItem\",\"position\":2,\"name\":\"Quanto conta per un leader politico la presenza sui network? Venerd\u00ec alla libreria Mondolibri incontro con Francesco Pira\"}]},{\"@type\":\"WebSite\",\"@id\":\"https:\\\/\\\/www.bellunopress.it\\\/#website\",\"url\":\"https:\\\/\\\/www.bellunopress.it\\\/\",\"name\":\"Bellunopress - Dolomiti\",\"description\":\"e-mail: redazione@bellunopress.it\",\"publisher\":{\"@id\":\"https:\\\/\\\/www.bellunopress.it\\\/#organization\"},\"potentialAction\":[{\"@type\":\"SearchAction\",\"target\":{\"@type\":\"EntryPoint\",\"urlTemplate\":\"https:\\\/\\\/www.bellunopress.it\\\/?s={search_term_string}\"},\"query-input\":{\"@type\":\"PropertyValueSpecification\",\"valueRequired\":true,\"valueName\":\"search_term_string\"}}],\"inLanguage\":\"fr-FR\"},{\"@type\":\"Organization\",\"@id\":\"https:\\\/\\\/www.bellunopress.it\\\/#organization\",\"name\":\"Bellunopress\",\"url\":\"https:\\\/\\\/www.bellunopress.it\\\/\",\"logo\":{\"@type\":\"ImageObject\",\"inLanguage\":\"fr-FR\",\"@id\":\"https:\\\/\\\/www.bellunopress.it\\\/#\\\/schema\\\/logo\\\/image\\\/\",\"url\":\"https:\\\/\\\/www.bellunopress.it\\\/wp-content\\\/uploads\\\/2011\\\/05\\\/cropped-logo-bellunopress-.jpg\",\"contentUrl\":\"https:\\\/\\\/www.bellunopress.it\\\/wp-content\\\/uploads\\\/2011\\\/05\\\/cropped-logo-bellunopress-.jpg\",\"width\":512,\"height\":512,\"caption\":\"Bellunopress\"},\"image\":{\"@id\":\"https:\\\/\\\/www.bellunopress.it\\\/#\\\/schema\\\/logo\\\/image\\\/\"},\"sameAs\":[\"https:\\\/\\\/www.facebook.com\\\/profile.php?id=100008943462799\",\"https:\\\/\\\/x.com\\\/bellunopress\",\"https:\\\/\\\/www.linkedin.com\\\/hp\\\/?dnr=JBzUWaJfMUw8vbXJJ2tVW5-I3jZKvC4wsoxE&amp;amp;amp;amp;amp;amp;trk=nav_responsive_tab_home\",\"https:\\\/\\\/www.youtube.com\\\/channel\\\/UCxL0wu1uN0_3_7hGG0306cw\"]},{\"@type\":\"Person\",\"@id\":\"https:\\\/\\\/www.bellunopress.it\\\/#\\\/schema\\\/person\\\/79bb06722b37ece1c03d3e94beb30d73\",\"name\":\"redazione\",\"image\":{\"@type\":\"ImageObject\",\"inLanguage\":\"fr-FR\",\"@id\":\"https:\\\/\\\/secure.gravatar.com\\\/avatar\\\/37d968a2e67a6fd04c169c4bdef102d0bc5d31b2546345219e348575eb80e9a0?s=96&d=mm&r=g\",\"url\":\"https:\\\/\\\/secure.gravatar.com\\\/avatar\\\/37d968a2e67a6fd04c169c4bdef102d0bc5d31b2546345219e348575eb80e9a0?s=96&d=mm&r=g\",\"contentUrl\":\"https:\\\/\\\/secure.gravatar.com\\\/avatar\\\/37d968a2e67a6fd04c169c4bdef102d0bc5d31b2546345219e348575eb80e9a0?s=96&d=mm&r=g\",\"caption\":\"redazione\"},\"sameAs\":[\"http:\\\/\\\/www.bellunopress.it\",\"https:\\\/\\\/x.com\\\/bellunopress\"],\"url\":\"https:\\\/\\\/www.bellunopress.it\\\/fr\\\/author\\\/redazione\\\/\"}]}<\/script>\n<!-- \/ Yoast SEO plugin. -->","yoast_head_json":{"title":"Quanto conta per un leader politico la presenza sui network? Venerd\u00ec alla libreria Mondolibri incontro con Francesco Pira - Bellunopress - Dolomiti","robots":{"index":"index","follow":"follow","max-snippet":"max-snippet:-1","max-image-preview":"max-image-preview:large","max-video-preview":"max-video-preview:-1"},"canonical":"https:\/\/www.bellunopress.it\/fr\/2012\/02\/27\/quanto-conta-per-un-leader-politico-la-presenza-sui-network-venerdi-alla-llbreria-mondolibri-incontro-con-francesco-pira\/","og_locale":"fr_FR","og_type":"article","og_title":"Quanto conta per un leader politico la presenza sui network? Venerd\u00ec alla libreria Mondolibri incontro con Francesco Pira - Bellunopress - Dolomiti","og_description":"Percorso letterario nel mondo della comunicazione. Libreria \u00abMondoLibri\u00bb Via Mezzaterra &#8211; Belluno Venerd\u00ec 2 marzo 2012, ore 18.15 Francesco Pira presenta \u00abLa net comunicazione politica\u00bb Partiti, movimenti e cittadini-elettori nell\u2019era dei social network Quanto conta per un leader politico la presenza su Facebook e Youtube? Come riesce un candidato a promuovere le sue idee e [&hellip;]","og_url":"https:\/\/www.bellunopress.it\/fr\/2012\/02\/27\/quanto-conta-per-un-leader-politico-la-presenza-sui-network-venerdi-alla-llbreria-mondolibri-incontro-con-francesco-pira\/","og_site_name":"Bellunopress - Dolomiti","article_publisher":"https:\/\/www.facebook.com\/profile.php?id=100008943462799","article_published_time":"2012-02-27T07:44:10+00:00","article_modified_time":"2012-02-27T07:44:49+00:00","og_image":[{"url":"http:\/\/www.bellunopress.it\/wp-content\/uploads\/2012\/02\/libreria-mondolibri.jpg","type":"","width":"","height":""}],"author":"redazione","twitter_card":"summary_large_image","twitter_creator":"@bellunopress","twitter_site":"@bellunopress","twitter_misc":{"\u00c9crit par":"redazione","Dur\u00e9e de lecture estim\u00e9e":"2 minutes"},"schema":{"@context":"https:\/\/schema.org","@graph":[{"@type":"Article","@id":"https:\/\/www.bellunopress.it\/2012\/02\/27\/quanto-conta-per-un-leader-politico-la-presenza-sui-network-venerdi-alla-llbreria-mondolibri-incontro-con-francesco-pira\/#article","isPartOf":{"@id":"https:\/\/www.bellunopress.it\/2012\/02\/27\/quanto-conta-per-un-leader-politico-la-presenza-sui-network-venerdi-alla-llbreria-mondolibri-incontro-con-francesco-pira\/"},"author":{"name":"redazione","@id":"https:\/\/www.bellunopress.it\/#\/schema\/person\/79bb06722b37ece1c03d3e94beb30d73"},"headline":"Quanto conta per un leader politico la presenza sui network? Venerd\u00ec alla libreria Mondolibri incontro con Francesco Pira","datePublished":"2012-02-27T07:44:10+00:00","dateModified":"2012-02-27T07:44:49+00:00","mainEntityOfPage":{"@id":"https:\/\/www.bellunopress.it\/2012\/02\/27\/quanto-conta-per-un-leader-politico-la-presenza-sui-network-venerdi-alla-llbreria-mondolibri-incontro-con-francesco-pira\/"},"wordCount":389,"publisher":{"@id":"https:\/\/www.bellunopress.it\/#organization"},"image":{"@id":"https:\/\/www.bellunopress.it\/2012\/02\/27\/quanto-conta-per-un-leader-politico-la-presenza-sui-network-venerdi-alla-llbreria-mondolibri-incontro-con-francesco-pira\/#primaryimage"},"thumbnailUrl":"http:\/\/www.bellunopress.it\/wp-content\/uploads\/2012\/02\/libreria-mondolibri.jpg","articleSection":["Appuntamenti, Eventi","Pausa Caff\u00e8"],"inLanguage":"fr-FR"},{"@type":"WebPage","@id":"https:\/\/www.bellunopress.it\/2012\/02\/27\/quanto-conta-per-un-leader-politico-la-presenza-sui-network-venerdi-alla-llbreria-mondolibri-incontro-con-francesco-pira\/","url":"https:\/\/www.bellunopress.it\/2012\/02\/27\/quanto-conta-per-un-leader-politico-la-presenza-sui-network-venerdi-alla-llbreria-mondolibri-incontro-con-francesco-pira\/","name":"Quanto conta per un leader politico la presenza sui network? Venerd\u00ec alla libreria Mondolibri incontro con Francesco Pira - Bellunopress - Dolomiti","isPartOf":{"@id":"https:\/\/www.bellunopress.it\/#website"},"primaryImageOfPage":{"@id":"https:\/\/www.bellunopress.it\/2012\/02\/27\/quanto-conta-per-un-leader-politico-la-presenza-sui-network-venerdi-alla-llbreria-mondolibri-incontro-con-francesco-pira\/#primaryimage"},"image":{"@id":"https:\/\/www.bellunopress.it\/2012\/02\/27\/quanto-conta-per-un-leader-politico-la-presenza-sui-network-venerdi-alla-llbreria-mondolibri-incontro-con-francesco-pira\/#primaryimage"},"thumbnailUrl":"http:\/\/www.bellunopress.it\/wp-content\/uploads\/2012\/02\/libreria-mondolibri.jpg","datePublished":"2012-02-27T07:44:10+00:00","dateModified":"2012-02-27T07:44:49+00:00","breadcrumb":{"@id":"https:\/\/www.bellunopress.it\/2012\/02\/27\/quanto-conta-per-un-leader-politico-la-presenza-sui-network-venerdi-alla-llbreria-mondolibri-incontro-con-francesco-pira\/#breadcrumb"},"inLanguage":"fr-FR","potentialAction":[{"@type":"ReadAction","target":["https:\/\/www.bellunopress.it\/2012\/02\/27\/quanto-conta-per-un-leader-politico-la-presenza-sui-network-venerdi-alla-llbreria-mondolibri-incontro-con-francesco-pira\/"]}]},{"@type":"ImageObject","inLanguage":"fr-FR","@id":"https:\/\/www.bellunopress.it\/2012\/02\/27\/quanto-conta-per-un-leader-politico-la-presenza-sui-network-venerdi-alla-llbreria-mondolibri-incontro-con-francesco-pira\/#primaryimage","url":"http:\/\/www.bellunopress.it\/wp-content\/uploads\/2012\/02\/libreria-mondolibri.jpg","contentUrl":"http:\/\/www.bellunopress.it\/wp-content\/uploads\/2012\/02\/libreria-mondolibri.jpg"},{"@type":"BreadcrumbList","@id":"https:\/\/www.bellunopress.it\/2012\/02\/27\/quanto-conta-per-un-leader-politico-la-presenza-sui-network-venerdi-alla-llbreria-mondolibri-incontro-con-francesco-pira\/#breadcrumb","itemListElement":[{"@type":"ListItem","position":1,"name":"Home","item":"https:\/\/www.bellunopress.it\/"},{"@type":"ListItem","position":2,"name":"Quanto conta per un leader politico la presenza sui network? Venerd\u00ec alla libreria Mondolibri incontro con Francesco Pira"}]},{"@type":"WebSite","@id":"https:\/\/www.bellunopress.it\/#website","url":"https:\/\/www.bellunopress.it\/","name":"Bellunopress - Dolomiti","description":"e-mail: redazione@bellunopress.it","publisher":{"@id":"https:\/\/www.bellunopress.it\/#organization"},"potentialAction":[{"@type":"SearchAction","target":{"@type":"EntryPoint","urlTemplate":"https:\/\/www.bellunopress.it\/?s={search_term_string}"},"query-input":{"@type":"PropertyValueSpecification","valueRequired":true,"valueName":"search_term_string"}}],"inLanguage":"fr-FR"},{"@type":"Organization","@id":"https:\/\/www.bellunopress.it\/#organization","name":"Bellunopress","url":"https:\/\/www.bellunopress.it\/","logo":{"@type":"ImageObject","inLanguage":"fr-FR","@id":"https:\/\/www.bellunopress.it\/#\/schema\/logo\/image\/","url":"https:\/\/www.bellunopress.it\/wp-content\/uploads\/2011\/05\/cropped-logo-bellunopress-.jpg","contentUrl":"https:\/\/www.bellunopress.it\/wp-content\/uploads\/2011\/05\/cropped-logo-bellunopress-.jpg","width":512,"height":512,"caption":"Bellunopress"},"image":{"@id":"https:\/\/www.bellunopress.it\/#\/schema\/logo\/image\/"},"sameAs":["https:\/\/www.facebook.com\/profile.php?id=100008943462799","https:\/\/x.com\/bellunopress","https:\/\/www.linkedin.com\/hp\/?dnr=JBzUWaJfMUw8vbXJJ2tVW5-I3jZKvC4wsoxE&amp;amp;amp;amp;amp;amp;trk=nav_responsive_tab_home","https:\/\/www.youtube.com\/channel\/UCxL0wu1uN0_3_7hGG0306cw"]},{"@type":"Person","@id":"https:\/\/www.bellunopress.it\/#\/schema\/person\/79bb06722b37ece1c03d3e94beb30d73","name":"r\u00e9daction","image":{"@type":"ImageObject","inLanguage":"fr-FR","@id":"https:\/\/secure.gravatar.com\/avatar\/37d968a2e67a6fd04c169c4bdef102d0bc5d31b2546345219e348575eb80e9a0?s=96&d=mm&r=g","url":"https:\/\/secure.gravatar.com\/avatar\/37d968a2e67a6fd04c169c4bdef102d0bc5d31b2546345219e348575eb80e9a0?s=96&d=mm&r=g","contentUrl":"https:\/\/secure.gravatar.com\/avatar\/37d968a2e67a6fd04c169c4bdef102d0bc5d31b2546345219e348575eb80e9a0?s=96&d=mm&r=g","caption":"redazione"},"sameAs":["http:\/\/www.bellunopress.it","https:\/\/x.com\/bellunopress"],"url":"https:\/\/www.bellunopress.it\/fr\/author\/redazione\/"}]}},"_links":{"self":[{"href":"https:\/\/www.bellunopress.it\/fr\/wp-json\/wp\/v2\/posts\/35450","targetHints":{"allow":["GET"]}}],"collection":[{"href":"https:\/\/www.bellunopress.it\/fr\/wp-json\/wp\/v2\/posts"}],"about":[{"href":"https:\/\/www.bellunopress.it\/fr\/wp-json\/wp\/v2\/types\/post"}],"author":[{"embeddable":true,"href":"https:\/\/www.bellunopress.it\/fr\/wp-json\/wp\/v2\/users\/2"}],"replies":[{"embeddable":true,"href":"https:\/\/www.bellunopress.it\/fr\/wp-json\/wp\/v2\/comments?post=35450"}],"version-history":[{"count":2,"href":"https:\/\/www.bellunopress.it\/fr\/wp-json\/wp\/v2\/posts\/35450\/revisions"}],"predecessor-version":[{"id":35453,"href":"https:\/\/www.bellunopress.it\/fr\/wp-json\/wp\/v2\/posts\/35450\/revisions\/35453"}],"wp:attachment":[{"href":"https:\/\/www.bellunopress.it\/fr\/wp-json\/wp\/v2\/media?parent=35450"}],"wp:term":[{"taxonomy":"category","embeddable":true,"href":"https:\/\/www.bellunopress.it\/fr\/wp-json\/wp\/v2\/categories?post=35450"},{"taxonomy":"post_tag","embeddable":true,"href":"https:\/\/www.bellunopress.it\/fr\/wp-json\/wp\/v2\/tags?post=35450"}],"curies":[{"name":"wp","href":"https:\/\/api.w.org\/{rel}","templated":true}]}}