{"id":35448,"date":"2012-02-27T08:30:25","date_gmt":"2012-02-27T07:30:25","guid":{"rendered":"http:\/\/www.bellunopress.it\/?p=35448"},"modified":"2012-02-27T08:30:25","modified_gmt":"2012-02-27T07:30:25","slug":"illustrissimi-incontri-con-lautore-il-7-marzo-inizia-la-nuova-rassegna-culturale-al-centro-papa-luciani","status":"publish","type":"post","link":"https:\/\/www.bellunopress.it\/fr\/2012\/02\/27\/illustrissimi-incontri-con-lautore-il-7-marzo-inizia-la-nuova-rassegna-culturale-al-centro-papa-luciani\/","title":{"rendered":"&#8220;Illustrissimi incontri con l&#8217;autore.Il 7 marzo inizia la nuova rassegna culturale al centro Papa Luciani"},"content":{"rendered":"<p>Dopo la consegna il 3 dicembre scorso del premio internazionale &#8220;Il Papa del sorriso&#8221;, tra gli altri il riconoscimento \u00e8 andata al comico di Zelig Gabriele Cirilli, riprende l&#8217;attivit\u00e0 culturale al Centro Papa Luciani di Santa Giustina (Belluno) che mercoled\u00ec 7 marzo alle 20.30 ospiter\u00e0 la conferenza-concerto del m.\u00b0 Adriano Bassi, musicologo, che presenter\u00e0 il suo libro &#8220;Fratelli d&#8217;Italia. I grandi personaggi del Risorgimento, la musica e l&#8217;unit\u00e0&#8221; (ed. Paoline). L&#8217;iniziativa \u00e8 organizzata a conclusione delle celebrazioni per i centocinquant&#8217;anni dell&#8217;unit\u00e0 d&#8217;Italia. Come \u00e8 noto, nel periodo risorgimentale la musica ha avuto un ruolo importante nell&#8217;evoluzione dei costumi, della politica e nella formazione di ideali patriottici tra i giovani. Il libro, attraverso fatti curiosi, notizie poco note o trascurate, vuole documentare proprio questo legame tra la musica e il Risorgimento, soprattutto la funzione della musica popolare negli ambienti politici. Tra i protagonisti del Risorgimento il pi\u00f9 famoso \u00e8 senz?altro Giuseppe Verdi, che con la sua musica seppe infondere nell?animo degli italiani un sottile patriottismo. Ma Verdi non fu l&#8217;unico? Anche Mazzini, che aveva una certa passione per la chitarra, traeva ispirazione per i suoi ideali dalla musica. Persino Garibaldi, che possedeva a Caprera un pianoforte a cilindro, amava cantare con la possente voce di baritono. E che dire di Maroncelli, musicista-carbonaro che non riusc\u00ec a realizzare la sua passione perch\u00e9 fu arrestato e mandato esule in America. Molto interessanti le pagine dedicate alla ricostruzione dell?inno Fratelli d?Italia di cui l?Autore offre molti elementi per comprendere anche il senso letterario e poetico delle frasi che lo compongono. Nel corso della serata ampio spazio alle esecuzioni al pianoforte del m.\u00b0 Bassi. \u00a0 L&#8217;AUTORE-ADRIANO BASSI \u00a0 Giornalista professionista, musicologo e direttore d&#8217;orchestra. Nato a Milano, ha conseguito vari diplomi presso il Conservatorio \u00abG. Verdi\u00bb di Milano, oltre a quelli di Pianoforte, Composizione e Direzione d&#8217;orchestra. Giornalista professionista, collabora con numerose riviste, fra cui Nuova Antologia, fondata da Benedetto Croce. Tiene conferenze di argomento musicologico, storico e filosofico in importanti sedi quali Circolo della Stampa di Milano, Centro Culturale Francese, Goethe Institut. Dirige varie orchestre, fra le quali la Ludwig van Beethoven. Ha collaborato con il Teatro alla Scala e collabora in veste di musicologo con la RAI e con la Radio Vaticana. Tra le sue pubblicazioni: La storia del pianoforte, Mozart a Milano, La storia del bacio.<\/p>\n<p>&nbsp;<\/p>","protected":false},"excerpt":{"rendered":"<p>Dopo la consegna il 3 dicembre scorso del premio internazionale &#8220;Il Papa del sorriso&#8221;, tra gli altri il riconoscimento \u00e8 andata al comico di Zelig Gabriele Cirilli, riprende l&#8217;attivit\u00e0 culturale al Centro Papa Luciani di Santa Giustina (Belluno) che mercoled\u00ec 7 marzo alle 20.30 ospiter\u00e0 la conferenza-concerto del m.\u00b0 Adriano Bassi, musicologo, che presenter\u00e0 il [&hellip;]<\/p>\n","protected":false},"author":2,"featured_media":0,"comment_status":"closed","ping_status":"open","sticky":false,"template":"","format":"standard","meta":{"footnotes":""},"categories":[27,25],"tags":[],"class_list":["post-35448","post","type-post","status-publish","format-standard","category-appuntamenti","category-pausa-caffe"],"yoast_head":"<!-- This site is optimized with the Yoast SEO plugin v28.4 - https:\/\/yoast.com\/product\/yoast-seo-wordpress\/ -->\n<title>&quot;Illustrissimi incontri con l&#039;autore.Il 7 marzo inizia la nuova rassegna culturale al centro Papa Luciani - Bellunopress - Dolomiti<\/title>\n<meta name=\"robots\" content=\"index, follow, max-snippet:-1, max-image-preview:large, max-video-preview:-1\" \/>\n<link rel=\"canonical\" href=\"https:\/\/www.bellunopress.it\/fr\/2012\/02\/27\/illustrissimi-incontri-con-lautore-il-7-marzo-inizia-la-nuova-rassegna-culturale-al-centro-papa-luciani\/\" \/>\n<meta property=\"og:locale\" content=\"fr_FR\" \/>\n<meta property=\"og:type\" content=\"article\" \/>\n<meta property=\"og:title\" content=\"&quot;Illustrissimi incontri con l&#039;autore.Il 7 marzo inizia la nuova rassegna culturale al centro Papa Luciani - Bellunopress - Dolomiti\" \/>\n<meta property=\"og:description\" content=\"Dopo la consegna il 3 dicembre scorso del premio internazionale &#8220;Il Papa del sorriso&#8221;, tra gli altri il riconoscimento \u00e8 andata al comico di Zelig Gabriele Cirilli, riprende l&#8217;attivit\u00e0 culturale al Centro Papa Luciani di Santa Giustina (Belluno) che mercoled\u00ec 7 marzo alle 20.30 ospiter\u00e0 la conferenza-concerto del m.\u00b0 Adriano Bassi, musicologo, che presenter\u00e0 il [&hellip;]\" \/>\n<meta property=\"og:url\" content=\"https:\/\/www.bellunopress.it\/fr\/2012\/02\/27\/illustrissimi-incontri-con-lautore-il-7-marzo-inizia-la-nuova-rassegna-culturale-al-centro-papa-luciani\/\" \/>\n<meta property=\"og:site_name\" content=\"Bellunopress - Dolomiti\" \/>\n<meta property=\"article:publisher\" content=\"https:\/\/www.facebook.com\/profile.php?id=100008943462799\" \/>\n<meta property=\"article:published_time\" content=\"2012-02-27T07:30:25+00:00\" \/>\n<meta property=\"og:image\" content=\"http:\/\/www.bellunopress.it\/wp-content\/uploads\/2012\/07\/logo-bellunopress-250x250-2012.jpg\" \/>\n<meta name=\"author\" content=\"redazione\" \/>\n<meta name=\"twitter:card\" content=\"summary_large_image\" \/>\n<meta name=\"twitter:creator\" content=\"@bellunopress\" \/>\n<meta name=\"twitter:site\" content=\"@bellunopress\" \/>\n<meta name=\"twitter:label1\" content=\"\u00c9crit par\" \/>\n\t<meta name=\"twitter:data1\" content=\"redazione\" \/>\n\t<meta name=\"twitter:label2\" content=\"Dur\u00e9e de lecture estim\u00e9e\" \/>\n\t<meta name=\"twitter:data2\" content=\"2 minutes\" \/>\n<script type=\"application\/ld+json\" class=\"yoast-schema-graph\">{\"@context\":\"https:\\\/\\\/schema.org\",\"@graph\":[{\"@type\":\"Article\",\"@id\":\"https:\\\/\\\/www.bellunopress.it\\\/2012\\\/02\\\/27\\\/illustrissimi-incontri-con-lautore-il-7-marzo-inizia-la-nuova-rassegna-culturale-al-centro-papa-luciani\\\/#article\",\"isPartOf\":{\"@id\":\"https:\\\/\\\/www.bellunopress.it\\\/2012\\\/02\\\/27\\\/illustrissimi-incontri-con-lautore-il-7-marzo-inizia-la-nuova-rassegna-culturale-al-centro-papa-luciani\\\/\"},\"author\":{\"name\":\"redazione\",\"@id\":\"https:\\\/\\\/www.bellunopress.it\\\/#\\\/schema\\\/person\\\/79bb06722b37ece1c03d3e94beb30d73\"},\"headline\":\"&#8220;Illustrissimi incontri con l&#8217;autore.Il 7 marzo inizia la nuova rassegna culturale al centro Papa Luciani\",\"datePublished\":\"2012-02-27T07:30:25+00:00\",\"mainEntityOfPage\":{\"@id\":\"https:\\\/\\\/www.bellunopress.it\\\/2012\\\/02\\\/27\\\/illustrissimi-incontri-con-lautore-il-7-marzo-inizia-la-nuova-rassegna-culturale-al-centro-papa-luciani\\\/\"},\"wordCount\":409,\"publisher\":{\"@id\":\"https:\\\/\\\/www.bellunopress.it\\\/#organization\"},\"articleSection\":[\"Appuntamenti, Eventi\",\"Pausa Caff\u00e8\"],\"inLanguage\":\"fr-FR\"},{\"@type\":\"WebPage\",\"@id\":\"https:\\\/\\\/www.bellunopress.it\\\/2012\\\/02\\\/27\\\/illustrissimi-incontri-con-lautore-il-7-marzo-inizia-la-nuova-rassegna-culturale-al-centro-papa-luciani\\\/\",\"url\":\"https:\\\/\\\/www.bellunopress.it\\\/2012\\\/02\\\/27\\\/illustrissimi-incontri-con-lautore-il-7-marzo-inizia-la-nuova-rassegna-culturale-al-centro-papa-luciani\\\/\",\"name\":\"\\\"Illustrissimi incontri con l'autore.Il 7 marzo inizia la nuova rassegna culturale al centro Papa Luciani - Bellunopress - Dolomiti\",\"isPartOf\":{\"@id\":\"https:\\\/\\\/www.bellunopress.it\\\/#website\"},\"datePublished\":\"2012-02-27T07:30:25+00:00\",\"breadcrumb\":{\"@id\":\"https:\\\/\\\/www.bellunopress.it\\\/2012\\\/02\\\/27\\\/illustrissimi-incontri-con-lautore-il-7-marzo-inizia-la-nuova-rassegna-culturale-al-centro-papa-luciani\\\/#breadcrumb\"},\"inLanguage\":\"fr-FR\",\"potentialAction\":[{\"@type\":\"ReadAction\",\"target\":[\"https:\\\/\\\/www.bellunopress.it\\\/2012\\\/02\\\/27\\\/illustrissimi-incontri-con-lautore-il-7-marzo-inizia-la-nuova-rassegna-culturale-al-centro-papa-luciani\\\/\"]}]},{\"@type\":\"BreadcrumbList\",\"@id\":\"https:\\\/\\\/www.bellunopress.it\\\/2012\\\/02\\\/27\\\/illustrissimi-incontri-con-lautore-il-7-marzo-inizia-la-nuova-rassegna-culturale-al-centro-papa-luciani\\\/#breadcrumb\",\"itemListElement\":[{\"@type\":\"ListItem\",\"position\":1,\"name\":\"Home\",\"item\":\"https:\\\/\\\/www.bellunopress.it\\\/\"},{\"@type\":\"ListItem\",\"position\":2,\"name\":\"&#8220;Illustrissimi incontri con l&#8217;autore.Il 7 marzo inizia la nuova rassegna culturale al centro Papa Luciani\"}]},{\"@type\":\"WebSite\",\"@id\":\"https:\\\/\\\/www.bellunopress.it\\\/#website\",\"url\":\"https:\\\/\\\/www.bellunopress.it\\\/\",\"name\":\"Bellunopress - Dolomiti\",\"description\":\"e-mail: redazione@bellunopress.it\",\"publisher\":{\"@id\":\"https:\\\/\\\/www.bellunopress.it\\\/#organization\"},\"potentialAction\":[{\"@type\":\"SearchAction\",\"target\":{\"@type\":\"EntryPoint\",\"urlTemplate\":\"https:\\\/\\\/www.bellunopress.it\\\/?s={search_term_string}\"},\"query-input\":{\"@type\":\"PropertyValueSpecification\",\"valueRequired\":true,\"valueName\":\"search_term_string\"}}],\"inLanguage\":\"fr-FR\"},{\"@type\":\"Organization\",\"@id\":\"https:\\\/\\\/www.bellunopress.it\\\/#organization\",\"name\":\"Bellunopress\",\"url\":\"https:\\\/\\\/www.bellunopress.it\\\/\",\"logo\":{\"@type\":\"ImageObject\",\"inLanguage\":\"fr-FR\",\"@id\":\"https:\\\/\\\/www.bellunopress.it\\\/#\\\/schema\\\/logo\\\/image\\\/\",\"url\":\"https:\\\/\\\/www.bellunopress.it\\\/wp-content\\\/uploads\\\/2011\\\/05\\\/cropped-logo-bellunopress-.jpg\",\"contentUrl\":\"https:\\\/\\\/www.bellunopress.it\\\/wp-content\\\/uploads\\\/2011\\\/05\\\/cropped-logo-bellunopress-.jpg\",\"width\":512,\"height\":512,\"caption\":\"Bellunopress\"},\"image\":{\"@id\":\"https:\\\/\\\/www.bellunopress.it\\\/#\\\/schema\\\/logo\\\/image\\\/\"},\"sameAs\":[\"https:\\\/\\\/www.facebook.com\\\/profile.php?id=100008943462799\",\"https:\\\/\\\/x.com\\\/bellunopress\",\"https:\\\/\\\/www.linkedin.com\\\/hp\\\/?dnr=JBzUWaJfMUw8vbXJJ2tVW5-I3jZKvC4wsoxE&amp;amp;amp;amp;amp;amp;trk=nav_responsive_tab_home\",\"https:\\\/\\\/www.youtube.com\\\/channel\\\/UCxL0wu1uN0_3_7hGG0306cw\"]},{\"@type\":\"Person\",\"@id\":\"https:\\\/\\\/www.bellunopress.it\\\/#\\\/schema\\\/person\\\/79bb06722b37ece1c03d3e94beb30d73\",\"name\":\"redazione\",\"image\":{\"@type\":\"ImageObject\",\"inLanguage\":\"fr-FR\",\"@id\":\"https:\\\/\\\/secure.gravatar.com\\\/avatar\\\/37d968a2e67a6fd04c169c4bdef102d0bc5d31b2546345219e348575eb80e9a0?s=96&d=mm&r=g\",\"url\":\"https:\\\/\\\/secure.gravatar.com\\\/avatar\\\/37d968a2e67a6fd04c169c4bdef102d0bc5d31b2546345219e348575eb80e9a0?s=96&d=mm&r=g\",\"contentUrl\":\"https:\\\/\\\/secure.gravatar.com\\\/avatar\\\/37d968a2e67a6fd04c169c4bdef102d0bc5d31b2546345219e348575eb80e9a0?s=96&d=mm&r=g\",\"caption\":\"redazione\"},\"sameAs\":[\"http:\\\/\\\/www.bellunopress.it\",\"https:\\\/\\\/x.com\\\/bellunopress\"],\"url\":\"https:\\\/\\\/www.bellunopress.it\\\/fr\\\/author\\\/redazione\\\/\"}]}<\/script>\n<!-- \/ Yoast SEO plugin. -->","yoast_head_json":{"title":"\"Illustrissimi incontri con l'autore.Il 7 marzo inizia la nuova rassegna culturale al centro Papa Luciani - Bellunopress - Dolomiti","robots":{"index":"index","follow":"follow","max-snippet":"max-snippet:-1","max-image-preview":"max-image-preview:large","max-video-preview":"max-video-preview:-1"},"canonical":"https:\/\/www.bellunopress.it\/fr\/2012\/02\/27\/illustrissimi-incontri-con-lautore-il-7-marzo-inizia-la-nuova-rassegna-culturale-al-centro-papa-luciani\/","og_locale":"fr_FR","og_type":"article","og_title":"\"Illustrissimi incontri con l'autore.Il 7 marzo inizia la nuova rassegna culturale al centro Papa Luciani - Bellunopress - Dolomiti","og_description":"Dopo la consegna il 3 dicembre scorso del premio internazionale &#8220;Il Papa del sorriso&#8221;, tra gli altri il riconoscimento \u00e8 andata al comico di Zelig Gabriele Cirilli, riprende l&#8217;attivit\u00e0 culturale al Centro Papa Luciani di Santa Giustina (Belluno) che mercoled\u00ec 7 marzo alle 20.30 ospiter\u00e0 la conferenza-concerto del m.\u00b0 Adriano Bassi, musicologo, che presenter\u00e0 il [&hellip;]","og_url":"https:\/\/www.bellunopress.it\/fr\/2012\/02\/27\/illustrissimi-incontri-con-lautore-il-7-marzo-inizia-la-nuova-rassegna-culturale-al-centro-papa-luciani\/","og_site_name":"Bellunopress - Dolomiti","article_publisher":"https:\/\/www.facebook.com\/profile.php?id=100008943462799","article_published_time":"2012-02-27T07:30:25+00:00","og_image":[{"url":"http:\/\/www.bellunopress.it\/wp-content\/uploads\/2012\/07\/logo-bellunopress-250x250-2012.jpg","type":"","width":"","height":""}],"author":"redazione","twitter_card":"summary_large_image","twitter_creator":"@bellunopress","twitter_site":"@bellunopress","twitter_misc":{"\u00c9crit par":"redazione","Dur\u00e9e de lecture estim\u00e9e":"2 minutes"},"schema":{"@context":"https:\/\/schema.org","@graph":[{"@type":"Article","@id":"https:\/\/www.bellunopress.it\/2012\/02\/27\/illustrissimi-incontri-con-lautore-il-7-marzo-inizia-la-nuova-rassegna-culturale-al-centro-papa-luciani\/#article","isPartOf":{"@id":"https:\/\/www.bellunopress.it\/2012\/02\/27\/illustrissimi-incontri-con-lautore-il-7-marzo-inizia-la-nuova-rassegna-culturale-al-centro-papa-luciani\/"},"author":{"name":"redazione","@id":"https:\/\/www.bellunopress.it\/#\/schema\/person\/79bb06722b37ece1c03d3e94beb30d73"},"headline":"&#8220;Illustrissimi incontri con l&#8217;autore.Il 7 marzo inizia la nuova rassegna culturale al centro Papa Luciani","datePublished":"2012-02-27T07:30:25+00:00","mainEntityOfPage":{"@id":"https:\/\/www.bellunopress.it\/2012\/02\/27\/illustrissimi-incontri-con-lautore-il-7-marzo-inizia-la-nuova-rassegna-culturale-al-centro-papa-luciani\/"},"wordCount":409,"publisher":{"@id":"https:\/\/www.bellunopress.it\/#organization"},"articleSection":["Appuntamenti, Eventi","Pausa Caff\u00e8"],"inLanguage":"fr-FR"},{"@type":"WebPage","@id":"https:\/\/www.bellunopress.it\/2012\/02\/27\/illustrissimi-incontri-con-lautore-il-7-marzo-inizia-la-nuova-rassegna-culturale-al-centro-papa-luciani\/","url":"https:\/\/www.bellunopress.it\/2012\/02\/27\/illustrissimi-incontri-con-lautore-il-7-marzo-inizia-la-nuova-rassegna-culturale-al-centro-papa-luciani\/","name":"\"Illustrissimi incontri con l'autore.Il 7 marzo inizia la nuova rassegna culturale al centro Papa Luciani - Bellunopress - Dolomiti","isPartOf":{"@id":"https:\/\/www.bellunopress.it\/#website"},"datePublished":"2012-02-27T07:30:25+00:00","breadcrumb":{"@id":"https:\/\/www.bellunopress.it\/2012\/02\/27\/illustrissimi-incontri-con-lautore-il-7-marzo-inizia-la-nuova-rassegna-culturale-al-centro-papa-luciani\/#breadcrumb"},"inLanguage":"fr-FR","potentialAction":[{"@type":"ReadAction","target":["https:\/\/www.bellunopress.it\/2012\/02\/27\/illustrissimi-incontri-con-lautore-il-7-marzo-inizia-la-nuova-rassegna-culturale-al-centro-papa-luciani\/"]}]},{"@type":"BreadcrumbList","@id":"https:\/\/www.bellunopress.it\/2012\/02\/27\/illustrissimi-incontri-con-lautore-il-7-marzo-inizia-la-nuova-rassegna-culturale-al-centro-papa-luciani\/#breadcrumb","itemListElement":[{"@type":"ListItem","position":1,"name":"Home","item":"https:\/\/www.bellunopress.it\/"},{"@type":"ListItem","position":2,"name":"&#8220;Illustrissimi incontri con l&#8217;autore.Il 7 marzo inizia la nuova rassegna culturale al centro Papa Luciani"}]},{"@type":"WebSite","@id":"https:\/\/www.bellunopress.it\/#website","url":"https:\/\/www.bellunopress.it\/","name":"Bellunopress - Dolomiti","description":"e-mail: redazione@bellunopress.it","publisher":{"@id":"https:\/\/www.bellunopress.it\/#organization"},"potentialAction":[{"@type":"SearchAction","target":{"@type":"EntryPoint","urlTemplate":"https:\/\/www.bellunopress.it\/?s={search_term_string}"},"query-input":{"@type":"PropertyValueSpecification","valueRequired":true,"valueName":"search_term_string"}}],"inLanguage":"fr-FR"},{"@type":"Organization","@id":"https:\/\/www.bellunopress.it\/#organization","name":"Bellunopress","url":"https:\/\/www.bellunopress.it\/","logo":{"@type":"ImageObject","inLanguage":"fr-FR","@id":"https:\/\/www.bellunopress.it\/#\/schema\/logo\/image\/","url":"https:\/\/www.bellunopress.it\/wp-content\/uploads\/2011\/05\/cropped-logo-bellunopress-.jpg","contentUrl":"https:\/\/www.bellunopress.it\/wp-content\/uploads\/2011\/05\/cropped-logo-bellunopress-.jpg","width":512,"height":512,"caption":"Bellunopress"},"image":{"@id":"https:\/\/www.bellunopress.it\/#\/schema\/logo\/image\/"},"sameAs":["https:\/\/www.facebook.com\/profile.php?id=100008943462799","https:\/\/x.com\/bellunopress","https:\/\/www.linkedin.com\/hp\/?dnr=JBzUWaJfMUw8vbXJJ2tVW5-I3jZKvC4wsoxE&amp;amp;amp;amp;amp;amp;trk=nav_responsive_tab_home","https:\/\/www.youtube.com\/channel\/UCxL0wu1uN0_3_7hGG0306cw"]},{"@type":"Person","@id":"https:\/\/www.bellunopress.it\/#\/schema\/person\/79bb06722b37ece1c03d3e94beb30d73","name":"r\u00e9daction","image":{"@type":"ImageObject","inLanguage":"fr-FR","@id":"https:\/\/secure.gravatar.com\/avatar\/37d968a2e67a6fd04c169c4bdef102d0bc5d31b2546345219e348575eb80e9a0?s=96&d=mm&r=g","url":"https:\/\/secure.gravatar.com\/avatar\/37d968a2e67a6fd04c169c4bdef102d0bc5d31b2546345219e348575eb80e9a0?s=96&d=mm&r=g","contentUrl":"https:\/\/secure.gravatar.com\/avatar\/37d968a2e67a6fd04c169c4bdef102d0bc5d31b2546345219e348575eb80e9a0?s=96&d=mm&r=g","caption":"redazione"},"sameAs":["http:\/\/www.bellunopress.it","https:\/\/x.com\/bellunopress"],"url":"https:\/\/www.bellunopress.it\/fr\/author\/redazione\/"}]}},"_links":{"self":[{"href":"https:\/\/www.bellunopress.it\/fr\/wp-json\/wp\/v2\/posts\/35448","targetHints":{"allow":["GET"]}}],"collection":[{"href":"https:\/\/www.bellunopress.it\/fr\/wp-json\/wp\/v2\/posts"}],"about":[{"href":"https:\/\/www.bellunopress.it\/fr\/wp-json\/wp\/v2\/types\/post"}],"author":[{"embeddable":true,"href":"https:\/\/www.bellunopress.it\/fr\/wp-json\/wp\/v2\/users\/2"}],"replies":[{"embeddable":true,"href":"https:\/\/www.bellunopress.it\/fr\/wp-json\/wp\/v2\/comments?post=35448"}],"version-history":[{"count":1,"href":"https:\/\/www.bellunopress.it\/fr\/wp-json\/wp\/v2\/posts\/35448\/revisions"}],"predecessor-version":[{"id":35449,"href":"https:\/\/www.bellunopress.it\/fr\/wp-json\/wp\/v2\/posts\/35448\/revisions\/35449"}],"wp:attachment":[{"href":"https:\/\/www.bellunopress.it\/fr\/wp-json\/wp\/v2\/media?parent=35448"}],"wp:term":[{"taxonomy":"category","embeddable":true,"href":"https:\/\/www.bellunopress.it\/fr\/wp-json\/wp\/v2\/categories?post=35448"},{"taxonomy":"post_tag","embeddable":true,"href":"https:\/\/www.bellunopress.it\/fr\/wp-json\/wp\/v2\/tags?post=35448"}],"curies":[{"name":"wp","href":"https:\/\/api.w.org\/{rel}","templated":true}]}}