{"id":35444,"date":"2012-02-26T22:58:41","date_gmt":"2012-02-26T21:58:41","guid":{"rendered":"http:\/\/www.bellunopress.it\/?p=35444"},"modified":"2012-02-26T22:58:41","modified_gmt":"2012-02-26T21:58:41","slug":"agio-e-disagio-giovedi-a-feltre-incontro-sulla-malattia-mentale","status":"publish","type":"post","link":"https:\/\/www.bellunopress.it\/fr\/2012\/02\/26\/agio-e-disagio-giovedi-a-feltre-incontro-sulla-malattia-mentale\/","title":{"rendered":"Agio e disagio. Gioved\u00ec a Feltre incontro sulla malattia mentale"},"content":{"rendered":"<p>Gioved\u00ec 1 marzo alle ore 19.45 allo Spazio giovani in ex Manifattura Piave di Feltre si svolger\u00e0 l&#8217;ultimo confronto sull\u2019agio e il disagio giovanile denominato \u201d la malattia mentale, quanti tab\u00f9 da sfatare&#8230;\u201d.<\/p>\n<p>Gli aspetti che verranno affrontati sono numerosi e vari: dopo una breve presentazione di che cos&#8217;\u00e8 il disagio mentale e delle varie forme in cui esso si manifesta, il focus verr\u00e0 indirizzato sulla nostra realt\u00e0 locale, sulle dimensioni del fenomeno, ma anche sulle prospettive pi\u00f9 generali e attuali sul problema attraverso un confronto e uno scambio di idee e d esperienze lavorative tra gli operatori del Centro Il Muretto di Feltre e alcuni rappresentanti dell&#8217;ex struttura psichiatrica milanese \u201cPaolo Pini\u201d.<\/p>\n<p>A parlarne ci sar\u00e0 Emilia Colle, responsabile del centro aggregativo \u201cIl muretto\u201d, Michela Marchet, psicologa del centro Danza del tempo, e Alessandro Penta, psicologo presso l&#8217;ex struttura psichiatrica \u201cPaolo Pini\u201d di Milano.<\/p>\n<p>Il film che verr\u00e0 proiettato sar\u00e0 Via Ippocarate, 45 nato come tesi di laurea dello stesso Penta. Vincitore del Premio Paolo Pincheri come miglior documentario al Video Festival sulla Salute Mentale di Roma \u201cLo spiraglio\u201d. Il giovane regista analizza e riporta sullo schermo i temi della salute e della sanit\u00e0 mentale, recandosi di persona con la sua videocamera nell\u2019ex ospedale psichiatrico Paolo Pini di Milano, che come tutti gli ex-manicomi italiani aveva cessato la sua attivit\u00e0 ospedaliera in causa della nota legge Basaglia emanata nell\u2019ormai lontano 1978, che imponeva la chiusura definitiva di tali strutture. L\u2019ex-ospedale Polo Pini \u00e8 ora gestito dalla cooperativa Olinda, la quale ben decise di \u201criplasmare\u201d il luogo convertendolo in un vero e proprio centro di scambio culturale e di accoglienza. Quello che un tempo era un convitto di suore diventa un ostello; come una semplice mensa ospedaliera diventa un teatro attrezzato, e come grottescamente una camera mortuaria divenga un allegro e fornito bar. Ma la particolarit\u00e0 pi\u00f9 interessante del centro culturale \u00e8 piuttosto il fatto che nel complesso della struttura siano stati abilitati al lavoro proprio degli ex-pazienti psichiatrici affetti da disturbi mentali, con l\u2019obiettivo di sperimentare una nuova terapia di contatto col pubblico.<\/p>\n<p>A corredare questo ultimo appuntamento ci saranno l&#8217;esposizione dei lavori realizzati dagli ospiti del Muretto e di alcune poesie della poetessa Alda Merini.<\/p>\n<p>Per tutti gli interessati che non potranno presenziare alle conferenze di \u201cAgio e disagio\u201d, si ricorda che sar\u00e0 possibile partecipare virtualmente collegandosi al sito diciamolanostra.it e seguendo la diretta in live streaming.<\/p>\n<p>&nbsp;<\/p>\n<p>&nbsp;<\/p>","protected":false},"excerpt":{"rendered":"<p>Gioved\u00ec 1 marzo alle ore 19.45 allo Spazio giovani in ex Manifattura Piave di Feltre si svolger\u00e0 l&#8217;ultimo confronto sull\u2019agio e il disagio giovanile denominato \u201d la malattia mentale, quanti tab\u00f9 da sfatare&#8230;\u201d. Gli aspetti che verranno affrontati sono numerosi e vari: dopo una breve presentazione di che cos&#8217;\u00e8 il disagio mentale e delle varie [&hellip;]<\/p>\n","protected":false},"author":2,"featured_media":0,"comment_status":"closed","ping_status":"open","sticky":false,"template":"","format":"standard","meta":{"footnotes":""},"categories":[27,25],"tags":[],"class_list":["post-35444","post","type-post","status-publish","format-standard","category-appuntamenti","category-pausa-caffe"],"yoast_head":"<!-- This site is optimized with the Yoast SEO plugin v28.4 - https:\/\/yoast.com\/product\/yoast-seo-wordpress\/ -->\n<title>Agio e disagio. Gioved\u00ec a Feltre incontro sulla malattia mentale - Bellunopress - Dolomiti<\/title>\n<meta name=\"robots\" content=\"index, follow, max-snippet:-1, max-image-preview:large, max-video-preview:-1\" \/>\n<link rel=\"canonical\" href=\"https:\/\/www.bellunopress.it\/fr\/2012\/02\/26\/agio-e-disagio-giovedi-a-feltre-incontro-sulla-malattia-mentale\/\" \/>\n<meta property=\"og:locale\" content=\"fr_FR\" \/>\n<meta property=\"og:type\" content=\"article\" \/>\n<meta property=\"og:title\" content=\"Agio e disagio. Gioved\u00ec a Feltre incontro sulla malattia mentale - Bellunopress - Dolomiti\" \/>\n<meta property=\"og:description\" content=\"Gioved\u00ec 1 marzo alle ore 19.45 allo Spazio giovani in ex Manifattura Piave di Feltre si svolger\u00e0 l&#8217;ultimo confronto sull\u2019agio e il disagio giovanile denominato \u201d la malattia mentale, quanti tab\u00f9 da sfatare&#8230;\u201d. Gli aspetti che verranno affrontati sono numerosi e vari: dopo una breve presentazione di che cos&#8217;\u00e8 il disagio mentale e delle varie [&hellip;]\" \/>\n<meta property=\"og:url\" content=\"https:\/\/www.bellunopress.it\/fr\/2012\/02\/26\/agio-e-disagio-giovedi-a-feltre-incontro-sulla-malattia-mentale\/\" \/>\n<meta property=\"og:site_name\" content=\"Bellunopress - Dolomiti\" \/>\n<meta property=\"article:publisher\" content=\"https:\/\/www.facebook.com\/profile.php?id=100008943462799\" \/>\n<meta property=\"article:published_time\" content=\"2012-02-26T21:58:41+00:00\" \/>\n<meta property=\"og:image\" content=\"http:\/\/www.bellunopress.it\/wp-content\/uploads\/2012\/07\/logo-bellunopress-250x250-2012.jpg\" \/>\n<meta name=\"author\" content=\"redazione\" \/>\n<meta name=\"twitter:card\" content=\"summary_large_image\" \/>\n<meta name=\"twitter:creator\" content=\"@bellunopress\" \/>\n<meta name=\"twitter:site\" content=\"@bellunopress\" \/>\n<meta name=\"twitter:label1\" content=\"\u00c9crit par\" \/>\n\t<meta name=\"twitter:data1\" content=\"redazione\" \/>\n\t<meta name=\"twitter:label2\" content=\"Dur\u00e9e de lecture estim\u00e9e\" \/>\n\t<meta name=\"twitter:data2\" content=\"2 minutes\" \/>\n<script type=\"application\/ld+json\" class=\"yoast-schema-graph\">{\"@context\":\"https:\\\/\\\/schema.org\",\"@graph\":[{\"@type\":\"Article\",\"@id\":\"https:\\\/\\\/www.bellunopress.it\\\/2012\\\/02\\\/26\\\/agio-e-disagio-giovedi-a-feltre-incontro-sulla-malattia-mentale\\\/#article\",\"isPartOf\":{\"@id\":\"https:\\\/\\\/www.bellunopress.it\\\/2012\\\/02\\\/26\\\/agio-e-disagio-giovedi-a-feltre-incontro-sulla-malattia-mentale\\\/\"},\"author\":{\"name\":\"redazione\",\"@id\":\"https:\\\/\\\/www.bellunopress.it\\\/#\\\/schema\\\/person\\\/79bb06722b37ece1c03d3e94beb30d73\"},\"headline\":\"Agio e disagio. Gioved\u00ec a Feltre incontro sulla malattia mentale\",\"datePublished\":\"2012-02-26T21:58:41+00:00\",\"mainEntityOfPage\":{\"@id\":\"https:\\\/\\\/www.bellunopress.it\\\/2012\\\/02\\\/26\\\/agio-e-disagio-giovedi-a-feltre-incontro-sulla-malattia-mentale\\\/\"},\"wordCount\":414,\"publisher\":{\"@id\":\"https:\\\/\\\/www.bellunopress.it\\\/#organization\"},\"articleSection\":[\"Appuntamenti, Eventi\",\"Pausa Caff\u00e8\"],\"inLanguage\":\"fr-FR\"},{\"@type\":\"WebPage\",\"@id\":\"https:\\\/\\\/www.bellunopress.it\\\/2012\\\/02\\\/26\\\/agio-e-disagio-giovedi-a-feltre-incontro-sulla-malattia-mentale\\\/\",\"url\":\"https:\\\/\\\/www.bellunopress.it\\\/2012\\\/02\\\/26\\\/agio-e-disagio-giovedi-a-feltre-incontro-sulla-malattia-mentale\\\/\",\"name\":\"Agio e disagio. Gioved\u00ec a Feltre incontro sulla malattia mentale - Bellunopress - Dolomiti\",\"isPartOf\":{\"@id\":\"https:\\\/\\\/www.bellunopress.it\\\/#website\"},\"datePublished\":\"2012-02-26T21:58:41+00:00\",\"breadcrumb\":{\"@id\":\"https:\\\/\\\/www.bellunopress.it\\\/2012\\\/02\\\/26\\\/agio-e-disagio-giovedi-a-feltre-incontro-sulla-malattia-mentale\\\/#breadcrumb\"},\"inLanguage\":\"fr-FR\",\"potentialAction\":[{\"@type\":\"ReadAction\",\"target\":[\"https:\\\/\\\/www.bellunopress.it\\\/2012\\\/02\\\/26\\\/agio-e-disagio-giovedi-a-feltre-incontro-sulla-malattia-mentale\\\/\"]}]},{\"@type\":\"BreadcrumbList\",\"@id\":\"https:\\\/\\\/www.bellunopress.it\\\/2012\\\/02\\\/26\\\/agio-e-disagio-giovedi-a-feltre-incontro-sulla-malattia-mentale\\\/#breadcrumb\",\"itemListElement\":[{\"@type\":\"ListItem\",\"position\":1,\"name\":\"Home\",\"item\":\"https:\\\/\\\/www.bellunopress.it\\\/\"},{\"@type\":\"ListItem\",\"position\":2,\"name\":\"Agio e disagio. Gioved\u00ec a Feltre incontro sulla malattia mentale\"}]},{\"@type\":\"WebSite\",\"@id\":\"https:\\\/\\\/www.bellunopress.it\\\/#website\",\"url\":\"https:\\\/\\\/www.bellunopress.it\\\/\",\"name\":\"Bellunopress - Dolomiti\",\"description\":\"e-mail: redazione@bellunopress.it\",\"publisher\":{\"@id\":\"https:\\\/\\\/www.bellunopress.it\\\/#organization\"},\"potentialAction\":[{\"@type\":\"SearchAction\",\"target\":{\"@type\":\"EntryPoint\",\"urlTemplate\":\"https:\\\/\\\/www.bellunopress.it\\\/?s={search_term_string}\"},\"query-input\":{\"@type\":\"PropertyValueSpecification\",\"valueRequired\":true,\"valueName\":\"search_term_string\"}}],\"inLanguage\":\"fr-FR\"},{\"@type\":\"Organization\",\"@id\":\"https:\\\/\\\/www.bellunopress.it\\\/#organization\",\"name\":\"Bellunopress\",\"url\":\"https:\\\/\\\/www.bellunopress.it\\\/\",\"logo\":{\"@type\":\"ImageObject\",\"inLanguage\":\"fr-FR\",\"@id\":\"https:\\\/\\\/www.bellunopress.it\\\/#\\\/schema\\\/logo\\\/image\\\/\",\"url\":\"https:\\\/\\\/www.bellunopress.it\\\/wp-content\\\/uploads\\\/2011\\\/05\\\/cropped-logo-bellunopress-.jpg\",\"contentUrl\":\"https:\\\/\\\/www.bellunopress.it\\\/wp-content\\\/uploads\\\/2011\\\/05\\\/cropped-logo-bellunopress-.jpg\",\"width\":512,\"height\":512,\"caption\":\"Bellunopress\"},\"image\":{\"@id\":\"https:\\\/\\\/www.bellunopress.it\\\/#\\\/schema\\\/logo\\\/image\\\/\"},\"sameAs\":[\"https:\\\/\\\/www.facebook.com\\\/profile.php?id=100008943462799\",\"https:\\\/\\\/x.com\\\/bellunopress\",\"https:\\\/\\\/www.linkedin.com\\\/hp\\\/?dnr=JBzUWaJfMUw8vbXJJ2tVW5-I3jZKvC4wsoxE&amp;amp;amp;amp;amp;amp;trk=nav_responsive_tab_home\",\"https:\\\/\\\/www.youtube.com\\\/channel\\\/UCxL0wu1uN0_3_7hGG0306cw\"]},{\"@type\":\"Person\",\"@id\":\"https:\\\/\\\/www.bellunopress.it\\\/#\\\/schema\\\/person\\\/79bb06722b37ece1c03d3e94beb30d73\",\"name\":\"redazione\",\"image\":{\"@type\":\"ImageObject\",\"inLanguage\":\"fr-FR\",\"@id\":\"https:\\\/\\\/secure.gravatar.com\\\/avatar\\\/37d968a2e67a6fd04c169c4bdef102d0bc5d31b2546345219e348575eb80e9a0?s=96&d=mm&r=g\",\"url\":\"https:\\\/\\\/secure.gravatar.com\\\/avatar\\\/37d968a2e67a6fd04c169c4bdef102d0bc5d31b2546345219e348575eb80e9a0?s=96&d=mm&r=g\",\"contentUrl\":\"https:\\\/\\\/secure.gravatar.com\\\/avatar\\\/37d968a2e67a6fd04c169c4bdef102d0bc5d31b2546345219e348575eb80e9a0?s=96&d=mm&r=g\",\"caption\":\"redazione\"},\"sameAs\":[\"http:\\\/\\\/www.bellunopress.it\",\"https:\\\/\\\/x.com\\\/bellunopress\"],\"url\":\"https:\\\/\\\/www.bellunopress.it\\\/fr\\\/author\\\/redazione\\\/\"}]}<\/script>\n<!-- \/ Yoast SEO plugin. -->","yoast_head_json":{"title":"Agio e disagio. Gioved\u00ec a Feltre incontro sulla malattia mentale - Bellunopress - Dolomiti","robots":{"index":"index","follow":"follow","max-snippet":"max-snippet:-1","max-image-preview":"max-image-preview:large","max-video-preview":"max-video-preview:-1"},"canonical":"https:\/\/www.bellunopress.it\/fr\/2012\/02\/26\/agio-e-disagio-giovedi-a-feltre-incontro-sulla-malattia-mentale\/","og_locale":"fr_FR","og_type":"article","og_title":"Agio e disagio. Gioved\u00ec a Feltre incontro sulla malattia mentale - Bellunopress - Dolomiti","og_description":"Gioved\u00ec 1 marzo alle ore 19.45 allo Spazio giovani in ex Manifattura Piave di Feltre si svolger\u00e0 l&#8217;ultimo confronto sull\u2019agio e il disagio giovanile denominato \u201d la malattia mentale, quanti tab\u00f9 da sfatare&#8230;\u201d. Gli aspetti che verranno affrontati sono numerosi e vari: dopo una breve presentazione di che cos&#8217;\u00e8 il disagio mentale e delle varie [&hellip;]","og_url":"https:\/\/www.bellunopress.it\/fr\/2012\/02\/26\/agio-e-disagio-giovedi-a-feltre-incontro-sulla-malattia-mentale\/","og_site_name":"Bellunopress - Dolomiti","article_publisher":"https:\/\/www.facebook.com\/profile.php?id=100008943462799","article_published_time":"2012-02-26T21:58:41+00:00","og_image":[{"url":"http:\/\/www.bellunopress.it\/wp-content\/uploads\/2012\/07\/logo-bellunopress-250x250-2012.jpg","type":"","width":"","height":""}],"author":"redazione","twitter_card":"summary_large_image","twitter_creator":"@bellunopress","twitter_site":"@bellunopress","twitter_misc":{"\u00c9crit par":"redazione","Dur\u00e9e de lecture estim\u00e9e":"2 minutes"},"schema":{"@context":"https:\/\/schema.org","@graph":[{"@type":"Article","@id":"https:\/\/www.bellunopress.it\/2012\/02\/26\/agio-e-disagio-giovedi-a-feltre-incontro-sulla-malattia-mentale\/#article","isPartOf":{"@id":"https:\/\/www.bellunopress.it\/2012\/02\/26\/agio-e-disagio-giovedi-a-feltre-incontro-sulla-malattia-mentale\/"},"author":{"name":"redazione","@id":"https:\/\/www.bellunopress.it\/#\/schema\/person\/79bb06722b37ece1c03d3e94beb30d73"},"headline":"Agio e disagio. Gioved\u00ec a Feltre incontro sulla malattia mentale","datePublished":"2012-02-26T21:58:41+00:00","mainEntityOfPage":{"@id":"https:\/\/www.bellunopress.it\/2012\/02\/26\/agio-e-disagio-giovedi-a-feltre-incontro-sulla-malattia-mentale\/"},"wordCount":414,"publisher":{"@id":"https:\/\/www.bellunopress.it\/#organization"},"articleSection":["Appuntamenti, Eventi","Pausa Caff\u00e8"],"inLanguage":"fr-FR"},{"@type":"WebPage","@id":"https:\/\/www.bellunopress.it\/2012\/02\/26\/agio-e-disagio-giovedi-a-feltre-incontro-sulla-malattia-mentale\/","url":"https:\/\/www.bellunopress.it\/2012\/02\/26\/agio-e-disagio-giovedi-a-feltre-incontro-sulla-malattia-mentale\/","name":"Agio e disagio. Gioved\u00ec a Feltre incontro sulla malattia mentale - Bellunopress - Dolomiti","isPartOf":{"@id":"https:\/\/www.bellunopress.it\/#website"},"datePublished":"2012-02-26T21:58:41+00:00","breadcrumb":{"@id":"https:\/\/www.bellunopress.it\/2012\/02\/26\/agio-e-disagio-giovedi-a-feltre-incontro-sulla-malattia-mentale\/#breadcrumb"},"inLanguage":"fr-FR","potentialAction":[{"@type":"ReadAction","target":["https:\/\/www.bellunopress.it\/2012\/02\/26\/agio-e-disagio-giovedi-a-feltre-incontro-sulla-malattia-mentale\/"]}]},{"@type":"BreadcrumbList","@id":"https:\/\/www.bellunopress.it\/2012\/02\/26\/agio-e-disagio-giovedi-a-feltre-incontro-sulla-malattia-mentale\/#breadcrumb","itemListElement":[{"@type":"ListItem","position":1,"name":"Home","item":"https:\/\/www.bellunopress.it\/"},{"@type":"ListItem","position":2,"name":"Agio e disagio. Gioved\u00ec a Feltre incontro sulla malattia mentale"}]},{"@type":"WebSite","@id":"https:\/\/www.bellunopress.it\/#website","url":"https:\/\/www.bellunopress.it\/","name":"Bellunopress - Dolomiti","description":"e-mail: redazione@bellunopress.it","publisher":{"@id":"https:\/\/www.bellunopress.it\/#organization"},"potentialAction":[{"@type":"SearchAction","target":{"@type":"EntryPoint","urlTemplate":"https:\/\/www.bellunopress.it\/?s={search_term_string}"},"query-input":{"@type":"PropertyValueSpecification","valueRequired":true,"valueName":"search_term_string"}}],"inLanguage":"fr-FR"},{"@type":"Organization","@id":"https:\/\/www.bellunopress.it\/#organization","name":"Bellunopress","url":"https:\/\/www.bellunopress.it\/","logo":{"@type":"ImageObject","inLanguage":"fr-FR","@id":"https:\/\/www.bellunopress.it\/#\/schema\/logo\/image\/","url":"https:\/\/www.bellunopress.it\/wp-content\/uploads\/2011\/05\/cropped-logo-bellunopress-.jpg","contentUrl":"https:\/\/www.bellunopress.it\/wp-content\/uploads\/2011\/05\/cropped-logo-bellunopress-.jpg","width":512,"height":512,"caption":"Bellunopress"},"image":{"@id":"https:\/\/www.bellunopress.it\/#\/schema\/logo\/image\/"},"sameAs":["https:\/\/www.facebook.com\/profile.php?id=100008943462799","https:\/\/x.com\/bellunopress","https:\/\/www.linkedin.com\/hp\/?dnr=JBzUWaJfMUw8vbXJJ2tVW5-I3jZKvC4wsoxE&amp;amp;amp;amp;amp;amp;trk=nav_responsive_tab_home","https:\/\/www.youtube.com\/channel\/UCxL0wu1uN0_3_7hGG0306cw"]},{"@type":"Person","@id":"https:\/\/www.bellunopress.it\/#\/schema\/person\/79bb06722b37ece1c03d3e94beb30d73","name":"r\u00e9daction","image":{"@type":"ImageObject","inLanguage":"fr-FR","@id":"https:\/\/secure.gravatar.com\/avatar\/37d968a2e67a6fd04c169c4bdef102d0bc5d31b2546345219e348575eb80e9a0?s=96&d=mm&r=g","url":"https:\/\/secure.gravatar.com\/avatar\/37d968a2e67a6fd04c169c4bdef102d0bc5d31b2546345219e348575eb80e9a0?s=96&d=mm&r=g","contentUrl":"https:\/\/secure.gravatar.com\/avatar\/37d968a2e67a6fd04c169c4bdef102d0bc5d31b2546345219e348575eb80e9a0?s=96&d=mm&r=g","caption":"redazione"},"sameAs":["http:\/\/www.bellunopress.it","https:\/\/x.com\/bellunopress"],"url":"https:\/\/www.bellunopress.it\/fr\/author\/redazione\/"}]}},"_links":{"self":[{"href":"https:\/\/www.bellunopress.it\/fr\/wp-json\/wp\/v2\/posts\/35444","targetHints":{"allow":["GET"]}}],"collection":[{"href":"https:\/\/www.bellunopress.it\/fr\/wp-json\/wp\/v2\/posts"}],"about":[{"href":"https:\/\/www.bellunopress.it\/fr\/wp-json\/wp\/v2\/types\/post"}],"author":[{"embeddable":true,"href":"https:\/\/www.bellunopress.it\/fr\/wp-json\/wp\/v2\/users\/2"}],"replies":[{"embeddable":true,"href":"https:\/\/www.bellunopress.it\/fr\/wp-json\/wp\/v2\/comments?post=35444"}],"version-history":[{"count":1,"href":"https:\/\/www.bellunopress.it\/fr\/wp-json\/wp\/v2\/posts\/35444\/revisions"}],"predecessor-version":[{"id":35445,"href":"https:\/\/www.bellunopress.it\/fr\/wp-json\/wp\/v2\/posts\/35444\/revisions\/35445"}],"wp:attachment":[{"href":"https:\/\/www.bellunopress.it\/fr\/wp-json\/wp\/v2\/media?parent=35444"}],"wp:term":[{"taxonomy":"category","embeddable":true,"href":"https:\/\/www.bellunopress.it\/fr\/wp-json\/wp\/v2\/categories?post=35444"},{"taxonomy":"post_tag","embeddable":true,"href":"https:\/\/www.bellunopress.it\/fr\/wp-json\/wp\/v2\/tags?post=35444"}],"curies":[{"name":"wp","href":"https:\/\/api.w.org\/{rel}","templated":true}]}}