{"id":35411,"date":"2012-02-24T23:15:42","date_gmt":"2012-02-24T22:15:42","guid":{"rendered":"http:\/\/www.bellunopress.it\/?p=35411"},"modified":"2012-02-24T23:15:42","modified_gmt":"2012-02-24T22:15:42","slug":"longarone-fiere-prosegue-questo-fine-settimana-costruire-2012","status":"publish","type":"post","link":"https:\/\/www.bellunopress.it\/fr\/2012\/02\/24\/longarone-fiere-prosegue-questo-fine-settimana-costruire-2012\/","title":{"rendered":"Longarone fiere. Prosegue questo fine settimana Costruire 2012"},"content":{"rendered":"<p>E\u2019 ripresa con rinnovato ottimismo a Longarone Fiere Dolomiti la settima edizione di Costruire, il Salone dell\u2019edilizia e dell\u2019abitare, che proseguir\u00e0 sino a domenica 26 febbraio. Dopo il buon afflusso di visitatori registrato nell\u2019intero pomeriggio, la rassegna si prepara a dar vita alle ultime due giornate d\u2019apertura particolarmente interessanti sotto il profilo espositivo e convegnistico. Grazie all\u2019elevato livello qualitativo e di specializzazione, in fiera si sono visti oggi non solo operatori e tecnici del settore, ma anche privati e famiglie, che sono venuti a contatto con le novit\u00e0 in fatto di prodotti e attrezzature legate all\u2019edilizia, alle costruzioni tradizionali, alla bioedilizia e all\u2019abitare in generale.<\/p>\n<p>La giornata odierna si \u00e8 aperta con la spettacolare e molto seguita esercitazione e dimostrazione di recupero di persona con elicottero curata dal Corpo Nazionale Soccorso Alpino e Speleologico di Belluno. E\u2019 seguito il partecipato l\u2019incontro sul tema: \u201cLa corretta gestione delle emergenze in ambito montano e le novit\u00e0 sulla formazione obbligatoria dei lavoratori introdotte dalla nuova normativa\u201d, promosso dal CPT \u2013 Comitato Paritetico Territoriale e dallo stesso Corpo Nazionale di Soccorso Alpino che ha permesso di fare il punto della situazione su un tema molto delicato quale la sicurezza e la prevenzione nei cantieri di lavoro. Nell\u2019ultimo anno si \u00e8 verificato un significativo calo del numero degli infortuni sul lavoro e questo grazie ad un lavoro di squadra che ha visto coinvolti pi\u00f9 enti impegnati in formazione e controlli.<\/p>\n<p>Particolarmente apprezzato anche il seminario tecnico dedicato al tema dell\u2019acustica in edilizia, alla relativa normativa di riferimento ed ai materiali, le tecniche di posa e i risultati ottenibili, organizzato da Acustica Sistemi, Hydrotecno e Sinthesi Engineering.<\/p>\n<p>Domani, sabato 25 febbraio (l\u2019orario d\u2019apertura \u00e8 dalle 10 alle 19), la giornata vivr\u00e0 diversi momenti convegnistici di assoluto interesse. Alle 10.30 in Sala Congressi si terr\u00e0 la tavola rotonda focalizzata sulle case in legno interamente realizzate nel territorio, con materiale proveniente dai boschi bellunesi e lavorazioni eseguite da artigiani e aziende industriali della provincia, sul tema: &#8220;Architettura sostenibile: tra idee e pratica \u2013 Il percorso di ANAB Veneto e l\u2019esempio di Mavima Bautec: la casa delle Dolomiti Bellunesi\u201d. L\u2019incontro \u00e8 promosso dall\u2019Anab Veneto, sezione regionale dell\u2019Associazione Nazionale di Architettura Biologica. In contemporanea, nella Sala Barel, spazio all\u2019azienda Fagherazzi Snc che tratter\u00e0 della finestra del nuovo millennio. Il programma si chiuder\u00e0 alle 15 con l\u2019atteso convegno sul tema: \u201cLa sfida delle costruzioni: semplificazione amministrativa e accesso al credito\u201d, che vedr\u00e0 protagonista il Tavolo di coordinamento del settore edile, organismo del territorio che \u00e8 composto dalla sezione Costruttori Edili &#8211; Confindustria Belluno Dolomiti, dalla sezione Edili \u2013 Appia Belluno, sezione Edili \u2013 Unione Artigiani Belluno, dal Collegio dei Geometri della Provincia di Belluno, dal Collegio dei Periti Industriali e dei Periti Industriali Laureati della Provincia di Bel\u00adluno, dal Forum per l\u2019Architettura della Provincia di Belluno, dagli Ordini degli Ingegneri e degli Architetti di Belluno, in collaborazione con il Centro Studi Bellunese. Un momento di confronto che vedr\u00e0 presenti tutte le forze provinciali di settore impegnate a definire delle proposte operative per uscire dalla difficile situazione attuale.<\/p>\n<p>&nbsp;<\/p>","protected":false},"excerpt":{"rendered":"<p>E\u2019 ripresa con rinnovato ottimismo a Longarone Fiere Dolomiti la settima edizione di Costruire, il Salone dell\u2019edilizia e dell\u2019abitare, che proseguir\u00e0 sino a domenica 26 febbraio. Dopo il buon afflusso di visitatori registrato nell\u2019intero pomeriggio, la rassegna si prepara a dar vita alle ultime due giornate d\u2019apertura particolarmente interessanti sotto il profilo espositivo e convegnistico. [&hellip;]<\/p>\n","protected":false},"author":2,"featured_media":0,"comment_status":"closed","ping_status":"open","sticky":false,"template":"","format":"standard","meta":{"footnotes":""},"categories":[27,25],"tags":[],"class_list":["post-35411","post","type-post","status-publish","format-standard","category-appuntamenti","category-pausa-caffe"],"yoast_head":"<!-- This site is optimized with the Yoast SEO plugin v28.4 - https:\/\/yoast.com\/product\/yoast-seo-wordpress\/ -->\n<title>Longarone fiere. Prosegue questo fine settimana Costruire 2012  - Bellunopress - Dolomiti<\/title>\n<meta name=\"robots\" content=\"index, follow, max-snippet:-1, max-image-preview:large, max-video-preview:-1\" \/>\n<link rel=\"canonical\" href=\"https:\/\/www.bellunopress.it\/fr\/2012\/02\/24\/longarone-fiere-prosegue-questo-fine-settimana-costruire-2012\/\" \/>\n<meta property=\"og:locale\" content=\"fr_FR\" \/>\n<meta property=\"og:type\" content=\"article\" \/>\n<meta property=\"og:title\" content=\"Longarone fiere. Prosegue questo fine settimana Costruire 2012  - Bellunopress - Dolomiti\" \/>\n<meta property=\"og:description\" content=\"E\u2019 ripresa con rinnovato ottimismo a Longarone Fiere Dolomiti la settima edizione di Costruire, il Salone dell\u2019edilizia e dell\u2019abitare, che proseguir\u00e0 sino a domenica 26 febbraio. Dopo il buon afflusso di visitatori registrato nell\u2019intero pomeriggio, la rassegna si prepara a dar vita alle ultime due giornate d\u2019apertura particolarmente interessanti sotto il profilo espositivo e convegnistico. [&hellip;]\" \/>\n<meta property=\"og:url\" content=\"https:\/\/www.bellunopress.it\/fr\/2012\/02\/24\/longarone-fiere-prosegue-questo-fine-settimana-costruire-2012\/\" \/>\n<meta property=\"og:site_name\" content=\"Bellunopress - Dolomiti\" \/>\n<meta property=\"article:publisher\" content=\"https:\/\/www.facebook.com\/profile.php?id=100008943462799\" \/>\n<meta property=\"article:published_time\" content=\"2012-02-24T22:15:42+00:00\" \/>\n<meta property=\"og:image\" content=\"http:\/\/www.bellunopress.it\/wp-content\/uploads\/2012\/07\/logo-bellunopress-250x250-2012.jpg\" \/>\n<meta name=\"author\" content=\"redazione\" \/>\n<meta name=\"twitter:card\" content=\"summary_large_image\" \/>\n<meta name=\"twitter:creator\" content=\"@bellunopress\" \/>\n<meta name=\"twitter:site\" content=\"@bellunopress\" \/>\n<meta name=\"twitter:label1\" content=\"\u00c9crit par\" \/>\n\t<meta name=\"twitter:data1\" content=\"redazione\" \/>\n\t<meta name=\"twitter:label2\" content=\"Dur\u00e9e de lecture estim\u00e9e\" \/>\n\t<meta name=\"twitter:data2\" content=\"3 minutes\" \/>\n<script type=\"application\/ld+json\" class=\"yoast-schema-graph\">{\"@context\":\"https:\\\/\\\/schema.org\",\"@graph\":[{\"@type\":\"Article\",\"@id\":\"https:\\\/\\\/www.bellunopress.it\\\/2012\\\/02\\\/24\\\/longarone-fiere-prosegue-questo-fine-settimana-costruire-2012\\\/#article\",\"isPartOf\":{\"@id\":\"https:\\\/\\\/www.bellunopress.it\\\/2012\\\/02\\\/24\\\/longarone-fiere-prosegue-questo-fine-settimana-costruire-2012\\\/\"},\"author\":{\"name\":\"redazione\",\"@id\":\"https:\\\/\\\/www.bellunopress.it\\\/#\\\/schema\\\/person\\\/79bb06722b37ece1c03d3e94beb30d73\"},\"headline\":\"Longarone fiere. Prosegue questo fine settimana Costruire 2012\",\"datePublished\":\"2012-02-24T22:15:42+00:00\",\"mainEntityOfPage\":{\"@id\":\"https:\\\/\\\/www.bellunopress.it\\\/2012\\\/02\\\/24\\\/longarone-fiere-prosegue-questo-fine-settimana-costruire-2012\\\/\"},\"wordCount\":519,\"publisher\":{\"@id\":\"https:\\\/\\\/www.bellunopress.it\\\/#organization\"},\"articleSection\":[\"Appuntamenti, Eventi\",\"Pausa Caff\u00e8\"],\"inLanguage\":\"fr-FR\"},{\"@type\":\"WebPage\",\"@id\":\"https:\\\/\\\/www.bellunopress.it\\\/2012\\\/02\\\/24\\\/longarone-fiere-prosegue-questo-fine-settimana-costruire-2012\\\/\",\"url\":\"https:\\\/\\\/www.bellunopress.it\\\/2012\\\/02\\\/24\\\/longarone-fiere-prosegue-questo-fine-settimana-costruire-2012\\\/\",\"name\":\"Longarone fiere. Prosegue questo fine settimana Costruire 2012 - Bellunopress - Dolomiti\",\"isPartOf\":{\"@id\":\"https:\\\/\\\/www.bellunopress.it\\\/#website\"},\"datePublished\":\"2012-02-24T22:15:42+00:00\",\"breadcrumb\":{\"@id\":\"https:\\\/\\\/www.bellunopress.it\\\/2012\\\/02\\\/24\\\/longarone-fiere-prosegue-questo-fine-settimana-costruire-2012\\\/#breadcrumb\"},\"inLanguage\":\"fr-FR\",\"potentialAction\":[{\"@type\":\"ReadAction\",\"target\":[\"https:\\\/\\\/www.bellunopress.it\\\/2012\\\/02\\\/24\\\/longarone-fiere-prosegue-questo-fine-settimana-costruire-2012\\\/\"]}]},{\"@type\":\"BreadcrumbList\",\"@id\":\"https:\\\/\\\/www.bellunopress.it\\\/2012\\\/02\\\/24\\\/longarone-fiere-prosegue-questo-fine-settimana-costruire-2012\\\/#breadcrumb\",\"itemListElement\":[{\"@type\":\"ListItem\",\"position\":1,\"name\":\"Home\",\"item\":\"https:\\\/\\\/www.bellunopress.it\\\/\"},{\"@type\":\"ListItem\",\"position\":2,\"name\":\"Longarone fiere. Prosegue questo fine settimana Costruire 2012\"}]},{\"@type\":\"WebSite\",\"@id\":\"https:\\\/\\\/www.bellunopress.it\\\/#website\",\"url\":\"https:\\\/\\\/www.bellunopress.it\\\/\",\"name\":\"Bellunopress - Dolomiti\",\"description\":\"e-mail: redazione@bellunopress.it\",\"publisher\":{\"@id\":\"https:\\\/\\\/www.bellunopress.it\\\/#organization\"},\"potentialAction\":[{\"@type\":\"SearchAction\",\"target\":{\"@type\":\"EntryPoint\",\"urlTemplate\":\"https:\\\/\\\/www.bellunopress.it\\\/?s={search_term_string}\"},\"query-input\":{\"@type\":\"PropertyValueSpecification\",\"valueRequired\":true,\"valueName\":\"search_term_string\"}}],\"inLanguage\":\"fr-FR\"},{\"@type\":\"Organization\",\"@id\":\"https:\\\/\\\/www.bellunopress.it\\\/#organization\",\"name\":\"Bellunopress\",\"url\":\"https:\\\/\\\/www.bellunopress.it\\\/\",\"logo\":{\"@type\":\"ImageObject\",\"inLanguage\":\"fr-FR\",\"@id\":\"https:\\\/\\\/www.bellunopress.it\\\/#\\\/schema\\\/logo\\\/image\\\/\",\"url\":\"https:\\\/\\\/www.bellunopress.it\\\/wp-content\\\/uploads\\\/2011\\\/05\\\/cropped-logo-bellunopress-.jpg\",\"contentUrl\":\"https:\\\/\\\/www.bellunopress.it\\\/wp-content\\\/uploads\\\/2011\\\/05\\\/cropped-logo-bellunopress-.jpg\",\"width\":512,\"height\":512,\"caption\":\"Bellunopress\"},\"image\":{\"@id\":\"https:\\\/\\\/www.bellunopress.it\\\/#\\\/schema\\\/logo\\\/image\\\/\"},\"sameAs\":[\"https:\\\/\\\/www.facebook.com\\\/profile.php?id=100008943462799\",\"https:\\\/\\\/x.com\\\/bellunopress\",\"https:\\\/\\\/www.linkedin.com\\\/hp\\\/?dnr=JBzUWaJfMUw8vbXJJ2tVW5-I3jZKvC4wsoxE&amp;amp;amp;amp;amp;amp;trk=nav_responsive_tab_home\",\"https:\\\/\\\/www.youtube.com\\\/channel\\\/UCxL0wu1uN0_3_7hGG0306cw\"]},{\"@type\":\"Person\",\"@id\":\"https:\\\/\\\/www.bellunopress.it\\\/#\\\/schema\\\/person\\\/79bb06722b37ece1c03d3e94beb30d73\",\"name\":\"redazione\",\"image\":{\"@type\":\"ImageObject\",\"inLanguage\":\"fr-FR\",\"@id\":\"https:\\\/\\\/secure.gravatar.com\\\/avatar\\\/37d968a2e67a6fd04c169c4bdef102d0bc5d31b2546345219e348575eb80e9a0?s=96&d=mm&r=g\",\"url\":\"https:\\\/\\\/secure.gravatar.com\\\/avatar\\\/37d968a2e67a6fd04c169c4bdef102d0bc5d31b2546345219e348575eb80e9a0?s=96&d=mm&r=g\",\"contentUrl\":\"https:\\\/\\\/secure.gravatar.com\\\/avatar\\\/37d968a2e67a6fd04c169c4bdef102d0bc5d31b2546345219e348575eb80e9a0?s=96&d=mm&r=g\",\"caption\":\"redazione\"},\"sameAs\":[\"http:\\\/\\\/www.bellunopress.it\",\"https:\\\/\\\/x.com\\\/bellunopress\"],\"url\":\"https:\\\/\\\/www.bellunopress.it\\\/fr\\\/author\\\/redazione\\\/\"}]}<\/script>\n<!-- \/ Yoast SEO plugin. -->","yoast_head_json":{"title":"Longarone fiere. Prosegue questo fine settimana Costruire 2012  - Bellunopress - Dolomiti","robots":{"index":"index","follow":"follow","max-snippet":"max-snippet:-1","max-image-preview":"max-image-preview:large","max-video-preview":"max-video-preview:-1"},"canonical":"https:\/\/www.bellunopress.it\/fr\/2012\/02\/24\/longarone-fiere-prosegue-questo-fine-settimana-costruire-2012\/","og_locale":"fr_FR","og_type":"article","og_title":"Longarone fiere. Prosegue questo fine settimana Costruire 2012  - Bellunopress - Dolomiti","og_description":"E\u2019 ripresa con rinnovato ottimismo a Longarone Fiere Dolomiti la settima edizione di Costruire, il Salone dell\u2019edilizia e dell\u2019abitare, che proseguir\u00e0 sino a domenica 26 febbraio. Dopo il buon afflusso di visitatori registrato nell\u2019intero pomeriggio, la rassegna si prepara a dar vita alle ultime due giornate d\u2019apertura particolarmente interessanti sotto il profilo espositivo e convegnistico. [&hellip;]","og_url":"https:\/\/www.bellunopress.it\/fr\/2012\/02\/24\/longarone-fiere-prosegue-questo-fine-settimana-costruire-2012\/","og_site_name":"Bellunopress - Dolomiti","article_publisher":"https:\/\/www.facebook.com\/profile.php?id=100008943462799","article_published_time":"2012-02-24T22:15:42+00:00","og_image":[{"url":"http:\/\/www.bellunopress.it\/wp-content\/uploads\/2012\/07\/logo-bellunopress-250x250-2012.jpg","type":"","width":"","height":""}],"author":"redazione","twitter_card":"summary_large_image","twitter_creator":"@bellunopress","twitter_site":"@bellunopress","twitter_misc":{"\u00c9crit par":"redazione","Dur\u00e9e de lecture estim\u00e9e":"3 minutes"},"schema":{"@context":"https:\/\/schema.org","@graph":[{"@type":"Article","@id":"https:\/\/www.bellunopress.it\/2012\/02\/24\/longarone-fiere-prosegue-questo-fine-settimana-costruire-2012\/#article","isPartOf":{"@id":"https:\/\/www.bellunopress.it\/2012\/02\/24\/longarone-fiere-prosegue-questo-fine-settimana-costruire-2012\/"},"author":{"name":"redazione","@id":"https:\/\/www.bellunopress.it\/#\/schema\/person\/79bb06722b37ece1c03d3e94beb30d73"},"headline":"Longarone fiere. Prosegue questo fine settimana Costruire 2012","datePublished":"2012-02-24T22:15:42+00:00","mainEntityOfPage":{"@id":"https:\/\/www.bellunopress.it\/2012\/02\/24\/longarone-fiere-prosegue-questo-fine-settimana-costruire-2012\/"},"wordCount":519,"publisher":{"@id":"https:\/\/www.bellunopress.it\/#organization"},"articleSection":["Appuntamenti, Eventi","Pausa Caff\u00e8"],"inLanguage":"fr-FR"},{"@type":"WebPage","@id":"https:\/\/www.bellunopress.it\/2012\/02\/24\/longarone-fiere-prosegue-questo-fine-settimana-costruire-2012\/","url":"https:\/\/www.bellunopress.it\/2012\/02\/24\/longarone-fiere-prosegue-questo-fine-settimana-costruire-2012\/","name":"Longarone fiere. Prosegue questo fine settimana Costruire 2012 - Bellunopress - Dolomiti","isPartOf":{"@id":"https:\/\/www.bellunopress.it\/#website"},"datePublished":"2012-02-24T22:15:42+00:00","breadcrumb":{"@id":"https:\/\/www.bellunopress.it\/2012\/02\/24\/longarone-fiere-prosegue-questo-fine-settimana-costruire-2012\/#breadcrumb"},"inLanguage":"fr-FR","potentialAction":[{"@type":"ReadAction","target":["https:\/\/www.bellunopress.it\/2012\/02\/24\/longarone-fiere-prosegue-questo-fine-settimana-costruire-2012\/"]}]},{"@type":"BreadcrumbList","@id":"https:\/\/www.bellunopress.it\/2012\/02\/24\/longarone-fiere-prosegue-questo-fine-settimana-costruire-2012\/#breadcrumb","itemListElement":[{"@type":"ListItem","position":1,"name":"Home","item":"https:\/\/www.bellunopress.it\/"},{"@type":"ListItem","position":2,"name":"Longarone fiere. Prosegue questo fine settimana Costruire 2012"}]},{"@type":"WebSite","@id":"https:\/\/www.bellunopress.it\/#website","url":"https:\/\/www.bellunopress.it\/","name":"Bellunopress - Dolomiti","description":"e-mail: redazione@bellunopress.it","publisher":{"@id":"https:\/\/www.bellunopress.it\/#organization"},"potentialAction":[{"@type":"SearchAction","target":{"@type":"EntryPoint","urlTemplate":"https:\/\/www.bellunopress.it\/?s={search_term_string}"},"query-input":{"@type":"PropertyValueSpecification","valueRequired":true,"valueName":"search_term_string"}}],"inLanguage":"fr-FR"},{"@type":"Organization","@id":"https:\/\/www.bellunopress.it\/#organization","name":"Bellunopress","url":"https:\/\/www.bellunopress.it\/","logo":{"@type":"ImageObject","inLanguage":"fr-FR","@id":"https:\/\/www.bellunopress.it\/#\/schema\/logo\/image\/","url":"https:\/\/www.bellunopress.it\/wp-content\/uploads\/2011\/05\/cropped-logo-bellunopress-.jpg","contentUrl":"https:\/\/www.bellunopress.it\/wp-content\/uploads\/2011\/05\/cropped-logo-bellunopress-.jpg","width":512,"height":512,"caption":"Bellunopress"},"image":{"@id":"https:\/\/www.bellunopress.it\/#\/schema\/logo\/image\/"},"sameAs":["https:\/\/www.facebook.com\/profile.php?id=100008943462799","https:\/\/x.com\/bellunopress","https:\/\/www.linkedin.com\/hp\/?dnr=JBzUWaJfMUw8vbXJJ2tVW5-I3jZKvC4wsoxE&amp;amp;amp;amp;amp;amp;trk=nav_responsive_tab_home","https:\/\/www.youtube.com\/channel\/UCxL0wu1uN0_3_7hGG0306cw"]},{"@type":"Person","@id":"https:\/\/www.bellunopress.it\/#\/schema\/person\/79bb06722b37ece1c03d3e94beb30d73","name":"r\u00e9daction","image":{"@type":"ImageObject","inLanguage":"fr-FR","@id":"https:\/\/secure.gravatar.com\/avatar\/37d968a2e67a6fd04c169c4bdef102d0bc5d31b2546345219e348575eb80e9a0?s=96&d=mm&r=g","url":"https:\/\/secure.gravatar.com\/avatar\/37d968a2e67a6fd04c169c4bdef102d0bc5d31b2546345219e348575eb80e9a0?s=96&d=mm&r=g","contentUrl":"https:\/\/secure.gravatar.com\/avatar\/37d968a2e67a6fd04c169c4bdef102d0bc5d31b2546345219e348575eb80e9a0?s=96&d=mm&r=g","caption":"redazione"},"sameAs":["http:\/\/www.bellunopress.it","https:\/\/x.com\/bellunopress"],"url":"https:\/\/www.bellunopress.it\/fr\/author\/redazione\/"}]}},"_links":{"self":[{"href":"https:\/\/www.bellunopress.it\/fr\/wp-json\/wp\/v2\/posts\/35411","targetHints":{"allow":["GET"]}}],"collection":[{"href":"https:\/\/www.bellunopress.it\/fr\/wp-json\/wp\/v2\/posts"}],"about":[{"href":"https:\/\/www.bellunopress.it\/fr\/wp-json\/wp\/v2\/types\/post"}],"author":[{"embeddable":true,"href":"https:\/\/www.bellunopress.it\/fr\/wp-json\/wp\/v2\/users\/2"}],"replies":[{"embeddable":true,"href":"https:\/\/www.bellunopress.it\/fr\/wp-json\/wp\/v2\/comments?post=35411"}],"version-history":[{"count":1,"href":"https:\/\/www.bellunopress.it\/fr\/wp-json\/wp\/v2\/posts\/35411\/revisions"}],"predecessor-version":[{"id":35412,"href":"https:\/\/www.bellunopress.it\/fr\/wp-json\/wp\/v2\/posts\/35411\/revisions\/35412"}],"wp:attachment":[{"href":"https:\/\/www.bellunopress.it\/fr\/wp-json\/wp\/v2\/media?parent=35411"}],"wp:term":[{"taxonomy":"category","embeddable":true,"href":"https:\/\/www.bellunopress.it\/fr\/wp-json\/wp\/v2\/categories?post=35411"},{"taxonomy":"post_tag","embeddable":true,"href":"https:\/\/www.bellunopress.it\/fr\/wp-json\/wp\/v2\/tags?post=35411"}],"curies":[{"name":"wp","href":"https:\/\/api.w.org\/{rel}","templated":true}]}}