{"id":35408,"date":"2012-02-24T22:53:15","date_gmt":"2012-02-24T21:53:15","guid":{"rendered":"http:\/\/www.bellunopress.it\/?p=35408"},"modified":"2012-02-24T22:53:15","modified_gmt":"2012-02-24T21:53:15","slug":"i-prossimi-appuntamenti-con-lassociazione-diabetici","status":"publish","type":"post","link":"https:\/\/www.bellunopress.it\/fr\/2012\/02\/24\/i-prossimi-appuntamenti-con-lassociazione-diabetici\/","title":{"rendered":"I prossimi appuntamenti con l&#8217;Associazione diabetici"},"content":{"rendered":"<p>Vi presentiamo in queste poche righe i prossimi appuntamenti che l&#8217;associazione diabetici bellunese ha in programma nei prossimi giorni. Il prossimo incontro si terr\u00e0 il 28 febbraio alle ore 20:30 presso la Biblioteca civica &#8220;De Lotto&#8221; di Calalzo di cadore e verr\u00e0 presentato il libro \u201cNel bosco di-abete\u201d di Alberto Ghelli &#8211; Un coraggioso e generoso racconto di un\u2019esperienza vissuta sulla propria pelle: il diabete. Una nuova vita, la paura, le difficolt\u00e0, lo sconforto di fronte ad un \u201cfulmine a ciel sereno\u201d, inaspettato. Un incontro con un dottore che gli consiglia attivit\u00e0 fisica segna la svolta. Dopo diversi approcci arriva al podismo, corre sempre di pi\u00f9 fino a raggiungere risultati eccellenti, con lo stupore di tutti, dottori compresi. Fa tutte le maratone possibili, anche la \u201c100 Km del Passatore\u201d. E vince pure la sfida pi\u00f9 grande: il Kilimanjaro. Alberto Ghelli si mette a nudo e scrive la sua storia, una storia a lieto fine. Un grande esempio per i diabetici e non solo. Sar\u00e0 un incotro molto interessante e per informazioni contattare Marcella 3406456904.<\/p>\n<p>Continua lo sportello amico a Belluno che si terr\u00e0 il 05 marzo dalle 17 alle 19 in via Piave 5 \u2013 Belluno e per informazioni Antonella 3492388383, mentre lo sportello amico di Agordo \u00e8 fissato per mercoled\u00ec 07 marzo presso il il Circolo culturale Agordino in via XXVII Aprile \u2013 Agordo per informazioni Federico 3202720667 dalle 17 alle 19 (l&#8217;orario \u00e8 stato cambiato). Inoltre potrete chiedere informazioni sull&#8217;Adb anche presso i centri di diabetologia dei tre Ospedali dell&#8217;Usl 1. Visitate il sito internet www.adbbelluno.it e ci trovate anche su Facebook ADB Bellunese. Questi 2 strumenti vi permetteranno di essere sempre aggiornati sulle attivit\u00e0 dell&#8217;associazione e sulle ultime notizie che riguardano il diabete.<\/p>\n<p>L&#8217;associazione continua a crescere ed ha in progetto molte idee per il 2012.<\/p>","protected":false},"excerpt":{"rendered":"<p>Vi presentiamo in queste poche righe i prossimi appuntamenti che l&#8217;associazione diabetici bellunese ha in programma nei prossimi giorni. Il prossimo incontro si terr\u00e0 il 28 febbraio alle ore 20:30 presso la Biblioteca civica &#8220;De Lotto&#8221; di Calalzo di cadore e verr\u00e0 presentato il libro \u201cNel bosco di-abete\u201d di Alberto Ghelli &#8211; Un coraggioso e [&hellip;]<\/p>\n","protected":false},"author":2,"featured_media":0,"comment_status":"closed","ping_status":"open","sticky":false,"template":"","format":"standard","meta":{"footnotes":""},"categories":[27,25,8],"tags":[],"class_list":["post-35408","post","type-post","status-publish","format-standard","category-appuntamenti","category-pausa-caffe","category-societa-istituzioni"],"yoast_head":"<!-- This site is optimized with the Yoast SEO plugin v28.4 - https:\/\/yoast.com\/product\/yoast-seo-wordpress\/ -->\n<title>I prossimi appuntamenti con l&#039;Associazione diabetici - Bellunopress - Dolomiti<\/title>\n<meta name=\"robots\" content=\"index, follow, max-snippet:-1, max-image-preview:large, max-video-preview:-1\" \/>\n<link rel=\"canonical\" href=\"https:\/\/www.bellunopress.it\/fr\/2012\/02\/24\/i-prossimi-appuntamenti-con-lassociazione-diabetici\/\" \/>\n<meta property=\"og:locale\" content=\"fr_FR\" \/>\n<meta property=\"og:type\" content=\"article\" \/>\n<meta property=\"og:title\" content=\"I prossimi appuntamenti con l&#039;Associazione diabetici - Bellunopress - Dolomiti\" \/>\n<meta property=\"og:description\" content=\"Vi presentiamo in queste poche righe i prossimi appuntamenti che l&#8217;associazione diabetici bellunese ha in programma nei prossimi giorni. Il prossimo incontro si terr\u00e0 il 28 febbraio alle ore 20:30 presso la Biblioteca civica &#8220;De Lotto&#8221; di Calalzo di cadore e verr\u00e0 presentato il libro \u201cNel bosco di-abete\u201d di Alberto Ghelli &#8211; Un coraggioso e [&hellip;]\" \/>\n<meta property=\"og:url\" content=\"https:\/\/www.bellunopress.it\/fr\/2012\/02\/24\/i-prossimi-appuntamenti-con-lassociazione-diabetici\/\" \/>\n<meta property=\"og:site_name\" content=\"Bellunopress - Dolomiti\" \/>\n<meta property=\"article:publisher\" content=\"https:\/\/www.facebook.com\/profile.php?id=100008943462799\" \/>\n<meta property=\"article:published_time\" content=\"2012-02-24T21:53:15+00:00\" \/>\n<meta property=\"og:image\" content=\"http:\/\/www.bellunopress.it\/wp-content\/uploads\/2012\/07\/logo-bellunopress-250x250-2012.jpg\" \/>\n<meta name=\"author\" content=\"redazione\" \/>\n<meta name=\"twitter:card\" content=\"summary_large_image\" \/>\n<meta name=\"twitter:creator\" content=\"@bellunopress\" \/>\n<meta name=\"twitter:site\" content=\"@bellunopress\" \/>\n<meta name=\"twitter:label1\" content=\"\u00c9crit par\" \/>\n\t<meta name=\"twitter:data1\" content=\"redazione\" \/>\n\t<meta name=\"twitter:label2\" content=\"Dur\u00e9e de lecture estim\u00e9e\" \/>\n\t<meta name=\"twitter:data2\" content=\"1 minute\" \/>\n<script type=\"application\/ld+json\" class=\"yoast-schema-graph\">{\"@context\":\"https:\\\/\\\/schema.org\",\"@graph\":[{\"@type\":\"Article\",\"@id\":\"https:\\\/\\\/www.bellunopress.it\\\/2012\\\/02\\\/24\\\/i-prossimi-appuntamenti-con-lassociazione-diabetici\\\/#article\",\"isPartOf\":{\"@id\":\"https:\\\/\\\/www.bellunopress.it\\\/2012\\\/02\\\/24\\\/i-prossimi-appuntamenti-con-lassociazione-diabetici\\\/\"},\"author\":{\"name\":\"redazione\",\"@id\":\"https:\\\/\\\/www.bellunopress.it\\\/#\\\/schema\\\/person\\\/79bb06722b37ece1c03d3e94beb30d73\"},\"headline\":\"I prossimi appuntamenti con l&#8217;Associazione diabetici\",\"datePublished\":\"2012-02-24T21:53:15+00:00\",\"mainEntityOfPage\":{\"@id\":\"https:\\\/\\\/www.bellunopress.it\\\/2012\\\/02\\\/24\\\/i-prossimi-appuntamenti-con-lassociazione-diabetici\\\/\"},\"wordCount\":295,\"publisher\":{\"@id\":\"https:\\\/\\\/www.bellunopress.it\\\/#organization\"},\"articleSection\":[\"Appuntamenti, Eventi\",\"Pausa Caff\u00e8\",\"Societ\u00e0, Associazioni, Istituzioni\"],\"inLanguage\":\"fr-FR\"},{\"@type\":\"WebPage\",\"@id\":\"https:\\\/\\\/www.bellunopress.it\\\/2012\\\/02\\\/24\\\/i-prossimi-appuntamenti-con-lassociazione-diabetici\\\/\",\"url\":\"https:\\\/\\\/www.bellunopress.it\\\/2012\\\/02\\\/24\\\/i-prossimi-appuntamenti-con-lassociazione-diabetici\\\/\",\"name\":\"I prossimi appuntamenti con l'Associazione diabetici - Bellunopress - Dolomiti\",\"isPartOf\":{\"@id\":\"https:\\\/\\\/www.bellunopress.it\\\/#website\"},\"datePublished\":\"2012-02-24T21:53:15+00:00\",\"breadcrumb\":{\"@id\":\"https:\\\/\\\/www.bellunopress.it\\\/2012\\\/02\\\/24\\\/i-prossimi-appuntamenti-con-lassociazione-diabetici\\\/#breadcrumb\"},\"inLanguage\":\"fr-FR\",\"potentialAction\":[{\"@type\":\"ReadAction\",\"target\":[\"https:\\\/\\\/www.bellunopress.it\\\/2012\\\/02\\\/24\\\/i-prossimi-appuntamenti-con-lassociazione-diabetici\\\/\"]}]},{\"@type\":\"BreadcrumbList\",\"@id\":\"https:\\\/\\\/www.bellunopress.it\\\/2012\\\/02\\\/24\\\/i-prossimi-appuntamenti-con-lassociazione-diabetici\\\/#breadcrumb\",\"itemListElement\":[{\"@type\":\"ListItem\",\"position\":1,\"name\":\"Home\",\"item\":\"https:\\\/\\\/www.bellunopress.it\\\/\"},{\"@type\":\"ListItem\",\"position\":2,\"name\":\"I prossimi appuntamenti con l&#8217;Associazione diabetici\"}]},{\"@type\":\"WebSite\",\"@id\":\"https:\\\/\\\/www.bellunopress.it\\\/#website\",\"url\":\"https:\\\/\\\/www.bellunopress.it\\\/\",\"name\":\"Bellunopress - Dolomiti\",\"description\":\"e-mail: redazione@bellunopress.it\",\"publisher\":{\"@id\":\"https:\\\/\\\/www.bellunopress.it\\\/#organization\"},\"potentialAction\":[{\"@type\":\"SearchAction\",\"target\":{\"@type\":\"EntryPoint\",\"urlTemplate\":\"https:\\\/\\\/www.bellunopress.it\\\/?s={search_term_string}\"},\"query-input\":{\"@type\":\"PropertyValueSpecification\",\"valueRequired\":true,\"valueName\":\"search_term_string\"}}],\"inLanguage\":\"fr-FR\"},{\"@type\":\"Organization\",\"@id\":\"https:\\\/\\\/www.bellunopress.it\\\/#organization\",\"name\":\"Bellunopress\",\"url\":\"https:\\\/\\\/www.bellunopress.it\\\/\",\"logo\":{\"@type\":\"ImageObject\",\"inLanguage\":\"fr-FR\",\"@id\":\"https:\\\/\\\/www.bellunopress.it\\\/#\\\/schema\\\/logo\\\/image\\\/\",\"url\":\"https:\\\/\\\/www.bellunopress.it\\\/wp-content\\\/uploads\\\/2011\\\/05\\\/cropped-logo-bellunopress-.jpg\",\"contentUrl\":\"https:\\\/\\\/www.bellunopress.it\\\/wp-content\\\/uploads\\\/2011\\\/05\\\/cropped-logo-bellunopress-.jpg\",\"width\":512,\"height\":512,\"caption\":\"Bellunopress\"},\"image\":{\"@id\":\"https:\\\/\\\/www.bellunopress.it\\\/#\\\/schema\\\/logo\\\/image\\\/\"},\"sameAs\":[\"https:\\\/\\\/www.facebook.com\\\/profile.php?id=100008943462799\",\"https:\\\/\\\/x.com\\\/bellunopress\",\"https:\\\/\\\/www.linkedin.com\\\/hp\\\/?dnr=JBzUWaJfMUw8vbXJJ2tVW5-I3jZKvC4wsoxE&amp;amp;amp;amp;amp;amp;trk=nav_responsive_tab_home\",\"https:\\\/\\\/www.youtube.com\\\/channel\\\/UCxL0wu1uN0_3_7hGG0306cw\"]},{\"@type\":\"Person\",\"@id\":\"https:\\\/\\\/www.bellunopress.it\\\/#\\\/schema\\\/person\\\/79bb06722b37ece1c03d3e94beb30d73\",\"name\":\"redazione\",\"image\":{\"@type\":\"ImageObject\",\"inLanguage\":\"fr-FR\",\"@id\":\"https:\\\/\\\/secure.gravatar.com\\\/avatar\\\/37d968a2e67a6fd04c169c4bdef102d0bc5d31b2546345219e348575eb80e9a0?s=96&d=mm&r=g\",\"url\":\"https:\\\/\\\/secure.gravatar.com\\\/avatar\\\/37d968a2e67a6fd04c169c4bdef102d0bc5d31b2546345219e348575eb80e9a0?s=96&d=mm&r=g\",\"contentUrl\":\"https:\\\/\\\/secure.gravatar.com\\\/avatar\\\/37d968a2e67a6fd04c169c4bdef102d0bc5d31b2546345219e348575eb80e9a0?s=96&d=mm&r=g\",\"caption\":\"redazione\"},\"sameAs\":[\"http:\\\/\\\/www.bellunopress.it\",\"https:\\\/\\\/x.com\\\/bellunopress\"],\"url\":\"https:\\\/\\\/www.bellunopress.it\\\/fr\\\/author\\\/redazione\\\/\"}]}<\/script>\n<!-- \/ Yoast SEO plugin. -->","yoast_head_json":{"title":"I prossimi appuntamenti con l'Associazione diabetici - Bellunopress - Dolomiti","robots":{"index":"index","follow":"follow","max-snippet":"max-snippet:-1","max-image-preview":"max-image-preview:large","max-video-preview":"max-video-preview:-1"},"canonical":"https:\/\/www.bellunopress.it\/fr\/2012\/02\/24\/i-prossimi-appuntamenti-con-lassociazione-diabetici\/","og_locale":"fr_FR","og_type":"article","og_title":"I prossimi appuntamenti con l'Associazione diabetici - Bellunopress - Dolomiti","og_description":"Vi presentiamo in queste poche righe i prossimi appuntamenti che l&#8217;associazione diabetici bellunese ha in programma nei prossimi giorni. Il prossimo incontro si terr\u00e0 il 28 febbraio alle ore 20:30 presso la Biblioteca civica &#8220;De Lotto&#8221; di Calalzo di cadore e verr\u00e0 presentato il libro \u201cNel bosco di-abete\u201d di Alberto Ghelli &#8211; Un coraggioso e [&hellip;]","og_url":"https:\/\/www.bellunopress.it\/fr\/2012\/02\/24\/i-prossimi-appuntamenti-con-lassociazione-diabetici\/","og_site_name":"Bellunopress - Dolomiti","article_publisher":"https:\/\/www.facebook.com\/profile.php?id=100008943462799","article_published_time":"2012-02-24T21:53:15+00:00","og_image":[{"url":"http:\/\/www.bellunopress.it\/wp-content\/uploads\/2012\/07\/logo-bellunopress-250x250-2012.jpg","type":"","width":"","height":""}],"author":"redazione","twitter_card":"summary_large_image","twitter_creator":"@bellunopress","twitter_site":"@bellunopress","twitter_misc":{"\u00c9crit par":"redazione","Dur\u00e9e de lecture estim\u00e9e":"1 minute"},"schema":{"@context":"https:\/\/schema.org","@graph":[{"@type":"Article","@id":"https:\/\/www.bellunopress.it\/2012\/02\/24\/i-prossimi-appuntamenti-con-lassociazione-diabetici\/#article","isPartOf":{"@id":"https:\/\/www.bellunopress.it\/2012\/02\/24\/i-prossimi-appuntamenti-con-lassociazione-diabetici\/"},"author":{"name":"redazione","@id":"https:\/\/www.bellunopress.it\/#\/schema\/person\/79bb06722b37ece1c03d3e94beb30d73"},"headline":"I prossimi appuntamenti con l&#8217;Associazione diabetici","datePublished":"2012-02-24T21:53:15+00:00","mainEntityOfPage":{"@id":"https:\/\/www.bellunopress.it\/2012\/02\/24\/i-prossimi-appuntamenti-con-lassociazione-diabetici\/"},"wordCount":295,"publisher":{"@id":"https:\/\/www.bellunopress.it\/#organization"},"articleSection":["Appuntamenti, Eventi","Pausa Caff\u00e8","Societ\u00e0, Associazioni, Istituzioni"],"inLanguage":"fr-FR"},{"@type":"WebPage","@id":"https:\/\/www.bellunopress.it\/2012\/02\/24\/i-prossimi-appuntamenti-con-lassociazione-diabetici\/","url":"https:\/\/www.bellunopress.it\/2012\/02\/24\/i-prossimi-appuntamenti-con-lassociazione-diabetici\/","name":"I prossimi appuntamenti con l'Associazione diabetici - Bellunopress - Dolomiti","isPartOf":{"@id":"https:\/\/www.bellunopress.it\/#website"},"datePublished":"2012-02-24T21:53:15+00:00","breadcrumb":{"@id":"https:\/\/www.bellunopress.it\/2012\/02\/24\/i-prossimi-appuntamenti-con-lassociazione-diabetici\/#breadcrumb"},"inLanguage":"fr-FR","potentialAction":[{"@type":"ReadAction","target":["https:\/\/www.bellunopress.it\/2012\/02\/24\/i-prossimi-appuntamenti-con-lassociazione-diabetici\/"]}]},{"@type":"BreadcrumbList","@id":"https:\/\/www.bellunopress.it\/2012\/02\/24\/i-prossimi-appuntamenti-con-lassociazione-diabetici\/#breadcrumb","itemListElement":[{"@type":"ListItem","position":1,"name":"Home","item":"https:\/\/www.bellunopress.it\/"},{"@type":"ListItem","position":2,"name":"I prossimi appuntamenti con l&#8217;Associazione diabetici"}]},{"@type":"WebSite","@id":"https:\/\/www.bellunopress.it\/#website","url":"https:\/\/www.bellunopress.it\/","name":"Bellunopress - Dolomiti","description":"e-mail: redazione@bellunopress.it","publisher":{"@id":"https:\/\/www.bellunopress.it\/#organization"},"potentialAction":[{"@type":"SearchAction","target":{"@type":"EntryPoint","urlTemplate":"https:\/\/www.bellunopress.it\/?s={search_term_string}"},"query-input":{"@type":"PropertyValueSpecification","valueRequired":true,"valueName":"search_term_string"}}],"inLanguage":"fr-FR"},{"@type":"Organization","@id":"https:\/\/www.bellunopress.it\/#organization","name":"Bellunopress","url":"https:\/\/www.bellunopress.it\/","logo":{"@type":"ImageObject","inLanguage":"fr-FR","@id":"https:\/\/www.bellunopress.it\/#\/schema\/logo\/image\/","url":"https:\/\/www.bellunopress.it\/wp-content\/uploads\/2011\/05\/cropped-logo-bellunopress-.jpg","contentUrl":"https:\/\/www.bellunopress.it\/wp-content\/uploads\/2011\/05\/cropped-logo-bellunopress-.jpg","width":512,"height":512,"caption":"Bellunopress"},"image":{"@id":"https:\/\/www.bellunopress.it\/#\/schema\/logo\/image\/"},"sameAs":["https:\/\/www.facebook.com\/profile.php?id=100008943462799","https:\/\/x.com\/bellunopress","https:\/\/www.linkedin.com\/hp\/?dnr=JBzUWaJfMUw8vbXJJ2tVW5-I3jZKvC4wsoxE&amp;amp;amp;amp;amp;amp;trk=nav_responsive_tab_home","https:\/\/www.youtube.com\/channel\/UCxL0wu1uN0_3_7hGG0306cw"]},{"@type":"Person","@id":"https:\/\/www.bellunopress.it\/#\/schema\/person\/79bb06722b37ece1c03d3e94beb30d73","name":"r\u00e9daction","image":{"@type":"ImageObject","inLanguage":"fr-FR","@id":"https:\/\/secure.gravatar.com\/avatar\/37d968a2e67a6fd04c169c4bdef102d0bc5d31b2546345219e348575eb80e9a0?s=96&d=mm&r=g","url":"https:\/\/secure.gravatar.com\/avatar\/37d968a2e67a6fd04c169c4bdef102d0bc5d31b2546345219e348575eb80e9a0?s=96&d=mm&r=g","contentUrl":"https:\/\/secure.gravatar.com\/avatar\/37d968a2e67a6fd04c169c4bdef102d0bc5d31b2546345219e348575eb80e9a0?s=96&d=mm&r=g","caption":"redazione"},"sameAs":["http:\/\/www.bellunopress.it","https:\/\/x.com\/bellunopress"],"url":"https:\/\/www.bellunopress.it\/fr\/author\/redazione\/"}]}},"_links":{"self":[{"href":"https:\/\/www.bellunopress.it\/fr\/wp-json\/wp\/v2\/posts\/35408","targetHints":{"allow":["GET"]}}],"collection":[{"href":"https:\/\/www.bellunopress.it\/fr\/wp-json\/wp\/v2\/posts"}],"about":[{"href":"https:\/\/www.bellunopress.it\/fr\/wp-json\/wp\/v2\/types\/post"}],"author":[{"embeddable":true,"href":"https:\/\/www.bellunopress.it\/fr\/wp-json\/wp\/v2\/users\/2"}],"replies":[{"embeddable":true,"href":"https:\/\/www.bellunopress.it\/fr\/wp-json\/wp\/v2\/comments?post=35408"}],"version-history":[{"count":2,"href":"https:\/\/www.bellunopress.it\/fr\/wp-json\/wp\/v2\/posts\/35408\/revisions"}],"predecessor-version":[{"id":35410,"href":"https:\/\/www.bellunopress.it\/fr\/wp-json\/wp\/v2\/posts\/35408\/revisions\/35410"}],"wp:attachment":[{"href":"https:\/\/www.bellunopress.it\/fr\/wp-json\/wp\/v2\/media?parent=35408"}],"wp:term":[{"taxonomy":"category","embeddable":true,"href":"https:\/\/www.bellunopress.it\/fr\/wp-json\/wp\/v2\/categories?post=35408"},{"taxonomy":"post_tag","embeddable":true,"href":"https:\/\/www.bellunopress.it\/fr\/wp-json\/wp\/v2\/tags?post=35408"}],"curies":[{"name":"wp","href":"https:\/\/api.w.org\/{rel}","templated":true}]}}