{"id":35384,"date":"2012-02-24T07:01:03","date_gmt":"2012-02-24T06:01:03","guid":{"rendered":"http:\/\/www.bellunopress.it\/?p=35384"},"modified":"2012-02-24T07:01:03","modified_gmt":"2012-02-24T06:01:03","slug":"societa-partecipate-il-sindaco-di-belluno-antonio-prade-a-venezia","status":"publish","type":"post","link":"https:\/\/www.bellunopress.it\/fr\/2012\/02\/24\/societa-partecipate-il-sindaco-di-belluno-antonio-prade-a-venezia\/","title":{"rendered":"Societ\u00e0 partecipate: il sindaco di Belluno Antonio Prade a Venezia"},"content":{"rendered":"<p><a href=\"http:\/\/www.bellunopress.it\/wp-content\/uploads\/2011\/10\/antonio-prade-140x140.jpg\"><img loading=\"lazy\" decoding=\"async\" class=\"alignleft size-full wp-image-31276\" title=\"antonio prade 140x140\" src=\"http:\/\/www.bellunopress.it\/wp-content\/uploads\/2011\/10\/antonio-prade-140x140.jpg\" alt=\"\" width=\"140\" height=\"140\" \/><\/a>Venerd\u00ec 24 febbraio, il sindaco Antonio Prade, con Ermanno Gaspari, presidente di Bellunum, parteciper\u00e0 ad una conferenza stampa che si terr\u00e0 a Venezia, presso la Sala Legni del Consiglio Regionale Veneto a Palazzo Ferro Fini, sulla questione relativa ai rapporti tra enti locali e societ\u00e0 partecipate. Nel corso dell&#8217;incontro sar\u00e0 presentato un emendamento alla normativa in corso di approvazione al fine di valorizzare le gestioni pubbliche di eccellenza e la loro funzione di riferimento, anche tariffario, del mercato e della qualit\u00e0 dei servizi.<\/p>\n<p>Ecco il testo del comunicato, promosso da Contarina Spa, Ponte Servizi Srl, Bellunum Srl, Etra Spa ed Ecogest Srl, e i rappresentanti dei rispettivi Comuni Soci, in collaborazione con la Presidenza del Consiglio Regionale del Veneto.<\/p>\n<p>La scelta di avere una scelta! La manovra sulle liberalizzazioni del governo Monti rischia di azzerare le eccellenze venete nella gestione della raccolta differenziata.<\/p>\n<p>Caro Sindaco, Consigliere Regionale, On. Parlamentare, le eccellenze venete in materia di gestione dei servizi di raccolta differenziata rischiano di essere smantellate dalla manovra sulle liberalizzazioni presentata dal Governo Monti che verr\u00e0 portata a breve in discussione in Parlamento. Per scongiurare quello che a nostro avviso sarebbe una grave perdita di efficienza e degli ottimi risultati raggiunti sul territorio del Veneto, il prossimo venerd\u00ec 24 febbraio alle ore 11.00 presso la Sala Legni del Consiglio Regionale Veneto Palazzo Ferro Fini &#8211; S. Marco 2322 \u2013 Venezia Contarina Spa, Ponte Servizi Srl, Bellunum Srl, Etra Spa ed Ecogest Srl, e i rappresentanti dei rispettivi Comuni Soci le migliori gestioni della raccolta differenziata d\u2019Italia (e con ogni probabilit\u00e0 d\u2019Europa), presenteranno in una conferenza stampa ai parlamentari nazionali ed europei, ai consiglieri regionali, alle istituzioni e ai cittadini le ragioni e i numeri (risultati, costi, bilanci) dell\u2019Italia che funziona e che non \u00e8 disposta a svendere i propri gioielli. Nel corso dell\u2019incontro sar\u00e0 presentato un emendamento alla normativa in corso di approvazione al fine di valorizzare le gestioni pubbliche di eccellenza e la loro funzione di riferimento, anche tariffario, del mercato e della qualit\u00e0 dei servizi. Per dare a queste realt\u00e0 \u201cla scelta di avere una scelta\u201d. E\u2019 quindi una proposta liberale, per la libert\u00e0 di decidere, naturalmente quando si tratta di sistemi oggettivamente virtuosi. Le ragioni di questa proposta sono semplici: il Veneto \u00e8 da tempo la migliore Regione d\u2019Italia nella gestione della raccolta differenziata dei rifiuti. Il modello vincente di queste gestioni praticato da molti comuni veneti \u00e8 l\u2019affidamento diretto, cosiddetto \u201cin house\u201d, a proprie societ\u00e0 pubbliche. Stiamo parlando di un modello di gestione dei servizi pubblici assolutamente conforme alle norme europee e molto praticato in altri paesi UE, come ad es. la Germania. Stiamo parlando di societ\u00e0 pubbliche, create da buone amministrazioni locali, con bilanci sani e trasparenti, che garantiscono, con un\u2019avveduta e professionale gestione, costi contenuti e ampliamente sotto gli standard nazionali assieme a servizi ai cittadini di assoluta eccellenza. Societ\u00e0 venete che, a una Italia che arranca attorno al 30% di raccolta differenziata, che annovera l\u2019emergenza di Napoli, societ\u00e0 in dissesto finanziario, tariffe medie alle famiglie di 240 \u20ac, contrappongono oltre il 70-80% di raccolta differenziata, bilanci in utile e tariffe di 160 \u20ac per famiglia, con centinaia di migliaia di utenti che pagano i servizi in base ai rifiuti prodotti! Tutto ci\u00f2, per pi\u00f9 di 1. 200.000 abitanti serviti. Esperienze di punta che hanno favorito l\u2019occupazione e la crescita in Veneto di una \u201cnew economy\u201d strutturata del riciclo e che ha sviluppato filiere industriali di prodotti derivanti dall\u2019utilizzo di materiali provenienti dalla raccolta differenziata. Nell\u2019inflessibile processo delle liberalizzazioni del governo Monti sono coinvolte anche queste societ\u00e0 in house, i consorzi, le aziende pubbliche sane trattate allo stesso modo di quelle deficitarie. Sono costretti a In collaborazione con la Presidenza del Consiglio Regionale del Veneto cambiare, in questo modo, i sistemi che funzionano, quelli dell\u2019Italia dell\u2019efficienza, delle competenze, dei servizi di qualit\u00e0, delle gestioni finanziarie oculate e trasparenti accomunati, senza distinzione alcuna, ai carrozzoni pubblici che generano disservizi, clientelismo, sprechi, bilanci fuori controllo. Siamo di fronte ad una semplificazione inaccettabile e illogica che rischia di annientare quelli che dovrebbero essere i modelli di riferimento di gestione dei servizi pubblici efficienti, capaci di sostenere un\u2019economia responsabile, non speculativa, e in stretta relazione con il territorio, i cittadini e gli amministratori locali. La privatizzazione dei servizi pubblici non pu\u00f2 essere considerata un dogma assoluto. La politica, tanto pi\u00f9 la politica dei tecnici, non pu\u00f2 rinunciare ad esaminare pragmaticamente le questioni nel merito salvaguardando le buone amministrazioni, le gestioni efficienti ed efficaci, le aziende che oggi sono l\u2019orgoglio e l\u2019esempio dell\u2019Italia e dei nostri territori. Serviamo milioni di cittadini del Veneto che non possono essere lasciati soli a combattere contro questa scelta di governo che pare assai poco utile e prevalentemente ideologica che allontana ancor pi\u00f9 dalla politica e dalle istituzioni. Ti aspettiamo, ora c\u2019\u00e8 bisogno di te! L\u00ec, 21 febbraio 2012 Contarina spa &#8211; Treviso Il Presidente della societ\u00e0 f.to Antonio Zamberlan Il Presidente del Consorzio Intercomunale Priula, socio f.to Giuliano Pavanetto Il Presidente del Consorzio Intercomunale TV3, socio f.to Franco Bonesso Ponte Servizi srl &#8211; Belluno L\u2019Amministratore Unico della societ\u00e0 f.to Federico Pierobon Il Sindaco del Comune di Ponte nelle Alpi, socio unico f.to Roger De Menech Bellunum srl \u2013 Belluno L\u2019Amministratore Unico della societ\u00e0 f.to Ermanno Gaspari Il Sindaco del Comune di Belluno, socio unico f.to Antonio Prade ETRA spa &#8211; Padova Il Presidente della societ\u00e0 f.to Stefano Svegliado Il Presidente del Consiglio di sorveglianza, per i soci f.to Manuela Lanzarin ECOGEST srl &#8211; Rovigo Il Presidente della societ\u00e0 f.to Giovanni Giribuola Il Presidente del Consorzio Intercomunale Rovigo 1, socio f.to Pierluigi Tugnolo Coordinamento: Consorzio Intercomunale Priula Via Donatori del Sangue n. 1, 31020 Fontane di Villorba (Treviso) Direttore Generale Dott. Paolo Cont\u00f2\u00a0 <a href=\"mailto:paolo.conto@priula.it\">paolo.conto@priula.it<\/a><\/p>","protected":false},"excerpt":{"rendered":"<p>Venerd\u00ec 24 febbraio, il sindaco Antonio Prade, con Ermanno Gaspari, presidente di Bellunum, parteciper\u00e0 ad una conferenza stampa che si terr\u00e0 a Venezia, presso la Sala Legni del Consiglio Regionale Veneto a Palazzo Ferro Fini, sulla questione relativa ai rapporti tra enti locali e societ\u00e0 partecipate. Nel corso dell&#8217;incontro sar\u00e0 presentato un emendamento alla normativa [&hellip;]<\/p>\n","protected":false},"author":2,"featured_media":0,"comment_status":"closed","ping_status":"open","sticky":false,"template":"","format":"standard","meta":{"footnotes":""},"categories":[5,26],"tags":[],"class_list":["post-35384","post","type-post","status-publish","format-standard","category-cronaca","category-prima-pagina"],"yoast_head":"<!-- This site is optimized with the Yoast SEO plugin v28.4 - https:\/\/yoast.com\/product\/yoast-seo-wordpress\/ -->\n<title>Societ\u00e0 partecipate: il sindaco di Belluno Antonio Prade a Venezia - Bellunopress - Dolomiti<\/title>\n<meta name=\"robots\" content=\"index, follow, max-snippet:-1, max-image-preview:large, max-video-preview:-1\" \/>\n<link rel=\"canonical\" href=\"https:\/\/www.bellunopress.it\/fr\/2012\/02\/24\/societa-partecipate-il-sindaco-di-belluno-antonio-prade-a-venezia\/\" \/>\n<meta property=\"og:locale\" content=\"fr_FR\" \/>\n<meta property=\"og:type\" content=\"article\" \/>\n<meta property=\"og:title\" content=\"Societ\u00e0 partecipate: il sindaco di Belluno Antonio Prade a Venezia - Bellunopress - Dolomiti\" \/>\n<meta property=\"og:description\" content=\"Venerd\u00ec 24 febbraio, il sindaco Antonio Prade, con Ermanno Gaspari, presidente di Bellunum, parteciper\u00e0 ad una conferenza stampa che si terr\u00e0 a Venezia, presso la Sala Legni del Consiglio Regionale Veneto a Palazzo Ferro Fini, sulla questione relativa ai rapporti tra enti locali e societ\u00e0 partecipate. Nel corso dell&#8217;incontro sar\u00e0 presentato un emendamento alla normativa [&hellip;]\" \/>\n<meta property=\"og:url\" content=\"https:\/\/www.bellunopress.it\/fr\/2012\/02\/24\/societa-partecipate-il-sindaco-di-belluno-antonio-prade-a-venezia\/\" \/>\n<meta property=\"og:site_name\" content=\"Bellunopress - Dolomiti\" \/>\n<meta property=\"article:publisher\" content=\"https:\/\/www.facebook.com\/profile.php?id=100008943462799\" \/>\n<meta property=\"article:published_time\" content=\"2012-02-24T06:01:03+00:00\" \/>\n<meta property=\"og:image\" content=\"http:\/\/www.bellunopress.it\/wp-content\/uploads\/2011\/10\/antonio-prade-140x140.jpg\" \/>\n<meta name=\"author\" content=\"redazione\" \/>\n<meta name=\"twitter:card\" content=\"summary_large_image\" \/>\n<meta name=\"twitter:creator\" content=\"@bellunopress\" \/>\n<meta name=\"twitter:site\" content=\"@bellunopress\" \/>\n<meta name=\"twitter:label1\" content=\"\u00c9crit par\" \/>\n\t<meta name=\"twitter:data1\" content=\"redazione\" \/>\n\t<meta name=\"twitter:label2\" content=\"Dur\u00e9e de lecture estim\u00e9e\" \/>\n\t<meta name=\"twitter:data2\" content=\"5 minutes\" \/>\n<script type=\"application\/ld+json\" class=\"yoast-schema-graph\">{\"@context\":\"https:\\\/\\\/schema.org\",\"@graph\":[{\"@type\":\"Article\",\"@id\":\"https:\\\/\\\/www.bellunopress.it\\\/2012\\\/02\\\/24\\\/societa-partecipate-il-sindaco-di-belluno-antonio-prade-a-venezia\\\/#article\",\"isPartOf\":{\"@id\":\"https:\\\/\\\/www.bellunopress.it\\\/2012\\\/02\\\/24\\\/societa-partecipate-il-sindaco-di-belluno-antonio-prade-a-venezia\\\/\"},\"author\":{\"name\":\"redazione\",\"@id\":\"https:\\\/\\\/www.bellunopress.it\\\/#\\\/schema\\\/person\\\/79bb06722b37ece1c03d3e94beb30d73\"},\"headline\":\"Societ\u00e0 partecipate: il sindaco di Belluno Antonio Prade a Venezia\",\"datePublished\":\"2012-02-24T06:01:03+00:00\",\"mainEntityOfPage\":{\"@id\":\"https:\\\/\\\/www.bellunopress.it\\\/2012\\\/02\\\/24\\\/societa-partecipate-il-sindaco-di-belluno-antonio-prade-a-venezia\\\/\"},\"wordCount\":972,\"publisher\":{\"@id\":\"https:\\\/\\\/www.bellunopress.it\\\/#organization\"},\"image\":{\"@id\":\"https:\\\/\\\/www.bellunopress.it\\\/2012\\\/02\\\/24\\\/societa-partecipate-il-sindaco-di-belluno-antonio-prade-a-venezia\\\/#primaryimage\"},\"thumbnailUrl\":\"http:\\\/\\\/www.bellunopress.it\\\/wp-content\\\/uploads\\\/2011\\\/10\\\/antonio-prade-140x140.jpg\",\"articleSection\":[\"Cronaca\\\/Politica\",\"Prima Pagina\"],\"inLanguage\":\"fr-FR\"},{\"@type\":\"WebPage\",\"@id\":\"https:\\\/\\\/www.bellunopress.it\\\/2012\\\/02\\\/24\\\/societa-partecipate-il-sindaco-di-belluno-antonio-prade-a-venezia\\\/\",\"url\":\"https:\\\/\\\/www.bellunopress.it\\\/2012\\\/02\\\/24\\\/societa-partecipate-il-sindaco-di-belluno-antonio-prade-a-venezia\\\/\",\"name\":\"Societ\u00e0 partecipate: il sindaco di Belluno Antonio Prade a Venezia - Bellunopress - Dolomiti\",\"isPartOf\":{\"@id\":\"https:\\\/\\\/www.bellunopress.it\\\/#website\"},\"primaryImageOfPage\":{\"@id\":\"https:\\\/\\\/www.bellunopress.it\\\/2012\\\/02\\\/24\\\/societa-partecipate-il-sindaco-di-belluno-antonio-prade-a-venezia\\\/#primaryimage\"},\"image\":{\"@id\":\"https:\\\/\\\/www.bellunopress.it\\\/2012\\\/02\\\/24\\\/societa-partecipate-il-sindaco-di-belluno-antonio-prade-a-venezia\\\/#primaryimage\"},\"thumbnailUrl\":\"http:\\\/\\\/www.bellunopress.it\\\/wp-content\\\/uploads\\\/2011\\\/10\\\/antonio-prade-140x140.jpg\",\"datePublished\":\"2012-02-24T06:01:03+00:00\",\"breadcrumb\":{\"@id\":\"https:\\\/\\\/www.bellunopress.it\\\/2012\\\/02\\\/24\\\/societa-partecipate-il-sindaco-di-belluno-antonio-prade-a-venezia\\\/#breadcrumb\"},\"inLanguage\":\"fr-FR\",\"potentialAction\":[{\"@type\":\"ReadAction\",\"target\":[\"https:\\\/\\\/www.bellunopress.it\\\/2012\\\/02\\\/24\\\/societa-partecipate-il-sindaco-di-belluno-antonio-prade-a-venezia\\\/\"]}]},{\"@type\":\"ImageObject\",\"inLanguage\":\"fr-FR\",\"@id\":\"https:\\\/\\\/www.bellunopress.it\\\/2012\\\/02\\\/24\\\/societa-partecipate-il-sindaco-di-belluno-antonio-prade-a-venezia\\\/#primaryimage\",\"url\":\"http:\\\/\\\/www.bellunopress.it\\\/wp-content\\\/uploads\\\/2011\\\/10\\\/antonio-prade-140x140.jpg\",\"contentUrl\":\"http:\\\/\\\/www.bellunopress.it\\\/wp-content\\\/uploads\\\/2011\\\/10\\\/antonio-prade-140x140.jpg\"},{\"@type\":\"BreadcrumbList\",\"@id\":\"https:\\\/\\\/www.bellunopress.it\\\/2012\\\/02\\\/24\\\/societa-partecipate-il-sindaco-di-belluno-antonio-prade-a-venezia\\\/#breadcrumb\",\"itemListElement\":[{\"@type\":\"ListItem\",\"position\":1,\"name\":\"Home\",\"item\":\"https:\\\/\\\/www.bellunopress.it\\\/\"},{\"@type\":\"ListItem\",\"position\":2,\"name\":\"Societ\u00e0 partecipate: il sindaco di Belluno Antonio Prade a Venezia\"}]},{\"@type\":\"WebSite\",\"@id\":\"https:\\\/\\\/www.bellunopress.it\\\/#website\",\"url\":\"https:\\\/\\\/www.bellunopress.it\\\/\",\"name\":\"Bellunopress - Dolomiti\",\"description\":\"e-mail: redazione@bellunopress.it\",\"publisher\":{\"@id\":\"https:\\\/\\\/www.bellunopress.it\\\/#organization\"},\"potentialAction\":[{\"@type\":\"SearchAction\",\"target\":{\"@type\":\"EntryPoint\",\"urlTemplate\":\"https:\\\/\\\/www.bellunopress.it\\\/?s={search_term_string}\"},\"query-input\":{\"@type\":\"PropertyValueSpecification\",\"valueRequired\":true,\"valueName\":\"search_term_string\"}}],\"inLanguage\":\"fr-FR\"},{\"@type\":\"Organization\",\"@id\":\"https:\\\/\\\/www.bellunopress.it\\\/#organization\",\"name\":\"Bellunopress\",\"url\":\"https:\\\/\\\/www.bellunopress.it\\\/\",\"logo\":{\"@type\":\"ImageObject\",\"inLanguage\":\"fr-FR\",\"@id\":\"https:\\\/\\\/www.bellunopress.it\\\/#\\\/schema\\\/logo\\\/image\\\/\",\"url\":\"https:\\\/\\\/www.bellunopress.it\\\/wp-content\\\/uploads\\\/2011\\\/05\\\/cropped-logo-bellunopress-.jpg\",\"contentUrl\":\"https:\\\/\\\/www.bellunopress.it\\\/wp-content\\\/uploads\\\/2011\\\/05\\\/cropped-logo-bellunopress-.jpg\",\"width\":512,\"height\":512,\"caption\":\"Bellunopress\"},\"image\":{\"@id\":\"https:\\\/\\\/www.bellunopress.it\\\/#\\\/schema\\\/logo\\\/image\\\/\"},\"sameAs\":[\"https:\\\/\\\/www.facebook.com\\\/profile.php?id=100008943462799\",\"https:\\\/\\\/x.com\\\/bellunopress\",\"https:\\\/\\\/www.linkedin.com\\\/hp\\\/?dnr=JBzUWaJfMUw8vbXJJ2tVW5-I3jZKvC4wsoxE&amp;amp;amp;amp;amp;amp;trk=nav_responsive_tab_home\",\"https:\\\/\\\/www.youtube.com\\\/channel\\\/UCxL0wu1uN0_3_7hGG0306cw\"]},{\"@type\":\"Person\",\"@id\":\"https:\\\/\\\/www.bellunopress.it\\\/#\\\/schema\\\/person\\\/79bb06722b37ece1c03d3e94beb30d73\",\"name\":\"redazione\",\"image\":{\"@type\":\"ImageObject\",\"inLanguage\":\"fr-FR\",\"@id\":\"https:\\\/\\\/secure.gravatar.com\\\/avatar\\\/37d968a2e67a6fd04c169c4bdef102d0bc5d31b2546345219e348575eb80e9a0?s=96&d=mm&r=g\",\"url\":\"https:\\\/\\\/secure.gravatar.com\\\/avatar\\\/37d968a2e67a6fd04c169c4bdef102d0bc5d31b2546345219e348575eb80e9a0?s=96&d=mm&r=g\",\"contentUrl\":\"https:\\\/\\\/secure.gravatar.com\\\/avatar\\\/37d968a2e67a6fd04c169c4bdef102d0bc5d31b2546345219e348575eb80e9a0?s=96&d=mm&r=g\",\"caption\":\"redazione\"},\"sameAs\":[\"http:\\\/\\\/www.bellunopress.it\",\"https:\\\/\\\/x.com\\\/bellunopress\"],\"url\":\"https:\\\/\\\/www.bellunopress.it\\\/fr\\\/author\\\/redazione\\\/\"}]}<\/script>\n<!-- \/ Yoast SEO plugin. -->","yoast_head_json":{"title":"Societ\u00e0 partecipate: il sindaco di Belluno Antonio Prade a Venezia - Bellunopress - Dolomiti","robots":{"index":"index","follow":"follow","max-snippet":"max-snippet:-1","max-image-preview":"max-image-preview:large","max-video-preview":"max-video-preview:-1"},"canonical":"https:\/\/www.bellunopress.it\/fr\/2012\/02\/24\/societa-partecipate-il-sindaco-di-belluno-antonio-prade-a-venezia\/","og_locale":"fr_FR","og_type":"article","og_title":"Societ\u00e0 partecipate: il sindaco di Belluno Antonio Prade a Venezia - Bellunopress - Dolomiti","og_description":"Venerd\u00ec 24 febbraio, il sindaco Antonio Prade, con Ermanno Gaspari, presidente di Bellunum, parteciper\u00e0 ad una conferenza stampa che si terr\u00e0 a Venezia, presso la Sala Legni del Consiglio Regionale Veneto a Palazzo Ferro Fini, sulla questione relativa ai rapporti tra enti locali e societ\u00e0 partecipate. Nel corso dell&#8217;incontro sar\u00e0 presentato un emendamento alla normativa [&hellip;]","og_url":"https:\/\/www.bellunopress.it\/fr\/2012\/02\/24\/societa-partecipate-il-sindaco-di-belluno-antonio-prade-a-venezia\/","og_site_name":"Bellunopress - Dolomiti","article_publisher":"https:\/\/www.facebook.com\/profile.php?id=100008943462799","article_published_time":"2012-02-24T06:01:03+00:00","og_image":[{"url":"http:\/\/www.bellunopress.it\/wp-content\/uploads\/2011\/10\/antonio-prade-140x140.jpg","type":"","width":"","height":""}],"author":"redazione","twitter_card":"summary_large_image","twitter_creator":"@bellunopress","twitter_site":"@bellunopress","twitter_misc":{"\u00c9crit par":"redazione","Dur\u00e9e de lecture estim\u00e9e":"5 minutes"},"schema":{"@context":"https:\/\/schema.org","@graph":[{"@type":"Article","@id":"https:\/\/www.bellunopress.it\/2012\/02\/24\/societa-partecipate-il-sindaco-di-belluno-antonio-prade-a-venezia\/#article","isPartOf":{"@id":"https:\/\/www.bellunopress.it\/2012\/02\/24\/societa-partecipate-il-sindaco-di-belluno-antonio-prade-a-venezia\/"},"author":{"name":"redazione","@id":"https:\/\/www.bellunopress.it\/#\/schema\/person\/79bb06722b37ece1c03d3e94beb30d73"},"headline":"Societ\u00e0 partecipate: il sindaco di Belluno Antonio Prade a Venezia","datePublished":"2012-02-24T06:01:03+00:00","mainEntityOfPage":{"@id":"https:\/\/www.bellunopress.it\/2012\/02\/24\/societa-partecipate-il-sindaco-di-belluno-antonio-prade-a-venezia\/"},"wordCount":972,"publisher":{"@id":"https:\/\/www.bellunopress.it\/#organization"},"image":{"@id":"https:\/\/www.bellunopress.it\/2012\/02\/24\/societa-partecipate-il-sindaco-di-belluno-antonio-prade-a-venezia\/#primaryimage"},"thumbnailUrl":"http:\/\/www.bellunopress.it\/wp-content\/uploads\/2011\/10\/antonio-prade-140x140.jpg","articleSection":["Cronaca\/Politica","Prima Pagina"],"inLanguage":"fr-FR"},{"@type":"WebPage","@id":"https:\/\/www.bellunopress.it\/2012\/02\/24\/societa-partecipate-il-sindaco-di-belluno-antonio-prade-a-venezia\/","url":"https:\/\/www.bellunopress.it\/2012\/02\/24\/societa-partecipate-il-sindaco-di-belluno-antonio-prade-a-venezia\/","name":"Societ\u00e0 partecipate: il sindaco di Belluno Antonio Prade a Venezia - Bellunopress - Dolomiti","isPartOf":{"@id":"https:\/\/www.bellunopress.it\/#website"},"primaryImageOfPage":{"@id":"https:\/\/www.bellunopress.it\/2012\/02\/24\/societa-partecipate-il-sindaco-di-belluno-antonio-prade-a-venezia\/#primaryimage"},"image":{"@id":"https:\/\/www.bellunopress.it\/2012\/02\/24\/societa-partecipate-il-sindaco-di-belluno-antonio-prade-a-venezia\/#primaryimage"},"thumbnailUrl":"http:\/\/www.bellunopress.it\/wp-content\/uploads\/2011\/10\/antonio-prade-140x140.jpg","datePublished":"2012-02-24T06:01:03+00:00","breadcrumb":{"@id":"https:\/\/www.bellunopress.it\/2012\/02\/24\/societa-partecipate-il-sindaco-di-belluno-antonio-prade-a-venezia\/#breadcrumb"},"inLanguage":"fr-FR","potentialAction":[{"@type":"ReadAction","target":["https:\/\/www.bellunopress.it\/2012\/02\/24\/societa-partecipate-il-sindaco-di-belluno-antonio-prade-a-venezia\/"]}]},{"@type":"ImageObject","inLanguage":"fr-FR","@id":"https:\/\/www.bellunopress.it\/2012\/02\/24\/societa-partecipate-il-sindaco-di-belluno-antonio-prade-a-venezia\/#primaryimage","url":"http:\/\/www.bellunopress.it\/wp-content\/uploads\/2011\/10\/antonio-prade-140x140.jpg","contentUrl":"http:\/\/www.bellunopress.it\/wp-content\/uploads\/2011\/10\/antonio-prade-140x140.jpg"},{"@type":"BreadcrumbList","@id":"https:\/\/www.bellunopress.it\/2012\/02\/24\/societa-partecipate-il-sindaco-di-belluno-antonio-prade-a-venezia\/#breadcrumb","itemListElement":[{"@type":"ListItem","position":1,"name":"Home","item":"https:\/\/www.bellunopress.it\/"},{"@type":"ListItem","position":2,"name":"Societ\u00e0 partecipate: il sindaco di Belluno Antonio Prade a Venezia"}]},{"@type":"WebSite","@id":"https:\/\/www.bellunopress.it\/#website","url":"https:\/\/www.bellunopress.it\/","name":"Bellunopress - Dolomiti","description":"e-mail: redazione@bellunopress.it","publisher":{"@id":"https:\/\/www.bellunopress.it\/#organization"},"potentialAction":[{"@type":"SearchAction","target":{"@type":"EntryPoint","urlTemplate":"https:\/\/www.bellunopress.it\/?s={search_term_string}"},"query-input":{"@type":"PropertyValueSpecification","valueRequired":true,"valueName":"search_term_string"}}],"inLanguage":"fr-FR"},{"@type":"Organization","@id":"https:\/\/www.bellunopress.it\/#organization","name":"Bellunopress","url":"https:\/\/www.bellunopress.it\/","logo":{"@type":"ImageObject","inLanguage":"fr-FR","@id":"https:\/\/www.bellunopress.it\/#\/schema\/logo\/image\/","url":"https:\/\/www.bellunopress.it\/wp-content\/uploads\/2011\/05\/cropped-logo-bellunopress-.jpg","contentUrl":"https:\/\/www.bellunopress.it\/wp-content\/uploads\/2011\/05\/cropped-logo-bellunopress-.jpg","width":512,"height":512,"caption":"Bellunopress"},"image":{"@id":"https:\/\/www.bellunopress.it\/#\/schema\/logo\/image\/"},"sameAs":["https:\/\/www.facebook.com\/profile.php?id=100008943462799","https:\/\/x.com\/bellunopress","https:\/\/www.linkedin.com\/hp\/?dnr=JBzUWaJfMUw8vbXJJ2tVW5-I3jZKvC4wsoxE&amp;amp;amp;amp;amp;amp;trk=nav_responsive_tab_home","https:\/\/www.youtube.com\/channel\/UCxL0wu1uN0_3_7hGG0306cw"]},{"@type":"Person","@id":"https:\/\/www.bellunopress.it\/#\/schema\/person\/79bb06722b37ece1c03d3e94beb30d73","name":"r\u00e9daction","image":{"@type":"ImageObject","inLanguage":"fr-FR","@id":"https:\/\/secure.gravatar.com\/avatar\/37d968a2e67a6fd04c169c4bdef102d0bc5d31b2546345219e348575eb80e9a0?s=96&d=mm&r=g","url":"https:\/\/secure.gravatar.com\/avatar\/37d968a2e67a6fd04c169c4bdef102d0bc5d31b2546345219e348575eb80e9a0?s=96&d=mm&r=g","contentUrl":"https:\/\/secure.gravatar.com\/avatar\/37d968a2e67a6fd04c169c4bdef102d0bc5d31b2546345219e348575eb80e9a0?s=96&d=mm&r=g","caption":"redazione"},"sameAs":["http:\/\/www.bellunopress.it","https:\/\/x.com\/bellunopress"],"url":"https:\/\/www.bellunopress.it\/fr\/author\/redazione\/"}]}},"_links":{"self":[{"href":"https:\/\/www.bellunopress.it\/fr\/wp-json\/wp\/v2\/posts\/35384","targetHints":{"allow":["GET"]}}],"collection":[{"href":"https:\/\/www.bellunopress.it\/fr\/wp-json\/wp\/v2\/posts"}],"about":[{"href":"https:\/\/www.bellunopress.it\/fr\/wp-json\/wp\/v2\/types\/post"}],"author":[{"embeddable":true,"href":"https:\/\/www.bellunopress.it\/fr\/wp-json\/wp\/v2\/users\/2"}],"replies":[{"embeddable":true,"href":"https:\/\/www.bellunopress.it\/fr\/wp-json\/wp\/v2\/comments?post=35384"}],"version-history":[{"count":1,"href":"https:\/\/www.bellunopress.it\/fr\/wp-json\/wp\/v2\/posts\/35384\/revisions"}],"predecessor-version":[{"id":35385,"href":"https:\/\/www.bellunopress.it\/fr\/wp-json\/wp\/v2\/posts\/35384\/revisions\/35385"}],"wp:attachment":[{"href":"https:\/\/www.bellunopress.it\/fr\/wp-json\/wp\/v2\/media?parent=35384"}],"wp:term":[{"taxonomy":"category","embeddable":true,"href":"https:\/\/www.bellunopress.it\/fr\/wp-json\/wp\/v2\/categories?post=35384"},{"taxonomy":"post_tag","embeddable":true,"href":"https:\/\/www.bellunopress.it\/fr\/wp-json\/wp\/v2\/tags?post=35384"}],"curies":[{"name":"wp","href":"https:\/\/api.w.org\/{rel}","templated":true}]}}