{"id":35360,"date":"2012-02-23T13:34:56","date_gmt":"2012-02-23T12:34:56","guid":{"rendered":"http:\/\/www.bellunopress.it\/?p=35360"},"modified":"2012-02-23T13:34:56","modified_gmt":"2012-02-23T12:34:56","slug":"mercatino-enogastronomico-in-piazza-dei-martiri-da-venerdi-a-domenica-ecco-il-programma-da-febbraio-a-ottobre","status":"publish","type":"post","link":"https:\/\/www.bellunopress.it\/fr\/2012\/02\/23\/mercatino-enogastronomico-in-piazza-dei-martiri-da-venerdi-a-domenica-ecco-il-programma-da-febbraio-a-ottobre\/","title":{"rendered":"Mercatino enogastronomico in Piazza dei Martiri, da venerd\u00ec a domenica. Ecco il programma da febbraio a ottobre"},"content":{"rendered":"<p>Questo fine settimana piazza dei Martiri ospiter\u00e0 il mercatino di prodotti tipici delle regioni italiane \u201cI Mercanti del gusto e delle tradizioni\u201d, con bancarelle che animeranno il lato nord dei giardini da venerd\u00ec 24 a domenica 26 febbraio.\u00a0<a href=\"http:\/\/www.bellunopress.it\/wp-content\/uploads\/2011\/10\/fiera-Tipico-italiano1.jpg\"><img loading=\"lazy\" decoding=\"async\" class=\"alignleft size-full wp-image-31965\" title=\"fiera Tipico italiano\" src=\"http:\/\/www.bellunopress.it\/wp-content\/uploads\/2011\/10\/fiera-Tipico-italiano1.jpg\" alt=\"\" width=\"270\" height=\"202\" \/><\/a>La citt\u00e0 si prepara cos\u00ec ad accogliere il primo di una serie di appuntamenti che compongono il ricco calendario di iniziative di animazione del centro storico. Il Comune di Belluno ha infatti definito il programma dei mercatini di specialit\u00e0 eno-gastronomiche che si terranno da febbraio a ottobre 2012, sempre in Piazza dei Martiri. Ecco il calendario completo:<\/p>\n<p>24, 25, 26 febbraio &#8211; Piazza dei Martiri &#8211; I Mercanti del gusto e delle tradizioni&#8221;: mercatino di prodotti tipici regionali<\/p>\n<p>9, 10 e 11 marzo &#8211; Piazza dei Martiri &#8211; &#8220;Musica, folklore e sapori d&#8217;Italia&#8221;: mercatino di prodotti tipici italiani<\/p>\n<p>7, 8 e 9 aprile &#8211; Piazza dei Martiri &#8211; &#8220;Tipico Italiano&#8221;: mercatino di prodotti tipici della tradizione e della cultura italiana<\/p>\n<p>28, 29, 30 aprile e 1\u00b0 maggio &#8211; Piazza dei Martiri &#8211; &#8220;Naturae a Belluno&#8221;: mercatino di prodotti naturali biologici regionali tipici e dei fiori<\/p>\n<p>19 e 20 maggio &#8211; Piazza dei Martiri &#8211; &#8220;Prodotti a marchio DOP dell&#8217;Italia&#8221;: mercatino di prodotti tipici a marchio DOP<\/p>\n<p>14, 15 e 16 settembre &#8211; Piazza dei Martiri &#8211; &#8220;Tipico Italiano&#8221;: mercatino di prodotti tipici della tradizione e della cultura italiana<\/p>\n<p>28, 29 e 30 settembre &#8211; Piazza dei Martiri &#8211; &#8220;Dolci, cioccolato e bollicine&#8221;: mercatino di prodotti dolciari e vino<\/p>\n<p>12, 13 e 14 ottobre &#8211; Piazza dei Martiri &#8211; &#8220;Saveurs de France&#8221;: mercatino dei prodotti tipici francesi<\/p>\n<p>Maggiori informazioni sono disponibili sul sito www.comune.belluno.it.<\/p>","protected":false},"excerpt":{"rendered":"<p>Questo fine settimana piazza dei Martiri ospiter\u00e0 il mercatino di prodotti tipici delle regioni italiane \u201cI Mercanti del gusto e delle tradizioni\u201d, con bancarelle che animeranno il lato nord dei giardini da venerd\u00ec 24 a domenica 26 febbraio.\u00a0La citt\u00e0 si prepara cos\u00ec ad accogliere il primo di una serie di appuntamenti che compongono il ricco [&hellip;]<\/p>\n","protected":false},"author":2,"featured_media":0,"comment_status":"closed","ping_status":"open","sticky":false,"template":"","format":"standard","meta":{"footnotes":""},"categories":[27,25,8],"tags":[],"class_list":["post-35360","post","type-post","status-publish","format-standard","category-appuntamenti","category-pausa-caffe","category-societa-istituzioni"],"yoast_head":"<!-- This site is optimized with the Yoast SEO plugin v28.4 - https:\/\/yoast.com\/product\/yoast-seo-wordpress\/ -->\n<title>Mercatino enogastronomico in Piazza dei Martiri, da venerd\u00ec a domenica. Ecco il programma da febbraio a ottobre - Bellunopress - Dolomiti<\/title>\n<meta name=\"robots\" content=\"index, follow, max-snippet:-1, max-image-preview:large, max-video-preview:-1\" \/>\n<link rel=\"canonical\" href=\"https:\/\/www.bellunopress.it\/fr\/2012\/02\/23\/mercatino-enogastronomico-in-piazza-dei-martiri-da-venerdi-a-domenica-ecco-il-programma-da-febbraio-a-ottobre\/\" \/>\n<meta property=\"og:locale\" content=\"fr_FR\" \/>\n<meta property=\"og:type\" content=\"article\" \/>\n<meta property=\"og:title\" content=\"Mercatino enogastronomico in Piazza dei Martiri, da venerd\u00ec a domenica. Ecco il programma da febbraio a ottobre - Bellunopress - Dolomiti\" \/>\n<meta property=\"og:description\" content=\"Questo fine settimana piazza dei Martiri ospiter\u00e0 il mercatino di prodotti tipici delle regioni italiane \u201cI Mercanti del gusto e delle tradizioni\u201d, con bancarelle che animeranno il lato nord dei giardini da venerd\u00ec 24 a domenica 26 febbraio.\u00a0La citt\u00e0 si prepara cos\u00ec ad accogliere il primo di una serie di appuntamenti che compongono il ricco [&hellip;]\" \/>\n<meta property=\"og:url\" content=\"https:\/\/www.bellunopress.it\/fr\/2012\/02\/23\/mercatino-enogastronomico-in-piazza-dei-martiri-da-venerdi-a-domenica-ecco-il-programma-da-febbraio-a-ottobre\/\" \/>\n<meta property=\"og:site_name\" content=\"Bellunopress - Dolomiti\" \/>\n<meta property=\"article:publisher\" content=\"https:\/\/www.facebook.com\/profile.php?id=100008943462799\" \/>\n<meta property=\"article:published_time\" content=\"2012-02-23T12:34:56+00:00\" \/>\n<meta property=\"og:image\" content=\"http:\/\/www.bellunopress.it\/wp-content\/uploads\/2011\/10\/fiera-Tipico-italiano1.jpg\" \/>\n<meta name=\"author\" content=\"redazione\" \/>\n<meta name=\"twitter:card\" content=\"summary_large_image\" \/>\n<meta name=\"twitter:creator\" content=\"@bellunopress\" \/>\n<meta name=\"twitter:site\" content=\"@bellunopress\" \/>\n<meta name=\"twitter:label1\" content=\"\u00c9crit par\" \/>\n\t<meta name=\"twitter:data1\" content=\"redazione\" \/>\n\t<meta name=\"twitter:label2\" content=\"Dur\u00e9e de lecture estim\u00e9e\" \/>\n\t<meta name=\"twitter:data2\" content=\"1 minute\" \/>\n<script type=\"application\/ld+json\" class=\"yoast-schema-graph\">{\"@context\":\"https:\\\/\\\/schema.org\",\"@graph\":[{\"@type\":\"Article\",\"@id\":\"https:\\\/\\\/www.bellunopress.it\\\/2012\\\/02\\\/23\\\/mercatino-enogastronomico-in-piazza-dei-martiri-da-venerdi-a-domenica-ecco-il-programma-da-febbraio-a-ottobre\\\/#article\",\"isPartOf\":{\"@id\":\"https:\\\/\\\/www.bellunopress.it\\\/2012\\\/02\\\/23\\\/mercatino-enogastronomico-in-piazza-dei-martiri-da-venerdi-a-domenica-ecco-il-programma-da-febbraio-a-ottobre\\\/\"},\"author\":{\"name\":\"redazione\",\"@id\":\"https:\\\/\\\/www.bellunopress.it\\\/#\\\/schema\\\/person\\\/79bb06722b37ece1c03d3e94beb30d73\"},\"headline\":\"Mercatino enogastronomico in Piazza dei Martiri, da venerd\u00ec a domenica. Ecco il programma da febbraio a ottobre\",\"datePublished\":\"2012-02-23T12:34:56+00:00\",\"mainEntityOfPage\":{\"@id\":\"https:\\\/\\\/www.bellunopress.it\\\/2012\\\/02\\\/23\\\/mercatino-enogastronomico-in-piazza-dei-martiri-da-venerdi-a-domenica-ecco-il-programma-da-febbraio-a-ottobre\\\/\"},\"wordCount\":266,\"publisher\":{\"@id\":\"https:\\\/\\\/www.bellunopress.it\\\/#organization\"},\"image\":{\"@id\":\"https:\\\/\\\/www.bellunopress.it\\\/2012\\\/02\\\/23\\\/mercatino-enogastronomico-in-piazza-dei-martiri-da-venerdi-a-domenica-ecco-il-programma-da-febbraio-a-ottobre\\\/#primaryimage\"},\"thumbnailUrl\":\"http:\\\/\\\/www.bellunopress.it\\\/wp-content\\\/uploads\\\/2011\\\/10\\\/fiera-Tipico-italiano1.jpg\",\"articleSection\":[\"Appuntamenti, Eventi\",\"Pausa Caff\u00e8\",\"Societ\u00e0, Associazioni, Istituzioni\"],\"inLanguage\":\"fr-FR\"},{\"@type\":\"WebPage\",\"@id\":\"https:\\\/\\\/www.bellunopress.it\\\/2012\\\/02\\\/23\\\/mercatino-enogastronomico-in-piazza-dei-martiri-da-venerdi-a-domenica-ecco-il-programma-da-febbraio-a-ottobre\\\/\",\"url\":\"https:\\\/\\\/www.bellunopress.it\\\/2012\\\/02\\\/23\\\/mercatino-enogastronomico-in-piazza-dei-martiri-da-venerdi-a-domenica-ecco-il-programma-da-febbraio-a-ottobre\\\/\",\"name\":\"Mercatino enogastronomico in Piazza dei Martiri, da venerd\u00ec a domenica. Ecco il programma da febbraio a ottobre - Bellunopress - Dolomiti\",\"isPartOf\":{\"@id\":\"https:\\\/\\\/www.bellunopress.it\\\/#website\"},\"primaryImageOfPage\":{\"@id\":\"https:\\\/\\\/www.bellunopress.it\\\/2012\\\/02\\\/23\\\/mercatino-enogastronomico-in-piazza-dei-martiri-da-venerdi-a-domenica-ecco-il-programma-da-febbraio-a-ottobre\\\/#primaryimage\"},\"image\":{\"@id\":\"https:\\\/\\\/www.bellunopress.it\\\/2012\\\/02\\\/23\\\/mercatino-enogastronomico-in-piazza-dei-martiri-da-venerdi-a-domenica-ecco-il-programma-da-febbraio-a-ottobre\\\/#primaryimage\"},\"thumbnailUrl\":\"http:\\\/\\\/www.bellunopress.it\\\/wp-content\\\/uploads\\\/2011\\\/10\\\/fiera-Tipico-italiano1.jpg\",\"datePublished\":\"2012-02-23T12:34:56+00:00\",\"breadcrumb\":{\"@id\":\"https:\\\/\\\/www.bellunopress.it\\\/2012\\\/02\\\/23\\\/mercatino-enogastronomico-in-piazza-dei-martiri-da-venerdi-a-domenica-ecco-il-programma-da-febbraio-a-ottobre\\\/#breadcrumb\"},\"inLanguage\":\"fr-FR\",\"potentialAction\":[{\"@type\":\"ReadAction\",\"target\":[\"https:\\\/\\\/www.bellunopress.it\\\/2012\\\/02\\\/23\\\/mercatino-enogastronomico-in-piazza-dei-martiri-da-venerdi-a-domenica-ecco-il-programma-da-febbraio-a-ottobre\\\/\"]}]},{\"@type\":\"ImageObject\",\"inLanguage\":\"fr-FR\",\"@id\":\"https:\\\/\\\/www.bellunopress.it\\\/2012\\\/02\\\/23\\\/mercatino-enogastronomico-in-piazza-dei-martiri-da-venerdi-a-domenica-ecco-il-programma-da-febbraio-a-ottobre\\\/#primaryimage\",\"url\":\"http:\\\/\\\/www.bellunopress.it\\\/wp-content\\\/uploads\\\/2011\\\/10\\\/fiera-Tipico-italiano1.jpg\",\"contentUrl\":\"http:\\\/\\\/www.bellunopress.it\\\/wp-content\\\/uploads\\\/2011\\\/10\\\/fiera-Tipico-italiano1.jpg\"},{\"@type\":\"BreadcrumbList\",\"@id\":\"https:\\\/\\\/www.bellunopress.it\\\/2012\\\/02\\\/23\\\/mercatino-enogastronomico-in-piazza-dei-martiri-da-venerdi-a-domenica-ecco-il-programma-da-febbraio-a-ottobre\\\/#breadcrumb\",\"itemListElement\":[{\"@type\":\"ListItem\",\"position\":1,\"name\":\"Home\",\"item\":\"https:\\\/\\\/www.bellunopress.it\\\/\"},{\"@type\":\"ListItem\",\"position\":2,\"name\":\"Mercatino enogastronomico in Piazza dei Martiri, da venerd\u00ec a domenica. Ecco il programma da febbraio a ottobre\"}]},{\"@type\":\"WebSite\",\"@id\":\"https:\\\/\\\/www.bellunopress.it\\\/#website\",\"url\":\"https:\\\/\\\/www.bellunopress.it\\\/\",\"name\":\"Bellunopress - Dolomiti\",\"description\":\"e-mail: redazione@bellunopress.it\",\"publisher\":{\"@id\":\"https:\\\/\\\/www.bellunopress.it\\\/#organization\"},\"potentialAction\":[{\"@type\":\"SearchAction\",\"target\":{\"@type\":\"EntryPoint\",\"urlTemplate\":\"https:\\\/\\\/www.bellunopress.it\\\/?s={search_term_string}\"},\"query-input\":{\"@type\":\"PropertyValueSpecification\",\"valueRequired\":true,\"valueName\":\"search_term_string\"}}],\"inLanguage\":\"fr-FR\"},{\"@type\":\"Organization\",\"@id\":\"https:\\\/\\\/www.bellunopress.it\\\/#organization\",\"name\":\"Bellunopress\",\"url\":\"https:\\\/\\\/www.bellunopress.it\\\/\",\"logo\":{\"@type\":\"ImageObject\",\"inLanguage\":\"fr-FR\",\"@id\":\"https:\\\/\\\/www.bellunopress.it\\\/#\\\/schema\\\/logo\\\/image\\\/\",\"url\":\"https:\\\/\\\/www.bellunopress.it\\\/wp-content\\\/uploads\\\/2011\\\/05\\\/cropped-logo-bellunopress-.jpg\",\"contentUrl\":\"https:\\\/\\\/www.bellunopress.it\\\/wp-content\\\/uploads\\\/2011\\\/05\\\/cropped-logo-bellunopress-.jpg\",\"width\":512,\"height\":512,\"caption\":\"Bellunopress\"},\"image\":{\"@id\":\"https:\\\/\\\/www.bellunopress.it\\\/#\\\/schema\\\/logo\\\/image\\\/\"},\"sameAs\":[\"https:\\\/\\\/www.facebook.com\\\/profile.php?id=100008943462799\",\"https:\\\/\\\/x.com\\\/bellunopress\",\"https:\\\/\\\/www.linkedin.com\\\/hp\\\/?dnr=JBzUWaJfMUw8vbXJJ2tVW5-I3jZKvC4wsoxE&amp;amp;amp;amp;amp;amp;trk=nav_responsive_tab_home\",\"https:\\\/\\\/www.youtube.com\\\/channel\\\/UCxL0wu1uN0_3_7hGG0306cw\"]},{\"@type\":\"Person\",\"@id\":\"https:\\\/\\\/www.bellunopress.it\\\/#\\\/schema\\\/person\\\/79bb06722b37ece1c03d3e94beb30d73\",\"name\":\"redazione\",\"image\":{\"@type\":\"ImageObject\",\"inLanguage\":\"fr-FR\",\"@id\":\"https:\\\/\\\/secure.gravatar.com\\\/avatar\\\/37d968a2e67a6fd04c169c4bdef102d0bc5d31b2546345219e348575eb80e9a0?s=96&d=mm&r=g\",\"url\":\"https:\\\/\\\/secure.gravatar.com\\\/avatar\\\/37d968a2e67a6fd04c169c4bdef102d0bc5d31b2546345219e348575eb80e9a0?s=96&d=mm&r=g\",\"contentUrl\":\"https:\\\/\\\/secure.gravatar.com\\\/avatar\\\/37d968a2e67a6fd04c169c4bdef102d0bc5d31b2546345219e348575eb80e9a0?s=96&d=mm&r=g\",\"caption\":\"redazione\"},\"sameAs\":[\"http:\\\/\\\/www.bellunopress.it\",\"https:\\\/\\\/x.com\\\/bellunopress\"],\"url\":\"https:\\\/\\\/www.bellunopress.it\\\/fr\\\/author\\\/redazione\\\/\"}]}<\/script>\n<!-- \/ Yoast SEO plugin. -->","yoast_head_json":{"title":"Mercatino enogastronomico in Piazza dei Martiri, da venerd\u00ec a domenica. Ecco il programma da febbraio a ottobre - Bellunopress - Dolomiti","robots":{"index":"index","follow":"follow","max-snippet":"max-snippet:-1","max-image-preview":"max-image-preview:large","max-video-preview":"max-video-preview:-1"},"canonical":"https:\/\/www.bellunopress.it\/fr\/2012\/02\/23\/mercatino-enogastronomico-in-piazza-dei-martiri-da-venerdi-a-domenica-ecco-il-programma-da-febbraio-a-ottobre\/","og_locale":"fr_FR","og_type":"article","og_title":"Mercatino enogastronomico in Piazza dei Martiri, da venerd\u00ec a domenica. Ecco il programma da febbraio a ottobre - Bellunopress - Dolomiti","og_description":"Questo fine settimana piazza dei Martiri ospiter\u00e0 il mercatino di prodotti tipici delle regioni italiane \u201cI Mercanti del gusto e delle tradizioni\u201d, con bancarelle che animeranno il lato nord dei giardini da venerd\u00ec 24 a domenica 26 febbraio.\u00a0La citt\u00e0 si prepara cos\u00ec ad accogliere il primo di una serie di appuntamenti che compongono il ricco [&hellip;]","og_url":"https:\/\/www.bellunopress.it\/fr\/2012\/02\/23\/mercatino-enogastronomico-in-piazza-dei-martiri-da-venerdi-a-domenica-ecco-il-programma-da-febbraio-a-ottobre\/","og_site_name":"Bellunopress - Dolomiti","article_publisher":"https:\/\/www.facebook.com\/profile.php?id=100008943462799","article_published_time":"2012-02-23T12:34:56+00:00","og_image":[{"url":"http:\/\/www.bellunopress.it\/wp-content\/uploads\/2011\/10\/fiera-Tipico-italiano1.jpg","type":"","width":"","height":""}],"author":"redazione","twitter_card":"summary_large_image","twitter_creator":"@bellunopress","twitter_site":"@bellunopress","twitter_misc":{"\u00c9crit par":"redazione","Dur\u00e9e de lecture estim\u00e9e":"1 minute"},"schema":{"@context":"https:\/\/schema.org","@graph":[{"@type":"Article","@id":"https:\/\/www.bellunopress.it\/2012\/02\/23\/mercatino-enogastronomico-in-piazza-dei-martiri-da-venerdi-a-domenica-ecco-il-programma-da-febbraio-a-ottobre\/#article","isPartOf":{"@id":"https:\/\/www.bellunopress.it\/2012\/02\/23\/mercatino-enogastronomico-in-piazza-dei-martiri-da-venerdi-a-domenica-ecco-il-programma-da-febbraio-a-ottobre\/"},"author":{"name":"redazione","@id":"https:\/\/www.bellunopress.it\/#\/schema\/person\/79bb06722b37ece1c03d3e94beb30d73"},"headline":"Mercatino enogastronomico in Piazza dei Martiri, da venerd\u00ec a domenica. Ecco il programma da febbraio a ottobre","datePublished":"2012-02-23T12:34:56+00:00","mainEntityOfPage":{"@id":"https:\/\/www.bellunopress.it\/2012\/02\/23\/mercatino-enogastronomico-in-piazza-dei-martiri-da-venerdi-a-domenica-ecco-il-programma-da-febbraio-a-ottobre\/"},"wordCount":266,"publisher":{"@id":"https:\/\/www.bellunopress.it\/#organization"},"image":{"@id":"https:\/\/www.bellunopress.it\/2012\/02\/23\/mercatino-enogastronomico-in-piazza-dei-martiri-da-venerdi-a-domenica-ecco-il-programma-da-febbraio-a-ottobre\/#primaryimage"},"thumbnailUrl":"http:\/\/www.bellunopress.it\/wp-content\/uploads\/2011\/10\/fiera-Tipico-italiano1.jpg","articleSection":["Appuntamenti, Eventi","Pausa Caff\u00e8","Societ\u00e0, Associazioni, Istituzioni"],"inLanguage":"fr-FR"},{"@type":"WebPage","@id":"https:\/\/www.bellunopress.it\/2012\/02\/23\/mercatino-enogastronomico-in-piazza-dei-martiri-da-venerdi-a-domenica-ecco-il-programma-da-febbraio-a-ottobre\/","url":"https:\/\/www.bellunopress.it\/2012\/02\/23\/mercatino-enogastronomico-in-piazza-dei-martiri-da-venerdi-a-domenica-ecco-il-programma-da-febbraio-a-ottobre\/","name":"Mercatino enogastronomico in Piazza dei Martiri, da venerd\u00ec a domenica. Ecco il programma da febbraio a ottobre - Bellunopress - Dolomiti","isPartOf":{"@id":"https:\/\/www.bellunopress.it\/#website"},"primaryImageOfPage":{"@id":"https:\/\/www.bellunopress.it\/2012\/02\/23\/mercatino-enogastronomico-in-piazza-dei-martiri-da-venerdi-a-domenica-ecco-il-programma-da-febbraio-a-ottobre\/#primaryimage"},"image":{"@id":"https:\/\/www.bellunopress.it\/2012\/02\/23\/mercatino-enogastronomico-in-piazza-dei-martiri-da-venerdi-a-domenica-ecco-il-programma-da-febbraio-a-ottobre\/#primaryimage"},"thumbnailUrl":"http:\/\/www.bellunopress.it\/wp-content\/uploads\/2011\/10\/fiera-Tipico-italiano1.jpg","datePublished":"2012-02-23T12:34:56+00:00","breadcrumb":{"@id":"https:\/\/www.bellunopress.it\/2012\/02\/23\/mercatino-enogastronomico-in-piazza-dei-martiri-da-venerdi-a-domenica-ecco-il-programma-da-febbraio-a-ottobre\/#breadcrumb"},"inLanguage":"fr-FR","potentialAction":[{"@type":"ReadAction","target":["https:\/\/www.bellunopress.it\/2012\/02\/23\/mercatino-enogastronomico-in-piazza-dei-martiri-da-venerdi-a-domenica-ecco-il-programma-da-febbraio-a-ottobre\/"]}]},{"@type":"ImageObject","inLanguage":"fr-FR","@id":"https:\/\/www.bellunopress.it\/2012\/02\/23\/mercatino-enogastronomico-in-piazza-dei-martiri-da-venerdi-a-domenica-ecco-il-programma-da-febbraio-a-ottobre\/#primaryimage","url":"http:\/\/www.bellunopress.it\/wp-content\/uploads\/2011\/10\/fiera-Tipico-italiano1.jpg","contentUrl":"http:\/\/www.bellunopress.it\/wp-content\/uploads\/2011\/10\/fiera-Tipico-italiano1.jpg"},{"@type":"BreadcrumbList","@id":"https:\/\/www.bellunopress.it\/2012\/02\/23\/mercatino-enogastronomico-in-piazza-dei-martiri-da-venerdi-a-domenica-ecco-il-programma-da-febbraio-a-ottobre\/#breadcrumb","itemListElement":[{"@type":"ListItem","position":1,"name":"Home","item":"https:\/\/www.bellunopress.it\/"},{"@type":"ListItem","position":2,"name":"Mercatino enogastronomico in Piazza dei Martiri, da venerd\u00ec a domenica. Ecco il programma da febbraio a ottobre"}]},{"@type":"WebSite","@id":"https:\/\/www.bellunopress.it\/#website","url":"https:\/\/www.bellunopress.it\/","name":"Bellunopress - Dolomiti","description":"e-mail: redazione@bellunopress.it","publisher":{"@id":"https:\/\/www.bellunopress.it\/#organization"},"potentialAction":[{"@type":"SearchAction","target":{"@type":"EntryPoint","urlTemplate":"https:\/\/www.bellunopress.it\/?s={search_term_string}"},"query-input":{"@type":"PropertyValueSpecification","valueRequired":true,"valueName":"search_term_string"}}],"inLanguage":"fr-FR"},{"@type":"Organization","@id":"https:\/\/www.bellunopress.it\/#organization","name":"Bellunopress","url":"https:\/\/www.bellunopress.it\/","logo":{"@type":"ImageObject","inLanguage":"fr-FR","@id":"https:\/\/www.bellunopress.it\/#\/schema\/logo\/image\/","url":"https:\/\/www.bellunopress.it\/wp-content\/uploads\/2011\/05\/cropped-logo-bellunopress-.jpg","contentUrl":"https:\/\/www.bellunopress.it\/wp-content\/uploads\/2011\/05\/cropped-logo-bellunopress-.jpg","width":512,"height":512,"caption":"Bellunopress"},"image":{"@id":"https:\/\/www.bellunopress.it\/#\/schema\/logo\/image\/"},"sameAs":["https:\/\/www.facebook.com\/profile.php?id=100008943462799","https:\/\/x.com\/bellunopress","https:\/\/www.linkedin.com\/hp\/?dnr=JBzUWaJfMUw8vbXJJ2tVW5-I3jZKvC4wsoxE&amp;amp;amp;amp;amp;amp;trk=nav_responsive_tab_home","https:\/\/www.youtube.com\/channel\/UCxL0wu1uN0_3_7hGG0306cw"]},{"@type":"Person","@id":"https:\/\/www.bellunopress.it\/#\/schema\/person\/79bb06722b37ece1c03d3e94beb30d73","name":"r\u00e9daction","image":{"@type":"ImageObject","inLanguage":"fr-FR","@id":"https:\/\/secure.gravatar.com\/avatar\/37d968a2e67a6fd04c169c4bdef102d0bc5d31b2546345219e348575eb80e9a0?s=96&d=mm&r=g","url":"https:\/\/secure.gravatar.com\/avatar\/37d968a2e67a6fd04c169c4bdef102d0bc5d31b2546345219e348575eb80e9a0?s=96&d=mm&r=g","contentUrl":"https:\/\/secure.gravatar.com\/avatar\/37d968a2e67a6fd04c169c4bdef102d0bc5d31b2546345219e348575eb80e9a0?s=96&d=mm&r=g","caption":"redazione"},"sameAs":["http:\/\/www.bellunopress.it","https:\/\/x.com\/bellunopress"],"url":"https:\/\/www.bellunopress.it\/fr\/author\/redazione\/"}]}},"_links":{"self":[{"href":"https:\/\/www.bellunopress.it\/fr\/wp-json\/wp\/v2\/posts\/35360","targetHints":{"allow":["GET"]}}],"collection":[{"href":"https:\/\/www.bellunopress.it\/fr\/wp-json\/wp\/v2\/posts"}],"about":[{"href":"https:\/\/www.bellunopress.it\/fr\/wp-json\/wp\/v2\/types\/post"}],"author":[{"embeddable":true,"href":"https:\/\/www.bellunopress.it\/fr\/wp-json\/wp\/v2\/users\/2"}],"replies":[{"embeddable":true,"href":"https:\/\/www.bellunopress.it\/fr\/wp-json\/wp\/v2\/comments?post=35360"}],"version-history":[{"count":1,"href":"https:\/\/www.bellunopress.it\/fr\/wp-json\/wp\/v2\/posts\/35360\/revisions"}],"predecessor-version":[{"id":35361,"href":"https:\/\/www.bellunopress.it\/fr\/wp-json\/wp\/v2\/posts\/35360\/revisions\/35361"}],"wp:attachment":[{"href":"https:\/\/www.bellunopress.it\/fr\/wp-json\/wp\/v2\/media?parent=35360"}],"wp:term":[{"taxonomy":"category","embeddable":true,"href":"https:\/\/www.bellunopress.it\/fr\/wp-json\/wp\/v2\/categories?post=35360"},{"taxonomy":"post_tag","embeddable":true,"href":"https:\/\/www.bellunopress.it\/fr\/wp-json\/wp\/v2\/tags?post=35360"}],"curies":[{"name":"wp","href":"https:\/\/api.w.org\/{rel}","templated":true}]}}