{"id":35358,"date":"2012-02-23T08:47:10","date_gmt":"2012-02-23T07:47:10","guid":{"rendered":"http:\/\/www.bellunopress.it\/?p=35358"},"modified":"2012-02-23T08:47:10","modified_gmt":"2012-02-23T07:47:10","slug":"venerdi-nella-libreria-mondolibri-di-belluno-si-parla-di-comunicazione-pubblica","status":"publish","type":"post","link":"https:\/\/www.bellunopress.it\/fr\/2012\/02\/23\/venerdi-nella-libreria-mondolibri-di-belluno-si-parla-di-comunicazione-pubblica\/","title":{"rendered":"Venerd\u00ec nella Libreria Mondolibri di Belluno si parla di comunicazione pubblica"},"content":{"rendered":"<p>\u201cLa comunicazione pubblica per una grande societ\u00e0\u201d Il 24 febbraio 2012 alle ore 18.15 nella libreria MondoLibri di via Mezzaterra Stefano Rolando spiega ragioni e regole per un miglior dibattito pubblico.<\/p>\n<p>Stefano Rolando, professore all\u2019Universit\u00e0 IULM di Milano gi\u00e0 manager con alte responsabilit\u00e0 in istituzioni e imprese, \u00e8 il protagonista del quinto appuntamento del percorso letterario nel mondo della comunicazione \u201cUn libro, un tema, un&#8217;idea\u201d organizzato nella libreria MondoLIbri di Belluno dal Direttivo Triveneto Ferpi e dall&#8217;Associazione comunicazione pubblica.<\/p>\n<p>Obiettivo primario del libro \u201cLa comunicazione pubblica per una grande societ\u00e0\u201d che far\u00e0 da pretesto per parlare di comunicazione pubblica \u00e8 quello di promuovere ragioni e regole per un migliore dibattito pubblico, come dice il sottotitolo. E quindi sostenere le ragioni e le regole della democrazia partecipativa. L\u2019autore da anni partecipa all\u2019evoluzione della comunicazione pubblica in Italia e all\u2019estero. Di recente \u00e8 stato tra gli animatori della prima conferenza europea del settore promossa dal Comitato delle Regioni della UE presso il Parlamento Europeo.<\/p>\n<p>Ricapitola ora il percorso, descrivendo i cambiamenti del modo con cui soggetti pubblici e privati dovrebbero interagire attorno ai nodi della storia comune e della cultura dello sviluppo.<\/p>\n<p>Al di l\u00e0 delle condizioni normative con cui il tema \u00e8 agito nella PA, la comunicazione \u00e8 utile alla sinergia tra stato e societ\u00e0. In epoca di trasformazione della nozione stessa di democrazia. Ma anche in contesti di ridisegno del rapporto tra istituzioni e mercato fatto di snellimenti, riforme, deleghe e sussidiariet\u00e0. Ci\u00f2 che nelle democrazie occidentali va sotto il nome di \u201cBig Society\u201d.<\/p>\n<p>Nel testo si spiega perch\u00e9 e come dilatare il perimetro della materia verso la societ\u00e0 civile; con brevi ed efficaci illustrazioni di contesti applicativi (servizi pubblici, energia, salute, sicurezza, educazione, alimentazione, cultura e spettacolo, statistica, turismo, eccetera). Nelle conclusioni un\u2019analisi del contesto italiano in materia di etica e libert\u00e0 nel campo dell\u2019informazione e una proposta di nuova regolazione del sistema.<\/p>\n<p>La scrittura divulgativa e sensibile all\u2019attuale fase di crisi e trasformazione del rapporto tra istituzioni e societ\u00e0, soprattutto nel contesto italiano ma con attenzione ai processi europei e globali, ne fa un riferimento per la didattica universitaria e professionale ma anche un contributo al dibattito su una nuova percezione del concetto di \u201csfera pubblica\u201d, di strategie per i \u201cbeni comuni\u201d, di consolidamento della \u201csussidiariet\u00e0\u201d che alimenta la pubblicistica di questi ultimi anni.<\/p>\n<p>Molti sono gli esperti che hanno fornito brevi contributi di opinione inseriti nel trattamento del testo che \u00e8, al tempo stesso, saggio e convegno, analisi e dibattito. Tra di essi, oltre a molte citazioni dalla letteratura, Alberto Abruzzese, Giuliano Amato, Simon Anholt, Gregorio Arena, Fabrizio Barca, Piero Bassetti, Gianni Canova, Antonio Catrical\u00e0, Marino Cavallo, Enzo Cheli, Alberto Contri, Fiorella Di Cindio, Giuseppe De Rita, Nadio Delai, Enrico Giovannini, Carlo Jean, Roberto Louvin, Guido Martinotti, Franco Pizzetti, Stefano Rodot\u00e0, Stefano Sepe, Claudio Strinati, Marco Vitale, Pierre Z\u00e8mor.<\/p>\n<p>Osserva l\u2019autore: \u201cL\u2019ipotesi \u00e8 che debba essere pi\u00f9 visibile una comunicazione funzionale al tema di fondo della identit\u00e0 competitiva e solidale del paese. Una comunicazione per una societ\u00e0 che voglia riappropriarsi delle sue istituzioni, capace di dar voce non propagandisticamente a interessi generali, che veda alleate professionalit\u00e0 pubbliche e private sottratte alla frustrazione dell\u2019eterna delega ad altri\u201d.<\/p>\n<p>Ad intervistare Stefano Rolando il prof. Eugenio Ambrosi, Direttore del Corecom Friuli Venezia Giulia sino a fine 2011, giornalista pubblicista, autore di numerosi articoli e saggi, una decina di libri pubblicati, docente a contratto di Strategia di internazionalizzazione per la P.A. a Scienze della Formazione dell\u2019Universit\u00e0 di Trieste, dove \u00e8 anche docente di comunicazione pubblica al Master in Gestione ed analisi della comunicazione, direttore responsabile della NewsLetter del Centro Veritas di Trieste.<\/p>\n<p>L&#8217;evento ha il patrocinio e il sostegno di Provincia di Belluno, Comune di Belluno, Confindustria Belluno Dolomiti, UAPI, APPIA, Confcommercio, Ordine dei Giornalisti del Veneto, Librerie MondoLibri, Flashfactory e Maxima srl.<\/p>","protected":false},"excerpt":{"rendered":"<p>\u201cLa comunicazione pubblica per una grande societ\u00e0\u201d Il 24 febbraio 2012 alle ore 18.15 nella libreria MondoLibri di via Mezzaterra Stefano Rolando spiega ragioni e regole per un miglior dibattito pubblico. Stefano Rolando, professore all\u2019Universit\u00e0 IULM di Milano gi\u00e0 manager con alte responsabilit\u00e0 in istituzioni e imprese, \u00e8 il protagonista del quinto appuntamento del percorso [&hellip;]<\/p>\n","protected":false},"author":2,"featured_media":0,"comment_status":"closed","ping_status":"open","sticky":false,"template":"","format":"standard","meta":{"footnotes":""},"categories":[27,25],"tags":[],"class_list":["post-35358","post","type-post","status-publish","format-standard","category-appuntamenti","category-pausa-caffe"],"yoast_head":"<!-- This site is optimized with the Yoast SEO plugin v28.4 - https:\/\/yoast.com\/product\/yoast-seo-wordpress\/ -->\n<title>Venerd\u00ec nella Libreria Mondolibri di Belluno si parla di comunicazione pubblica  - Bellunopress - Dolomiti<\/title>\n<meta name=\"robots\" content=\"index, follow, max-snippet:-1, max-image-preview:large, max-video-preview:-1\" \/>\n<link rel=\"canonical\" href=\"https:\/\/www.bellunopress.it\/fr\/2012\/02\/23\/venerdi-nella-libreria-mondolibri-di-belluno-si-parla-di-comunicazione-pubblica\/\" \/>\n<meta property=\"og:locale\" content=\"fr_FR\" \/>\n<meta property=\"og:type\" content=\"article\" \/>\n<meta property=\"og:title\" content=\"Venerd\u00ec nella Libreria Mondolibri di Belluno si parla di comunicazione pubblica  - Bellunopress - Dolomiti\" \/>\n<meta property=\"og:description\" content=\"\u201cLa comunicazione pubblica per una grande societ\u00e0\u201d Il 24 febbraio 2012 alle ore 18.15 nella libreria MondoLibri di via Mezzaterra Stefano Rolando spiega ragioni e regole per un miglior dibattito pubblico. Stefano Rolando, professore all\u2019Universit\u00e0 IULM di Milano gi\u00e0 manager con alte responsabilit\u00e0 in istituzioni e imprese, \u00e8 il protagonista del quinto appuntamento del percorso [&hellip;]\" \/>\n<meta property=\"og:url\" content=\"https:\/\/www.bellunopress.it\/fr\/2012\/02\/23\/venerdi-nella-libreria-mondolibri-di-belluno-si-parla-di-comunicazione-pubblica\/\" \/>\n<meta property=\"og:site_name\" content=\"Bellunopress - Dolomiti\" \/>\n<meta property=\"article:publisher\" content=\"https:\/\/www.facebook.com\/profile.php?id=100008943462799\" \/>\n<meta property=\"article:published_time\" content=\"2012-02-23T07:47:10+00:00\" \/>\n<meta property=\"og:image\" content=\"http:\/\/www.bellunopress.it\/wp-content\/uploads\/2012\/07\/logo-bellunopress-250x250-2012.jpg\" \/>\n<meta name=\"author\" content=\"redazione\" \/>\n<meta name=\"twitter:card\" content=\"summary_large_image\" \/>\n<meta name=\"twitter:creator\" content=\"@bellunopress\" \/>\n<meta name=\"twitter:site\" content=\"@bellunopress\" \/>\n<meta name=\"twitter:label1\" content=\"\u00c9crit par\" \/>\n\t<meta name=\"twitter:data1\" content=\"redazione\" \/>\n\t<meta name=\"twitter:label2\" content=\"Dur\u00e9e de lecture estim\u00e9e\" \/>\n\t<meta name=\"twitter:data2\" content=\"3 minutes\" \/>\n<script type=\"application\/ld+json\" class=\"yoast-schema-graph\">{\"@context\":\"https:\\\/\\\/schema.org\",\"@graph\":[{\"@type\":\"Article\",\"@id\":\"https:\\\/\\\/www.bellunopress.it\\\/2012\\\/02\\\/23\\\/venerdi-nella-libreria-mondolibri-di-belluno-si-parla-di-comunicazione-pubblica\\\/#article\",\"isPartOf\":{\"@id\":\"https:\\\/\\\/www.bellunopress.it\\\/2012\\\/02\\\/23\\\/venerdi-nella-libreria-mondolibri-di-belluno-si-parla-di-comunicazione-pubblica\\\/\"},\"author\":{\"name\":\"redazione\",\"@id\":\"https:\\\/\\\/www.bellunopress.it\\\/#\\\/schema\\\/person\\\/79bb06722b37ece1c03d3e94beb30d73\"},\"headline\":\"Venerd\u00ec nella Libreria Mondolibri di Belluno si parla di comunicazione pubblica\",\"datePublished\":\"2012-02-23T07:47:10+00:00\",\"mainEntityOfPage\":{\"@id\":\"https:\\\/\\\/www.bellunopress.it\\\/2012\\\/02\\\/23\\\/venerdi-nella-libreria-mondolibri-di-belluno-si-parla-di-comunicazione-pubblica\\\/\"},\"wordCount\":647,\"publisher\":{\"@id\":\"https:\\\/\\\/www.bellunopress.it\\\/#organization\"},\"articleSection\":[\"Appuntamenti, Eventi\",\"Pausa Caff\u00e8\"],\"inLanguage\":\"fr-FR\"},{\"@type\":\"WebPage\",\"@id\":\"https:\\\/\\\/www.bellunopress.it\\\/2012\\\/02\\\/23\\\/venerdi-nella-libreria-mondolibri-di-belluno-si-parla-di-comunicazione-pubblica\\\/\",\"url\":\"https:\\\/\\\/www.bellunopress.it\\\/2012\\\/02\\\/23\\\/venerdi-nella-libreria-mondolibri-di-belluno-si-parla-di-comunicazione-pubblica\\\/\",\"name\":\"Venerd\u00ec nella Libreria Mondolibri di Belluno si parla di comunicazione pubblica - Bellunopress - Dolomiti\",\"isPartOf\":{\"@id\":\"https:\\\/\\\/www.bellunopress.it\\\/#website\"},\"datePublished\":\"2012-02-23T07:47:10+00:00\",\"breadcrumb\":{\"@id\":\"https:\\\/\\\/www.bellunopress.it\\\/2012\\\/02\\\/23\\\/venerdi-nella-libreria-mondolibri-di-belluno-si-parla-di-comunicazione-pubblica\\\/#breadcrumb\"},\"inLanguage\":\"fr-FR\",\"potentialAction\":[{\"@type\":\"ReadAction\",\"target\":[\"https:\\\/\\\/www.bellunopress.it\\\/2012\\\/02\\\/23\\\/venerdi-nella-libreria-mondolibri-di-belluno-si-parla-di-comunicazione-pubblica\\\/\"]}]},{\"@type\":\"BreadcrumbList\",\"@id\":\"https:\\\/\\\/www.bellunopress.it\\\/2012\\\/02\\\/23\\\/venerdi-nella-libreria-mondolibri-di-belluno-si-parla-di-comunicazione-pubblica\\\/#breadcrumb\",\"itemListElement\":[{\"@type\":\"ListItem\",\"position\":1,\"name\":\"Home\",\"item\":\"https:\\\/\\\/www.bellunopress.it\\\/\"},{\"@type\":\"ListItem\",\"position\":2,\"name\":\"Venerd\u00ec nella Libreria Mondolibri di Belluno si parla di comunicazione pubblica\"}]},{\"@type\":\"WebSite\",\"@id\":\"https:\\\/\\\/www.bellunopress.it\\\/#website\",\"url\":\"https:\\\/\\\/www.bellunopress.it\\\/\",\"name\":\"Bellunopress - Dolomiti\",\"description\":\"e-mail: redazione@bellunopress.it\",\"publisher\":{\"@id\":\"https:\\\/\\\/www.bellunopress.it\\\/#organization\"},\"potentialAction\":[{\"@type\":\"SearchAction\",\"target\":{\"@type\":\"EntryPoint\",\"urlTemplate\":\"https:\\\/\\\/www.bellunopress.it\\\/?s={search_term_string}\"},\"query-input\":{\"@type\":\"PropertyValueSpecification\",\"valueRequired\":true,\"valueName\":\"search_term_string\"}}],\"inLanguage\":\"fr-FR\"},{\"@type\":\"Organization\",\"@id\":\"https:\\\/\\\/www.bellunopress.it\\\/#organization\",\"name\":\"Bellunopress\",\"url\":\"https:\\\/\\\/www.bellunopress.it\\\/\",\"logo\":{\"@type\":\"ImageObject\",\"inLanguage\":\"fr-FR\",\"@id\":\"https:\\\/\\\/www.bellunopress.it\\\/#\\\/schema\\\/logo\\\/image\\\/\",\"url\":\"https:\\\/\\\/www.bellunopress.it\\\/wp-content\\\/uploads\\\/2011\\\/05\\\/cropped-logo-bellunopress-.jpg\",\"contentUrl\":\"https:\\\/\\\/www.bellunopress.it\\\/wp-content\\\/uploads\\\/2011\\\/05\\\/cropped-logo-bellunopress-.jpg\",\"width\":512,\"height\":512,\"caption\":\"Bellunopress\"},\"image\":{\"@id\":\"https:\\\/\\\/www.bellunopress.it\\\/#\\\/schema\\\/logo\\\/image\\\/\"},\"sameAs\":[\"https:\\\/\\\/www.facebook.com\\\/profile.php?id=100008943462799\",\"https:\\\/\\\/x.com\\\/bellunopress\",\"https:\\\/\\\/www.linkedin.com\\\/hp\\\/?dnr=JBzUWaJfMUw8vbXJJ2tVW5-I3jZKvC4wsoxE&amp;amp;amp;amp;amp;amp;trk=nav_responsive_tab_home\",\"https:\\\/\\\/www.youtube.com\\\/channel\\\/UCxL0wu1uN0_3_7hGG0306cw\"]},{\"@type\":\"Person\",\"@id\":\"https:\\\/\\\/www.bellunopress.it\\\/#\\\/schema\\\/person\\\/79bb06722b37ece1c03d3e94beb30d73\",\"name\":\"redazione\",\"image\":{\"@type\":\"ImageObject\",\"inLanguage\":\"fr-FR\",\"@id\":\"https:\\\/\\\/secure.gravatar.com\\\/avatar\\\/37d968a2e67a6fd04c169c4bdef102d0bc5d31b2546345219e348575eb80e9a0?s=96&d=mm&r=g\",\"url\":\"https:\\\/\\\/secure.gravatar.com\\\/avatar\\\/37d968a2e67a6fd04c169c4bdef102d0bc5d31b2546345219e348575eb80e9a0?s=96&d=mm&r=g\",\"contentUrl\":\"https:\\\/\\\/secure.gravatar.com\\\/avatar\\\/37d968a2e67a6fd04c169c4bdef102d0bc5d31b2546345219e348575eb80e9a0?s=96&d=mm&r=g\",\"caption\":\"redazione\"},\"sameAs\":[\"http:\\\/\\\/www.bellunopress.it\",\"https:\\\/\\\/x.com\\\/bellunopress\"],\"url\":\"https:\\\/\\\/www.bellunopress.it\\\/fr\\\/author\\\/redazione\\\/\"}]}<\/script>\n<!-- \/ Yoast SEO plugin. -->","yoast_head_json":{"title":"Venerd\u00ec nella Libreria Mondolibri di Belluno si parla di comunicazione pubblica  - Bellunopress - Dolomiti","robots":{"index":"index","follow":"follow","max-snippet":"max-snippet:-1","max-image-preview":"max-image-preview:large","max-video-preview":"max-video-preview:-1"},"canonical":"https:\/\/www.bellunopress.it\/fr\/2012\/02\/23\/venerdi-nella-libreria-mondolibri-di-belluno-si-parla-di-comunicazione-pubblica\/","og_locale":"fr_FR","og_type":"article","og_title":"Venerd\u00ec nella Libreria Mondolibri di Belluno si parla di comunicazione pubblica  - Bellunopress - Dolomiti","og_description":"\u201cLa comunicazione pubblica per una grande societ\u00e0\u201d Il 24 febbraio 2012 alle ore 18.15 nella libreria MondoLibri di via Mezzaterra Stefano Rolando spiega ragioni e regole per un miglior dibattito pubblico. Stefano Rolando, professore all\u2019Universit\u00e0 IULM di Milano gi\u00e0 manager con alte responsabilit\u00e0 in istituzioni e imprese, \u00e8 il protagonista del quinto appuntamento del percorso [&hellip;]","og_url":"https:\/\/www.bellunopress.it\/fr\/2012\/02\/23\/venerdi-nella-libreria-mondolibri-di-belluno-si-parla-di-comunicazione-pubblica\/","og_site_name":"Bellunopress - Dolomiti","article_publisher":"https:\/\/www.facebook.com\/profile.php?id=100008943462799","article_published_time":"2012-02-23T07:47:10+00:00","og_image":[{"url":"http:\/\/www.bellunopress.it\/wp-content\/uploads\/2012\/07\/logo-bellunopress-250x250-2012.jpg","type":"","width":"","height":""}],"author":"redazione","twitter_card":"summary_large_image","twitter_creator":"@bellunopress","twitter_site":"@bellunopress","twitter_misc":{"\u00c9crit par":"redazione","Dur\u00e9e de lecture estim\u00e9e":"3 minutes"},"schema":{"@context":"https:\/\/schema.org","@graph":[{"@type":"Article","@id":"https:\/\/www.bellunopress.it\/2012\/02\/23\/venerdi-nella-libreria-mondolibri-di-belluno-si-parla-di-comunicazione-pubblica\/#article","isPartOf":{"@id":"https:\/\/www.bellunopress.it\/2012\/02\/23\/venerdi-nella-libreria-mondolibri-di-belluno-si-parla-di-comunicazione-pubblica\/"},"author":{"name":"redazione","@id":"https:\/\/www.bellunopress.it\/#\/schema\/person\/79bb06722b37ece1c03d3e94beb30d73"},"headline":"Venerd\u00ec nella Libreria Mondolibri di Belluno si parla di comunicazione pubblica","datePublished":"2012-02-23T07:47:10+00:00","mainEntityOfPage":{"@id":"https:\/\/www.bellunopress.it\/2012\/02\/23\/venerdi-nella-libreria-mondolibri-di-belluno-si-parla-di-comunicazione-pubblica\/"},"wordCount":647,"publisher":{"@id":"https:\/\/www.bellunopress.it\/#organization"},"articleSection":["Appuntamenti, Eventi","Pausa Caff\u00e8"],"inLanguage":"fr-FR"},{"@type":"WebPage","@id":"https:\/\/www.bellunopress.it\/2012\/02\/23\/venerdi-nella-libreria-mondolibri-di-belluno-si-parla-di-comunicazione-pubblica\/","url":"https:\/\/www.bellunopress.it\/2012\/02\/23\/venerdi-nella-libreria-mondolibri-di-belluno-si-parla-di-comunicazione-pubblica\/","name":"Venerd\u00ec nella Libreria Mondolibri di Belluno si parla di comunicazione pubblica - Bellunopress - Dolomiti","isPartOf":{"@id":"https:\/\/www.bellunopress.it\/#website"},"datePublished":"2012-02-23T07:47:10+00:00","breadcrumb":{"@id":"https:\/\/www.bellunopress.it\/2012\/02\/23\/venerdi-nella-libreria-mondolibri-di-belluno-si-parla-di-comunicazione-pubblica\/#breadcrumb"},"inLanguage":"fr-FR","potentialAction":[{"@type":"ReadAction","target":["https:\/\/www.bellunopress.it\/2012\/02\/23\/venerdi-nella-libreria-mondolibri-di-belluno-si-parla-di-comunicazione-pubblica\/"]}]},{"@type":"BreadcrumbList","@id":"https:\/\/www.bellunopress.it\/2012\/02\/23\/venerdi-nella-libreria-mondolibri-di-belluno-si-parla-di-comunicazione-pubblica\/#breadcrumb","itemListElement":[{"@type":"ListItem","position":1,"name":"Home","item":"https:\/\/www.bellunopress.it\/"},{"@type":"ListItem","position":2,"name":"Venerd\u00ec nella Libreria Mondolibri di Belluno si parla di comunicazione pubblica"}]},{"@type":"WebSite","@id":"https:\/\/www.bellunopress.it\/#website","url":"https:\/\/www.bellunopress.it\/","name":"Bellunopress - Dolomiti","description":"e-mail: redazione@bellunopress.it","publisher":{"@id":"https:\/\/www.bellunopress.it\/#organization"},"potentialAction":[{"@type":"SearchAction","target":{"@type":"EntryPoint","urlTemplate":"https:\/\/www.bellunopress.it\/?s={search_term_string}"},"query-input":{"@type":"PropertyValueSpecification","valueRequired":true,"valueName":"search_term_string"}}],"inLanguage":"fr-FR"},{"@type":"Organization","@id":"https:\/\/www.bellunopress.it\/#organization","name":"Bellunopress","url":"https:\/\/www.bellunopress.it\/","logo":{"@type":"ImageObject","inLanguage":"fr-FR","@id":"https:\/\/www.bellunopress.it\/#\/schema\/logo\/image\/","url":"https:\/\/www.bellunopress.it\/wp-content\/uploads\/2011\/05\/cropped-logo-bellunopress-.jpg","contentUrl":"https:\/\/www.bellunopress.it\/wp-content\/uploads\/2011\/05\/cropped-logo-bellunopress-.jpg","width":512,"height":512,"caption":"Bellunopress"},"image":{"@id":"https:\/\/www.bellunopress.it\/#\/schema\/logo\/image\/"},"sameAs":["https:\/\/www.facebook.com\/profile.php?id=100008943462799","https:\/\/x.com\/bellunopress","https:\/\/www.linkedin.com\/hp\/?dnr=JBzUWaJfMUw8vbXJJ2tVW5-I3jZKvC4wsoxE&amp;amp;amp;amp;amp;amp;trk=nav_responsive_tab_home","https:\/\/www.youtube.com\/channel\/UCxL0wu1uN0_3_7hGG0306cw"]},{"@type":"Person","@id":"https:\/\/www.bellunopress.it\/#\/schema\/person\/79bb06722b37ece1c03d3e94beb30d73","name":"r\u00e9daction","image":{"@type":"ImageObject","inLanguage":"fr-FR","@id":"https:\/\/secure.gravatar.com\/avatar\/37d968a2e67a6fd04c169c4bdef102d0bc5d31b2546345219e348575eb80e9a0?s=96&d=mm&r=g","url":"https:\/\/secure.gravatar.com\/avatar\/37d968a2e67a6fd04c169c4bdef102d0bc5d31b2546345219e348575eb80e9a0?s=96&d=mm&r=g","contentUrl":"https:\/\/secure.gravatar.com\/avatar\/37d968a2e67a6fd04c169c4bdef102d0bc5d31b2546345219e348575eb80e9a0?s=96&d=mm&r=g","caption":"redazione"},"sameAs":["http:\/\/www.bellunopress.it","https:\/\/x.com\/bellunopress"],"url":"https:\/\/www.bellunopress.it\/fr\/author\/redazione\/"}]}},"_links":{"self":[{"href":"https:\/\/www.bellunopress.it\/fr\/wp-json\/wp\/v2\/posts\/35358","targetHints":{"allow":["GET"]}}],"collection":[{"href":"https:\/\/www.bellunopress.it\/fr\/wp-json\/wp\/v2\/posts"}],"about":[{"href":"https:\/\/www.bellunopress.it\/fr\/wp-json\/wp\/v2\/types\/post"}],"author":[{"embeddable":true,"href":"https:\/\/www.bellunopress.it\/fr\/wp-json\/wp\/v2\/users\/2"}],"replies":[{"embeddable":true,"href":"https:\/\/www.bellunopress.it\/fr\/wp-json\/wp\/v2\/comments?post=35358"}],"version-history":[{"count":1,"href":"https:\/\/www.bellunopress.it\/fr\/wp-json\/wp\/v2\/posts\/35358\/revisions"}],"predecessor-version":[{"id":35359,"href":"https:\/\/www.bellunopress.it\/fr\/wp-json\/wp\/v2\/posts\/35358\/revisions\/35359"}],"wp:attachment":[{"href":"https:\/\/www.bellunopress.it\/fr\/wp-json\/wp\/v2\/media?parent=35358"}],"wp:term":[{"taxonomy":"category","embeddable":true,"href":"https:\/\/www.bellunopress.it\/fr\/wp-json\/wp\/v2\/categories?post=35358"},{"taxonomy":"post_tag","embeddable":true,"href":"https:\/\/www.bellunopress.it\/fr\/wp-json\/wp\/v2\/tags?post=35358"}],"curies":[{"name":"wp","href":"https:\/\/api.w.org\/{rel}","templated":true}]}}