{"id":35356,"date":"2012-02-23T08:35:51","date_gmt":"2012-02-23T07:35:51","guid":{"rendered":"http:\/\/www.bellunopress.it\/?p=35356"},"modified":"2012-02-23T08:35:51","modified_gmt":"2012-02-23T07:35:51","slug":"siccita-il-deficit-di-precipitazioni-preoccupa-bim-gsp-che-invita-a-moderare-i-prelievi-dacqua","status":"publish","type":"post","link":"https:\/\/www.bellunopress.it\/fr\/2012\/02\/23\/siccita-il-deficit-di-precipitazioni-preoccupa-bim-gsp-che-invita-a-moderare-i-prelievi-dacqua\/","title":{"rendered":"Siccit\u00e0: il deficit di precipitazioni preoccupa Bim Gsp che invita a moderare i prelievi d&#8217;acqua"},"content":{"rendered":"<p><a href=\"http:\/\/www.bellunopress.it\/wp-content\/uploads\/2009\/08\/gsp-gestione-servizi-pubblici.jpg\"><img loading=\"lazy\" decoding=\"async\" class=\"alignleft size-full wp-image-6957\" title=\"gsp-gestione-servizi-pubblici\" src=\"http:\/\/www.bellunopress.it\/wp-content\/uploads\/2009\/08\/gsp-gestione-servizi-pubblici.jpg\" alt=\"\" width=\"140\" height=\"89\" \/><\/a>Continua a destare preoccupazione in Bim Gsp l\u2019andamento stagionale del tutto anomalo che sta contraddistinguendo l\u2019inverno in corso: piogge pressoch\u00e9 assenti, poche nevicate in quota e di scarsa entit\u00e0, sole ovunque da ieri e almeno fino al prossimo 6 marzo. \u00abI quattro fiocchi di neve dell\u2019ultimo week-end \u2013 precisa la societ\u00e0 \u2013 non hanno allontanato il rischio siccit\u00e0 per i prossimi mesi: l\u2019allerta \u00e8 sempre alta e, se continua a non piovere, le conseguenze si faranno presto sentire e si accentueranno in estate\u00bb.<\/p>\n<p>A confermare l\u2019allerta di Gsp i dati Arpav: da ottobre a met\u00e0 di febbraio \u2013 si legge nel bollettino quindicinale pubblicato on-line nel sito www.arpa.veneto.it &#8211; il deficit di precipitazioni nevose \u00e8 importante: -40% a 2200 m, -65\/-75% a 1600-1200 m di quota.<\/p>\n<p>\u00abQuesto vuol dire calo d\u2019acqua anche nelle nostre sorgenti \u2013 ribadisce la societ\u00e0 &#8211; assolutamente urgente che l\u2019utenza limiti i consumi allo stretto necessario, per evitare che si estendano gli effetti della graduale carenza idrica che sta interessando un po\u2019 tutte le sorgenti bellunesi\u00bb. E in questa direzione si sono mossi quasi tutti i Comuni della provincia, che da qualche giorno hanno esposto avvisi che invitano l\u2019utenza a limitare i prelievi dall\u2019acquedotto: \u00abUna misura preventiva indispensabile \u2013 spiega la societ\u00e0 \u2013 per la quale abbiamo avuto ampio supporto da parte delle amministrazioni comunali\u00bb.<\/p>\n<p>Intanto a Rucav\u00e0 di Colle Santa Lucia, da ieri e per tutto oggi, a causa della mancanza d\u2019acqua in sorgente, si \u00e8 provveduto ad alimentare la rete idrica locale con le autobotti dei Vigili del Fuoco. Al momento la situazione sembra essersi stabilizzata, ma il monitoraggio di Gsp proseguir\u00e0 anche nei prossimi giorni.<\/p>\n<p>Continuano, intanto, anche i rifornimenti con autobotti alla vasca di Calchere in comune di Cencenighe Agordino per garantire l\u2019erogazione alle 400 utenze del capoluogo e di Coi. \u00abDa venerd\u00ec \u2013 spiega la societ\u00e0 \u2013 alimenteremo il serbatoio di Calchere attraverso una temporanea linea acquedottistica che prende l\u2019acqua in eccesso dalle reti idriche di Vallada. Una misura urgente \u2013 spiega la societ\u00e0 \u2013 realizzabile solo ora perch\u00e9 vi \u00e8 un graduale innalzamento delle temperature esterne: prima vi era il concreto rischio che la condotta potesse ghiacciare\u00bb. Anche per il passato Gsp aveva fatto ricorso a questo collegamento temporaneo: \u00abDoveroso, da parte nostra, ricorrere alle interconnessioni tra acquedotti laddove possibile: qui \u00e8 fattibile sia tecnicamente che in termini di disponibilit\u00e0 idrica. Non solo, questo sistema ci permetter\u00e0 nei prossimi giorni di ridurre i viaggi delle autobotti dei Vigili del fuoco: sono servizi che, per quanto utili, hanno un costo\u00bb. Segnali di carenza idrica diffusa arrivano anche da Voltago Agordino, San Tomaso, Alleghe (Masar\u00e8), Rocca Pietore (zone di Caracoi e Cimai), Mellame (Arsi\u00e8), Campigotti (Lamon) e Grea (Domegge). Rientrata, al momento la situazione di allerta in Col di Roanza a Belluno e a Pedavena, nelle zone Fiere e Venezia Secca.<\/p>","protected":false},"excerpt":{"rendered":"<p>Continua a destare preoccupazione in Bim Gsp l\u2019andamento stagionale del tutto anomalo che sta contraddistinguendo l\u2019inverno in corso: piogge pressoch\u00e9 assenti, poche nevicate in quota e di scarsa entit\u00e0, sole ovunque da ieri e almeno fino al prossimo 6 marzo. \u00abI quattro fiocchi di neve dell\u2019ultimo week-end \u2013 precisa la societ\u00e0 \u2013 non hanno allontanato [&hellip;]<\/p>\n","protected":false},"author":2,"featured_media":0,"comment_status":"closed","ping_status":"open","sticky":false,"template":"","format":"standard","meta":{"footnotes":""},"categories":[5,26],"tags":[],"class_list":["post-35356","post","type-post","status-publish","format-standard","category-cronaca","category-prima-pagina"],"yoast_head":"<!-- This site is optimized with the Yoast SEO plugin v28.4 - https:\/\/yoast.com\/product\/yoast-seo-wordpress\/ -->\n<title>Siccit\u00e0: il deficit di precipitazioni preoccupa Bim Gsp che invita a moderare i prelievi d&#039;acqua - Bellunopress - Dolomiti<\/title>\n<meta name=\"robots\" content=\"index, follow, max-snippet:-1, max-image-preview:large, max-video-preview:-1\" \/>\n<link rel=\"canonical\" href=\"https:\/\/www.bellunopress.it\/fr\/2012\/02\/23\/siccita-il-deficit-di-precipitazioni-preoccupa-bim-gsp-che-invita-a-moderare-i-prelievi-dacqua\/\" \/>\n<meta property=\"og:locale\" content=\"fr_FR\" \/>\n<meta property=\"og:type\" content=\"article\" \/>\n<meta property=\"og:title\" content=\"Siccit\u00e0: il deficit di precipitazioni preoccupa Bim Gsp che invita a moderare i prelievi d&#039;acqua - Bellunopress - Dolomiti\" \/>\n<meta property=\"og:description\" content=\"Continua a destare preoccupazione in Bim Gsp l\u2019andamento stagionale del tutto anomalo che sta contraddistinguendo l\u2019inverno in corso: piogge pressoch\u00e9 assenti, poche nevicate in quota e di scarsa entit\u00e0, sole ovunque da ieri e almeno fino al prossimo 6 marzo. \u00abI quattro fiocchi di neve dell\u2019ultimo week-end \u2013 precisa la societ\u00e0 \u2013 non hanno allontanato [&hellip;]\" \/>\n<meta property=\"og:url\" content=\"https:\/\/www.bellunopress.it\/fr\/2012\/02\/23\/siccita-il-deficit-di-precipitazioni-preoccupa-bim-gsp-che-invita-a-moderare-i-prelievi-dacqua\/\" \/>\n<meta property=\"og:site_name\" content=\"Bellunopress - Dolomiti\" \/>\n<meta property=\"article:publisher\" content=\"https:\/\/www.facebook.com\/profile.php?id=100008943462799\" \/>\n<meta property=\"article:published_time\" content=\"2012-02-23T07:35:51+00:00\" \/>\n<meta property=\"og:image\" content=\"http:\/\/www.bellunopress.it\/wp-content\/uploads\/2009\/08\/gsp-gestione-servizi-pubblici.jpg\" \/>\n<meta name=\"author\" content=\"redazione\" \/>\n<meta name=\"twitter:card\" content=\"summary_large_image\" \/>\n<meta name=\"twitter:creator\" content=\"@bellunopress\" \/>\n<meta name=\"twitter:site\" content=\"@bellunopress\" \/>\n<meta name=\"twitter:label1\" content=\"\u00c9crit par\" \/>\n\t<meta name=\"twitter:data1\" content=\"redazione\" \/>\n\t<meta name=\"twitter:label2\" content=\"Dur\u00e9e de lecture estim\u00e9e\" \/>\n\t<meta name=\"twitter:data2\" content=\"2 minutes\" \/>\n<script type=\"application\/ld+json\" class=\"yoast-schema-graph\">{\"@context\":\"https:\\\/\\\/schema.org\",\"@graph\":[{\"@type\":\"Article\",\"@id\":\"https:\\\/\\\/www.bellunopress.it\\\/2012\\\/02\\\/23\\\/siccita-il-deficit-di-precipitazioni-preoccupa-bim-gsp-che-invita-a-moderare-i-prelievi-dacqua\\\/#article\",\"isPartOf\":{\"@id\":\"https:\\\/\\\/www.bellunopress.it\\\/2012\\\/02\\\/23\\\/siccita-il-deficit-di-precipitazioni-preoccupa-bim-gsp-che-invita-a-moderare-i-prelievi-dacqua\\\/\"},\"author\":{\"name\":\"redazione\",\"@id\":\"https:\\\/\\\/www.bellunopress.it\\\/#\\\/schema\\\/person\\\/79bb06722b37ece1c03d3e94beb30d73\"},\"headline\":\"Siccit\u00e0: il deficit di precipitazioni preoccupa Bim Gsp che invita a moderare i prelievi d&#8217;acqua\",\"datePublished\":\"2012-02-23T07:35:51+00:00\",\"mainEntityOfPage\":{\"@id\":\"https:\\\/\\\/www.bellunopress.it\\\/2012\\\/02\\\/23\\\/siccita-il-deficit-di-precipitazioni-preoccupa-bim-gsp-che-invita-a-moderare-i-prelievi-dacqua\\\/\"},\"wordCount\":483,\"publisher\":{\"@id\":\"https:\\\/\\\/www.bellunopress.it\\\/#organization\"},\"image\":{\"@id\":\"https:\\\/\\\/www.bellunopress.it\\\/2012\\\/02\\\/23\\\/siccita-il-deficit-di-precipitazioni-preoccupa-bim-gsp-che-invita-a-moderare-i-prelievi-dacqua\\\/#primaryimage\"},\"thumbnailUrl\":\"http:\\\/\\\/www.bellunopress.it\\\/wp-content\\\/uploads\\\/2009\\\/08\\\/gsp-gestione-servizi-pubblici.jpg\",\"articleSection\":[\"Cronaca\\\/Politica\",\"Prima Pagina\"],\"inLanguage\":\"fr-FR\"},{\"@type\":\"WebPage\",\"@id\":\"https:\\\/\\\/www.bellunopress.it\\\/2012\\\/02\\\/23\\\/siccita-il-deficit-di-precipitazioni-preoccupa-bim-gsp-che-invita-a-moderare-i-prelievi-dacqua\\\/\",\"url\":\"https:\\\/\\\/www.bellunopress.it\\\/2012\\\/02\\\/23\\\/siccita-il-deficit-di-precipitazioni-preoccupa-bim-gsp-che-invita-a-moderare-i-prelievi-dacqua\\\/\",\"name\":\"Siccit\u00e0: il deficit di precipitazioni preoccupa Bim Gsp che invita a moderare i prelievi d'acqua - Bellunopress - Dolomiti\",\"isPartOf\":{\"@id\":\"https:\\\/\\\/www.bellunopress.it\\\/#website\"},\"primaryImageOfPage\":{\"@id\":\"https:\\\/\\\/www.bellunopress.it\\\/2012\\\/02\\\/23\\\/siccita-il-deficit-di-precipitazioni-preoccupa-bim-gsp-che-invita-a-moderare-i-prelievi-dacqua\\\/#primaryimage\"},\"image\":{\"@id\":\"https:\\\/\\\/www.bellunopress.it\\\/2012\\\/02\\\/23\\\/siccita-il-deficit-di-precipitazioni-preoccupa-bim-gsp-che-invita-a-moderare-i-prelievi-dacqua\\\/#primaryimage\"},\"thumbnailUrl\":\"http:\\\/\\\/www.bellunopress.it\\\/wp-content\\\/uploads\\\/2009\\\/08\\\/gsp-gestione-servizi-pubblici.jpg\",\"datePublished\":\"2012-02-23T07:35:51+00:00\",\"breadcrumb\":{\"@id\":\"https:\\\/\\\/www.bellunopress.it\\\/2012\\\/02\\\/23\\\/siccita-il-deficit-di-precipitazioni-preoccupa-bim-gsp-che-invita-a-moderare-i-prelievi-dacqua\\\/#breadcrumb\"},\"inLanguage\":\"fr-FR\",\"potentialAction\":[{\"@type\":\"ReadAction\",\"target\":[\"https:\\\/\\\/www.bellunopress.it\\\/2012\\\/02\\\/23\\\/siccita-il-deficit-di-precipitazioni-preoccupa-bim-gsp-che-invita-a-moderare-i-prelievi-dacqua\\\/\"]}]},{\"@type\":\"ImageObject\",\"inLanguage\":\"fr-FR\",\"@id\":\"https:\\\/\\\/www.bellunopress.it\\\/2012\\\/02\\\/23\\\/siccita-il-deficit-di-precipitazioni-preoccupa-bim-gsp-che-invita-a-moderare-i-prelievi-dacqua\\\/#primaryimage\",\"url\":\"http:\\\/\\\/www.bellunopress.it\\\/wp-content\\\/uploads\\\/2009\\\/08\\\/gsp-gestione-servizi-pubblici.jpg\",\"contentUrl\":\"http:\\\/\\\/www.bellunopress.it\\\/wp-content\\\/uploads\\\/2009\\\/08\\\/gsp-gestione-servizi-pubblici.jpg\"},{\"@type\":\"BreadcrumbList\",\"@id\":\"https:\\\/\\\/www.bellunopress.it\\\/2012\\\/02\\\/23\\\/siccita-il-deficit-di-precipitazioni-preoccupa-bim-gsp-che-invita-a-moderare-i-prelievi-dacqua\\\/#breadcrumb\",\"itemListElement\":[{\"@type\":\"ListItem\",\"position\":1,\"name\":\"Home\",\"item\":\"https:\\\/\\\/www.bellunopress.it\\\/\"},{\"@type\":\"ListItem\",\"position\":2,\"name\":\"Siccit\u00e0: il deficit di precipitazioni preoccupa Bim Gsp che invita a moderare i prelievi d&#8217;acqua\"}]},{\"@type\":\"WebSite\",\"@id\":\"https:\\\/\\\/www.bellunopress.it\\\/#website\",\"url\":\"https:\\\/\\\/www.bellunopress.it\\\/\",\"name\":\"Bellunopress - Dolomiti\",\"description\":\"e-mail: redazione@bellunopress.it\",\"publisher\":{\"@id\":\"https:\\\/\\\/www.bellunopress.it\\\/#organization\"},\"potentialAction\":[{\"@type\":\"SearchAction\",\"target\":{\"@type\":\"EntryPoint\",\"urlTemplate\":\"https:\\\/\\\/www.bellunopress.it\\\/?s={search_term_string}\"},\"query-input\":{\"@type\":\"PropertyValueSpecification\",\"valueRequired\":true,\"valueName\":\"search_term_string\"}}],\"inLanguage\":\"fr-FR\"},{\"@type\":\"Organization\",\"@id\":\"https:\\\/\\\/www.bellunopress.it\\\/#organization\",\"name\":\"Bellunopress\",\"url\":\"https:\\\/\\\/www.bellunopress.it\\\/\",\"logo\":{\"@type\":\"ImageObject\",\"inLanguage\":\"fr-FR\",\"@id\":\"https:\\\/\\\/www.bellunopress.it\\\/#\\\/schema\\\/logo\\\/image\\\/\",\"url\":\"https:\\\/\\\/www.bellunopress.it\\\/wp-content\\\/uploads\\\/2011\\\/05\\\/cropped-logo-bellunopress-.jpg\",\"contentUrl\":\"https:\\\/\\\/www.bellunopress.it\\\/wp-content\\\/uploads\\\/2011\\\/05\\\/cropped-logo-bellunopress-.jpg\",\"width\":512,\"height\":512,\"caption\":\"Bellunopress\"},\"image\":{\"@id\":\"https:\\\/\\\/www.bellunopress.it\\\/#\\\/schema\\\/logo\\\/image\\\/\"},\"sameAs\":[\"https:\\\/\\\/www.facebook.com\\\/profile.php?id=100008943462799\",\"https:\\\/\\\/x.com\\\/bellunopress\",\"https:\\\/\\\/www.linkedin.com\\\/hp\\\/?dnr=JBzUWaJfMUw8vbXJJ2tVW5-I3jZKvC4wsoxE&amp;amp;amp;amp;amp;amp;trk=nav_responsive_tab_home\",\"https:\\\/\\\/www.youtube.com\\\/channel\\\/UCxL0wu1uN0_3_7hGG0306cw\"]},{\"@type\":\"Person\",\"@id\":\"https:\\\/\\\/www.bellunopress.it\\\/#\\\/schema\\\/person\\\/79bb06722b37ece1c03d3e94beb30d73\",\"name\":\"redazione\",\"image\":{\"@type\":\"ImageObject\",\"inLanguage\":\"fr-FR\",\"@id\":\"https:\\\/\\\/secure.gravatar.com\\\/avatar\\\/37d968a2e67a6fd04c169c4bdef102d0bc5d31b2546345219e348575eb80e9a0?s=96&d=mm&r=g\",\"url\":\"https:\\\/\\\/secure.gravatar.com\\\/avatar\\\/37d968a2e67a6fd04c169c4bdef102d0bc5d31b2546345219e348575eb80e9a0?s=96&d=mm&r=g\",\"contentUrl\":\"https:\\\/\\\/secure.gravatar.com\\\/avatar\\\/37d968a2e67a6fd04c169c4bdef102d0bc5d31b2546345219e348575eb80e9a0?s=96&d=mm&r=g\",\"caption\":\"redazione\"},\"sameAs\":[\"http:\\\/\\\/www.bellunopress.it\",\"https:\\\/\\\/x.com\\\/bellunopress\"],\"url\":\"https:\\\/\\\/www.bellunopress.it\\\/fr\\\/author\\\/redazione\\\/\"}]}<\/script>\n<!-- \/ Yoast SEO plugin. -->","yoast_head_json":{"title":"Siccit\u00e0: il deficit di precipitazioni preoccupa Bim Gsp che invita a moderare i prelievi d'acqua - Bellunopress - Dolomiti","robots":{"index":"index","follow":"follow","max-snippet":"max-snippet:-1","max-image-preview":"max-image-preview:large","max-video-preview":"max-video-preview:-1"},"canonical":"https:\/\/www.bellunopress.it\/fr\/2012\/02\/23\/siccita-il-deficit-di-precipitazioni-preoccupa-bim-gsp-che-invita-a-moderare-i-prelievi-dacqua\/","og_locale":"fr_FR","og_type":"article","og_title":"Siccit\u00e0: il deficit di precipitazioni preoccupa Bim Gsp che invita a moderare i prelievi d'acqua - Bellunopress - Dolomiti","og_description":"Continua a destare preoccupazione in Bim Gsp l\u2019andamento stagionale del tutto anomalo che sta contraddistinguendo l\u2019inverno in corso: piogge pressoch\u00e9 assenti, poche nevicate in quota e di scarsa entit\u00e0, sole ovunque da ieri e almeno fino al prossimo 6 marzo. \u00abI quattro fiocchi di neve dell\u2019ultimo week-end \u2013 precisa la societ\u00e0 \u2013 non hanno allontanato [&hellip;]","og_url":"https:\/\/www.bellunopress.it\/fr\/2012\/02\/23\/siccita-il-deficit-di-precipitazioni-preoccupa-bim-gsp-che-invita-a-moderare-i-prelievi-dacqua\/","og_site_name":"Bellunopress - Dolomiti","article_publisher":"https:\/\/www.facebook.com\/profile.php?id=100008943462799","article_published_time":"2012-02-23T07:35:51+00:00","og_image":[{"url":"http:\/\/www.bellunopress.it\/wp-content\/uploads\/2009\/08\/gsp-gestione-servizi-pubblici.jpg","type":"","width":"","height":""}],"author":"redazione","twitter_card":"summary_large_image","twitter_creator":"@bellunopress","twitter_site":"@bellunopress","twitter_misc":{"\u00c9crit par":"redazione","Dur\u00e9e de lecture estim\u00e9e":"2 minutes"},"schema":{"@context":"https:\/\/schema.org","@graph":[{"@type":"Article","@id":"https:\/\/www.bellunopress.it\/2012\/02\/23\/siccita-il-deficit-di-precipitazioni-preoccupa-bim-gsp-che-invita-a-moderare-i-prelievi-dacqua\/#article","isPartOf":{"@id":"https:\/\/www.bellunopress.it\/2012\/02\/23\/siccita-il-deficit-di-precipitazioni-preoccupa-bim-gsp-che-invita-a-moderare-i-prelievi-dacqua\/"},"author":{"name":"redazione","@id":"https:\/\/www.bellunopress.it\/#\/schema\/person\/79bb06722b37ece1c03d3e94beb30d73"},"headline":"Siccit\u00e0: il deficit di precipitazioni preoccupa Bim Gsp che invita a moderare i prelievi d&#8217;acqua","datePublished":"2012-02-23T07:35:51+00:00","mainEntityOfPage":{"@id":"https:\/\/www.bellunopress.it\/2012\/02\/23\/siccita-il-deficit-di-precipitazioni-preoccupa-bim-gsp-che-invita-a-moderare-i-prelievi-dacqua\/"},"wordCount":483,"publisher":{"@id":"https:\/\/www.bellunopress.it\/#organization"},"image":{"@id":"https:\/\/www.bellunopress.it\/2012\/02\/23\/siccita-il-deficit-di-precipitazioni-preoccupa-bim-gsp-che-invita-a-moderare-i-prelievi-dacqua\/#primaryimage"},"thumbnailUrl":"http:\/\/www.bellunopress.it\/wp-content\/uploads\/2009\/08\/gsp-gestione-servizi-pubblici.jpg","articleSection":["Cronaca\/Politica","Prima Pagina"],"inLanguage":"fr-FR"},{"@type":"WebPage","@id":"https:\/\/www.bellunopress.it\/2012\/02\/23\/siccita-il-deficit-di-precipitazioni-preoccupa-bim-gsp-che-invita-a-moderare-i-prelievi-dacqua\/","url":"https:\/\/www.bellunopress.it\/2012\/02\/23\/siccita-il-deficit-di-precipitazioni-preoccupa-bim-gsp-che-invita-a-moderare-i-prelievi-dacqua\/","name":"Siccit\u00e0: il deficit di precipitazioni preoccupa Bim Gsp che invita a moderare i prelievi d'acqua - Bellunopress - Dolomiti","isPartOf":{"@id":"https:\/\/www.bellunopress.it\/#website"},"primaryImageOfPage":{"@id":"https:\/\/www.bellunopress.it\/2012\/02\/23\/siccita-il-deficit-di-precipitazioni-preoccupa-bim-gsp-che-invita-a-moderare-i-prelievi-dacqua\/#primaryimage"},"image":{"@id":"https:\/\/www.bellunopress.it\/2012\/02\/23\/siccita-il-deficit-di-precipitazioni-preoccupa-bim-gsp-che-invita-a-moderare-i-prelievi-dacqua\/#primaryimage"},"thumbnailUrl":"http:\/\/www.bellunopress.it\/wp-content\/uploads\/2009\/08\/gsp-gestione-servizi-pubblici.jpg","datePublished":"2012-02-23T07:35:51+00:00","breadcrumb":{"@id":"https:\/\/www.bellunopress.it\/2012\/02\/23\/siccita-il-deficit-di-precipitazioni-preoccupa-bim-gsp-che-invita-a-moderare-i-prelievi-dacqua\/#breadcrumb"},"inLanguage":"fr-FR","potentialAction":[{"@type":"ReadAction","target":["https:\/\/www.bellunopress.it\/2012\/02\/23\/siccita-il-deficit-di-precipitazioni-preoccupa-bim-gsp-che-invita-a-moderare-i-prelievi-dacqua\/"]}]},{"@type":"ImageObject","inLanguage":"fr-FR","@id":"https:\/\/www.bellunopress.it\/2012\/02\/23\/siccita-il-deficit-di-precipitazioni-preoccupa-bim-gsp-che-invita-a-moderare-i-prelievi-dacqua\/#primaryimage","url":"http:\/\/www.bellunopress.it\/wp-content\/uploads\/2009\/08\/gsp-gestione-servizi-pubblici.jpg","contentUrl":"http:\/\/www.bellunopress.it\/wp-content\/uploads\/2009\/08\/gsp-gestione-servizi-pubblici.jpg"},{"@type":"BreadcrumbList","@id":"https:\/\/www.bellunopress.it\/2012\/02\/23\/siccita-il-deficit-di-precipitazioni-preoccupa-bim-gsp-che-invita-a-moderare-i-prelievi-dacqua\/#breadcrumb","itemListElement":[{"@type":"ListItem","position":1,"name":"Home","item":"https:\/\/www.bellunopress.it\/"},{"@type":"ListItem","position":2,"name":"Siccit\u00e0: il deficit di precipitazioni preoccupa Bim Gsp che invita a moderare i prelievi d&#8217;acqua"}]},{"@type":"WebSite","@id":"https:\/\/www.bellunopress.it\/#website","url":"https:\/\/www.bellunopress.it\/","name":"Bellunopress - Dolomiti","description":"e-mail: redazione@bellunopress.it","publisher":{"@id":"https:\/\/www.bellunopress.it\/#organization"},"potentialAction":[{"@type":"SearchAction","target":{"@type":"EntryPoint","urlTemplate":"https:\/\/www.bellunopress.it\/?s={search_term_string}"},"query-input":{"@type":"PropertyValueSpecification","valueRequired":true,"valueName":"search_term_string"}}],"inLanguage":"fr-FR"},{"@type":"Organization","@id":"https:\/\/www.bellunopress.it\/#organization","name":"Bellunopress","url":"https:\/\/www.bellunopress.it\/","logo":{"@type":"ImageObject","inLanguage":"fr-FR","@id":"https:\/\/www.bellunopress.it\/#\/schema\/logo\/image\/","url":"https:\/\/www.bellunopress.it\/wp-content\/uploads\/2011\/05\/cropped-logo-bellunopress-.jpg","contentUrl":"https:\/\/www.bellunopress.it\/wp-content\/uploads\/2011\/05\/cropped-logo-bellunopress-.jpg","width":512,"height":512,"caption":"Bellunopress"},"image":{"@id":"https:\/\/www.bellunopress.it\/#\/schema\/logo\/image\/"},"sameAs":["https:\/\/www.facebook.com\/profile.php?id=100008943462799","https:\/\/x.com\/bellunopress","https:\/\/www.linkedin.com\/hp\/?dnr=JBzUWaJfMUw8vbXJJ2tVW5-I3jZKvC4wsoxE&amp;amp;amp;amp;amp;amp;trk=nav_responsive_tab_home","https:\/\/www.youtube.com\/channel\/UCxL0wu1uN0_3_7hGG0306cw"]},{"@type":"Person","@id":"https:\/\/www.bellunopress.it\/#\/schema\/person\/79bb06722b37ece1c03d3e94beb30d73","name":"r\u00e9daction","image":{"@type":"ImageObject","inLanguage":"fr-FR","@id":"https:\/\/secure.gravatar.com\/avatar\/37d968a2e67a6fd04c169c4bdef102d0bc5d31b2546345219e348575eb80e9a0?s=96&d=mm&r=g","url":"https:\/\/secure.gravatar.com\/avatar\/37d968a2e67a6fd04c169c4bdef102d0bc5d31b2546345219e348575eb80e9a0?s=96&d=mm&r=g","contentUrl":"https:\/\/secure.gravatar.com\/avatar\/37d968a2e67a6fd04c169c4bdef102d0bc5d31b2546345219e348575eb80e9a0?s=96&d=mm&r=g","caption":"redazione"},"sameAs":["http:\/\/www.bellunopress.it","https:\/\/x.com\/bellunopress"],"url":"https:\/\/www.bellunopress.it\/fr\/author\/redazione\/"}]}},"_links":{"self":[{"href":"https:\/\/www.bellunopress.it\/fr\/wp-json\/wp\/v2\/posts\/35356","targetHints":{"allow":["GET"]}}],"collection":[{"href":"https:\/\/www.bellunopress.it\/fr\/wp-json\/wp\/v2\/posts"}],"about":[{"href":"https:\/\/www.bellunopress.it\/fr\/wp-json\/wp\/v2\/types\/post"}],"author":[{"embeddable":true,"href":"https:\/\/www.bellunopress.it\/fr\/wp-json\/wp\/v2\/users\/2"}],"replies":[{"embeddable":true,"href":"https:\/\/www.bellunopress.it\/fr\/wp-json\/wp\/v2\/comments?post=35356"}],"version-history":[{"count":1,"href":"https:\/\/www.bellunopress.it\/fr\/wp-json\/wp\/v2\/posts\/35356\/revisions"}],"predecessor-version":[{"id":35357,"href":"https:\/\/www.bellunopress.it\/fr\/wp-json\/wp\/v2\/posts\/35356\/revisions\/35357"}],"wp:attachment":[{"href":"https:\/\/www.bellunopress.it\/fr\/wp-json\/wp\/v2\/media?parent=35356"}],"wp:term":[{"taxonomy":"category","embeddable":true,"href":"https:\/\/www.bellunopress.it\/fr\/wp-json\/wp\/v2\/categories?post=35356"},{"taxonomy":"post_tag","embeddable":true,"href":"https:\/\/www.bellunopress.it\/fr\/wp-json\/wp\/v2\/tags?post=35356"}],"curies":[{"name":"wp","href":"https:\/\/api.w.org\/{rel}","templated":true}]}}