{"id":35330,"date":"2012-02-24T10:44:15","date_gmt":"2012-02-24T09:44:15","guid":{"rendered":"http:\/\/www.bellunopress.it\/?p=35330"},"modified":"2012-02-24T22:47:41","modified_gmt":"2012-02-24T21:47:41","slug":"verita-e-menzogna-in-scena-sabato-e-domenica-al-teatro-comunale-di-belluno-con-il-bellissimo-testo-di-eduardo-de-filippo-le-bugie-hanno-le-gambe-lunghe","status":"publish","type":"post","link":"https:\/\/www.bellunopress.it\/fr\/2012\/02\/24\/verita-e-menzogna-in-scena-sabato-e-domenica-al-teatro-comunale-di-belluno-con-il-bellissimo-testo-di-eduardo-de-filippo-le-bugie-hanno-le-gambe-lunghe\/","title":{"rendered":"Verit\u00e0 e menzogna in scena sabato e domenica al Teatro comunale di Belluno. Con il bellissimo testo di Eduardo De Filippo, &#8220;Le bugie hanno le gambe lunghe&#8221;"},"content":{"rendered":"<p>La Stagione di Prosa del Teatro Comunale di Belluno prosegue, sabato 25 (turno A) e domenica 26 (turno B) febbraio 2012, alle ore 20.45, con il bellissimo testo di Eduardo De Filippo Le bugie con le gambe lunghe, un gioco di continui spiazzamenti e invenzioni che trasformano la verit\u00e0 in menzogna e viceversa. <a href=\"http:\/\/www.bellunopress.it\/wp-content\/uploads\/2011\/12\/teatro-comunale-notte.jpg\"><img loading=\"lazy\" decoding=\"async\" class=\"alignleft size-full wp-image-33329\" title=\"teatro comunale notte\" src=\"http:\/\/www.bellunopress.it\/wp-content\/uploads\/2011\/12\/teatro-comunale-notte.jpg\" alt=\"\" width=\"290\" height=\"238\" \/><\/a>Qui Luca De Filippo, regista e protagonista di rilievo dell&#8217;opera, d\u00e0 il meglio di s\u00e9 in un grandioso allestimento scenico che asseconda la lucida, sferzante scrittura del padre, rivelando, di scena in scena, altri possibili volti della presunta verit\u00e0, attraverso un meccanismo drammaturgico perfetto, una lettura della realt\u00e0 lucida e senza orpelli, vivace e costellata di imprevisti e capovolgimenti che divertono, in un crescendo di comicit\u00e0, fino a toccare i toni della farsa, mentre al contempo liberano il pensiero.<\/p>\n<p>Luca De Filippo con lo spettacolo Le bugie hanno le gambe corte \u00e8 stato insignito nel 2011 del Premio ANCT (Associazione Nazionale Critici Teatrali) \u00abper aver dimostrato la sua capacit\u00e0 di capocomico e per aver felicemente evidenziato la modernit\u00e0 della drammaturgia edoardiana\u00bb.<\/p>\n<p>Con l&#8217;allestimento di Le bugie con le gambe lunghe, infatti, la compagnia di Luca De Filippo ha proseguito il fortunato lavoro sulla drammaturgia del grande Eduardo ed in particolare su quella del dopoguerra. Nel 1946, subito dopo il debutto a Napoli di Filumena Marturano, il drammaturgo napoletano scrive questa commedia a tinte forti, polemica e ottimista insieme, mettendo in scena l&#8217;eterno conflitto tra verit\u00e0 e menzogna, apparenza e sostanza, libert\u00e0 dell&#8217;individuo e giudizio della comunit\u00e0&#8230; l&#8217;infinita commedia umana.<\/p>\n<p>Libero Incoronato, omen nomen, antieroe alla maniera di Eduardo \u00e8 un uomo modesto, onesto, insieme dignitoso e fiero, che coltiva in segreto un sogno, sposare l&#8217;amata Graziella, la cui reputazione non \u00e8 delle pi\u00f9 nobili. La sua vita tranquilla viene sconvolta dai vicini che tentano in ogni modo di coinvolgerlo, suo malgrado, nelle loro squallide storie. Libero, prima ingenuamente ostinato nello smascherare le clamorose menzogne spacciate per verit\u00e0, di cui \u00e8 testimone, alla fine decide di adeguarsi in modo provocatorio alla regola generale, rilanciandola e amplificandola fino al paradosso. Ed ecco svelato il titolo della commedia, che rovescia il proverbio popolare: le bugie con le gambe corte sono quelle dei bambini, quelle puerili, mentre quelle con le gambe lunghe sono quelle usate \u00abper non far cadere l&#8217;impalcatura della societ\u00e0\u00bb (Eduardo).<\/p>\n<p>Lo spettacolo \u00e8 una produzione della Compagnia di Teatro di Luca De Filippo; testo di Eduardo De Filippo; regia Luca De Filippo; in scena Luca De Filippo, Nicola Di Pinto, Anna Fiorelli, Fulvia Carotenuto, Carolina Rosi, Massimo De Matteo, Giuseppe Rispoli, Gioia Miale, Antonio D&#8217;Avino, Chiara De Crescenzo, Alessandra D&#8217;Ambrosio, Carmen Annibale; scene Gianmaurizio Fercioni; fondali Giacomo Costa; costumi Silvia Polidori; luci Stefano Stacchini.<\/p>\n<p>La Stagione di Prosa 2011-2012 del Teatro Comunale di Belluno \u00e8 organizzata da Tib Teatro per la direzione artistica di Daniela Nicosia, in collaborazione con la Fondazione Teatri delle Dolomiti, e con il Ministero per il Beni e le Attivit\u00e0 Culturali e A.I.C.S. per la cultura.<\/p>\n<p>INFO E PRENOTAZIONI fino a gioved\u00ec 23 febbraio 0437-943303 &#8211; venerd\u00ec 24, sabato 25 e domenica 26 febbraio presso il Teatro Comunale di Belluno 0437-940349, dalle 11 alle 13 e dalle 17 alle 20.<\/p>\n<p>www.tibteatro.it<\/p>","protected":false},"excerpt":{"rendered":"<p>La Stagione di Prosa del Teatro Comunale di Belluno prosegue, sabato 25 (turno A) e domenica 26 (turno B) febbraio 2012, alle ore 20.45, con il bellissimo testo di Eduardo De Filippo Le bugie con le gambe lunghe, un gioco di continui spiazzamenti e invenzioni che trasformano la verit\u00e0 in menzogna e viceversa. Qui Luca [&hellip;]<\/p>\n","protected":false},"author":2,"featured_media":0,"comment_status":"closed","ping_status":"open","sticky":false,"template":"","format":"standard","meta":{"footnotes":""},"categories":[27,3,25],"tags":[],"class_list":["post-35330","post","type-post","status-publish","format-standard","category-appuntamenti","category-arte-cultura-spettacoli-scienza-archivi","category-pausa-caffe"],"yoast_head":"<!-- This site is optimized with the Yoast SEO plugin v28.4 - https:\/\/yoast.com\/product\/yoast-seo-wordpress\/ -->\n<title>Verit\u00e0 e menzogna in scena sabato e domenica al Teatro comunale di Belluno. Con il bellissimo testo di Eduardo De Filippo, &quot;Le bugie hanno le gambe lunghe&quot; - Bellunopress - Dolomiti<\/title>\n<meta name=\"robots\" content=\"index, follow, max-snippet:-1, max-image-preview:large, max-video-preview:-1\" \/>\n<link rel=\"canonical\" href=\"https:\/\/www.bellunopress.it\/fr\/2012\/02\/24\/verita-e-menzogna-in-scena-sabato-e-domenica-al-teatro-comunale-di-belluno-con-il-bellissimo-testo-di-eduardo-de-filippo-le-bugie-hanno-le-gambe-lunghe\/\" \/>\n<meta property=\"og:locale\" content=\"fr_FR\" \/>\n<meta property=\"og:type\" content=\"article\" \/>\n<meta property=\"og:title\" content=\"Verit\u00e0 e menzogna in scena sabato e domenica al Teatro comunale di Belluno. Con il bellissimo testo di Eduardo De Filippo, &quot;Le bugie hanno le gambe lunghe&quot; - Bellunopress - Dolomiti\" \/>\n<meta property=\"og:description\" content=\"La Stagione di Prosa del Teatro Comunale di Belluno prosegue, sabato 25 (turno A) e domenica 26 (turno B) febbraio 2012, alle ore 20.45, con il bellissimo testo di Eduardo De Filippo Le bugie con le gambe lunghe, un gioco di continui spiazzamenti e invenzioni che trasformano la verit\u00e0 in menzogna e viceversa. Qui Luca [&hellip;]\" \/>\n<meta property=\"og:url\" content=\"https:\/\/www.bellunopress.it\/fr\/2012\/02\/24\/verita-e-menzogna-in-scena-sabato-e-domenica-al-teatro-comunale-di-belluno-con-il-bellissimo-testo-di-eduardo-de-filippo-le-bugie-hanno-le-gambe-lunghe\/\" \/>\n<meta property=\"og:site_name\" content=\"Bellunopress - Dolomiti\" \/>\n<meta property=\"article:publisher\" content=\"https:\/\/www.facebook.com\/profile.php?id=100008943462799\" \/>\n<meta property=\"article:published_time\" content=\"2012-02-24T09:44:15+00:00\" \/>\n<meta property=\"article:modified_time\" content=\"2012-02-24T21:47:41+00:00\" \/>\n<meta property=\"og:image\" content=\"http:\/\/www.bellunopress.it\/wp-content\/uploads\/2011\/12\/teatro-comunale-notte.jpg\" \/>\n<meta name=\"author\" content=\"redazione\" \/>\n<meta name=\"twitter:card\" content=\"summary_large_image\" \/>\n<meta name=\"twitter:creator\" content=\"@bellunopress\" \/>\n<meta name=\"twitter:site\" content=\"@bellunopress\" \/>\n<meta name=\"twitter:label1\" content=\"\u00c9crit par\" \/>\n\t<meta name=\"twitter:data1\" content=\"redazione\" \/>\n\t<meta name=\"twitter:label2\" content=\"Dur\u00e9e de lecture estim\u00e9e\" \/>\n\t<meta name=\"twitter:data2\" content=\"3 minutes\" \/>\n<script type=\"application\/ld+json\" class=\"yoast-schema-graph\">{\"@context\":\"https:\\\/\\\/schema.org\",\"@graph\":[{\"@type\":\"Article\",\"@id\":\"https:\\\/\\\/www.bellunopress.it\\\/2012\\\/02\\\/24\\\/verita-e-menzogna-in-scena-sabato-e-domenica-al-teatro-comunale-di-belluno-con-il-bellissimo-testo-di-eduardo-de-filippo-le-bugie-hanno-le-gambe-lunghe\\\/#article\",\"isPartOf\":{\"@id\":\"https:\\\/\\\/www.bellunopress.it\\\/2012\\\/02\\\/24\\\/verita-e-menzogna-in-scena-sabato-e-domenica-al-teatro-comunale-di-belluno-con-il-bellissimo-testo-di-eduardo-de-filippo-le-bugie-hanno-le-gambe-lunghe\\\/\"},\"author\":{\"name\":\"redazione\",\"@id\":\"https:\\\/\\\/www.bellunopress.it\\\/#\\\/schema\\\/person\\\/79bb06722b37ece1c03d3e94beb30d73\"},\"headline\":\"Verit\u00e0 e menzogna in scena sabato e domenica al Teatro comunale di Belluno. Con il bellissimo testo di Eduardo De Filippo, &#8220;Le bugie hanno le gambe lunghe&#8221;\",\"datePublished\":\"2012-02-24T09:44:15+00:00\",\"dateModified\":\"2012-02-24T21:47:41+00:00\",\"mainEntityOfPage\":{\"@id\":\"https:\\\/\\\/www.bellunopress.it\\\/2012\\\/02\\\/24\\\/verita-e-menzogna-in-scena-sabato-e-domenica-al-teatro-comunale-di-belluno-con-il-bellissimo-testo-di-eduardo-de-filippo-le-bugie-hanno-le-gambe-lunghe\\\/\"},\"wordCount\":548,\"publisher\":{\"@id\":\"https:\\\/\\\/www.bellunopress.it\\\/#organization\"},\"image\":{\"@id\":\"https:\\\/\\\/www.bellunopress.it\\\/2012\\\/02\\\/24\\\/verita-e-menzogna-in-scena-sabato-e-domenica-al-teatro-comunale-di-belluno-con-il-bellissimo-testo-di-eduardo-de-filippo-le-bugie-hanno-le-gambe-lunghe\\\/#primaryimage\"},\"thumbnailUrl\":\"http:\\\/\\\/www.bellunopress.it\\\/wp-content\\\/uploads\\\/2011\\\/12\\\/teatro-comunale-notte.jpg\",\"articleSection\":[\"Appuntamenti, Eventi\",\"Arte, Cultura, Spettacoli, Scienza\",\"Pausa Caff\u00e8\"],\"inLanguage\":\"fr-FR\"},{\"@type\":\"WebPage\",\"@id\":\"https:\\\/\\\/www.bellunopress.it\\\/2012\\\/02\\\/24\\\/verita-e-menzogna-in-scena-sabato-e-domenica-al-teatro-comunale-di-belluno-con-il-bellissimo-testo-di-eduardo-de-filippo-le-bugie-hanno-le-gambe-lunghe\\\/\",\"url\":\"https:\\\/\\\/www.bellunopress.it\\\/2012\\\/02\\\/24\\\/verita-e-menzogna-in-scena-sabato-e-domenica-al-teatro-comunale-di-belluno-con-il-bellissimo-testo-di-eduardo-de-filippo-le-bugie-hanno-le-gambe-lunghe\\\/\",\"name\":\"Verit\u00e0 e menzogna in scena sabato e domenica al Teatro comunale di Belluno. Con il bellissimo testo di Eduardo De Filippo, \\\"Le bugie hanno le gambe lunghe\\\" - Bellunopress - Dolomiti\",\"isPartOf\":{\"@id\":\"https:\\\/\\\/www.bellunopress.it\\\/#website\"},\"primaryImageOfPage\":{\"@id\":\"https:\\\/\\\/www.bellunopress.it\\\/2012\\\/02\\\/24\\\/verita-e-menzogna-in-scena-sabato-e-domenica-al-teatro-comunale-di-belluno-con-il-bellissimo-testo-di-eduardo-de-filippo-le-bugie-hanno-le-gambe-lunghe\\\/#primaryimage\"},\"image\":{\"@id\":\"https:\\\/\\\/www.bellunopress.it\\\/2012\\\/02\\\/24\\\/verita-e-menzogna-in-scena-sabato-e-domenica-al-teatro-comunale-di-belluno-con-il-bellissimo-testo-di-eduardo-de-filippo-le-bugie-hanno-le-gambe-lunghe\\\/#primaryimage\"},\"thumbnailUrl\":\"http:\\\/\\\/www.bellunopress.it\\\/wp-content\\\/uploads\\\/2011\\\/12\\\/teatro-comunale-notte.jpg\",\"datePublished\":\"2012-02-24T09:44:15+00:00\",\"dateModified\":\"2012-02-24T21:47:41+00:00\",\"breadcrumb\":{\"@id\":\"https:\\\/\\\/www.bellunopress.it\\\/2012\\\/02\\\/24\\\/verita-e-menzogna-in-scena-sabato-e-domenica-al-teatro-comunale-di-belluno-con-il-bellissimo-testo-di-eduardo-de-filippo-le-bugie-hanno-le-gambe-lunghe\\\/#breadcrumb\"},\"inLanguage\":\"fr-FR\",\"potentialAction\":[{\"@type\":\"ReadAction\",\"target\":[\"https:\\\/\\\/www.bellunopress.it\\\/2012\\\/02\\\/24\\\/verita-e-menzogna-in-scena-sabato-e-domenica-al-teatro-comunale-di-belluno-con-il-bellissimo-testo-di-eduardo-de-filippo-le-bugie-hanno-le-gambe-lunghe\\\/\"]}]},{\"@type\":\"ImageObject\",\"inLanguage\":\"fr-FR\",\"@id\":\"https:\\\/\\\/www.bellunopress.it\\\/2012\\\/02\\\/24\\\/verita-e-menzogna-in-scena-sabato-e-domenica-al-teatro-comunale-di-belluno-con-il-bellissimo-testo-di-eduardo-de-filippo-le-bugie-hanno-le-gambe-lunghe\\\/#primaryimage\",\"url\":\"http:\\\/\\\/www.bellunopress.it\\\/wp-content\\\/uploads\\\/2011\\\/12\\\/teatro-comunale-notte.jpg\",\"contentUrl\":\"http:\\\/\\\/www.bellunopress.it\\\/wp-content\\\/uploads\\\/2011\\\/12\\\/teatro-comunale-notte.jpg\"},{\"@type\":\"BreadcrumbList\",\"@id\":\"https:\\\/\\\/www.bellunopress.it\\\/2012\\\/02\\\/24\\\/verita-e-menzogna-in-scena-sabato-e-domenica-al-teatro-comunale-di-belluno-con-il-bellissimo-testo-di-eduardo-de-filippo-le-bugie-hanno-le-gambe-lunghe\\\/#breadcrumb\",\"itemListElement\":[{\"@type\":\"ListItem\",\"position\":1,\"name\":\"Home\",\"item\":\"https:\\\/\\\/www.bellunopress.it\\\/\"},{\"@type\":\"ListItem\",\"position\":2,\"name\":\"Verit\u00e0 e menzogna in scena sabato e domenica al Teatro comunale di Belluno. Con il bellissimo testo di Eduardo De Filippo, &#8220;Le bugie hanno le gambe lunghe&#8221;\"}]},{\"@type\":\"WebSite\",\"@id\":\"https:\\\/\\\/www.bellunopress.it\\\/#website\",\"url\":\"https:\\\/\\\/www.bellunopress.it\\\/\",\"name\":\"Bellunopress - Dolomiti\",\"description\":\"e-mail: redazione@bellunopress.it\",\"publisher\":{\"@id\":\"https:\\\/\\\/www.bellunopress.it\\\/#organization\"},\"potentialAction\":[{\"@type\":\"SearchAction\",\"target\":{\"@type\":\"EntryPoint\",\"urlTemplate\":\"https:\\\/\\\/www.bellunopress.it\\\/?s={search_term_string}\"},\"query-input\":{\"@type\":\"PropertyValueSpecification\",\"valueRequired\":true,\"valueName\":\"search_term_string\"}}],\"inLanguage\":\"fr-FR\"},{\"@type\":\"Organization\",\"@id\":\"https:\\\/\\\/www.bellunopress.it\\\/#organization\",\"name\":\"Bellunopress\",\"url\":\"https:\\\/\\\/www.bellunopress.it\\\/\",\"logo\":{\"@type\":\"ImageObject\",\"inLanguage\":\"fr-FR\",\"@id\":\"https:\\\/\\\/www.bellunopress.it\\\/#\\\/schema\\\/logo\\\/image\\\/\",\"url\":\"https:\\\/\\\/www.bellunopress.it\\\/wp-content\\\/uploads\\\/2011\\\/05\\\/cropped-logo-bellunopress-.jpg\",\"contentUrl\":\"https:\\\/\\\/www.bellunopress.it\\\/wp-content\\\/uploads\\\/2011\\\/05\\\/cropped-logo-bellunopress-.jpg\",\"width\":512,\"height\":512,\"caption\":\"Bellunopress\"},\"image\":{\"@id\":\"https:\\\/\\\/www.bellunopress.it\\\/#\\\/schema\\\/logo\\\/image\\\/\"},\"sameAs\":[\"https:\\\/\\\/www.facebook.com\\\/profile.php?id=100008943462799\",\"https:\\\/\\\/x.com\\\/bellunopress\",\"https:\\\/\\\/www.linkedin.com\\\/hp\\\/?dnr=JBzUWaJfMUw8vbXJJ2tVW5-I3jZKvC4wsoxE&amp;amp;amp;amp;amp;amp;trk=nav_responsive_tab_home\",\"https:\\\/\\\/www.youtube.com\\\/channel\\\/UCxL0wu1uN0_3_7hGG0306cw\"]},{\"@type\":\"Person\",\"@id\":\"https:\\\/\\\/www.bellunopress.it\\\/#\\\/schema\\\/person\\\/79bb06722b37ece1c03d3e94beb30d73\",\"name\":\"redazione\",\"image\":{\"@type\":\"ImageObject\",\"inLanguage\":\"fr-FR\",\"@id\":\"https:\\\/\\\/secure.gravatar.com\\\/avatar\\\/37d968a2e67a6fd04c169c4bdef102d0bc5d31b2546345219e348575eb80e9a0?s=96&d=mm&r=g\",\"url\":\"https:\\\/\\\/secure.gravatar.com\\\/avatar\\\/37d968a2e67a6fd04c169c4bdef102d0bc5d31b2546345219e348575eb80e9a0?s=96&d=mm&r=g\",\"contentUrl\":\"https:\\\/\\\/secure.gravatar.com\\\/avatar\\\/37d968a2e67a6fd04c169c4bdef102d0bc5d31b2546345219e348575eb80e9a0?s=96&d=mm&r=g\",\"caption\":\"redazione\"},\"sameAs\":[\"http:\\\/\\\/www.bellunopress.it\",\"https:\\\/\\\/x.com\\\/bellunopress\"],\"url\":\"https:\\\/\\\/www.bellunopress.it\\\/fr\\\/author\\\/redazione\\\/\"}]}<\/script>\n<!-- \/ Yoast SEO plugin. -->","yoast_head_json":{"title":"Verit\u00e0 e menzogna in scena sabato e domenica al Teatro comunale di Belluno. Con il bellissimo testo di Eduardo De Filippo, \"Le bugie hanno le gambe lunghe\" - Bellunopress - Dolomiti","robots":{"index":"index","follow":"follow","max-snippet":"max-snippet:-1","max-image-preview":"max-image-preview:large","max-video-preview":"max-video-preview:-1"},"canonical":"https:\/\/www.bellunopress.it\/fr\/2012\/02\/24\/verita-e-menzogna-in-scena-sabato-e-domenica-al-teatro-comunale-di-belluno-con-il-bellissimo-testo-di-eduardo-de-filippo-le-bugie-hanno-le-gambe-lunghe\/","og_locale":"fr_FR","og_type":"article","og_title":"Verit\u00e0 e menzogna in scena sabato e domenica al Teatro comunale di Belluno. Con il bellissimo testo di Eduardo De Filippo, \"Le bugie hanno le gambe lunghe\" - Bellunopress - Dolomiti","og_description":"La Stagione di Prosa del Teatro Comunale di Belluno prosegue, sabato 25 (turno A) e domenica 26 (turno B) febbraio 2012, alle ore 20.45, con il bellissimo testo di Eduardo De Filippo Le bugie con le gambe lunghe, un gioco di continui spiazzamenti e invenzioni che trasformano la verit\u00e0 in menzogna e viceversa. Qui Luca [&hellip;]","og_url":"https:\/\/www.bellunopress.it\/fr\/2012\/02\/24\/verita-e-menzogna-in-scena-sabato-e-domenica-al-teatro-comunale-di-belluno-con-il-bellissimo-testo-di-eduardo-de-filippo-le-bugie-hanno-le-gambe-lunghe\/","og_site_name":"Bellunopress - Dolomiti","article_publisher":"https:\/\/www.facebook.com\/profile.php?id=100008943462799","article_published_time":"2012-02-24T09:44:15+00:00","article_modified_time":"2012-02-24T21:47:41+00:00","og_image":[{"url":"http:\/\/www.bellunopress.it\/wp-content\/uploads\/2011\/12\/teatro-comunale-notte.jpg","type":"","width":"","height":""}],"author":"redazione","twitter_card":"summary_large_image","twitter_creator":"@bellunopress","twitter_site":"@bellunopress","twitter_misc":{"\u00c9crit par":"redazione","Dur\u00e9e de lecture estim\u00e9e":"3 minutes"},"schema":{"@context":"https:\/\/schema.org","@graph":[{"@type":"Article","@id":"https:\/\/www.bellunopress.it\/2012\/02\/24\/verita-e-menzogna-in-scena-sabato-e-domenica-al-teatro-comunale-di-belluno-con-il-bellissimo-testo-di-eduardo-de-filippo-le-bugie-hanno-le-gambe-lunghe\/#article","isPartOf":{"@id":"https:\/\/www.bellunopress.it\/2012\/02\/24\/verita-e-menzogna-in-scena-sabato-e-domenica-al-teatro-comunale-di-belluno-con-il-bellissimo-testo-di-eduardo-de-filippo-le-bugie-hanno-le-gambe-lunghe\/"},"author":{"name":"redazione","@id":"https:\/\/www.bellunopress.it\/#\/schema\/person\/79bb06722b37ece1c03d3e94beb30d73"},"headline":"Verit\u00e0 e menzogna in scena sabato e domenica al Teatro comunale di Belluno. Con il bellissimo testo di Eduardo De Filippo, &#8220;Le bugie hanno le gambe lunghe&#8221;","datePublished":"2012-02-24T09:44:15+00:00","dateModified":"2012-02-24T21:47:41+00:00","mainEntityOfPage":{"@id":"https:\/\/www.bellunopress.it\/2012\/02\/24\/verita-e-menzogna-in-scena-sabato-e-domenica-al-teatro-comunale-di-belluno-con-il-bellissimo-testo-di-eduardo-de-filippo-le-bugie-hanno-le-gambe-lunghe\/"},"wordCount":548,"publisher":{"@id":"https:\/\/www.bellunopress.it\/#organization"},"image":{"@id":"https:\/\/www.bellunopress.it\/2012\/02\/24\/verita-e-menzogna-in-scena-sabato-e-domenica-al-teatro-comunale-di-belluno-con-il-bellissimo-testo-di-eduardo-de-filippo-le-bugie-hanno-le-gambe-lunghe\/#primaryimage"},"thumbnailUrl":"http:\/\/www.bellunopress.it\/wp-content\/uploads\/2011\/12\/teatro-comunale-notte.jpg","articleSection":["Appuntamenti, Eventi","Arte, Cultura, Spettacoli, Scienza","Pausa Caff\u00e8"],"inLanguage":"fr-FR"},{"@type":"WebPage","@id":"https:\/\/www.bellunopress.it\/2012\/02\/24\/verita-e-menzogna-in-scena-sabato-e-domenica-al-teatro-comunale-di-belluno-con-il-bellissimo-testo-di-eduardo-de-filippo-le-bugie-hanno-le-gambe-lunghe\/","url":"https:\/\/www.bellunopress.it\/2012\/02\/24\/verita-e-menzogna-in-scena-sabato-e-domenica-al-teatro-comunale-di-belluno-con-il-bellissimo-testo-di-eduardo-de-filippo-le-bugie-hanno-le-gambe-lunghe\/","name":"Verit\u00e0 e menzogna in scena sabato e domenica al Teatro comunale di Belluno. Con il bellissimo testo di Eduardo De Filippo, \"Le bugie hanno le gambe lunghe\" - Bellunopress - Dolomiti","isPartOf":{"@id":"https:\/\/www.bellunopress.it\/#website"},"primaryImageOfPage":{"@id":"https:\/\/www.bellunopress.it\/2012\/02\/24\/verita-e-menzogna-in-scena-sabato-e-domenica-al-teatro-comunale-di-belluno-con-il-bellissimo-testo-di-eduardo-de-filippo-le-bugie-hanno-le-gambe-lunghe\/#primaryimage"},"image":{"@id":"https:\/\/www.bellunopress.it\/2012\/02\/24\/verita-e-menzogna-in-scena-sabato-e-domenica-al-teatro-comunale-di-belluno-con-il-bellissimo-testo-di-eduardo-de-filippo-le-bugie-hanno-le-gambe-lunghe\/#primaryimage"},"thumbnailUrl":"http:\/\/www.bellunopress.it\/wp-content\/uploads\/2011\/12\/teatro-comunale-notte.jpg","datePublished":"2012-02-24T09:44:15+00:00","dateModified":"2012-02-24T21:47:41+00:00","breadcrumb":{"@id":"https:\/\/www.bellunopress.it\/2012\/02\/24\/verita-e-menzogna-in-scena-sabato-e-domenica-al-teatro-comunale-di-belluno-con-il-bellissimo-testo-di-eduardo-de-filippo-le-bugie-hanno-le-gambe-lunghe\/#breadcrumb"},"inLanguage":"fr-FR","potentialAction":[{"@type":"ReadAction","target":["https:\/\/www.bellunopress.it\/2012\/02\/24\/verita-e-menzogna-in-scena-sabato-e-domenica-al-teatro-comunale-di-belluno-con-il-bellissimo-testo-di-eduardo-de-filippo-le-bugie-hanno-le-gambe-lunghe\/"]}]},{"@type":"ImageObject","inLanguage":"fr-FR","@id":"https:\/\/www.bellunopress.it\/2012\/02\/24\/verita-e-menzogna-in-scena-sabato-e-domenica-al-teatro-comunale-di-belluno-con-il-bellissimo-testo-di-eduardo-de-filippo-le-bugie-hanno-le-gambe-lunghe\/#primaryimage","url":"http:\/\/www.bellunopress.it\/wp-content\/uploads\/2011\/12\/teatro-comunale-notte.jpg","contentUrl":"http:\/\/www.bellunopress.it\/wp-content\/uploads\/2011\/12\/teatro-comunale-notte.jpg"},{"@type":"BreadcrumbList","@id":"https:\/\/www.bellunopress.it\/2012\/02\/24\/verita-e-menzogna-in-scena-sabato-e-domenica-al-teatro-comunale-di-belluno-con-il-bellissimo-testo-di-eduardo-de-filippo-le-bugie-hanno-le-gambe-lunghe\/#breadcrumb","itemListElement":[{"@type":"ListItem","position":1,"name":"Home","item":"https:\/\/www.bellunopress.it\/"},{"@type":"ListItem","position":2,"name":"Verit\u00e0 e menzogna in scena sabato e domenica al Teatro comunale di Belluno. Con il bellissimo testo di Eduardo De Filippo, &#8220;Le bugie hanno le gambe lunghe&#8221;"}]},{"@type":"WebSite","@id":"https:\/\/www.bellunopress.it\/#website","url":"https:\/\/www.bellunopress.it\/","name":"Bellunopress - Dolomiti","description":"e-mail: redazione@bellunopress.it","publisher":{"@id":"https:\/\/www.bellunopress.it\/#organization"},"potentialAction":[{"@type":"SearchAction","target":{"@type":"EntryPoint","urlTemplate":"https:\/\/www.bellunopress.it\/?s={search_term_string}"},"query-input":{"@type":"PropertyValueSpecification","valueRequired":true,"valueName":"search_term_string"}}],"inLanguage":"fr-FR"},{"@type":"Organization","@id":"https:\/\/www.bellunopress.it\/#organization","name":"Bellunopress","url":"https:\/\/www.bellunopress.it\/","logo":{"@type":"ImageObject","inLanguage":"fr-FR","@id":"https:\/\/www.bellunopress.it\/#\/schema\/logo\/image\/","url":"https:\/\/www.bellunopress.it\/wp-content\/uploads\/2011\/05\/cropped-logo-bellunopress-.jpg","contentUrl":"https:\/\/www.bellunopress.it\/wp-content\/uploads\/2011\/05\/cropped-logo-bellunopress-.jpg","width":512,"height":512,"caption":"Bellunopress"},"image":{"@id":"https:\/\/www.bellunopress.it\/#\/schema\/logo\/image\/"},"sameAs":["https:\/\/www.facebook.com\/profile.php?id=100008943462799","https:\/\/x.com\/bellunopress","https:\/\/www.linkedin.com\/hp\/?dnr=JBzUWaJfMUw8vbXJJ2tVW5-I3jZKvC4wsoxE&amp;amp;amp;amp;amp;amp;trk=nav_responsive_tab_home","https:\/\/www.youtube.com\/channel\/UCxL0wu1uN0_3_7hGG0306cw"]},{"@type":"Person","@id":"https:\/\/www.bellunopress.it\/#\/schema\/person\/79bb06722b37ece1c03d3e94beb30d73","name":"r\u00e9daction","image":{"@type":"ImageObject","inLanguage":"fr-FR","@id":"https:\/\/secure.gravatar.com\/avatar\/37d968a2e67a6fd04c169c4bdef102d0bc5d31b2546345219e348575eb80e9a0?s=96&d=mm&r=g","url":"https:\/\/secure.gravatar.com\/avatar\/37d968a2e67a6fd04c169c4bdef102d0bc5d31b2546345219e348575eb80e9a0?s=96&d=mm&r=g","contentUrl":"https:\/\/secure.gravatar.com\/avatar\/37d968a2e67a6fd04c169c4bdef102d0bc5d31b2546345219e348575eb80e9a0?s=96&d=mm&r=g","caption":"redazione"},"sameAs":["http:\/\/www.bellunopress.it","https:\/\/x.com\/bellunopress"],"url":"https:\/\/www.bellunopress.it\/fr\/author\/redazione\/"}]}},"_links":{"self":[{"href":"https:\/\/www.bellunopress.it\/fr\/wp-json\/wp\/v2\/posts\/35330","targetHints":{"allow":["GET"]}}],"collection":[{"href":"https:\/\/www.bellunopress.it\/fr\/wp-json\/wp\/v2\/posts"}],"about":[{"href":"https:\/\/www.bellunopress.it\/fr\/wp-json\/wp\/v2\/types\/post"}],"author":[{"embeddable":true,"href":"https:\/\/www.bellunopress.it\/fr\/wp-json\/wp\/v2\/users\/2"}],"replies":[{"embeddable":true,"href":"https:\/\/www.bellunopress.it\/fr\/wp-json\/wp\/v2\/comments?post=35330"}],"version-history":[{"count":3,"href":"https:\/\/www.bellunopress.it\/fr\/wp-json\/wp\/v2\/posts\/35330\/revisions"}],"predecessor-version":[{"id":35406,"href":"https:\/\/www.bellunopress.it\/fr\/wp-json\/wp\/v2\/posts\/35330\/revisions\/35406"}],"wp:attachment":[{"href":"https:\/\/www.bellunopress.it\/fr\/wp-json\/wp\/v2\/media?parent=35330"}],"wp:term":[{"taxonomy":"category","embeddable":true,"href":"https:\/\/www.bellunopress.it\/fr\/wp-json\/wp\/v2\/categories?post=35330"},{"taxonomy":"post_tag","embeddable":true,"href":"https:\/\/www.bellunopress.it\/fr\/wp-json\/wp\/v2\/tags?post=35330"}],"curies":[{"name":"wp","href":"https:\/\/api.w.org\/{rel}","templated":true}]}}