{"id":35326,"date":"2012-02-22T09:15:15","date_gmt":"2012-02-22T08:15:15","guid":{"rendered":"http:\/\/www.bellunopress.it\/?p=35326"},"modified":"2012-02-22T09:15:15","modified_gmt":"2012-02-22T08:15:15","slug":"omaggio-a-petrolini-con-le-bretelle-lasche-domenica-a-pieve-di-cadore","status":"publish","type":"post","link":"https:\/\/www.bellunopress.it\/fr\/2012\/02\/22\/omaggio-a-petrolini-con-le-bretelle-lasche-domenica-a-pieve-di-cadore\/","title":{"rendered":"Omaggio a Petrolini, con le Bretelle lasche, domenica a Pieve di Cadore"},"content":{"rendered":"<p>Domenica al Centro Cos.Mo. di Pieve di Cadore, le Bretelle Lasche, famosa compagnia bellunese, insceneranno \u201cOmaggio ad Ettore Petrolini\u201d, terza serata della Stagione promossa dal Circolo Cultura e Stampa Bellunese, in collaborazione con il Museo dell\u2019Occhiale, il Comune e la Biblioteca Civica.<\/p>\n<p>Alle 20.30 inizier\u00e0 l\u2019imperdibile serata teatral-musicale in onore dell\u2019inventore negli anni \u201920 di una comicit\u00e0 delirante e dissacrante che, attraverso le sue battute, i suoi non-sense, le sue canzoni, denunciava i sentimentalismi, le assurdit\u00e0 e le ipocrisie della societ\u00e0 di allora.<\/p>\n<p>Ettore Petrolini (Roma, 13 gennaio 1884 \u2013 Roma, 29 giugno 1936) \u00e8 stato attore, drammaturgo, scrittore e sceneggiatore, ma soprattutto un autore che con la sua genialit\u00e0 e originalit\u00e0 ha profondamente influenzato il teatro comico italiano.<\/p>\n<p>Le Bretelle Lasche in scena condenseranno tale genio attraverso gli sketch originali scritti e interpretati da Petrolini e dalla moglie Elma Criner, a cui faranno da contrappunto le canzoni (Gastone, Tango romano, Tanto pe\u2019 canta\u2019\u2026) accompagnate dal vivo dal musicista al pianoforte nel pi\u00f9 puro stile del variet\u00e0 degli anni \u201920.<\/p>\n<p>Per informazioni e prenotazioni<\/p>\n<p>Centro CosMo &#8211; Museo dell&#8217;Occhiale<\/p>\n<p>Via Arsenale 15 &#8211; 32044 Pieve di Cadore (BL)<\/p>\n<p>Tel.: 0435-32953 mail: museodellocchiale@alice.it<\/p>\n<p>Orari di apertura: da marted\u00ec a sabato\u00a09.30-12.30 e 15.30 &#8211; 18.30<\/p>\n<p>Chiuso domenica e luned\u00ec.<\/p>\n<p>Biglietto: 14,00 euro<\/p>\n<p>Ritiro prenotazioni e vendita biglietti il giorno dello spettacolo al botteghino del Centro CosMo &#8211; Museo dell&#8217;Occhiale dalle ore 19.30<\/p>","protected":false},"excerpt":{"rendered":"<p>Domenica al Centro Cos.Mo. di Pieve di Cadore, le Bretelle Lasche, famosa compagnia bellunese, insceneranno \u201cOmaggio ad Ettore Petrolini\u201d, terza serata della Stagione promossa dal Circolo Cultura e Stampa Bellunese, in collaborazione con il Museo dell\u2019Occhiale, il Comune e la Biblioteca Civica. Alle 20.30 inizier\u00e0 l\u2019imperdibile serata teatral-musicale in onore dell\u2019inventore negli anni \u201920 di [&hellip;]<\/p>\n","protected":false},"author":2,"featured_media":0,"comment_status":"closed","ping_status":"open","sticky":false,"template":"","format":"standard","meta":{"footnotes":""},"categories":[27,3,25],"tags":[],"class_list":["post-35326","post","type-post","status-publish","format-standard","category-appuntamenti","category-arte-cultura-spettacoli-scienza-archivi","category-pausa-caffe"],"yoast_head":"<!-- This site is optimized with the Yoast SEO plugin v28.4 - https:\/\/yoast.com\/product\/yoast-seo-wordpress\/ -->\n<title>Omaggio a Petrolini, con le Bretelle lasche, domenica a Pieve di Cadore - Bellunopress - Dolomiti<\/title>\n<meta name=\"robots\" content=\"index, follow, max-snippet:-1, max-image-preview:large, max-video-preview:-1\" \/>\n<link rel=\"canonical\" href=\"https:\/\/www.bellunopress.it\/fr\/2012\/02\/22\/omaggio-a-petrolini-con-le-bretelle-lasche-domenica-a-pieve-di-cadore\/\" \/>\n<meta property=\"og:locale\" content=\"fr_FR\" \/>\n<meta property=\"og:type\" content=\"article\" \/>\n<meta property=\"og:title\" content=\"Omaggio a Petrolini, con le Bretelle lasche, domenica a Pieve di Cadore - Bellunopress - Dolomiti\" \/>\n<meta property=\"og:description\" content=\"Domenica al Centro Cos.Mo. di Pieve di Cadore, le Bretelle Lasche, famosa compagnia bellunese, insceneranno \u201cOmaggio ad Ettore Petrolini\u201d, terza serata della Stagione promossa dal Circolo Cultura e Stampa Bellunese, in collaborazione con il Museo dell\u2019Occhiale, il Comune e la Biblioteca Civica. Alle 20.30 inizier\u00e0 l\u2019imperdibile serata teatral-musicale in onore dell\u2019inventore negli anni \u201920 di [&hellip;]\" \/>\n<meta property=\"og:url\" content=\"https:\/\/www.bellunopress.it\/fr\/2012\/02\/22\/omaggio-a-petrolini-con-le-bretelle-lasche-domenica-a-pieve-di-cadore\/\" \/>\n<meta property=\"og:site_name\" content=\"Bellunopress - Dolomiti\" \/>\n<meta property=\"article:publisher\" content=\"https:\/\/www.facebook.com\/profile.php?id=100008943462799\" \/>\n<meta property=\"article:published_time\" content=\"2012-02-22T08:15:15+00:00\" \/>\n<meta property=\"og:image\" content=\"http:\/\/www.bellunopress.it\/wp-content\/uploads\/2012\/07\/logo-bellunopress-250x250-2012.jpg\" \/>\n<meta name=\"author\" content=\"redazione\" \/>\n<meta name=\"twitter:card\" content=\"summary_large_image\" \/>\n<meta name=\"twitter:creator\" content=\"@bellunopress\" \/>\n<meta name=\"twitter:site\" content=\"@bellunopress\" \/>\n<meta name=\"twitter:label1\" content=\"\u00c9crit par\" \/>\n\t<meta name=\"twitter:data1\" content=\"redazione\" \/>\n\t<meta name=\"twitter:label2\" content=\"Dur\u00e9e de lecture estim\u00e9e\" \/>\n\t<meta name=\"twitter:data2\" content=\"1 minute\" \/>\n<script type=\"application\/ld+json\" class=\"yoast-schema-graph\">{\"@context\":\"https:\\\/\\\/schema.org\",\"@graph\":[{\"@type\":\"Article\",\"@id\":\"https:\\\/\\\/www.bellunopress.it\\\/2012\\\/02\\\/22\\\/omaggio-a-petrolini-con-le-bretelle-lasche-domenica-a-pieve-di-cadore\\\/#article\",\"isPartOf\":{\"@id\":\"https:\\\/\\\/www.bellunopress.it\\\/2012\\\/02\\\/22\\\/omaggio-a-petrolini-con-le-bretelle-lasche-domenica-a-pieve-di-cadore\\\/\"},\"author\":{\"name\":\"redazione\",\"@id\":\"https:\\\/\\\/www.bellunopress.it\\\/#\\\/schema\\\/person\\\/79bb06722b37ece1c03d3e94beb30d73\"},\"headline\":\"Omaggio a Petrolini, con le Bretelle lasche, domenica a Pieve di Cadore\",\"datePublished\":\"2012-02-22T08:15:15+00:00\",\"mainEntityOfPage\":{\"@id\":\"https:\\\/\\\/www.bellunopress.it\\\/2012\\\/02\\\/22\\\/omaggio-a-petrolini-con-le-bretelle-lasche-domenica-a-pieve-di-cadore\\\/\"},\"wordCount\":236,\"publisher\":{\"@id\":\"https:\\\/\\\/www.bellunopress.it\\\/#organization\"},\"articleSection\":[\"Appuntamenti, Eventi\",\"Arte, Cultura, Spettacoli, Scienza\",\"Pausa Caff\u00e8\"],\"inLanguage\":\"fr-FR\"},{\"@type\":\"WebPage\",\"@id\":\"https:\\\/\\\/www.bellunopress.it\\\/2012\\\/02\\\/22\\\/omaggio-a-petrolini-con-le-bretelle-lasche-domenica-a-pieve-di-cadore\\\/\",\"url\":\"https:\\\/\\\/www.bellunopress.it\\\/2012\\\/02\\\/22\\\/omaggio-a-petrolini-con-le-bretelle-lasche-domenica-a-pieve-di-cadore\\\/\",\"name\":\"Omaggio a Petrolini, con le Bretelle lasche, domenica a Pieve di Cadore - Bellunopress - Dolomiti\",\"isPartOf\":{\"@id\":\"https:\\\/\\\/www.bellunopress.it\\\/#website\"},\"datePublished\":\"2012-02-22T08:15:15+00:00\",\"breadcrumb\":{\"@id\":\"https:\\\/\\\/www.bellunopress.it\\\/2012\\\/02\\\/22\\\/omaggio-a-petrolini-con-le-bretelle-lasche-domenica-a-pieve-di-cadore\\\/#breadcrumb\"},\"inLanguage\":\"fr-FR\",\"potentialAction\":[{\"@type\":\"ReadAction\",\"target\":[\"https:\\\/\\\/www.bellunopress.it\\\/2012\\\/02\\\/22\\\/omaggio-a-petrolini-con-le-bretelle-lasche-domenica-a-pieve-di-cadore\\\/\"]}]},{\"@type\":\"BreadcrumbList\",\"@id\":\"https:\\\/\\\/www.bellunopress.it\\\/2012\\\/02\\\/22\\\/omaggio-a-petrolini-con-le-bretelle-lasche-domenica-a-pieve-di-cadore\\\/#breadcrumb\",\"itemListElement\":[{\"@type\":\"ListItem\",\"position\":1,\"name\":\"Home\",\"item\":\"https:\\\/\\\/www.bellunopress.it\\\/\"},{\"@type\":\"ListItem\",\"position\":2,\"name\":\"Omaggio a Petrolini, con le Bretelle lasche, domenica a Pieve di Cadore\"}]},{\"@type\":\"WebSite\",\"@id\":\"https:\\\/\\\/www.bellunopress.it\\\/#website\",\"url\":\"https:\\\/\\\/www.bellunopress.it\\\/\",\"name\":\"Bellunopress - Dolomiti\",\"description\":\"e-mail: redazione@bellunopress.it\",\"publisher\":{\"@id\":\"https:\\\/\\\/www.bellunopress.it\\\/#organization\"},\"potentialAction\":[{\"@type\":\"SearchAction\",\"target\":{\"@type\":\"EntryPoint\",\"urlTemplate\":\"https:\\\/\\\/www.bellunopress.it\\\/?s={search_term_string}\"},\"query-input\":{\"@type\":\"PropertyValueSpecification\",\"valueRequired\":true,\"valueName\":\"search_term_string\"}}],\"inLanguage\":\"fr-FR\"},{\"@type\":\"Organization\",\"@id\":\"https:\\\/\\\/www.bellunopress.it\\\/#organization\",\"name\":\"Bellunopress\",\"url\":\"https:\\\/\\\/www.bellunopress.it\\\/\",\"logo\":{\"@type\":\"ImageObject\",\"inLanguage\":\"fr-FR\",\"@id\":\"https:\\\/\\\/www.bellunopress.it\\\/#\\\/schema\\\/logo\\\/image\\\/\",\"url\":\"https:\\\/\\\/www.bellunopress.it\\\/wp-content\\\/uploads\\\/2011\\\/05\\\/cropped-logo-bellunopress-.jpg\",\"contentUrl\":\"https:\\\/\\\/www.bellunopress.it\\\/wp-content\\\/uploads\\\/2011\\\/05\\\/cropped-logo-bellunopress-.jpg\",\"width\":512,\"height\":512,\"caption\":\"Bellunopress\"},\"image\":{\"@id\":\"https:\\\/\\\/www.bellunopress.it\\\/#\\\/schema\\\/logo\\\/image\\\/\"},\"sameAs\":[\"https:\\\/\\\/www.facebook.com\\\/profile.php?id=100008943462799\",\"https:\\\/\\\/x.com\\\/bellunopress\",\"https:\\\/\\\/www.linkedin.com\\\/hp\\\/?dnr=JBzUWaJfMUw8vbXJJ2tVW5-I3jZKvC4wsoxE&amp;amp;amp;amp;amp;amp;trk=nav_responsive_tab_home\",\"https:\\\/\\\/www.youtube.com\\\/channel\\\/UCxL0wu1uN0_3_7hGG0306cw\"]},{\"@type\":\"Person\",\"@id\":\"https:\\\/\\\/www.bellunopress.it\\\/#\\\/schema\\\/person\\\/79bb06722b37ece1c03d3e94beb30d73\",\"name\":\"redazione\",\"image\":{\"@type\":\"ImageObject\",\"inLanguage\":\"fr-FR\",\"@id\":\"https:\\\/\\\/secure.gravatar.com\\\/avatar\\\/37d968a2e67a6fd04c169c4bdef102d0bc5d31b2546345219e348575eb80e9a0?s=96&d=mm&r=g\",\"url\":\"https:\\\/\\\/secure.gravatar.com\\\/avatar\\\/37d968a2e67a6fd04c169c4bdef102d0bc5d31b2546345219e348575eb80e9a0?s=96&d=mm&r=g\",\"contentUrl\":\"https:\\\/\\\/secure.gravatar.com\\\/avatar\\\/37d968a2e67a6fd04c169c4bdef102d0bc5d31b2546345219e348575eb80e9a0?s=96&d=mm&r=g\",\"caption\":\"redazione\"},\"sameAs\":[\"http:\\\/\\\/www.bellunopress.it\",\"https:\\\/\\\/x.com\\\/bellunopress\"],\"url\":\"https:\\\/\\\/www.bellunopress.it\\\/fr\\\/author\\\/redazione\\\/\"}]}<\/script>\n<!-- \/ Yoast SEO plugin. -->","yoast_head_json":{"title":"Omaggio a Petrolini, con le Bretelle lasche, domenica a Pieve di Cadore - Bellunopress - Dolomiti","robots":{"index":"index","follow":"follow","max-snippet":"max-snippet:-1","max-image-preview":"max-image-preview:large","max-video-preview":"max-video-preview:-1"},"canonical":"https:\/\/www.bellunopress.it\/fr\/2012\/02\/22\/omaggio-a-petrolini-con-le-bretelle-lasche-domenica-a-pieve-di-cadore\/","og_locale":"fr_FR","og_type":"article","og_title":"Omaggio a Petrolini, con le Bretelle lasche, domenica a Pieve di Cadore - Bellunopress - Dolomiti","og_description":"Domenica al Centro Cos.Mo. di Pieve di Cadore, le Bretelle Lasche, famosa compagnia bellunese, insceneranno \u201cOmaggio ad Ettore Petrolini\u201d, terza serata della Stagione promossa dal Circolo Cultura e Stampa Bellunese, in collaborazione con il Museo dell\u2019Occhiale, il Comune e la Biblioteca Civica. Alle 20.30 inizier\u00e0 l\u2019imperdibile serata teatral-musicale in onore dell\u2019inventore negli anni \u201920 di [&hellip;]","og_url":"https:\/\/www.bellunopress.it\/fr\/2012\/02\/22\/omaggio-a-petrolini-con-le-bretelle-lasche-domenica-a-pieve-di-cadore\/","og_site_name":"Bellunopress - Dolomiti","article_publisher":"https:\/\/www.facebook.com\/profile.php?id=100008943462799","article_published_time":"2012-02-22T08:15:15+00:00","og_image":[{"url":"http:\/\/www.bellunopress.it\/wp-content\/uploads\/2012\/07\/logo-bellunopress-250x250-2012.jpg","type":"","width":"","height":""}],"author":"redazione","twitter_card":"summary_large_image","twitter_creator":"@bellunopress","twitter_site":"@bellunopress","twitter_misc":{"\u00c9crit par":"redazione","Dur\u00e9e de lecture estim\u00e9e":"1 minute"},"schema":{"@context":"https:\/\/schema.org","@graph":[{"@type":"Article","@id":"https:\/\/www.bellunopress.it\/2012\/02\/22\/omaggio-a-petrolini-con-le-bretelle-lasche-domenica-a-pieve-di-cadore\/#article","isPartOf":{"@id":"https:\/\/www.bellunopress.it\/2012\/02\/22\/omaggio-a-petrolini-con-le-bretelle-lasche-domenica-a-pieve-di-cadore\/"},"author":{"name":"redazione","@id":"https:\/\/www.bellunopress.it\/#\/schema\/person\/79bb06722b37ece1c03d3e94beb30d73"},"headline":"Omaggio a Petrolini, con le Bretelle lasche, domenica a Pieve di Cadore","datePublished":"2012-02-22T08:15:15+00:00","mainEntityOfPage":{"@id":"https:\/\/www.bellunopress.it\/2012\/02\/22\/omaggio-a-petrolini-con-le-bretelle-lasche-domenica-a-pieve-di-cadore\/"},"wordCount":236,"publisher":{"@id":"https:\/\/www.bellunopress.it\/#organization"},"articleSection":["Appuntamenti, Eventi","Arte, Cultura, Spettacoli, Scienza","Pausa Caff\u00e8"],"inLanguage":"fr-FR"},{"@type":"WebPage","@id":"https:\/\/www.bellunopress.it\/2012\/02\/22\/omaggio-a-petrolini-con-le-bretelle-lasche-domenica-a-pieve-di-cadore\/","url":"https:\/\/www.bellunopress.it\/2012\/02\/22\/omaggio-a-petrolini-con-le-bretelle-lasche-domenica-a-pieve-di-cadore\/","name":"Omaggio a Petrolini, con le Bretelle lasche, domenica a Pieve di Cadore - Bellunopress - Dolomiti","isPartOf":{"@id":"https:\/\/www.bellunopress.it\/#website"},"datePublished":"2012-02-22T08:15:15+00:00","breadcrumb":{"@id":"https:\/\/www.bellunopress.it\/2012\/02\/22\/omaggio-a-petrolini-con-le-bretelle-lasche-domenica-a-pieve-di-cadore\/#breadcrumb"},"inLanguage":"fr-FR","potentialAction":[{"@type":"ReadAction","target":["https:\/\/www.bellunopress.it\/2012\/02\/22\/omaggio-a-petrolini-con-le-bretelle-lasche-domenica-a-pieve-di-cadore\/"]}]},{"@type":"BreadcrumbList","@id":"https:\/\/www.bellunopress.it\/2012\/02\/22\/omaggio-a-petrolini-con-le-bretelle-lasche-domenica-a-pieve-di-cadore\/#breadcrumb","itemListElement":[{"@type":"ListItem","position":1,"name":"Home","item":"https:\/\/www.bellunopress.it\/"},{"@type":"ListItem","position":2,"name":"Omaggio a Petrolini, con le Bretelle lasche, domenica a Pieve di Cadore"}]},{"@type":"WebSite","@id":"https:\/\/www.bellunopress.it\/#website","url":"https:\/\/www.bellunopress.it\/","name":"Bellunopress - Dolomiti","description":"e-mail: redazione@bellunopress.it","publisher":{"@id":"https:\/\/www.bellunopress.it\/#organization"},"potentialAction":[{"@type":"SearchAction","target":{"@type":"EntryPoint","urlTemplate":"https:\/\/www.bellunopress.it\/?s={search_term_string}"},"query-input":{"@type":"PropertyValueSpecification","valueRequired":true,"valueName":"search_term_string"}}],"inLanguage":"fr-FR"},{"@type":"Organization","@id":"https:\/\/www.bellunopress.it\/#organization","name":"Bellunopress","url":"https:\/\/www.bellunopress.it\/","logo":{"@type":"ImageObject","inLanguage":"fr-FR","@id":"https:\/\/www.bellunopress.it\/#\/schema\/logo\/image\/","url":"https:\/\/www.bellunopress.it\/wp-content\/uploads\/2011\/05\/cropped-logo-bellunopress-.jpg","contentUrl":"https:\/\/www.bellunopress.it\/wp-content\/uploads\/2011\/05\/cropped-logo-bellunopress-.jpg","width":512,"height":512,"caption":"Bellunopress"},"image":{"@id":"https:\/\/www.bellunopress.it\/#\/schema\/logo\/image\/"},"sameAs":["https:\/\/www.facebook.com\/profile.php?id=100008943462799","https:\/\/x.com\/bellunopress","https:\/\/www.linkedin.com\/hp\/?dnr=JBzUWaJfMUw8vbXJJ2tVW5-I3jZKvC4wsoxE&amp;amp;amp;amp;amp;amp;trk=nav_responsive_tab_home","https:\/\/www.youtube.com\/channel\/UCxL0wu1uN0_3_7hGG0306cw"]},{"@type":"Person","@id":"https:\/\/www.bellunopress.it\/#\/schema\/person\/79bb06722b37ece1c03d3e94beb30d73","name":"r\u00e9daction","image":{"@type":"ImageObject","inLanguage":"fr-FR","@id":"https:\/\/secure.gravatar.com\/avatar\/37d968a2e67a6fd04c169c4bdef102d0bc5d31b2546345219e348575eb80e9a0?s=96&d=mm&r=g","url":"https:\/\/secure.gravatar.com\/avatar\/37d968a2e67a6fd04c169c4bdef102d0bc5d31b2546345219e348575eb80e9a0?s=96&d=mm&r=g","contentUrl":"https:\/\/secure.gravatar.com\/avatar\/37d968a2e67a6fd04c169c4bdef102d0bc5d31b2546345219e348575eb80e9a0?s=96&d=mm&r=g","caption":"redazione"},"sameAs":["http:\/\/www.bellunopress.it","https:\/\/x.com\/bellunopress"],"url":"https:\/\/www.bellunopress.it\/fr\/author\/redazione\/"}]}},"_links":{"self":[{"href":"https:\/\/www.bellunopress.it\/fr\/wp-json\/wp\/v2\/posts\/35326","targetHints":{"allow":["GET"]}}],"collection":[{"href":"https:\/\/www.bellunopress.it\/fr\/wp-json\/wp\/v2\/posts"}],"about":[{"href":"https:\/\/www.bellunopress.it\/fr\/wp-json\/wp\/v2\/types\/post"}],"author":[{"embeddable":true,"href":"https:\/\/www.bellunopress.it\/fr\/wp-json\/wp\/v2\/users\/2"}],"replies":[{"embeddable":true,"href":"https:\/\/www.bellunopress.it\/fr\/wp-json\/wp\/v2\/comments?post=35326"}],"version-history":[{"count":1,"href":"https:\/\/www.bellunopress.it\/fr\/wp-json\/wp\/v2\/posts\/35326\/revisions"}],"predecessor-version":[{"id":35327,"href":"https:\/\/www.bellunopress.it\/fr\/wp-json\/wp\/v2\/posts\/35326\/revisions\/35327"}],"wp:attachment":[{"href":"https:\/\/www.bellunopress.it\/fr\/wp-json\/wp\/v2\/media?parent=35326"}],"wp:term":[{"taxonomy":"category","embeddable":true,"href":"https:\/\/www.bellunopress.it\/fr\/wp-json\/wp\/v2\/categories?post=35326"},{"taxonomy":"post_tag","embeddable":true,"href":"https:\/\/www.bellunopress.it\/fr\/wp-json\/wp\/v2\/tags?post=35326"}],"curies":[{"name":"wp","href":"https:\/\/api.w.org\/{rel}","templated":true}]}}