{"id":35323,"date":"2012-02-22T09:04:23","date_gmt":"2012-02-22T08:04:23","guid":{"rendered":"http:\/\/www.bellunopress.it\/?p=35323"},"modified":"2012-02-22T09:04:23","modified_gmt":"2012-02-22T08:04:23","slug":"riprendono-i-corsi-per-volontari-dellassociazione-cucchini","status":"publish","type":"post","link":"https:\/\/www.bellunopress.it\/fr\/2012\/02\/22\/riprendono-i-corsi-per-volontari-dellassociazione-cucchini\/","title":{"rendered":"Riprendono i corsi per volontari dell&#8217;Associazione Cucchini"},"content":{"rendered":"<p>L\u2019Associazione Cucchini di Belluno ha programmato per la prossima primavera il suo undicesimo Corso di Formazione per nuovi volontari. L&#8217;associazione ha pensato ai nuovi corsi con un occhio di riguardo a questo momento di crisi economica e sociale, nel quale una malattia improvvisa pu\u00f2 aggravare la sofferenza delle famiglie. Mai come ora \u00e8 importante il sostegno e il supporto del volontariato in grado di assistere e accompagnare nel suo ultimo percorso di vita un familiare malato. I volontari dell&#8217;associazione Cucchini da molti anni intervengono nelle case dei bellunesi, con discrezione, pazienza e con competenza, sollevando i famigliari dagli impegni e dalle incombenze nell&#8217;assistenza dei malati terminali. Ma per far questo ha sempre bisogno di nuove forze. Ecco allora l&#8217;invito a partecipare al Corso di formazione della Cucchini. Un corso obbligatorio per apprendere tutte le informazioni necessarie ad approcciarsi ai malati e alle loro famiglie.<\/p>\n<p>I corsi di formazione dell&#8217;Associazione Cucchini si svolgeranno in tre vallate della provincia di Belluno. Iniziando gioved\u00ec 1 marzo dalla citt\u00e0 capoluogo, con un primo incontro orientativo alle 20.30 presso la sede principale situata nella zona dell&#8217;Ospedale San Martino. Un incontro informativo \u00e8 stato organizzato anche ad Agordo dalla consorella \u201cCucchini Associazione Agordino\u201d per gioved\u00ec 8 marzo alle 20.30 presso l\u2019Auditorium del Centro parrocchiale Monsignor Savio. Identico appuntamento informativo gioved\u00ec 15 marzo, stesso orario, a Forno di Zoldo presso l\u2019Aula Magna dell\u2019Istituto Comprensivo, a cura della neonata \u201c Cucchini Associazione Pelmo\u201d.<\/p>\n<p>Dopo le serate informative, i corsi veri e propri si svilupperanno nelle settimane successive con cadenza settimanale nei tre territori coinvolti (Belluno, Agordino e Zoldo). Le lezioni sono aperte a tutti, fino ad esaurimento dei posti disponibili.<\/p>\n<p>Per conoscere i programmi dettagliati, gli orari dei corsi e ottenere maggiori informazioni sulle attivit\u00e0, \u00e8 possibile rivolgersi all&#8217; Associazione Cucchini Belluno, telefono 0437.516666, Cucchini Associazione Agordino, telefono 3420813080 e Cucchini Associazione Pelmo, telefono 3287913343<\/p>","protected":false},"excerpt":{"rendered":"<p>L\u2019Associazione Cucchini di Belluno ha programmato per la prossima primavera il suo undicesimo Corso di Formazione per nuovi volontari. L&#8217;associazione ha pensato ai nuovi corsi con un occhio di riguardo a questo momento di crisi economica e sociale, nel quale una malattia improvvisa pu\u00f2 aggravare la sofferenza delle famiglie. Mai come ora \u00e8 importante il [&hellip;]<\/p>\n","protected":false},"author":2,"featured_media":0,"comment_status":"closed","ping_status":"open","sticky":false,"template":"","format":"standard","meta":{"footnotes":""},"categories":[27,25,17],"tags":[],"class_list":["post-35323","post","type-post","status-publish","format-standard","category-appuntamenti","category-pausa-caffe","category-sanita"],"yoast_head":"<!-- This site is optimized with the Yoast SEO plugin v28.4 - https:\/\/yoast.com\/product\/yoast-seo-wordpress\/ -->\n<title>Riprendono i corsi per volontari dell&#039;Associazione Cucchini - Bellunopress - Dolomiti<\/title>\n<meta name=\"robots\" content=\"index, follow, max-snippet:-1, max-image-preview:large, max-video-preview:-1\" \/>\n<link rel=\"canonical\" href=\"https:\/\/www.bellunopress.it\/fr\/2012\/02\/22\/riprendono-i-corsi-per-volontari-dellassociazione-cucchini\/\" \/>\n<meta property=\"og:locale\" content=\"fr_FR\" \/>\n<meta property=\"og:type\" content=\"article\" \/>\n<meta property=\"og:title\" content=\"Riprendono i corsi per volontari dell&#039;Associazione Cucchini - Bellunopress - Dolomiti\" \/>\n<meta property=\"og:description\" content=\"L\u2019Associazione Cucchini di Belluno ha programmato per la prossima primavera il suo undicesimo Corso di Formazione per nuovi volontari. L&#8217;associazione ha pensato ai nuovi corsi con un occhio di riguardo a questo momento di crisi economica e sociale, nel quale una malattia improvvisa pu\u00f2 aggravare la sofferenza delle famiglie. Mai come ora \u00e8 importante il [&hellip;]\" \/>\n<meta property=\"og:url\" content=\"https:\/\/www.bellunopress.it\/fr\/2012\/02\/22\/riprendono-i-corsi-per-volontari-dellassociazione-cucchini\/\" \/>\n<meta property=\"og:site_name\" content=\"Bellunopress - Dolomiti\" \/>\n<meta property=\"article:publisher\" content=\"https:\/\/www.facebook.com\/profile.php?id=100008943462799\" \/>\n<meta property=\"article:published_time\" content=\"2012-02-22T08:04:23+00:00\" \/>\n<meta property=\"og:image\" content=\"http:\/\/www.bellunopress.it\/wp-content\/uploads\/2012\/07\/logo-bellunopress-250x250-2012.jpg\" \/>\n<meta name=\"author\" content=\"redazione\" \/>\n<meta name=\"twitter:card\" content=\"summary_large_image\" \/>\n<meta name=\"twitter:creator\" content=\"@bellunopress\" \/>\n<meta name=\"twitter:site\" content=\"@bellunopress\" \/>\n<meta name=\"twitter:label1\" content=\"\u00c9crit par\" \/>\n\t<meta name=\"twitter:data1\" content=\"redazione\" \/>\n\t<meta name=\"twitter:label2\" content=\"Dur\u00e9e de lecture estim\u00e9e\" \/>\n\t<meta name=\"twitter:data2\" content=\"1 minute\" \/>\n<script type=\"application\/ld+json\" class=\"yoast-schema-graph\">{\"@context\":\"https:\\\/\\\/schema.org\",\"@graph\":[{\"@type\":\"Article\",\"@id\":\"https:\\\/\\\/www.bellunopress.it\\\/2012\\\/02\\\/22\\\/riprendono-i-corsi-per-volontari-dellassociazione-cucchini\\\/#article\",\"isPartOf\":{\"@id\":\"https:\\\/\\\/www.bellunopress.it\\\/2012\\\/02\\\/22\\\/riprendono-i-corsi-per-volontari-dellassociazione-cucchini\\\/\"},\"author\":{\"name\":\"redazione\",\"@id\":\"https:\\\/\\\/www.bellunopress.it\\\/#\\\/schema\\\/person\\\/79bb06722b37ece1c03d3e94beb30d73\"},\"headline\":\"Riprendono i corsi per volontari dell&#8217;Associazione Cucchini\",\"datePublished\":\"2012-02-22T08:04:23+00:00\",\"mainEntityOfPage\":{\"@id\":\"https:\\\/\\\/www.bellunopress.it\\\/2012\\\/02\\\/22\\\/riprendono-i-corsi-per-volontari-dellassociazione-cucchini\\\/\"},\"wordCount\":313,\"publisher\":{\"@id\":\"https:\\\/\\\/www.bellunopress.it\\\/#organization\"},\"articleSection\":[\"Appuntamenti, Eventi\",\"Pausa Caff\u00e8\",\"Sanit\u00e0 Medicina\"],\"inLanguage\":\"fr-FR\"},{\"@type\":\"WebPage\",\"@id\":\"https:\\\/\\\/www.bellunopress.it\\\/2012\\\/02\\\/22\\\/riprendono-i-corsi-per-volontari-dellassociazione-cucchini\\\/\",\"url\":\"https:\\\/\\\/www.bellunopress.it\\\/2012\\\/02\\\/22\\\/riprendono-i-corsi-per-volontari-dellassociazione-cucchini\\\/\",\"name\":\"Riprendono i corsi per volontari dell'Associazione Cucchini - Bellunopress - Dolomiti\",\"isPartOf\":{\"@id\":\"https:\\\/\\\/www.bellunopress.it\\\/#website\"},\"datePublished\":\"2012-02-22T08:04:23+00:00\",\"breadcrumb\":{\"@id\":\"https:\\\/\\\/www.bellunopress.it\\\/2012\\\/02\\\/22\\\/riprendono-i-corsi-per-volontari-dellassociazione-cucchini\\\/#breadcrumb\"},\"inLanguage\":\"fr-FR\",\"potentialAction\":[{\"@type\":\"ReadAction\",\"target\":[\"https:\\\/\\\/www.bellunopress.it\\\/2012\\\/02\\\/22\\\/riprendono-i-corsi-per-volontari-dellassociazione-cucchini\\\/\"]}]},{\"@type\":\"BreadcrumbList\",\"@id\":\"https:\\\/\\\/www.bellunopress.it\\\/2012\\\/02\\\/22\\\/riprendono-i-corsi-per-volontari-dellassociazione-cucchini\\\/#breadcrumb\",\"itemListElement\":[{\"@type\":\"ListItem\",\"position\":1,\"name\":\"Home\",\"item\":\"https:\\\/\\\/www.bellunopress.it\\\/\"},{\"@type\":\"ListItem\",\"position\":2,\"name\":\"Riprendono i corsi per volontari dell&#8217;Associazione Cucchini\"}]},{\"@type\":\"WebSite\",\"@id\":\"https:\\\/\\\/www.bellunopress.it\\\/#website\",\"url\":\"https:\\\/\\\/www.bellunopress.it\\\/\",\"name\":\"Bellunopress - Dolomiti\",\"description\":\"e-mail: redazione@bellunopress.it\",\"publisher\":{\"@id\":\"https:\\\/\\\/www.bellunopress.it\\\/#organization\"},\"potentialAction\":[{\"@type\":\"SearchAction\",\"target\":{\"@type\":\"EntryPoint\",\"urlTemplate\":\"https:\\\/\\\/www.bellunopress.it\\\/?s={search_term_string}\"},\"query-input\":{\"@type\":\"PropertyValueSpecification\",\"valueRequired\":true,\"valueName\":\"search_term_string\"}}],\"inLanguage\":\"fr-FR\"},{\"@type\":\"Organization\",\"@id\":\"https:\\\/\\\/www.bellunopress.it\\\/#organization\",\"name\":\"Bellunopress\",\"url\":\"https:\\\/\\\/www.bellunopress.it\\\/\",\"logo\":{\"@type\":\"ImageObject\",\"inLanguage\":\"fr-FR\",\"@id\":\"https:\\\/\\\/www.bellunopress.it\\\/#\\\/schema\\\/logo\\\/image\\\/\",\"url\":\"https:\\\/\\\/www.bellunopress.it\\\/wp-content\\\/uploads\\\/2011\\\/05\\\/cropped-logo-bellunopress-.jpg\",\"contentUrl\":\"https:\\\/\\\/www.bellunopress.it\\\/wp-content\\\/uploads\\\/2011\\\/05\\\/cropped-logo-bellunopress-.jpg\",\"width\":512,\"height\":512,\"caption\":\"Bellunopress\"},\"image\":{\"@id\":\"https:\\\/\\\/www.bellunopress.it\\\/#\\\/schema\\\/logo\\\/image\\\/\"},\"sameAs\":[\"https:\\\/\\\/www.facebook.com\\\/profile.php?id=100008943462799\",\"https:\\\/\\\/x.com\\\/bellunopress\",\"https:\\\/\\\/www.linkedin.com\\\/hp\\\/?dnr=JBzUWaJfMUw8vbXJJ2tVW5-I3jZKvC4wsoxE&amp;amp;amp;amp;amp;amp;trk=nav_responsive_tab_home\",\"https:\\\/\\\/www.youtube.com\\\/channel\\\/UCxL0wu1uN0_3_7hGG0306cw\"]},{\"@type\":\"Person\",\"@id\":\"https:\\\/\\\/www.bellunopress.it\\\/#\\\/schema\\\/person\\\/79bb06722b37ece1c03d3e94beb30d73\",\"name\":\"redazione\",\"image\":{\"@type\":\"ImageObject\",\"inLanguage\":\"fr-FR\",\"@id\":\"https:\\\/\\\/secure.gravatar.com\\\/avatar\\\/37d968a2e67a6fd04c169c4bdef102d0bc5d31b2546345219e348575eb80e9a0?s=96&d=mm&r=g\",\"url\":\"https:\\\/\\\/secure.gravatar.com\\\/avatar\\\/37d968a2e67a6fd04c169c4bdef102d0bc5d31b2546345219e348575eb80e9a0?s=96&d=mm&r=g\",\"contentUrl\":\"https:\\\/\\\/secure.gravatar.com\\\/avatar\\\/37d968a2e67a6fd04c169c4bdef102d0bc5d31b2546345219e348575eb80e9a0?s=96&d=mm&r=g\",\"caption\":\"redazione\"},\"sameAs\":[\"http:\\\/\\\/www.bellunopress.it\",\"https:\\\/\\\/x.com\\\/bellunopress\"],\"url\":\"https:\\\/\\\/www.bellunopress.it\\\/fr\\\/author\\\/redazione\\\/\"}]}<\/script>\n<!-- \/ Yoast SEO plugin. -->","yoast_head_json":{"title":"Riprendono i corsi per volontari dell'Associazione Cucchini - Bellunopress - Dolomiti","robots":{"index":"index","follow":"follow","max-snippet":"max-snippet:-1","max-image-preview":"max-image-preview:large","max-video-preview":"max-video-preview:-1"},"canonical":"https:\/\/www.bellunopress.it\/fr\/2012\/02\/22\/riprendono-i-corsi-per-volontari-dellassociazione-cucchini\/","og_locale":"fr_FR","og_type":"article","og_title":"Riprendono i corsi per volontari dell'Associazione Cucchini - Bellunopress - Dolomiti","og_description":"L\u2019Associazione Cucchini di Belluno ha programmato per la prossima primavera il suo undicesimo Corso di Formazione per nuovi volontari. L&#8217;associazione ha pensato ai nuovi corsi con un occhio di riguardo a questo momento di crisi economica e sociale, nel quale una malattia improvvisa pu\u00f2 aggravare la sofferenza delle famiglie. Mai come ora \u00e8 importante il [&hellip;]","og_url":"https:\/\/www.bellunopress.it\/fr\/2012\/02\/22\/riprendono-i-corsi-per-volontari-dellassociazione-cucchini\/","og_site_name":"Bellunopress - Dolomiti","article_publisher":"https:\/\/www.facebook.com\/profile.php?id=100008943462799","article_published_time":"2012-02-22T08:04:23+00:00","og_image":[{"url":"http:\/\/www.bellunopress.it\/wp-content\/uploads\/2012\/07\/logo-bellunopress-250x250-2012.jpg","type":"","width":"","height":""}],"author":"redazione","twitter_card":"summary_large_image","twitter_creator":"@bellunopress","twitter_site":"@bellunopress","twitter_misc":{"\u00c9crit par":"redazione","Dur\u00e9e de lecture estim\u00e9e":"1 minute"},"schema":{"@context":"https:\/\/schema.org","@graph":[{"@type":"Article","@id":"https:\/\/www.bellunopress.it\/2012\/02\/22\/riprendono-i-corsi-per-volontari-dellassociazione-cucchini\/#article","isPartOf":{"@id":"https:\/\/www.bellunopress.it\/2012\/02\/22\/riprendono-i-corsi-per-volontari-dellassociazione-cucchini\/"},"author":{"name":"redazione","@id":"https:\/\/www.bellunopress.it\/#\/schema\/person\/79bb06722b37ece1c03d3e94beb30d73"},"headline":"Riprendono i corsi per volontari dell&#8217;Associazione Cucchini","datePublished":"2012-02-22T08:04:23+00:00","mainEntityOfPage":{"@id":"https:\/\/www.bellunopress.it\/2012\/02\/22\/riprendono-i-corsi-per-volontari-dellassociazione-cucchini\/"},"wordCount":313,"publisher":{"@id":"https:\/\/www.bellunopress.it\/#organization"},"articleSection":["Appuntamenti, Eventi","Pausa Caff\u00e8","Sanit\u00e0 Medicina"],"inLanguage":"fr-FR"},{"@type":"WebPage","@id":"https:\/\/www.bellunopress.it\/2012\/02\/22\/riprendono-i-corsi-per-volontari-dellassociazione-cucchini\/","url":"https:\/\/www.bellunopress.it\/2012\/02\/22\/riprendono-i-corsi-per-volontari-dellassociazione-cucchini\/","name":"Riprendono i corsi per volontari dell'Associazione Cucchini - Bellunopress - Dolomiti","isPartOf":{"@id":"https:\/\/www.bellunopress.it\/#website"},"datePublished":"2012-02-22T08:04:23+00:00","breadcrumb":{"@id":"https:\/\/www.bellunopress.it\/2012\/02\/22\/riprendono-i-corsi-per-volontari-dellassociazione-cucchini\/#breadcrumb"},"inLanguage":"fr-FR","potentialAction":[{"@type":"ReadAction","target":["https:\/\/www.bellunopress.it\/2012\/02\/22\/riprendono-i-corsi-per-volontari-dellassociazione-cucchini\/"]}]},{"@type":"BreadcrumbList","@id":"https:\/\/www.bellunopress.it\/2012\/02\/22\/riprendono-i-corsi-per-volontari-dellassociazione-cucchini\/#breadcrumb","itemListElement":[{"@type":"ListItem","position":1,"name":"Home","item":"https:\/\/www.bellunopress.it\/"},{"@type":"ListItem","position":2,"name":"Riprendono i corsi per volontari dell&#8217;Associazione Cucchini"}]},{"@type":"WebSite","@id":"https:\/\/www.bellunopress.it\/#website","url":"https:\/\/www.bellunopress.it\/","name":"Bellunopress - Dolomiti","description":"e-mail: redazione@bellunopress.it","publisher":{"@id":"https:\/\/www.bellunopress.it\/#organization"},"potentialAction":[{"@type":"SearchAction","target":{"@type":"EntryPoint","urlTemplate":"https:\/\/www.bellunopress.it\/?s={search_term_string}"},"query-input":{"@type":"PropertyValueSpecification","valueRequired":true,"valueName":"search_term_string"}}],"inLanguage":"fr-FR"},{"@type":"Organization","@id":"https:\/\/www.bellunopress.it\/#organization","name":"Bellunopress","url":"https:\/\/www.bellunopress.it\/","logo":{"@type":"ImageObject","inLanguage":"fr-FR","@id":"https:\/\/www.bellunopress.it\/#\/schema\/logo\/image\/","url":"https:\/\/www.bellunopress.it\/wp-content\/uploads\/2011\/05\/cropped-logo-bellunopress-.jpg","contentUrl":"https:\/\/www.bellunopress.it\/wp-content\/uploads\/2011\/05\/cropped-logo-bellunopress-.jpg","width":512,"height":512,"caption":"Bellunopress"},"image":{"@id":"https:\/\/www.bellunopress.it\/#\/schema\/logo\/image\/"},"sameAs":["https:\/\/www.facebook.com\/profile.php?id=100008943462799","https:\/\/x.com\/bellunopress","https:\/\/www.linkedin.com\/hp\/?dnr=JBzUWaJfMUw8vbXJJ2tVW5-I3jZKvC4wsoxE&amp;amp;amp;amp;amp;amp;trk=nav_responsive_tab_home","https:\/\/www.youtube.com\/channel\/UCxL0wu1uN0_3_7hGG0306cw"]},{"@type":"Person","@id":"https:\/\/www.bellunopress.it\/#\/schema\/person\/79bb06722b37ece1c03d3e94beb30d73","name":"r\u00e9daction","image":{"@type":"ImageObject","inLanguage":"fr-FR","@id":"https:\/\/secure.gravatar.com\/avatar\/37d968a2e67a6fd04c169c4bdef102d0bc5d31b2546345219e348575eb80e9a0?s=96&d=mm&r=g","url":"https:\/\/secure.gravatar.com\/avatar\/37d968a2e67a6fd04c169c4bdef102d0bc5d31b2546345219e348575eb80e9a0?s=96&d=mm&r=g","contentUrl":"https:\/\/secure.gravatar.com\/avatar\/37d968a2e67a6fd04c169c4bdef102d0bc5d31b2546345219e348575eb80e9a0?s=96&d=mm&r=g","caption":"redazione"},"sameAs":["http:\/\/www.bellunopress.it","https:\/\/x.com\/bellunopress"],"url":"https:\/\/www.bellunopress.it\/fr\/author\/redazione\/"}]}},"_links":{"self":[{"href":"https:\/\/www.bellunopress.it\/fr\/wp-json\/wp\/v2\/posts\/35323","targetHints":{"allow":["GET"]}}],"collection":[{"href":"https:\/\/www.bellunopress.it\/fr\/wp-json\/wp\/v2\/posts"}],"about":[{"href":"https:\/\/www.bellunopress.it\/fr\/wp-json\/wp\/v2\/types\/post"}],"author":[{"embeddable":true,"href":"https:\/\/www.bellunopress.it\/fr\/wp-json\/wp\/v2\/users\/2"}],"replies":[{"embeddable":true,"href":"https:\/\/www.bellunopress.it\/fr\/wp-json\/wp\/v2\/comments?post=35323"}],"version-history":[{"count":2,"href":"https:\/\/www.bellunopress.it\/fr\/wp-json\/wp\/v2\/posts\/35323\/revisions"}],"predecessor-version":[{"id":35325,"href":"https:\/\/www.bellunopress.it\/fr\/wp-json\/wp\/v2\/posts\/35323\/revisions\/35325"}],"wp:attachment":[{"href":"https:\/\/www.bellunopress.it\/fr\/wp-json\/wp\/v2\/media?parent=35323"}],"wp:term":[{"taxonomy":"category","embeddable":true,"href":"https:\/\/www.bellunopress.it\/fr\/wp-json\/wp\/v2\/categories?post=35323"},{"taxonomy":"post_tag","embeddable":true,"href":"https:\/\/www.bellunopress.it\/fr\/wp-json\/wp\/v2\/tags?post=35323"}],"curies":[{"name":"wp","href":"https:\/\/api.w.org\/{rel}","templated":true}]}}