{"id":35266,"date":"2012-02-20T09:26:18","date_gmt":"2012-02-20T08:26:18","guid":{"rendered":"http:\/\/www.bellunopress.it\/?p=35266"},"modified":"2012-02-20T09:26:18","modified_gmt":"2012-02-20T08:26:18","slug":"sabato-linaugurazione-della-mostra-feltre-e-il-risorgimento","status":"publish","type":"post","link":"https:\/\/www.bellunopress.it\/fr\/2012\/02\/20\/sabato-linaugurazione-della-mostra-feltre-e-il-risorgimento\/","title":{"rendered":"Sabato l&#8217;inaugurazione della mostra Feltre e il Risorgimento"},"content":{"rendered":"<p>Sabato 25 febbraio 2012 alle ore 17.00 sar\u00e0 inaugurata al Museo civico di Feltre la mostra Feltre e il Risorgimento. Essa propone un percorso, che si snoda da piano terra al primo, su Feltre risorgimentale animata da aneliti di libert\u00e0 e di pace, da slanci patriottici e attese, funestata dai lutti per la partecipazione a sanguinose battaglie, sullo sfondo della grande storia nazionale.<\/p>\n<p>Il periodo che va dalla creazione del Regno Lombardo-Veneto (1815) alla presa di Roma (1870), con i suoi protagonisti, viene tratteggiato attraverso documenti, foto, opere d&#8217;arte, stampe, armi e cimeli appartenenti, in gran parte, al fondo storico del Museo civico.<\/p>\n<p>Quest&#8217;ultimo, nato per iniziativa di Antonietta Guarnieri Dal Covolo come museo di memorie patrie, ha annoverato fin dal suo primo nucleo documenti di rilevante interesse. Parte del materiale che lo costituisce venne raccolto dall&#8217;inesauribile spirito di ricerca di don Antonio Vecellio. Sulla strada tracciata da questi si pose poi il dott. Mario Gaggia, paziente raccoglitore di cimeli e studioso appassionato, al quale venne intitolata la sezione storica inaugurata nel 1966. La raccolta fu presentata per la prima volta nel 1961 nelle sale del Castello, in occasione della commemorazione dell&#8217;Unit\u00e0 d&#8217;Italia. Venne successivamente integrata grazie all&#8217;apporto di Laura Bentivoglio, indimenticabile conservatrice negli anni 1963-1981 e trov\u00f2 spazio in alcune stanze dell&#8217;edificio adiacente a Palazzo Villabruna. Quei locali furono destinati a un diverso uso e da tempo le preziose memorie giacevano nei depositi.<\/p>\n<p>L&#8217;esposizione &#8211; sulla scia delle celebrazioni per i 150 anni dall&#8217;Unit\u00e0 d&#8217;Italia &#8211; offre quindi l&#8217;occasione per valorizzare alcuni beni del Museo, anche a seguito del recente restauro di numerose armi, rendendo omaggio a quanti hanno contribuito alla creazione delle collezioni. Il materiale del Museo \u00e8 stato integrato con alcuni documenti conservati nel Fondo storico del Polo bibliotecario feltrino e con altri inediti appartenenti a privati. Tra questi vi sono comunicazioni di Giuseppe Mazzini, Giuseppe Garibaldi e Benedetto Cairoli a Giovanni Maria Zugni-Tauro, attivo patriota e cospiratore, ma anche toccanti lettere scritte da Nicol\u00f2 De Mezzan ai congiunti da Ivrea e Gaeta.<\/p>\n<p>Il progetto, elaborato dalla Direzione dei musei e dall&#8217;Associazione Fenice, arte cultura turismo onlus, gode del contributo del Centro di Servizi per il Volontariato della Provincia di Belluno. La mostra rester\u00e0 aperta fino al 1\u00b0 maggio 2012 con il seguente orario:<\/p>\n<p>sabato, domenica e festivi dalle 10.30 alle 12.30 e dalle 15.00 alle 18.00 (con orario legale il pomeriggio dalle 16.00 alle 19.00). Visite per scolaresche su prenotazione a cura dell&#8217;Ass. Fenice (cell.340.5557792). Info: Ufficio Musei tel. 0439\/885242 \u2013 <a href=\"mailto:museo@comune.feltre.bl.it\">museo@comune.feltre.bl.it<\/a> \u2013 <a href=\"http:\/\/www.comune.feltre.bl.it\">www.comune.feltre.bl.it<\/a>.<\/p>","protected":false},"excerpt":{"rendered":"<p>Sabato 25 febbraio 2012 alle ore 17.00 sar\u00e0 inaugurata al Museo civico di Feltre la mostra Feltre e il Risorgimento. Essa propone un percorso, che si snoda da piano terra al primo, su Feltre risorgimentale animata da aneliti di libert\u00e0 e di pace, da slanci patriottici e attese, funestata dai lutti per la partecipazione a [&hellip;]<\/p>\n","protected":false},"author":2,"featured_media":0,"comment_status":"closed","ping_status":"open","sticky":false,"template":"","format":"standard","meta":{"footnotes":""},"categories":[27,25],"tags":[],"class_list":["post-35266","post","type-post","status-publish","format-standard","category-appuntamenti","category-pausa-caffe"],"yoast_head":"<!-- This site is optimized with the Yoast SEO plugin v28.4 - https:\/\/yoast.com\/product\/yoast-seo-wordpress\/ -->\n<title>Sabato l&#039;inaugurazione della mostra Feltre e il Risorgimento - Bellunopress - Dolomiti<\/title>\n<meta name=\"robots\" content=\"index, follow, max-snippet:-1, max-image-preview:large, max-video-preview:-1\" \/>\n<link rel=\"canonical\" href=\"https:\/\/www.bellunopress.it\/fr\/2012\/02\/20\/sabato-linaugurazione-della-mostra-feltre-e-il-risorgimento\/\" \/>\n<meta property=\"og:locale\" content=\"fr_FR\" \/>\n<meta property=\"og:type\" content=\"article\" \/>\n<meta property=\"og:title\" content=\"Sabato l&#039;inaugurazione della mostra Feltre e il Risorgimento - Bellunopress - Dolomiti\" \/>\n<meta property=\"og:description\" content=\"Sabato 25 febbraio 2012 alle ore 17.00 sar\u00e0 inaugurata al Museo civico di Feltre la mostra Feltre e il Risorgimento. Essa propone un percorso, che si snoda da piano terra al primo, su Feltre risorgimentale animata da aneliti di libert\u00e0 e di pace, da slanci patriottici e attese, funestata dai lutti per la partecipazione a [&hellip;]\" \/>\n<meta property=\"og:url\" content=\"https:\/\/www.bellunopress.it\/fr\/2012\/02\/20\/sabato-linaugurazione-della-mostra-feltre-e-il-risorgimento\/\" \/>\n<meta property=\"og:site_name\" content=\"Bellunopress - Dolomiti\" \/>\n<meta property=\"article:publisher\" content=\"https:\/\/www.facebook.com\/profile.php?id=100008943462799\" \/>\n<meta property=\"article:published_time\" content=\"2012-02-20T08:26:18+00:00\" \/>\n<meta property=\"og:image\" content=\"http:\/\/www.bellunopress.it\/wp-content\/uploads\/2012\/07\/logo-bellunopress-250x250-2012.jpg\" \/>\n<meta name=\"author\" content=\"redazione\" \/>\n<meta name=\"twitter:card\" content=\"summary_large_image\" \/>\n<meta name=\"twitter:creator\" content=\"@bellunopress\" \/>\n<meta name=\"twitter:site\" content=\"@bellunopress\" \/>\n<meta name=\"twitter:label1\" content=\"\u00c9crit par\" \/>\n\t<meta name=\"twitter:data1\" content=\"redazione\" \/>\n\t<meta name=\"twitter:label2\" content=\"Dur\u00e9e de lecture estim\u00e9e\" \/>\n\t<meta name=\"twitter:data2\" content=\"2 minutes\" \/>\n<script type=\"application\/ld+json\" class=\"yoast-schema-graph\">{\"@context\":\"https:\\\/\\\/schema.org\",\"@graph\":[{\"@type\":\"Article\",\"@id\":\"https:\\\/\\\/www.bellunopress.it\\\/2012\\\/02\\\/20\\\/sabato-linaugurazione-della-mostra-feltre-e-il-risorgimento\\\/#article\",\"isPartOf\":{\"@id\":\"https:\\\/\\\/www.bellunopress.it\\\/2012\\\/02\\\/20\\\/sabato-linaugurazione-della-mostra-feltre-e-il-risorgimento\\\/\"},\"author\":{\"name\":\"redazione\",\"@id\":\"https:\\\/\\\/www.bellunopress.it\\\/#\\\/schema\\\/person\\\/79bb06722b37ece1c03d3e94beb30d73\"},\"headline\":\"Sabato l&#8217;inaugurazione della mostra Feltre e il Risorgimento\",\"datePublished\":\"2012-02-20T08:26:18+00:00\",\"mainEntityOfPage\":{\"@id\":\"https:\\\/\\\/www.bellunopress.it\\\/2012\\\/02\\\/20\\\/sabato-linaugurazione-della-mostra-feltre-e-il-risorgimento\\\/\"},\"wordCount\":428,\"publisher\":{\"@id\":\"https:\\\/\\\/www.bellunopress.it\\\/#organization\"},\"articleSection\":[\"Appuntamenti, Eventi\",\"Pausa Caff\u00e8\"],\"inLanguage\":\"fr-FR\"},{\"@type\":\"WebPage\",\"@id\":\"https:\\\/\\\/www.bellunopress.it\\\/2012\\\/02\\\/20\\\/sabato-linaugurazione-della-mostra-feltre-e-il-risorgimento\\\/\",\"url\":\"https:\\\/\\\/www.bellunopress.it\\\/2012\\\/02\\\/20\\\/sabato-linaugurazione-della-mostra-feltre-e-il-risorgimento\\\/\",\"name\":\"Sabato l'inaugurazione della mostra Feltre e il Risorgimento - Bellunopress - Dolomiti\",\"isPartOf\":{\"@id\":\"https:\\\/\\\/www.bellunopress.it\\\/#website\"},\"datePublished\":\"2012-02-20T08:26:18+00:00\",\"breadcrumb\":{\"@id\":\"https:\\\/\\\/www.bellunopress.it\\\/2012\\\/02\\\/20\\\/sabato-linaugurazione-della-mostra-feltre-e-il-risorgimento\\\/#breadcrumb\"},\"inLanguage\":\"fr-FR\",\"potentialAction\":[{\"@type\":\"ReadAction\",\"target\":[\"https:\\\/\\\/www.bellunopress.it\\\/2012\\\/02\\\/20\\\/sabato-linaugurazione-della-mostra-feltre-e-il-risorgimento\\\/\"]}]},{\"@type\":\"BreadcrumbList\",\"@id\":\"https:\\\/\\\/www.bellunopress.it\\\/2012\\\/02\\\/20\\\/sabato-linaugurazione-della-mostra-feltre-e-il-risorgimento\\\/#breadcrumb\",\"itemListElement\":[{\"@type\":\"ListItem\",\"position\":1,\"name\":\"Home\",\"item\":\"https:\\\/\\\/www.bellunopress.it\\\/\"},{\"@type\":\"ListItem\",\"position\":2,\"name\":\"Sabato l&#8217;inaugurazione della mostra Feltre e il Risorgimento\"}]},{\"@type\":\"WebSite\",\"@id\":\"https:\\\/\\\/www.bellunopress.it\\\/#website\",\"url\":\"https:\\\/\\\/www.bellunopress.it\\\/\",\"name\":\"Bellunopress - Dolomiti\",\"description\":\"e-mail: redazione@bellunopress.it\",\"publisher\":{\"@id\":\"https:\\\/\\\/www.bellunopress.it\\\/#organization\"},\"potentialAction\":[{\"@type\":\"SearchAction\",\"target\":{\"@type\":\"EntryPoint\",\"urlTemplate\":\"https:\\\/\\\/www.bellunopress.it\\\/?s={search_term_string}\"},\"query-input\":{\"@type\":\"PropertyValueSpecification\",\"valueRequired\":true,\"valueName\":\"search_term_string\"}}],\"inLanguage\":\"fr-FR\"},{\"@type\":\"Organization\",\"@id\":\"https:\\\/\\\/www.bellunopress.it\\\/#organization\",\"name\":\"Bellunopress\",\"url\":\"https:\\\/\\\/www.bellunopress.it\\\/\",\"logo\":{\"@type\":\"ImageObject\",\"inLanguage\":\"fr-FR\",\"@id\":\"https:\\\/\\\/www.bellunopress.it\\\/#\\\/schema\\\/logo\\\/image\\\/\",\"url\":\"https:\\\/\\\/www.bellunopress.it\\\/wp-content\\\/uploads\\\/2011\\\/05\\\/cropped-logo-bellunopress-.jpg\",\"contentUrl\":\"https:\\\/\\\/www.bellunopress.it\\\/wp-content\\\/uploads\\\/2011\\\/05\\\/cropped-logo-bellunopress-.jpg\",\"width\":512,\"height\":512,\"caption\":\"Bellunopress\"},\"image\":{\"@id\":\"https:\\\/\\\/www.bellunopress.it\\\/#\\\/schema\\\/logo\\\/image\\\/\"},\"sameAs\":[\"https:\\\/\\\/www.facebook.com\\\/profile.php?id=100008943462799\",\"https:\\\/\\\/x.com\\\/bellunopress\",\"https:\\\/\\\/www.linkedin.com\\\/hp\\\/?dnr=JBzUWaJfMUw8vbXJJ2tVW5-I3jZKvC4wsoxE&amp;amp;amp;amp;amp;amp;trk=nav_responsive_tab_home\",\"https:\\\/\\\/www.youtube.com\\\/channel\\\/UCxL0wu1uN0_3_7hGG0306cw\"]},{\"@type\":\"Person\",\"@id\":\"https:\\\/\\\/www.bellunopress.it\\\/#\\\/schema\\\/person\\\/79bb06722b37ece1c03d3e94beb30d73\",\"name\":\"redazione\",\"image\":{\"@type\":\"ImageObject\",\"inLanguage\":\"fr-FR\",\"@id\":\"https:\\\/\\\/secure.gravatar.com\\\/avatar\\\/37d968a2e67a6fd04c169c4bdef102d0bc5d31b2546345219e348575eb80e9a0?s=96&d=mm&r=g\",\"url\":\"https:\\\/\\\/secure.gravatar.com\\\/avatar\\\/37d968a2e67a6fd04c169c4bdef102d0bc5d31b2546345219e348575eb80e9a0?s=96&d=mm&r=g\",\"contentUrl\":\"https:\\\/\\\/secure.gravatar.com\\\/avatar\\\/37d968a2e67a6fd04c169c4bdef102d0bc5d31b2546345219e348575eb80e9a0?s=96&d=mm&r=g\",\"caption\":\"redazione\"},\"sameAs\":[\"http:\\\/\\\/www.bellunopress.it\",\"https:\\\/\\\/x.com\\\/bellunopress\"],\"url\":\"https:\\\/\\\/www.bellunopress.it\\\/fr\\\/author\\\/redazione\\\/\"}]}<\/script>\n<!-- \/ Yoast SEO plugin. -->","yoast_head_json":{"title":"Sabato l'inaugurazione della mostra Feltre e il Risorgimento - Bellunopress - Dolomiti","robots":{"index":"index","follow":"follow","max-snippet":"max-snippet:-1","max-image-preview":"max-image-preview:large","max-video-preview":"max-video-preview:-1"},"canonical":"https:\/\/www.bellunopress.it\/fr\/2012\/02\/20\/sabato-linaugurazione-della-mostra-feltre-e-il-risorgimento\/","og_locale":"fr_FR","og_type":"article","og_title":"Sabato l'inaugurazione della mostra Feltre e il Risorgimento - Bellunopress - Dolomiti","og_description":"Sabato 25 febbraio 2012 alle ore 17.00 sar\u00e0 inaugurata al Museo civico di Feltre la mostra Feltre e il Risorgimento. Essa propone un percorso, che si snoda da piano terra al primo, su Feltre risorgimentale animata da aneliti di libert\u00e0 e di pace, da slanci patriottici e attese, funestata dai lutti per la partecipazione a [&hellip;]","og_url":"https:\/\/www.bellunopress.it\/fr\/2012\/02\/20\/sabato-linaugurazione-della-mostra-feltre-e-il-risorgimento\/","og_site_name":"Bellunopress - Dolomiti","article_publisher":"https:\/\/www.facebook.com\/profile.php?id=100008943462799","article_published_time":"2012-02-20T08:26:18+00:00","og_image":[{"url":"http:\/\/www.bellunopress.it\/wp-content\/uploads\/2012\/07\/logo-bellunopress-250x250-2012.jpg","type":"","width":"","height":""}],"author":"redazione","twitter_card":"summary_large_image","twitter_creator":"@bellunopress","twitter_site":"@bellunopress","twitter_misc":{"\u00c9crit par":"redazione","Dur\u00e9e de lecture estim\u00e9e":"2 minutes"},"schema":{"@context":"https:\/\/schema.org","@graph":[{"@type":"Article","@id":"https:\/\/www.bellunopress.it\/2012\/02\/20\/sabato-linaugurazione-della-mostra-feltre-e-il-risorgimento\/#article","isPartOf":{"@id":"https:\/\/www.bellunopress.it\/2012\/02\/20\/sabato-linaugurazione-della-mostra-feltre-e-il-risorgimento\/"},"author":{"name":"redazione","@id":"https:\/\/www.bellunopress.it\/#\/schema\/person\/79bb06722b37ece1c03d3e94beb30d73"},"headline":"Sabato l&#8217;inaugurazione della mostra Feltre e il Risorgimento","datePublished":"2012-02-20T08:26:18+00:00","mainEntityOfPage":{"@id":"https:\/\/www.bellunopress.it\/2012\/02\/20\/sabato-linaugurazione-della-mostra-feltre-e-il-risorgimento\/"},"wordCount":428,"publisher":{"@id":"https:\/\/www.bellunopress.it\/#organization"},"articleSection":["Appuntamenti, Eventi","Pausa Caff\u00e8"],"inLanguage":"fr-FR"},{"@type":"WebPage","@id":"https:\/\/www.bellunopress.it\/2012\/02\/20\/sabato-linaugurazione-della-mostra-feltre-e-il-risorgimento\/","url":"https:\/\/www.bellunopress.it\/2012\/02\/20\/sabato-linaugurazione-della-mostra-feltre-e-il-risorgimento\/","name":"Sabato l'inaugurazione della mostra Feltre e il Risorgimento - Bellunopress - Dolomiti","isPartOf":{"@id":"https:\/\/www.bellunopress.it\/#website"},"datePublished":"2012-02-20T08:26:18+00:00","breadcrumb":{"@id":"https:\/\/www.bellunopress.it\/2012\/02\/20\/sabato-linaugurazione-della-mostra-feltre-e-il-risorgimento\/#breadcrumb"},"inLanguage":"fr-FR","potentialAction":[{"@type":"ReadAction","target":["https:\/\/www.bellunopress.it\/2012\/02\/20\/sabato-linaugurazione-della-mostra-feltre-e-il-risorgimento\/"]}]},{"@type":"BreadcrumbList","@id":"https:\/\/www.bellunopress.it\/2012\/02\/20\/sabato-linaugurazione-della-mostra-feltre-e-il-risorgimento\/#breadcrumb","itemListElement":[{"@type":"ListItem","position":1,"name":"Home","item":"https:\/\/www.bellunopress.it\/"},{"@type":"ListItem","position":2,"name":"Sabato l&#8217;inaugurazione della mostra Feltre e il Risorgimento"}]},{"@type":"WebSite","@id":"https:\/\/www.bellunopress.it\/#website","url":"https:\/\/www.bellunopress.it\/","name":"Bellunopress - Dolomiti","description":"e-mail: redazione@bellunopress.it","publisher":{"@id":"https:\/\/www.bellunopress.it\/#organization"},"potentialAction":[{"@type":"SearchAction","target":{"@type":"EntryPoint","urlTemplate":"https:\/\/www.bellunopress.it\/?s={search_term_string}"},"query-input":{"@type":"PropertyValueSpecification","valueRequired":true,"valueName":"search_term_string"}}],"inLanguage":"fr-FR"},{"@type":"Organization","@id":"https:\/\/www.bellunopress.it\/#organization","name":"Bellunopress","url":"https:\/\/www.bellunopress.it\/","logo":{"@type":"ImageObject","inLanguage":"fr-FR","@id":"https:\/\/www.bellunopress.it\/#\/schema\/logo\/image\/","url":"https:\/\/www.bellunopress.it\/wp-content\/uploads\/2011\/05\/cropped-logo-bellunopress-.jpg","contentUrl":"https:\/\/www.bellunopress.it\/wp-content\/uploads\/2011\/05\/cropped-logo-bellunopress-.jpg","width":512,"height":512,"caption":"Bellunopress"},"image":{"@id":"https:\/\/www.bellunopress.it\/#\/schema\/logo\/image\/"},"sameAs":["https:\/\/www.facebook.com\/profile.php?id=100008943462799","https:\/\/x.com\/bellunopress","https:\/\/www.linkedin.com\/hp\/?dnr=JBzUWaJfMUw8vbXJJ2tVW5-I3jZKvC4wsoxE&amp;amp;amp;amp;amp;amp;trk=nav_responsive_tab_home","https:\/\/www.youtube.com\/channel\/UCxL0wu1uN0_3_7hGG0306cw"]},{"@type":"Person","@id":"https:\/\/www.bellunopress.it\/#\/schema\/person\/79bb06722b37ece1c03d3e94beb30d73","name":"r\u00e9daction","image":{"@type":"ImageObject","inLanguage":"fr-FR","@id":"https:\/\/secure.gravatar.com\/avatar\/37d968a2e67a6fd04c169c4bdef102d0bc5d31b2546345219e348575eb80e9a0?s=96&d=mm&r=g","url":"https:\/\/secure.gravatar.com\/avatar\/37d968a2e67a6fd04c169c4bdef102d0bc5d31b2546345219e348575eb80e9a0?s=96&d=mm&r=g","contentUrl":"https:\/\/secure.gravatar.com\/avatar\/37d968a2e67a6fd04c169c4bdef102d0bc5d31b2546345219e348575eb80e9a0?s=96&d=mm&r=g","caption":"redazione"},"sameAs":["http:\/\/www.bellunopress.it","https:\/\/x.com\/bellunopress"],"url":"https:\/\/www.bellunopress.it\/fr\/author\/redazione\/"}]}},"_links":{"self":[{"href":"https:\/\/www.bellunopress.it\/fr\/wp-json\/wp\/v2\/posts\/35266","targetHints":{"allow":["GET"]}}],"collection":[{"href":"https:\/\/www.bellunopress.it\/fr\/wp-json\/wp\/v2\/posts"}],"about":[{"href":"https:\/\/www.bellunopress.it\/fr\/wp-json\/wp\/v2\/types\/post"}],"author":[{"embeddable":true,"href":"https:\/\/www.bellunopress.it\/fr\/wp-json\/wp\/v2\/users\/2"}],"replies":[{"embeddable":true,"href":"https:\/\/www.bellunopress.it\/fr\/wp-json\/wp\/v2\/comments?post=35266"}],"version-history":[{"count":1,"href":"https:\/\/www.bellunopress.it\/fr\/wp-json\/wp\/v2\/posts\/35266\/revisions"}],"predecessor-version":[{"id":35267,"href":"https:\/\/www.bellunopress.it\/fr\/wp-json\/wp\/v2\/posts\/35266\/revisions\/35267"}],"wp:attachment":[{"href":"https:\/\/www.bellunopress.it\/fr\/wp-json\/wp\/v2\/media?parent=35266"}],"wp:term":[{"taxonomy":"category","embeddable":true,"href":"https:\/\/www.bellunopress.it\/fr\/wp-json\/wp\/v2\/categories?post=35266"},{"taxonomy":"post_tag","embeddable":true,"href":"https:\/\/www.bellunopress.it\/fr\/wp-json\/wp\/v2\/tags?post=35266"}],"curies":[{"name":"wp","href":"https:\/\/api.w.org\/{rel}","templated":true}]}}