{"id":35213,"date":"2012-02-18T00:05:41","date_gmt":"2012-02-17T23:05:41","guid":{"rendered":"http:\/\/www.bellunopress.it\/?p=35213"},"modified":"2012-02-18T00:05:41","modified_gmt":"2012-02-17T23:05:41","slug":"domenica-la-sfilata-dei-carri-mascherati-a-sedico","status":"publish","type":"post","link":"https:\/\/www.bellunopress.it\/fr\/2012\/02\/18\/domenica-la-sfilata-dei-carri-mascherati-a-sedico\/","title":{"rendered":"Domenica la sfilata dei carri mascherati a Sedico"},"content":{"rendered":"<p>Dopo il rinvio di domenica scorsa a causa del maltempo, il carnevale di Sedico spera di entrare pienamente nel vivo con il prossimo fine settimana. A malincuore gli organizzatori hanno dovuto prendere la decisione di rinviare la sfilata di domenica 12 febbraio, visto che la neve, seppure non copiosa, \u00e8 caduta per l\u2019intera mattinata e ha compromesso la preparazione della piazza per la sfilata dei carri mascherati in cartapesta, che avrebbero anche rischiato di rovinarsi. La sfilata, comunque, verr\u00e0 recuperata domenica 26 febbraio e il corteo mascherato si annuncia ricco di presenze importanti, per un\u2019ultima uscita assolutamente da non perdere. Domenica prossima, intanto, ci si prepara a vivere il carnevale dei bambini, uno degli appuntamenti pi\u00f9 attesi e che riscuote sempre maggior successo. Anche in questa occasione l\u2019organizzazione, curata dalla Pro loco in collaborazione con il comitato carristi, il gruppo Giardini e con molte associazioni del paese, oltre che con il contributo dell\u2019Amministrazione comunale, ha preparato un cartellone di sicuro interesse. Si comincer\u00e0 alle 14 sul palco di piazza della Vittoria con la passerella delle mascherine, dedicata a tutti i bambini che vorranno mettere in mostra il loro costume e potranno, cos\u00ec, oltre a farsi scattare delle foto, anche ricevere un piccolo regalo donato dalla Pro loco. A seguire, prender\u00e0 il via la sfilata dei carri e gruppi delle scuole: hanno gi\u00e0 annunciato la loro partecipazione la scuola materna statale di Roe, l\u2019asilo nido C\u00e0 Gioiosa di Sedico, la scuola materna di Bribano. I mastodontici carri mascherati di casa faranno da contorno alla sfilata, assicurando, a fine giornata, un giro del corso mascherato e inondando i presenti con coriandoli ed altre sorprese. Durante l\u2019intero pomeriggio, poi, ci saranno diverse animazioni. Un giocoliere serio e preciso (AL-Katraz), un giocoliere tonto e distratto (AL-Bicocca) e un musicista (Al-BimBumBam) si presentano al loro pubblico manifestando fin da subito il loro scopo: far divertire il pubblico velocemente cos\u00ec da poter andare a casa quanto prima! Il loro intento verr\u00e0 per\u00f2 vanificato dal volere dei bimbi, i quali non permetteranno ai tre artisti di lasciare il palco in tempi brevi. Insomma uno show per grandi e piccini. Giocoleria, comicit\u00e0 e musica (basso, banjo, batteria, armonica a bocca, sitar indiano, balafon\u2026) si fondono assieme in un unico classico spettacolo di strada dalla straordinaria verve comica. Tra numeri di palline e di diabli si incastrano bolle di sapone giganti, gag con l\u2019intervento del pubblico, sculture di palloncini, fuoco e tanto altro. Questo \u00e8 quanto proporranno gli artisti dell\u2019Associazione Improvvirus, diventati ormai famosi a livello nazionale per la partecipazione allo Zecchino d\u2019Oro, per il Carnevale dei bambini di Sedico. Ma non \u00e8 finita, perch\u00e9 la giornata, che sar\u00e0 particolarmente intensa anche per la presenza dei gruppi e carri mascherati realizzati dai bambini delle scuole, vedr\u00e0 la partecipazione del Quartiere Duomo del Palio di Feltre, che proporr\u00e0 uno spettacolo ambientato in uno scenario d\u2019altri tempi. Il mix tra giochi di fuoco e danze, contornate da musica etnica e dal suono di tamburi vi far\u00e0 rivivere la lotta tra il bene e il male in ambiente rinascimentale. Le danzatrici con il loro volteggio ricostruiscono il bene del momento che verr\u00e0 poi turbato dall\u2019ingresso del male. Con tutte le proprie armi il male prova a distruggere il bene, scatenando duri duelli e sferrando colpi bassi, fino al duello finale. Chi vincer\u00e0 questa dura battaglia? Sar\u00e0 il bene a spuntarla oppure il male riuscir\u00e0 a distruggere a farla da padrone, seminando terrore su tutto il popolo. La giornata, ricordiamolo, sar\u00e0 ad ingresso libero, ma tutti sono invitati a lasciare un\u2019offerta oltre che consumare le bevande calde e i crostoli nei chioschi allestiti dai volontari della Pro loco. Sempre in vendita, infine, ci sono i biglietti della fantastica lotteria, che mette in palio come primo premio una Peugeot 206 e secondo una Peugeot 107, messi a disposizione dalla concessionaria Bridda No\u00e8 di Ponte nelle Alpi, oltre ad altri 54 favolosi premi: costo del biglietto 1 Euro ed estrazione in programma sabato 17 marzo al palazzo dei servizi.<\/p>\n<p>&nbsp;<\/p>","protected":false},"excerpt":{"rendered":"<p>Dopo il rinvio di domenica scorsa a causa del maltempo, il carnevale di Sedico spera di entrare pienamente nel vivo con il prossimo fine settimana. A malincuore gli organizzatori hanno dovuto prendere la decisione di rinviare la sfilata di domenica 12 febbraio, visto che la neve, seppure non copiosa, \u00e8 caduta per l\u2019intera mattinata e [&hellip;]<\/p>\n","protected":false},"author":2,"featured_media":0,"comment_status":"closed","ping_status":"open","sticky":false,"template":"","format":"standard","meta":{"footnotes":""},"categories":[27,25],"tags":[],"class_list":["post-35213","post","type-post","status-publish","format-standard","category-appuntamenti","category-pausa-caffe"],"yoast_head":"<!-- This site is optimized with the Yoast SEO plugin v28.4 - https:\/\/yoast.com\/product\/yoast-seo-wordpress\/ -->\n<title>Domenica la sfilata dei carri mascherati a Sedico - Bellunopress - Dolomiti<\/title>\n<meta name=\"robots\" content=\"index, follow, max-snippet:-1, max-image-preview:large, max-video-preview:-1\" \/>\n<link rel=\"canonical\" href=\"https:\/\/www.bellunopress.it\/fr\/2012\/02\/18\/domenica-la-sfilata-dei-carri-mascherati-a-sedico\/\" \/>\n<meta property=\"og:locale\" content=\"fr_FR\" \/>\n<meta property=\"og:type\" content=\"article\" \/>\n<meta property=\"og:title\" content=\"Domenica la sfilata dei carri mascherati a Sedico - Bellunopress - Dolomiti\" \/>\n<meta property=\"og:description\" content=\"Dopo il rinvio di domenica scorsa a causa del maltempo, il carnevale di Sedico spera di entrare pienamente nel vivo con il prossimo fine settimana. A malincuore gli organizzatori hanno dovuto prendere la decisione di rinviare la sfilata di domenica 12 febbraio, visto che la neve, seppure non copiosa, \u00e8 caduta per l\u2019intera mattinata e [&hellip;]\" \/>\n<meta property=\"og:url\" content=\"https:\/\/www.bellunopress.it\/fr\/2012\/02\/18\/domenica-la-sfilata-dei-carri-mascherati-a-sedico\/\" \/>\n<meta property=\"og:site_name\" content=\"Bellunopress - Dolomiti\" \/>\n<meta property=\"article:publisher\" content=\"https:\/\/www.facebook.com\/profile.php?id=100008943462799\" \/>\n<meta property=\"article:published_time\" content=\"2012-02-17T23:05:41+00:00\" \/>\n<meta property=\"og:image\" content=\"http:\/\/www.bellunopress.it\/wp-content\/uploads\/2012\/07\/logo-bellunopress-250x250-2012.jpg\" \/>\n<meta name=\"author\" content=\"redazione\" \/>\n<meta name=\"twitter:card\" content=\"summary_large_image\" \/>\n<meta name=\"twitter:creator\" content=\"@bellunopress\" \/>\n<meta name=\"twitter:site\" content=\"@bellunopress\" \/>\n<meta name=\"twitter:label1\" content=\"\u00c9crit par\" \/>\n\t<meta name=\"twitter:data1\" content=\"redazione\" \/>\n\t<meta name=\"twitter:label2\" content=\"Dur\u00e9e de lecture estim\u00e9e\" \/>\n\t<meta name=\"twitter:data2\" content=\"3 minutes\" \/>\n<script type=\"application\/ld+json\" class=\"yoast-schema-graph\">{\"@context\":\"https:\\\/\\\/schema.org\",\"@graph\":[{\"@type\":\"Article\",\"@id\":\"https:\\\/\\\/www.bellunopress.it\\\/2012\\\/02\\\/18\\\/domenica-la-sfilata-dei-carri-mascherati-a-sedico\\\/#article\",\"isPartOf\":{\"@id\":\"https:\\\/\\\/www.bellunopress.it\\\/2012\\\/02\\\/18\\\/domenica-la-sfilata-dei-carri-mascherati-a-sedico\\\/\"},\"author\":{\"name\":\"redazione\",\"@id\":\"https:\\\/\\\/www.bellunopress.it\\\/#\\\/schema\\\/person\\\/79bb06722b37ece1c03d3e94beb30d73\"},\"headline\":\"Domenica la sfilata dei carri mascherati a Sedico\",\"datePublished\":\"2012-02-17T23:05:41+00:00\",\"mainEntityOfPage\":{\"@id\":\"https:\\\/\\\/www.bellunopress.it\\\/2012\\\/02\\\/18\\\/domenica-la-sfilata-dei-carri-mascherati-a-sedico\\\/\"},\"wordCount\":674,\"publisher\":{\"@id\":\"https:\\\/\\\/www.bellunopress.it\\\/#organization\"},\"articleSection\":[\"Appuntamenti, Eventi\",\"Pausa Caff\u00e8\"],\"inLanguage\":\"fr-FR\"},{\"@type\":\"WebPage\",\"@id\":\"https:\\\/\\\/www.bellunopress.it\\\/2012\\\/02\\\/18\\\/domenica-la-sfilata-dei-carri-mascherati-a-sedico\\\/\",\"url\":\"https:\\\/\\\/www.bellunopress.it\\\/2012\\\/02\\\/18\\\/domenica-la-sfilata-dei-carri-mascherati-a-sedico\\\/\",\"name\":\"Domenica la sfilata dei carri mascherati a Sedico - Bellunopress - Dolomiti\",\"isPartOf\":{\"@id\":\"https:\\\/\\\/www.bellunopress.it\\\/#website\"},\"datePublished\":\"2012-02-17T23:05:41+00:00\",\"breadcrumb\":{\"@id\":\"https:\\\/\\\/www.bellunopress.it\\\/2012\\\/02\\\/18\\\/domenica-la-sfilata-dei-carri-mascherati-a-sedico\\\/#breadcrumb\"},\"inLanguage\":\"fr-FR\",\"potentialAction\":[{\"@type\":\"ReadAction\",\"target\":[\"https:\\\/\\\/www.bellunopress.it\\\/2012\\\/02\\\/18\\\/domenica-la-sfilata-dei-carri-mascherati-a-sedico\\\/\"]}]},{\"@type\":\"BreadcrumbList\",\"@id\":\"https:\\\/\\\/www.bellunopress.it\\\/2012\\\/02\\\/18\\\/domenica-la-sfilata-dei-carri-mascherati-a-sedico\\\/#breadcrumb\",\"itemListElement\":[{\"@type\":\"ListItem\",\"position\":1,\"name\":\"Home\",\"item\":\"https:\\\/\\\/www.bellunopress.it\\\/\"},{\"@type\":\"ListItem\",\"position\":2,\"name\":\"Domenica la sfilata dei carri mascherati a Sedico\"}]},{\"@type\":\"WebSite\",\"@id\":\"https:\\\/\\\/www.bellunopress.it\\\/#website\",\"url\":\"https:\\\/\\\/www.bellunopress.it\\\/\",\"name\":\"Bellunopress - Dolomiti\",\"description\":\"e-mail: redazione@bellunopress.it\",\"publisher\":{\"@id\":\"https:\\\/\\\/www.bellunopress.it\\\/#organization\"},\"potentialAction\":[{\"@type\":\"SearchAction\",\"target\":{\"@type\":\"EntryPoint\",\"urlTemplate\":\"https:\\\/\\\/www.bellunopress.it\\\/?s={search_term_string}\"},\"query-input\":{\"@type\":\"PropertyValueSpecification\",\"valueRequired\":true,\"valueName\":\"search_term_string\"}}],\"inLanguage\":\"fr-FR\"},{\"@type\":\"Organization\",\"@id\":\"https:\\\/\\\/www.bellunopress.it\\\/#organization\",\"name\":\"Bellunopress\",\"url\":\"https:\\\/\\\/www.bellunopress.it\\\/\",\"logo\":{\"@type\":\"ImageObject\",\"inLanguage\":\"fr-FR\",\"@id\":\"https:\\\/\\\/www.bellunopress.it\\\/#\\\/schema\\\/logo\\\/image\\\/\",\"url\":\"https:\\\/\\\/www.bellunopress.it\\\/wp-content\\\/uploads\\\/2011\\\/05\\\/cropped-logo-bellunopress-.jpg\",\"contentUrl\":\"https:\\\/\\\/www.bellunopress.it\\\/wp-content\\\/uploads\\\/2011\\\/05\\\/cropped-logo-bellunopress-.jpg\",\"width\":512,\"height\":512,\"caption\":\"Bellunopress\"},\"image\":{\"@id\":\"https:\\\/\\\/www.bellunopress.it\\\/#\\\/schema\\\/logo\\\/image\\\/\"},\"sameAs\":[\"https:\\\/\\\/www.facebook.com\\\/profile.php?id=100008943462799\",\"https:\\\/\\\/x.com\\\/bellunopress\",\"https:\\\/\\\/www.linkedin.com\\\/hp\\\/?dnr=JBzUWaJfMUw8vbXJJ2tVW5-I3jZKvC4wsoxE&amp;amp;amp;amp;amp;amp;trk=nav_responsive_tab_home\",\"https:\\\/\\\/www.youtube.com\\\/channel\\\/UCxL0wu1uN0_3_7hGG0306cw\"]},{\"@type\":\"Person\",\"@id\":\"https:\\\/\\\/www.bellunopress.it\\\/#\\\/schema\\\/person\\\/79bb06722b37ece1c03d3e94beb30d73\",\"name\":\"redazione\",\"image\":{\"@type\":\"ImageObject\",\"inLanguage\":\"fr-FR\",\"@id\":\"https:\\\/\\\/secure.gravatar.com\\\/avatar\\\/37d968a2e67a6fd04c169c4bdef102d0bc5d31b2546345219e348575eb80e9a0?s=96&d=mm&r=g\",\"url\":\"https:\\\/\\\/secure.gravatar.com\\\/avatar\\\/37d968a2e67a6fd04c169c4bdef102d0bc5d31b2546345219e348575eb80e9a0?s=96&d=mm&r=g\",\"contentUrl\":\"https:\\\/\\\/secure.gravatar.com\\\/avatar\\\/37d968a2e67a6fd04c169c4bdef102d0bc5d31b2546345219e348575eb80e9a0?s=96&d=mm&r=g\",\"caption\":\"redazione\"},\"sameAs\":[\"http:\\\/\\\/www.bellunopress.it\",\"https:\\\/\\\/x.com\\\/bellunopress\"],\"url\":\"https:\\\/\\\/www.bellunopress.it\\\/fr\\\/author\\\/redazione\\\/\"}]}<\/script>\n<!-- \/ Yoast SEO plugin. -->","yoast_head_json":{"title":"Domenica la sfilata dei carri mascherati a Sedico - Bellunopress - Dolomiti","robots":{"index":"index","follow":"follow","max-snippet":"max-snippet:-1","max-image-preview":"max-image-preview:large","max-video-preview":"max-video-preview:-1"},"canonical":"https:\/\/www.bellunopress.it\/fr\/2012\/02\/18\/domenica-la-sfilata-dei-carri-mascherati-a-sedico\/","og_locale":"fr_FR","og_type":"article","og_title":"Domenica la sfilata dei carri mascherati a Sedico - Bellunopress - Dolomiti","og_description":"Dopo il rinvio di domenica scorsa a causa del maltempo, il carnevale di Sedico spera di entrare pienamente nel vivo con il prossimo fine settimana. A malincuore gli organizzatori hanno dovuto prendere la decisione di rinviare la sfilata di domenica 12 febbraio, visto che la neve, seppure non copiosa, \u00e8 caduta per l\u2019intera mattinata e [&hellip;]","og_url":"https:\/\/www.bellunopress.it\/fr\/2012\/02\/18\/domenica-la-sfilata-dei-carri-mascherati-a-sedico\/","og_site_name":"Bellunopress - Dolomiti","article_publisher":"https:\/\/www.facebook.com\/profile.php?id=100008943462799","article_published_time":"2012-02-17T23:05:41+00:00","og_image":[{"url":"http:\/\/www.bellunopress.it\/wp-content\/uploads\/2012\/07\/logo-bellunopress-250x250-2012.jpg","type":"","width":"","height":""}],"author":"redazione","twitter_card":"summary_large_image","twitter_creator":"@bellunopress","twitter_site":"@bellunopress","twitter_misc":{"\u00c9crit par":"redazione","Dur\u00e9e de lecture estim\u00e9e":"3 minutes"},"schema":{"@context":"https:\/\/schema.org","@graph":[{"@type":"Article","@id":"https:\/\/www.bellunopress.it\/2012\/02\/18\/domenica-la-sfilata-dei-carri-mascherati-a-sedico\/#article","isPartOf":{"@id":"https:\/\/www.bellunopress.it\/2012\/02\/18\/domenica-la-sfilata-dei-carri-mascherati-a-sedico\/"},"author":{"name":"redazione","@id":"https:\/\/www.bellunopress.it\/#\/schema\/person\/79bb06722b37ece1c03d3e94beb30d73"},"headline":"Domenica la sfilata dei carri mascherati a Sedico","datePublished":"2012-02-17T23:05:41+00:00","mainEntityOfPage":{"@id":"https:\/\/www.bellunopress.it\/2012\/02\/18\/domenica-la-sfilata-dei-carri-mascherati-a-sedico\/"},"wordCount":674,"publisher":{"@id":"https:\/\/www.bellunopress.it\/#organization"},"articleSection":["Appuntamenti, Eventi","Pausa Caff\u00e8"],"inLanguage":"fr-FR"},{"@type":"WebPage","@id":"https:\/\/www.bellunopress.it\/2012\/02\/18\/domenica-la-sfilata-dei-carri-mascherati-a-sedico\/","url":"https:\/\/www.bellunopress.it\/2012\/02\/18\/domenica-la-sfilata-dei-carri-mascherati-a-sedico\/","name":"Domenica la sfilata dei carri mascherati a Sedico - Bellunopress - Dolomiti","isPartOf":{"@id":"https:\/\/www.bellunopress.it\/#website"},"datePublished":"2012-02-17T23:05:41+00:00","breadcrumb":{"@id":"https:\/\/www.bellunopress.it\/2012\/02\/18\/domenica-la-sfilata-dei-carri-mascherati-a-sedico\/#breadcrumb"},"inLanguage":"fr-FR","potentialAction":[{"@type":"ReadAction","target":["https:\/\/www.bellunopress.it\/2012\/02\/18\/domenica-la-sfilata-dei-carri-mascherati-a-sedico\/"]}]},{"@type":"BreadcrumbList","@id":"https:\/\/www.bellunopress.it\/2012\/02\/18\/domenica-la-sfilata-dei-carri-mascherati-a-sedico\/#breadcrumb","itemListElement":[{"@type":"ListItem","position":1,"name":"Home","item":"https:\/\/www.bellunopress.it\/"},{"@type":"ListItem","position":2,"name":"Domenica la sfilata dei carri mascherati a Sedico"}]},{"@type":"WebSite","@id":"https:\/\/www.bellunopress.it\/#website","url":"https:\/\/www.bellunopress.it\/","name":"Bellunopress - Dolomiti","description":"e-mail: redazione@bellunopress.it","publisher":{"@id":"https:\/\/www.bellunopress.it\/#organization"},"potentialAction":[{"@type":"SearchAction","target":{"@type":"EntryPoint","urlTemplate":"https:\/\/www.bellunopress.it\/?s={search_term_string}"},"query-input":{"@type":"PropertyValueSpecification","valueRequired":true,"valueName":"search_term_string"}}],"inLanguage":"fr-FR"},{"@type":"Organization","@id":"https:\/\/www.bellunopress.it\/#organization","name":"Bellunopress","url":"https:\/\/www.bellunopress.it\/","logo":{"@type":"ImageObject","inLanguage":"fr-FR","@id":"https:\/\/www.bellunopress.it\/#\/schema\/logo\/image\/","url":"https:\/\/www.bellunopress.it\/wp-content\/uploads\/2011\/05\/cropped-logo-bellunopress-.jpg","contentUrl":"https:\/\/www.bellunopress.it\/wp-content\/uploads\/2011\/05\/cropped-logo-bellunopress-.jpg","width":512,"height":512,"caption":"Bellunopress"},"image":{"@id":"https:\/\/www.bellunopress.it\/#\/schema\/logo\/image\/"},"sameAs":["https:\/\/www.facebook.com\/profile.php?id=100008943462799","https:\/\/x.com\/bellunopress","https:\/\/www.linkedin.com\/hp\/?dnr=JBzUWaJfMUw8vbXJJ2tVW5-I3jZKvC4wsoxE&amp;amp;amp;amp;amp;amp;trk=nav_responsive_tab_home","https:\/\/www.youtube.com\/channel\/UCxL0wu1uN0_3_7hGG0306cw"]},{"@type":"Person","@id":"https:\/\/www.bellunopress.it\/#\/schema\/person\/79bb06722b37ece1c03d3e94beb30d73","name":"r\u00e9daction","image":{"@type":"ImageObject","inLanguage":"fr-FR","@id":"https:\/\/secure.gravatar.com\/avatar\/37d968a2e67a6fd04c169c4bdef102d0bc5d31b2546345219e348575eb80e9a0?s=96&d=mm&r=g","url":"https:\/\/secure.gravatar.com\/avatar\/37d968a2e67a6fd04c169c4bdef102d0bc5d31b2546345219e348575eb80e9a0?s=96&d=mm&r=g","contentUrl":"https:\/\/secure.gravatar.com\/avatar\/37d968a2e67a6fd04c169c4bdef102d0bc5d31b2546345219e348575eb80e9a0?s=96&d=mm&r=g","caption":"redazione"},"sameAs":["http:\/\/www.bellunopress.it","https:\/\/x.com\/bellunopress"],"url":"https:\/\/www.bellunopress.it\/fr\/author\/redazione\/"}]}},"_links":{"self":[{"href":"https:\/\/www.bellunopress.it\/fr\/wp-json\/wp\/v2\/posts\/35213","targetHints":{"allow":["GET"]}}],"collection":[{"href":"https:\/\/www.bellunopress.it\/fr\/wp-json\/wp\/v2\/posts"}],"about":[{"href":"https:\/\/www.bellunopress.it\/fr\/wp-json\/wp\/v2\/types\/post"}],"author":[{"embeddable":true,"href":"https:\/\/www.bellunopress.it\/fr\/wp-json\/wp\/v2\/users\/2"}],"replies":[{"embeddable":true,"href":"https:\/\/www.bellunopress.it\/fr\/wp-json\/wp\/v2\/comments?post=35213"}],"version-history":[{"count":1,"href":"https:\/\/www.bellunopress.it\/fr\/wp-json\/wp\/v2\/posts\/35213\/revisions"}],"predecessor-version":[{"id":35214,"href":"https:\/\/www.bellunopress.it\/fr\/wp-json\/wp\/v2\/posts\/35213\/revisions\/35214"}],"wp:attachment":[{"href":"https:\/\/www.bellunopress.it\/fr\/wp-json\/wp\/v2\/media?parent=35213"}],"wp:term":[{"taxonomy":"category","embeddable":true,"href":"https:\/\/www.bellunopress.it\/fr\/wp-json\/wp\/v2\/categories?post=35213"},{"taxonomy":"post_tag","embeddable":true,"href":"https:\/\/www.bellunopress.it\/fr\/wp-json\/wp\/v2\/tags?post=35213"}],"curies":[{"name":"wp","href":"https:\/\/api.w.org\/{rel}","templated":true}]}}