{"id":35189,"date":"2012-02-17T08:27:11","date_gmt":"2012-02-17T07:27:11","guid":{"rendered":"http:\/\/www.bellunopress.it\/?p=35189"},"modified":"2012-02-17T08:27:11","modified_gmt":"2012-02-17T07:27:11","slug":"sabato-ad-auronzo-la-biografia-di-tina-merlin-con-adriana-lotto","status":"publish","type":"post","link":"https:\/\/www.bellunopress.it\/fr\/2012\/02\/17\/sabato-ad-auronzo-la-biografia-di-tina-merlin-con-adriana-lotto\/","title":{"rendered":"Sabato ad Auronzo la biografia di Tina Merlin, con Adriana Lotto"},"content":{"rendered":"<p><a href=\"http:\/\/www.bellunopress.it\/wp-content\/uploads\/2011\/12\/tina-merlin-copertina-libro.jpg\"><img loading=\"lazy\" decoding=\"async\" class=\"alignleft size-full wp-image-33006\" title=\"tina merlin copertina libro\" src=\"http:\/\/www.bellunopress.it\/wp-content\/uploads\/2011\/12\/tina-merlin-copertina-libro.jpg\" alt=\"\" width=\"187\" height=\"290\" \/><\/a>Sabato 19 febbraio alle ore 21, nella sala consiliare di Auronzo di Cadore, l&#8217;assessorato alla Cultura del Comune di Auronzo di Cadore insieme al Consorzio turistico Auronzo-Misurina e l&#8217;Associazione Tina Merlin, a vent&#8217;anni dalla morte (dicembre 1991-2001)presentano\u00a0 &#8220;Quelli del Vajont &#8211; Tina Merlin &#8211; Una donna contro&#8221; di Adriana Lotto.<br \/>\nSar\u00e0 presente l&#8217;autrice.<br \/>\nIl volume, diviso in nove capitoli, racconta la vita di Tina Merlin dalla prima infanzia alla morte avvenuta vent&#8217;anni fa, o,\u00a0 meglio \u00e8 dire, fa parlare Tina interrogando le \u201ccarte\u201d conservate nel suo archivio e in quelli di istituzioni pubbliche e private. E tanto perch\u00e9 alla sua voce non si sovrapponesse quella di chi scriveva, in altre parole alla narrazione il commento, anche se la sorveglianza non \u00e8 mai venuta meno e il riscontro \u00e8 stato cercato con il rigore dello storico. Si \u00e8\u00a0 cos\u00ec evitato un duplice rischio: da un lato, che fosse Tina stessa a dettare la sua biografia, dall&#8217;altro che si venisse componendo, pur senza volerlo, una sorta di \u201cagiografia\u201d.<\/p>\n<figure id=\"attachment_387\" aria-describedby=\"caption-attachment-387\" style=\"width: 181px\" class=\"wp-caption alignleft\"><a href=\"http:\/\/www.bellunopress.it\/wp-content\/uploads\/2009\/02\/adriana-lotto.jpg\"><img loading=\"lazy\" decoding=\"async\" class=\"size-full wp-image-387\" title=\"adriana-lotto\" src=\"http:\/\/www.bellunopress.it\/wp-content\/uploads\/2009\/02\/adriana-lotto.jpg\" alt=\"\" width=\"181\" height=\"241\" \/><\/a><figcaption id=\"caption-attachment-387\" class=\"wp-caption-text\">Adriana Lotto<\/figcaption><\/figure>\n<p>Come si legge nell&#8217;introduzione \u201c Il risultato \u00e8 un ritratto mosso, poco idealizzato cio\u00e8, raschiato non per confondere ma per alludere, fedele nel fondo quel tanto che basta a\u00a0 potervi riconoscere la cifra di un\u2019esistenza, i lineamenti di una donna del Novecento, che del Novecento ha\u00a0 vissuto, con passione e ragione, gran parte delle vicende pi\u00f9 importanti\u201d, cos\u00ec da cambiare davvero la propria vita, cos\u00ec da far trionfare su ignoranza, sudditanza, povert\u00e0 e pregiudizi, cui si volevano condannati gli umili, intelligenza, libera scelta, dignit\u00e0 e consapevolezza. La presentazione di Toni De Marchi, suo allievo praticante redattore negli anni Settanta, poi\u00a0 giornalista all&#8217;Unit\u00e0 di Roma, aggiunge una testimonianza non retorica, ma vera, quando sottolinea la durezza, l&#8217; irriducibilit\u00e0 al limite dell&#8217;insolenza di Tina e la riconduce, tuttavia, subito dopo alla voglia di un mondo nuovo, \u201cPerch\u00e9 Tina immaginava un mondo nuovo e chi, come lei, ha un progetto per il futuro \u00e8 un costruttore anche quando sembra voler buttar gi\u00f9 tutto\u201d. Un costruttore che si \u00e8 speso con ininterrotto impegno \u201cper chi il futuro non lo conosceva se non come un altro oggi: i montanari, gli emigrati, gli operai delle concerie. Le donne, le donne soprattutto\u201d.<\/p>","protected":false},"excerpt":{"rendered":"<p>Sabato 19 febbraio alle ore 21, nella sala consiliare di Auronzo di Cadore, l&#8217;assessorato alla Cultura del Comune di Auronzo di Cadore insieme al Consorzio turistico Auronzo-Misurina e l&#8217;Associazione Tina Merlin, a vent&#8217;anni dalla morte (dicembre 1991-2001)presentano\u00a0 &#8220;Quelli del Vajont &#8211; Tina Merlin &#8211; Una donna contro&#8221; di Adriana Lotto. Sar\u00e0 presente l&#8217;autrice. Il volume, [&hellip;]<\/p>\n","protected":false},"author":2,"featured_media":0,"comment_status":"closed","ping_status":"open","sticky":false,"template":"","format":"standard","meta":{"footnotes":""},"categories":[27,5,26],"tags":[],"class_list":["post-35189","post","type-post","status-publish","format-standard","category-appuntamenti","category-cronaca","category-prima-pagina"],"yoast_head":"<!-- This site is optimized with the Yoast SEO plugin v28.4 - https:\/\/yoast.com\/product\/yoast-seo-wordpress\/ -->\n<title>Sabato ad Auronzo la biografia di Tina Merlin, con Adriana Lotto - Bellunopress - Dolomiti<\/title>\n<meta name=\"robots\" content=\"index, follow, max-snippet:-1, max-image-preview:large, max-video-preview:-1\" \/>\n<link rel=\"canonical\" href=\"https:\/\/www.bellunopress.it\/fr\/2012\/02\/17\/sabato-ad-auronzo-la-biografia-di-tina-merlin-con-adriana-lotto\/\" \/>\n<meta property=\"og:locale\" content=\"fr_FR\" \/>\n<meta property=\"og:type\" content=\"article\" \/>\n<meta property=\"og:title\" content=\"Sabato ad Auronzo la biografia di Tina Merlin, con Adriana Lotto - Bellunopress - Dolomiti\" \/>\n<meta property=\"og:description\" content=\"Sabato 19 febbraio alle ore 21, nella sala consiliare di Auronzo di Cadore, l&#8217;assessorato alla Cultura del Comune di Auronzo di Cadore insieme al Consorzio turistico Auronzo-Misurina e l&#8217;Associazione Tina Merlin, a vent&#8217;anni dalla morte (dicembre 1991-2001)presentano\u00a0 &#8220;Quelli del Vajont &#8211; Tina Merlin &#8211; Una donna contro&#8221; di Adriana Lotto. Sar\u00e0 presente l&#8217;autrice. Il volume, [&hellip;]\" \/>\n<meta property=\"og:url\" content=\"https:\/\/www.bellunopress.it\/fr\/2012\/02\/17\/sabato-ad-auronzo-la-biografia-di-tina-merlin-con-adriana-lotto\/\" \/>\n<meta property=\"og:site_name\" content=\"Bellunopress - Dolomiti\" \/>\n<meta property=\"article:publisher\" content=\"https:\/\/www.facebook.com\/profile.php?id=100008943462799\" \/>\n<meta property=\"article:published_time\" content=\"2012-02-17T07:27:11+00:00\" \/>\n<meta property=\"og:image\" content=\"http:\/\/www.bellunopress.it\/wp-content\/uploads\/2011\/12\/tina-merlin-copertina-libro.jpg\" \/>\n<meta name=\"author\" content=\"redazione\" \/>\n<meta name=\"twitter:card\" content=\"summary_large_image\" \/>\n<meta name=\"twitter:creator\" content=\"@bellunopress\" \/>\n<meta name=\"twitter:site\" content=\"@bellunopress\" \/>\n<meta name=\"twitter:label1\" content=\"\u00c9crit par\" \/>\n\t<meta name=\"twitter:data1\" content=\"redazione\" \/>\n\t<meta name=\"twitter:label2\" content=\"Dur\u00e9e de lecture estim\u00e9e\" \/>\n\t<meta name=\"twitter:data2\" content=\"2 minutes\" \/>\n<script type=\"application\/ld+json\" class=\"yoast-schema-graph\">{\"@context\":\"https:\\\/\\\/schema.org\",\"@graph\":[{\"@type\":\"Article\",\"@id\":\"https:\\\/\\\/www.bellunopress.it\\\/2012\\\/02\\\/17\\\/sabato-ad-auronzo-la-biografia-di-tina-merlin-con-adriana-lotto\\\/#article\",\"isPartOf\":{\"@id\":\"https:\\\/\\\/www.bellunopress.it\\\/2012\\\/02\\\/17\\\/sabato-ad-auronzo-la-biografia-di-tina-merlin-con-adriana-lotto\\\/\"},\"author\":{\"name\":\"redazione\",\"@id\":\"https:\\\/\\\/www.bellunopress.it\\\/#\\\/schema\\\/person\\\/79bb06722b37ece1c03d3e94beb30d73\"},\"headline\":\"Sabato ad Auronzo la biografia di Tina Merlin, con Adriana Lotto\",\"datePublished\":\"2012-02-17T07:27:11+00:00\",\"mainEntityOfPage\":{\"@id\":\"https:\\\/\\\/www.bellunopress.it\\\/2012\\\/02\\\/17\\\/sabato-ad-auronzo-la-biografia-di-tina-merlin-con-adriana-lotto\\\/\"},\"wordCount\":383,\"publisher\":{\"@id\":\"https:\\\/\\\/www.bellunopress.it\\\/#organization\"},\"image\":{\"@id\":\"https:\\\/\\\/www.bellunopress.it\\\/2012\\\/02\\\/17\\\/sabato-ad-auronzo-la-biografia-di-tina-merlin-con-adriana-lotto\\\/#primaryimage\"},\"thumbnailUrl\":\"http:\\\/\\\/www.bellunopress.it\\\/wp-content\\\/uploads\\\/2011\\\/12\\\/tina-merlin-copertina-libro.jpg\",\"articleSection\":[\"Appuntamenti, Eventi\",\"Cronaca\\\/Politica\",\"Prima Pagina\"],\"inLanguage\":\"fr-FR\"},{\"@type\":\"WebPage\",\"@id\":\"https:\\\/\\\/www.bellunopress.it\\\/2012\\\/02\\\/17\\\/sabato-ad-auronzo-la-biografia-di-tina-merlin-con-adriana-lotto\\\/\",\"url\":\"https:\\\/\\\/www.bellunopress.it\\\/2012\\\/02\\\/17\\\/sabato-ad-auronzo-la-biografia-di-tina-merlin-con-adriana-lotto\\\/\",\"name\":\"Sabato ad Auronzo la biografia di Tina Merlin, con Adriana Lotto - Bellunopress - Dolomiti\",\"isPartOf\":{\"@id\":\"https:\\\/\\\/www.bellunopress.it\\\/#website\"},\"primaryImageOfPage\":{\"@id\":\"https:\\\/\\\/www.bellunopress.it\\\/2012\\\/02\\\/17\\\/sabato-ad-auronzo-la-biografia-di-tina-merlin-con-adriana-lotto\\\/#primaryimage\"},\"image\":{\"@id\":\"https:\\\/\\\/www.bellunopress.it\\\/2012\\\/02\\\/17\\\/sabato-ad-auronzo-la-biografia-di-tina-merlin-con-adriana-lotto\\\/#primaryimage\"},\"thumbnailUrl\":\"http:\\\/\\\/www.bellunopress.it\\\/wp-content\\\/uploads\\\/2011\\\/12\\\/tina-merlin-copertina-libro.jpg\",\"datePublished\":\"2012-02-17T07:27:11+00:00\",\"breadcrumb\":{\"@id\":\"https:\\\/\\\/www.bellunopress.it\\\/2012\\\/02\\\/17\\\/sabato-ad-auronzo-la-biografia-di-tina-merlin-con-adriana-lotto\\\/#breadcrumb\"},\"inLanguage\":\"fr-FR\",\"potentialAction\":[{\"@type\":\"ReadAction\",\"target\":[\"https:\\\/\\\/www.bellunopress.it\\\/2012\\\/02\\\/17\\\/sabato-ad-auronzo-la-biografia-di-tina-merlin-con-adriana-lotto\\\/\"]}]},{\"@type\":\"ImageObject\",\"inLanguage\":\"fr-FR\",\"@id\":\"https:\\\/\\\/www.bellunopress.it\\\/2012\\\/02\\\/17\\\/sabato-ad-auronzo-la-biografia-di-tina-merlin-con-adriana-lotto\\\/#primaryimage\",\"url\":\"http:\\\/\\\/www.bellunopress.it\\\/wp-content\\\/uploads\\\/2011\\\/12\\\/tina-merlin-copertina-libro.jpg\",\"contentUrl\":\"http:\\\/\\\/www.bellunopress.it\\\/wp-content\\\/uploads\\\/2011\\\/12\\\/tina-merlin-copertina-libro.jpg\"},{\"@type\":\"BreadcrumbList\",\"@id\":\"https:\\\/\\\/www.bellunopress.it\\\/2012\\\/02\\\/17\\\/sabato-ad-auronzo-la-biografia-di-tina-merlin-con-adriana-lotto\\\/#breadcrumb\",\"itemListElement\":[{\"@type\":\"ListItem\",\"position\":1,\"name\":\"Home\",\"item\":\"https:\\\/\\\/www.bellunopress.it\\\/\"},{\"@type\":\"ListItem\",\"position\":2,\"name\":\"Sabato ad Auronzo la biografia di Tina Merlin, con Adriana Lotto\"}]},{\"@type\":\"WebSite\",\"@id\":\"https:\\\/\\\/www.bellunopress.it\\\/#website\",\"url\":\"https:\\\/\\\/www.bellunopress.it\\\/\",\"name\":\"Bellunopress - Dolomiti\",\"description\":\"e-mail: redazione@bellunopress.it\",\"publisher\":{\"@id\":\"https:\\\/\\\/www.bellunopress.it\\\/#organization\"},\"potentialAction\":[{\"@type\":\"SearchAction\",\"target\":{\"@type\":\"EntryPoint\",\"urlTemplate\":\"https:\\\/\\\/www.bellunopress.it\\\/?s={search_term_string}\"},\"query-input\":{\"@type\":\"PropertyValueSpecification\",\"valueRequired\":true,\"valueName\":\"search_term_string\"}}],\"inLanguage\":\"fr-FR\"},{\"@type\":\"Organization\",\"@id\":\"https:\\\/\\\/www.bellunopress.it\\\/#organization\",\"name\":\"Bellunopress\",\"url\":\"https:\\\/\\\/www.bellunopress.it\\\/\",\"logo\":{\"@type\":\"ImageObject\",\"inLanguage\":\"fr-FR\",\"@id\":\"https:\\\/\\\/www.bellunopress.it\\\/#\\\/schema\\\/logo\\\/image\\\/\",\"url\":\"https:\\\/\\\/www.bellunopress.it\\\/wp-content\\\/uploads\\\/2011\\\/05\\\/cropped-logo-bellunopress-.jpg\",\"contentUrl\":\"https:\\\/\\\/www.bellunopress.it\\\/wp-content\\\/uploads\\\/2011\\\/05\\\/cropped-logo-bellunopress-.jpg\",\"width\":512,\"height\":512,\"caption\":\"Bellunopress\"},\"image\":{\"@id\":\"https:\\\/\\\/www.bellunopress.it\\\/#\\\/schema\\\/logo\\\/image\\\/\"},\"sameAs\":[\"https:\\\/\\\/www.facebook.com\\\/profile.php?id=100008943462799\",\"https:\\\/\\\/x.com\\\/bellunopress\",\"https:\\\/\\\/www.linkedin.com\\\/hp\\\/?dnr=JBzUWaJfMUw8vbXJJ2tVW5-I3jZKvC4wsoxE&amp;amp;amp;amp;amp;amp;trk=nav_responsive_tab_home\",\"https:\\\/\\\/www.youtube.com\\\/channel\\\/UCxL0wu1uN0_3_7hGG0306cw\"]},{\"@type\":\"Person\",\"@id\":\"https:\\\/\\\/www.bellunopress.it\\\/#\\\/schema\\\/person\\\/79bb06722b37ece1c03d3e94beb30d73\",\"name\":\"redazione\",\"image\":{\"@type\":\"ImageObject\",\"inLanguage\":\"fr-FR\",\"@id\":\"https:\\\/\\\/secure.gravatar.com\\\/avatar\\\/37d968a2e67a6fd04c169c4bdef102d0bc5d31b2546345219e348575eb80e9a0?s=96&d=mm&r=g\",\"url\":\"https:\\\/\\\/secure.gravatar.com\\\/avatar\\\/37d968a2e67a6fd04c169c4bdef102d0bc5d31b2546345219e348575eb80e9a0?s=96&d=mm&r=g\",\"contentUrl\":\"https:\\\/\\\/secure.gravatar.com\\\/avatar\\\/37d968a2e67a6fd04c169c4bdef102d0bc5d31b2546345219e348575eb80e9a0?s=96&d=mm&r=g\",\"caption\":\"redazione\"},\"sameAs\":[\"http:\\\/\\\/www.bellunopress.it\",\"https:\\\/\\\/x.com\\\/bellunopress\"],\"url\":\"https:\\\/\\\/www.bellunopress.it\\\/fr\\\/author\\\/redazione\\\/\"}]}<\/script>\n<!-- \/ Yoast SEO plugin. -->","yoast_head_json":{"title":"Sabato ad Auronzo la biografia di Tina Merlin, con Adriana Lotto - Bellunopress - Dolomiti","robots":{"index":"index","follow":"follow","max-snippet":"max-snippet:-1","max-image-preview":"max-image-preview:large","max-video-preview":"max-video-preview:-1"},"canonical":"https:\/\/www.bellunopress.it\/fr\/2012\/02\/17\/sabato-ad-auronzo-la-biografia-di-tina-merlin-con-adriana-lotto\/","og_locale":"fr_FR","og_type":"article","og_title":"Sabato ad Auronzo la biografia di Tina Merlin, con Adriana Lotto - Bellunopress - Dolomiti","og_description":"Sabato 19 febbraio alle ore 21, nella sala consiliare di Auronzo di Cadore, l&#8217;assessorato alla Cultura del Comune di Auronzo di Cadore insieme al Consorzio turistico Auronzo-Misurina e l&#8217;Associazione Tina Merlin, a vent&#8217;anni dalla morte (dicembre 1991-2001)presentano\u00a0 &#8220;Quelli del Vajont &#8211; Tina Merlin &#8211; Una donna contro&#8221; di Adriana Lotto. Sar\u00e0 presente l&#8217;autrice. Il volume, [&hellip;]","og_url":"https:\/\/www.bellunopress.it\/fr\/2012\/02\/17\/sabato-ad-auronzo-la-biografia-di-tina-merlin-con-adriana-lotto\/","og_site_name":"Bellunopress - Dolomiti","article_publisher":"https:\/\/www.facebook.com\/profile.php?id=100008943462799","article_published_time":"2012-02-17T07:27:11+00:00","og_image":[{"url":"http:\/\/www.bellunopress.it\/wp-content\/uploads\/2011\/12\/tina-merlin-copertina-libro.jpg","type":"","width":"","height":""}],"author":"redazione","twitter_card":"summary_large_image","twitter_creator":"@bellunopress","twitter_site":"@bellunopress","twitter_misc":{"\u00c9crit par":"redazione","Dur\u00e9e de lecture estim\u00e9e":"2 minutes"},"schema":{"@context":"https:\/\/schema.org","@graph":[{"@type":"Article","@id":"https:\/\/www.bellunopress.it\/2012\/02\/17\/sabato-ad-auronzo-la-biografia-di-tina-merlin-con-adriana-lotto\/#article","isPartOf":{"@id":"https:\/\/www.bellunopress.it\/2012\/02\/17\/sabato-ad-auronzo-la-biografia-di-tina-merlin-con-adriana-lotto\/"},"author":{"name":"redazione","@id":"https:\/\/www.bellunopress.it\/#\/schema\/person\/79bb06722b37ece1c03d3e94beb30d73"},"headline":"Sabato ad Auronzo la biografia di Tina Merlin, con Adriana Lotto","datePublished":"2012-02-17T07:27:11+00:00","mainEntityOfPage":{"@id":"https:\/\/www.bellunopress.it\/2012\/02\/17\/sabato-ad-auronzo-la-biografia-di-tina-merlin-con-adriana-lotto\/"},"wordCount":383,"publisher":{"@id":"https:\/\/www.bellunopress.it\/#organization"},"image":{"@id":"https:\/\/www.bellunopress.it\/2012\/02\/17\/sabato-ad-auronzo-la-biografia-di-tina-merlin-con-adriana-lotto\/#primaryimage"},"thumbnailUrl":"http:\/\/www.bellunopress.it\/wp-content\/uploads\/2011\/12\/tina-merlin-copertina-libro.jpg","articleSection":["Appuntamenti, Eventi","Cronaca\/Politica","Prima Pagina"],"inLanguage":"fr-FR"},{"@type":"WebPage","@id":"https:\/\/www.bellunopress.it\/2012\/02\/17\/sabato-ad-auronzo-la-biografia-di-tina-merlin-con-adriana-lotto\/","url":"https:\/\/www.bellunopress.it\/2012\/02\/17\/sabato-ad-auronzo-la-biografia-di-tina-merlin-con-adriana-lotto\/","name":"Sabato ad Auronzo la biografia di Tina Merlin, con Adriana Lotto - Bellunopress - Dolomiti","isPartOf":{"@id":"https:\/\/www.bellunopress.it\/#website"},"primaryImageOfPage":{"@id":"https:\/\/www.bellunopress.it\/2012\/02\/17\/sabato-ad-auronzo-la-biografia-di-tina-merlin-con-adriana-lotto\/#primaryimage"},"image":{"@id":"https:\/\/www.bellunopress.it\/2012\/02\/17\/sabato-ad-auronzo-la-biografia-di-tina-merlin-con-adriana-lotto\/#primaryimage"},"thumbnailUrl":"http:\/\/www.bellunopress.it\/wp-content\/uploads\/2011\/12\/tina-merlin-copertina-libro.jpg","datePublished":"2012-02-17T07:27:11+00:00","breadcrumb":{"@id":"https:\/\/www.bellunopress.it\/2012\/02\/17\/sabato-ad-auronzo-la-biografia-di-tina-merlin-con-adriana-lotto\/#breadcrumb"},"inLanguage":"fr-FR","potentialAction":[{"@type":"ReadAction","target":["https:\/\/www.bellunopress.it\/2012\/02\/17\/sabato-ad-auronzo-la-biografia-di-tina-merlin-con-adriana-lotto\/"]}]},{"@type":"ImageObject","inLanguage":"fr-FR","@id":"https:\/\/www.bellunopress.it\/2012\/02\/17\/sabato-ad-auronzo-la-biografia-di-tina-merlin-con-adriana-lotto\/#primaryimage","url":"http:\/\/www.bellunopress.it\/wp-content\/uploads\/2011\/12\/tina-merlin-copertina-libro.jpg","contentUrl":"http:\/\/www.bellunopress.it\/wp-content\/uploads\/2011\/12\/tina-merlin-copertina-libro.jpg"},{"@type":"BreadcrumbList","@id":"https:\/\/www.bellunopress.it\/2012\/02\/17\/sabato-ad-auronzo-la-biografia-di-tina-merlin-con-adriana-lotto\/#breadcrumb","itemListElement":[{"@type":"ListItem","position":1,"name":"Home","item":"https:\/\/www.bellunopress.it\/"},{"@type":"ListItem","position":2,"name":"Sabato ad Auronzo la biografia di Tina Merlin, con Adriana Lotto"}]},{"@type":"WebSite","@id":"https:\/\/www.bellunopress.it\/#website","url":"https:\/\/www.bellunopress.it\/","name":"Bellunopress - Dolomiti","description":"e-mail: redazione@bellunopress.it","publisher":{"@id":"https:\/\/www.bellunopress.it\/#organization"},"potentialAction":[{"@type":"SearchAction","target":{"@type":"EntryPoint","urlTemplate":"https:\/\/www.bellunopress.it\/?s={search_term_string}"},"query-input":{"@type":"PropertyValueSpecification","valueRequired":true,"valueName":"search_term_string"}}],"inLanguage":"fr-FR"},{"@type":"Organization","@id":"https:\/\/www.bellunopress.it\/#organization","name":"Bellunopress","url":"https:\/\/www.bellunopress.it\/","logo":{"@type":"ImageObject","inLanguage":"fr-FR","@id":"https:\/\/www.bellunopress.it\/#\/schema\/logo\/image\/","url":"https:\/\/www.bellunopress.it\/wp-content\/uploads\/2011\/05\/cropped-logo-bellunopress-.jpg","contentUrl":"https:\/\/www.bellunopress.it\/wp-content\/uploads\/2011\/05\/cropped-logo-bellunopress-.jpg","width":512,"height":512,"caption":"Bellunopress"},"image":{"@id":"https:\/\/www.bellunopress.it\/#\/schema\/logo\/image\/"},"sameAs":["https:\/\/www.facebook.com\/profile.php?id=100008943462799","https:\/\/x.com\/bellunopress","https:\/\/www.linkedin.com\/hp\/?dnr=JBzUWaJfMUw8vbXJJ2tVW5-I3jZKvC4wsoxE&amp;amp;amp;amp;amp;amp;trk=nav_responsive_tab_home","https:\/\/www.youtube.com\/channel\/UCxL0wu1uN0_3_7hGG0306cw"]},{"@type":"Person","@id":"https:\/\/www.bellunopress.it\/#\/schema\/person\/79bb06722b37ece1c03d3e94beb30d73","name":"r\u00e9daction","image":{"@type":"ImageObject","inLanguage":"fr-FR","@id":"https:\/\/secure.gravatar.com\/avatar\/37d968a2e67a6fd04c169c4bdef102d0bc5d31b2546345219e348575eb80e9a0?s=96&d=mm&r=g","url":"https:\/\/secure.gravatar.com\/avatar\/37d968a2e67a6fd04c169c4bdef102d0bc5d31b2546345219e348575eb80e9a0?s=96&d=mm&r=g","contentUrl":"https:\/\/secure.gravatar.com\/avatar\/37d968a2e67a6fd04c169c4bdef102d0bc5d31b2546345219e348575eb80e9a0?s=96&d=mm&r=g","caption":"redazione"},"sameAs":["http:\/\/www.bellunopress.it","https:\/\/x.com\/bellunopress"],"url":"https:\/\/www.bellunopress.it\/fr\/author\/redazione\/"}]}},"_links":{"self":[{"href":"https:\/\/www.bellunopress.it\/fr\/wp-json\/wp\/v2\/posts\/35189","targetHints":{"allow":["GET"]}}],"collection":[{"href":"https:\/\/www.bellunopress.it\/fr\/wp-json\/wp\/v2\/posts"}],"about":[{"href":"https:\/\/www.bellunopress.it\/fr\/wp-json\/wp\/v2\/types\/post"}],"author":[{"embeddable":true,"href":"https:\/\/www.bellunopress.it\/fr\/wp-json\/wp\/v2\/users\/2"}],"replies":[{"embeddable":true,"href":"https:\/\/www.bellunopress.it\/fr\/wp-json\/wp\/v2\/comments?post=35189"}],"version-history":[{"count":1,"href":"https:\/\/www.bellunopress.it\/fr\/wp-json\/wp\/v2\/posts\/35189\/revisions"}],"predecessor-version":[{"id":35190,"href":"https:\/\/www.bellunopress.it\/fr\/wp-json\/wp\/v2\/posts\/35189\/revisions\/35190"}],"wp:attachment":[{"href":"https:\/\/www.bellunopress.it\/fr\/wp-json\/wp\/v2\/media?parent=35189"}],"wp:term":[{"taxonomy":"category","embeddable":true,"href":"https:\/\/www.bellunopress.it\/fr\/wp-json\/wp\/v2\/categories?post=35189"},{"taxonomy":"post_tag","embeddable":true,"href":"https:\/\/www.bellunopress.it\/fr\/wp-json\/wp\/v2\/tags?post=35189"}],"curies":[{"name":"wp","href":"https:\/\/api.w.org\/{rel}","templated":true}]}}