{"id":35184,"date":"2012-02-16T10:12:38","date_gmt":"2012-02-16T09:12:38","guid":{"rendered":"http:\/\/www.bellunopress.it\/?p=35184"},"modified":"2012-02-16T23:14:11","modified_gmt":"2012-02-16T22:14:11","slug":"quote-latte-zanonle-sanzioni-europee-per-le-multe-non-pagate-le-paghi-zaia-di-tasca-propria","status":"publish","type":"post","link":"https:\/\/www.bellunopress.it\/fr\/2012\/02\/16\/quote-latte-zanonle-sanzioni-europee-per-le-multe-non-pagate-le-paghi-zaia-di-tasca-propria\/","title":{"rendered":"Quote latte. Zanon:\u201cLe sanzioni europee per le multe non pagate le paghi Zaia di tasca propria&#8221;"},"content":{"rendered":"<p><a href=\"http:\/\/www.bellunopress.it\/wp-content\/uploads\/2012\/01\/andrea-zanoni.jpg\"><img loading=\"lazy\" decoding=\"async\" class=\"alignright size-full wp-image-34303\" title=\"andrea zanoni\" src=\"http:\/\/www.bellunopress.it\/wp-content\/uploads\/2012\/01\/andrea-zanoni.jpg\" alt=\"\" width=\"220\" height=\"220\" srcset=\"https:\/\/www.bellunopress.it\/wp-content\/uploads\/2012\/01\/andrea-zanoni.jpg 220w, https:\/\/www.bellunopress.it\/wp-content\/uploads\/2012\/01\/andrea-zanoni-150x150.jpg 150w\" sizes=\"auto, (max-width: 220px) 100vw, 220px\" \/><\/a>Sanzioni della Ue per le quote latte. \u201dPerch\u00e9 l\u2019attuale governatore del Veneto, Luca Zaia, ha sempre sostenuto gli allevatori che non volevano pagare la multe, chiedendo di prorogare il pagamento delle stesse ha danneggiato di fatto gli allevatori italiani che hanno rispettato le regole?\u201d Se lo chiede l\u2019eurodeputato veneto Andrea Zanoni (IdV) che invece non riesce a trovare giustificazioni razionali alla decisione del precedente governo Berlusconi, assunta su forte pressione della Lega, di concedere dilazioni sul pagamento delle multe sulle quote latte.<\/p>\n<p>Zanoni concorda con quanto ha dichiarato il ministro delle Politiche agricole Mario Catania sul fatto che lo Stato, in passato, abbia commesso su questo tema molti errori e leggerezze.<\/p>\n<p>Fra l\u2019altro, rileva Zanoni, la stessa Coldiretti ammette che non vi era alcun motivo valido per una ulteriore proroga del pagamento delle multe. \u00a0 \u201cLe multe vanno pagate. L\u2019Italia troppo spesso si fa cogliere con le mani nel sacco dalla Commissione europea per la violazione di questa o quella direttiva. Questo malcostume deve finire perch\u00e9 poi a rimetterci sono tutti i cittadini italiani\u201d, ha affermato l\u2019on. Zanoni.<\/p>\n<p>Nel caso delle quote latte la Commissione europea, lo scorso 10 febbraio ha pubblicato sulla Gazzetta Ufficiale la notizia dell&#8217;apertura nei confronti dell&#8217;Italia di una procedura d&#8217;infrazione sugli aiuti di Stato per chiarire le ragioni dell&#8217;immotivata proroga di 6 mesi del pagamento delle multe sulle quote latte. \u00a0 \u00a0\u201cPurtroppo a causa di Zaia e della politica delle Lega ora incombe sull\u2019Italia un\u2019altra sanzione, che si va ad aggiungere a quella in arrivo per la violazione della Direttiva Uccelli per il regalo della caccia in deroga e della Direttiva Ovaiole sugli allevamenti non a norma di legge. \u00a0 Zaia paghi di tasca propria il prezzo delle violazioni alle direttive comunitarie volute per accontentare i suoi amici allevatori e cacciatori, non e&#8217; giusto che siano i cittadini a pagare per gli affari altrui&#8221;.<\/p>\n<p>&nbsp;<\/p>","protected":false},"excerpt":{"rendered":"<p>Sanzioni della Ue per le quote latte. \u201dPerch\u00e9 l\u2019attuale governatore del Veneto, Luca Zaia, ha sempre sostenuto gli allevatori che non volevano pagare la multe, chiedendo di prorogare il pagamento delle stesse ha danneggiato di fatto gli allevatori italiani che hanno rispettato le regole?\u201d Se lo chiede l\u2019eurodeputato veneto Andrea Zanoni (IdV) che invece non [&hellip;]<\/p>\n","protected":false},"author":2,"featured_media":0,"comment_status":"closed","ping_status":"open","sticky":false,"template":"","format":"standard","meta":{"footnotes":""},"categories":[5,26],"tags":[],"class_list":["post-35184","post","type-post","status-publish","format-standard","category-cronaca","category-prima-pagina"],"yoast_head":"<!-- This site is optimized with the Yoast SEO plugin v28.4 - https:\/\/yoast.com\/product\/yoast-seo-wordpress\/ -->\n<title>Quote latte. Zanon:\u201cLe sanzioni europee per le multe non pagate le paghi Zaia di tasca propria&quot; - Bellunopress - Dolomiti<\/title>\n<meta name=\"robots\" content=\"index, follow, max-snippet:-1, max-image-preview:large, max-video-preview:-1\" \/>\n<link rel=\"canonical\" href=\"https:\/\/www.bellunopress.it\/fr\/2012\/02\/16\/quote-latte-zanonle-sanzioni-europee-per-le-multe-non-pagate-le-paghi-zaia-di-tasca-propria\/\" \/>\n<meta property=\"og:locale\" content=\"fr_FR\" \/>\n<meta property=\"og:type\" content=\"article\" \/>\n<meta property=\"og:title\" content=\"Quote latte. Zanon:\u201cLe sanzioni europee per le multe non pagate le paghi Zaia di tasca propria&quot; - Bellunopress - Dolomiti\" \/>\n<meta property=\"og:description\" content=\"Sanzioni della Ue per le quote latte. \u201dPerch\u00e9 l\u2019attuale governatore del Veneto, Luca Zaia, ha sempre sostenuto gli allevatori che non volevano pagare la multe, chiedendo di prorogare il pagamento delle stesse ha danneggiato di fatto gli allevatori italiani che hanno rispettato le regole?\u201d Se lo chiede l\u2019eurodeputato veneto Andrea Zanoni (IdV) che invece non [&hellip;]\" \/>\n<meta property=\"og:url\" content=\"https:\/\/www.bellunopress.it\/fr\/2012\/02\/16\/quote-latte-zanonle-sanzioni-europee-per-le-multe-non-pagate-le-paghi-zaia-di-tasca-propria\/\" \/>\n<meta property=\"og:site_name\" content=\"Bellunopress - Dolomiti\" \/>\n<meta property=\"article:publisher\" content=\"https:\/\/www.facebook.com\/profile.php?id=100008943462799\" \/>\n<meta property=\"article:published_time\" content=\"2012-02-16T09:12:38+00:00\" \/>\n<meta property=\"article:modified_time\" content=\"2012-02-16T22:14:11+00:00\" \/>\n<meta property=\"og:image\" content=\"http:\/\/www.bellunopress.it\/wp-content\/uploads\/2012\/01\/andrea-zanoni.jpg\" \/>\n<meta name=\"author\" content=\"redazione\" \/>\n<meta name=\"twitter:card\" content=\"summary_large_image\" \/>\n<meta name=\"twitter:creator\" content=\"@bellunopress\" \/>\n<meta name=\"twitter:site\" content=\"@bellunopress\" \/>\n<meta name=\"twitter:label1\" content=\"\u00c9crit par\" \/>\n\t<meta name=\"twitter:data1\" content=\"redazione\" \/>\n\t<meta name=\"twitter:label2\" content=\"Dur\u00e9e de lecture estim\u00e9e\" \/>\n\t<meta name=\"twitter:data2\" content=\"2 minutes\" \/>\n<script type=\"application\/ld+json\" class=\"yoast-schema-graph\">{\"@context\":\"https:\\\/\\\/schema.org\",\"@graph\":[{\"@type\":\"Article\",\"@id\":\"https:\\\/\\\/www.bellunopress.it\\\/2012\\\/02\\\/16\\\/quote-latte-zanonle-sanzioni-europee-per-le-multe-non-pagate-le-paghi-zaia-di-tasca-propria\\\/#article\",\"isPartOf\":{\"@id\":\"https:\\\/\\\/www.bellunopress.it\\\/2012\\\/02\\\/16\\\/quote-latte-zanonle-sanzioni-europee-per-le-multe-non-pagate-le-paghi-zaia-di-tasca-propria\\\/\"},\"author\":{\"name\":\"redazione\",\"@id\":\"https:\\\/\\\/www.bellunopress.it\\\/#\\\/schema\\\/person\\\/79bb06722b37ece1c03d3e94beb30d73\"},\"headline\":\"Quote latte. Zanon:\u201cLe sanzioni europee per le multe non pagate le paghi Zaia di tasca propria&#8221;\",\"datePublished\":\"2012-02-16T09:12:38+00:00\",\"dateModified\":\"2012-02-16T22:14:11+00:00\",\"mainEntityOfPage\":{\"@id\":\"https:\\\/\\\/www.bellunopress.it\\\/2012\\\/02\\\/16\\\/quote-latte-zanonle-sanzioni-europee-per-le-multe-non-pagate-le-paghi-zaia-di-tasca-propria\\\/\"},\"wordCount\":333,\"publisher\":{\"@id\":\"https:\\\/\\\/www.bellunopress.it\\\/#organization\"},\"image\":{\"@id\":\"https:\\\/\\\/www.bellunopress.it\\\/2012\\\/02\\\/16\\\/quote-latte-zanonle-sanzioni-europee-per-le-multe-non-pagate-le-paghi-zaia-di-tasca-propria\\\/#primaryimage\"},\"thumbnailUrl\":\"http:\\\/\\\/www.bellunopress.it\\\/wp-content\\\/uploads\\\/2012\\\/01\\\/andrea-zanoni.jpg\",\"articleSection\":[\"Cronaca\\\/Politica\",\"Prima Pagina\"],\"inLanguage\":\"fr-FR\"},{\"@type\":\"WebPage\",\"@id\":\"https:\\\/\\\/www.bellunopress.it\\\/2012\\\/02\\\/16\\\/quote-latte-zanonle-sanzioni-europee-per-le-multe-non-pagate-le-paghi-zaia-di-tasca-propria\\\/\",\"url\":\"https:\\\/\\\/www.bellunopress.it\\\/2012\\\/02\\\/16\\\/quote-latte-zanonle-sanzioni-europee-per-le-multe-non-pagate-le-paghi-zaia-di-tasca-propria\\\/\",\"name\":\"Quote latte. Zanon:\u201cLe sanzioni europee per le multe non pagate le paghi Zaia di tasca propria\\\" - Bellunopress - Dolomiti\",\"isPartOf\":{\"@id\":\"https:\\\/\\\/www.bellunopress.it\\\/#website\"},\"primaryImageOfPage\":{\"@id\":\"https:\\\/\\\/www.bellunopress.it\\\/2012\\\/02\\\/16\\\/quote-latte-zanonle-sanzioni-europee-per-le-multe-non-pagate-le-paghi-zaia-di-tasca-propria\\\/#primaryimage\"},\"image\":{\"@id\":\"https:\\\/\\\/www.bellunopress.it\\\/2012\\\/02\\\/16\\\/quote-latte-zanonle-sanzioni-europee-per-le-multe-non-pagate-le-paghi-zaia-di-tasca-propria\\\/#primaryimage\"},\"thumbnailUrl\":\"http:\\\/\\\/www.bellunopress.it\\\/wp-content\\\/uploads\\\/2012\\\/01\\\/andrea-zanoni.jpg\",\"datePublished\":\"2012-02-16T09:12:38+00:00\",\"dateModified\":\"2012-02-16T22:14:11+00:00\",\"breadcrumb\":{\"@id\":\"https:\\\/\\\/www.bellunopress.it\\\/2012\\\/02\\\/16\\\/quote-latte-zanonle-sanzioni-europee-per-le-multe-non-pagate-le-paghi-zaia-di-tasca-propria\\\/#breadcrumb\"},\"inLanguage\":\"fr-FR\",\"potentialAction\":[{\"@type\":\"ReadAction\",\"target\":[\"https:\\\/\\\/www.bellunopress.it\\\/2012\\\/02\\\/16\\\/quote-latte-zanonle-sanzioni-europee-per-le-multe-non-pagate-le-paghi-zaia-di-tasca-propria\\\/\"]}]},{\"@type\":\"ImageObject\",\"inLanguage\":\"fr-FR\",\"@id\":\"https:\\\/\\\/www.bellunopress.it\\\/2012\\\/02\\\/16\\\/quote-latte-zanonle-sanzioni-europee-per-le-multe-non-pagate-le-paghi-zaia-di-tasca-propria\\\/#primaryimage\",\"url\":\"http:\\\/\\\/www.bellunopress.it\\\/wp-content\\\/uploads\\\/2012\\\/01\\\/andrea-zanoni.jpg\",\"contentUrl\":\"http:\\\/\\\/www.bellunopress.it\\\/wp-content\\\/uploads\\\/2012\\\/01\\\/andrea-zanoni.jpg\"},{\"@type\":\"BreadcrumbList\",\"@id\":\"https:\\\/\\\/www.bellunopress.it\\\/2012\\\/02\\\/16\\\/quote-latte-zanonle-sanzioni-europee-per-le-multe-non-pagate-le-paghi-zaia-di-tasca-propria\\\/#breadcrumb\",\"itemListElement\":[{\"@type\":\"ListItem\",\"position\":1,\"name\":\"Home\",\"item\":\"https:\\\/\\\/www.bellunopress.it\\\/\"},{\"@type\":\"ListItem\",\"position\":2,\"name\":\"Quote latte. Zanon:\u201cLe sanzioni europee per le multe non pagate le paghi Zaia di tasca propria&#8221;\"}]},{\"@type\":\"WebSite\",\"@id\":\"https:\\\/\\\/www.bellunopress.it\\\/#website\",\"url\":\"https:\\\/\\\/www.bellunopress.it\\\/\",\"name\":\"Bellunopress - Dolomiti\",\"description\":\"e-mail: redazione@bellunopress.it\",\"publisher\":{\"@id\":\"https:\\\/\\\/www.bellunopress.it\\\/#organization\"},\"potentialAction\":[{\"@type\":\"SearchAction\",\"target\":{\"@type\":\"EntryPoint\",\"urlTemplate\":\"https:\\\/\\\/www.bellunopress.it\\\/?s={search_term_string}\"},\"query-input\":{\"@type\":\"PropertyValueSpecification\",\"valueRequired\":true,\"valueName\":\"search_term_string\"}}],\"inLanguage\":\"fr-FR\"},{\"@type\":\"Organization\",\"@id\":\"https:\\\/\\\/www.bellunopress.it\\\/#organization\",\"name\":\"Bellunopress\",\"url\":\"https:\\\/\\\/www.bellunopress.it\\\/\",\"logo\":{\"@type\":\"ImageObject\",\"inLanguage\":\"fr-FR\",\"@id\":\"https:\\\/\\\/www.bellunopress.it\\\/#\\\/schema\\\/logo\\\/image\\\/\",\"url\":\"https:\\\/\\\/www.bellunopress.it\\\/wp-content\\\/uploads\\\/2011\\\/05\\\/cropped-logo-bellunopress-.jpg\",\"contentUrl\":\"https:\\\/\\\/www.bellunopress.it\\\/wp-content\\\/uploads\\\/2011\\\/05\\\/cropped-logo-bellunopress-.jpg\",\"width\":512,\"height\":512,\"caption\":\"Bellunopress\"},\"image\":{\"@id\":\"https:\\\/\\\/www.bellunopress.it\\\/#\\\/schema\\\/logo\\\/image\\\/\"},\"sameAs\":[\"https:\\\/\\\/www.facebook.com\\\/profile.php?id=100008943462799\",\"https:\\\/\\\/x.com\\\/bellunopress\",\"https:\\\/\\\/www.linkedin.com\\\/hp\\\/?dnr=JBzUWaJfMUw8vbXJJ2tVW5-I3jZKvC4wsoxE&amp;amp;amp;amp;amp;amp;trk=nav_responsive_tab_home\",\"https:\\\/\\\/www.youtube.com\\\/channel\\\/UCxL0wu1uN0_3_7hGG0306cw\"]},{\"@type\":\"Person\",\"@id\":\"https:\\\/\\\/www.bellunopress.it\\\/#\\\/schema\\\/person\\\/79bb06722b37ece1c03d3e94beb30d73\",\"name\":\"redazione\",\"image\":{\"@type\":\"ImageObject\",\"inLanguage\":\"fr-FR\",\"@id\":\"https:\\\/\\\/secure.gravatar.com\\\/avatar\\\/37d968a2e67a6fd04c169c4bdef102d0bc5d31b2546345219e348575eb80e9a0?s=96&d=mm&r=g\",\"url\":\"https:\\\/\\\/secure.gravatar.com\\\/avatar\\\/37d968a2e67a6fd04c169c4bdef102d0bc5d31b2546345219e348575eb80e9a0?s=96&d=mm&r=g\",\"contentUrl\":\"https:\\\/\\\/secure.gravatar.com\\\/avatar\\\/37d968a2e67a6fd04c169c4bdef102d0bc5d31b2546345219e348575eb80e9a0?s=96&d=mm&r=g\",\"caption\":\"redazione\"},\"sameAs\":[\"http:\\\/\\\/www.bellunopress.it\",\"https:\\\/\\\/x.com\\\/bellunopress\"],\"url\":\"https:\\\/\\\/www.bellunopress.it\\\/fr\\\/author\\\/redazione\\\/\"}]}<\/script>\n<!-- \/ Yoast SEO plugin. -->","yoast_head_json":{"title":"Quote latte. Zanon:\u201cLe sanzioni europee per le multe non pagate le paghi Zaia di tasca propria\" - Bellunopress - Dolomiti","robots":{"index":"index","follow":"follow","max-snippet":"max-snippet:-1","max-image-preview":"max-image-preview:large","max-video-preview":"max-video-preview:-1"},"canonical":"https:\/\/www.bellunopress.it\/fr\/2012\/02\/16\/quote-latte-zanonle-sanzioni-europee-per-le-multe-non-pagate-le-paghi-zaia-di-tasca-propria\/","og_locale":"fr_FR","og_type":"article","og_title":"Quote latte. Zanon:\u201cLe sanzioni europee per le multe non pagate le paghi Zaia di tasca propria\" - Bellunopress - Dolomiti","og_description":"Sanzioni della Ue per le quote latte. \u201dPerch\u00e9 l\u2019attuale governatore del Veneto, Luca Zaia, ha sempre sostenuto gli allevatori che non volevano pagare la multe, chiedendo di prorogare il pagamento delle stesse ha danneggiato di fatto gli allevatori italiani che hanno rispettato le regole?\u201d Se lo chiede l\u2019eurodeputato veneto Andrea Zanoni (IdV) che invece non [&hellip;]","og_url":"https:\/\/www.bellunopress.it\/fr\/2012\/02\/16\/quote-latte-zanonle-sanzioni-europee-per-le-multe-non-pagate-le-paghi-zaia-di-tasca-propria\/","og_site_name":"Bellunopress - Dolomiti","article_publisher":"https:\/\/www.facebook.com\/profile.php?id=100008943462799","article_published_time":"2012-02-16T09:12:38+00:00","article_modified_time":"2012-02-16T22:14:11+00:00","og_image":[{"url":"http:\/\/www.bellunopress.it\/wp-content\/uploads\/2012\/01\/andrea-zanoni.jpg","type":"","width":"","height":""}],"author":"redazione","twitter_card":"summary_large_image","twitter_creator":"@bellunopress","twitter_site":"@bellunopress","twitter_misc":{"\u00c9crit par":"redazione","Dur\u00e9e de lecture estim\u00e9e":"2 minutes"},"schema":{"@context":"https:\/\/schema.org","@graph":[{"@type":"Article","@id":"https:\/\/www.bellunopress.it\/2012\/02\/16\/quote-latte-zanonle-sanzioni-europee-per-le-multe-non-pagate-le-paghi-zaia-di-tasca-propria\/#article","isPartOf":{"@id":"https:\/\/www.bellunopress.it\/2012\/02\/16\/quote-latte-zanonle-sanzioni-europee-per-le-multe-non-pagate-le-paghi-zaia-di-tasca-propria\/"},"author":{"name":"redazione","@id":"https:\/\/www.bellunopress.it\/#\/schema\/person\/79bb06722b37ece1c03d3e94beb30d73"},"headline":"Quote latte. Zanon:\u201cLe sanzioni europee per le multe non pagate le paghi Zaia di tasca propria&#8221;","datePublished":"2012-02-16T09:12:38+00:00","dateModified":"2012-02-16T22:14:11+00:00","mainEntityOfPage":{"@id":"https:\/\/www.bellunopress.it\/2012\/02\/16\/quote-latte-zanonle-sanzioni-europee-per-le-multe-non-pagate-le-paghi-zaia-di-tasca-propria\/"},"wordCount":333,"publisher":{"@id":"https:\/\/www.bellunopress.it\/#organization"},"image":{"@id":"https:\/\/www.bellunopress.it\/2012\/02\/16\/quote-latte-zanonle-sanzioni-europee-per-le-multe-non-pagate-le-paghi-zaia-di-tasca-propria\/#primaryimage"},"thumbnailUrl":"http:\/\/www.bellunopress.it\/wp-content\/uploads\/2012\/01\/andrea-zanoni.jpg","articleSection":["Cronaca\/Politica","Prima Pagina"],"inLanguage":"fr-FR"},{"@type":"WebPage","@id":"https:\/\/www.bellunopress.it\/2012\/02\/16\/quote-latte-zanonle-sanzioni-europee-per-le-multe-non-pagate-le-paghi-zaia-di-tasca-propria\/","url":"https:\/\/www.bellunopress.it\/2012\/02\/16\/quote-latte-zanonle-sanzioni-europee-per-le-multe-non-pagate-le-paghi-zaia-di-tasca-propria\/","name":"Quote latte. Zanon:\u201cLe sanzioni europee per le multe non pagate le paghi Zaia di tasca propria\" - Bellunopress - Dolomiti","isPartOf":{"@id":"https:\/\/www.bellunopress.it\/#website"},"primaryImageOfPage":{"@id":"https:\/\/www.bellunopress.it\/2012\/02\/16\/quote-latte-zanonle-sanzioni-europee-per-le-multe-non-pagate-le-paghi-zaia-di-tasca-propria\/#primaryimage"},"image":{"@id":"https:\/\/www.bellunopress.it\/2012\/02\/16\/quote-latte-zanonle-sanzioni-europee-per-le-multe-non-pagate-le-paghi-zaia-di-tasca-propria\/#primaryimage"},"thumbnailUrl":"http:\/\/www.bellunopress.it\/wp-content\/uploads\/2012\/01\/andrea-zanoni.jpg","datePublished":"2012-02-16T09:12:38+00:00","dateModified":"2012-02-16T22:14:11+00:00","breadcrumb":{"@id":"https:\/\/www.bellunopress.it\/2012\/02\/16\/quote-latte-zanonle-sanzioni-europee-per-le-multe-non-pagate-le-paghi-zaia-di-tasca-propria\/#breadcrumb"},"inLanguage":"fr-FR","potentialAction":[{"@type":"ReadAction","target":["https:\/\/www.bellunopress.it\/2012\/02\/16\/quote-latte-zanonle-sanzioni-europee-per-le-multe-non-pagate-le-paghi-zaia-di-tasca-propria\/"]}]},{"@type":"ImageObject","inLanguage":"fr-FR","@id":"https:\/\/www.bellunopress.it\/2012\/02\/16\/quote-latte-zanonle-sanzioni-europee-per-le-multe-non-pagate-le-paghi-zaia-di-tasca-propria\/#primaryimage","url":"http:\/\/www.bellunopress.it\/wp-content\/uploads\/2012\/01\/andrea-zanoni.jpg","contentUrl":"http:\/\/www.bellunopress.it\/wp-content\/uploads\/2012\/01\/andrea-zanoni.jpg"},{"@type":"BreadcrumbList","@id":"https:\/\/www.bellunopress.it\/2012\/02\/16\/quote-latte-zanonle-sanzioni-europee-per-le-multe-non-pagate-le-paghi-zaia-di-tasca-propria\/#breadcrumb","itemListElement":[{"@type":"ListItem","position":1,"name":"Home","item":"https:\/\/www.bellunopress.it\/"},{"@type":"ListItem","position":2,"name":"Quote latte. Zanon:\u201cLe sanzioni europee per le multe non pagate le paghi Zaia di tasca propria&#8221;"}]},{"@type":"WebSite","@id":"https:\/\/www.bellunopress.it\/#website","url":"https:\/\/www.bellunopress.it\/","name":"Bellunopress - Dolomiti","description":"e-mail: redazione@bellunopress.it","publisher":{"@id":"https:\/\/www.bellunopress.it\/#organization"},"potentialAction":[{"@type":"SearchAction","target":{"@type":"EntryPoint","urlTemplate":"https:\/\/www.bellunopress.it\/?s={search_term_string}"},"query-input":{"@type":"PropertyValueSpecification","valueRequired":true,"valueName":"search_term_string"}}],"inLanguage":"fr-FR"},{"@type":"Organization","@id":"https:\/\/www.bellunopress.it\/#organization","name":"Bellunopress","url":"https:\/\/www.bellunopress.it\/","logo":{"@type":"ImageObject","inLanguage":"fr-FR","@id":"https:\/\/www.bellunopress.it\/#\/schema\/logo\/image\/","url":"https:\/\/www.bellunopress.it\/wp-content\/uploads\/2011\/05\/cropped-logo-bellunopress-.jpg","contentUrl":"https:\/\/www.bellunopress.it\/wp-content\/uploads\/2011\/05\/cropped-logo-bellunopress-.jpg","width":512,"height":512,"caption":"Bellunopress"},"image":{"@id":"https:\/\/www.bellunopress.it\/#\/schema\/logo\/image\/"},"sameAs":["https:\/\/www.facebook.com\/profile.php?id=100008943462799","https:\/\/x.com\/bellunopress","https:\/\/www.linkedin.com\/hp\/?dnr=JBzUWaJfMUw8vbXJJ2tVW5-I3jZKvC4wsoxE&amp;amp;amp;amp;amp;amp;trk=nav_responsive_tab_home","https:\/\/www.youtube.com\/channel\/UCxL0wu1uN0_3_7hGG0306cw"]},{"@type":"Person","@id":"https:\/\/www.bellunopress.it\/#\/schema\/person\/79bb06722b37ece1c03d3e94beb30d73","name":"r\u00e9daction","image":{"@type":"ImageObject","inLanguage":"fr-FR","@id":"https:\/\/secure.gravatar.com\/avatar\/37d968a2e67a6fd04c169c4bdef102d0bc5d31b2546345219e348575eb80e9a0?s=96&d=mm&r=g","url":"https:\/\/secure.gravatar.com\/avatar\/37d968a2e67a6fd04c169c4bdef102d0bc5d31b2546345219e348575eb80e9a0?s=96&d=mm&r=g","contentUrl":"https:\/\/secure.gravatar.com\/avatar\/37d968a2e67a6fd04c169c4bdef102d0bc5d31b2546345219e348575eb80e9a0?s=96&d=mm&r=g","caption":"redazione"},"sameAs":["http:\/\/www.bellunopress.it","https:\/\/x.com\/bellunopress"],"url":"https:\/\/www.bellunopress.it\/fr\/author\/redazione\/"}]}},"_links":{"self":[{"href":"https:\/\/www.bellunopress.it\/fr\/wp-json\/wp\/v2\/posts\/35184","targetHints":{"allow":["GET"]}}],"collection":[{"href":"https:\/\/www.bellunopress.it\/fr\/wp-json\/wp\/v2\/posts"}],"about":[{"href":"https:\/\/www.bellunopress.it\/fr\/wp-json\/wp\/v2\/types\/post"}],"author":[{"embeddable":true,"href":"https:\/\/www.bellunopress.it\/fr\/wp-json\/wp\/v2\/users\/2"}],"replies":[{"embeddable":true,"href":"https:\/\/www.bellunopress.it\/fr\/wp-json\/wp\/v2\/comments?post=35184"}],"version-history":[{"count":1,"href":"https:\/\/www.bellunopress.it\/fr\/wp-json\/wp\/v2\/posts\/35184\/revisions"}],"predecessor-version":[{"id":35185,"href":"https:\/\/www.bellunopress.it\/fr\/wp-json\/wp\/v2\/posts\/35184\/revisions\/35185"}],"wp:attachment":[{"href":"https:\/\/www.bellunopress.it\/fr\/wp-json\/wp\/v2\/media?parent=35184"}],"wp:term":[{"taxonomy":"category","embeddable":true,"href":"https:\/\/www.bellunopress.it\/fr\/wp-json\/wp\/v2\/categories?post=35184"},{"taxonomy":"post_tag","embeddable":true,"href":"https:\/\/www.bellunopress.it\/fr\/wp-json\/wp\/v2\/tags?post=35184"}],"curies":[{"name":"wp","href":"https:\/\/api.w.org\/{rel}","templated":true}]}}