{"id":35181,"date":"2012-02-16T23:08:39","date_gmt":"2012-02-16T22:08:39","guid":{"rendered":"http:\/\/www.bellunopress.it\/?p=35181"},"modified":"2012-02-16T23:08:42","modified_gmt":"2012-02-16T22:08:42","slug":"sabato-al-palazzo-delle-poste-di-cortina-aldo-cazzullo-con-la-mia-anima-e-ovunque-tu-sia","status":"publish","type":"post","link":"https:\/\/www.bellunopress.it\/fr\/2012\/02\/16\/sabato-al-palazzo-delle-poste-di-cortina-aldo-cazzullo-con-la-mia-anima-e-ovunque-tu-sia\/","title":{"rendered":"Sabato al Palazzo delle Poste di Cortina Aldo Cazzullo con &#8220;La mia anima \u00e8 ovunque tu sia&#8221;"},"content":{"rendered":"<p>Un avvincente noir, una grande storia d&#8217;amore, un racconto simbolico che getta una luce inattesa sulla nascita di una nazione, l\u2019Italia. E\u2019 \u201cLa mia anima \u00e8 ovunque tu sia\u201d (Mondadori), il primo romanzo di Aldo Cazzullo, firma di punta del \u201cCorriere della Sera\u201d, che sar\u00e0 il protagonista assoluto dell\u2019incontro di sabato 18 febbraio 2012 a UNA MONTAGNA DI LIBRI, la rassegna di incontri con l\u2019Autore di Cortina d\u2019Ampezzo. Cazzullo, che debutta nella narrativa dopo i recenti successi di taglio storico-antropologico \u201cL\u2019Italia de noantri\u201d e \u201cViva l\u2019Italia\u201d (entrambi Mondadori), sar\u00e0 introdotto da Omar Monestier, direttore del \u201cMattino di Padova\u201d e del \u201cCorriere delle Alpi\u201d. Appuntamento alle ore 18, come sempre al Palazzo delle Poste di Cortina. Scrittore e giornalista, editorialista del &#8220;Corriere della Sera&#8221;, Aldo Cazzullo \u00e8 autore di saggi, da \u201cIl mal francese. Rivolta sociale e istituzioni nella Francia di Chirac\u201d (Ediesse, 1996) e \u201cI ragazzi di Via Po\u201d (Mondadori, 1997) ai recenti successi di \u201cI grandi vecchi\u201d (premio Estense 2006) e \u201cViva l\u2019Italia\u201d (2010). Da \u201cViva l\u2019Italia\u201d \u00e8 stato tratto uno spettacolo teatrale che ha avuto repliche e rappresentazioni nelle maggiori citt\u00e0 italiane. Ha debuttato come giornalista nel 1988 a &#8220;La Stampa&#8221;, dove \u00e8 rimasto fino al 2003, quando inizia la collaborazione con il Corriere. Si \u00e8 occupato di politica italiana e internazionale, seguendo le elezioni di Bush, Obama, Erdogan, Zapatero e Sarkozy, le Olimpiadi di Atene e Pechino e i Mondiali di calcio in Giappone e Germania. IL LIBRO. \u00c8 il 25 aprile del 2011 quando il corpo senza vita di Giovanni Moresco viene trovato nel Bosco di Costamagna, vicino Alba. Chi pu\u00f2 aver assassinato uno degli uomini pi\u00f9 ricchi della zona, produttore di vini raffinati venduti nelle migliori cantine di Hong Kong e New York? L&#8217;indagine conduce a un mistero che risale alla fine della Seconda Guerra Mondiale, a un patto segreto all&#8217;ombra del leggendario tesoro della Quarta Armata e del fantasma di Virginia, bellissima e coraggiosa ragazza, torturata e uccisa dai fascisti. Un romanzo che \u00e8 al tempo stesso un avvincente noir, una grande storia d&#8217;amore e un racconto simbolico che getta una luce inattesa sulla nascita di una nazione, la nostra. Appuntamento quindi sabato alle ore 18, nel calore della Sala Cultura del Palazzo delle Poste di Cortina d\u2019Ampezzo. A un passo da Corso Italia. Al termine dell\u2019incontro, brindisi con il Prosecco Zonin\u00ae, e i Bibanesi\u00ae. Ingresso libero fino a esaurimento posti.<\/p>","protected":false},"excerpt":{"rendered":"<p>Un avvincente noir, una grande storia d&#8217;amore, un racconto simbolico che getta una luce inattesa sulla nascita di una nazione, l\u2019Italia. E\u2019 \u201cLa mia anima \u00e8 ovunque tu sia\u201d (Mondadori), il primo romanzo di Aldo Cazzullo, firma di punta del \u201cCorriere della Sera\u201d, che sar\u00e0 il protagonista assoluto dell\u2019incontro di sabato 18 febbraio 2012 a [&hellip;]<\/p>\n","protected":false},"author":2,"featured_media":0,"comment_status":"closed","ping_status":"open","sticky":false,"template":"","format":"standard","meta":{"footnotes":""},"categories":[27,25],"tags":[],"class_list":["post-35181","post","type-post","status-publish","format-standard","category-appuntamenti","category-pausa-caffe"],"yoast_head":"<!-- This site is optimized with the Yoast SEO plugin v28.4 - https:\/\/yoast.com\/product\/yoast-seo-wordpress\/ -->\n<title>Sabato al Palazzo delle Poste di Cortina Aldo Cazzullo con &quot;La mia anima \u00e8 ovunque tu sia&quot; - Bellunopress - Dolomiti<\/title>\n<meta name=\"robots\" content=\"index, follow, max-snippet:-1, max-image-preview:large, max-video-preview:-1\" \/>\n<link rel=\"canonical\" href=\"https:\/\/www.bellunopress.it\/fr\/2012\/02\/16\/sabato-al-palazzo-delle-poste-di-cortina-aldo-cazzullo-con-la-mia-anima-e-ovunque-tu-sia\/\" \/>\n<meta property=\"og:locale\" content=\"fr_FR\" \/>\n<meta property=\"og:type\" content=\"article\" \/>\n<meta property=\"og:title\" content=\"Sabato al Palazzo delle Poste di Cortina Aldo Cazzullo con &quot;La mia anima \u00e8 ovunque tu sia&quot; - Bellunopress - Dolomiti\" \/>\n<meta property=\"og:description\" content=\"Un avvincente noir, una grande storia d&#8217;amore, un racconto simbolico che getta una luce inattesa sulla nascita di una nazione, l\u2019Italia. E\u2019 \u201cLa mia anima \u00e8 ovunque tu sia\u201d (Mondadori), il primo romanzo di Aldo Cazzullo, firma di punta del \u201cCorriere della Sera\u201d, che sar\u00e0 il protagonista assoluto dell\u2019incontro di sabato 18 febbraio 2012 a [&hellip;]\" \/>\n<meta property=\"og:url\" content=\"https:\/\/www.bellunopress.it\/fr\/2012\/02\/16\/sabato-al-palazzo-delle-poste-di-cortina-aldo-cazzullo-con-la-mia-anima-e-ovunque-tu-sia\/\" \/>\n<meta property=\"og:site_name\" content=\"Bellunopress - Dolomiti\" \/>\n<meta property=\"article:publisher\" content=\"https:\/\/www.facebook.com\/profile.php?id=100008943462799\" \/>\n<meta property=\"article:published_time\" content=\"2012-02-16T22:08:39+00:00\" \/>\n<meta property=\"article:modified_time\" content=\"2012-02-16T22:08:42+00:00\" \/>\n<meta property=\"og:image\" content=\"http:\/\/www.bellunopress.it\/wp-content\/uploads\/2012\/07\/logo-bellunopress-250x250-2012.jpg\" \/>\n<meta name=\"author\" content=\"redazione\" \/>\n<meta name=\"twitter:card\" content=\"summary_large_image\" \/>\n<meta name=\"twitter:creator\" content=\"@bellunopress\" \/>\n<meta name=\"twitter:site\" content=\"@bellunopress\" \/>\n<meta name=\"twitter:label1\" content=\"\u00c9crit par\" \/>\n\t<meta name=\"twitter:data1\" content=\"redazione\" \/>\n\t<meta name=\"twitter:label2\" content=\"Dur\u00e9e de lecture estim\u00e9e\" \/>\n\t<meta name=\"twitter:data2\" content=\"2 minutes\" \/>\n<script type=\"application\/ld+json\" class=\"yoast-schema-graph\">{\"@context\":\"https:\\\/\\\/schema.org\",\"@graph\":[{\"@type\":\"Article\",\"@id\":\"https:\\\/\\\/www.bellunopress.it\\\/2012\\\/02\\\/16\\\/sabato-al-palazzo-delle-poste-di-cortina-aldo-cazzullo-con-la-mia-anima-e-ovunque-tu-sia\\\/#article\",\"isPartOf\":{\"@id\":\"https:\\\/\\\/www.bellunopress.it\\\/2012\\\/02\\\/16\\\/sabato-al-palazzo-delle-poste-di-cortina-aldo-cazzullo-con-la-mia-anima-e-ovunque-tu-sia\\\/\"},\"author\":{\"name\":\"redazione\",\"@id\":\"https:\\\/\\\/www.bellunopress.it\\\/#\\\/schema\\\/person\\\/79bb06722b37ece1c03d3e94beb30d73\"},\"headline\":\"Sabato al Palazzo delle Poste di Cortina Aldo Cazzullo con &#8220;La mia anima \u00e8 ovunque tu sia&#8221;\",\"datePublished\":\"2012-02-16T22:08:39+00:00\",\"dateModified\":\"2012-02-16T22:08:42+00:00\",\"mainEntityOfPage\":{\"@id\":\"https:\\\/\\\/www.bellunopress.it\\\/2012\\\/02\\\/16\\\/sabato-al-palazzo-delle-poste-di-cortina-aldo-cazzullo-con-la-mia-anima-e-ovunque-tu-sia\\\/\"},\"wordCount\":408,\"publisher\":{\"@id\":\"https:\\\/\\\/www.bellunopress.it\\\/#organization\"},\"articleSection\":[\"Appuntamenti, Eventi\",\"Pausa Caff\u00e8\"],\"inLanguage\":\"fr-FR\"},{\"@type\":\"WebPage\",\"@id\":\"https:\\\/\\\/www.bellunopress.it\\\/2012\\\/02\\\/16\\\/sabato-al-palazzo-delle-poste-di-cortina-aldo-cazzullo-con-la-mia-anima-e-ovunque-tu-sia\\\/\",\"url\":\"https:\\\/\\\/www.bellunopress.it\\\/2012\\\/02\\\/16\\\/sabato-al-palazzo-delle-poste-di-cortina-aldo-cazzullo-con-la-mia-anima-e-ovunque-tu-sia\\\/\",\"name\":\"Sabato al Palazzo delle Poste di Cortina Aldo Cazzullo con \\\"La mia anima \u00e8 ovunque tu sia\\\" - Bellunopress - Dolomiti\",\"isPartOf\":{\"@id\":\"https:\\\/\\\/www.bellunopress.it\\\/#website\"},\"datePublished\":\"2012-02-16T22:08:39+00:00\",\"dateModified\":\"2012-02-16T22:08:42+00:00\",\"breadcrumb\":{\"@id\":\"https:\\\/\\\/www.bellunopress.it\\\/2012\\\/02\\\/16\\\/sabato-al-palazzo-delle-poste-di-cortina-aldo-cazzullo-con-la-mia-anima-e-ovunque-tu-sia\\\/#breadcrumb\"},\"inLanguage\":\"fr-FR\",\"potentialAction\":[{\"@type\":\"ReadAction\",\"target\":[\"https:\\\/\\\/www.bellunopress.it\\\/2012\\\/02\\\/16\\\/sabato-al-palazzo-delle-poste-di-cortina-aldo-cazzullo-con-la-mia-anima-e-ovunque-tu-sia\\\/\"]}]},{\"@type\":\"BreadcrumbList\",\"@id\":\"https:\\\/\\\/www.bellunopress.it\\\/2012\\\/02\\\/16\\\/sabato-al-palazzo-delle-poste-di-cortina-aldo-cazzullo-con-la-mia-anima-e-ovunque-tu-sia\\\/#breadcrumb\",\"itemListElement\":[{\"@type\":\"ListItem\",\"position\":1,\"name\":\"Home\",\"item\":\"https:\\\/\\\/www.bellunopress.it\\\/\"},{\"@type\":\"ListItem\",\"position\":2,\"name\":\"Sabato al Palazzo delle Poste di Cortina Aldo Cazzullo con &#8220;La mia anima \u00e8 ovunque tu sia&#8221;\"}]},{\"@type\":\"WebSite\",\"@id\":\"https:\\\/\\\/www.bellunopress.it\\\/#website\",\"url\":\"https:\\\/\\\/www.bellunopress.it\\\/\",\"name\":\"Bellunopress - Dolomiti\",\"description\":\"e-mail: redazione@bellunopress.it\",\"publisher\":{\"@id\":\"https:\\\/\\\/www.bellunopress.it\\\/#organization\"},\"potentialAction\":[{\"@type\":\"SearchAction\",\"target\":{\"@type\":\"EntryPoint\",\"urlTemplate\":\"https:\\\/\\\/www.bellunopress.it\\\/?s={search_term_string}\"},\"query-input\":{\"@type\":\"PropertyValueSpecification\",\"valueRequired\":true,\"valueName\":\"search_term_string\"}}],\"inLanguage\":\"fr-FR\"},{\"@type\":\"Organization\",\"@id\":\"https:\\\/\\\/www.bellunopress.it\\\/#organization\",\"name\":\"Bellunopress\",\"url\":\"https:\\\/\\\/www.bellunopress.it\\\/\",\"logo\":{\"@type\":\"ImageObject\",\"inLanguage\":\"fr-FR\",\"@id\":\"https:\\\/\\\/www.bellunopress.it\\\/#\\\/schema\\\/logo\\\/image\\\/\",\"url\":\"https:\\\/\\\/www.bellunopress.it\\\/wp-content\\\/uploads\\\/2011\\\/05\\\/cropped-logo-bellunopress-.jpg\",\"contentUrl\":\"https:\\\/\\\/www.bellunopress.it\\\/wp-content\\\/uploads\\\/2011\\\/05\\\/cropped-logo-bellunopress-.jpg\",\"width\":512,\"height\":512,\"caption\":\"Bellunopress\"},\"image\":{\"@id\":\"https:\\\/\\\/www.bellunopress.it\\\/#\\\/schema\\\/logo\\\/image\\\/\"},\"sameAs\":[\"https:\\\/\\\/www.facebook.com\\\/profile.php?id=100008943462799\",\"https:\\\/\\\/x.com\\\/bellunopress\",\"https:\\\/\\\/www.linkedin.com\\\/hp\\\/?dnr=JBzUWaJfMUw8vbXJJ2tVW5-I3jZKvC4wsoxE&amp;amp;amp;amp;amp;amp;trk=nav_responsive_tab_home\",\"https:\\\/\\\/www.youtube.com\\\/channel\\\/UCxL0wu1uN0_3_7hGG0306cw\"]},{\"@type\":\"Person\",\"@id\":\"https:\\\/\\\/www.bellunopress.it\\\/#\\\/schema\\\/person\\\/79bb06722b37ece1c03d3e94beb30d73\",\"name\":\"redazione\",\"image\":{\"@type\":\"ImageObject\",\"inLanguage\":\"fr-FR\",\"@id\":\"https:\\\/\\\/secure.gravatar.com\\\/avatar\\\/37d968a2e67a6fd04c169c4bdef102d0bc5d31b2546345219e348575eb80e9a0?s=96&d=mm&r=g\",\"url\":\"https:\\\/\\\/secure.gravatar.com\\\/avatar\\\/37d968a2e67a6fd04c169c4bdef102d0bc5d31b2546345219e348575eb80e9a0?s=96&d=mm&r=g\",\"contentUrl\":\"https:\\\/\\\/secure.gravatar.com\\\/avatar\\\/37d968a2e67a6fd04c169c4bdef102d0bc5d31b2546345219e348575eb80e9a0?s=96&d=mm&r=g\",\"caption\":\"redazione\"},\"sameAs\":[\"http:\\\/\\\/www.bellunopress.it\",\"https:\\\/\\\/x.com\\\/bellunopress\"],\"url\":\"https:\\\/\\\/www.bellunopress.it\\\/fr\\\/author\\\/redazione\\\/\"}]}<\/script>\n<!-- \/ Yoast SEO plugin. -->","yoast_head_json":{"title":"Sabato al Palazzo delle Poste di Cortina Aldo Cazzullo con \"La mia anima \u00e8 ovunque tu sia\" - Bellunopress - Dolomiti","robots":{"index":"index","follow":"follow","max-snippet":"max-snippet:-1","max-image-preview":"max-image-preview:large","max-video-preview":"max-video-preview:-1"},"canonical":"https:\/\/www.bellunopress.it\/fr\/2012\/02\/16\/sabato-al-palazzo-delle-poste-di-cortina-aldo-cazzullo-con-la-mia-anima-e-ovunque-tu-sia\/","og_locale":"fr_FR","og_type":"article","og_title":"Sabato al Palazzo delle Poste di Cortina Aldo Cazzullo con \"La mia anima \u00e8 ovunque tu sia\" - Bellunopress - Dolomiti","og_description":"Un avvincente noir, una grande storia d&#8217;amore, un racconto simbolico che getta una luce inattesa sulla nascita di una nazione, l\u2019Italia. E\u2019 \u201cLa mia anima \u00e8 ovunque tu sia\u201d (Mondadori), il primo romanzo di Aldo Cazzullo, firma di punta del \u201cCorriere della Sera\u201d, che sar\u00e0 il protagonista assoluto dell\u2019incontro di sabato 18 febbraio 2012 a [&hellip;]","og_url":"https:\/\/www.bellunopress.it\/fr\/2012\/02\/16\/sabato-al-palazzo-delle-poste-di-cortina-aldo-cazzullo-con-la-mia-anima-e-ovunque-tu-sia\/","og_site_name":"Bellunopress - Dolomiti","article_publisher":"https:\/\/www.facebook.com\/profile.php?id=100008943462799","article_published_time":"2012-02-16T22:08:39+00:00","article_modified_time":"2012-02-16T22:08:42+00:00","og_image":[{"url":"http:\/\/www.bellunopress.it\/wp-content\/uploads\/2012\/07\/logo-bellunopress-250x250-2012.jpg","type":"","width":"","height":""}],"author":"redazione","twitter_card":"summary_large_image","twitter_creator":"@bellunopress","twitter_site":"@bellunopress","twitter_misc":{"\u00c9crit par":"redazione","Dur\u00e9e de lecture estim\u00e9e":"2 minutes"},"schema":{"@context":"https:\/\/schema.org","@graph":[{"@type":"Article","@id":"https:\/\/www.bellunopress.it\/2012\/02\/16\/sabato-al-palazzo-delle-poste-di-cortina-aldo-cazzullo-con-la-mia-anima-e-ovunque-tu-sia\/#article","isPartOf":{"@id":"https:\/\/www.bellunopress.it\/2012\/02\/16\/sabato-al-palazzo-delle-poste-di-cortina-aldo-cazzullo-con-la-mia-anima-e-ovunque-tu-sia\/"},"author":{"name":"redazione","@id":"https:\/\/www.bellunopress.it\/#\/schema\/person\/79bb06722b37ece1c03d3e94beb30d73"},"headline":"Sabato al Palazzo delle Poste di Cortina Aldo Cazzullo con &#8220;La mia anima \u00e8 ovunque tu sia&#8221;","datePublished":"2012-02-16T22:08:39+00:00","dateModified":"2012-02-16T22:08:42+00:00","mainEntityOfPage":{"@id":"https:\/\/www.bellunopress.it\/2012\/02\/16\/sabato-al-palazzo-delle-poste-di-cortina-aldo-cazzullo-con-la-mia-anima-e-ovunque-tu-sia\/"},"wordCount":408,"publisher":{"@id":"https:\/\/www.bellunopress.it\/#organization"},"articleSection":["Appuntamenti, Eventi","Pausa Caff\u00e8"],"inLanguage":"fr-FR"},{"@type":"WebPage","@id":"https:\/\/www.bellunopress.it\/2012\/02\/16\/sabato-al-palazzo-delle-poste-di-cortina-aldo-cazzullo-con-la-mia-anima-e-ovunque-tu-sia\/","url":"https:\/\/www.bellunopress.it\/2012\/02\/16\/sabato-al-palazzo-delle-poste-di-cortina-aldo-cazzullo-con-la-mia-anima-e-ovunque-tu-sia\/","name":"Sabato al Palazzo delle Poste di Cortina Aldo Cazzullo con \"La mia anima \u00e8 ovunque tu sia\" - Bellunopress - Dolomiti","isPartOf":{"@id":"https:\/\/www.bellunopress.it\/#website"},"datePublished":"2012-02-16T22:08:39+00:00","dateModified":"2012-02-16T22:08:42+00:00","breadcrumb":{"@id":"https:\/\/www.bellunopress.it\/2012\/02\/16\/sabato-al-palazzo-delle-poste-di-cortina-aldo-cazzullo-con-la-mia-anima-e-ovunque-tu-sia\/#breadcrumb"},"inLanguage":"fr-FR","potentialAction":[{"@type":"ReadAction","target":["https:\/\/www.bellunopress.it\/2012\/02\/16\/sabato-al-palazzo-delle-poste-di-cortina-aldo-cazzullo-con-la-mia-anima-e-ovunque-tu-sia\/"]}]},{"@type":"BreadcrumbList","@id":"https:\/\/www.bellunopress.it\/2012\/02\/16\/sabato-al-palazzo-delle-poste-di-cortina-aldo-cazzullo-con-la-mia-anima-e-ovunque-tu-sia\/#breadcrumb","itemListElement":[{"@type":"ListItem","position":1,"name":"Home","item":"https:\/\/www.bellunopress.it\/"},{"@type":"ListItem","position":2,"name":"Sabato al Palazzo delle Poste di Cortina Aldo Cazzullo con &#8220;La mia anima \u00e8 ovunque tu sia&#8221;"}]},{"@type":"WebSite","@id":"https:\/\/www.bellunopress.it\/#website","url":"https:\/\/www.bellunopress.it\/","name":"Bellunopress - Dolomiti","description":"e-mail: redazione@bellunopress.it","publisher":{"@id":"https:\/\/www.bellunopress.it\/#organization"},"potentialAction":[{"@type":"SearchAction","target":{"@type":"EntryPoint","urlTemplate":"https:\/\/www.bellunopress.it\/?s={search_term_string}"},"query-input":{"@type":"PropertyValueSpecification","valueRequired":true,"valueName":"search_term_string"}}],"inLanguage":"fr-FR"},{"@type":"Organization","@id":"https:\/\/www.bellunopress.it\/#organization","name":"Bellunopress","url":"https:\/\/www.bellunopress.it\/","logo":{"@type":"ImageObject","inLanguage":"fr-FR","@id":"https:\/\/www.bellunopress.it\/#\/schema\/logo\/image\/","url":"https:\/\/www.bellunopress.it\/wp-content\/uploads\/2011\/05\/cropped-logo-bellunopress-.jpg","contentUrl":"https:\/\/www.bellunopress.it\/wp-content\/uploads\/2011\/05\/cropped-logo-bellunopress-.jpg","width":512,"height":512,"caption":"Bellunopress"},"image":{"@id":"https:\/\/www.bellunopress.it\/#\/schema\/logo\/image\/"},"sameAs":["https:\/\/www.facebook.com\/profile.php?id=100008943462799","https:\/\/x.com\/bellunopress","https:\/\/www.linkedin.com\/hp\/?dnr=JBzUWaJfMUw8vbXJJ2tVW5-I3jZKvC4wsoxE&amp;amp;amp;amp;amp;amp;trk=nav_responsive_tab_home","https:\/\/www.youtube.com\/channel\/UCxL0wu1uN0_3_7hGG0306cw"]},{"@type":"Person","@id":"https:\/\/www.bellunopress.it\/#\/schema\/person\/79bb06722b37ece1c03d3e94beb30d73","name":"r\u00e9daction","image":{"@type":"ImageObject","inLanguage":"fr-FR","@id":"https:\/\/secure.gravatar.com\/avatar\/37d968a2e67a6fd04c169c4bdef102d0bc5d31b2546345219e348575eb80e9a0?s=96&d=mm&r=g","url":"https:\/\/secure.gravatar.com\/avatar\/37d968a2e67a6fd04c169c4bdef102d0bc5d31b2546345219e348575eb80e9a0?s=96&d=mm&r=g","contentUrl":"https:\/\/secure.gravatar.com\/avatar\/37d968a2e67a6fd04c169c4bdef102d0bc5d31b2546345219e348575eb80e9a0?s=96&d=mm&r=g","caption":"redazione"},"sameAs":["http:\/\/www.bellunopress.it","https:\/\/x.com\/bellunopress"],"url":"https:\/\/www.bellunopress.it\/fr\/author\/redazione\/"}]}},"_links":{"self":[{"href":"https:\/\/www.bellunopress.it\/fr\/wp-json\/wp\/v2\/posts\/35181","targetHints":{"allow":["GET"]}}],"collection":[{"href":"https:\/\/www.bellunopress.it\/fr\/wp-json\/wp\/v2\/posts"}],"about":[{"href":"https:\/\/www.bellunopress.it\/fr\/wp-json\/wp\/v2\/types\/post"}],"author":[{"embeddable":true,"href":"https:\/\/www.bellunopress.it\/fr\/wp-json\/wp\/v2\/users\/2"}],"replies":[{"embeddable":true,"href":"https:\/\/www.bellunopress.it\/fr\/wp-json\/wp\/v2\/comments?post=35181"}],"version-history":[{"count":2,"href":"https:\/\/www.bellunopress.it\/fr\/wp-json\/wp\/v2\/posts\/35181\/revisions"}],"predecessor-version":[{"id":35183,"href":"https:\/\/www.bellunopress.it\/fr\/wp-json\/wp\/v2\/posts\/35181\/revisions\/35183"}],"wp:attachment":[{"href":"https:\/\/www.bellunopress.it\/fr\/wp-json\/wp\/v2\/media?parent=35181"}],"wp:term":[{"taxonomy":"category","embeddable":true,"href":"https:\/\/www.bellunopress.it\/fr\/wp-json\/wp\/v2\/categories?post=35181"},{"taxonomy":"post_tag","embeddable":true,"href":"https:\/\/www.bellunopress.it\/fr\/wp-json\/wp\/v2\/tags?post=35181"}],"curies":[{"name":"wp","href":"https:\/\/api.w.org\/{rel}","templated":true}]}}