{"id":35176,"date":"2012-02-16T18:59:25","date_gmt":"2012-02-16T17:59:25","guid":{"rendered":"http:\/\/www.bellunopress.it\/?p=35176"},"modified":"2012-02-16T18:59:25","modified_gmt":"2012-02-16T17:59:25","slug":"salvate-veneto-strade-lappello-di-irma-visalli-segretario-del-pd-di-belluno-e-necessario-un-deciso-intervento-della-politica-e-delle-istituzioni-come-nel-1956-quando-la-pro","status":"publish","type":"post","link":"https:\/\/www.bellunopress.it\/fr\/2012\/02\/16\/salvate-veneto-strade-lappello-di-irma-visalli-segretario-del-pd-di-belluno-e-necessario-un-deciso-intervento-della-politica-e-delle-istituzioni-come-nel-1956-quando-la-pro\/","title":{"rendered":"Salvate Veneto Strade. L&#8217;appello di Irma Visalli, segretario del Pd di Belluno : \u201cE&#8217; necessario un deciso intervento della politica e delle istituzioni\u201d. Come nel 1956, quando la Provincia chiedeva aiuto allo Stato per la viabilit\u00e0"},"content":{"rendered":"<p>\u00abLa grave situazione in cui versa la societ\u00e0 Veneto Strade pu\u00f2 diventare drammatica per il territorio della provincia di Belluno la quale, con una viabilit\u00e0 gi\u00e0 inadeguata, potrebbe essere completamente trascurata, cantieri chiusi (Col Cavalier?, variante di Agordo?, Piz Gron?) e il licenziamento di oltre 140 dipendenti\u00bb.<\/p>\n<figure id=\"attachment_8677\" aria-describedby=\"caption-attachment-8677\" style=\"width: 226px\" class=\"wp-caption alignleft\"><a href=\"http:\/\/www.bellunopress.it\/wp-content\/uploads\/2009\/10\/irma-visalli-pd.jpg\"><img loading=\"lazy\" decoding=\"async\" class=\"size-full wp-image-8677\" title=\"irma-visalli-pd\" src=\"http:\/\/www.bellunopress.it\/wp-content\/uploads\/2009\/10\/irma-visalli-pd.jpg\" alt=\"\" width=\"226\" height=\"290\" \/><\/a><figcaption id=\"caption-attachment-8677\" class=\"wp-caption-text\">Irma Visalli<\/figcaption><\/figure>\n<p>Lo afferma Irma Visalli, segretario del Pd di Belluno.<\/p>\n<p><a href=\"http:\/\/www.bellunopress.it\/wp-content\/uploads\/2012\/02\/gazzettino-1956-precarie-situazioni-bilancio-provincia.jpg\"><img loading=\"lazy\" decoding=\"async\" class=\"alignright size-full wp-image-35177\" title=\"gazzettino 1956 precarie situazioni bilancio provincia\" src=\"http:\/\/www.bellunopress.it\/wp-content\/uploads\/2012\/02\/gazzettino-1956-precarie-situazioni-bilancio-provincia.jpg\" alt=\"\" width=\"350\" height=\"175\" \/><\/a>Una situazione che ci riporta a quella del dicembre del 1956, quando il Gazzettino di Belluno titolava \u201cLe precarie situazioni del bilancio della Provincia influiscono negativamente sulla situazione della viabilita\u201d, auspicando un intervento dello Stato.<\/p>\n<p>\u00abLa fallimentare politica della Giunta Bottacin &#8211; prosegue Visalli &#8211; , la disgregazione del territorio che ne \u00e8 conseguita, il proseguire dei tagli lineari, la politica regionale di Zaia, che a parole riconosce la specificit\u00e0 come luned\u00ec scorso alla presentazione del libro bianco sulla montagna veneta, ma nei fatti abbandona il territorio bellunese a se stesso, stanno portando la nostra provincia ad un rapido declino.<\/p>\n<p>E\u2019 necessario una urgente e forte azione delle istituzioni democratiche e della politica.<\/p>\n<p>Della situazione che si prospetta in Veneto Strade tutto il territorio del Veneto ne subir\u00e0 conseguenze negative ma per Belluno la situazione potrebbe diventare drammatica sia per quanto riguarda l\u2019agibilit\u00e0 della rete stradale che per il personale( come \u00e8 facile capire anche dalle dichiarazioni dell\u2019ass. regionale Chisso).<\/p>\n<p>L\u2019ente provincia gi\u00e0 non esiste pi\u00f9? Il Commissario, fa l\u2019ordinaria amministrazione e non convoca gli stati Generali come chiesto dal PD . Allora e\u2019 la Citt\u00e0 Capoluogo che deve muoversi e farsi capofila della mobilitazione contro questa nuova ingiustizia, perch\u00e9 Belluno non \u00e8 una periferia di Venezia ( come ha sempre ritenuto Prade), ma \u00e8 \u201ccapitale\u201d della montagna bellunese.<\/p>\n<p>Palazzo Rosso deve aprirsi ai cittadini ed alle forze sociali non come \u00e8 avvenuto nell\u2019ultimo Consiglio Comunale dove i lavoratori sono rimasti fuori disperati ed ignorati.<\/p>\n<p>Il Comune Capoluogo, nella sua qualit\u00e0 di istituzione democratica del territorio pi\u00f9 rappresentativa oramai rimasta, assuma l\u2019iniziativa convochi urgentemente le forze sociali ed economiche, parlamentari e consiglieri regionali per una azione comune forte e condivisa nei confronti del governo centrale (per ripristinare i trasferimenti) ed in particolare della Regione Veneto che \u00e8 anche socio di maggioranza della societ\u00e0. Per parte sua &#8211; conclude Irma Visalli &#8211; il Partito Democratico \u00e8 gi\u00e0 impegnato con i propri rappresentanti in Consiglio regionale e in Veneto Strade su questo percorso tenedo costanti rapporti con i lavoratori e le parti sociali\u00bb.<\/p>","protected":false},"excerpt":{"rendered":"<p>\u00abLa grave situazione in cui versa la societ\u00e0 Veneto Strade pu\u00f2 diventare drammatica per il territorio della provincia di Belluno la quale, con una viabilit\u00e0 gi\u00e0 inadeguata, potrebbe essere completamente trascurata, cantieri chiusi (Col Cavalier?, variante di Agordo?, Piz Gron?) e il licenziamento di oltre 140 dipendenti\u00bb. Lo afferma Irma Visalli, segretario del Pd di [&hellip;]<\/p>\n","protected":false},"author":2,"featured_media":0,"comment_status":"closed","ping_status":"open","sticky":false,"template":"","format":"standard","meta":{"footnotes":""},"categories":[1],"tags":[],"class_list":["post-35176","post","type-post","status-publish","format-standard","category-leo"],"yoast_head":"<!-- This site is optimized with the Yoast SEO plugin v28.4 - https:\/\/yoast.com\/product\/yoast-seo-wordpress\/ -->\n<title>Salvate Veneto Strade. L&#039;appello di Irma Visalli, segretario del Pd di Belluno : \u201cE&#039; necessario un deciso intervento della politica e delle istituzioni\u201d. Come nel 1956, quando la Provincia chiedeva aiuto allo Stato per la viabilit\u00e0 - Bellunopress - Dolomiti<\/title>\n<meta name=\"robots\" content=\"index, follow, max-snippet:-1, max-image-preview:large, max-video-preview:-1\" \/>\n<link rel=\"canonical\" href=\"https:\/\/www.bellunopress.it\/fr\/2012\/02\/16\/salvate-veneto-strade-lappello-di-irma-visalli-segretario-del-pd-di-belluno-e-necessario-un-deciso-intervento-della-politica-e-delle-istituzioni-come-nel-1956-quando-la-pro\/\" \/>\n<meta property=\"og:locale\" content=\"fr_FR\" \/>\n<meta property=\"og:type\" content=\"article\" \/>\n<meta property=\"og:title\" content=\"Salvate Veneto Strade. L&#039;appello di Irma Visalli, segretario del Pd di Belluno : \u201cE&#039; necessario un deciso intervento della politica e delle istituzioni\u201d. Come nel 1956, quando la Provincia chiedeva aiuto allo Stato per la viabilit\u00e0 - Bellunopress - Dolomiti\" \/>\n<meta property=\"og:description\" content=\"\u00abLa grave situazione in cui versa la societ\u00e0 Veneto Strade pu\u00f2 diventare drammatica per il territorio della provincia di Belluno la quale, con una viabilit\u00e0 gi\u00e0 inadeguata, potrebbe essere completamente trascurata, cantieri chiusi (Col Cavalier?, variante di Agordo?, Piz Gron?) e il licenziamento di oltre 140 dipendenti\u00bb. Lo afferma Irma Visalli, segretario del Pd di [&hellip;]\" \/>\n<meta property=\"og:url\" content=\"https:\/\/www.bellunopress.it\/fr\/2012\/02\/16\/salvate-veneto-strade-lappello-di-irma-visalli-segretario-del-pd-di-belluno-e-necessario-un-deciso-intervento-della-politica-e-delle-istituzioni-come-nel-1956-quando-la-pro\/\" \/>\n<meta property=\"og:site_name\" content=\"Bellunopress - Dolomiti\" \/>\n<meta property=\"article:publisher\" content=\"https:\/\/www.facebook.com\/profile.php?id=100008943462799\" \/>\n<meta property=\"article:published_time\" content=\"2012-02-16T17:59:25+00:00\" \/>\n<meta property=\"og:image\" content=\"http:\/\/www.bellunopress.it\/wp-content\/uploads\/2009\/10\/irma-visalli-pd.jpg\" \/>\n<meta name=\"author\" content=\"redazione\" \/>\n<meta name=\"twitter:card\" content=\"summary_large_image\" \/>\n<meta name=\"twitter:creator\" content=\"@bellunopress\" \/>\n<meta name=\"twitter:site\" content=\"@bellunopress\" \/>\n<meta name=\"twitter:label1\" content=\"\u00c9crit par\" \/>\n\t<meta name=\"twitter:data1\" content=\"redazione\" \/>\n\t<meta name=\"twitter:label2\" content=\"Dur\u00e9e de lecture estim\u00e9e\" \/>\n\t<meta name=\"twitter:data2\" content=\"2 minutes\" \/>\n<script type=\"application\/ld+json\" class=\"yoast-schema-graph\">{\"@context\":\"https:\\\/\\\/schema.org\",\"@graph\":[{\"@type\":\"Article\",\"@id\":\"https:\\\/\\\/www.bellunopress.it\\\/2012\\\/02\\\/16\\\/salvate-veneto-strade-lappello-di-irma-visalli-segretario-del-pd-di-belluno-e-necessario-un-deciso-intervento-della-politica-e-delle-istituzioni-come-nel-1956-quando-la-pro\\\/#article\",\"isPartOf\":{\"@id\":\"https:\\\/\\\/www.bellunopress.it\\\/2012\\\/02\\\/16\\\/salvate-veneto-strade-lappello-di-irma-visalli-segretario-del-pd-di-belluno-e-necessario-un-deciso-intervento-della-politica-e-delle-istituzioni-come-nel-1956-quando-la-pro\\\/\"},\"author\":{\"name\":\"redazione\",\"@id\":\"https:\\\/\\\/www.bellunopress.it\\\/#\\\/schema\\\/person\\\/79bb06722b37ece1c03d3e94beb30d73\"},\"headline\":\"Salvate Veneto Strade. L&#8217;appello di Irma Visalli, segretario del Pd di Belluno : \u201cE&#8217; necessario un deciso intervento della politica e delle istituzioni\u201d. Come nel 1956, quando la Provincia chiedeva aiuto allo Stato per la viabilit\u00e0\",\"datePublished\":\"2012-02-16T17:59:25+00:00\",\"mainEntityOfPage\":{\"@id\":\"https:\\\/\\\/www.bellunopress.it\\\/2012\\\/02\\\/16\\\/salvate-veneto-strade-lappello-di-irma-visalli-segretario-del-pd-di-belluno-e-necessario-un-deciso-intervento-della-politica-e-delle-istituzioni-come-nel-1956-quando-la-pro\\\/\"},\"wordCount\":436,\"publisher\":{\"@id\":\"https:\\\/\\\/www.bellunopress.it\\\/#organization\"},\"image\":{\"@id\":\"https:\\\/\\\/www.bellunopress.it\\\/2012\\\/02\\\/16\\\/salvate-veneto-strade-lappello-di-irma-visalli-segretario-del-pd-di-belluno-e-necessario-un-deciso-intervento-della-politica-e-delle-istituzioni-come-nel-1956-quando-la-pro\\\/#primaryimage\"},\"thumbnailUrl\":\"http:\\\/\\\/www.bellunopress.it\\\/wp-content\\\/uploads\\\/2009\\\/10\\\/irma-visalli-pd.jpg\",\"articleSection\":[\"Lettere Opinioni\"],\"inLanguage\":\"fr-FR\"},{\"@type\":\"WebPage\",\"@id\":\"https:\\\/\\\/www.bellunopress.it\\\/2012\\\/02\\\/16\\\/salvate-veneto-strade-lappello-di-irma-visalli-segretario-del-pd-di-belluno-e-necessario-un-deciso-intervento-della-politica-e-delle-istituzioni-come-nel-1956-quando-la-pro\\\/\",\"url\":\"https:\\\/\\\/www.bellunopress.it\\\/2012\\\/02\\\/16\\\/salvate-veneto-strade-lappello-di-irma-visalli-segretario-del-pd-di-belluno-e-necessario-un-deciso-intervento-della-politica-e-delle-istituzioni-come-nel-1956-quando-la-pro\\\/\",\"name\":\"Salvate Veneto Strade. L'appello di Irma Visalli, segretario del Pd di Belluno : \u201cE' necessario un deciso intervento della politica e delle istituzioni\u201d. Come nel 1956, quando la Provincia chiedeva aiuto allo Stato per la viabilit\u00e0 - Bellunopress - Dolomiti\",\"isPartOf\":{\"@id\":\"https:\\\/\\\/www.bellunopress.it\\\/#website\"},\"primaryImageOfPage\":{\"@id\":\"https:\\\/\\\/www.bellunopress.it\\\/2012\\\/02\\\/16\\\/salvate-veneto-strade-lappello-di-irma-visalli-segretario-del-pd-di-belluno-e-necessario-un-deciso-intervento-della-politica-e-delle-istituzioni-come-nel-1956-quando-la-pro\\\/#primaryimage\"},\"image\":{\"@id\":\"https:\\\/\\\/www.bellunopress.it\\\/2012\\\/02\\\/16\\\/salvate-veneto-strade-lappello-di-irma-visalli-segretario-del-pd-di-belluno-e-necessario-un-deciso-intervento-della-politica-e-delle-istituzioni-come-nel-1956-quando-la-pro\\\/#primaryimage\"},\"thumbnailUrl\":\"http:\\\/\\\/www.bellunopress.it\\\/wp-content\\\/uploads\\\/2009\\\/10\\\/irma-visalli-pd.jpg\",\"datePublished\":\"2012-02-16T17:59:25+00:00\",\"breadcrumb\":{\"@id\":\"https:\\\/\\\/www.bellunopress.it\\\/2012\\\/02\\\/16\\\/salvate-veneto-strade-lappello-di-irma-visalli-segretario-del-pd-di-belluno-e-necessario-un-deciso-intervento-della-politica-e-delle-istituzioni-come-nel-1956-quando-la-pro\\\/#breadcrumb\"},\"inLanguage\":\"fr-FR\",\"potentialAction\":[{\"@type\":\"ReadAction\",\"target\":[\"https:\\\/\\\/www.bellunopress.it\\\/2012\\\/02\\\/16\\\/salvate-veneto-strade-lappello-di-irma-visalli-segretario-del-pd-di-belluno-e-necessario-un-deciso-intervento-della-politica-e-delle-istituzioni-come-nel-1956-quando-la-pro\\\/\"]}]},{\"@type\":\"ImageObject\",\"inLanguage\":\"fr-FR\",\"@id\":\"https:\\\/\\\/www.bellunopress.it\\\/2012\\\/02\\\/16\\\/salvate-veneto-strade-lappello-di-irma-visalli-segretario-del-pd-di-belluno-e-necessario-un-deciso-intervento-della-politica-e-delle-istituzioni-come-nel-1956-quando-la-pro\\\/#primaryimage\",\"url\":\"http:\\\/\\\/www.bellunopress.it\\\/wp-content\\\/uploads\\\/2009\\\/10\\\/irma-visalli-pd.jpg\",\"contentUrl\":\"http:\\\/\\\/www.bellunopress.it\\\/wp-content\\\/uploads\\\/2009\\\/10\\\/irma-visalli-pd.jpg\"},{\"@type\":\"BreadcrumbList\",\"@id\":\"https:\\\/\\\/www.bellunopress.it\\\/2012\\\/02\\\/16\\\/salvate-veneto-strade-lappello-di-irma-visalli-segretario-del-pd-di-belluno-e-necessario-un-deciso-intervento-della-politica-e-delle-istituzioni-come-nel-1956-quando-la-pro\\\/#breadcrumb\",\"itemListElement\":[{\"@type\":\"ListItem\",\"position\":1,\"name\":\"Home\",\"item\":\"https:\\\/\\\/www.bellunopress.it\\\/\"},{\"@type\":\"ListItem\",\"position\":2,\"name\":\"Salvate Veneto Strade. L&#8217;appello di Irma Visalli, segretario del Pd di Belluno : \u201cE&#8217; necessario un deciso intervento della politica e delle istituzioni\u201d. Come nel 1956, quando la Provincia chiedeva aiuto allo Stato per la viabilit\u00e0\"}]},{\"@type\":\"WebSite\",\"@id\":\"https:\\\/\\\/www.bellunopress.it\\\/#website\",\"url\":\"https:\\\/\\\/www.bellunopress.it\\\/\",\"name\":\"Bellunopress - Dolomiti\",\"description\":\"e-mail: redazione@bellunopress.it\",\"publisher\":{\"@id\":\"https:\\\/\\\/www.bellunopress.it\\\/#organization\"},\"potentialAction\":[{\"@type\":\"SearchAction\",\"target\":{\"@type\":\"EntryPoint\",\"urlTemplate\":\"https:\\\/\\\/www.bellunopress.it\\\/?s={search_term_string}\"},\"query-input\":{\"@type\":\"PropertyValueSpecification\",\"valueRequired\":true,\"valueName\":\"search_term_string\"}}],\"inLanguage\":\"fr-FR\"},{\"@type\":\"Organization\",\"@id\":\"https:\\\/\\\/www.bellunopress.it\\\/#organization\",\"name\":\"Bellunopress\",\"url\":\"https:\\\/\\\/www.bellunopress.it\\\/\",\"logo\":{\"@type\":\"ImageObject\",\"inLanguage\":\"fr-FR\",\"@id\":\"https:\\\/\\\/www.bellunopress.it\\\/#\\\/schema\\\/logo\\\/image\\\/\",\"url\":\"https:\\\/\\\/www.bellunopress.it\\\/wp-content\\\/uploads\\\/2011\\\/05\\\/cropped-logo-bellunopress-.jpg\",\"contentUrl\":\"https:\\\/\\\/www.bellunopress.it\\\/wp-content\\\/uploads\\\/2011\\\/05\\\/cropped-logo-bellunopress-.jpg\",\"width\":512,\"height\":512,\"caption\":\"Bellunopress\"},\"image\":{\"@id\":\"https:\\\/\\\/www.bellunopress.it\\\/#\\\/schema\\\/logo\\\/image\\\/\"},\"sameAs\":[\"https:\\\/\\\/www.facebook.com\\\/profile.php?id=100008943462799\",\"https:\\\/\\\/x.com\\\/bellunopress\",\"https:\\\/\\\/www.linkedin.com\\\/hp\\\/?dnr=JBzUWaJfMUw8vbXJJ2tVW5-I3jZKvC4wsoxE&amp;amp;amp;amp;amp;amp;trk=nav_responsive_tab_home\",\"https:\\\/\\\/www.youtube.com\\\/channel\\\/UCxL0wu1uN0_3_7hGG0306cw\"]},{\"@type\":\"Person\",\"@id\":\"https:\\\/\\\/www.bellunopress.it\\\/#\\\/schema\\\/person\\\/79bb06722b37ece1c03d3e94beb30d73\",\"name\":\"redazione\",\"image\":{\"@type\":\"ImageObject\",\"inLanguage\":\"fr-FR\",\"@id\":\"https:\\\/\\\/secure.gravatar.com\\\/avatar\\\/37d968a2e67a6fd04c169c4bdef102d0bc5d31b2546345219e348575eb80e9a0?s=96&d=mm&r=g\",\"url\":\"https:\\\/\\\/secure.gravatar.com\\\/avatar\\\/37d968a2e67a6fd04c169c4bdef102d0bc5d31b2546345219e348575eb80e9a0?s=96&d=mm&r=g\",\"contentUrl\":\"https:\\\/\\\/secure.gravatar.com\\\/avatar\\\/37d968a2e67a6fd04c169c4bdef102d0bc5d31b2546345219e348575eb80e9a0?s=96&d=mm&r=g\",\"caption\":\"redazione\"},\"sameAs\":[\"http:\\\/\\\/www.bellunopress.it\",\"https:\\\/\\\/x.com\\\/bellunopress\"],\"url\":\"https:\\\/\\\/www.bellunopress.it\\\/fr\\\/author\\\/redazione\\\/\"}]}<\/script>\n<!-- \/ Yoast SEO plugin. -->","yoast_head_json":{"title":"Salvate Veneto Strade. L'appello di Irma Visalli, segretario del Pd di Belluno : \u201cE' necessario un deciso intervento della politica e delle istituzioni\u201d. Come nel 1956, quando la Provincia chiedeva aiuto allo Stato per la viabilit\u00e0 - Bellunopress - Dolomiti","robots":{"index":"index","follow":"follow","max-snippet":"max-snippet:-1","max-image-preview":"max-image-preview:large","max-video-preview":"max-video-preview:-1"},"canonical":"https:\/\/www.bellunopress.it\/fr\/2012\/02\/16\/salvate-veneto-strade-lappello-di-irma-visalli-segretario-del-pd-di-belluno-e-necessario-un-deciso-intervento-della-politica-e-delle-istituzioni-come-nel-1956-quando-la-pro\/","og_locale":"fr_FR","og_type":"article","og_title":"Salvate Veneto Strade. L'appello di Irma Visalli, segretario del Pd di Belluno : \u201cE' necessario un deciso intervento della politica e delle istituzioni\u201d. Come nel 1956, quando la Provincia chiedeva aiuto allo Stato per la viabilit\u00e0 - Bellunopress - Dolomiti","og_description":"\u00abLa grave situazione in cui versa la societ\u00e0 Veneto Strade pu\u00f2 diventare drammatica per il territorio della provincia di Belluno la quale, con una viabilit\u00e0 gi\u00e0 inadeguata, potrebbe essere completamente trascurata, cantieri chiusi (Col Cavalier?, variante di Agordo?, Piz Gron?) e il licenziamento di oltre 140 dipendenti\u00bb. Lo afferma Irma Visalli, segretario del Pd di [&hellip;]","og_url":"https:\/\/www.bellunopress.it\/fr\/2012\/02\/16\/salvate-veneto-strade-lappello-di-irma-visalli-segretario-del-pd-di-belluno-e-necessario-un-deciso-intervento-della-politica-e-delle-istituzioni-come-nel-1956-quando-la-pro\/","og_site_name":"Bellunopress - Dolomiti","article_publisher":"https:\/\/www.facebook.com\/profile.php?id=100008943462799","article_published_time":"2012-02-16T17:59:25+00:00","og_image":[{"url":"http:\/\/www.bellunopress.it\/wp-content\/uploads\/2009\/10\/irma-visalli-pd.jpg","type":"","width":"","height":""}],"author":"redazione","twitter_card":"summary_large_image","twitter_creator":"@bellunopress","twitter_site":"@bellunopress","twitter_misc":{"\u00c9crit par":"redazione","Dur\u00e9e de lecture estim\u00e9e":"2 minutes"},"schema":{"@context":"https:\/\/schema.org","@graph":[{"@type":"Article","@id":"https:\/\/www.bellunopress.it\/2012\/02\/16\/salvate-veneto-strade-lappello-di-irma-visalli-segretario-del-pd-di-belluno-e-necessario-un-deciso-intervento-della-politica-e-delle-istituzioni-come-nel-1956-quando-la-pro\/#article","isPartOf":{"@id":"https:\/\/www.bellunopress.it\/2012\/02\/16\/salvate-veneto-strade-lappello-di-irma-visalli-segretario-del-pd-di-belluno-e-necessario-un-deciso-intervento-della-politica-e-delle-istituzioni-come-nel-1956-quando-la-pro\/"},"author":{"name":"redazione","@id":"https:\/\/www.bellunopress.it\/#\/schema\/person\/79bb06722b37ece1c03d3e94beb30d73"},"headline":"Salvate Veneto Strade. L&#8217;appello di Irma Visalli, segretario del Pd di Belluno : \u201cE&#8217; necessario un deciso intervento della politica e delle istituzioni\u201d. Come nel 1956, quando la Provincia chiedeva aiuto allo Stato per la viabilit\u00e0","datePublished":"2012-02-16T17:59:25+00:00","mainEntityOfPage":{"@id":"https:\/\/www.bellunopress.it\/2012\/02\/16\/salvate-veneto-strade-lappello-di-irma-visalli-segretario-del-pd-di-belluno-e-necessario-un-deciso-intervento-della-politica-e-delle-istituzioni-come-nel-1956-quando-la-pro\/"},"wordCount":436,"publisher":{"@id":"https:\/\/www.bellunopress.it\/#organization"},"image":{"@id":"https:\/\/www.bellunopress.it\/2012\/02\/16\/salvate-veneto-strade-lappello-di-irma-visalli-segretario-del-pd-di-belluno-e-necessario-un-deciso-intervento-della-politica-e-delle-istituzioni-come-nel-1956-quando-la-pro\/#primaryimage"},"thumbnailUrl":"http:\/\/www.bellunopress.it\/wp-content\/uploads\/2009\/10\/irma-visalli-pd.jpg","articleSection":["Lettere Opinioni"],"inLanguage":"fr-FR"},{"@type":"WebPage","@id":"https:\/\/www.bellunopress.it\/2012\/02\/16\/salvate-veneto-strade-lappello-di-irma-visalli-segretario-del-pd-di-belluno-e-necessario-un-deciso-intervento-della-politica-e-delle-istituzioni-come-nel-1956-quando-la-pro\/","url":"https:\/\/www.bellunopress.it\/2012\/02\/16\/salvate-veneto-strade-lappello-di-irma-visalli-segretario-del-pd-di-belluno-e-necessario-un-deciso-intervento-della-politica-e-delle-istituzioni-come-nel-1956-quando-la-pro\/","name":"Salvate Veneto Strade. L'appello di Irma Visalli, segretario del Pd di Belluno : \u201cE' necessario un deciso intervento della politica e delle istituzioni\u201d. Come nel 1956, quando la Provincia chiedeva aiuto allo Stato per la viabilit\u00e0 - Bellunopress - Dolomiti","isPartOf":{"@id":"https:\/\/www.bellunopress.it\/#website"},"primaryImageOfPage":{"@id":"https:\/\/www.bellunopress.it\/2012\/02\/16\/salvate-veneto-strade-lappello-di-irma-visalli-segretario-del-pd-di-belluno-e-necessario-un-deciso-intervento-della-politica-e-delle-istituzioni-come-nel-1956-quando-la-pro\/#primaryimage"},"image":{"@id":"https:\/\/www.bellunopress.it\/2012\/02\/16\/salvate-veneto-strade-lappello-di-irma-visalli-segretario-del-pd-di-belluno-e-necessario-un-deciso-intervento-della-politica-e-delle-istituzioni-come-nel-1956-quando-la-pro\/#primaryimage"},"thumbnailUrl":"http:\/\/www.bellunopress.it\/wp-content\/uploads\/2009\/10\/irma-visalli-pd.jpg","datePublished":"2012-02-16T17:59:25+00:00","breadcrumb":{"@id":"https:\/\/www.bellunopress.it\/2012\/02\/16\/salvate-veneto-strade-lappello-di-irma-visalli-segretario-del-pd-di-belluno-e-necessario-un-deciso-intervento-della-politica-e-delle-istituzioni-come-nel-1956-quando-la-pro\/#breadcrumb"},"inLanguage":"fr-FR","potentialAction":[{"@type":"ReadAction","target":["https:\/\/www.bellunopress.it\/2012\/02\/16\/salvate-veneto-strade-lappello-di-irma-visalli-segretario-del-pd-di-belluno-e-necessario-un-deciso-intervento-della-politica-e-delle-istituzioni-come-nel-1956-quando-la-pro\/"]}]},{"@type":"ImageObject","inLanguage":"fr-FR","@id":"https:\/\/www.bellunopress.it\/2012\/02\/16\/salvate-veneto-strade-lappello-di-irma-visalli-segretario-del-pd-di-belluno-e-necessario-un-deciso-intervento-della-politica-e-delle-istituzioni-come-nel-1956-quando-la-pro\/#primaryimage","url":"http:\/\/www.bellunopress.it\/wp-content\/uploads\/2009\/10\/irma-visalli-pd.jpg","contentUrl":"http:\/\/www.bellunopress.it\/wp-content\/uploads\/2009\/10\/irma-visalli-pd.jpg"},{"@type":"BreadcrumbList","@id":"https:\/\/www.bellunopress.it\/2012\/02\/16\/salvate-veneto-strade-lappello-di-irma-visalli-segretario-del-pd-di-belluno-e-necessario-un-deciso-intervento-della-politica-e-delle-istituzioni-come-nel-1956-quando-la-pro\/#breadcrumb","itemListElement":[{"@type":"ListItem","position":1,"name":"Home","item":"https:\/\/www.bellunopress.it\/"},{"@type":"ListItem","position":2,"name":"Salvate Veneto Strade. L&#8217;appello di Irma Visalli, segretario del Pd di Belluno : \u201cE&#8217; necessario un deciso intervento della politica e delle istituzioni\u201d. Come nel 1956, quando la Provincia chiedeva aiuto allo Stato per la viabilit\u00e0"}]},{"@type":"WebSite","@id":"https:\/\/www.bellunopress.it\/#website","url":"https:\/\/www.bellunopress.it\/","name":"Bellunopress - Dolomiti","description":"e-mail: redazione@bellunopress.it","publisher":{"@id":"https:\/\/www.bellunopress.it\/#organization"},"potentialAction":[{"@type":"SearchAction","target":{"@type":"EntryPoint","urlTemplate":"https:\/\/www.bellunopress.it\/?s={search_term_string}"},"query-input":{"@type":"PropertyValueSpecification","valueRequired":true,"valueName":"search_term_string"}}],"inLanguage":"fr-FR"},{"@type":"Organization","@id":"https:\/\/www.bellunopress.it\/#organization","name":"Bellunopress","url":"https:\/\/www.bellunopress.it\/","logo":{"@type":"ImageObject","inLanguage":"fr-FR","@id":"https:\/\/www.bellunopress.it\/#\/schema\/logo\/image\/","url":"https:\/\/www.bellunopress.it\/wp-content\/uploads\/2011\/05\/cropped-logo-bellunopress-.jpg","contentUrl":"https:\/\/www.bellunopress.it\/wp-content\/uploads\/2011\/05\/cropped-logo-bellunopress-.jpg","width":512,"height":512,"caption":"Bellunopress"},"image":{"@id":"https:\/\/www.bellunopress.it\/#\/schema\/logo\/image\/"},"sameAs":["https:\/\/www.facebook.com\/profile.php?id=100008943462799","https:\/\/x.com\/bellunopress","https:\/\/www.linkedin.com\/hp\/?dnr=JBzUWaJfMUw8vbXJJ2tVW5-I3jZKvC4wsoxE&amp;amp;amp;amp;amp;amp;trk=nav_responsive_tab_home","https:\/\/www.youtube.com\/channel\/UCxL0wu1uN0_3_7hGG0306cw"]},{"@type":"Person","@id":"https:\/\/www.bellunopress.it\/#\/schema\/person\/79bb06722b37ece1c03d3e94beb30d73","name":"r\u00e9daction","image":{"@type":"ImageObject","inLanguage":"fr-FR","@id":"https:\/\/secure.gravatar.com\/avatar\/37d968a2e67a6fd04c169c4bdef102d0bc5d31b2546345219e348575eb80e9a0?s=96&d=mm&r=g","url":"https:\/\/secure.gravatar.com\/avatar\/37d968a2e67a6fd04c169c4bdef102d0bc5d31b2546345219e348575eb80e9a0?s=96&d=mm&r=g","contentUrl":"https:\/\/secure.gravatar.com\/avatar\/37d968a2e67a6fd04c169c4bdef102d0bc5d31b2546345219e348575eb80e9a0?s=96&d=mm&r=g","caption":"redazione"},"sameAs":["http:\/\/www.bellunopress.it","https:\/\/x.com\/bellunopress"],"url":"https:\/\/www.bellunopress.it\/fr\/author\/redazione\/"}]}},"_links":{"self":[{"href":"https:\/\/www.bellunopress.it\/fr\/wp-json\/wp\/v2\/posts\/35176","targetHints":{"allow":["GET"]}}],"collection":[{"href":"https:\/\/www.bellunopress.it\/fr\/wp-json\/wp\/v2\/posts"}],"about":[{"href":"https:\/\/www.bellunopress.it\/fr\/wp-json\/wp\/v2\/types\/post"}],"author":[{"embeddable":true,"href":"https:\/\/www.bellunopress.it\/fr\/wp-json\/wp\/v2\/users\/2"}],"replies":[{"embeddable":true,"href":"https:\/\/www.bellunopress.it\/fr\/wp-json\/wp\/v2\/comments?post=35176"}],"version-history":[{"count":1,"href":"https:\/\/www.bellunopress.it\/fr\/wp-json\/wp\/v2\/posts\/35176\/revisions"}],"predecessor-version":[{"id":35178,"href":"https:\/\/www.bellunopress.it\/fr\/wp-json\/wp\/v2\/posts\/35176\/revisions\/35178"}],"wp:attachment":[{"href":"https:\/\/www.bellunopress.it\/fr\/wp-json\/wp\/v2\/media?parent=35176"}],"wp:term":[{"taxonomy":"category","embeddable":true,"href":"https:\/\/www.bellunopress.it\/fr\/wp-json\/wp\/v2\/categories?post=35176"},{"taxonomy":"post_tag","embeddable":true,"href":"https:\/\/www.bellunopress.it\/fr\/wp-json\/wp\/v2\/tags?post=35176"}],"curies":[{"name":"wp","href":"https:\/\/api.w.org\/{rel}","templated":true}]}}