{"id":35174,"date":"2012-02-16T16:26:58","date_gmt":"2012-02-16T15:26:58","guid":{"rendered":"http:\/\/www.bellunopress.it\/?p=35174"},"modified":"2012-02-16T19:01:26","modified_gmt":"2012-02-16T18:01:26","slug":"aperture-domenicali-dei-centri-commerciali-bond-e-cortellazzo-invitano-allastensione-dallo-shopping-di-domenica-prossima","status":"publish","type":"post","link":"https:\/\/www.bellunopress.it\/fr\/2012\/02\/16\/aperture-domenicali-dei-centri-commerciali-bond-e-cortellazzo-invitano-allastensione-dallo-shopping-di-domenica-prossima\/","title":{"rendered":"Aperture domenicali dei centri commerciali: Bond e Cortellazzo invitano all&#8217;astensione dallo shopping di domenica prossima"},"content":{"rendered":"<figure id=\"attachment_34070\" aria-describedby=\"caption-attachment-34070\" style=\"width: 280px\" class=\"wp-caption alignleft\"><a href=\"http:\/\/www.bellunopress.it\/wp-content\/uploads\/2012\/01\/Cortelazzo-Bond.jpg\"><img loading=\"lazy\" decoding=\"async\" class=\"size-full wp-image-34070\" title=\"Cortelazzo Bond\" src=\"http:\/\/www.bellunopress.it\/wp-content\/uploads\/2012\/01\/Cortelazzo-Bond.jpg\" alt=\"\" width=\"280\" height=\"233\" \/><\/a><figcaption id=\"caption-attachment-34070\" class=\"wp-caption-text\">Piergiorgio Cortelazzo e Dario Bond<\/figcaption><\/figure>\n<p>\u201cAppoggiamo il ricorso della Confcommercio cos\u00ec come la protesta indetta dalle categorie sindacali. Dal canto nostro, in qualit\u00e0 di rappresentanti politici, chiediamo ai cittadini di astenersi dallo shopping domenica prossima negli ipermercati, almeno fino a quando i signori della grande distribuzione non cambieranno idea\u201d.<br \/>\nA dirlo sono Dario Bond e Piergiorgio Cortelazzo, rispettivamente capogruppo e vicecapogruppo del Pdl in Consiglio regionale del Veneto, dopo che la Confcommercio del Veneto ha deciso di far sentire la propria voce al Tar, il Tribunale amministrativo regionale, che il 22 febbraio prossimo dovr\u00e0 pronunciarsi sul ricorso della grande distribuzione contro la normativa regionale applicata dai comuni.<br \/>\n\u201cIl Pdl ribadisce la propria linea, quella emersa sotto Natale in Consiglio regionale quando si fece sintesi tra le esigenze degli ipermercati e quelle dei piccoli negozi, concordando un certo numero di aperture domenicali\u201d, sottolineano Bond e Cortelazzo.<br \/>\nNon manca un appello al senso di responsabilit\u00e0 di tutti: \u201cChiediamo che i patti vengano rispettati e che si capisca che i grandi distributori non possono applicare la legge a loro piacimento. In vista della sentenza del 22 serve che anche l\u2019opinione pubblica si faccia sentire altrimenti prevarr\u00e0 sempre la legge del pi\u00f9 forte\u201d, concludono Bond e Cortelazzo. \u201cDomenica quindi meglio dedicarsi a una bella passeggiata in centro o a una qualsiasi attivit\u00e0 all\u2019aria aperta\u201d, il suggerimento dei due esponenti del Pdl.<\/p>","protected":false},"excerpt":{"rendered":"<p>\u201cAppoggiamo il ricorso della Confcommercio cos\u00ec come la protesta indetta dalle categorie sindacali. Dal canto nostro, in qualit\u00e0 di rappresentanti politici, chiediamo ai cittadini di astenersi dallo shopping domenica prossima negli ipermercati, almeno fino a quando i signori della grande distribuzione non cambieranno idea\u201d. A dirlo sono Dario Bond e Piergiorgio Cortelazzo, rispettivamente capogruppo e [&hellip;]<\/p>\n","protected":false},"author":2,"featured_media":0,"comment_status":"closed","ping_status":"open","sticky":false,"template":"","format":"standard","meta":{"footnotes":""},"categories":[5,36,26],"tags":[],"class_list":["post-35174","post","type-post","status-publish","format-standard","category-cronaca","category-lavoro-economia","category-prima-pagina"],"yoast_head":"<!-- This site is optimized with the Yoast SEO plugin v28.4 - https:\/\/yoast.com\/product\/yoast-seo-wordpress\/ -->\n<title>Aperture domenicali dei centri commerciali: Bond e Cortellazzo invitano all&#039;astensione dallo shopping di domenica prossima  - Bellunopress - Dolomiti<\/title>\n<meta name=\"robots\" content=\"index, follow, max-snippet:-1, max-image-preview:large, max-video-preview:-1\" \/>\n<link rel=\"canonical\" href=\"https:\/\/www.bellunopress.it\/fr\/2012\/02\/16\/aperture-domenicali-dei-centri-commerciali-bond-e-cortellazzo-invitano-allastensione-dallo-shopping-di-domenica-prossima\/\" \/>\n<meta property=\"og:locale\" content=\"fr_FR\" \/>\n<meta property=\"og:type\" content=\"article\" \/>\n<meta property=\"og:title\" content=\"Aperture domenicali dei centri commerciali: Bond e Cortellazzo invitano all&#039;astensione dallo shopping di domenica prossima  - Bellunopress - Dolomiti\" \/>\n<meta property=\"og:description\" content=\"\u201cAppoggiamo il ricorso della Confcommercio cos\u00ec come la protesta indetta dalle categorie sindacali. Dal canto nostro, in qualit\u00e0 di rappresentanti politici, chiediamo ai cittadini di astenersi dallo shopping domenica prossima negli ipermercati, almeno fino a quando i signori della grande distribuzione non cambieranno idea\u201d. A dirlo sono Dario Bond e Piergiorgio Cortelazzo, rispettivamente capogruppo e [&hellip;]\" \/>\n<meta property=\"og:url\" content=\"https:\/\/www.bellunopress.it\/fr\/2012\/02\/16\/aperture-domenicali-dei-centri-commerciali-bond-e-cortellazzo-invitano-allastensione-dallo-shopping-di-domenica-prossima\/\" \/>\n<meta property=\"og:site_name\" content=\"Bellunopress - Dolomiti\" \/>\n<meta property=\"article:publisher\" content=\"https:\/\/www.facebook.com\/profile.php?id=100008943462799\" \/>\n<meta property=\"article:published_time\" content=\"2012-02-16T15:26:58+00:00\" \/>\n<meta property=\"article:modified_time\" content=\"2012-02-16T18:01:26+00:00\" \/>\n<meta property=\"og:image\" content=\"http:\/\/www.bellunopress.it\/wp-content\/uploads\/2012\/01\/Cortelazzo-Bond.jpg\" \/>\n<meta name=\"author\" content=\"redazione\" \/>\n<meta name=\"twitter:card\" content=\"summary_large_image\" \/>\n<meta name=\"twitter:creator\" content=\"@bellunopress\" \/>\n<meta name=\"twitter:site\" content=\"@bellunopress\" \/>\n<meta name=\"twitter:label1\" content=\"\u00c9crit par\" \/>\n\t<meta name=\"twitter:data1\" content=\"redazione\" \/>\n\t<meta name=\"twitter:label2\" content=\"Dur\u00e9e de lecture estim\u00e9e\" \/>\n\t<meta name=\"twitter:data2\" content=\"1 minute\" \/>\n<script type=\"application\/ld+json\" class=\"yoast-schema-graph\">{\"@context\":\"https:\\\/\\\/schema.org\",\"@graph\":[{\"@type\":\"Article\",\"@id\":\"https:\\\/\\\/www.bellunopress.it\\\/2012\\\/02\\\/16\\\/aperture-domenicali-dei-centri-commerciali-bond-e-cortellazzo-invitano-allastensione-dallo-shopping-di-domenica-prossima\\\/#article\",\"isPartOf\":{\"@id\":\"https:\\\/\\\/www.bellunopress.it\\\/2012\\\/02\\\/16\\\/aperture-domenicali-dei-centri-commerciali-bond-e-cortellazzo-invitano-allastensione-dallo-shopping-di-domenica-prossima\\\/\"},\"author\":{\"name\":\"redazione\",\"@id\":\"https:\\\/\\\/www.bellunopress.it\\\/#\\\/schema\\\/person\\\/79bb06722b37ece1c03d3e94beb30d73\"},\"headline\":\"Aperture domenicali dei centri commerciali: Bond e Cortellazzo invitano all&#8217;astensione dallo shopping di domenica prossima\",\"datePublished\":\"2012-02-16T15:26:58+00:00\",\"dateModified\":\"2012-02-16T18:01:26+00:00\",\"mainEntityOfPage\":{\"@id\":\"https:\\\/\\\/www.bellunopress.it\\\/2012\\\/02\\\/16\\\/aperture-domenicali-dei-centri-commerciali-bond-e-cortellazzo-invitano-allastensione-dallo-shopping-di-domenica-prossima\\\/\"},\"wordCount\":251,\"publisher\":{\"@id\":\"https:\\\/\\\/www.bellunopress.it\\\/#organization\"},\"image\":{\"@id\":\"https:\\\/\\\/www.bellunopress.it\\\/2012\\\/02\\\/16\\\/aperture-domenicali-dei-centri-commerciali-bond-e-cortellazzo-invitano-allastensione-dallo-shopping-di-domenica-prossima\\\/#primaryimage\"},\"thumbnailUrl\":\"http:\\\/\\\/www.bellunopress.it\\\/wp-content\\\/uploads\\\/2012\\\/01\\\/Cortelazzo-Bond.jpg\",\"articleSection\":[\"Cronaca\\\/Politica\",\"Lavoro, Economia, Turismo\",\"Prima Pagina\"],\"inLanguage\":\"fr-FR\"},{\"@type\":\"WebPage\",\"@id\":\"https:\\\/\\\/www.bellunopress.it\\\/2012\\\/02\\\/16\\\/aperture-domenicali-dei-centri-commerciali-bond-e-cortellazzo-invitano-allastensione-dallo-shopping-di-domenica-prossima\\\/\",\"url\":\"https:\\\/\\\/www.bellunopress.it\\\/2012\\\/02\\\/16\\\/aperture-domenicali-dei-centri-commerciali-bond-e-cortellazzo-invitano-allastensione-dallo-shopping-di-domenica-prossima\\\/\",\"name\":\"Aperture domenicali dei centri commerciali: Bond e Cortellazzo invitano all'astensione dallo shopping di domenica prossima - Bellunopress - Dolomiti\",\"isPartOf\":{\"@id\":\"https:\\\/\\\/www.bellunopress.it\\\/#website\"},\"primaryImageOfPage\":{\"@id\":\"https:\\\/\\\/www.bellunopress.it\\\/2012\\\/02\\\/16\\\/aperture-domenicali-dei-centri-commerciali-bond-e-cortellazzo-invitano-allastensione-dallo-shopping-di-domenica-prossima\\\/#primaryimage\"},\"image\":{\"@id\":\"https:\\\/\\\/www.bellunopress.it\\\/2012\\\/02\\\/16\\\/aperture-domenicali-dei-centri-commerciali-bond-e-cortellazzo-invitano-allastensione-dallo-shopping-di-domenica-prossima\\\/#primaryimage\"},\"thumbnailUrl\":\"http:\\\/\\\/www.bellunopress.it\\\/wp-content\\\/uploads\\\/2012\\\/01\\\/Cortelazzo-Bond.jpg\",\"datePublished\":\"2012-02-16T15:26:58+00:00\",\"dateModified\":\"2012-02-16T18:01:26+00:00\",\"breadcrumb\":{\"@id\":\"https:\\\/\\\/www.bellunopress.it\\\/2012\\\/02\\\/16\\\/aperture-domenicali-dei-centri-commerciali-bond-e-cortellazzo-invitano-allastensione-dallo-shopping-di-domenica-prossima\\\/#breadcrumb\"},\"inLanguage\":\"fr-FR\",\"potentialAction\":[{\"@type\":\"ReadAction\",\"target\":[\"https:\\\/\\\/www.bellunopress.it\\\/2012\\\/02\\\/16\\\/aperture-domenicali-dei-centri-commerciali-bond-e-cortellazzo-invitano-allastensione-dallo-shopping-di-domenica-prossima\\\/\"]}]},{\"@type\":\"ImageObject\",\"inLanguage\":\"fr-FR\",\"@id\":\"https:\\\/\\\/www.bellunopress.it\\\/2012\\\/02\\\/16\\\/aperture-domenicali-dei-centri-commerciali-bond-e-cortellazzo-invitano-allastensione-dallo-shopping-di-domenica-prossima\\\/#primaryimage\",\"url\":\"http:\\\/\\\/www.bellunopress.it\\\/wp-content\\\/uploads\\\/2012\\\/01\\\/Cortelazzo-Bond.jpg\",\"contentUrl\":\"http:\\\/\\\/www.bellunopress.it\\\/wp-content\\\/uploads\\\/2012\\\/01\\\/Cortelazzo-Bond.jpg\"},{\"@type\":\"BreadcrumbList\",\"@id\":\"https:\\\/\\\/www.bellunopress.it\\\/2012\\\/02\\\/16\\\/aperture-domenicali-dei-centri-commerciali-bond-e-cortellazzo-invitano-allastensione-dallo-shopping-di-domenica-prossima\\\/#breadcrumb\",\"itemListElement\":[{\"@type\":\"ListItem\",\"position\":1,\"name\":\"Home\",\"item\":\"https:\\\/\\\/www.bellunopress.it\\\/\"},{\"@type\":\"ListItem\",\"position\":2,\"name\":\"Aperture domenicali dei centri commerciali: Bond e Cortellazzo invitano all&#8217;astensione dallo shopping di domenica prossima\"}]},{\"@type\":\"WebSite\",\"@id\":\"https:\\\/\\\/www.bellunopress.it\\\/#website\",\"url\":\"https:\\\/\\\/www.bellunopress.it\\\/\",\"name\":\"Bellunopress - Dolomiti\",\"description\":\"e-mail: redazione@bellunopress.it\",\"publisher\":{\"@id\":\"https:\\\/\\\/www.bellunopress.it\\\/#organization\"},\"potentialAction\":[{\"@type\":\"SearchAction\",\"target\":{\"@type\":\"EntryPoint\",\"urlTemplate\":\"https:\\\/\\\/www.bellunopress.it\\\/?s={search_term_string}\"},\"query-input\":{\"@type\":\"PropertyValueSpecification\",\"valueRequired\":true,\"valueName\":\"search_term_string\"}}],\"inLanguage\":\"fr-FR\"},{\"@type\":\"Organization\",\"@id\":\"https:\\\/\\\/www.bellunopress.it\\\/#organization\",\"name\":\"Bellunopress\",\"url\":\"https:\\\/\\\/www.bellunopress.it\\\/\",\"logo\":{\"@type\":\"ImageObject\",\"inLanguage\":\"fr-FR\",\"@id\":\"https:\\\/\\\/www.bellunopress.it\\\/#\\\/schema\\\/logo\\\/image\\\/\",\"url\":\"https:\\\/\\\/www.bellunopress.it\\\/wp-content\\\/uploads\\\/2011\\\/05\\\/cropped-logo-bellunopress-.jpg\",\"contentUrl\":\"https:\\\/\\\/www.bellunopress.it\\\/wp-content\\\/uploads\\\/2011\\\/05\\\/cropped-logo-bellunopress-.jpg\",\"width\":512,\"height\":512,\"caption\":\"Bellunopress\"},\"image\":{\"@id\":\"https:\\\/\\\/www.bellunopress.it\\\/#\\\/schema\\\/logo\\\/image\\\/\"},\"sameAs\":[\"https:\\\/\\\/www.facebook.com\\\/profile.php?id=100008943462799\",\"https:\\\/\\\/x.com\\\/bellunopress\",\"https:\\\/\\\/www.linkedin.com\\\/hp\\\/?dnr=JBzUWaJfMUw8vbXJJ2tVW5-I3jZKvC4wsoxE&amp;amp;amp;amp;amp;amp;trk=nav_responsive_tab_home\",\"https:\\\/\\\/www.youtube.com\\\/channel\\\/UCxL0wu1uN0_3_7hGG0306cw\"]},{\"@type\":\"Person\",\"@id\":\"https:\\\/\\\/www.bellunopress.it\\\/#\\\/schema\\\/person\\\/79bb06722b37ece1c03d3e94beb30d73\",\"name\":\"redazione\",\"image\":{\"@type\":\"ImageObject\",\"inLanguage\":\"fr-FR\",\"@id\":\"https:\\\/\\\/secure.gravatar.com\\\/avatar\\\/37d968a2e67a6fd04c169c4bdef102d0bc5d31b2546345219e348575eb80e9a0?s=96&d=mm&r=g\",\"url\":\"https:\\\/\\\/secure.gravatar.com\\\/avatar\\\/37d968a2e67a6fd04c169c4bdef102d0bc5d31b2546345219e348575eb80e9a0?s=96&d=mm&r=g\",\"contentUrl\":\"https:\\\/\\\/secure.gravatar.com\\\/avatar\\\/37d968a2e67a6fd04c169c4bdef102d0bc5d31b2546345219e348575eb80e9a0?s=96&d=mm&r=g\",\"caption\":\"redazione\"},\"sameAs\":[\"http:\\\/\\\/www.bellunopress.it\",\"https:\\\/\\\/x.com\\\/bellunopress\"],\"url\":\"https:\\\/\\\/www.bellunopress.it\\\/fr\\\/author\\\/redazione\\\/\"}]}<\/script>\n<!-- \/ Yoast SEO plugin. -->","yoast_head_json":{"title":"Aperture domenicali dei centri commerciali: Bond e Cortellazzo invitano all'astensione dallo shopping di domenica prossima  - Bellunopress - Dolomiti","robots":{"index":"index","follow":"follow","max-snippet":"max-snippet:-1","max-image-preview":"max-image-preview:large","max-video-preview":"max-video-preview:-1"},"canonical":"https:\/\/www.bellunopress.it\/fr\/2012\/02\/16\/aperture-domenicali-dei-centri-commerciali-bond-e-cortellazzo-invitano-allastensione-dallo-shopping-di-domenica-prossima\/","og_locale":"fr_FR","og_type":"article","og_title":"Aperture domenicali dei centri commerciali: Bond e Cortellazzo invitano all'astensione dallo shopping di domenica prossima  - Bellunopress - Dolomiti","og_description":"\u201cAppoggiamo il ricorso della Confcommercio cos\u00ec come la protesta indetta dalle categorie sindacali. Dal canto nostro, in qualit\u00e0 di rappresentanti politici, chiediamo ai cittadini di astenersi dallo shopping domenica prossima negli ipermercati, almeno fino a quando i signori della grande distribuzione non cambieranno idea\u201d. A dirlo sono Dario Bond e Piergiorgio Cortelazzo, rispettivamente capogruppo e [&hellip;]","og_url":"https:\/\/www.bellunopress.it\/fr\/2012\/02\/16\/aperture-domenicali-dei-centri-commerciali-bond-e-cortellazzo-invitano-allastensione-dallo-shopping-di-domenica-prossima\/","og_site_name":"Bellunopress - Dolomiti","article_publisher":"https:\/\/www.facebook.com\/profile.php?id=100008943462799","article_published_time":"2012-02-16T15:26:58+00:00","article_modified_time":"2012-02-16T18:01:26+00:00","og_image":[{"url":"http:\/\/www.bellunopress.it\/wp-content\/uploads\/2012\/01\/Cortelazzo-Bond.jpg","type":"","width":"","height":""}],"author":"redazione","twitter_card":"summary_large_image","twitter_creator":"@bellunopress","twitter_site":"@bellunopress","twitter_misc":{"\u00c9crit par":"redazione","Dur\u00e9e de lecture estim\u00e9e":"1 minute"},"schema":{"@context":"https:\/\/schema.org","@graph":[{"@type":"Article","@id":"https:\/\/www.bellunopress.it\/2012\/02\/16\/aperture-domenicali-dei-centri-commerciali-bond-e-cortellazzo-invitano-allastensione-dallo-shopping-di-domenica-prossima\/#article","isPartOf":{"@id":"https:\/\/www.bellunopress.it\/2012\/02\/16\/aperture-domenicali-dei-centri-commerciali-bond-e-cortellazzo-invitano-allastensione-dallo-shopping-di-domenica-prossima\/"},"author":{"name":"redazione","@id":"https:\/\/www.bellunopress.it\/#\/schema\/person\/79bb06722b37ece1c03d3e94beb30d73"},"headline":"Aperture domenicali dei centri commerciali: Bond e Cortellazzo invitano all&#8217;astensione dallo shopping di domenica prossima","datePublished":"2012-02-16T15:26:58+00:00","dateModified":"2012-02-16T18:01:26+00:00","mainEntityOfPage":{"@id":"https:\/\/www.bellunopress.it\/2012\/02\/16\/aperture-domenicali-dei-centri-commerciali-bond-e-cortellazzo-invitano-allastensione-dallo-shopping-di-domenica-prossima\/"},"wordCount":251,"publisher":{"@id":"https:\/\/www.bellunopress.it\/#organization"},"image":{"@id":"https:\/\/www.bellunopress.it\/2012\/02\/16\/aperture-domenicali-dei-centri-commerciali-bond-e-cortellazzo-invitano-allastensione-dallo-shopping-di-domenica-prossima\/#primaryimage"},"thumbnailUrl":"http:\/\/www.bellunopress.it\/wp-content\/uploads\/2012\/01\/Cortelazzo-Bond.jpg","articleSection":["Cronaca\/Politica","Lavoro, Economia, Turismo","Prima Pagina"],"inLanguage":"fr-FR"},{"@type":"WebPage","@id":"https:\/\/www.bellunopress.it\/2012\/02\/16\/aperture-domenicali-dei-centri-commerciali-bond-e-cortellazzo-invitano-allastensione-dallo-shopping-di-domenica-prossima\/","url":"https:\/\/www.bellunopress.it\/2012\/02\/16\/aperture-domenicali-dei-centri-commerciali-bond-e-cortellazzo-invitano-allastensione-dallo-shopping-di-domenica-prossima\/","name":"Aperture domenicali dei centri commerciali: Bond e Cortellazzo invitano all'astensione dallo shopping di domenica prossima - Bellunopress - Dolomiti","isPartOf":{"@id":"https:\/\/www.bellunopress.it\/#website"},"primaryImageOfPage":{"@id":"https:\/\/www.bellunopress.it\/2012\/02\/16\/aperture-domenicali-dei-centri-commerciali-bond-e-cortellazzo-invitano-allastensione-dallo-shopping-di-domenica-prossima\/#primaryimage"},"image":{"@id":"https:\/\/www.bellunopress.it\/2012\/02\/16\/aperture-domenicali-dei-centri-commerciali-bond-e-cortellazzo-invitano-allastensione-dallo-shopping-di-domenica-prossima\/#primaryimage"},"thumbnailUrl":"http:\/\/www.bellunopress.it\/wp-content\/uploads\/2012\/01\/Cortelazzo-Bond.jpg","datePublished":"2012-02-16T15:26:58+00:00","dateModified":"2012-02-16T18:01:26+00:00","breadcrumb":{"@id":"https:\/\/www.bellunopress.it\/2012\/02\/16\/aperture-domenicali-dei-centri-commerciali-bond-e-cortellazzo-invitano-allastensione-dallo-shopping-di-domenica-prossima\/#breadcrumb"},"inLanguage":"fr-FR","potentialAction":[{"@type":"ReadAction","target":["https:\/\/www.bellunopress.it\/2012\/02\/16\/aperture-domenicali-dei-centri-commerciali-bond-e-cortellazzo-invitano-allastensione-dallo-shopping-di-domenica-prossima\/"]}]},{"@type":"ImageObject","inLanguage":"fr-FR","@id":"https:\/\/www.bellunopress.it\/2012\/02\/16\/aperture-domenicali-dei-centri-commerciali-bond-e-cortellazzo-invitano-allastensione-dallo-shopping-di-domenica-prossima\/#primaryimage","url":"http:\/\/www.bellunopress.it\/wp-content\/uploads\/2012\/01\/Cortelazzo-Bond.jpg","contentUrl":"http:\/\/www.bellunopress.it\/wp-content\/uploads\/2012\/01\/Cortelazzo-Bond.jpg"},{"@type":"BreadcrumbList","@id":"https:\/\/www.bellunopress.it\/2012\/02\/16\/aperture-domenicali-dei-centri-commerciali-bond-e-cortellazzo-invitano-allastensione-dallo-shopping-di-domenica-prossima\/#breadcrumb","itemListElement":[{"@type":"ListItem","position":1,"name":"Home","item":"https:\/\/www.bellunopress.it\/"},{"@type":"ListItem","position":2,"name":"Aperture domenicali dei centri commerciali: Bond e Cortellazzo invitano all&#8217;astensione dallo shopping di domenica prossima"}]},{"@type":"WebSite","@id":"https:\/\/www.bellunopress.it\/#website","url":"https:\/\/www.bellunopress.it\/","name":"Bellunopress - Dolomiti","description":"e-mail: redazione@bellunopress.it","publisher":{"@id":"https:\/\/www.bellunopress.it\/#organization"},"potentialAction":[{"@type":"SearchAction","target":{"@type":"EntryPoint","urlTemplate":"https:\/\/www.bellunopress.it\/?s={search_term_string}"},"query-input":{"@type":"PropertyValueSpecification","valueRequired":true,"valueName":"search_term_string"}}],"inLanguage":"fr-FR"},{"@type":"Organization","@id":"https:\/\/www.bellunopress.it\/#organization","name":"Bellunopress","url":"https:\/\/www.bellunopress.it\/","logo":{"@type":"ImageObject","inLanguage":"fr-FR","@id":"https:\/\/www.bellunopress.it\/#\/schema\/logo\/image\/","url":"https:\/\/www.bellunopress.it\/wp-content\/uploads\/2011\/05\/cropped-logo-bellunopress-.jpg","contentUrl":"https:\/\/www.bellunopress.it\/wp-content\/uploads\/2011\/05\/cropped-logo-bellunopress-.jpg","width":512,"height":512,"caption":"Bellunopress"},"image":{"@id":"https:\/\/www.bellunopress.it\/#\/schema\/logo\/image\/"},"sameAs":["https:\/\/www.facebook.com\/profile.php?id=100008943462799","https:\/\/x.com\/bellunopress","https:\/\/www.linkedin.com\/hp\/?dnr=JBzUWaJfMUw8vbXJJ2tVW5-I3jZKvC4wsoxE&amp;amp;amp;amp;amp;amp;trk=nav_responsive_tab_home","https:\/\/www.youtube.com\/channel\/UCxL0wu1uN0_3_7hGG0306cw"]},{"@type":"Person","@id":"https:\/\/www.bellunopress.it\/#\/schema\/person\/79bb06722b37ece1c03d3e94beb30d73","name":"r\u00e9daction","image":{"@type":"ImageObject","inLanguage":"fr-FR","@id":"https:\/\/secure.gravatar.com\/avatar\/37d968a2e67a6fd04c169c4bdef102d0bc5d31b2546345219e348575eb80e9a0?s=96&d=mm&r=g","url":"https:\/\/secure.gravatar.com\/avatar\/37d968a2e67a6fd04c169c4bdef102d0bc5d31b2546345219e348575eb80e9a0?s=96&d=mm&r=g","contentUrl":"https:\/\/secure.gravatar.com\/avatar\/37d968a2e67a6fd04c169c4bdef102d0bc5d31b2546345219e348575eb80e9a0?s=96&d=mm&r=g","caption":"redazione"},"sameAs":["http:\/\/www.bellunopress.it","https:\/\/x.com\/bellunopress"],"url":"https:\/\/www.bellunopress.it\/fr\/author\/redazione\/"}]}},"_links":{"self":[{"href":"https:\/\/www.bellunopress.it\/fr\/wp-json\/wp\/v2\/posts\/35174","targetHints":{"allow":["GET"]}}],"collection":[{"href":"https:\/\/www.bellunopress.it\/fr\/wp-json\/wp\/v2\/posts"}],"about":[{"href":"https:\/\/www.bellunopress.it\/fr\/wp-json\/wp\/v2\/types\/post"}],"author":[{"embeddable":true,"href":"https:\/\/www.bellunopress.it\/fr\/wp-json\/wp\/v2\/users\/2"}],"replies":[{"embeddable":true,"href":"https:\/\/www.bellunopress.it\/fr\/wp-json\/wp\/v2\/comments?post=35174"}],"version-history":[{"count":2,"href":"https:\/\/www.bellunopress.it\/fr\/wp-json\/wp\/v2\/posts\/35174\/revisions"}],"predecessor-version":[{"id":35179,"href":"https:\/\/www.bellunopress.it\/fr\/wp-json\/wp\/v2\/posts\/35174\/revisions\/35179"}],"wp:attachment":[{"href":"https:\/\/www.bellunopress.it\/fr\/wp-json\/wp\/v2\/media?parent=35174"}],"wp:term":[{"taxonomy":"category","embeddable":true,"href":"https:\/\/www.bellunopress.it\/fr\/wp-json\/wp\/v2\/categories?post=35174"},{"taxonomy":"post_tag","embeddable":true,"href":"https:\/\/www.bellunopress.it\/fr\/wp-json\/wp\/v2\/tags?post=35174"}],"curies":[{"name":"wp","href":"https:\/\/api.w.org\/{rel}","templated":true}]}}