{"id":35165,"date":"2012-02-16T09:24:43","date_gmt":"2012-02-16T08:24:43","guid":{"rendered":"http:\/\/www.bellunopress.it\/?p=35165"},"modified":"2012-02-16T09:24:43","modified_gmt":"2012-02-16T08:24:43","slug":"domenica-ad-auronzo-va-in-scena-il-brutto-anatroccolo","status":"publish","type":"post","link":"https:\/\/www.bellunopress.it\/fr\/2012\/02\/16\/domenica-ad-auronzo-va-in-scena-il-brutto-anatroccolo\/","title":{"rendered":"Domenica ad Auronzo va in scena &#8220;Il brutto anatroccolo&#8221;"},"content":{"rendered":"<p>Domenica 19 febbraio, al Teatro Kursaal di Auronzo di Cadore, festa di Carnevale per le famiglie della Val d&#8217;Ansiei con &#8220;Il brutto anatroccolo&#8221;, spettacolo liberamente ispirato alla fiaba di Hans Christian Andersen.<\/p>\n<figure id=\"attachment_32268\" aria-describedby=\"caption-attachment-32268\" style=\"width: 290px\" class=\"wp-caption alignleft\"><a href=\"http:\/\/www.bellunopress.it\/wp-content\/uploads\/2011\/11\/teatro-kursaal-auronzo.jpg\"><img loading=\"lazy\" decoding=\"async\" class=\"size-full wp-image-32268\" title=\"teatro kursaal auronzo\" src=\"http:\/\/www.bellunopress.it\/wp-content\/uploads\/2011\/11\/teatro-kursaal-auronzo.jpg\" alt=\"\" width=\"290\" height=\"274\" \/><\/a><figcaption id=\"caption-attachment-32268\" class=\"wp-caption-text\">Teatro Kursaal di Auronzo<\/figcaption><\/figure>\n<p>In uno stagno, dietro la casa di un contadino, mamma anatra e i suoi piccoli sguazzano nell&#8217;acqua, ma il povero, brutto anatroccolo, l&#8217;ultimo nato, \u00e8 disperso e disprezzato da tutti, al punto da dover lasciare la sua famiglia&#8230; Ma il mondo non \u00e8 tenero con chi sembra diverso e, soprattutto, non sa, o non pu\u00f2, difendersi. Succede, a volte, di sentirsi brutti anatroccoli e di desiderare intensamente di essere, invece, splendidi cigni: tutte le volte che i compagni non ti fanno giocare con loro o quando ti prendono in giro e tu sei costretto a startene l\u00ec, in un angolo&#8230; ma prima o poi&#8230;<br \/>\nPer sopravvivere a chi non lo voleva, il brutto anatroccolo \u00e8 stato costretto ad allontanarsi dal suo mondo, ma, alla fine, grazie alla sua tenacia, ritrover\u00e0 l&#8217;identit\u00e0 che gli altri volevano negargli. L&#8217;immagine del cigno che si stacca in volo dalla terra, per abbandonare bassezze e meschinit\u00e0, \u00e8 l&#8217;esemplificazione poetica del primato degli ultimi&#8230;<br \/>\nLo spettacolo \u00e8 una produzione Teatro Evento Soc. Coop., testo e regia di Sergio Galassi, in scena Cristina Bartolini e Tzvetelina Tzvetkova,scene e costumi Vittorio Marangoni.<br \/>\nInfo e prenotazioni:Tib Teatro 0437.950555- Biglietteria: domenica 19 febbraio presso il Teatro Kursaal dalle ore 16.30.<br \/>\nLa Stagione Auronzo di Scena proseguir\u00e0 sabato 3 marzo 2012, con lo spettacolo di Prosa Ricordi con guerra.<br \/>\nLa Stagione di Teatro Auronzo di Scena \u00e8 organizzata da Tib, per la direzione artistica di Daniela Nicosia, con il Comune di Auronzo di Cadore e la Fondazione Teatri delle Dolomiti, in collaborazione con Consorzio di Promozione Turistica Auronzo Misurina, la manifestazione \u00e8 realizzata nell&#8217;ambito dell&#8217;accordo di programma Regione del Veneto-Province del Veneto-Reteventi Cultura 2011-Provincia di Belluno, con il Ministero per i Beni e le Attivit\u00e0 Culturali, e con Il patrocinio della Regione del Veneto, MIUR -USR del Veneto &#8211; Ufficio Scolastico Provinciale di Belluno e Agiscuola.<br \/>\nINFO E PRENOTAZIONI 0437-950555 <a href=\"http:\/\/www.tibteatro.it\/\">www.tibteatro.it<\/a><\/p>","protected":false},"excerpt":{"rendered":"<p>Domenica 19 febbraio, al Teatro Kursaal di Auronzo di Cadore, festa di Carnevale per le famiglie della Val d&#8217;Ansiei con &#8220;Il brutto anatroccolo&#8221;, spettacolo liberamente ispirato alla fiaba di Hans Christian Andersen. In uno stagno, dietro la casa di un contadino, mamma anatra e i suoi piccoli sguazzano nell&#8217;acqua, ma il povero, brutto anatroccolo, l&#8217;ultimo [&hellip;]<\/p>\n","protected":false},"author":2,"featured_media":0,"comment_status":"closed","ping_status":"open","sticky":false,"template":"","format":"standard","meta":{"footnotes":""},"categories":[27,3,25],"tags":[],"class_list":["post-35165","post","type-post","status-publish","format-standard","category-appuntamenti","category-arte-cultura-spettacoli-scienza-archivi","category-pausa-caffe"],"yoast_head":"<!-- This site is optimized with the Yoast SEO plugin v28.4 - https:\/\/yoast.com\/product\/yoast-seo-wordpress\/ -->\n<title>Domenica ad Auronzo va in scena &quot;Il brutto anatroccolo&quot;  - Bellunopress - Dolomiti<\/title>\n<meta name=\"robots\" content=\"index, follow, max-snippet:-1, max-image-preview:large, max-video-preview:-1\" \/>\n<link rel=\"canonical\" href=\"https:\/\/www.bellunopress.it\/fr\/2012\/02\/16\/domenica-ad-auronzo-va-in-scena-il-brutto-anatroccolo\/\" \/>\n<meta property=\"og:locale\" content=\"fr_FR\" \/>\n<meta property=\"og:type\" content=\"article\" \/>\n<meta property=\"og:title\" content=\"Domenica ad Auronzo va in scena &quot;Il brutto anatroccolo&quot;  - Bellunopress - Dolomiti\" \/>\n<meta property=\"og:description\" content=\"Domenica 19 febbraio, al Teatro Kursaal di Auronzo di Cadore, festa di Carnevale per le famiglie della Val d&#8217;Ansiei con &#8220;Il brutto anatroccolo&#8221;, spettacolo liberamente ispirato alla fiaba di Hans Christian Andersen. In uno stagno, dietro la casa di un contadino, mamma anatra e i suoi piccoli sguazzano nell&#8217;acqua, ma il povero, brutto anatroccolo, l&#8217;ultimo [&hellip;]\" \/>\n<meta property=\"og:url\" content=\"https:\/\/www.bellunopress.it\/fr\/2012\/02\/16\/domenica-ad-auronzo-va-in-scena-il-brutto-anatroccolo\/\" \/>\n<meta property=\"og:site_name\" content=\"Bellunopress - Dolomiti\" \/>\n<meta property=\"article:publisher\" content=\"https:\/\/www.facebook.com\/profile.php?id=100008943462799\" \/>\n<meta property=\"article:published_time\" content=\"2012-02-16T08:24:43+00:00\" \/>\n<meta property=\"og:image\" content=\"http:\/\/www.bellunopress.it\/wp-content\/uploads\/2011\/11\/teatro-kursaal-auronzo.jpg\" \/>\n<meta name=\"author\" content=\"redazione\" \/>\n<meta name=\"twitter:card\" content=\"summary_large_image\" \/>\n<meta name=\"twitter:creator\" content=\"@bellunopress\" \/>\n<meta name=\"twitter:site\" content=\"@bellunopress\" \/>\n<meta name=\"twitter:label1\" content=\"\u00c9crit par\" \/>\n\t<meta name=\"twitter:data1\" content=\"redazione\" \/>\n\t<meta name=\"twitter:label2\" content=\"Dur\u00e9e de lecture estim\u00e9e\" \/>\n\t<meta name=\"twitter:data2\" content=\"2 minutes\" \/>\n<script type=\"application\/ld+json\" class=\"yoast-schema-graph\">{\"@context\":\"https:\\\/\\\/schema.org\",\"@graph\":[{\"@type\":\"Article\",\"@id\":\"https:\\\/\\\/www.bellunopress.it\\\/2012\\\/02\\\/16\\\/domenica-ad-auronzo-va-in-scena-il-brutto-anatroccolo\\\/#article\",\"isPartOf\":{\"@id\":\"https:\\\/\\\/www.bellunopress.it\\\/2012\\\/02\\\/16\\\/domenica-ad-auronzo-va-in-scena-il-brutto-anatroccolo\\\/\"},\"author\":{\"name\":\"redazione\",\"@id\":\"https:\\\/\\\/www.bellunopress.it\\\/#\\\/schema\\\/person\\\/79bb06722b37ece1c03d3e94beb30d73\"},\"headline\":\"Domenica ad Auronzo va in scena &#8220;Il brutto anatroccolo&#8221;\",\"datePublished\":\"2012-02-16T08:24:43+00:00\",\"mainEntityOfPage\":{\"@id\":\"https:\\\/\\\/www.bellunopress.it\\\/2012\\\/02\\\/16\\\/domenica-ad-auronzo-va-in-scena-il-brutto-anatroccolo\\\/\"},\"wordCount\":363,\"publisher\":{\"@id\":\"https:\\\/\\\/www.bellunopress.it\\\/#organization\"},\"image\":{\"@id\":\"https:\\\/\\\/www.bellunopress.it\\\/2012\\\/02\\\/16\\\/domenica-ad-auronzo-va-in-scena-il-brutto-anatroccolo\\\/#primaryimage\"},\"thumbnailUrl\":\"http:\\\/\\\/www.bellunopress.it\\\/wp-content\\\/uploads\\\/2011\\\/11\\\/teatro-kursaal-auronzo.jpg\",\"articleSection\":[\"Appuntamenti, Eventi\",\"Arte, Cultura, Spettacoli, Scienza\",\"Pausa Caff\u00e8\"],\"inLanguage\":\"fr-FR\"},{\"@type\":\"WebPage\",\"@id\":\"https:\\\/\\\/www.bellunopress.it\\\/2012\\\/02\\\/16\\\/domenica-ad-auronzo-va-in-scena-il-brutto-anatroccolo\\\/\",\"url\":\"https:\\\/\\\/www.bellunopress.it\\\/2012\\\/02\\\/16\\\/domenica-ad-auronzo-va-in-scena-il-brutto-anatroccolo\\\/\",\"name\":\"Domenica ad Auronzo va in scena \\\"Il brutto anatroccolo\\\" - Bellunopress - Dolomiti\",\"isPartOf\":{\"@id\":\"https:\\\/\\\/www.bellunopress.it\\\/#website\"},\"primaryImageOfPage\":{\"@id\":\"https:\\\/\\\/www.bellunopress.it\\\/2012\\\/02\\\/16\\\/domenica-ad-auronzo-va-in-scena-il-brutto-anatroccolo\\\/#primaryimage\"},\"image\":{\"@id\":\"https:\\\/\\\/www.bellunopress.it\\\/2012\\\/02\\\/16\\\/domenica-ad-auronzo-va-in-scena-il-brutto-anatroccolo\\\/#primaryimage\"},\"thumbnailUrl\":\"http:\\\/\\\/www.bellunopress.it\\\/wp-content\\\/uploads\\\/2011\\\/11\\\/teatro-kursaal-auronzo.jpg\",\"datePublished\":\"2012-02-16T08:24:43+00:00\",\"breadcrumb\":{\"@id\":\"https:\\\/\\\/www.bellunopress.it\\\/2012\\\/02\\\/16\\\/domenica-ad-auronzo-va-in-scena-il-brutto-anatroccolo\\\/#breadcrumb\"},\"inLanguage\":\"fr-FR\",\"potentialAction\":[{\"@type\":\"ReadAction\",\"target\":[\"https:\\\/\\\/www.bellunopress.it\\\/2012\\\/02\\\/16\\\/domenica-ad-auronzo-va-in-scena-il-brutto-anatroccolo\\\/\"]}]},{\"@type\":\"ImageObject\",\"inLanguage\":\"fr-FR\",\"@id\":\"https:\\\/\\\/www.bellunopress.it\\\/2012\\\/02\\\/16\\\/domenica-ad-auronzo-va-in-scena-il-brutto-anatroccolo\\\/#primaryimage\",\"url\":\"http:\\\/\\\/www.bellunopress.it\\\/wp-content\\\/uploads\\\/2011\\\/11\\\/teatro-kursaal-auronzo.jpg\",\"contentUrl\":\"http:\\\/\\\/www.bellunopress.it\\\/wp-content\\\/uploads\\\/2011\\\/11\\\/teatro-kursaal-auronzo.jpg\"},{\"@type\":\"BreadcrumbList\",\"@id\":\"https:\\\/\\\/www.bellunopress.it\\\/2012\\\/02\\\/16\\\/domenica-ad-auronzo-va-in-scena-il-brutto-anatroccolo\\\/#breadcrumb\",\"itemListElement\":[{\"@type\":\"ListItem\",\"position\":1,\"name\":\"Home\",\"item\":\"https:\\\/\\\/www.bellunopress.it\\\/\"},{\"@type\":\"ListItem\",\"position\":2,\"name\":\"Domenica ad Auronzo va in scena &#8220;Il brutto anatroccolo&#8221;\"}]},{\"@type\":\"WebSite\",\"@id\":\"https:\\\/\\\/www.bellunopress.it\\\/#website\",\"url\":\"https:\\\/\\\/www.bellunopress.it\\\/\",\"name\":\"Bellunopress - Dolomiti\",\"description\":\"e-mail: redazione@bellunopress.it\",\"publisher\":{\"@id\":\"https:\\\/\\\/www.bellunopress.it\\\/#organization\"},\"potentialAction\":[{\"@type\":\"SearchAction\",\"target\":{\"@type\":\"EntryPoint\",\"urlTemplate\":\"https:\\\/\\\/www.bellunopress.it\\\/?s={search_term_string}\"},\"query-input\":{\"@type\":\"PropertyValueSpecification\",\"valueRequired\":true,\"valueName\":\"search_term_string\"}}],\"inLanguage\":\"fr-FR\"},{\"@type\":\"Organization\",\"@id\":\"https:\\\/\\\/www.bellunopress.it\\\/#organization\",\"name\":\"Bellunopress\",\"url\":\"https:\\\/\\\/www.bellunopress.it\\\/\",\"logo\":{\"@type\":\"ImageObject\",\"inLanguage\":\"fr-FR\",\"@id\":\"https:\\\/\\\/www.bellunopress.it\\\/#\\\/schema\\\/logo\\\/image\\\/\",\"url\":\"https:\\\/\\\/www.bellunopress.it\\\/wp-content\\\/uploads\\\/2011\\\/05\\\/cropped-logo-bellunopress-.jpg\",\"contentUrl\":\"https:\\\/\\\/www.bellunopress.it\\\/wp-content\\\/uploads\\\/2011\\\/05\\\/cropped-logo-bellunopress-.jpg\",\"width\":512,\"height\":512,\"caption\":\"Bellunopress\"},\"image\":{\"@id\":\"https:\\\/\\\/www.bellunopress.it\\\/#\\\/schema\\\/logo\\\/image\\\/\"},\"sameAs\":[\"https:\\\/\\\/www.facebook.com\\\/profile.php?id=100008943462799\",\"https:\\\/\\\/x.com\\\/bellunopress\",\"https:\\\/\\\/www.linkedin.com\\\/hp\\\/?dnr=JBzUWaJfMUw8vbXJJ2tVW5-I3jZKvC4wsoxE&amp;amp;amp;amp;amp;amp;trk=nav_responsive_tab_home\",\"https:\\\/\\\/www.youtube.com\\\/channel\\\/UCxL0wu1uN0_3_7hGG0306cw\"]},{\"@type\":\"Person\",\"@id\":\"https:\\\/\\\/www.bellunopress.it\\\/#\\\/schema\\\/person\\\/79bb06722b37ece1c03d3e94beb30d73\",\"name\":\"redazione\",\"image\":{\"@type\":\"ImageObject\",\"inLanguage\":\"fr-FR\",\"@id\":\"https:\\\/\\\/secure.gravatar.com\\\/avatar\\\/37d968a2e67a6fd04c169c4bdef102d0bc5d31b2546345219e348575eb80e9a0?s=96&d=mm&r=g\",\"url\":\"https:\\\/\\\/secure.gravatar.com\\\/avatar\\\/37d968a2e67a6fd04c169c4bdef102d0bc5d31b2546345219e348575eb80e9a0?s=96&d=mm&r=g\",\"contentUrl\":\"https:\\\/\\\/secure.gravatar.com\\\/avatar\\\/37d968a2e67a6fd04c169c4bdef102d0bc5d31b2546345219e348575eb80e9a0?s=96&d=mm&r=g\",\"caption\":\"redazione\"},\"sameAs\":[\"http:\\\/\\\/www.bellunopress.it\",\"https:\\\/\\\/x.com\\\/bellunopress\"],\"url\":\"https:\\\/\\\/www.bellunopress.it\\\/fr\\\/author\\\/redazione\\\/\"}]}<\/script>\n<!-- \/ Yoast SEO plugin. -->","yoast_head_json":{"title":"Domenica ad Auronzo va in scena \"Il brutto anatroccolo\"  - Bellunopress - Dolomiti","robots":{"index":"index","follow":"follow","max-snippet":"max-snippet:-1","max-image-preview":"max-image-preview:large","max-video-preview":"max-video-preview:-1"},"canonical":"https:\/\/www.bellunopress.it\/fr\/2012\/02\/16\/domenica-ad-auronzo-va-in-scena-il-brutto-anatroccolo\/","og_locale":"fr_FR","og_type":"article","og_title":"Domenica ad Auronzo va in scena \"Il brutto anatroccolo\"  - Bellunopress - Dolomiti","og_description":"Domenica 19 febbraio, al Teatro Kursaal di Auronzo di Cadore, festa di Carnevale per le famiglie della Val d&#8217;Ansiei con &#8220;Il brutto anatroccolo&#8221;, spettacolo liberamente ispirato alla fiaba di Hans Christian Andersen. In uno stagno, dietro la casa di un contadino, mamma anatra e i suoi piccoli sguazzano nell&#8217;acqua, ma il povero, brutto anatroccolo, l&#8217;ultimo [&hellip;]","og_url":"https:\/\/www.bellunopress.it\/fr\/2012\/02\/16\/domenica-ad-auronzo-va-in-scena-il-brutto-anatroccolo\/","og_site_name":"Bellunopress - Dolomiti","article_publisher":"https:\/\/www.facebook.com\/profile.php?id=100008943462799","article_published_time":"2012-02-16T08:24:43+00:00","og_image":[{"url":"http:\/\/www.bellunopress.it\/wp-content\/uploads\/2011\/11\/teatro-kursaal-auronzo.jpg","type":"","width":"","height":""}],"author":"redazione","twitter_card":"summary_large_image","twitter_creator":"@bellunopress","twitter_site":"@bellunopress","twitter_misc":{"\u00c9crit par":"redazione","Dur\u00e9e de lecture estim\u00e9e":"2 minutes"},"schema":{"@context":"https:\/\/schema.org","@graph":[{"@type":"Article","@id":"https:\/\/www.bellunopress.it\/2012\/02\/16\/domenica-ad-auronzo-va-in-scena-il-brutto-anatroccolo\/#article","isPartOf":{"@id":"https:\/\/www.bellunopress.it\/2012\/02\/16\/domenica-ad-auronzo-va-in-scena-il-brutto-anatroccolo\/"},"author":{"name":"redazione","@id":"https:\/\/www.bellunopress.it\/#\/schema\/person\/79bb06722b37ece1c03d3e94beb30d73"},"headline":"Domenica ad Auronzo va in scena &#8220;Il brutto anatroccolo&#8221;","datePublished":"2012-02-16T08:24:43+00:00","mainEntityOfPage":{"@id":"https:\/\/www.bellunopress.it\/2012\/02\/16\/domenica-ad-auronzo-va-in-scena-il-brutto-anatroccolo\/"},"wordCount":363,"publisher":{"@id":"https:\/\/www.bellunopress.it\/#organization"},"image":{"@id":"https:\/\/www.bellunopress.it\/2012\/02\/16\/domenica-ad-auronzo-va-in-scena-il-brutto-anatroccolo\/#primaryimage"},"thumbnailUrl":"http:\/\/www.bellunopress.it\/wp-content\/uploads\/2011\/11\/teatro-kursaal-auronzo.jpg","articleSection":["Appuntamenti, Eventi","Arte, Cultura, Spettacoli, Scienza","Pausa Caff\u00e8"],"inLanguage":"fr-FR"},{"@type":"WebPage","@id":"https:\/\/www.bellunopress.it\/2012\/02\/16\/domenica-ad-auronzo-va-in-scena-il-brutto-anatroccolo\/","url":"https:\/\/www.bellunopress.it\/2012\/02\/16\/domenica-ad-auronzo-va-in-scena-il-brutto-anatroccolo\/","name":"Domenica ad Auronzo va in scena \"Il brutto anatroccolo\" - Bellunopress - Dolomiti","isPartOf":{"@id":"https:\/\/www.bellunopress.it\/#website"},"primaryImageOfPage":{"@id":"https:\/\/www.bellunopress.it\/2012\/02\/16\/domenica-ad-auronzo-va-in-scena-il-brutto-anatroccolo\/#primaryimage"},"image":{"@id":"https:\/\/www.bellunopress.it\/2012\/02\/16\/domenica-ad-auronzo-va-in-scena-il-brutto-anatroccolo\/#primaryimage"},"thumbnailUrl":"http:\/\/www.bellunopress.it\/wp-content\/uploads\/2011\/11\/teatro-kursaal-auronzo.jpg","datePublished":"2012-02-16T08:24:43+00:00","breadcrumb":{"@id":"https:\/\/www.bellunopress.it\/2012\/02\/16\/domenica-ad-auronzo-va-in-scena-il-brutto-anatroccolo\/#breadcrumb"},"inLanguage":"fr-FR","potentialAction":[{"@type":"ReadAction","target":["https:\/\/www.bellunopress.it\/2012\/02\/16\/domenica-ad-auronzo-va-in-scena-il-brutto-anatroccolo\/"]}]},{"@type":"ImageObject","inLanguage":"fr-FR","@id":"https:\/\/www.bellunopress.it\/2012\/02\/16\/domenica-ad-auronzo-va-in-scena-il-brutto-anatroccolo\/#primaryimage","url":"http:\/\/www.bellunopress.it\/wp-content\/uploads\/2011\/11\/teatro-kursaal-auronzo.jpg","contentUrl":"http:\/\/www.bellunopress.it\/wp-content\/uploads\/2011\/11\/teatro-kursaal-auronzo.jpg"},{"@type":"BreadcrumbList","@id":"https:\/\/www.bellunopress.it\/2012\/02\/16\/domenica-ad-auronzo-va-in-scena-il-brutto-anatroccolo\/#breadcrumb","itemListElement":[{"@type":"ListItem","position":1,"name":"Home","item":"https:\/\/www.bellunopress.it\/"},{"@type":"ListItem","position":2,"name":"Domenica ad Auronzo va in scena &#8220;Il brutto anatroccolo&#8221;"}]},{"@type":"WebSite","@id":"https:\/\/www.bellunopress.it\/#website","url":"https:\/\/www.bellunopress.it\/","name":"Bellunopress - Dolomiti","description":"e-mail: redazione@bellunopress.it","publisher":{"@id":"https:\/\/www.bellunopress.it\/#organization"},"potentialAction":[{"@type":"SearchAction","target":{"@type":"EntryPoint","urlTemplate":"https:\/\/www.bellunopress.it\/?s={search_term_string}"},"query-input":{"@type":"PropertyValueSpecification","valueRequired":true,"valueName":"search_term_string"}}],"inLanguage":"fr-FR"},{"@type":"Organization","@id":"https:\/\/www.bellunopress.it\/#organization","name":"Bellunopress","url":"https:\/\/www.bellunopress.it\/","logo":{"@type":"ImageObject","inLanguage":"fr-FR","@id":"https:\/\/www.bellunopress.it\/#\/schema\/logo\/image\/","url":"https:\/\/www.bellunopress.it\/wp-content\/uploads\/2011\/05\/cropped-logo-bellunopress-.jpg","contentUrl":"https:\/\/www.bellunopress.it\/wp-content\/uploads\/2011\/05\/cropped-logo-bellunopress-.jpg","width":512,"height":512,"caption":"Bellunopress"},"image":{"@id":"https:\/\/www.bellunopress.it\/#\/schema\/logo\/image\/"},"sameAs":["https:\/\/www.facebook.com\/profile.php?id=100008943462799","https:\/\/x.com\/bellunopress","https:\/\/www.linkedin.com\/hp\/?dnr=JBzUWaJfMUw8vbXJJ2tVW5-I3jZKvC4wsoxE&amp;amp;amp;amp;amp;amp;trk=nav_responsive_tab_home","https:\/\/www.youtube.com\/channel\/UCxL0wu1uN0_3_7hGG0306cw"]},{"@type":"Person","@id":"https:\/\/www.bellunopress.it\/#\/schema\/person\/79bb06722b37ece1c03d3e94beb30d73","name":"r\u00e9daction","image":{"@type":"ImageObject","inLanguage":"fr-FR","@id":"https:\/\/secure.gravatar.com\/avatar\/37d968a2e67a6fd04c169c4bdef102d0bc5d31b2546345219e348575eb80e9a0?s=96&d=mm&r=g","url":"https:\/\/secure.gravatar.com\/avatar\/37d968a2e67a6fd04c169c4bdef102d0bc5d31b2546345219e348575eb80e9a0?s=96&d=mm&r=g","contentUrl":"https:\/\/secure.gravatar.com\/avatar\/37d968a2e67a6fd04c169c4bdef102d0bc5d31b2546345219e348575eb80e9a0?s=96&d=mm&r=g","caption":"redazione"},"sameAs":["http:\/\/www.bellunopress.it","https:\/\/x.com\/bellunopress"],"url":"https:\/\/www.bellunopress.it\/fr\/author\/redazione\/"}]}},"_links":{"self":[{"href":"https:\/\/www.bellunopress.it\/fr\/wp-json\/wp\/v2\/posts\/35165","targetHints":{"allow":["GET"]}}],"collection":[{"href":"https:\/\/www.bellunopress.it\/fr\/wp-json\/wp\/v2\/posts"}],"about":[{"href":"https:\/\/www.bellunopress.it\/fr\/wp-json\/wp\/v2\/types\/post"}],"author":[{"embeddable":true,"href":"https:\/\/www.bellunopress.it\/fr\/wp-json\/wp\/v2\/users\/2"}],"replies":[{"embeddable":true,"href":"https:\/\/www.bellunopress.it\/fr\/wp-json\/wp\/v2\/comments?post=35165"}],"version-history":[{"count":1,"href":"https:\/\/www.bellunopress.it\/fr\/wp-json\/wp\/v2\/posts\/35165\/revisions"}],"predecessor-version":[{"id":35166,"href":"https:\/\/www.bellunopress.it\/fr\/wp-json\/wp\/v2\/posts\/35165\/revisions\/35166"}],"wp:attachment":[{"href":"https:\/\/www.bellunopress.it\/fr\/wp-json\/wp\/v2\/media?parent=35165"}],"wp:term":[{"taxonomy":"category","embeddable":true,"href":"https:\/\/www.bellunopress.it\/fr\/wp-json\/wp\/v2\/categories?post=35165"},{"taxonomy":"post_tag","embeddable":true,"href":"https:\/\/www.bellunopress.it\/fr\/wp-json\/wp\/v2\/tags?post=35165"}],"curies":[{"name":"wp","href":"https:\/\/api.w.org\/{rel}","templated":true}]}}