{"id":35163,"date":"2012-02-16T09:09:24","date_gmt":"2012-02-16T08:09:24","guid":{"rendered":"http:\/\/www.bellunopress.it\/?p=35163"},"modified":"2012-02-16T09:09:24","modified_gmt":"2012-02-16T08:09:24","slug":"il-bilancio-2011-della-guardia-di-finanza-di-belluno","status":"publish","type":"post","link":"https:\/\/www.bellunopress.it\/fr\/2012\/02\/16\/il-bilancio-2011-della-guardia-di-finanza-di-belluno\/","title":{"rendered":"Il bilancio 2011 della Guardia di Finanza di Belluno"},"content":{"rendered":"<p><a href=\"http:\/\/www.bellunopress.it\/wp-content\/uploads\/2010\/01\/guardia-finanza-belluno.jpg\"><img loading=\"lazy\" decoding=\"async\" class=\"alignleft size-full wp-image-11506\" title=\"guardia-finanza-belluno\" src=\"http:\/\/www.bellunopress.it\/wp-content\/uploads\/2010\/01\/guardia-finanza-belluno.jpg\" alt=\"\" width=\"180\" height=\"270\" \/><\/a>La Guardia di Finanza, in qualit\u00e0 di polizia economico &#8211; finanziaria, in linea con le direttive dell\u2019Autorit\u00e0 di Governo, anche in provincia di Belluno ha potenziato qualitativamente l\u2019azione di controllo economico del territorio, in particolare per contrastare il sommerso d\u2019azienda e di lavoro, le frodi fiscali, la contraffazione ed i traffici illeciti in genere, a tutela del \u201cMade in Italy\u201d, a garanzia del bilancio dello Stato, del corretto funzionamento del mercato, della tutela dei consumatori e del sistema produttivo.<br \/>\n<strong>Lotta all&#8217;evasione fiscale<\/strong><\/p>\n<p>Le linee d&#8217;azione della Guardia di Finanza nella lotta all&#8217;evasione fiscale puntano al contrasto dei pi\u00f9 gravi fenomeni, come l&#8217;economia sommersa, le frodi fiscali e l&#8217;evasione internazionale, per i danni che producono non solo al bilancio dello Stato, delle Regioni e degli Enti locali ma anche al &#8220;sistema Italia&#8221;.<\/p>\n<p>L&#8217;attivit\u00e0 di contrasto all&#8217;evasione fiscale, sviluppata dai reparti del Comando Provinciale di Belluno con 595 interventi, ha portato alla individuazione di redditi non dichiarati e costi non deducibili per oltre 42,1 milioni di euro e violazioni all\u2019IVA per 6 milioni di euro.<\/p>\n<p><strong>Nel corso del 2011:<\/strong><br \/>\n\u00a7\u00a0nelle indagini sulle frodi e i reati fiscali sono stati denunciati 27 soggetti (+3,85% rispetto lo scorso anno) principalmente per aver utilizzato (14) o emesso (6) fatture false;<br \/>\n\u00a7\u00a0le investigazioni sui soggetti (imprese, lavoratori autonomi o persone fisiche) sconosciuti al Fisco, perch\u00e9 non presentano le dichiarazioni annuali, ovvero solo parzialmente conosciuti, in quanto omettono di dichiarare oltre il 50% dei propri redditi, hanno portato all\u2019individuazione di una base imponibile sottratta a tassazione per oltre 32 milioni di euro;<br \/>\n\u00a7\u00a0sul fronte dell&#8217;evasione fiscale internazionale, scoperti redditi non dichiarati per circa 10,2 milioni di euro. Sotto la lente delle Fiamme Gialle sono finiti principalmente i trasferimenti all&#8217;estero di capitali per non pagare le tasse in Italia.<br \/>\nProprio in tale ultimo contesto, la Guardia di Finanza di Belluno ha concluso un\u2019articolata attivit\u00e0 di indagine volta al contrasto dei fenomeni evasivi realizzati in ambito internazionale ed alla detenzione in paese a fiscalit\u00e0 privilegiata nei confronti di un soggetto residente a Cortina d\u2019Ampezzo che risultava aver trasferito in Svizzera il proprio \u201ctesoretto\u201d (circa 10 milioni di euro), schermandolo con un finto \u201ctrust\u201d, ma di fatto mantenendone la piena disponibilit\u00e0.<br \/>\nGli accertamenti hanno messo in luce come il trust, istituto di origine anglosassone generalmente finalizzato alla gestione di patrimoni, sia stato costituito ad hoc dal contribuente verificato per schermare il proprio patrimonio costituito in un \u201cparadiso fiscale\u201d.<\/p>\n<p>L\u2019atto di trust, infatti, \u00e8 risultato meramente interposto, in quanto il denaro sul conto svizzero, trasferito oltre confine in violazione alla normativa sul c.d. \u201cmonitoraggio fiscale\u201d, \u00e8 sempre rimasto nella piena disponibilit\u00e0 del soggetto cortinese.<\/p>\n<p>Il peso della cosiddetta \u201cblack economy\u201d rimane rilevante con l\u2019individuazione di 55 evasori totali, cio\u00e8 soggetti economici completamente sconosciuti al Fisco, che hanno sottratto all\u2019imposizione ben 17,3 milioni di euro ed evaso I.V.A. per 3,3 milioni.<br \/>\nGli evasori paratotali scoperti (coloro che hanno evaso redditi superiori ad oltre il 50% di quanto dichiarato) sono invece 11, con una base imponibile sottratta al Fisco di 15 milioni di euro.<\/p>\n<p>Nel corso del 2011, sul versante del contrasto al lavoro nero, sono stati identificati 80 lavoratori irregolari (+17,6% rispetto allo stesso periodo dello scorso anno), di cui 41 completamente \u201cin nero\u201d, cio\u00e8 completamente sconosciuti al sistema contributivo. A seguito delle irregolarit\u00e0 riscontrate sono state avviate in 5 casi le procedure per la sospensione delle attivit\u00e0 a carico di altrettante aziende.<\/p>\n<p>Nel comparto dei controlli strumentali, sono stati eseguiti 2.722 controlli in materia di ricevute e scontrini fiscali, con la constatazione di 121 irregolarit\u00e0, e 859 controlli sul trasporto delle merci. A seguito delle irregolarit\u00e0 riscontrate in 4 casi \u00e8 stata formulata all\u2019Agenzia delle Entrate proposta di chiusura dell\u2019attivit\u00e0 commerciale a carico di altrettanti esercenti (+300% rispetto lo scorso anno).<\/p>\n<p>Sempre pi\u00f9 elevato lo standard di qualit\u00e0 dei controlli: i verbali della Guardia di Finanza, nel 97 % dei casi (+4,5% rispetto allo stesso periodo dello scorso anno), sono stati integralmente recepiti dall&#8217; Agenzia delle Entrate per il successivo accertamento. In aumento anche i casi di coloro che aderiscono spontaneamente ai rilievi mossi dai verificatori del Corpo (+225% rispetto lo scorso anno), per importi superiori del 375% rispetto a quelli riferiti al 2010.<br \/>\n<strong>Lotta agli sprechi di denaro pubblico<\/strong><\/p>\n<p>La lotta da un lato all\u2019evasione fiscale e dall\u2019altro agli sprechi nella pubblica amministrazione rappresentano le due facce della stessa medaglia; la priorit\u00e0 operativa della Guardia di Finanza \u00e8 la tutela del bilancio nazionale, che \u00e8 assicurata anche da una decisa azione contro ogni tipo di spreco ed ogni forma di frode nella gestione della spesa pubblica.<br \/>\nNon solo contrasto all\u2019evasione fiscale dunque, ma anche recupero delle risorse distolte fraudolentemente o colpevolmente dalle finalit\u00e0 pubbliche cui sono destinate.<\/p>\n<p>La Guardia di Finanza, in quanto Corpo di Polizia economico finanziaria a tutela non solo delle entrate, ma anche delle uscite del bilancio nazionale e comunitario, collabora strettamente con le Procure Regionali della Corte dei Conti, competenti per le indagini sui danni erariali.<br \/>\nIn tale ottica, quindi, tutti i soggetti condannati per reati contro la P.A. dovranno rispondere avanti al giudice contabile, oltre che del danno patrimoniale arrecato alle casse pubbliche, anche di quello recato all\u2019immagine della Pubblica Amministrazione nel rapporto con il cittadino.<\/p>\n<p>In provincia di Belluno \u00e8 stato eseguito 1 intervento su delega della Corte dei Conti che ha consentito di far emergere sprechi per oltre 60.000 euro.<\/p>\n<p>Un secondo intervento avviato d\u2019iniziativa ha permesso, invece, di denunciare all\u2019A.G. 1 soggetto per l\u2019indebita percezione dell\u2019indennit\u00e0 di disoccupazione ordinaria nonostante svolgesse, nello stesso periodo, un\u2019attivit\u00e0 lavorativa \u201cin nero\u201d nel comparto turistico.<\/p>\n<p>Inoltre, nel comparto degli aiuti economici e dei servizi sociali di assistenza (ad esempio i contributi per gli affitti, per le mense scolastiche, le borse di studio, le agevolazioni per le tasse universitarie, ecc.) sono stati effettuati 75 controlli, conclusisi con la rilevazione di 12 infrazioni per accertata indebita fruizione di:<br \/>\n\u00a7\u00a0esenzione del ticket per prestazioni ambulatoriali specialistiche e sui medicinali (8 casi);<br \/>\n\u00a7\u00a0benefici sulla riduzione e\/o esenzione delle tasse di iscrizione a corsi di laurea universitari (4 casi).<\/p>\n<p>Nel comparto dei reati contro la Pubblica Amministrazione, sono state accertate 5 violazioni (+25% rispetto lo scorso anno) a carico di 18 soggetti, denunciati a piede libero all\u2019A.G. competente (uno dei quali sottoposto alla misura cautelare degli arresti domiciliari), di cui:<br \/>\n\u00a7\u00a010 per abusivo esercizio della professione;<br \/>\n\u00a7\u00a07 per frode nelle pubbliche forniture di materiale medico \u2013 ospedaliero;<br \/>\n\u00a7\u00a01 per concussione (sottoposto alla misura cautelare degli arresti domiciliari \u2013 operazione \u201cLISTE DISATTESE\u201d \u2013 allegato 3).\u00a0<\/p>\n<p><strong>Contrasto alle infiltrazioni criminali nell\u2019economia e lotta al riciclaggio<\/strong><\/p>\n<p>La strategia del Corpo: colpire le organizzazioni delinquenziali nel cuore dei loro interessi economici e finanziari con investigazioni rivolte, da un lato, a sequestrare e confiscare i patrimoni illeciti (conti correnti, ville, appartamenti, autovetture, barche ecc..) e, dall&#8217;altro, a evitare, con attivit\u00e0 di prevenzione e di repressione, la formazione dei capitali illegali (ad esempio la costituzione di societ\u00e0 di copertura) e la conseguente infiltrazione nell&#8217;economia sana del Paese.<\/p>\n<p>Ulteriore compito istituzionale demandato al Corpo della Guardia di Finanza dal Decreto Legislativo n. 68\/2001 \u00e8 quello sulla prevenzione dell\u2019utilizzo del sistema finanziario a scopo di riciclaggio dei proventi di attivit\u00e0 criminose e di finanziamento del terrorismo.<br \/>\nDetta attivit\u00e0 di servizio, meno nota ma certo non meno importante sul piano della sicurezza economico finanziaria del Paese, viene svolta quotidianamente a seguito dello sviluppo delle cosiddette\u00a0 \u201cSegnalazioni per operazioni sospette\u201d che i vari soggetti obbligati dalla normativa, sono tenuti a fare sulla base di un decalogo elaborato dalla Banca d\u2019Italia \u2013 U.I.F..<\/p>\n<p>Infatti, a seguito dell\u2019entrata in vigore, da ultimo, del Decreto Legislativo 21 novembre 2007, n. 231, una vasta platea di persone fisiche e giuridiche (istituti di credito, operatori finanziari, professionisti, case d\u2019asta e gallerie d\u2019arte, case da gioco, ecc..) hanno l\u2019obbligo di segnalare tutte quelle operazioni ogniqualvolta vi \u00e8 sospetto o vi sono ragionevoli motivi di sospettare che siano in corso o che siano state compiute o tentate operazioni di \u201criciclaggio\u201d di denaro di provenienza illecita.<\/p>\n<p>Nonostante la crisi, il territorio bellunese pu\u00f2 rappresentare un\u2019area di interesse privilegiato per gli investimenti produttivi.<\/p>\n<p>Tale condizione, in un momento economicamente delicato, pu\u00f2 rappresentare una significativa attrattiva per le \u201cconsorterie criminose\u201d per \u201criciclare\u201d o \u201crigenerare\u201d i capitali derivanti dai traffici illeciti, proprio in quei territori ove sono presenti solidi insediamenti industriali.<\/p>\n<p>Per limitare tale rischio, sul territorio, l\u2019attivit\u00e0 delle Fiamme Gialle \u00e8 sviluppata con accurate investigazioni antiriciclaggio, svolte attraverso l\u2019approfondimento di operazioni finanziarie sospette.<br \/>\nLe segnalazioni sospette passate \u201cal setaccio\u201d sono state 20, e a seguito del controllo sono stati verbalizzati 4 soggetti per violazioni amministrative connesse al trasferimento di denaro contante.<\/p>\n<p>Nel 2011 sono state eseguite investigazioni patrimoniali antimafia nei confronti di 4 soggetti, conclusesi con esito negativo.<\/p>\n<p>A seguito di 5 ispezioni antiriciclaggio sono stati denunciati all&#8217;Autorit\u00e0 Giudiziaria 8 soggetti, responsabili, a vario titolo, di aver operato quali agenti in attivit\u00e0 finanziaria senza la prevista iscrizione, di aver omesso la costituzione dell\u2019archivio unico informatico e di aver commesso altre violazioni penali alla normativa antiriciclaggio (D.Lgs. 231\/2007).<\/p>\n<p><strong>Contrasto alla contraffazione e tutela del consumatore\u00a0<\/strong><\/p>\n<p>Il citato Decreto Legislativo 68\/2001 attribuisce alla Guardia di Finanza, fra le tante altre, anche le funzioni di polizia economica finanziaria a tutela del mercato dei beni e dei servizi.<br \/>\nIn tale ottica, le numerose attivit\u00e0 di indagine si risolvono in un servizio a tutela del consumatore, intervenendo in tutte quelle ipotesi in cui vengono posti in commercio beni e servizi non rispondenti alle normative di sicurezza o sanitarie costituendo cos\u00ec una seria minaccia per la salute dei cittadini.<br \/>\nLa tutela del consumatore \u00e8 assicurata dalla Guardia di Finanza anche attraverso la lotta alla contraffazione, che \u00e8 elemento altamente inquinante dell\u2019economia poich\u00e9 produce effetti negativi su pi\u00f9 fronti. Altera, infatti le dinamiche del mercato, a tutto danno degli operatori nazionali corretti che, col loro marchio, rappresentano il nostro paese nel mondo (pensiamo al settore dell\u2019abbigliamento e delle calzature), danneggiando ovviamente anche il consumatore finale, che acquista beni di scarsa qualit\u00e0 e, non di rado, pericolosi per la salute.<\/p>\n<p>Su tale fronte sono stati sequestrati 111 prodotti e circa 10 kg. di prodotto alimentare recanti etichettature contraffatte, o comunque recanti false informazioni.<\/p>\n<p>Inoltre, in materia di sicurezza prodotti sono stati denunciati 8 soggetti (+700% rispetto allo stesso periodo dello scorso anno) e sequestrati 9.300 prodotti (+118,5% rispetto allo stesso periodo dello scorso anno) sprovvisti di marcatura CE, tra cui 234 dispositivi medici in uso a strutture ospedaliere, potenzialmente pericolosi per la salute<\/p>\n<p><strong>Lotta agli stupefacenti<\/strong>\u00a0<\/p>\n<p>L\u2019attivit\u00e0 svolta nel particolare settore ha consentito di porre sotto sequestro piccole quantit\u00e0 di sostanze stupefacenti.<\/p>\n<p>Le osservazioni e l\u2019analisi dell\u2019attivit\u00e0 esperita fanno pensare che la realt\u00e0 bellunese sia interessata dal fenomeno degli stupefacenti e delle sostanze psicotrope quasi esclusivamente come mercato di consumo.<br \/>\n<strong>Ma la Guardia di Finanza \u00e8 anche&#8230;\u00a0<\/strong><\/p>\n<p>CONTROLLO ECONOMICO DEL TERRITORIO: in attuazione del piano straordinario di controlli (triennale), previsto con il decreto legge n. 112\/2008, anche nel 2011, il Corpo \u00e8 stato chiamato a condurre una serie di \u201ccontrolli indicativi di capacit\u00e0 contributiva\u201d, da espletare nei confronti di soggetti che manifestano una \u201ccapacit\u00e0 di spesa\u201d elevata rispetto al contenuto delle dichiarazioni fiscali. In provincia di Belluno sono stati effettuati complessivamente 221 controlli. Si tratta di attivit\u00e0 svolte sul territorio per individuare \u201csacche di evasione\u201d attraverso il rilevamento del possesso di autovetture di lusso, campers, residenze principali e secondarie ed altri beni indicatori di elevata \u201ccapacit\u00e0 di spesa\u201d. Un\u2019eventuale incoerenza tra i dati acquisiti e i redditi dichiarati determiner\u00e0, in presenza di taluni presupposti, l\u2019avvio di verifiche fiscali, al termine delle quali sar\u00e0 possibile ricostruire la reale situazione reddituale dei contribuenti.<\/p>\n<p>SICUREZZA ECONOMICA DEL TERRITORIO: sono state impiegate 1.432 pattuglie nel servizio di pubblica utilit\u00e0 117 che hanno operato 24h su 24 sull\u2019intero contesto provinciale. Tale impegno rappresenta la pi\u00f9 visibile testimonianza della volont\u00e0 della Guardia di Finanza di garantire la tutela dei prioritari interessi economico finanziari ed al contempo di fornire, anche attraverso il controllo del territorio, il concorso alle altre Forze di Polizia per il mantenimento dell\u2019ordine e della sicurezza pubblica.<\/p>\n<p>LOTTA AL CAROVITA: alta \u00e8 stata l\u2019attenzione nella \u201clotta al carovita\u201d, finalizzata a monitorare eventuali anomale dinamiche dei prezzi. E\u2019 proseguita, infatti, la capillare attivit\u00e0 di rilevamento dei prezzi al consumo finalizzata, da un lato, a garantire il corretto andamento del mercato, dall\u2019altro ad utilizzare gli esiti del monitoraggio anche sul piano fiscale.<\/p>\n<p>SOCCORSO ALPINO: le 2 stazioni di Soccorso Alpino della Guardia di Finanza di Cortina d\u2019Ampezzo e Auronzo di Cadore hanno svolto 114 interventi di soccorso, prestando assistenza a 120 persone in pericolo di vita e recuperando 6 salme.<br \/>\nTra i tanti interventi non si pu\u00f2 non ricordare l\u2019intervento di soccorso effettuato la scorsa estate da un militare del Soccorso Alpino della Guardia di Finanza di Auronzo di Cadore che, noncurante del rischio cui esponeva la sua stessa vita, agganciava al proprio moschettone quello di un uomo che stava per suicidarsi, nell\u2019attimo in cui questi stava per lanciarsi nel vuoto, dopo averlo avvicinato, parlandogli con calma, nel tentativo di distoglierlo dal gesto insano.<\/p>\n<p>Tuttora 2 equipaggi di militari del S.A.G.F. di Cortina d\u2019Ampezzo ed Auronzo di Cadore sono impiegati anche in occasione delle straordinarie precipitazioni nevose in provincia di Pesaro, dove, due giorni fa hanno dato il proprio prezioso contributo eseguendo un intervento con elicottero in localit\u00e0\u2019 Fano per il trasferimento in ospedale di un uomo colto da malore, e 2 interventi di salvataggio nei confronti di una persona anziana e di una giovane disabile rimaste isolate.<br \/>\n<strong>CONSIDERAZIONI FINALI<\/strong><\/p>\n<p>La Guardia di Finanza ha gi\u00e0 avviato la programmazione operativa per l\u2019anno 2012, per il contrasto all\u2019evasione ed all\u2019elusione fiscale quale priorit\u00e0 politica del Ministro dell\u2019Economia e delle Finanze, funzionale a perseguire gli obiettivi di stabilizzazione dei mercati finanziari, della situazione economica, della crescita del \u201csistema Paese\u201d.<\/p>\n<p>In questo contesto la Guardia di Finanza \u00e8 chiamata ad assicurare il proprio contributo in maniera sostanziale dimostrando sul campo l\u2019indispensabilit\u00e0 e l\u2019efficacia della propria azione per il contrasto all\u2019evasione, per il concreto recupero delle risorse illecitamente sottratte al bilancio dello Stato.<\/p>\n<p>Le rinnovate linee strategiche della Guardia di Finanza tendono al miglioramento dei risultati della lotta all\u2019evasione fiscale da un punto di vista qualitativo per giungere in tempi rapidi a risultati concreti e tangibili, idonei a ristabilire le condizioni per lo sviluppo e la crescita del Paese.<\/p>\n<p>Le attivit\u00e0 investigative delle \u201cFiamme Gialle\u201d per l\u2019assolvimento delle funzioni di polizia economica e finanziaria saranno caratterizzate da un\u2019azione di contrasto con approccio trasversale seguendo metodi di ricerca informativa umana e tecnologica, mediante software applicativi moderni capaci di tracciare fattori di rischio, anomalie sostanziali e indagini per obiettivi mirati ad un lavoro qualificato ed orientato efficacemente.<\/p>\n<p>In una sola parola: i finanzieri accanto ai contribuenti e cittadini onesti, per la salvaguardia del giusto principio di equit\u00e0 fiscale.<\/p>\n<p>Un obiettivo di valore per sostenere l\u2019imprenditoria sana, per la tutela legale del Paese.<\/p>","protected":false},"excerpt":{"rendered":"<p>La Guardia di Finanza, in qualit\u00e0 di polizia economico &#8211; finanziaria, in linea con le direttive dell\u2019Autorit\u00e0 di Governo, anche in provincia di Belluno ha potenziato qualitativamente l\u2019azione di controllo economico del territorio, in particolare per contrastare il sommerso d\u2019azienda e di lavoro, le frodi fiscali, la contraffazione ed i traffici illeciti in genere, a [&hellip;]<\/p>\n","protected":false},"author":2,"featured_media":0,"comment_status":"closed","ping_status":"open","sticky":false,"template":"","format":"standard","meta":{"footnotes":""},"categories":[5,26],"tags":[],"class_list":["post-35163","post","type-post","status-publish","format-standard","category-cronaca","category-prima-pagina"],"yoast_head":"<!-- This site is optimized with the Yoast SEO plugin v28.4 - https:\/\/yoast.com\/product\/yoast-seo-wordpress\/ -->\n<title>Il bilancio 2011 della Guardia di Finanza di Belluno - Bellunopress - Dolomiti<\/title>\n<meta name=\"robots\" content=\"index, follow, max-snippet:-1, max-image-preview:large, max-video-preview:-1\" \/>\n<link rel=\"canonical\" href=\"https:\/\/www.bellunopress.it\/fr\/2012\/02\/16\/il-bilancio-2011-della-guardia-di-finanza-di-belluno\/\" \/>\n<meta property=\"og:locale\" content=\"fr_FR\" \/>\n<meta property=\"og:type\" content=\"article\" \/>\n<meta property=\"og:title\" content=\"Il bilancio 2011 della Guardia di Finanza di Belluno - Bellunopress - Dolomiti\" \/>\n<meta property=\"og:description\" content=\"La Guardia di Finanza, in qualit\u00e0 di polizia economico &#8211; finanziaria, in linea con le direttive dell\u2019Autorit\u00e0 di Governo, anche in provincia di Belluno ha potenziato qualitativamente l\u2019azione di controllo economico del territorio, in particolare per contrastare il sommerso d\u2019azienda e di lavoro, le frodi fiscali, la contraffazione ed i traffici illeciti in genere, a [&hellip;]\" \/>\n<meta property=\"og:url\" content=\"https:\/\/www.bellunopress.it\/fr\/2012\/02\/16\/il-bilancio-2011-della-guardia-di-finanza-di-belluno\/\" \/>\n<meta property=\"og:site_name\" content=\"Bellunopress - Dolomiti\" \/>\n<meta property=\"article:publisher\" content=\"https:\/\/www.facebook.com\/profile.php?id=100008943462799\" \/>\n<meta property=\"article:published_time\" content=\"2012-02-16T08:09:24+00:00\" \/>\n<meta property=\"og:image\" content=\"http:\/\/www.bellunopress.it\/wp-content\/uploads\/2010\/01\/guardia-finanza-belluno.jpg\" \/>\n<meta name=\"author\" content=\"redazione\" \/>\n<meta name=\"twitter:card\" content=\"summary_large_image\" \/>\n<meta name=\"twitter:creator\" content=\"@bellunopress\" \/>\n<meta name=\"twitter:site\" content=\"@bellunopress\" \/>\n<meta name=\"twitter:label1\" content=\"\u00c9crit par\" \/>\n\t<meta name=\"twitter:data1\" content=\"redazione\" \/>\n\t<meta name=\"twitter:label2\" content=\"Dur\u00e9e de lecture estim\u00e9e\" \/>\n\t<meta name=\"twitter:data2\" content=\"12 minutes\" \/>\n<script type=\"application\/ld+json\" class=\"yoast-schema-graph\">{\"@context\":\"https:\\\/\\\/schema.org\",\"@graph\":[{\"@type\":\"Article\",\"@id\":\"https:\\\/\\\/www.bellunopress.it\\\/2012\\\/02\\\/16\\\/il-bilancio-2011-della-guardia-di-finanza-di-belluno\\\/#article\",\"isPartOf\":{\"@id\":\"https:\\\/\\\/www.bellunopress.it\\\/2012\\\/02\\\/16\\\/il-bilancio-2011-della-guardia-di-finanza-di-belluno\\\/\"},\"author\":{\"name\":\"redazione\",\"@id\":\"https:\\\/\\\/www.bellunopress.it\\\/#\\\/schema\\\/person\\\/79bb06722b37ece1c03d3e94beb30d73\"},\"headline\":\"Il bilancio 2011 della Guardia di Finanza di Belluno\",\"datePublished\":\"2012-02-16T08:09:24+00:00\",\"mainEntityOfPage\":{\"@id\":\"https:\\\/\\\/www.bellunopress.it\\\/2012\\\/02\\\/16\\\/il-bilancio-2011-della-guardia-di-finanza-di-belluno\\\/\"},\"wordCount\":2444,\"publisher\":{\"@id\":\"https:\\\/\\\/www.bellunopress.it\\\/#organization\"},\"image\":{\"@id\":\"https:\\\/\\\/www.bellunopress.it\\\/2012\\\/02\\\/16\\\/il-bilancio-2011-della-guardia-di-finanza-di-belluno\\\/#primaryimage\"},\"thumbnailUrl\":\"http:\\\/\\\/www.bellunopress.it\\\/wp-content\\\/uploads\\\/2010\\\/01\\\/guardia-finanza-belluno.jpg\",\"articleSection\":[\"Cronaca\\\/Politica\",\"Prima Pagina\"],\"inLanguage\":\"fr-FR\"},{\"@type\":\"WebPage\",\"@id\":\"https:\\\/\\\/www.bellunopress.it\\\/2012\\\/02\\\/16\\\/il-bilancio-2011-della-guardia-di-finanza-di-belluno\\\/\",\"url\":\"https:\\\/\\\/www.bellunopress.it\\\/2012\\\/02\\\/16\\\/il-bilancio-2011-della-guardia-di-finanza-di-belluno\\\/\",\"name\":\"Il bilancio 2011 della Guardia di Finanza di Belluno - Bellunopress - Dolomiti\",\"isPartOf\":{\"@id\":\"https:\\\/\\\/www.bellunopress.it\\\/#website\"},\"primaryImageOfPage\":{\"@id\":\"https:\\\/\\\/www.bellunopress.it\\\/2012\\\/02\\\/16\\\/il-bilancio-2011-della-guardia-di-finanza-di-belluno\\\/#primaryimage\"},\"image\":{\"@id\":\"https:\\\/\\\/www.bellunopress.it\\\/2012\\\/02\\\/16\\\/il-bilancio-2011-della-guardia-di-finanza-di-belluno\\\/#primaryimage\"},\"thumbnailUrl\":\"http:\\\/\\\/www.bellunopress.it\\\/wp-content\\\/uploads\\\/2010\\\/01\\\/guardia-finanza-belluno.jpg\",\"datePublished\":\"2012-02-16T08:09:24+00:00\",\"breadcrumb\":{\"@id\":\"https:\\\/\\\/www.bellunopress.it\\\/2012\\\/02\\\/16\\\/il-bilancio-2011-della-guardia-di-finanza-di-belluno\\\/#breadcrumb\"},\"inLanguage\":\"fr-FR\",\"potentialAction\":[{\"@type\":\"ReadAction\",\"target\":[\"https:\\\/\\\/www.bellunopress.it\\\/2012\\\/02\\\/16\\\/il-bilancio-2011-della-guardia-di-finanza-di-belluno\\\/\"]}]},{\"@type\":\"ImageObject\",\"inLanguage\":\"fr-FR\",\"@id\":\"https:\\\/\\\/www.bellunopress.it\\\/2012\\\/02\\\/16\\\/il-bilancio-2011-della-guardia-di-finanza-di-belluno\\\/#primaryimage\",\"url\":\"http:\\\/\\\/www.bellunopress.it\\\/wp-content\\\/uploads\\\/2010\\\/01\\\/guardia-finanza-belluno.jpg\",\"contentUrl\":\"http:\\\/\\\/www.bellunopress.it\\\/wp-content\\\/uploads\\\/2010\\\/01\\\/guardia-finanza-belluno.jpg\"},{\"@type\":\"BreadcrumbList\",\"@id\":\"https:\\\/\\\/www.bellunopress.it\\\/2012\\\/02\\\/16\\\/il-bilancio-2011-della-guardia-di-finanza-di-belluno\\\/#breadcrumb\",\"itemListElement\":[{\"@type\":\"ListItem\",\"position\":1,\"name\":\"Home\",\"item\":\"https:\\\/\\\/www.bellunopress.it\\\/\"},{\"@type\":\"ListItem\",\"position\":2,\"name\":\"Il bilancio 2011 della Guardia di Finanza di Belluno\"}]},{\"@type\":\"WebSite\",\"@id\":\"https:\\\/\\\/www.bellunopress.it\\\/#website\",\"url\":\"https:\\\/\\\/www.bellunopress.it\\\/\",\"name\":\"Bellunopress - Dolomiti\",\"description\":\"e-mail: redazione@bellunopress.it\",\"publisher\":{\"@id\":\"https:\\\/\\\/www.bellunopress.it\\\/#organization\"},\"potentialAction\":[{\"@type\":\"SearchAction\",\"target\":{\"@type\":\"EntryPoint\",\"urlTemplate\":\"https:\\\/\\\/www.bellunopress.it\\\/?s={search_term_string}\"},\"query-input\":{\"@type\":\"PropertyValueSpecification\",\"valueRequired\":true,\"valueName\":\"search_term_string\"}}],\"inLanguage\":\"fr-FR\"},{\"@type\":\"Organization\",\"@id\":\"https:\\\/\\\/www.bellunopress.it\\\/#organization\",\"name\":\"Bellunopress\",\"url\":\"https:\\\/\\\/www.bellunopress.it\\\/\",\"logo\":{\"@type\":\"ImageObject\",\"inLanguage\":\"fr-FR\",\"@id\":\"https:\\\/\\\/www.bellunopress.it\\\/#\\\/schema\\\/logo\\\/image\\\/\",\"url\":\"https:\\\/\\\/www.bellunopress.it\\\/wp-content\\\/uploads\\\/2011\\\/05\\\/cropped-logo-bellunopress-.jpg\",\"contentUrl\":\"https:\\\/\\\/www.bellunopress.it\\\/wp-content\\\/uploads\\\/2011\\\/05\\\/cropped-logo-bellunopress-.jpg\",\"width\":512,\"height\":512,\"caption\":\"Bellunopress\"},\"image\":{\"@id\":\"https:\\\/\\\/www.bellunopress.it\\\/#\\\/schema\\\/logo\\\/image\\\/\"},\"sameAs\":[\"https:\\\/\\\/www.facebook.com\\\/profile.php?id=100008943462799\",\"https:\\\/\\\/x.com\\\/bellunopress\",\"https:\\\/\\\/www.linkedin.com\\\/hp\\\/?dnr=JBzUWaJfMUw8vbXJJ2tVW5-I3jZKvC4wsoxE&amp;amp;amp;amp;amp;amp;trk=nav_responsive_tab_home\",\"https:\\\/\\\/www.youtube.com\\\/channel\\\/UCxL0wu1uN0_3_7hGG0306cw\"]},{\"@type\":\"Person\",\"@id\":\"https:\\\/\\\/www.bellunopress.it\\\/#\\\/schema\\\/person\\\/79bb06722b37ece1c03d3e94beb30d73\",\"name\":\"redazione\",\"image\":{\"@type\":\"ImageObject\",\"inLanguage\":\"fr-FR\",\"@id\":\"https:\\\/\\\/secure.gravatar.com\\\/avatar\\\/37d968a2e67a6fd04c169c4bdef102d0bc5d31b2546345219e348575eb80e9a0?s=96&d=mm&r=g\",\"url\":\"https:\\\/\\\/secure.gravatar.com\\\/avatar\\\/37d968a2e67a6fd04c169c4bdef102d0bc5d31b2546345219e348575eb80e9a0?s=96&d=mm&r=g\",\"contentUrl\":\"https:\\\/\\\/secure.gravatar.com\\\/avatar\\\/37d968a2e67a6fd04c169c4bdef102d0bc5d31b2546345219e348575eb80e9a0?s=96&d=mm&r=g\",\"caption\":\"redazione\"},\"sameAs\":[\"http:\\\/\\\/www.bellunopress.it\",\"https:\\\/\\\/x.com\\\/bellunopress\"],\"url\":\"https:\\\/\\\/www.bellunopress.it\\\/fr\\\/author\\\/redazione\\\/\"}]}<\/script>\n<!-- \/ Yoast SEO plugin. -->","yoast_head_json":{"title":"Il bilancio 2011 della Guardia di Finanza di Belluno - Bellunopress - Dolomiti","robots":{"index":"index","follow":"follow","max-snippet":"max-snippet:-1","max-image-preview":"max-image-preview:large","max-video-preview":"max-video-preview:-1"},"canonical":"https:\/\/www.bellunopress.it\/fr\/2012\/02\/16\/il-bilancio-2011-della-guardia-di-finanza-di-belluno\/","og_locale":"fr_FR","og_type":"article","og_title":"Il bilancio 2011 della Guardia di Finanza di Belluno - Bellunopress - Dolomiti","og_description":"La Guardia di Finanza, in qualit\u00e0 di polizia economico &#8211; finanziaria, in linea con le direttive dell\u2019Autorit\u00e0 di Governo, anche in provincia di Belluno ha potenziato qualitativamente l\u2019azione di controllo economico del territorio, in particolare per contrastare il sommerso d\u2019azienda e di lavoro, le frodi fiscali, la contraffazione ed i traffici illeciti in genere, a [&hellip;]","og_url":"https:\/\/www.bellunopress.it\/fr\/2012\/02\/16\/il-bilancio-2011-della-guardia-di-finanza-di-belluno\/","og_site_name":"Bellunopress - Dolomiti","article_publisher":"https:\/\/www.facebook.com\/profile.php?id=100008943462799","article_published_time":"2012-02-16T08:09:24+00:00","og_image":[{"url":"http:\/\/www.bellunopress.it\/wp-content\/uploads\/2010\/01\/guardia-finanza-belluno.jpg","type":"","width":"","height":""}],"author":"redazione","twitter_card":"summary_large_image","twitter_creator":"@bellunopress","twitter_site":"@bellunopress","twitter_misc":{"\u00c9crit par":"redazione","Dur\u00e9e de lecture estim\u00e9e":"12 minutes"},"schema":{"@context":"https:\/\/schema.org","@graph":[{"@type":"Article","@id":"https:\/\/www.bellunopress.it\/2012\/02\/16\/il-bilancio-2011-della-guardia-di-finanza-di-belluno\/#article","isPartOf":{"@id":"https:\/\/www.bellunopress.it\/2012\/02\/16\/il-bilancio-2011-della-guardia-di-finanza-di-belluno\/"},"author":{"name":"redazione","@id":"https:\/\/www.bellunopress.it\/#\/schema\/person\/79bb06722b37ece1c03d3e94beb30d73"},"headline":"Il bilancio 2011 della Guardia di Finanza di Belluno","datePublished":"2012-02-16T08:09:24+00:00","mainEntityOfPage":{"@id":"https:\/\/www.bellunopress.it\/2012\/02\/16\/il-bilancio-2011-della-guardia-di-finanza-di-belluno\/"},"wordCount":2444,"publisher":{"@id":"https:\/\/www.bellunopress.it\/#organization"},"image":{"@id":"https:\/\/www.bellunopress.it\/2012\/02\/16\/il-bilancio-2011-della-guardia-di-finanza-di-belluno\/#primaryimage"},"thumbnailUrl":"http:\/\/www.bellunopress.it\/wp-content\/uploads\/2010\/01\/guardia-finanza-belluno.jpg","articleSection":["Cronaca\/Politica","Prima Pagina"],"inLanguage":"fr-FR"},{"@type":"WebPage","@id":"https:\/\/www.bellunopress.it\/2012\/02\/16\/il-bilancio-2011-della-guardia-di-finanza-di-belluno\/","url":"https:\/\/www.bellunopress.it\/2012\/02\/16\/il-bilancio-2011-della-guardia-di-finanza-di-belluno\/","name":"Il bilancio 2011 della Guardia di Finanza di Belluno - Bellunopress - Dolomiti","isPartOf":{"@id":"https:\/\/www.bellunopress.it\/#website"},"primaryImageOfPage":{"@id":"https:\/\/www.bellunopress.it\/2012\/02\/16\/il-bilancio-2011-della-guardia-di-finanza-di-belluno\/#primaryimage"},"image":{"@id":"https:\/\/www.bellunopress.it\/2012\/02\/16\/il-bilancio-2011-della-guardia-di-finanza-di-belluno\/#primaryimage"},"thumbnailUrl":"http:\/\/www.bellunopress.it\/wp-content\/uploads\/2010\/01\/guardia-finanza-belluno.jpg","datePublished":"2012-02-16T08:09:24+00:00","breadcrumb":{"@id":"https:\/\/www.bellunopress.it\/2012\/02\/16\/il-bilancio-2011-della-guardia-di-finanza-di-belluno\/#breadcrumb"},"inLanguage":"fr-FR","potentialAction":[{"@type":"ReadAction","target":["https:\/\/www.bellunopress.it\/2012\/02\/16\/il-bilancio-2011-della-guardia-di-finanza-di-belluno\/"]}]},{"@type":"ImageObject","inLanguage":"fr-FR","@id":"https:\/\/www.bellunopress.it\/2012\/02\/16\/il-bilancio-2011-della-guardia-di-finanza-di-belluno\/#primaryimage","url":"http:\/\/www.bellunopress.it\/wp-content\/uploads\/2010\/01\/guardia-finanza-belluno.jpg","contentUrl":"http:\/\/www.bellunopress.it\/wp-content\/uploads\/2010\/01\/guardia-finanza-belluno.jpg"},{"@type":"BreadcrumbList","@id":"https:\/\/www.bellunopress.it\/2012\/02\/16\/il-bilancio-2011-della-guardia-di-finanza-di-belluno\/#breadcrumb","itemListElement":[{"@type":"ListItem","position":1,"name":"Home","item":"https:\/\/www.bellunopress.it\/"},{"@type":"ListItem","position":2,"name":"Il bilancio 2011 della Guardia di Finanza di Belluno"}]},{"@type":"WebSite","@id":"https:\/\/www.bellunopress.it\/#website","url":"https:\/\/www.bellunopress.it\/","name":"Bellunopress - Dolomiti","description":"e-mail: redazione@bellunopress.it","publisher":{"@id":"https:\/\/www.bellunopress.it\/#organization"},"potentialAction":[{"@type":"SearchAction","target":{"@type":"EntryPoint","urlTemplate":"https:\/\/www.bellunopress.it\/?s={search_term_string}"},"query-input":{"@type":"PropertyValueSpecification","valueRequired":true,"valueName":"search_term_string"}}],"inLanguage":"fr-FR"},{"@type":"Organization","@id":"https:\/\/www.bellunopress.it\/#organization","name":"Bellunopress","url":"https:\/\/www.bellunopress.it\/","logo":{"@type":"ImageObject","inLanguage":"fr-FR","@id":"https:\/\/www.bellunopress.it\/#\/schema\/logo\/image\/","url":"https:\/\/www.bellunopress.it\/wp-content\/uploads\/2011\/05\/cropped-logo-bellunopress-.jpg","contentUrl":"https:\/\/www.bellunopress.it\/wp-content\/uploads\/2011\/05\/cropped-logo-bellunopress-.jpg","width":512,"height":512,"caption":"Bellunopress"},"image":{"@id":"https:\/\/www.bellunopress.it\/#\/schema\/logo\/image\/"},"sameAs":["https:\/\/www.facebook.com\/profile.php?id=100008943462799","https:\/\/x.com\/bellunopress","https:\/\/www.linkedin.com\/hp\/?dnr=JBzUWaJfMUw8vbXJJ2tVW5-I3jZKvC4wsoxE&amp;amp;amp;amp;amp;amp;trk=nav_responsive_tab_home","https:\/\/www.youtube.com\/channel\/UCxL0wu1uN0_3_7hGG0306cw"]},{"@type":"Person","@id":"https:\/\/www.bellunopress.it\/#\/schema\/person\/79bb06722b37ece1c03d3e94beb30d73","name":"r\u00e9daction","image":{"@type":"ImageObject","inLanguage":"fr-FR","@id":"https:\/\/secure.gravatar.com\/avatar\/37d968a2e67a6fd04c169c4bdef102d0bc5d31b2546345219e348575eb80e9a0?s=96&d=mm&r=g","url":"https:\/\/secure.gravatar.com\/avatar\/37d968a2e67a6fd04c169c4bdef102d0bc5d31b2546345219e348575eb80e9a0?s=96&d=mm&r=g","contentUrl":"https:\/\/secure.gravatar.com\/avatar\/37d968a2e67a6fd04c169c4bdef102d0bc5d31b2546345219e348575eb80e9a0?s=96&d=mm&r=g","caption":"redazione"},"sameAs":["http:\/\/www.bellunopress.it","https:\/\/x.com\/bellunopress"],"url":"https:\/\/www.bellunopress.it\/fr\/author\/redazione\/"}]}},"_links":{"self":[{"href":"https:\/\/www.bellunopress.it\/fr\/wp-json\/wp\/v2\/posts\/35163","targetHints":{"allow":["GET"]}}],"collection":[{"href":"https:\/\/www.bellunopress.it\/fr\/wp-json\/wp\/v2\/posts"}],"about":[{"href":"https:\/\/www.bellunopress.it\/fr\/wp-json\/wp\/v2\/types\/post"}],"author":[{"embeddable":true,"href":"https:\/\/www.bellunopress.it\/fr\/wp-json\/wp\/v2\/users\/2"}],"replies":[{"embeddable":true,"href":"https:\/\/www.bellunopress.it\/fr\/wp-json\/wp\/v2\/comments?post=35163"}],"version-history":[{"count":1,"href":"https:\/\/www.bellunopress.it\/fr\/wp-json\/wp\/v2\/posts\/35163\/revisions"}],"predecessor-version":[{"id":35164,"href":"https:\/\/www.bellunopress.it\/fr\/wp-json\/wp\/v2\/posts\/35163\/revisions\/35164"}],"wp:attachment":[{"href":"https:\/\/www.bellunopress.it\/fr\/wp-json\/wp\/v2\/media?parent=35163"}],"wp:term":[{"taxonomy":"category","embeddable":true,"href":"https:\/\/www.bellunopress.it\/fr\/wp-json\/wp\/v2\/categories?post=35163"},{"taxonomy":"post_tag","embeddable":true,"href":"https:\/\/www.bellunopress.it\/fr\/wp-json\/wp\/v2\/tags?post=35163"}],"curies":[{"name":"wp","href":"https:\/\/api.w.org\/{rel}","templated":true}]}}