{"id":35156,"date":"2012-02-15T21:50:26","date_gmt":"2012-02-15T20:50:26","guid":{"rendered":"http:\/\/www.bellunopress.it\/?p=35156"},"modified":"2012-02-15T21:50:26","modified_gmt":"2012-02-15T20:50:26","slug":"cortinametraggio-2012-ecco-la-selezione-definitiva-per-il-concorso-corticomedy-dedicato-ai-cortometraggi-italiani-di-commedia","status":"publish","type":"post","link":"https:\/\/www.bellunopress.it\/fr\/2012\/02\/15\/cortinametraggio-2012-ecco-la-selezione-definitiva-per-il-concorso-corticomedy-dedicato-ai-cortometraggi-italiani-di-commedia\/","title":{"rendered":"Cortinametraggio 2012: ecco la selezione definitiva per il concorso \u201cCorticomedy\u201d, dedicato ai cortometraggi italiani di commedia"},"content":{"rendered":"<p><a href=\"http:\/\/www.bellunopress.it\/wp-content\/uploads\/2011\/02\/cortinametraggio.jpg\"><img loading=\"lazy\" decoding=\"async\" class=\"alignleft size-full wp-image-24185\" title=\"cortinametraggio\" src=\"http:\/\/www.bellunopress.it\/wp-content\/uploads\/2011\/02\/cortinametraggio.jpg\" alt=\"\" width=\"255\" height=\"285\" \/><\/a>Saranno 28 i cortometraggi italiani di commedia che concorreranno, per la sezione Corticomedy di Cortinametraggio 2012, all\u2019assegnazione del premio \u201cLotus Production\u201d di 5.000 euro al miglior corto assoluto e di tanti altri riconoscimenti: il premio del pubblico al miglior corto \u201cGrand Hotel Savoia\u201d, il premio \u201cFranz Kraler\u201d alla miglior sceneggiatura, il premio \u201cYounger &amp; Bresson\u201d al miglior attore e alla miglior attrice, il premio \u201cCinemaitaliano.info\u201d ai migliori dialoghi. Questa la lista dei lavori selezionati, che verranno proiettati nell\u2019ambito del festival Cortinametraggio, in programma dal 20 al 24 marzo a Cortina d\u2019Ampezzo: &#8211; 108,1 FM RADIO\u00a0\u00a0 di Angelo e Giuseppe Capasso<\/p>\n<p>&#8211; BIBLIOTECARY MOUSE\u00a0 di Riccardo Banfi<\/p>\n<p>&#8211; BLACK OUT\u00a0 di Daniele Riccioni<\/p>\n<p>&#8211; CHAPEAU! di Alessandra Cardone<\/p>\n<p>&#8211; HOLD ME CLOTHES di Evgenia Golubeva, Marco Castellani<\/p>\n<p>&#8211; IL MATRIMONIO\u00a0\u00a0 di Tilde Di Dio<\/p>\n<p>&#8211; DUE CONTRO DUE\u00a0 di Stefano Amadio<\/p>\n<p>&#8211; COME VA A FINIRE?\u00a0\u00a0 di Angelo Caruso<\/p>\n<p>&#8211; DISINSTALLARE UN AMORE\u00a0 di Alessia Scarso<\/p>\n<p>&#8211; FRAGOMENI ULTIMO ROUND\u00a0 di Michele Cadei<\/p>\n<p>&#8211; GAMBA TRISTA di Francesco Filippi<\/p>\n<p>&#8211;\u00a0 OMBRA di Loredana Erbetta, Manuela Gualtieri, Irene Piccinato<\/p>\n<p>&#8211; PERFETTA\u00a0 di Federico Brugia<\/p>\n<p>&#8211;\u00a0 TUTTO DA SOLA\u00a0 di Carlo Chiaramonte<\/p>\n<p>&#8211; IT\u2019S A MIRACLE di Mauro Graiani, Riccardo Irrera, Alessandro Pondi, Paolo Logli<\/p>\n<p>&#8211; LA META&#8217; DELLA META&#8217;\u00a0 di Francesco Minarini<\/p>\n<p>&#8211; LEI E L\u2019ALTRA\u00a0 di Massimo Nardari<\/p>\n<p>&#8211; RISORSE UMANE FRESCHE DI GIORNATA\u00a0 di Marco Giallonardi<\/p>\n<p>&#8211; IL TRONCOMUTO\u00a0 di Matteo Parenti<\/p>\n<p>&#8211; TUTTO CALCOLATO\u00a0 di Alessio de Leonardis<\/p>\n<p>&#8211; HOT CHOCOLATE di Fabio Garofalo<\/p>\n<p>&#8211; COUNT DOWN di Max Croci<\/p>\n<p>&#8211; DISABILI di Angelo Cretella<\/p>\n<p>&#8211; IL NUMERO DI SHARON di Roberto Gagnor<\/p>\n<p>&#8211; LA VITA E\u2019 UN\u2019ALTRA COSA di Camilla Filippi<\/p>\n<p>&#8211; SOTTO CASA di Alessio Lauria<\/p>\n<p>&#8211; IN FONDO A DESTRA di Valerio Groppa<\/p>\n<p>&#8211; ME E RE di Marco Renda<\/p>","protected":false},"excerpt":{"rendered":"<p>Saranno 28 i cortometraggi italiani di commedia che concorreranno, per la sezione Corticomedy di Cortinametraggio 2012, all\u2019assegnazione del premio \u201cLotus Production\u201d di 5.000 euro al miglior corto assoluto e di tanti altri riconoscimenti: il premio del pubblico al miglior corto \u201cGrand Hotel Savoia\u201d, il premio \u201cFranz Kraler\u201d alla miglior sceneggiatura, il premio \u201cYounger &amp; Bresson\u201d [&hellip;]<\/p>\n","protected":false},"author":2,"featured_media":0,"comment_status":"closed","ping_status":"open","sticky":false,"template":"","format":"standard","meta":{"footnotes":""},"categories":[27,3,26],"tags":[],"class_list":["post-35156","post","type-post","status-publish","format-standard","category-appuntamenti","category-arte-cultura-spettacoli-scienza-archivi","category-prima-pagina"],"yoast_head":"<!-- This site is optimized with the Yoast SEO plugin v28.4 - https:\/\/yoast.com\/product\/yoast-seo-wordpress\/ -->\n<title>Cortinametraggio 2012: ecco la selezione definitiva per il concorso \u201cCorticomedy\u201d, dedicato ai cortometraggi italiani di commedia  - Bellunopress - Dolomiti<\/title>\n<meta name=\"robots\" content=\"index, follow, max-snippet:-1, max-image-preview:large, max-video-preview:-1\" \/>\n<link rel=\"canonical\" href=\"https:\/\/www.bellunopress.it\/fr\/2012\/02\/15\/cortinametraggio-2012-ecco-la-selezione-definitiva-per-il-concorso-corticomedy-dedicato-ai-cortometraggi-italiani-di-commedia\/\" \/>\n<meta property=\"og:locale\" content=\"fr_FR\" \/>\n<meta property=\"og:type\" content=\"article\" \/>\n<meta property=\"og:title\" content=\"Cortinametraggio 2012: ecco la selezione definitiva per il concorso \u201cCorticomedy\u201d, dedicato ai cortometraggi italiani di commedia  - Bellunopress - Dolomiti\" \/>\n<meta property=\"og:description\" content=\"Saranno 28 i cortometraggi italiani di commedia che concorreranno, per la sezione Corticomedy di Cortinametraggio 2012, all\u2019assegnazione del premio \u201cLotus Production\u201d di 5.000 euro al miglior corto assoluto e di tanti altri riconoscimenti: il premio del pubblico al miglior corto \u201cGrand Hotel Savoia\u201d, il premio \u201cFranz Kraler\u201d alla miglior sceneggiatura, il premio \u201cYounger &amp; Bresson\u201d [&hellip;]\" \/>\n<meta property=\"og:url\" content=\"https:\/\/www.bellunopress.it\/fr\/2012\/02\/15\/cortinametraggio-2012-ecco-la-selezione-definitiva-per-il-concorso-corticomedy-dedicato-ai-cortometraggi-italiani-di-commedia\/\" \/>\n<meta property=\"og:site_name\" content=\"Bellunopress - Dolomiti\" \/>\n<meta property=\"article:publisher\" content=\"https:\/\/www.facebook.com\/profile.php?id=100008943462799\" \/>\n<meta property=\"article:published_time\" content=\"2012-02-15T20:50:26+00:00\" \/>\n<meta property=\"og:image\" content=\"http:\/\/www.bellunopress.it\/wp-content\/uploads\/2011\/02\/cortinametraggio.jpg\" \/>\n<meta name=\"author\" content=\"redazione\" \/>\n<meta name=\"twitter:card\" content=\"summary_large_image\" \/>\n<meta name=\"twitter:creator\" content=\"@bellunopress\" \/>\n<meta name=\"twitter:site\" content=\"@bellunopress\" \/>\n<meta name=\"twitter:label1\" content=\"\u00c9crit par\" \/>\n\t<meta name=\"twitter:data1\" content=\"redazione\" \/>\n\t<meta name=\"twitter:label2\" content=\"Dur\u00e9e de lecture estim\u00e9e\" \/>\n\t<meta name=\"twitter:data2\" content=\"1 minute\" \/>\n<script type=\"application\/ld+json\" class=\"yoast-schema-graph\">{\"@context\":\"https:\\\/\\\/schema.org\",\"@graph\":[{\"@type\":\"Article\",\"@id\":\"https:\\\/\\\/www.bellunopress.it\\\/2012\\\/02\\\/15\\\/cortinametraggio-2012-ecco-la-selezione-definitiva-per-il-concorso-corticomedy-dedicato-ai-cortometraggi-italiani-di-commedia\\\/#article\",\"isPartOf\":{\"@id\":\"https:\\\/\\\/www.bellunopress.it\\\/2012\\\/02\\\/15\\\/cortinametraggio-2012-ecco-la-selezione-definitiva-per-il-concorso-corticomedy-dedicato-ai-cortometraggi-italiani-di-commedia\\\/\"},\"author\":{\"name\":\"redazione\",\"@id\":\"https:\\\/\\\/www.bellunopress.it\\\/#\\\/schema\\\/person\\\/79bb06722b37ece1c03d3e94beb30d73\"},\"headline\":\"Cortinametraggio 2012: ecco la selezione definitiva per il concorso \u201cCorticomedy\u201d, dedicato ai cortometraggi italiani di commedia\",\"datePublished\":\"2012-02-15T20:50:26+00:00\",\"mainEntityOfPage\":{\"@id\":\"https:\\\/\\\/www.bellunopress.it\\\/2012\\\/02\\\/15\\\/cortinametraggio-2012-ecco-la-selezione-definitiva-per-il-concorso-corticomedy-dedicato-ai-cortometraggi-italiani-di-commedia\\\/\"},\"wordCount\":310,\"publisher\":{\"@id\":\"https:\\\/\\\/www.bellunopress.it\\\/#organization\"},\"image\":{\"@id\":\"https:\\\/\\\/www.bellunopress.it\\\/2012\\\/02\\\/15\\\/cortinametraggio-2012-ecco-la-selezione-definitiva-per-il-concorso-corticomedy-dedicato-ai-cortometraggi-italiani-di-commedia\\\/#primaryimage\"},\"thumbnailUrl\":\"http:\\\/\\\/www.bellunopress.it\\\/wp-content\\\/uploads\\\/2011\\\/02\\\/cortinametraggio.jpg\",\"articleSection\":[\"Appuntamenti, Eventi\",\"Arte, Cultura, Spettacoli, Scienza\",\"Prima Pagina\"],\"inLanguage\":\"fr-FR\"},{\"@type\":\"WebPage\",\"@id\":\"https:\\\/\\\/www.bellunopress.it\\\/2012\\\/02\\\/15\\\/cortinametraggio-2012-ecco-la-selezione-definitiva-per-il-concorso-corticomedy-dedicato-ai-cortometraggi-italiani-di-commedia\\\/\",\"url\":\"https:\\\/\\\/www.bellunopress.it\\\/2012\\\/02\\\/15\\\/cortinametraggio-2012-ecco-la-selezione-definitiva-per-il-concorso-corticomedy-dedicato-ai-cortometraggi-italiani-di-commedia\\\/\",\"name\":\"Cortinametraggio 2012: ecco la selezione definitiva per il concorso \u201cCorticomedy\u201d, dedicato ai cortometraggi italiani di commedia - Bellunopress - Dolomiti\",\"isPartOf\":{\"@id\":\"https:\\\/\\\/www.bellunopress.it\\\/#website\"},\"primaryImageOfPage\":{\"@id\":\"https:\\\/\\\/www.bellunopress.it\\\/2012\\\/02\\\/15\\\/cortinametraggio-2012-ecco-la-selezione-definitiva-per-il-concorso-corticomedy-dedicato-ai-cortometraggi-italiani-di-commedia\\\/#primaryimage\"},\"image\":{\"@id\":\"https:\\\/\\\/www.bellunopress.it\\\/2012\\\/02\\\/15\\\/cortinametraggio-2012-ecco-la-selezione-definitiva-per-il-concorso-corticomedy-dedicato-ai-cortometraggi-italiani-di-commedia\\\/#primaryimage\"},\"thumbnailUrl\":\"http:\\\/\\\/www.bellunopress.it\\\/wp-content\\\/uploads\\\/2011\\\/02\\\/cortinametraggio.jpg\",\"datePublished\":\"2012-02-15T20:50:26+00:00\",\"breadcrumb\":{\"@id\":\"https:\\\/\\\/www.bellunopress.it\\\/2012\\\/02\\\/15\\\/cortinametraggio-2012-ecco-la-selezione-definitiva-per-il-concorso-corticomedy-dedicato-ai-cortometraggi-italiani-di-commedia\\\/#breadcrumb\"},\"inLanguage\":\"fr-FR\",\"potentialAction\":[{\"@type\":\"ReadAction\",\"target\":[\"https:\\\/\\\/www.bellunopress.it\\\/2012\\\/02\\\/15\\\/cortinametraggio-2012-ecco-la-selezione-definitiva-per-il-concorso-corticomedy-dedicato-ai-cortometraggi-italiani-di-commedia\\\/\"]}]},{\"@type\":\"ImageObject\",\"inLanguage\":\"fr-FR\",\"@id\":\"https:\\\/\\\/www.bellunopress.it\\\/2012\\\/02\\\/15\\\/cortinametraggio-2012-ecco-la-selezione-definitiva-per-il-concorso-corticomedy-dedicato-ai-cortometraggi-italiani-di-commedia\\\/#primaryimage\",\"url\":\"http:\\\/\\\/www.bellunopress.it\\\/wp-content\\\/uploads\\\/2011\\\/02\\\/cortinametraggio.jpg\",\"contentUrl\":\"http:\\\/\\\/www.bellunopress.it\\\/wp-content\\\/uploads\\\/2011\\\/02\\\/cortinametraggio.jpg\"},{\"@type\":\"BreadcrumbList\",\"@id\":\"https:\\\/\\\/www.bellunopress.it\\\/2012\\\/02\\\/15\\\/cortinametraggio-2012-ecco-la-selezione-definitiva-per-il-concorso-corticomedy-dedicato-ai-cortometraggi-italiani-di-commedia\\\/#breadcrumb\",\"itemListElement\":[{\"@type\":\"ListItem\",\"position\":1,\"name\":\"Home\",\"item\":\"https:\\\/\\\/www.bellunopress.it\\\/\"},{\"@type\":\"ListItem\",\"position\":2,\"name\":\"Cortinametraggio 2012: ecco la selezione definitiva per il concorso \u201cCorticomedy\u201d, dedicato ai cortometraggi italiani di commedia\"}]},{\"@type\":\"WebSite\",\"@id\":\"https:\\\/\\\/www.bellunopress.it\\\/#website\",\"url\":\"https:\\\/\\\/www.bellunopress.it\\\/\",\"name\":\"Bellunopress - Dolomiti\",\"description\":\"e-mail: redazione@bellunopress.it\",\"publisher\":{\"@id\":\"https:\\\/\\\/www.bellunopress.it\\\/#organization\"},\"potentialAction\":[{\"@type\":\"SearchAction\",\"target\":{\"@type\":\"EntryPoint\",\"urlTemplate\":\"https:\\\/\\\/www.bellunopress.it\\\/?s={search_term_string}\"},\"query-input\":{\"@type\":\"PropertyValueSpecification\",\"valueRequired\":true,\"valueName\":\"search_term_string\"}}],\"inLanguage\":\"fr-FR\"},{\"@type\":\"Organization\",\"@id\":\"https:\\\/\\\/www.bellunopress.it\\\/#organization\",\"name\":\"Bellunopress\",\"url\":\"https:\\\/\\\/www.bellunopress.it\\\/\",\"logo\":{\"@type\":\"ImageObject\",\"inLanguage\":\"fr-FR\",\"@id\":\"https:\\\/\\\/www.bellunopress.it\\\/#\\\/schema\\\/logo\\\/image\\\/\",\"url\":\"https:\\\/\\\/www.bellunopress.it\\\/wp-content\\\/uploads\\\/2011\\\/05\\\/cropped-logo-bellunopress-.jpg\",\"contentUrl\":\"https:\\\/\\\/www.bellunopress.it\\\/wp-content\\\/uploads\\\/2011\\\/05\\\/cropped-logo-bellunopress-.jpg\",\"width\":512,\"height\":512,\"caption\":\"Bellunopress\"},\"image\":{\"@id\":\"https:\\\/\\\/www.bellunopress.it\\\/#\\\/schema\\\/logo\\\/image\\\/\"},\"sameAs\":[\"https:\\\/\\\/www.facebook.com\\\/profile.php?id=100008943462799\",\"https:\\\/\\\/x.com\\\/bellunopress\",\"https:\\\/\\\/www.linkedin.com\\\/hp\\\/?dnr=JBzUWaJfMUw8vbXJJ2tVW5-I3jZKvC4wsoxE&amp;amp;amp;amp;amp;amp;trk=nav_responsive_tab_home\",\"https:\\\/\\\/www.youtube.com\\\/channel\\\/UCxL0wu1uN0_3_7hGG0306cw\"]},{\"@type\":\"Person\",\"@id\":\"https:\\\/\\\/www.bellunopress.it\\\/#\\\/schema\\\/person\\\/79bb06722b37ece1c03d3e94beb30d73\",\"name\":\"redazione\",\"image\":{\"@type\":\"ImageObject\",\"inLanguage\":\"fr-FR\",\"@id\":\"https:\\\/\\\/secure.gravatar.com\\\/avatar\\\/37d968a2e67a6fd04c169c4bdef102d0bc5d31b2546345219e348575eb80e9a0?s=96&d=mm&r=g\",\"url\":\"https:\\\/\\\/secure.gravatar.com\\\/avatar\\\/37d968a2e67a6fd04c169c4bdef102d0bc5d31b2546345219e348575eb80e9a0?s=96&d=mm&r=g\",\"contentUrl\":\"https:\\\/\\\/secure.gravatar.com\\\/avatar\\\/37d968a2e67a6fd04c169c4bdef102d0bc5d31b2546345219e348575eb80e9a0?s=96&d=mm&r=g\",\"caption\":\"redazione\"},\"sameAs\":[\"http:\\\/\\\/www.bellunopress.it\",\"https:\\\/\\\/x.com\\\/bellunopress\"],\"url\":\"https:\\\/\\\/www.bellunopress.it\\\/fr\\\/author\\\/redazione\\\/\"}]}<\/script>\n<!-- \/ Yoast SEO plugin. -->","yoast_head_json":{"title":"Cortinametraggio 2012: ecco la selezione definitiva per il concorso \u201cCorticomedy\u201d, dedicato ai cortometraggi italiani di commedia  - Bellunopress - Dolomiti","robots":{"index":"index","follow":"follow","max-snippet":"max-snippet:-1","max-image-preview":"max-image-preview:large","max-video-preview":"max-video-preview:-1"},"canonical":"https:\/\/www.bellunopress.it\/fr\/2012\/02\/15\/cortinametraggio-2012-ecco-la-selezione-definitiva-per-il-concorso-corticomedy-dedicato-ai-cortometraggi-italiani-di-commedia\/","og_locale":"fr_FR","og_type":"article","og_title":"Cortinametraggio 2012: ecco la selezione definitiva per il concorso \u201cCorticomedy\u201d, dedicato ai cortometraggi italiani di commedia  - Bellunopress - Dolomiti","og_description":"Saranno 28 i cortometraggi italiani di commedia che concorreranno, per la sezione Corticomedy di Cortinametraggio 2012, all\u2019assegnazione del premio \u201cLotus Production\u201d di 5.000 euro al miglior corto assoluto e di tanti altri riconoscimenti: il premio del pubblico al miglior corto \u201cGrand Hotel Savoia\u201d, il premio \u201cFranz Kraler\u201d alla miglior sceneggiatura, il premio \u201cYounger &amp; Bresson\u201d [&hellip;]","og_url":"https:\/\/www.bellunopress.it\/fr\/2012\/02\/15\/cortinametraggio-2012-ecco-la-selezione-definitiva-per-il-concorso-corticomedy-dedicato-ai-cortometraggi-italiani-di-commedia\/","og_site_name":"Bellunopress - Dolomiti","article_publisher":"https:\/\/www.facebook.com\/profile.php?id=100008943462799","article_published_time":"2012-02-15T20:50:26+00:00","og_image":[{"url":"http:\/\/www.bellunopress.it\/wp-content\/uploads\/2011\/02\/cortinametraggio.jpg","type":"","width":"","height":""}],"author":"redazione","twitter_card":"summary_large_image","twitter_creator":"@bellunopress","twitter_site":"@bellunopress","twitter_misc":{"\u00c9crit par":"redazione","Dur\u00e9e de lecture estim\u00e9e":"1 minute"},"schema":{"@context":"https:\/\/schema.org","@graph":[{"@type":"Article","@id":"https:\/\/www.bellunopress.it\/2012\/02\/15\/cortinametraggio-2012-ecco-la-selezione-definitiva-per-il-concorso-corticomedy-dedicato-ai-cortometraggi-italiani-di-commedia\/#article","isPartOf":{"@id":"https:\/\/www.bellunopress.it\/2012\/02\/15\/cortinametraggio-2012-ecco-la-selezione-definitiva-per-il-concorso-corticomedy-dedicato-ai-cortometraggi-italiani-di-commedia\/"},"author":{"name":"redazione","@id":"https:\/\/www.bellunopress.it\/#\/schema\/person\/79bb06722b37ece1c03d3e94beb30d73"},"headline":"Cortinametraggio 2012: ecco la selezione definitiva per il concorso \u201cCorticomedy\u201d, dedicato ai cortometraggi italiani di commedia","datePublished":"2012-02-15T20:50:26+00:00","mainEntityOfPage":{"@id":"https:\/\/www.bellunopress.it\/2012\/02\/15\/cortinametraggio-2012-ecco-la-selezione-definitiva-per-il-concorso-corticomedy-dedicato-ai-cortometraggi-italiani-di-commedia\/"},"wordCount":310,"publisher":{"@id":"https:\/\/www.bellunopress.it\/#organization"},"image":{"@id":"https:\/\/www.bellunopress.it\/2012\/02\/15\/cortinametraggio-2012-ecco-la-selezione-definitiva-per-il-concorso-corticomedy-dedicato-ai-cortometraggi-italiani-di-commedia\/#primaryimage"},"thumbnailUrl":"http:\/\/www.bellunopress.it\/wp-content\/uploads\/2011\/02\/cortinametraggio.jpg","articleSection":["Appuntamenti, Eventi","Arte, Cultura, Spettacoli, Scienza","Prima Pagina"],"inLanguage":"fr-FR"},{"@type":"WebPage","@id":"https:\/\/www.bellunopress.it\/2012\/02\/15\/cortinametraggio-2012-ecco-la-selezione-definitiva-per-il-concorso-corticomedy-dedicato-ai-cortometraggi-italiani-di-commedia\/","url":"https:\/\/www.bellunopress.it\/2012\/02\/15\/cortinametraggio-2012-ecco-la-selezione-definitiva-per-il-concorso-corticomedy-dedicato-ai-cortometraggi-italiani-di-commedia\/","name":"Cortinametraggio 2012: ecco la selezione definitiva per il concorso \u201cCorticomedy\u201d, dedicato ai cortometraggi italiani di commedia - Bellunopress - Dolomiti","isPartOf":{"@id":"https:\/\/www.bellunopress.it\/#website"},"primaryImageOfPage":{"@id":"https:\/\/www.bellunopress.it\/2012\/02\/15\/cortinametraggio-2012-ecco-la-selezione-definitiva-per-il-concorso-corticomedy-dedicato-ai-cortometraggi-italiani-di-commedia\/#primaryimage"},"image":{"@id":"https:\/\/www.bellunopress.it\/2012\/02\/15\/cortinametraggio-2012-ecco-la-selezione-definitiva-per-il-concorso-corticomedy-dedicato-ai-cortometraggi-italiani-di-commedia\/#primaryimage"},"thumbnailUrl":"http:\/\/www.bellunopress.it\/wp-content\/uploads\/2011\/02\/cortinametraggio.jpg","datePublished":"2012-02-15T20:50:26+00:00","breadcrumb":{"@id":"https:\/\/www.bellunopress.it\/2012\/02\/15\/cortinametraggio-2012-ecco-la-selezione-definitiva-per-il-concorso-corticomedy-dedicato-ai-cortometraggi-italiani-di-commedia\/#breadcrumb"},"inLanguage":"fr-FR","potentialAction":[{"@type":"ReadAction","target":["https:\/\/www.bellunopress.it\/2012\/02\/15\/cortinametraggio-2012-ecco-la-selezione-definitiva-per-il-concorso-corticomedy-dedicato-ai-cortometraggi-italiani-di-commedia\/"]}]},{"@type":"ImageObject","inLanguage":"fr-FR","@id":"https:\/\/www.bellunopress.it\/2012\/02\/15\/cortinametraggio-2012-ecco-la-selezione-definitiva-per-il-concorso-corticomedy-dedicato-ai-cortometraggi-italiani-di-commedia\/#primaryimage","url":"http:\/\/www.bellunopress.it\/wp-content\/uploads\/2011\/02\/cortinametraggio.jpg","contentUrl":"http:\/\/www.bellunopress.it\/wp-content\/uploads\/2011\/02\/cortinametraggio.jpg"},{"@type":"BreadcrumbList","@id":"https:\/\/www.bellunopress.it\/2012\/02\/15\/cortinametraggio-2012-ecco-la-selezione-definitiva-per-il-concorso-corticomedy-dedicato-ai-cortometraggi-italiani-di-commedia\/#breadcrumb","itemListElement":[{"@type":"ListItem","position":1,"name":"Home","item":"https:\/\/www.bellunopress.it\/"},{"@type":"ListItem","position":2,"name":"Cortinametraggio 2012: ecco la selezione definitiva per il concorso \u201cCorticomedy\u201d, dedicato ai cortometraggi italiani di commedia"}]},{"@type":"WebSite","@id":"https:\/\/www.bellunopress.it\/#website","url":"https:\/\/www.bellunopress.it\/","name":"Bellunopress - Dolomiti","description":"e-mail: redazione@bellunopress.it","publisher":{"@id":"https:\/\/www.bellunopress.it\/#organization"},"potentialAction":[{"@type":"SearchAction","target":{"@type":"EntryPoint","urlTemplate":"https:\/\/www.bellunopress.it\/?s={search_term_string}"},"query-input":{"@type":"PropertyValueSpecification","valueRequired":true,"valueName":"search_term_string"}}],"inLanguage":"fr-FR"},{"@type":"Organization","@id":"https:\/\/www.bellunopress.it\/#organization","name":"Bellunopress","url":"https:\/\/www.bellunopress.it\/","logo":{"@type":"ImageObject","inLanguage":"fr-FR","@id":"https:\/\/www.bellunopress.it\/#\/schema\/logo\/image\/","url":"https:\/\/www.bellunopress.it\/wp-content\/uploads\/2011\/05\/cropped-logo-bellunopress-.jpg","contentUrl":"https:\/\/www.bellunopress.it\/wp-content\/uploads\/2011\/05\/cropped-logo-bellunopress-.jpg","width":512,"height":512,"caption":"Bellunopress"},"image":{"@id":"https:\/\/www.bellunopress.it\/#\/schema\/logo\/image\/"},"sameAs":["https:\/\/www.facebook.com\/profile.php?id=100008943462799","https:\/\/x.com\/bellunopress","https:\/\/www.linkedin.com\/hp\/?dnr=JBzUWaJfMUw8vbXJJ2tVW5-I3jZKvC4wsoxE&amp;amp;amp;amp;amp;amp;trk=nav_responsive_tab_home","https:\/\/www.youtube.com\/channel\/UCxL0wu1uN0_3_7hGG0306cw"]},{"@type":"Person","@id":"https:\/\/www.bellunopress.it\/#\/schema\/person\/79bb06722b37ece1c03d3e94beb30d73","name":"r\u00e9daction","image":{"@type":"ImageObject","inLanguage":"fr-FR","@id":"https:\/\/secure.gravatar.com\/avatar\/37d968a2e67a6fd04c169c4bdef102d0bc5d31b2546345219e348575eb80e9a0?s=96&d=mm&r=g","url":"https:\/\/secure.gravatar.com\/avatar\/37d968a2e67a6fd04c169c4bdef102d0bc5d31b2546345219e348575eb80e9a0?s=96&d=mm&r=g","contentUrl":"https:\/\/secure.gravatar.com\/avatar\/37d968a2e67a6fd04c169c4bdef102d0bc5d31b2546345219e348575eb80e9a0?s=96&d=mm&r=g","caption":"redazione"},"sameAs":["http:\/\/www.bellunopress.it","https:\/\/x.com\/bellunopress"],"url":"https:\/\/www.bellunopress.it\/fr\/author\/redazione\/"}]}},"_links":{"self":[{"href":"https:\/\/www.bellunopress.it\/fr\/wp-json\/wp\/v2\/posts\/35156","targetHints":{"allow":["GET"]}}],"collection":[{"href":"https:\/\/www.bellunopress.it\/fr\/wp-json\/wp\/v2\/posts"}],"about":[{"href":"https:\/\/www.bellunopress.it\/fr\/wp-json\/wp\/v2\/types\/post"}],"author":[{"embeddable":true,"href":"https:\/\/www.bellunopress.it\/fr\/wp-json\/wp\/v2\/users\/2"}],"replies":[{"embeddable":true,"href":"https:\/\/www.bellunopress.it\/fr\/wp-json\/wp\/v2\/comments?post=35156"}],"version-history":[{"count":1,"href":"https:\/\/www.bellunopress.it\/fr\/wp-json\/wp\/v2\/posts\/35156\/revisions"}],"predecessor-version":[{"id":35157,"href":"https:\/\/www.bellunopress.it\/fr\/wp-json\/wp\/v2\/posts\/35156\/revisions\/35157"}],"wp:attachment":[{"href":"https:\/\/www.bellunopress.it\/fr\/wp-json\/wp\/v2\/media?parent=35156"}],"wp:term":[{"taxonomy":"category","embeddable":true,"href":"https:\/\/www.bellunopress.it\/fr\/wp-json\/wp\/v2\/categories?post=35156"},{"taxonomy":"post_tag","embeddable":true,"href":"https:\/\/www.bellunopress.it\/fr\/wp-json\/wp\/v2\/tags?post=35156"}],"curies":[{"name":"wp","href":"https:\/\/api.w.org\/{rel}","templated":true}]}}