{"id":35152,"date":"2012-02-15T21:01:19","date_gmt":"2012-02-15T20:01:19","guid":{"rendered":"http:\/\/www.bellunopress.it\/?p=35152"},"modified":"2012-02-15T21:01:19","modified_gmt":"2012-02-15T20:01:19","slug":"la-giunta-prade-a-fine-mandato-vuole-vendere-le-quote-di-dolomitibus-e-depotenziare-la-ser-sa","status":"publish","type":"post","link":"https:\/\/www.bellunopress.it\/fr\/2012\/02\/15\/la-giunta-prade-a-fine-mandato-vuole-vendere-le-quote-di-dolomitibus-e-depotenziare-la-ser-sa\/","title":{"rendered":"La giunta Prade a fine mandato vuole vendere le quote di Dolomitibus e depotenziare la Ser.Sa."},"content":{"rendered":"<p><a href=\"http:\/\/www.bellunopress.it\/wp-content\/uploads\/2012\/01\/Jacopo-Massaro-3.jpg\"><img loading=\"lazy\" decoding=\"async\" class=\"alignleft size-full wp-image-34334\" title=\"Jacopo Massaro (3)\" src=\"http:\/\/www.bellunopress.it\/wp-content\/uploads\/2012\/01\/Jacopo-Massaro-3.jpg\" alt=\"\" width=\"129\" height=\"145\" \/><\/a>&#8220;abbiamo richiesto alla segreteria del Consiglio Comunale di Belluno tutto l&#8217;incartamento relativo al bando per la cessione delle quote di Dolomitibus&#8221;. Lo riferisce il Consigliere Jacopo Massaro, che a dicembre insieme ad altri consiglieri di opposizione aveva richiesto di convocare un Consiglio Comunale sulle societ\u00e0 partecipate. Il Consiglio, tenutosi il 10 febbraio, era terminato con un ordine del giorno dello stesso Massaro che fissava alcuni paletti per la salvaguardia della societ\u00e0 Ser.S.A., approvato all&#8217;unanimit\u00e0, ma aveva trattato solo incidentalmente le altre societ\u00e0 partecipate.<\/p>\n<p>&#8220;Siamo finiti a discutere prevalentemente di Sersa perch\u00e9 il contesto normativo in cui opera \u00e8 differente da quello delle altre partecipate e, per certi aspetti, consente maggiori spazi di manovra. Tuttavia bisogna seguire anche le altre societ\u00e0, e per questo motivo abbiamo fatto l&#8217;accesso agli atti. Proporr\u00f2 ai lavoratori di Dolomitibus e alle rappresentanze sindacali di incontrarci per fare il punto della situazione e verificare se esiste qualche piccolo spazio di manovra per cercare di indirizzare il Consiglio Comunale&#8221;.<\/p>\n<p>Il Consiglio Comunale alla fine del 2011 aveva votato a maggioranza, contro il parere di Massaro e degli altri Consiglieri di opposizione, la cessione delle quote di Dolomitibus per rimpinguare le casse del comune.<\/p>\n<p>&nbsp;<\/p>\n<p>&nbsp;<\/p>","protected":false},"excerpt":{"rendered":"<p>&#8220;abbiamo richiesto alla segreteria del Consiglio Comunale di Belluno tutto l&#8217;incartamento relativo al bando per la cessione delle quote di Dolomitibus&#8221;. Lo riferisce il Consigliere Jacopo Massaro, che a dicembre insieme ad altri consiglieri di opposizione aveva richiesto di convocare un Consiglio Comunale sulle societ\u00e0 partecipate. Il Consiglio, tenutosi il 10 febbraio, era terminato con [&hellip;]<\/p>\n","protected":false},"author":2,"featured_media":0,"comment_status":"closed","ping_status":"open","sticky":false,"template":"","format":"standard","meta":{"footnotes":""},"categories":[5,26],"tags":[],"class_list":["post-35152","post","type-post","status-publish","format-standard","category-cronaca","category-prima-pagina"],"yoast_head":"<!-- This site is optimized with the Yoast SEO plugin v28.4 - https:\/\/yoast.com\/product\/yoast-seo-wordpress\/ -->\n<title>La giunta Prade a fine mandato vuole vendere le quote di Dolomitibus e depotenziare la Ser.Sa.  - Bellunopress - Dolomiti<\/title>\n<meta name=\"robots\" content=\"index, follow, max-snippet:-1, max-image-preview:large, max-video-preview:-1\" \/>\n<link rel=\"canonical\" href=\"https:\/\/www.bellunopress.it\/fr\/2012\/02\/15\/la-giunta-prade-a-fine-mandato-vuole-vendere-le-quote-di-dolomitibus-e-depotenziare-la-ser-sa\/\" \/>\n<meta property=\"og:locale\" content=\"fr_FR\" \/>\n<meta property=\"og:type\" content=\"article\" \/>\n<meta property=\"og:title\" content=\"La giunta Prade a fine mandato vuole vendere le quote di Dolomitibus e depotenziare la Ser.Sa.  - Bellunopress - Dolomiti\" \/>\n<meta property=\"og:description\" content=\"&#8220;abbiamo richiesto alla segreteria del Consiglio Comunale di Belluno tutto l&#8217;incartamento relativo al bando per la cessione delle quote di Dolomitibus&#8221;. Lo riferisce il Consigliere Jacopo Massaro, che a dicembre insieme ad altri consiglieri di opposizione aveva richiesto di convocare un Consiglio Comunale sulle societ\u00e0 partecipate. Il Consiglio, tenutosi il 10 febbraio, era terminato con [&hellip;]\" \/>\n<meta property=\"og:url\" content=\"https:\/\/www.bellunopress.it\/fr\/2012\/02\/15\/la-giunta-prade-a-fine-mandato-vuole-vendere-le-quote-di-dolomitibus-e-depotenziare-la-ser-sa\/\" \/>\n<meta property=\"og:site_name\" content=\"Bellunopress - Dolomiti\" \/>\n<meta property=\"article:publisher\" content=\"https:\/\/www.facebook.com\/profile.php?id=100008943462799\" \/>\n<meta property=\"article:published_time\" content=\"2012-02-15T20:01:19+00:00\" \/>\n<meta property=\"og:image\" content=\"http:\/\/www.bellunopress.it\/wp-content\/uploads\/2012\/01\/Jacopo-Massaro-3.jpg\" \/>\n<meta name=\"author\" content=\"redazione\" \/>\n<meta name=\"twitter:card\" content=\"summary_large_image\" \/>\n<meta name=\"twitter:creator\" content=\"@bellunopress\" \/>\n<meta name=\"twitter:site\" content=\"@bellunopress\" \/>\n<meta name=\"twitter:label1\" content=\"\u00c9crit par\" \/>\n\t<meta name=\"twitter:data1\" content=\"redazione\" \/>\n\t<meta name=\"twitter:label2\" content=\"Dur\u00e9e de lecture estim\u00e9e\" \/>\n\t<meta name=\"twitter:data2\" content=\"1 minute\" \/>\n<script type=\"application\/ld+json\" class=\"yoast-schema-graph\">{\"@context\":\"https:\\\/\\\/schema.org\",\"@graph\":[{\"@type\":\"Article\",\"@id\":\"https:\\\/\\\/www.bellunopress.it\\\/2012\\\/02\\\/15\\\/la-giunta-prade-a-fine-mandato-vuole-vendere-le-quote-di-dolomitibus-e-depotenziare-la-ser-sa\\\/#article\",\"isPartOf\":{\"@id\":\"https:\\\/\\\/www.bellunopress.it\\\/2012\\\/02\\\/15\\\/la-giunta-prade-a-fine-mandato-vuole-vendere-le-quote-di-dolomitibus-e-depotenziare-la-ser-sa\\\/\"},\"author\":{\"name\":\"redazione\",\"@id\":\"https:\\\/\\\/www.bellunopress.it\\\/#\\\/schema\\\/person\\\/79bb06722b37ece1c03d3e94beb30d73\"},\"headline\":\"La giunta Prade a fine mandato vuole vendere le quote di Dolomitibus e depotenziare la Ser.Sa.\",\"datePublished\":\"2012-02-15T20:01:19+00:00\",\"mainEntityOfPage\":{\"@id\":\"https:\\\/\\\/www.bellunopress.it\\\/2012\\\/02\\\/15\\\/la-giunta-prade-a-fine-mandato-vuole-vendere-le-quote-di-dolomitibus-e-depotenziare-la-ser-sa\\\/\"},\"wordCount\":217,\"publisher\":{\"@id\":\"https:\\\/\\\/www.bellunopress.it\\\/#organization\"},\"image\":{\"@id\":\"https:\\\/\\\/www.bellunopress.it\\\/2012\\\/02\\\/15\\\/la-giunta-prade-a-fine-mandato-vuole-vendere-le-quote-di-dolomitibus-e-depotenziare-la-ser-sa\\\/#primaryimage\"},\"thumbnailUrl\":\"http:\\\/\\\/www.bellunopress.it\\\/wp-content\\\/uploads\\\/2012\\\/01\\\/Jacopo-Massaro-3.jpg\",\"articleSection\":[\"Cronaca\\\/Politica\",\"Prima Pagina\"],\"inLanguage\":\"fr-FR\"},{\"@type\":\"WebPage\",\"@id\":\"https:\\\/\\\/www.bellunopress.it\\\/2012\\\/02\\\/15\\\/la-giunta-prade-a-fine-mandato-vuole-vendere-le-quote-di-dolomitibus-e-depotenziare-la-ser-sa\\\/\",\"url\":\"https:\\\/\\\/www.bellunopress.it\\\/2012\\\/02\\\/15\\\/la-giunta-prade-a-fine-mandato-vuole-vendere-le-quote-di-dolomitibus-e-depotenziare-la-ser-sa\\\/\",\"name\":\"La giunta Prade a fine mandato vuole vendere le quote di Dolomitibus e depotenziare la Ser.Sa. - Bellunopress - Dolomiti\",\"isPartOf\":{\"@id\":\"https:\\\/\\\/www.bellunopress.it\\\/#website\"},\"primaryImageOfPage\":{\"@id\":\"https:\\\/\\\/www.bellunopress.it\\\/2012\\\/02\\\/15\\\/la-giunta-prade-a-fine-mandato-vuole-vendere-le-quote-di-dolomitibus-e-depotenziare-la-ser-sa\\\/#primaryimage\"},\"image\":{\"@id\":\"https:\\\/\\\/www.bellunopress.it\\\/2012\\\/02\\\/15\\\/la-giunta-prade-a-fine-mandato-vuole-vendere-le-quote-di-dolomitibus-e-depotenziare-la-ser-sa\\\/#primaryimage\"},\"thumbnailUrl\":\"http:\\\/\\\/www.bellunopress.it\\\/wp-content\\\/uploads\\\/2012\\\/01\\\/Jacopo-Massaro-3.jpg\",\"datePublished\":\"2012-02-15T20:01:19+00:00\",\"breadcrumb\":{\"@id\":\"https:\\\/\\\/www.bellunopress.it\\\/2012\\\/02\\\/15\\\/la-giunta-prade-a-fine-mandato-vuole-vendere-le-quote-di-dolomitibus-e-depotenziare-la-ser-sa\\\/#breadcrumb\"},\"inLanguage\":\"fr-FR\",\"potentialAction\":[{\"@type\":\"ReadAction\",\"target\":[\"https:\\\/\\\/www.bellunopress.it\\\/2012\\\/02\\\/15\\\/la-giunta-prade-a-fine-mandato-vuole-vendere-le-quote-di-dolomitibus-e-depotenziare-la-ser-sa\\\/\"]}]},{\"@type\":\"ImageObject\",\"inLanguage\":\"fr-FR\",\"@id\":\"https:\\\/\\\/www.bellunopress.it\\\/2012\\\/02\\\/15\\\/la-giunta-prade-a-fine-mandato-vuole-vendere-le-quote-di-dolomitibus-e-depotenziare-la-ser-sa\\\/#primaryimage\",\"url\":\"http:\\\/\\\/www.bellunopress.it\\\/wp-content\\\/uploads\\\/2012\\\/01\\\/Jacopo-Massaro-3.jpg\",\"contentUrl\":\"http:\\\/\\\/www.bellunopress.it\\\/wp-content\\\/uploads\\\/2012\\\/01\\\/Jacopo-Massaro-3.jpg\"},{\"@type\":\"BreadcrumbList\",\"@id\":\"https:\\\/\\\/www.bellunopress.it\\\/2012\\\/02\\\/15\\\/la-giunta-prade-a-fine-mandato-vuole-vendere-le-quote-di-dolomitibus-e-depotenziare-la-ser-sa\\\/#breadcrumb\",\"itemListElement\":[{\"@type\":\"ListItem\",\"position\":1,\"name\":\"Home\",\"item\":\"https:\\\/\\\/www.bellunopress.it\\\/\"},{\"@type\":\"ListItem\",\"position\":2,\"name\":\"La giunta Prade a fine mandato vuole vendere le quote di Dolomitibus e depotenziare la Ser.Sa.\"}]},{\"@type\":\"WebSite\",\"@id\":\"https:\\\/\\\/www.bellunopress.it\\\/#website\",\"url\":\"https:\\\/\\\/www.bellunopress.it\\\/\",\"name\":\"Bellunopress - Dolomiti\",\"description\":\"e-mail: redazione@bellunopress.it\",\"publisher\":{\"@id\":\"https:\\\/\\\/www.bellunopress.it\\\/#organization\"},\"potentialAction\":[{\"@type\":\"SearchAction\",\"target\":{\"@type\":\"EntryPoint\",\"urlTemplate\":\"https:\\\/\\\/www.bellunopress.it\\\/?s={search_term_string}\"},\"query-input\":{\"@type\":\"PropertyValueSpecification\",\"valueRequired\":true,\"valueName\":\"search_term_string\"}}],\"inLanguage\":\"fr-FR\"},{\"@type\":\"Organization\",\"@id\":\"https:\\\/\\\/www.bellunopress.it\\\/#organization\",\"name\":\"Bellunopress\",\"url\":\"https:\\\/\\\/www.bellunopress.it\\\/\",\"logo\":{\"@type\":\"ImageObject\",\"inLanguage\":\"fr-FR\",\"@id\":\"https:\\\/\\\/www.bellunopress.it\\\/#\\\/schema\\\/logo\\\/image\\\/\",\"url\":\"https:\\\/\\\/www.bellunopress.it\\\/wp-content\\\/uploads\\\/2011\\\/05\\\/cropped-logo-bellunopress-.jpg\",\"contentUrl\":\"https:\\\/\\\/www.bellunopress.it\\\/wp-content\\\/uploads\\\/2011\\\/05\\\/cropped-logo-bellunopress-.jpg\",\"width\":512,\"height\":512,\"caption\":\"Bellunopress\"},\"image\":{\"@id\":\"https:\\\/\\\/www.bellunopress.it\\\/#\\\/schema\\\/logo\\\/image\\\/\"},\"sameAs\":[\"https:\\\/\\\/www.facebook.com\\\/profile.php?id=100008943462799\",\"https:\\\/\\\/x.com\\\/bellunopress\",\"https:\\\/\\\/www.linkedin.com\\\/hp\\\/?dnr=JBzUWaJfMUw8vbXJJ2tVW5-I3jZKvC4wsoxE&amp;amp;amp;amp;amp;amp;trk=nav_responsive_tab_home\",\"https:\\\/\\\/www.youtube.com\\\/channel\\\/UCxL0wu1uN0_3_7hGG0306cw\"]},{\"@type\":\"Person\",\"@id\":\"https:\\\/\\\/www.bellunopress.it\\\/#\\\/schema\\\/person\\\/79bb06722b37ece1c03d3e94beb30d73\",\"name\":\"redazione\",\"image\":{\"@type\":\"ImageObject\",\"inLanguage\":\"fr-FR\",\"@id\":\"https:\\\/\\\/secure.gravatar.com\\\/avatar\\\/37d968a2e67a6fd04c169c4bdef102d0bc5d31b2546345219e348575eb80e9a0?s=96&d=mm&r=g\",\"url\":\"https:\\\/\\\/secure.gravatar.com\\\/avatar\\\/37d968a2e67a6fd04c169c4bdef102d0bc5d31b2546345219e348575eb80e9a0?s=96&d=mm&r=g\",\"contentUrl\":\"https:\\\/\\\/secure.gravatar.com\\\/avatar\\\/37d968a2e67a6fd04c169c4bdef102d0bc5d31b2546345219e348575eb80e9a0?s=96&d=mm&r=g\",\"caption\":\"redazione\"},\"sameAs\":[\"http:\\\/\\\/www.bellunopress.it\",\"https:\\\/\\\/x.com\\\/bellunopress\"],\"url\":\"https:\\\/\\\/www.bellunopress.it\\\/fr\\\/author\\\/redazione\\\/\"}]}<\/script>\n<!-- \/ Yoast SEO plugin. -->","yoast_head_json":{"title":"La giunta Prade a fine mandato vuole vendere le quote di Dolomitibus e depotenziare la Ser.Sa.  - Bellunopress - Dolomiti","robots":{"index":"index","follow":"follow","max-snippet":"max-snippet:-1","max-image-preview":"max-image-preview:large","max-video-preview":"max-video-preview:-1"},"canonical":"https:\/\/www.bellunopress.it\/fr\/2012\/02\/15\/la-giunta-prade-a-fine-mandato-vuole-vendere-le-quote-di-dolomitibus-e-depotenziare-la-ser-sa\/","og_locale":"fr_FR","og_type":"article","og_title":"La giunta Prade a fine mandato vuole vendere le quote di Dolomitibus e depotenziare la Ser.Sa.  - Bellunopress - Dolomiti","og_description":"&#8220;abbiamo richiesto alla segreteria del Consiglio Comunale di Belluno tutto l&#8217;incartamento relativo al bando per la cessione delle quote di Dolomitibus&#8221;. Lo riferisce il Consigliere Jacopo Massaro, che a dicembre insieme ad altri consiglieri di opposizione aveva richiesto di convocare un Consiglio Comunale sulle societ\u00e0 partecipate. Il Consiglio, tenutosi il 10 febbraio, era terminato con [&hellip;]","og_url":"https:\/\/www.bellunopress.it\/fr\/2012\/02\/15\/la-giunta-prade-a-fine-mandato-vuole-vendere-le-quote-di-dolomitibus-e-depotenziare-la-ser-sa\/","og_site_name":"Bellunopress - Dolomiti","article_publisher":"https:\/\/www.facebook.com\/profile.php?id=100008943462799","article_published_time":"2012-02-15T20:01:19+00:00","og_image":[{"url":"http:\/\/www.bellunopress.it\/wp-content\/uploads\/2012\/01\/Jacopo-Massaro-3.jpg","type":"","width":"","height":""}],"author":"redazione","twitter_card":"summary_large_image","twitter_creator":"@bellunopress","twitter_site":"@bellunopress","twitter_misc":{"\u00c9crit par":"redazione","Dur\u00e9e de lecture estim\u00e9e":"1 minute"},"schema":{"@context":"https:\/\/schema.org","@graph":[{"@type":"Article","@id":"https:\/\/www.bellunopress.it\/2012\/02\/15\/la-giunta-prade-a-fine-mandato-vuole-vendere-le-quote-di-dolomitibus-e-depotenziare-la-ser-sa\/#article","isPartOf":{"@id":"https:\/\/www.bellunopress.it\/2012\/02\/15\/la-giunta-prade-a-fine-mandato-vuole-vendere-le-quote-di-dolomitibus-e-depotenziare-la-ser-sa\/"},"author":{"name":"redazione","@id":"https:\/\/www.bellunopress.it\/#\/schema\/person\/79bb06722b37ece1c03d3e94beb30d73"},"headline":"La giunta Prade a fine mandato vuole vendere le quote di Dolomitibus e depotenziare la Ser.Sa.","datePublished":"2012-02-15T20:01:19+00:00","mainEntityOfPage":{"@id":"https:\/\/www.bellunopress.it\/2012\/02\/15\/la-giunta-prade-a-fine-mandato-vuole-vendere-le-quote-di-dolomitibus-e-depotenziare-la-ser-sa\/"},"wordCount":217,"publisher":{"@id":"https:\/\/www.bellunopress.it\/#organization"},"image":{"@id":"https:\/\/www.bellunopress.it\/2012\/02\/15\/la-giunta-prade-a-fine-mandato-vuole-vendere-le-quote-di-dolomitibus-e-depotenziare-la-ser-sa\/#primaryimage"},"thumbnailUrl":"http:\/\/www.bellunopress.it\/wp-content\/uploads\/2012\/01\/Jacopo-Massaro-3.jpg","articleSection":["Cronaca\/Politica","Prima Pagina"],"inLanguage":"fr-FR"},{"@type":"WebPage","@id":"https:\/\/www.bellunopress.it\/2012\/02\/15\/la-giunta-prade-a-fine-mandato-vuole-vendere-le-quote-di-dolomitibus-e-depotenziare-la-ser-sa\/","url":"https:\/\/www.bellunopress.it\/2012\/02\/15\/la-giunta-prade-a-fine-mandato-vuole-vendere-le-quote-di-dolomitibus-e-depotenziare-la-ser-sa\/","name":"La giunta Prade a fine mandato vuole vendere le quote di Dolomitibus e depotenziare la Ser.Sa. - Bellunopress - Dolomiti","isPartOf":{"@id":"https:\/\/www.bellunopress.it\/#website"},"primaryImageOfPage":{"@id":"https:\/\/www.bellunopress.it\/2012\/02\/15\/la-giunta-prade-a-fine-mandato-vuole-vendere-le-quote-di-dolomitibus-e-depotenziare-la-ser-sa\/#primaryimage"},"image":{"@id":"https:\/\/www.bellunopress.it\/2012\/02\/15\/la-giunta-prade-a-fine-mandato-vuole-vendere-le-quote-di-dolomitibus-e-depotenziare-la-ser-sa\/#primaryimage"},"thumbnailUrl":"http:\/\/www.bellunopress.it\/wp-content\/uploads\/2012\/01\/Jacopo-Massaro-3.jpg","datePublished":"2012-02-15T20:01:19+00:00","breadcrumb":{"@id":"https:\/\/www.bellunopress.it\/2012\/02\/15\/la-giunta-prade-a-fine-mandato-vuole-vendere-le-quote-di-dolomitibus-e-depotenziare-la-ser-sa\/#breadcrumb"},"inLanguage":"fr-FR","potentialAction":[{"@type":"ReadAction","target":["https:\/\/www.bellunopress.it\/2012\/02\/15\/la-giunta-prade-a-fine-mandato-vuole-vendere-le-quote-di-dolomitibus-e-depotenziare-la-ser-sa\/"]}]},{"@type":"ImageObject","inLanguage":"fr-FR","@id":"https:\/\/www.bellunopress.it\/2012\/02\/15\/la-giunta-prade-a-fine-mandato-vuole-vendere-le-quote-di-dolomitibus-e-depotenziare-la-ser-sa\/#primaryimage","url":"http:\/\/www.bellunopress.it\/wp-content\/uploads\/2012\/01\/Jacopo-Massaro-3.jpg","contentUrl":"http:\/\/www.bellunopress.it\/wp-content\/uploads\/2012\/01\/Jacopo-Massaro-3.jpg"},{"@type":"BreadcrumbList","@id":"https:\/\/www.bellunopress.it\/2012\/02\/15\/la-giunta-prade-a-fine-mandato-vuole-vendere-le-quote-di-dolomitibus-e-depotenziare-la-ser-sa\/#breadcrumb","itemListElement":[{"@type":"ListItem","position":1,"name":"Home","item":"https:\/\/www.bellunopress.it\/"},{"@type":"ListItem","position":2,"name":"La giunta Prade a fine mandato vuole vendere le quote di Dolomitibus e depotenziare la Ser.Sa."}]},{"@type":"WebSite","@id":"https:\/\/www.bellunopress.it\/#website","url":"https:\/\/www.bellunopress.it\/","name":"Bellunopress - Dolomiti","description":"e-mail: redazione@bellunopress.it","publisher":{"@id":"https:\/\/www.bellunopress.it\/#organization"},"potentialAction":[{"@type":"SearchAction","target":{"@type":"EntryPoint","urlTemplate":"https:\/\/www.bellunopress.it\/?s={search_term_string}"},"query-input":{"@type":"PropertyValueSpecification","valueRequired":true,"valueName":"search_term_string"}}],"inLanguage":"fr-FR"},{"@type":"Organization","@id":"https:\/\/www.bellunopress.it\/#organization","name":"Bellunopress","url":"https:\/\/www.bellunopress.it\/","logo":{"@type":"ImageObject","inLanguage":"fr-FR","@id":"https:\/\/www.bellunopress.it\/#\/schema\/logo\/image\/","url":"https:\/\/www.bellunopress.it\/wp-content\/uploads\/2011\/05\/cropped-logo-bellunopress-.jpg","contentUrl":"https:\/\/www.bellunopress.it\/wp-content\/uploads\/2011\/05\/cropped-logo-bellunopress-.jpg","width":512,"height":512,"caption":"Bellunopress"},"image":{"@id":"https:\/\/www.bellunopress.it\/#\/schema\/logo\/image\/"},"sameAs":["https:\/\/www.facebook.com\/profile.php?id=100008943462799","https:\/\/x.com\/bellunopress","https:\/\/www.linkedin.com\/hp\/?dnr=JBzUWaJfMUw8vbXJJ2tVW5-I3jZKvC4wsoxE&amp;amp;amp;amp;amp;amp;trk=nav_responsive_tab_home","https:\/\/www.youtube.com\/channel\/UCxL0wu1uN0_3_7hGG0306cw"]},{"@type":"Person","@id":"https:\/\/www.bellunopress.it\/#\/schema\/person\/79bb06722b37ece1c03d3e94beb30d73","name":"r\u00e9daction","image":{"@type":"ImageObject","inLanguage":"fr-FR","@id":"https:\/\/secure.gravatar.com\/avatar\/37d968a2e67a6fd04c169c4bdef102d0bc5d31b2546345219e348575eb80e9a0?s=96&d=mm&r=g","url":"https:\/\/secure.gravatar.com\/avatar\/37d968a2e67a6fd04c169c4bdef102d0bc5d31b2546345219e348575eb80e9a0?s=96&d=mm&r=g","contentUrl":"https:\/\/secure.gravatar.com\/avatar\/37d968a2e67a6fd04c169c4bdef102d0bc5d31b2546345219e348575eb80e9a0?s=96&d=mm&r=g","caption":"redazione"},"sameAs":["http:\/\/www.bellunopress.it","https:\/\/x.com\/bellunopress"],"url":"https:\/\/www.bellunopress.it\/fr\/author\/redazione\/"}]}},"_links":{"self":[{"href":"https:\/\/www.bellunopress.it\/fr\/wp-json\/wp\/v2\/posts\/35152","targetHints":{"allow":["GET"]}}],"collection":[{"href":"https:\/\/www.bellunopress.it\/fr\/wp-json\/wp\/v2\/posts"}],"about":[{"href":"https:\/\/www.bellunopress.it\/fr\/wp-json\/wp\/v2\/types\/post"}],"author":[{"embeddable":true,"href":"https:\/\/www.bellunopress.it\/fr\/wp-json\/wp\/v2\/users\/2"}],"replies":[{"embeddable":true,"href":"https:\/\/www.bellunopress.it\/fr\/wp-json\/wp\/v2\/comments?post=35152"}],"version-history":[{"count":1,"href":"https:\/\/www.bellunopress.it\/fr\/wp-json\/wp\/v2\/posts\/35152\/revisions"}],"predecessor-version":[{"id":35153,"href":"https:\/\/www.bellunopress.it\/fr\/wp-json\/wp\/v2\/posts\/35152\/revisions\/35153"}],"wp:attachment":[{"href":"https:\/\/www.bellunopress.it\/fr\/wp-json\/wp\/v2\/media?parent=35152"}],"wp:term":[{"taxonomy":"category","embeddable":true,"href":"https:\/\/www.bellunopress.it\/fr\/wp-json\/wp\/v2\/categories?post=35152"},{"taxonomy":"post_tag","embeddable":true,"href":"https:\/\/www.bellunopress.it\/fr\/wp-json\/wp\/v2\/tags?post=35152"}],"curies":[{"name":"wp","href":"https:\/\/api.w.org\/{rel}","templated":true}]}}