{"id":35141,"date":"2012-02-15T19:37:46","date_gmt":"2012-02-15T18:37:46","guid":{"rendered":"http:\/\/www.bellunopress.it\/?p=35141"},"modified":"2012-02-15T19:37:46","modified_gmt":"2012-02-15T18:37:46","slug":"belluno-protagonista-michele-carbogno-ufficializza-la-fronda-del-pdl-divenuto-oramai-un-partitino-di-pochi-democristiani-e-longevi","status":"publish","type":"post","link":"https:\/\/www.bellunopress.it\/fr\/2012\/02\/15\/belluno-protagonista-michele-carbogno-ufficializza-la-fronda-del-pdl-divenuto-oramai-un-partitino-di-pochi-democristiani-e-longevi\/","title":{"rendered":"\u201cBelluno protagonista\u201d: Michele Carbogno ufficializza la fronda del Pdl, divenuto oramai un \u201cpartitino di Pochi, democristiani e longevi\u201d"},"content":{"rendered":"<p><a href=\"http:\/\/www.bellunopress.it\/wp-content\/uploads\/2012\/02\/BELLUNO-PROTAGONISTA-270x270.jpg\"><img loading=\"lazy\" decoding=\"async\" class=\"alignleft size-full wp-image-35142\" title=\"BELLUNO PROTAGONISTA 270x270\" src=\"http:\/\/www.bellunopress.it\/wp-content\/uploads\/2012\/02\/BELLUNO-PROTAGONISTA-270x270.jpg\" alt=\"\" width=\"270\" height=\"270\" srcset=\"https:\/\/www.bellunopress.it\/wp-content\/uploads\/2012\/02\/BELLUNO-PROTAGONISTA-270x270.jpg 270w, https:\/\/www.bellunopress.it\/wp-content\/uploads\/2012\/02\/BELLUNO-PROTAGONISTA-270x270-150x150.jpg 150w\" sizes=\"auto, (max-width: 270px) 100vw, 270px\" \/><\/a>Ora ha un nome e anche un logo. Si chiama \u201cBelluno protagonista\u201d con sottotitolo \u201cGuarda al futuro\u201d ed \u00e8 una corrente interna al Pdl. Almeno questo ad oggi, e secondo le ripetute sottolineature fatte del suo leader fondatore Michele Carbogno. Che silurato per un vizio formale risibile al congresso di Sedico del Pdl, oggi d\u00e0 vita ad una fronda interna al partito. \u00abHo il massimo rispetto per i singoli componenti del partito \u2013 afferma Carbogno, ex assessore comunale in quota An ed ex vicepresidente della Provincia \u2013 ma quando ho aderito al Pdl pensavo di essere entrato in un grande partito. Mentre dopo il congresso ho l&#8217;impressione di trovarmi in un partitino. Dove l&#8217;acronimo Pdl si traduce in \u201cPochi e Democristiani&#8230;ma Longevi\u201d. Se guardo al domani, infatti, all&#8217;interno del partito vedo i Pra, Boito, i fratelli neri, Comis&#8230; Mezzo partito insomma \u2013 prosegue Carbogno \u2013 non \u00e8 rappresentato nel Pdl bellunese del dopo congresso. E dunque ho intenzione di dar voce dall&#8217;interno e in maniera propositiva a tutte quelle persone che non si riconoscono e non si sentono rappresentate nel coordinamento appena eletto\u00bb.<\/p>\n<p>Per strutturare questo progetto, Michele Carbogno ha in mente una \u201ccomponente di area vasta\u201d, ossia una corrente politica a carattere provinciale composta non solo dagli ex An, ma aperta a nuove adesioni. Il suo programma prevede una serie di incontri nel territorio provinciale per parlare delle difficolt\u00e0 che si riscontrano nelle singole vallate. E riprendere cos\u00ec la politica dal basso \u00abcosa che oramai i pi\u00f9 hanno dimenticato ed in contrapposizione all&#8217;autoreferenzialit\u00e0 di taluni nostri rappresentanti\u00bb.<\/p>\n<p>L&#8217;ex vicepresidente della provincia ha gi\u00e0 fissato alcuni punti programmatici, \u00abdaremo forza alle istituzioni locali, quelle elettive. Soggetti come il Bim, tanto per capirci, non possono essere delegati alla gestione della politica! Abbiamo visto cosa \u00e8 successo con Gsp. Riapriremo il dialogo con gli alleati, in primis la Lega, un tentativo doveroso, dopo la caduta della provincia va fatto. Ci vuole, insomma, inclusione e non esclusione. E se qualcuno ritiene di arrivare con pacchetti preconfezionati e candidati gi\u00e0 decisi offrendo in cambio le briciole, potrebbe anche dererminarsi la frattura. Ma non \u00e8 quello che vogliamo\u00bb. Il segnale, insomma \u00e8 forte e chiaro e proviene da chi ha in tasca le famose 204 tessere ricusate per vizio formale ed un buon bagaglio di esperienza politica. \u201cBelluno protagonista guarda al futuro\u201d come recita il logo, apre le porte agli esclusi del congresso. E i numeri in politica potrebbero riservare delle sorprese.<\/p>\n<p>&nbsp;<\/p>\n<p><strong>Il gioco delle parti<\/strong><\/p>\n<p>&nbsp;<\/p>\n<p><a href=\"http:\/\/www.bellunopress.it\/wp-content\/uploads\/2012\/02\/michele-carbogno-belluno-protagonista.jpg\"><img loading=\"lazy\" decoding=\"async\" class=\"alignleft size-full wp-image-35143\" title=\"michele carbogno belluno protagonista\" src=\"http:\/\/www.bellunopress.it\/wp-content\/uploads\/2012\/02\/michele-carbogno-belluno-protagonista.jpg\" alt=\"\" width=\"280\" height=\"298\" \/><\/a>Onorato il dovere di cronaca, ora riferiamo delle forti suggestioni, condite con un po&#8217; di surrealismo ed irriverenza.<\/p>\n<p>Se alla domanda dei giornalisti, ma questa \u00e8 una lista civica? C&#8217;\u00e8 il logo gi\u00e0 bello pronto e per di pi\u00f9 non contiene nessun riferimento al Pdl, Carbogno riafferma che si tratta di una corrente all&#8217;interno del Pdl \u00e8 evidente che altro non possiamo fare che riferire della nascita di una corrente.<\/p>\n<p>Tuttavia, nel gioco delle parti, possiamo ipotizzare che essa si trasformi in una lista civica, civetta o in concorrenza spietata, e non\u00a0 solo una\u00a0fronda interna al partito. Supportati anche dalla minaccia esplicita che Carbogno ha lanciato ai vecchi democristiani, di non osare presentarsi con una lista\u00a0preconfezionata. Insomma\u00a0\u00e8 difficile credere che tutto filer\u00e0 liscio. Soprettutto dopo le disdicievoli\u00a0manovre di esclusione in danno a Carbogno effettuate al congresso. Con un vizio di forma e guarda caso con\u00a0un principe del Foro come l&#8217;avvocato pidiellino Maurizio Paniz che osserva gli eventi.<\/p>\n<p>Prade, dunque, ha la sua spina nel fianco e si chiama per ora Carbogno. Come del resto a sinistra Claudia Bettiol ha anche lei la sua spina conficcata di nome Jacopo Massaro.<\/p>\n<p>Ma c&#8217;\u00e8 di pi\u00f9, in questo gioco di suggestioni e presentimenti dipinti dal caso, e da una realt\u00e0 di immagini che a volte prelude i fatti. Guardate bene la fotografia di Michele Carbogno. C&#8217;\u00e8 il logo, sembra la presentazione di un candidato sindaco. Eppoi c&#8217;\u00e8 uno sfondo rosso che sovrasta la scena. Certo \u00e8 assolutamente\u00a0casuale, ma \u00e8 l\u00ec che gronda ed evoca sinistre\u00a0presenze.\u00a0 Quel rosso che domina e che nessuno pu\u00f2\u00a0ragionevolmente attribuire al dna di Carbogno, per noi\u00a0contiene un avvertimento. Ed ora la spina sul fianco di Prade comincia a penetrare in profondit\u00e0 e fa sanguinare il sindaco uscente.<\/p>\n<p>Quel rosso che sgorga\u00a0non lascia scampo, pervade la scena. Cosa succederebbe a Prade se la lista \u201cBelluno protagonista\u201d candidasse appunto un protagonista della scena politica bellunese del centrodestra, diciamo in concorrenza con Prade. Diciamo Michele Carbogno. Diciamo\u00a0Paolo Gamba. La spina sul fianco ora \u00e8 diventata insopportabile, al punto da costringere a terra il candidato sindaco Prade, escludendolo dal ballottaggio. Tutta colpa di quello sfondo rosso, surreale, imperante, maledettamente sovrastante persone e cose.<\/p>","protected":false},"excerpt":{"rendered":"<p>Ora ha un nome e anche un logo. Si chiama \u201cBelluno protagonista\u201d con sottotitolo \u201cGuarda al futuro\u201d ed \u00e8 una corrente interna al Pdl. Almeno questo ad oggi, e secondo le ripetute sottolineature fatte del suo leader fondatore Michele Carbogno. Che silurato per un vizio formale risibile al congresso di Sedico del Pdl, oggi d\u00e0 [&hellip;]<\/p>\n","protected":false},"author":2,"featured_media":0,"comment_status":"closed","ping_status":"open","sticky":false,"template":"","format":"standard","meta":{"footnotes":""},"categories":[1],"tags":[],"class_list":["post-35141","post","type-post","status-publish","format-standard","category-leo"],"yoast_head":"<!-- This site is optimized with the Yoast SEO plugin v28.4 - https:\/\/yoast.com\/product\/yoast-seo-wordpress\/ -->\n<title>\u201cBelluno protagonista\u201d: Michele Carbogno ufficializza la fronda del Pdl, divenuto oramai un \u201cpartitino di Pochi, democristiani e longevi\u201d - Bellunopress - Dolomiti<\/title>\n<meta name=\"robots\" content=\"index, follow, max-snippet:-1, max-image-preview:large, max-video-preview:-1\" \/>\n<link rel=\"canonical\" href=\"https:\/\/www.bellunopress.it\/fr\/2012\/02\/15\/belluno-protagonista-michele-carbogno-ufficializza-la-fronda-del-pdl-divenuto-oramai-un-partitino-di-pochi-democristiani-e-longevi\/\" \/>\n<meta property=\"og:locale\" content=\"fr_FR\" \/>\n<meta property=\"og:type\" content=\"article\" \/>\n<meta property=\"og:title\" content=\"\u201cBelluno protagonista\u201d: Michele Carbogno ufficializza la fronda del Pdl, divenuto oramai un \u201cpartitino di Pochi, democristiani e longevi\u201d - Bellunopress - Dolomiti\" \/>\n<meta property=\"og:description\" content=\"Ora ha un nome e anche un logo. Si chiama \u201cBelluno protagonista\u201d con sottotitolo \u201cGuarda al futuro\u201d ed \u00e8 una corrente interna al Pdl. Almeno questo ad oggi, e secondo le ripetute sottolineature fatte del suo leader fondatore Michele Carbogno. Che silurato per un vizio formale risibile al congresso di Sedico del Pdl, oggi d\u00e0 [&hellip;]\" \/>\n<meta property=\"og:url\" content=\"https:\/\/www.bellunopress.it\/fr\/2012\/02\/15\/belluno-protagonista-michele-carbogno-ufficializza-la-fronda-del-pdl-divenuto-oramai-un-partitino-di-pochi-democristiani-e-longevi\/\" \/>\n<meta property=\"og:site_name\" content=\"Bellunopress - Dolomiti\" \/>\n<meta property=\"article:publisher\" content=\"https:\/\/www.facebook.com\/profile.php?id=100008943462799\" \/>\n<meta property=\"article:published_time\" content=\"2012-02-15T18:37:46+00:00\" \/>\n<meta property=\"og:image\" content=\"http:\/\/www.bellunopress.it\/wp-content\/uploads\/2012\/02\/BELLUNO-PROTAGONISTA-270x270.jpg\" \/>\n<meta name=\"author\" content=\"redazione\" \/>\n<meta name=\"twitter:card\" content=\"summary_large_image\" \/>\n<meta name=\"twitter:creator\" content=\"@bellunopress\" \/>\n<meta name=\"twitter:site\" content=\"@bellunopress\" \/>\n<meta name=\"twitter:label1\" content=\"\u00c9crit par\" \/>\n\t<meta name=\"twitter:data1\" content=\"redazione\" \/>\n\t<meta name=\"twitter:label2\" content=\"Dur\u00e9e de lecture estim\u00e9e\" \/>\n\t<meta name=\"twitter:data2\" content=\"4 minutes\" \/>\n<script type=\"application\/ld+json\" class=\"yoast-schema-graph\">{\"@context\":\"https:\\\/\\\/schema.org\",\"@graph\":[{\"@type\":\"Article\",\"@id\":\"https:\\\/\\\/www.bellunopress.it\\\/2012\\\/02\\\/15\\\/belluno-protagonista-michele-carbogno-ufficializza-la-fronda-del-pdl-divenuto-oramai-un-partitino-di-pochi-democristiani-e-longevi\\\/#article\",\"isPartOf\":{\"@id\":\"https:\\\/\\\/www.bellunopress.it\\\/2012\\\/02\\\/15\\\/belluno-protagonista-michele-carbogno-ufficializza-la-fronda-del-pdl-divenuto-oramai-un-partitino-di-pochi-democristiani-e-longevi\\\/\"},\"author\":{\"name\":\"redazione\",\"@id\":\"https:\\\/\\\/www.bellunopress.it\\\/#\\\/schema\\\/person\\\/79bb06722b37ece1c03d3e94beb30d73\"},\"headline\":\"\u201cBelluno protagonista\u201d: Michele Carbogno ufficializza la fronda del Pdl, divenuto oramai un \u201cpartitino di Pochi, democristiani e longevi\u201d\",\"datePublished\":\"2012-02-15T18:37:46+00:00\",\"mainEntityOfPage\":{\"@id\":\"https:\\\/\\\/www.bellunopress.it\\\/2012\\\/02\\\/15\\\/belluno-protagonista-michele-carbogno-ufficializza-la-fronda-del-pdl-divenuto-oramai-un-partitino-di-pochi-democristiani-e-longevi\\\/\"},\"wordCount\":795,\"publisher\":{\"@id\":\"https:\\\/\\\/www.bellunopress.it\\\/#organization\"},\"image\":{\"@id\":\"https:\\\/\\\/www.bellunopress.it\\\/2012\\\/02\\\/15\\\/belluno-protagonista-michele-carbogno-ufficializza-la-fronda-del-pdl-divenuto-oramai-un-partitino-di-pochi-democristiani-e-longevi\\\/#primaryimage\"},\"thumbnailUrl\":\"http:\\\/\\\/www.bellunopress.it\\\/wp-content\\\/uploads\\\/2012\\\/02\\\/BELLUNO-PROTAGONISTA-270x270.jpg\",\"articleSection\":[\"Lettere Opinioni\"],\"inLanguage\":\"fr-FR\"},{\"@type\":\"WebPage\",\"@id\":\"https:\\\/\\\/www.bellunopress.it\\\/2012\\\/02\\\/15\\\/belluno-protagonista-michele-carbogno-ufficializza-la-fronda-del-pdl-divenuto-oramai-un-partitino-di-pochi-democristiani-e-longevi\\\/\",\"url\":\"https:\\\/\\\/www.bellunopress.it\\\/2012\\\/02\\\/15\\\/belluno-protagonista-michele-carbogno-ufficializza-la-fronda-del-pdl-divenuto-oramai-un-partitino-di-pochi-democristiani-e-longevi\\\/\",\"name\":\"\u201cBelluno protagonista\u201d: Michele Carbogno ufficializza la fronda del Pdl, divenuto oramai un \u201cpartitino di Pochi, democristiani e longevi\u201d - Bellunopress - Dolomiti\",\"isPartOf\":{\"@id\":\"https:\\\/\\\/www.bellunopress.it\\\/#website\"},\"primaryImageOfPage\":{\"@id\":\"https:\\\/\\\/www.bellunopress.it\\\/2012\\\/02\\\/15\\\/belluno-protagonista-michele-carbogno-ufficializza-la-fronda-del-pdl-divenuto-oramai-un-partitino-di-pochi-democristiani-e-longevi\\\/#primaryimage\"},\"image\":{\"@id\":\"https:\\\/\\\/www.bellunopress.it\\\/2012\\\/02\\\/15\\\/belluno-protagonista-michele-carbogno-ufficializza-la-fronda-del-pdl-divenuto-oramai-un-partitino-di-pochi-democristiani-e-longevi\\\/#primaryimage\"},\"thumbnailUrl\":\"http:\\\/\\\/www.bellunopress.it\\\/wp-content\\\/uploads\\\/2012\\\/02\\\/BELLUNO-PROTAGONISTA-270x270.jpg\",\"datePublished\":\"2012-02-15T18:37:46+00:00\",\"breadcrumb\":{\"@id\":\"https:\\\/\\\/www.bellunopress.it\\\/2012\\\/02\\\/15\\\/belluno-protagonista-michele-carbogno-ufficializza-la-fronda-del-pdl-divenuto-oramai-un-partitino-di-pochi-democristiani-e-longevi\\\/#breadcrumb\"},\"inLanguage\":\"fr-FR\",\"potentialAction\":[{\"@type\":\"ReadAction\",\"target\":[\"https:\\\/\\\/www.bellunopress.it\\\/2012\\\/02\\\/15\\\/belluno-protagonista-michele-carbogno-ufficializza-la-fronda-del-pdl-divenuto-oramai-un-partitino-di-pochi-democristiani-e-longevi\\\/\"]}]},{\"@type\":\"ImageObject\",\"inLanguage\":\"fr-FR\",\"@id\":\"https:\\\/\\\/www.bellunopress.it\\\/2012\\\/02\\\/15\\\/belluno-protagonista-michele-carbogno-ufficializza-la-fronda-del-pdl-divenuto-oramai-un-partitino-di-pochi-democristiani-e-longevi\\\/#primaryimage\",\"url\":\"http:\\\/\\\/www.bellunopress.it\\\/wp-content\\\/uploads\\\/2012\\\/02\\\/BELLUNO-PROTAGONISTA-270x270.jpg\",\"contentUrl\":\"http:\\\/\\\/www.bellunopress.it\\\/wp-content\\\/uploads\\\/2012\\\/02\\\/BELLUNO-PROTAGONISTA-270x270.jpg\"},{\"@type\":\"BreadcrumbList\",\"@id\":\"https:\\\/\\\/www.bellunopress.it\\\/2012\\\/02\\\/15\\\/belluno-protagonista-michele-carbogno-ufficializza-la-fronda-del-pdl-divenuto-oramai-un-partitino-di-pochi-democristiani-e-longevi\\\/#breadcrumb\",\"itemListElement\":[{\"@type\":\"ListItem\",\"position\":1,\"name\":\"Home\",\"item\":\"https:\\\/\\\/www.bellunopress.it\\\/\"},{\"@type\":\"ListItem\",\"position\":2,\"name\":\"\u201cBelluno protagonista\u201d: Michele Carbogno ufficializza la fronda del Pdl, divenuto oramai un \u201cpartitino di Pochi, democristiani e longevi\u201d\"}]},{\"@type\":\"WebSite\",\"@id\":\"https:\\\/\\\/www.bellunopress.it\\\/#website\",\"url\":\"https:\\\/\\\/www.bellunopress.it\\\/\",\"name\":\"Bellunopress - Dolomiti\",\"description\":\"e-mail: redazione@bellunopress.it\",\"publisher\":{\"@id\":\"https:\\\/\\\/www.bellunopress.it\\\/#organization\"},\"potentialAction\":[{\"@type\":\"SearchAction\",\"target\":{\"@type\":\"EntryPoint\",\"urlTemplate\":\"https:\\\/\\\/www.bellunopress.it\\\/?s={search_term_string}\"},\"query-input\":{\"@type\":\"PropertyValueSpecification\",\"valueRequired\":true,\"valueName\":\"search_term_string\"}}],\"inLanguage\":\"fr-FR\"},{\"@type\":\"Organization\",\"@id\":\"https:\\\/\\\/www.bellunopress.it\\\/#organization\",\"name\":\"Bellunopress\",\"url\":\"https:\\\/\\\/www.bellunopress.it\\\/\",\"logo\":{\"@type\":\"ImageObject\",\"inLanguage\":\"fr-FR\",\"@id\":\"https:\\\/\\\/www.bellunopress.it\\\/#\\\/schema\\\/logo\\\/image\\\/\",\"url\":\"https:\\\/\\\/www.bellunopress.it\\\/wp-content\\\/uploads\\\/2011\\\/05\\\/cropped-logo-bellunopress-.jpg\",\"contentUrl\":\"https:\\\/\\\/www.bellunopress.it\\\/wp-content\\\/uploads\\\/2011\\\/05\\\/cropped-logo-bellunopress-.jpg\",\"width\":512,\"height\":512,\"caption\":\"Bellunopress\"},\"image\":{\"@id\":\"https:\\\/\\\/www.bellunopress.it\\\/#\\\/schema\\\/logo\\\/image\\\/\"},\"sameAs\":[\"https:\\\/\\\/www.facebook.com\\\/profile.php?id=100008943462799\",\"https:\\\/\\\/x.com\\\/bellunopress\",\"https:\\\/\\\/www.linkedin.com\\\/hp\\\/?dnr=JBzUWaJfMUw8vbXJJ2tVW5-I3jZKvC4wsoxE&amp;amp;amp;amp;amp;amp;trk=nav_responsive_tab_home\",\"https:\\\/\\\/www.youtube.com\\\/channel\\\/UCxL0wu1uN0_3_7hGG0306cw\"]},{\"@type\":\"Person\",\"@id\":\"https:\\\/\\\/www.bellunopress.it\\\/#\\\/schema\\\/person\\\/79bb06722b37ece1c03d3e94beb30d73\",\"name\":\"redazione\",\"image\":{\"@type\":\"ImageObject\",\"inLanguage\":\"fr-FR\",\"@id\":\"https:\\\/\\\/secure.gravatar.com\\\/avatar\\\/37d968a2e67a6fd04c169c4bdef102d0bc5d31b2546345219e348575eb80e9a0?s=96&d=mm&r=g\",\"url\":\"https:\\\/\\\/secure.gravatar.com\\\/avatar\\\/37d968a2e67a6fd04c169c4bdef102d0bc5d31b2546345219e348575eb80e9a0?s=96&d=mm&r=g\",\"contentUrl\":\"https:\\\/\\\/secure.gravatar.com\\\/avatar\\\/37d968a2e67a6fd04c169c4bdef102d0bc5d31b2546345219e348575eb80e9a0?s=96&d=mm&r=g\",\"caption\":\"redazione\"},\"sameAs\":[\"http:\\\/\\\/www.bellunopress.it\",\"https:\\\/\\\/x.com\\\/bellunopress\"],\"url\":\"https:\\\/\\\/www.bellunopress.it\\\/fr\\\/author\\\/redazione\\\/\"}]}<\/script>\n<!-- \/ Yoast SEO plugin. -->","yoast_head_json":{"title":"\u201cBelluno protagonista\u201d: Michele Carbogno ufficializza la fronda del Pdl, divenuto oramai un \u201cpartitino di Pochi, democristiani e longevi\u201d - Bellunopress - Dolomiti","robots":{"index":"index","follow":"follow","max-snippet":"max-snippet:-1","max-image-preview":"max-image-preview:large","max-video-preview":"max-video-preview:-1"},"canonical":"https:\/\/www.bellunopress.it\/fr\/2012\/02\/15\/belluno-protagonista-michele-carbogno-ufficializza-la-fronda-del-pdl-divenuto-oramai-un-partitino-di-pochi-democristiani-e-longevi\/","og_locale":"fr_FR","og_type":"article","og_title":"\u201cBelluno protagonista\u201d: Michele Carbogno ufficializza la fronda del Pdl, divenuto oramai un \u201cpartitino di Pochi, democristiani e longevi\u201d - Bellunopress - Dolomiti","og_description":"Ora ha un nome e anche un logo. Si chiama \u201cBelluno protagonista\u201d con sottotitolo \u201cGuarda al futuro\u201d ed \u00e8 una corrente interna al Pdl. Almeno questo ad oggi, e secondo le ripetute sottolineature fatte del suo leader fondatore Michele Carbogno. Che silurato per un vizio formale risibile al congresso di Sedico del Pdl, oggi d\u00e0 [&hellip;]","og_url":"https:\/\/www.bellunopress.it\/fr\/2012\/02\/15\/belluno-protagonista-michele-carbogno-ufficializza-la-fronda-del-pdl-divenuto-oramai-un-partitino-di-pochi-democristiani-e-longevi\/","og_site_name":"Bellunopress - Dolomiti","article_publisher":"https:\/\/www.facebook.com\/profile.php?id=100008943462799","article_published_time":"2012-02-15T18:37:46+00:00","og_image":[{"url":"http:\/\/www.bellunopress.it\/wp-content\/uploads\/2012\/02\/BELLUNO-PROTAGONISTA-270x270.jpg","type":"","width":"","height":""}],"author":"redazione","twitter_card":"summary_large_image","twitter_creator":"@bellunopress","twitter_site":"@bellunopress","twitter_misc":{"\u00c9crit par":"redazione","Dur\u00e9e de lecture estim\u00e9e":"4 minutes"},"schema":{"@context":"https:\/\/schema.org","@graph":[{"@type":"Article","@id":"https:\/\/www.bellunopress.it\/2012\/02\/15\/belluno-protagonista-michele-carbogno-ufficializza-la-fronda-del-pdl-divenuto-oramai-un-partitino-di-pochi-democristiani-e-longevi\/#article","isPartOf":{"@id":"https:\/\/www.bellunopress.it\/2012\/02\/15\/belluno-protagonista-michele-carbogno-ufficializza-la-fronda-del-pdl-divenuto-oramai-un-partitino-di-pochi-democristiani-e-longevi\/"},"author":{"name":"redazione","@id":"https:\/\/www.bellunopress.it\/#\/schema\/person\/79bb06722b37ece1c03d3e94beb30d73"},"headline":"\u201cBelluno protagonista\u201d: Michele Carbogno ufficializza la fronda del Pdl, divenuto oramai un \u201cpartitino di Pochi, democristiani e longevi\u201d","datePublished":"2012-02-15T18:37:46+00:00","mainEntityOfPage":{"@id":"https:\/\/www.bellunopress.it\/2012\/02\/15\/belluno-protagonista-michele-carbogno-ufficializza-la-fronda-del-pdl-divenuto-oramai-un-partitino-di-pochi-democristiani-e-longevi\/"},"wordCount":795,"publisher":{"@id":"https:\/\/www.bellunopress.it\/#organization"},"image":{"@id":"https:\/\/www.bellunopress.it\/2012\/02\/15\/belluno-protagonista-michele-carbogno-ufficializza-la-fronda-del-pdl-divenuto-oramai-un-partitino-di-pochi-democristiani-e-longevi\/#primaryimage"},"thumbnailUrl":"http:\/\/www.bellunopress.it\/wp-content\/uploads\/2012\/02\/BELLUNO-PROTAGONISTA-270x270.jpg","articleSection":["Lettere Opinioni"],"inLanguage":"fr-FR"},{"@type":"WebPage","@id":"https:\/\/www.bellunopress.it\/2012\/02\/15\/belluno-protagonista-michele-carbogno-ufficializza-la-fronda-del-pdl-divenuto-oramai-un-partitino-di-pochi-democristiani-e-longevi\/","url":"https:\/\/www.bellunopress.it\/2012\/02\/15\/belluno-protagonista-michele-carbogno-ufficializza-la-fronda-del-pdl-divenuto-oramai-un-partitino-di-pochi-democristiani-e-longevi\/","name":"\u201cBelluno protagonista\u201d: Michele Carbogno ufficializza la fronda del Pdl, divenuto oramai un \u201cpartitino di Pochi, democristiani e longevi\u201d - Bellunopress - Dolomiti","isPartOf":{"@id":"https:\/\/www.bellunopress.it\/#website"},"primaryImageOfPage":{"@id":"https:\/\/www.bellunopress.it\/2012\/02\/15\/belluno-protagonista-michele-carbogno-ufficializza-la-fronda-del-pdl-divenuto-oramai-un-partitino-di-pochi-democristiani-e-longevi\/#primaryimage"},"image":{"@id":"https:\/\/www.bellunopress.it\/2012\/02\/15\/belluno-protagonista-michele-carbogno-ufficializza-la-fronda-del-pdl-divenuto-oramai-un-partitino-di-pochi-democristiani-e-longevi\/#primaryimage"},"thumbnailUrl":"http:\/\/www.bellunopress.it\/wp-content\/uploads\/2012\/02\/BELLUNO-PROTAGONISTA-270x270.jpg","datePublished":"2012-02-15T18:37:46+00:00","breadcrumb":{"@id":"https:\/\/www.bellunopress.it\/2012\/02\/15\/belluno-protagonista-michele-carbogno-ufficializza-la-fronda-del-pdl-divenuto-oramai-un-partitino-di-pochi-democristiani-e-longevi\/#breadcrumb"},"inLanguage":"fr-FR","potentialAction":[{"@type":"ReadAction","target":["https:\/\/www.bellunopress.it\/2012\/02\/15\/belluno-protagonista-michele-carbogno-ufficializza-la-fronda-del-pdl-divenuto-oramai-un-partitino-di-pochi-democristiani-e-longevi\/"]}]},{"@type":"ImageObject","inLanguage":"fr-FR","@id":"https:\/\/www.bellunopress.it\/2012\/02\/15\/belluno-protagonista-michele-carbogno-ufficializza-la-fronda-del-pdl-divenuto-oramai-un-partitino-di-pochi-democristiani-e-longevi\/#primaryimage","url":"http:\/\/www.bellunopress.it\/wp-content\/uploads\/2012\/02\/BELLUNO-PROTAGONISTA-270x270.jpg","contentUrl":"http:\/\/www.bellunopress.it\/wp-content\/uploads\/2012\/02\/BELLUNO-PROTAGONISTA-270x270.jpg"},{"@type":"BreadcrumbList","@id":"https:\/\/www.bellunopress.it\/2012\/02\/15\/belluno-protagonista-michele-carbogno-ufficializza-la-fronda-del-pdl-divenuto-oramai-un-partitino-di-pochi-democristiani-e-longevi\/#breadcrumb","itemListElement":[{"@type":"ListItem","position":1,"name":"Home","item":"https:\/\/www.bellunopress.it\/"},{"@type":"ListItem","position":2,"name":"\u201cBelluno protagonista\u201d: Michele Carbogno ufficializza la fronda del Pdl, divenuto oramai un \u201cpartitino di Pochi, democristiani e longevi\u201d"}]},{"@type":"WebSite","@id":"https:\/\/www.bellunopress.it\/#website","url":"https:\/\/www.bellunopress.it\/","name":"Bellunopress - Dolomiti","description":"e-mail: redazione@bellunopress.it","publisher":{"@id":"https:\/\/www.bellunopress.it\/#organization"},"potentialAction":[{"@type":"SearchAction","target":{"@type":"EntryPoint","urlTemplate":"https:\/\/www.bellunopress.it\/?s={search_term_string}"},"query-input":{"@type":"PropertyValueSpecification","valueRequired":true,"valueName":"search_term_string"}}],"inLanguage":"fr-FR"},{"@type":"Organization","@id":"https:\/\/www.bellunopress.it\/#organization","name":"Bellunopress","url":"https:\/\/www.bellunopress.it\/","logo":{"@type":"ImageObject","inLanguage":"fr-FR","@id":"https:\/\/www.bellunopress.it\/#\/schema\/logo\/image\/","url":"https:\/\/www.bellunopress.it\/wp-content\/uploads\/2011\/05\/cropped-logo-bellunopress-.jpg","contentUrl":"https:\/\/www.bellunopress.it\/wp-content\/uploads\/2011\/05\/cropped-logo-bellunopress-.jpg","width":512,"height":512,"caption":"Bellunopress"},"image":{"@id":"https:\/\/www.bellunopress.it\/#\/schema\/logo\/image\/"},"sameAs":["https:\/\/www.facebook.com\/profile.php?id=100008943462799","https:\/\/x.com\/bellunopress","https:\/\/www.linkedin.com\/hp\/?dnr=JBzUWaJfMUw8vbXJJ2tVW5-I3jZKvC4wsoxE&amp;amp;amp;amp;amp;amp;trk=nav_responsive_tab_home","https:\/\/www.youtube.com\/channel\/UCxL0wu1uN0_3_7hGG0306cw"]},{"@type":"Person","@id":"https:\/\/www.bellunopress.it\/#\/schema\/person\/79bb06722b37ece1c03d3e94beb30d73","name":"r\u00e9daction","image":{"@type":"ImageObject","inLanguage":"fr-FR","@id":"https:\/\/secure.gravatar.com\/avatar\/37d968a2e67a6fd04c169c4bdef102d0bc5d31b2546345219e348575eb80e9a0?s=96&d=mm&r=g","url":"https:\/\/secure.gravatar.com\/avatar\/37d968a2e67a6fd04c169c4bdef102d0bc5d31b2546345219e348575eb80e9a0?s=96&d=mm&r=g","contentUrl":"https:\/\/secure.gravatar.com\/avatar\/37d968a2e67a6fd04c169c4bdef102d0bc5d31b2546345219e348575eb80e9a0?s=96&d=mm&r=g","caption":"redazione"},"sameAs":["http:\/\/www.bellunopress.it","https:\/\/x.com\/bellunopress"],"url":"https:\/\/www.bellunopress.it\/fr\/author\/redazione\/"}]}},"_links":{"self":[{"href":"https:\/\/www.bellunopress.it\/fr\/wp-json\/wp\/v2\/posts\/35141","targetHints":{"allow":["GET"]}}],"collection":[{"href":"https:\/\/www.bellunopress.it\/fr\/wp-json\/wp\/v2\/posts"}],"about":[{"href":"https:\/\/www.bellunopress.it\/fr\/wp-json\/wp\/v2\/types\/post"}],"author":[{"embeddable":true,"href":"https:\/\/www.bellunopress.it\/fr\/wp-json\/wp\/v2\/users\/2"}],"replies":[{"embeddable":true,"href":"https:\/\/www.bellunopress.it\/fr\/wp-json\/wp\/v2\/comments?post=35141"}],"version-history":[{"count":1,"href":"https:\/\/www.bellunopress.it\/fr\/wp-json\/wp\/v2\/posts\/35141\/revisions"}],"predecessor-version":[{"id":35144,"href":"https:\/\/www.bellunopress.it\/fr\/wp-json\/wp\/v2\/posts\/35141\/revisions\/35144"}],"wp:attachment":[{"href":"https:\/\/www.bellunopress.it\/fr\/wp-json\/wp\/v2\/media?parent=35141"}],"wp:term":[{"taxonomy":"category","embeddable":true,"href":"https:\/\/www.bellunopress.it\/fr\/wp-json\/wp\/v2\/categories?post=35141"},{"taxonomy":"post_tag","embeddable":true,"href":"https:\/\/www.bellunopress.it\/fr\/wp-json\/wp\/v2\/tags?post=35141"}],"curies":[{"name":"wp","href":"https:\/\/api.w.org\/{rel}","templated":true}]}}