{"id":35132,"date":"2012-02-15T12:12:59","date_gmt":"2012-02-15T11:12:59","guid":{"rendered":"http:\/\/www.bellunopress.it\/?p=35132"},"modified":"2012-02-15T12:12:59","modified_gmt":"2012-02-15T11:12:59","slug":"provincia-bisogna-convocare-gli-stati-generali-se-non-ora-quando-di-angelo-levis-idv-belluno","status":"publish","type":"post","link":"https:\/\/www.bellunopress.it\/fr\/2012\/02\/15\/provincia-bisogna-convocare-gli-stati-generali-se-non-ora-quando-di-angelo-levis-idv-belluno\/","title":{"rendered":"Provincia: bisogna convocare gli Stati generali! Se non ora quando? di Angelo Levis (Idv Belluno)"},"content":{"rendered":"<figure id=\"attachment_28093\" aria-describedby=\"caption-attachment-28093\" style=\"width: 140px\" class=\"wp-caption alignleft\"><a href=\"http:\/\/www.bellunopress.it\/wp-content\/uploads\/2011\/06\/angelo-levis-140x140.jpg\"><img loading=\"lazy\" decoding=\"async\" class=\"size-full wp-image-28093\" title=\"angelo levis 140x140\" src=\"http:\/\/www.bellunopress.it\/wp-content\/uploads\/2011\/06\/angelo-levis-140x140.jpg\" alt=\"\" width=\"140\" height=\"140\" \/><\/a><figcaption id=\"caption-attachment-28093\" class=\"wp-caption-text\">Angelo Levis<\/figcaption><\/figure>\n<p>Gli Stati Generali si riuniscono quando incombono sul paese pericoli imminenti. Mi pare che la situazione finanziaria della provincia di Belluno ad un passo dal default sia tale da giustificare tale richiesta. Sinceramente sono stato sempre scettico su tale ipotesi. Ho sempre pensato che dovesse essere la politica con la P maiuscola a prendersi le responsabilit\u00e0 ed operare. Bisogna per\u00f2 ammettere che la situazione \u00e8 straordinaria. Straordinariet\u00e0 che \u00e8 data da vari fattori: mancanza di soldi, ente a rischio, mancanza di una guida politica.<br \/>\nVorrei rispondere anche a chi accusa l\u2019opposizione di irresponsabilit\u00e0 per aver fatto cadere Bottacin. Ricordo loro che proprio dall\u2019opposizione era stata formulata la richiesta di una giunta istituzionale rappresentante tutte le forze politiche in consiglio affinch\u00e8 assieme si potesse meglio far squadra. A tale richiesta non abbiamo mai avuto risposta.<br \/>\nSuperando le polemiche ritengo ora nuovamente doveroso riprovarci poich\u00e9 le conseguenze del dafault sono state ben descritte dai quotidiani nei giorni scorsi. Il dissesto finanziario provocherebbe sicuramente un ulteriore divario rispetto alle regioni limitrofe a statuto speciale.<br \/>\nIl commissario deve provarle tutte pur non imputandogli colpe di questa situazione difficilissima. Questa strada \u00e8 per\u00f2 doveroso che venga perseguita. Se non ora quando commissario Capocelli?<\/p>\n<p>Angelo Levis<br \/>\nI.D.V. Belluno<\/p>","protected":false},"excerpt":{"rendered":"<p>Gli Stati Generali si riuniscono quando incombono sul paese pericoli imminenti. Mi pare che la situazione finanziaria della provincia di Belluno ad un passo dal default sia tale da giustificare tale richiesta. Sinceramente sono stato sempre scettico su tale ipotesi. Ho sempre pensato che dovesse essere la politica con la P maiuscola a prendersi le [&hellip;]<\/p>\n","protected":false},"author":2,"featured_media":0,"comment_status":"closed","ping_status":"open","sticky":false,"template":"","format":"standard","meta":{"footnotes":""},"categories":[5,1,26],"tags":[],"class_list":["post-35132","post","type-post","status-publish","format-standard","category-cronaca","category-leo","category-prima-pagina"],"yoast_head":"<!-- This site is optimized with the Yoast SEO plugin v28.4 - https:\/\/yoast.com\/product\/yoast-seo-wordpress\/ -->\n<title>Provincia: bisogna convocare gli Stati generali! Se non ora quando? di Angelo Levis (Idv Belluno) - Bellunopress - Dolomiti<\/title>\n<meta name=\"robots\" content=\"index, follow, max-snippet:-1, max-image-preview:large, max-video-preview:-1\" \/>\n<link rel=\"canonical\" href=\"https:\/\/www.bellunopress.it\/fr\/2012\/02\/15\/provincia-bisogna-convocare-gli-stati-generali-se-non-ora-quando-di-angelo-levis-idv-belluno\/\" \/>\n<meta property=\"og:locale\" content=\"fr_FR\" \/>\n<meta property=\"og:type\" content=\"article\" \/>\n<meta property=\"og:title\" content=\"Provincia: bisogna convocare gli Stati generali! Se non ora quando? di Angelo Levis (Idv Belluno) - Bellunopress - Dolomiti\" \/>\n<meta property=\"og:description\" content=\"Gli Stati Generali si riuniscono quando incombono sul paese pericoli imminenti. Mi pare che la situazione finanziaria della provincia di Belluno ad un passo dal default sia tale da giustificare tale richiesta. Sinceramente sono stato sempre scettico su tale ipotesi. Ho sempre pensato che dovesse essere la politica con la P maiuscola a prendersi le [&hellip;]\" \/>\n<meta property=\"og:url\" content=\"https:\/\/www.bellunopress.it\/fr\/2012\/02\/15\/provincia-bisogna-convocare-gli-stati-generali-se-non-ora-quando-di-angelo-levis-idv-belluno\/\" \/>\n<meta property=\"og:site_name\" content=\"Bellunopress - Dolomiti\" \/>\n<meta property=\"article:publisher\" content=\"https:\/\/www.facebook.com\/profile.php?id=100008943462799\" \/>\n<meta property=\"article:published_time\" content=\"2012-02-15T11:12:59+00:00\" \/>\n<meta property=\"og:image\" content=\"http:\/\/www.bellunopress.it\/wp-content\/uploads\/2011\/06\/angelo-levis-140x140.jpg\" \/>\n<meta name=\"author\" content=\"redazione\" \/>\n<meta name=\"twitter:card\" content=\"summary_large_image\" \/>\n<meta name=\"twitter:creator\" content=\"@bellunopress\" \/>\n<meta name=\"twitter:site\" content=\"@bellunopress\" \/>\n<meta name=\"twitter:label1\" content=\"\u00c9crit par\" \/>\n\t<meta name=\"twitter:data1\" content=\"redazione\" \/>\n\t<meta name=\"twitter:label2\" content=\"Dur\u00e9e de lecture estim\u00e9e\" \/>\n\t<meta name=\"twitter:data2\" content=\"1 minute\" \/>\n<script type=\"application\/ld+json\" class=\"yoast-schema-graph\">{\"@context\":\"https:\\\/\\\/schema.org\",\"@graph\":[{\"@type\":\"Article\",\"@id\":\"https:\\\/\\\/www.bellunopress.it\\\/2012\\\/02\\\/15\\\/provincia-bisogna-convocare-gli-stati-generali-se-non-ora-quando-di-angelo-levis-idv-belluno\\\/#article\",\"isPartOf\":{\"@id\":\"https:\\\/\\\/www.bellunopress.it\\\/2012\\\/02\\\/15\\\/provincia-bisogna-convocare-gli-stati-generali-se-non-ora-quando-di-angelo-levis-idv-belluno\\\/\"},\"author\":{\"name\":\"redazione\",\"@id\":\"https:\\\/\\\/www.bellunopress.it\\\/#\\\/schema\\\/person\\\/79bb06722b37ece1c03d3e94beb30d73\"},\"headline\":\"Provincia: bisogna convocare gli Stati generali! Se non ora quando? di Angelo Levis (Idv Belluno)\",\"datePublished\":\"2012-02-15T11:12:59+00:00\",\"mainEntityOfPage\":{\"@id\":\"https:\\\/\\\/www.bellunopress.it\\\/2012\\\/02\\\/15\\\/provincia-bisogna-convocare-gli-stati-generali-se-non-ora-quando-di-angelo-levis-idv-belluno\\\/\"},\"wordCount\":228,\"publisher\":{\"@id\":\"https:\\\/\\\/www.bellunopress.it\\\/#organization\"},\"image\":{\"@id\":\"https:\\\/\\\/www.bellunopress.it\\\/2012\\\/02\\\/15\\\/provincia-bisogna-convocare-gli-stati-generali-se-non-ora-quando-di-angelo-levis-idv-belluno\\\/#primaryimage\"},\"thumbnailUrl\":\"http:\\\/\\\/www.bellunopress.it\\\/wp-content\\\/uploads\\\/2011\\\/06\\\/angelo-levis-140x140.jpg\",\"articleSection\":[\"Cronaca\\\/Politica\",\"Lettere Opinioni\",\"Prima Pagina\"],\"inLanguage\":\"fr-FR\"},{\"@type\":\"WebPage\",\"@id\":\"https:\\\/\\\/www.bellunopress.it\\\/2012\\\/02\\\/15\\\/provincia-bisogna-convocare-gli-stati-generali-se-non-ora-quando-di-angelo-levis-idv-belluno\\\/\",\"url\":\"https:\\\/\\\/www.bellunopress.it\\\/2012\\\/02\\\/15\\\/provincia-bisogna-convocare-gli-stati-generali-se-non-ora-quando-di-angelo-levis-idv-belluno\\\/\",\"name\":\"Provincia: bisogna convocare gli Stati generali! Se non ora quando? di Angelo Levis (Idv Belluno) - Bellunopress - Dolomiti\",\"isPartOf\":{\"@id\":\"https:\\\/\\\/www.bellunopress.it\\\/#website\"},\"primaryImageOfPage\":{\"@id\":\"https:\\\/\\\/www.bellunopress.it\\\/2012\\\/02\\\/15\\\/provincia-bisogna-convocare-gli-stati-generali-se-non-ora-quando-di-angelo-levis-idv-belluno\\\/#primaryimage\"},\"image\":{\"@id\":\"https:\\\/\\\/www.bellunopress.it\\\/2012\\\/02\\\/15\\\/provincia-bisogna-convocare-gli-stati-generali-se-non-ora-quando-di-angelo-levis-idv-belluno\\\/#primaryimage\"},\"thumbnailUrl\":\"http:\\\/\\\/www.bellunopress.it\\\/wp-content\\\/uploads\\\/2011\\\/06\\\/angelo-levis-140x140.jpg\",\"datePublished\":\"2012-02-15T11:12:59+00:00\",\"breadcrumb\":{\"@id\":\"https:\\\/\\\/www.bellunopress.it\\\/2012\\\/02\\\/15\\\/provincia-bisogna-convocare-gli-stati-generali-se-non-ora-quando-di-angelo-levis-idv-belluno\\\/#breadcrumb\"},\"inLanguage\":\"fr-FR\",\"potentialAction\":[{\"@type\":\"ReadAction\",\"target\":[\"https:\\\/\\\/www.bellunopress.it\\\/2012\\\/02\\\/15\\\/provincia-bisogna-convocare-gli-stati-generali-se-non-ora-quando-di-angelo-levis-idv-belluno\\\/\"]}]},{\"@type\":\"ImageObject\",\"inLanguage\":\"fr-FR\",\"@id\":\"https:\\\/\\\/www.bellunopress.it\\\/2012\\\/02\\\/15\\\/provincia-bisogna-convocare-gli-stati-generali-se-non-ora-quando-di-angelo-levis-idv-belluno\\\/#primaryimage\",\"url\":\"http:\\\/\\\/www.bellunopress.it\\\/wp-content\\\/uploads\\\/2011\\\/06\\\/angelo-levis-140x140.jpg\",\"contentUrl\":\"http:\\\/\\\/www.bellunopress.it\\\/wp-content\\\/uploads\\\/2011\\\/06\\\/angelo-levis-140x140.jpg\"},{\"@type\":\"BreadcrumbList\",\"@id\":\"https:\\\/\\\/www.bellunopress.it\\\/2012\\\/02\\\/15\\\/provincia-bisogna-convocare-gli-stati-generali-se-non-ora-quando-di-angelo-levis-idv-belluno\\\/#breadcrumb\",\"itemListElement\":[{\"@type\":\"ListItem\",\"position\":1,\"name\":\"Home\",\"item\":\"https:\\\/\\\/www.bellunopress.it\\\/\"},{\"@type\":\"ListItem\",\"position\":2,\"name\":\"Provincia: bisogna convocare gli Stati generali! Se non ora quando? di Angelo Levis (Idv Belluno)\"}]},{\"@type\":\"WebSite\",\"@id\":\"https:\\\/\\\/www.bellunopress.it\\\/#website\",\"url\":\"https:\\\/\\\/www.bellunopress.it\\\/\",\"name\":\"Bellunopress - Dolomiti\",\"description\":\"e-mail: redazione@bellunopress.it\",\"publisher\":{\"@id\":\"https:\\\/\\\/www.bellunopress.it\\\/#organization\"},\"potentialAction\":[{\"@type\":\"SearchAction\",\"target\":{\"@type\":\"EntryPoint\",\"urlTemplate\":\"https:\\\/\\\/www.bellunopress.it\\\/?s={search_term_string}\"},\"query-input\":{\"@type\":\"PropertyValueSpecification\",\"valueRequired\":true,\"valueName\":\"search_term_string\"}}],\"inLanguage\":\"fr-FR\"},{\"@type\":\"Organization\",\"@id\":\"https:\\\/\\\/www.bellunopress.it\\\/#organization\",\"name\":\"Bellunopress\",\"url\":\"https:\\\/\\\/www.bellunopress.it\\\/\",\"logo\":{\"@type\":\"ImageObject\",\"inLanguage\":\"fr-FR\",\"@id\":\"https:\\\/\\\/www.bellunopress.it\\\/#\\\/schema\\\/logo\\\/image\\\/\",\"url\":\"https:\\\/\\\/www.bellunopress.it\\\/wp-content\\\/uploads\\\/2011\\\/05\\\/cropped-logo-bellunopress-.jpg\",\"contentUrl\":\"https:\\\/\\\/www.bellunopress.it\\\/wp-content\\\/uploads\\\/2011\\\/05\\\/cropped-logo-bellunopress-.jpg\",\"width\":512,\"height\":512,\"caption\":\"Bellunopress\"},\"image\":{\"@id\":\"https:\\\/\\\/www.bellunopress.it\\\/#\\\/schema\\\/logo\\\/image\\\/\"},\"sameAs\":[\"https:\\\/\\\/www.facebook.com\\\/profile.php?id=100008943462799\",\"https:\\\/\\\/x.com\\\/bellunopress\",\"https:\\\/\\\/www.linkedin.com\\\/hp\\\/?dnr=JBzUWaJfMUw8vbXJJ2tVW5-I3jZKvC4wsoxE&amp;amp;amp;amp;amp;amp;trk=nav_responsive_tab_home\",\"https:\\\/\\\/www.youtube.com\\\/channel\\\/UCxL0wu1uN0_3_7hGG0306cw\"]},{\"@type\":\"Person\",\"@id\":\"https:\\\/\\\/www.bellunopress.it\\\/#\\\/schema\\\/person\\\/79bb06722b37ece1c03d3e94beb30d73\",\"name\":\"redazione\",\"image\":{\"@type\":\"ImageObject\",\"inLanguage\":\"fr-FR\",\"@id\":\"https:\\\/\\\/secure.gravatar.com\\\/avatar\\\/37d968a2e67a6fd04c169c4bdef102d0bc5d31b2546345219e348575eb80e9a0?s=96&d=mm&r=g\",\"url\":\"https:\\\/\\\/secure.gravatar.com\\\/avatar\\\/37d968a2e67a6fd04c169c4bdef102d0bc5d31b2546345219e348575eb80e9a0?s=96&d=mm&r=g\",\"contentUrl\":\"https:\\\/\\\/secure.gravatar.com\\\/avatar\\\/37d968a2e67a6fd04c169c4bdef102d0bc5d31b2546345219e348575eb80e9a0?s=96&d=mm&r=g\",\"caption\":\"redazione\"},\"sameAs\":[\"http:\\\/\\\/www.bellunopress.it\",\"https:\\\/\\\/x.com\\\/bellunopress\"],\"url\":\"https:\\\/\\\/www.bellunopress.it\\\/fr\\\/author\\\/redazione\\\/\"}]}<\/script>\n<!-- \/ Yoast SEO plugin. -->","yoast_head_json":{"title":"Provincia: bisogna convocare gli Stati generali! Se non ora quando? di Angelo Levis (Idv Belluno) - Bellunopress - Dolomiti","robots":{"index":"index","follow":"follow","max-snippet":"max-snippet:-1","max-image-preview":"max-image-preview:large","max-video-preview":"max-video-preview:-1"},"canonical":"https:\/\/www.bellunopress.it\/fr\/2012\/02\/15\/provincia-bisogna-convocare-gli-stati-generali-se-non-ora-quando-di-angelo-levis-idv-belluno\/","og_locale":"fr_FR","og_type":"article","og_title":"Provincia: bisogna convocare gli Stati generali! Se non ora quando? di Angelo Levis (Idv Belluno) - Bellunopress - Dolomiti","og_description":"Gli Stati Generali si riuniscono quando incombono sul paese pericoli imminenti. Mi pare che la situazione finanziaria della provincia di Belluno ad un passo dal default sia tale da giustificare tale richiesta. Sinceramente sono stato sempre scettico su tale ipotesi. Ho sempre pensato che dovesse essere la politica con la P maiuscola a prendersi le [&hellip;]","og_url":"https:\/\/www.bellunopress.it\/fr\/2012\/02\/15\/provincia-bisogna-convocare-gli-stati-generali-se-non-ora-quando-di-angelo-levis-idv-belluno\/","og_site_name":"Bellunopress - Dolomiti","article_publisher":"https:\/\/www.facebook.com\/profile.php?id=100008943462799","article_published_time":"2012-02-15T11:12:59+00:00","og_image":[{"url":"http:\/\/www.bellunopress.it\/wp-content\/uploads\/2011\/06\/angelo-levis-140x140.jpg","type":"","width":"","height":""}],"author":"redazione","twitter_card":"summary_large_image","twitter_creator":"@bellunopress","twitter_site":"@bellunopress","twitter_misc":{"\u00c9crit par":"redazione","Dur\u00e9e de lecture estim\u00e9e":"1 minute"},"schema":{"@context":"https:\/\/schema.org","@graph":[{"@type":"Article","@id":"https:\/\/www.bellunopress.it\/2012\/02\/15\/provincia-bisogna-convocare-gli-stati-generali-se-non-ora-quando-di-angelo-levis-idv-belluno\/#article","isPartOf":{"@id":"https:\/\/www.bellunopress.it\/2012\/02\/15\/provincia-bisogna-convocare-gli-stati-generali-se-non-ora-quando-di-angelo-levis-idv-belluno\/"},"author":{"name":"redazione","@id":"https:\/\/www.bellunopress.it\/#\/schema\/person\/79bb06722b37ece1c03d3e94beb30d73"},"headline":"Provincia: bisogna convocare gli Stati generali! Se non ora quando? di Angelo Levis (Idv Belluno)","datePublished":"2012-02-15T11:12:59+00:00","mainEntityOfPage":{"@id":"https:\/\/www.bellunopress.it\/2012\/02\/15\/provincia-bisogna-convocare-gli-stati-generali-se-non-ora-quando-di-angelo-levis-idv-belluno\/"},"wordCount":228,"publisher":{"@id":"https:\/\/www.bellunopress.it\/#organization"},"image":{"@id":"https:\/\/www.bellunopress.it\/2012\/02\/15\/provincia-bisogna-convocare-gli-stati-generali-se-non-ora-quando-di-angelo-levis-idv-belluno\/#primaryimage"},"thumbnailUrl":"http:\/\/www.bellunopress.it\/wp-content\/uploads\/2011\/06\/angelo-levis-140x140.jpg","articleSection":["Cronaca\/Politica","Lettere Opinioni","Prima Pagina"],"inLanguage":"fr-FR"},{"@type":"WebPage","@id":"https:\/\/www.bellunopress.it\/2012\/02\/15\/provincia-bisogna-convocare-gli-stati-generali-se-non-ora-quando-di-angelo-levis-idv-belluno\/","url":"https:\/\/www.bellunopress.it\/2012\/02\/15\/provincia-bisogna-convocare-gli-stati-generali-se-non-ora-quando-di-angelo-levis-idv-belluno\/","name":"Provincia: bisogna convocare gli Stati generali! Se non ora quando? di Angelo Levis (Idv Belluno) - Bellunopress - Dolomiti","isPartOf":{"@id":"https:\/\/www.bellunopress.it\/#website"},"primaryImageOfPage":{"@id":"https:\/\/www.bellunopress.it\/2012\/02\/15\/provincia-bisogna-convocare-gli-stati-generali-se-non-ora-quando-di-angelo-levis-idv-belluno\/#primaryimage"},"image":{"@id":"https:\/\/www.bellunopress.it\/2012\/02\/15\/provincia-bisogna-convocare-gli-stati-generali-se-non-ora-quando-di-angelo-levis-idv-belluno\/#primaryimage"},"thumbnailUrl":"http:\/\/www.bellunopress.it\/wp-content\/uploads\/2011\/06\/angelo-levis-140x140.jpg","datePublished":"2012-02-15T11:12:59+00:00","breadcrumb":{"@id":"https:\/\/www.bellunopress.it\/2012\/02\/15\/provincia-bisogna-convocare-gli-stati-generali-se-non-ora-quando-di-angelo-levis-idv-belluno\/#breadcrumb"},"inLanguage":"fr-FR","potentialAction":[{"@type":"ReadAction","target":["https:\/\/www.bellunopress.it\/2012\/02\/15\/provincia-bisogna-convocare-gli-stati-generali-se-non-ora-quando-di-angelo-levis-idv-belluno\/"]}]},{"@type":"ImageObject","inLanguage":"fr-FR","@id":"https:\/\/www.bellunopress.it\/2012\/02\/15\/provincia-bisogna-convocare-gli-stati-generali-se-non-ora-quando-di-angelo-levis-idv-belluno\/#primaryimage","url":"http:\/\/www.bellunopress.it\/wp-content\/uploads\/2011\/06\/angelo-levis-140x140.jpg","contentUrl":"http:\/\/www.bellunopress.it\/wp-content\/uploads\/2011\/06\/angelo-levis-140x140.jpg"},{"@type":"BreadcrumbList","@id":"https:\/\/www.bellunopress.it\/2012\/02\/15\/provincia-bisogna-convocare-gli-stati-generali-se-non-ora-quando-di-angelo-levis-idv-belluno\/#breadcrumb","itemListElement":[{"@type":"ListItem","position":1,"name":"Home","item":"https:\/\/www.bellunopress.it\/"},{"@type":"ListItem","position":2,"name":"Provincia: bisogna convocare gli Stati generali! Se non ora quando? di Angelo Levis (Idv Belluno)"}]},{"@type":"WebSite","@id":"https:\/\/www.bellunopress.it\/#website","url":"https:\/\/www.bellunopress.it\/","name":"Bellunopress - Dolomiti","description":"e-mail: redazione@bellunopress.it","publisher":{"@id":"https:\/\/www.bellunopress.it\/#organization"},"potentialAction":[{"@type":"SearchAction","target":{"@type":"EntryPoint","urlTemplate":"https:\/\/www.bellunopress.it\/?s={search_term_string}"},"query-input":{"@type":"PropertyValueSpecification","valueRequired":true,"valueName":"search_term_string"}}],"inLanguage":"fr-FR"},{"@type":"Organization","@id":"https:\/\/www.bellunopress.it\/#organization","name":"Bellunopress","url":"https:\/\/www.bellunopress.it\/","logo":{"@type":"ImageObject","inLanguage":"fr-FR","@id":"https:\/\/www.bellunopress.it\/#\/schema\/logo\/image\/","url":"https:\/\/www.bellunopress.it\/wp-content\/uploads\/2011\/05\/cropped-logo-bellunopress-.jpg","contentUrl":"https:\/\/www.bellunopress.it\/wp-content\/uploads\/2011\/05\/cropped-logo-bellunopress-.jpg","width":512,"height":512,"caption":"Bellunopress"},"image":{"@id":"https:\/\/www.bellunopress.it\/#\/schema\/logo\/image\/"},"sameAs":["https:\/\/www.facebook.com\/profile.php?id=100008943462799","https:\/\/x.com\/bellunopress","https:\/\/www.linkedin.com\/hp\/?dnr=JBzUWaJfMUw8vbXJJ2tVW5-I3jZKvC4wsoxE&amp;amp;amp;amp;amp;amp;trk=nav_responsive_tab_home","https:\/\/www.youtube.com\/channel\/UCxL0wu1uN0_3_7hGG0306cw"]},{"@type":"Person","@id":"https:\/\/www.bellunopress.it\/#\/schema\/person\/79bb06722b37ece1c03d3e94beb30d73","name":"r\u00e9daction","image":{"@type":"ImageObject","inLanguage":"fr-FR","@id":"https:\/\/secure.gravatar.com\/avatar\/37d968a2e67a6fd04c169c4bdef102d0bc5d31b2546345219e348575eb80e9a0?s=96&d=mm&r=g","url":"https:\/\/secure.gravatar.com\/avatar\/37d968a2e67a6fd04c169c4bdef102d0bc5d31b2546345219e348575eb80e9a0?s=96&d=mm&r=g","contentUrl":"https:\/\/secure.gravatar.com\/avatar\/37d968a2e67a6fd04c169c4bdef102d0bc5d31b2546345219e348575eb80e9a0?s=96&d=mm&r=g","caption":"redazione"},"sameAs":["http:\/\/www.bellunopress.it","https:\/\/x.com\/bellunopress"],"url":"https:\/\/www.bellunopress.it\/fr\/author\/redazione\/"}]}},"_links":{"self":[{"href":"https:\/\/www.bellunopress.it\/fr\/wp-json\/wp\/v2\/posts\/35132","targetHints":{"allow":["GET"]}}],"collection":[{"href":"https:\/\/www.bellunopress.it\/fr\/wp-json\/wp\/v2\/posts"}],"about":[{"href":"https:\/\/www.bellunopress.it\/fr\/wp-json\/wp\/v2\/types\/post"}],"author":[{"embeddable":true,"href":"https:\/\/www.bellunopress.it\/fr\/wp-json\/wp\/v2\/users\/2"}],"replies":[{"embeddable":true,"href":"https:\/\/www.bellunopress.it\/fr\/wp-json\/wp\/v2\/comments?post=35132"}],"version-history":[{"count":1,"href":"https:\/\/www.bellunopress.it\/fr\/wp-json\/wp\/v2\/posts\/35132\/revisions"}],"predecessor-version":[{"id":35133,"href":"https:\/\/www.bellunopress.it\/fr\/wp-json\/wp\/v2\/posts\/35132\/revisions\/35133"}],"wp:attachment":[{"href":"https:\/\/www.bellunopress.it\/fr\/wp-json\/wp\/v2\/media?parent=35132"}],"wp:term":[{"taxonomy":"category","embeddable":true,"href":"https:\/\/www.bellunopress.it\/fr\/wp-json\/wp\/v2\/categories?post=35132"},{"taxonomy":"post_tag","embeddable":true,"href":"https:\/\/www.bellunopress.it\/fr\/wp-json\/wp\/v2\/tags?post=35132"}],"curies":[{"name":"wp","href":"https:\/\/api.w.org\/{rel}","templated":true}]}}