{"id":35123,"date":"2012-02-14T08:24:42","date_gmt":"2012-02-14T07:24:42","guid":{"rendered":"http:\/\/www.bellunopress.it\/?p=35123"},"modified":"2012-02-16T22:53:00","modified_gmt":"2012-02-16T21:53:00","slug":"straviarte-phora-giovedi-grasso-con-domenico-menini-al-teatro-san-gaetano-di-castion","status":"publish","type":"post","link":"https:\/\/www.bellunopress.it\/fr\/2012\/02\/14\/straviarte-phora-giovedi-grasso-con-domenico-menini-al-teatro-san-gaetano-di-castion\/","title":{"rendered":"Straviarte Phora: gioved\u00ec grasso con Domenico Menini al Teatro San Gaetano di Castion"},"content":{"rendered":"<p>Opera, operetta, jazz, blues e i Belumat cosa hanno in comune?\u00a0 Ce lo spiega domani sera \u2013 16 febbraio 2012 alle ore 20.30 \u2013 al Teatro San Gaetano di Castion un cantante d\u2019opera in libera uscita \u2013 Domenico Menini \u2013 assieme ad un pianista classico \u2013 Federico Brunello, un percussionista etnico \u2013 Moreno Dal Farra e un contrabbassista swing \u2013 Elio Piasente.<br \/>\nLa performance non si sviluppa come un vero e proprio spettacolo, ma piuttosto come una prova aperta, con interruzioni, commenti, interazione con il pubblico. Il risultato sono due ore di familiare intrattenimento unico e carnascialesco. Un modo diverso per passare in allegria la serata del gioved\u00ec grasso, per \u201cstraviarse phora\u201d appunto.<br \/>\nAnche il repertorio che il gruppo proporr\u00e0 \u00e8 tutto da scoprire, ma sicuramente ci saranno pezzi che spaziano dalla musica classica a quella jazz, dal blues alla musica pi\u00f9 popolare dei Belumant.<\/p>","protected":false},"excerpt":{"rendered":"<p>Opera, operetta, jazz, blues e i Belumat cosa hanno in comune?\u00a0 Ce lo spiega domani sera \u2013 16 febbraio 2012 alle ore 20.30 \u2013 al Teatro San Gaetano di Castion un cantante d\u2019opera in libera uscita \u2013 Domenico Menini \u2013 assieme ad un pianista classico \u2013 Federico Brunello, un percussionista etnico \u2013 Moreno Dal Farra [&hellip;]<\/p>\n","protected":false},"author":2,"featured_media":0,"comment_status":"closed","ping_status":"open","sticky":false,"template":"","format":"standard","meta":{"footnotes":""},"categories":[27,25],"tags":[],"class_list":["post-35123","post","type-post","status-publish","format-standard","category-appuntamenti","category-pausa-caffe"],"yoast_head":"<!-- This site is optimized with the Yoast SEO plugin v28.4 - https:\/\/yoast.com\/product\/yoast-seo-wordpress\/ -->\n<title>Straviarte Phora: gioved\u00ec grasso con Domenico Menini al Teatro San Gaetano di Castion - Bellunopress - Dolomiti<\/title>\n<meta name=\"robots\" content=\"index, follow, max-snippet:-1, max-image-preview:large, max-video-preview:-1\" \/>\n<link rel=\"canonical\" href=\"https:\/\/www.bellunopress.it\/fr\/2012\/02\/14\/straviarte-phora-giovedi-grasso-con-domenico-menini-al-teatro-san-gaetano-di-castion\/\" \/>\n<meta property=\"og:locale\" content=\"fr_FR\" \/>\n<meta property=\"og:type\" content=\"article\" \/>\n<meta property=\"og:title\" content=\"Straviarte Phora: gioved\u00ec grasso con Domenico Menini al Teatro San Gaetano di Castion - Bellunopress - Dolomiti\" \/>\n<meta property=\"og:description\" content=\"Opera, operetta, jazz, blues e i Belumat cosa hanno in comune?\u00a0 Ce lo spiega domani sera \u2013 16 febbraio 2012 alle ore 20.30 \u2013 al Teatro San Gaetano di Castion un cantante d\u2019opera in libera uscita \u2013 Domenico Menini \u2013 assieme ad un pianista classico \u2013 Federico Brunello, un percussionista etnico \u2013 Moreno Dal Farra [&hellip;]\" \/>\n<meta property=\"og:url\" content=\"https:\/\/www.bellunopress.it\/fr\/2012\/02\/14\/straviarte-phora-giovedi-grasso-con-domenico-menini-al-teatro-san-gaetano-di-castion\/\" \/>\n<meta property=\"og:site_name\" content=\"Bellunopress - Dolomiti\" \/>\n<meta property=\"article:publisher\" content=\"https:\/\/www.facebook.com\/profile.php?id=100008943462799\" \/>\n<meta property=\"article:published_time\" content=\"2012-02-14T07:24:42+00:00\" \/>\n<meta property=\"article:modified_time\" content=\"2012-02-16T21:53:00+00:00\" \/>\n<meta property=\"og:image\" content=\"http:\/\/www.bellunopress.it\/wp-content\/uploads\/2012\/07\/logo-bellunopress-250x250-2012.jpg\" \/>\n<meta name=\"author\" content=\"redazione\" \/>\n<meta name=\"twitter:card\" content=\"summary_large_image\" \/>\n<meta name=\"twitter:creator\" content=\"@bellunopress\" \/>\n<meta name=\"twitter:site\" content=\"@bellunopress\" \/>\n<meta name=\"twitter:label1\" content=\"\u00c9crit par\" \/>\n\t<meta name=\"twitter:data1\" content=\"redazione\" \/>\n\t<meta name=\"twitter:label2\" content=\"Dur\u00e9e de lecture estim\u00e9e\" \/>\n\t<meta name=\"twitter:data2\" content=\"1 minute\" \/>\n<script type=\"application\/ld+json\" class=\"yoast-schema-graph\">{\"@context\":\"https:\\\/\\\/schema.org\",\"@graph\":[{\"@type\":\"Article\",\"@id\":\"https:\\\/\\\/www.bellunopress.it\\\/2012\\\/02\\\/14\\\/straviarte-phora-giovedi-grasso-con-domenico-menini-al-teatro-san-gaetano-di-castion\\\/#article\",\"isPartOf\":{\"@id\":\"https:\\\/\\\/www.bellunopress.it\\\/2012\\\/02\\\/14\\\/straviarte-phora-giovedi-grasso-con-domenico-menini-al-teatro-san-gaetano-di-castion\\\/\"},\"author\":{\"name\":\"redazione\",\"@id\":\"https:\\\/\\\/www.bellunopress.it\\\/#\\\/schema\\\/person\\\/79bb06722b37ece1c03d3e94beb30d73\"},\"headline\":\"Straviarte Phora: gioved\u00ec grasso con Domenico Menini al Teatro San Gaetano di Castion\",\"datePublished\":\"2012-02-14T07:24:42+00:00\",\"dateModified\":\"2012-02-16T21:53:00+00:00\",\"mainEntityOfPage\":{\"@id\":\"https:\\\/\\\/www.bellunopress.it\\\/2012\\\/02\\\/14\\\/straviarte-phora-giovedi-grasso-con-domenico-menini-al-teatro-san-gaetano-di-castion\\\/\"},\"wordCount\":148,\"publisher\":{\"@id\":\"https:\\\/\\\/www.bellunopress.it\\\/#organization\"},\"articleSection\":[\"Appuntamenti, Eventi\",\"Pausa Caff\u00e8\"],\"inLanguage\":\"fr-FR\"},{\"@type\":\"WebPage\",\"@id\":\"https:\\\/\\\/www.bellunopress.it\\\/2012\\\/02\\\/14\\\/straviarte-phora-giovedi-grasso-con-domenico-menini-al-teatro-san-gaetano-di-castion\\\/\",\"url\":\"https:\\\/\\\/www.bellunopress.it\\\/2012\\\/02\\\/14\\\/straviarte-phora-giovedi-grasso-con-domenico-menini-al-teatro-san-gaetano-di-castion\\\/\",\"name\":\"Straviarte Phora: gioved\u00ec grasso con Domenico Menini al Teatro San Gaetano di Castion - Bellunopress - Dolomiti\",\"isPartOf\":{\"@id\":\"https:\\\/\\\/www.bellunopress.it\\\/#website\"},\"datePublished\":\"2012-02-14T07:24:42+00:00\",\"dateModified\":\"2012-02-16T21:53:00+00:00\",\"breadcrumb\":{\"@id\":\"https:\\\/\\\/www.bellunopress.it\\\/2012\\\/02\\\/14\\\/straviarte-phora-giovedi-grasso-con-domenico-menini-al-teatro-san-gaetano-di-castion\\\/#breadcrumb\"},\"inLanguage\":\"fr-FR\",\"potentialAction\":[{\"@type\":\"ReadAction\",\"target\":[\"https:\\\/\\\/www.bellunopress.it\\\/2012\\\/02\\\/14\\\/straviarte-phora-giovedi-grasso-con-domenico-menini-al-teatro-san-gaetano-di-castion\\\/\"]}]},{\"@type\":\"BreadcrumbList\",\"@id\":\"https:\\\/\\\/www.bellunopress.it\\\/2012\\\/02\\\/14\\\/straviarte-phora-giovedi-grasso-con-domenico-menini-al-teatro-san-gaetano-di-castion\\\/#breadcrumb\",\"itemListElement\":[{\"@type\":\"ListItem\",\"position\":1,\"name\":\"Home\",\"item\":\"https:\\\/\\\/www.bellunopress.it\\\/\"},{\"@type\":\"ListItem\",\"position\":2,\"name\":\"Straviarte Phora: gioved\u00ec grasso con Domenico Menini al Teatro San Gaetano di Castion\"}]},{\"@type\":\"WebSite\",\"@id\":\"https:\\\/\\\/www.bellunopress.it\\\/#website\",\"url\":\"https:\\\/\\\/www.bellunopress.it\\\/\",\"name\":\"Bellunopress - Dolomiti\",\"description\":\"e-mail: redazione@bellunopress.it\",\"publisher\":{\"@id\":\"https:\\\/\\\/www.bellunopress.it\\\/#organization\"},\"potentialAction\":[{\"@type\":\"SearchAction\",\"target\":{\"@type\":\"EntryPoint\",\"urlTemplate\":\"https:\\\/\\\/www.bellunopress.it\\\/?s={search_term_string}\"},\"query-input\":{\"@type\":\"PropertyValueSpecification\",\"valueRequired\":true,\"valueName\":\"search_term_string\"}}],\"inLanguage\":\"fr-FR\"},{\"@type\":\"Organization\",\"@id\":\"https:\\\/\\\/www.bellunopress.it\\\/#organization\",\"name\":\"Bellunopress\",\"url\":\"https:\\\/\\\/www.bellunopress.it\\\/\",\"logo\":{\"@type\":\"ImageObject\",\"inLanguage\":\"fr-FR\",\"@id\":\"https:\\\/\\\/www.bellunopress.it\\\/#\\\/schema\\\/logo\\\/image\\\/\",\"url\":\"https:\\\/\\\/www.bellunopress.it\\\/wp-content\\\/uploads\\\/2011\\\/05\\\/cropped-logo-bellunopress-.jpg\",\"contentUrl\":\"https:\\\/\\\/www.bellunopress.it\\\/wp-content\\\/uploads\\\/2011\\\/05\\\/cropped-logo-bellunopress-.jpg\",\"width\":512,\"height\":512,\"caption\":\"Bellunopress\"},\"image\":{\"@id\":\"https:\\\/\\\/www.bellunopress.it\\\/#\\\/schema\\\/logo\\\/image\\\/\"},\"sameAs\":[\"https:\\\/\\\/www.facebook.com\\\/profile.php?id=100008943462799\",\"https:\\\/\\\/x.com\\\/bellunopress\",\"https:\\\/\\\/www.linkedin.com\\\/hp\\\/?dnr=JBzUWaJfMUw8vbXJJ2tVW5-I3jZKvC4wsoxE&amp;amp;amp;amp;amp;amp;trk=nav_responsive_tab_home\",\"https:\\\/\\\/www.youtube.com\\\/channel\\\/UCxL0wu1uN0_3_7hGG0306cw\"]},{\"@type\":\"Person\",\"@id\":\"https:\\\/\\\/www.bellunopress.it\\\/#\\\/schema\\\/person\\\/79bb06722b37ece1c03d3e94beb30d73\",\"name\":\"redazione\",\"image\":{\"@type\":\"ImageObject\",\"inLanguage\":\"fr-FR\",\"@id\":\"https:\\\/\\\/secure.gravatar.com\\\/avatar\\\/37d968a2e67a6fd04c169c4bdef102d0bc5d31b2546345219e348575eb80e9a0?s=96&d=mm&r=g\",\"url\":\"https:\\\/\\\/secure.gravatar.com\\\/avatar\\\/37d968a2e67a6fd04c169c4bdef102d0bc5d31b2546345219e348575eb80e9a0?s=96&d=mm&r=g\",\"contentUrl\":\"https:\\\/\\\/secure.gravatar.com\\\/avatar\\\/37d968a2e67a6fd04c169c4bdef102d0bc5d31b2546345219e348575eb80e9a0?s=96&d=mm&r=g\",\"caption\":\"redazione\"},\"sameAs\":[\"http:\\\/\\\/www.bellunopress.it\",\"https:\\\/\\\/x.com\\\/bellunopress\"],\"url\":\"https:\\\/\\\/www.bellunopress.it\\\/fr\\\/author\\\/redazione\\\/\"}]}<\/script>\n<!-- \/ Yoast SEO plugin. -->","yoast_head_json":{"title":"Straviarte Phora: gioved\u00ec grasso con Domenico Menini al Teatro San Gaetano di Castion - Bellunopress - Dolomiti","robots":{"index":"index","follow":"follow","max-snippet":"max-snippet:-1","max-image-preview":"max-image-preview:large","max-video-preview":"max-video-preview:-1"},"canonical":"https:\/\/www.bellunopress.it\/fr\/2012\/02\/14\/straviarte-phora-giovedi-grasso-con-domenico-menini-al-teatro-san-gaetano-di-castion\/","og_locale":"fr_FR","og_type":"article","og_title":"Straviarte Phora: gioved\u00ec grasso con Domenico Menini al Teatro San Gaetano di Castion - Bellunopress - Dolomiti","og_description":"Opera, operetta, jazz, blues e i Belumat cosa hanno in comune?\u00a0 Ce lo spiega domani sera \u2013 16 febbraio 2012 alle ore 20.30 \u2013 al Teatro San Gaetano di Castion un cantante d\u2019opera in libera uscita \u2013 Domenico Menini \u2013 assieme ad un pianista classico \u2013 Federico Brunello, un percussionista etnico \u2013 Moreno Dal Farra [&hellip;]","og_url":"https:\/\/www.bellunopress.it\/fr\/2012\/02\/14\/straviarte-phora-giovedi-grasso-con-domenico-menini-al-teatro-san-gaetano-di-castion\/","og_site_name":"Bellunopress - Dolomiti","article_publisher":"https:\/\/www.facebook.com\/profile.php?id=100008943462799","article_published_time":"2012-02-14T07:24:42+00:00","article_modified_time":"2012-02-16T21:53:00+00:00","og_image":[{"url":"http:\/\/www.bellunopress.it\/wp-content\/uploads\/2012\/07\/logo-bellunopress-250x250-2012.jpg","type":"","width":"","height":""}],"author":"redazione","twitter_card":"summary_large_image","twitter_creator":"@bellunopress","twitter_site":"@bellunopress","twitter_misc":{"\u00c9crit par":"redazione","Dur\u00e9e de lecture estim\u00e9e":"1 minute"},"schema":{"@context":"https:\/\/schema.org","@graph":[{"@type":"Article","@id":"https:\/\/www.bellunopress.it\/2012\/02\/14\/straviarte-phora-giovedi-grasso-con-domenico-menini-al-teatro-san-gaetano-di-castion\/#article","isPartOf":{"@id":"https:\/\/www.bellunopress.it\/2012\/02\/14\/straviarte-phora-giovedi-grasso-con-domenico-menini-al-teatro-san-gaetano-di-castion\/"},"author":{"name":"redazione","@id":"https:\/\/www.bellunopress.it\/#\/schema\/person\/79bb06722b37ece1c03d3e94beb30d73"},"headline":"Straviarte Phora: gioved\u00ec grasso con Domenico Menini al Teatro San Gaetano di Castion","datePublished":"2012-02-14T07:24:42+00:00","dateModified":"2012-02-16T21:53:00+00:00","mainEntityOfPage":{"@id":"https:\/\/www.bellunopress.it\/2012\/02\/14\/straviarte-phora-giovedi-grasso-con-domenico-menini-al-teatro-san-gaetano-di-castion\/"},"wordCount":148,"publisher":{"@id":"https:\/\/www.bellunopress.it\/#organization"},"articleSection":["Appuntamenti, Eventi","Pausa Caff\u00e8"],"inLanguage":"fr-FR"},{"@type":"WebPage","@id":"https:\/\/www.bellunopress.it\/2012\/02\/14\/straviarte-phora-giovedi-grasso-con-domenico-menini-al-teatro-san-gaetano-di-castion\/","url":"https:\/\/www.bellunopress.it\/2012\/02\/14\/straviarte-phora-giovedi-grasso-con-domenico-menini-al-teatro-san-gaetano-di-castion\/","name":"Straviarte Phora: gioved\u00ec grasso con Domenico Menini al Teatro San Gaetano di Castion - Bellunopress - Dolomiti","isPartOf":{"@id":"https:\/\/www.bellunopress.it\/#website"},"datePublished":"2012-02-14T07:24:42+00:00","dateModified":"2012-02-16T21:53:00+00:00","breadcrumb":{"@id":"https:\/\/www.bellunopress.it\/2012\/02\/14\/straviarte-phora-giovedi-grasso-con-domenico-menini-al-teatro-san-gaetano-di-castion\/#breadcrumb"},"inLanguage":"fr-FR","potentialAction":[{"@type":"ReadAction","target":["https:\/\/www.bellunopress.it\/2012\/02\/14\/straviarte-phora-giovedi-grasso-con-domenico-menini-al-teatro-san-gaetano-di-castion\/"]}]},{"@type":"BreadcrumbList","@id":"https:\/\/www.bellunopress.it\/2012\/02\/14\/straviarte-phora-giovedi-grasso-con-domenico-menini-al-teatro-san-gaetano-di-castion\/#breadcrumb","itemListElement":[{"@type":"ListItem","position":1,"name":"Home","item":"https:\/\/www.bellunopress.it\/"},{"@type":"ListItem","position":2,"name":"Straviarte Phora: gioved\u00ec grasso con Domenico Menini al Teatro San Gaetano di Castion"}]},{"@type":"WebSite","@id":"https:\/\/www.bellunopress.it\/#website","url":"https:\/\/www.bellunopress.it\/","name":"Bellunopress - Dolomiti","description":"e-mail: redazione@bellunopress.it","publisher":{"@id":"https:\/\/www.bellunopress.it\/#organization"},"potentialAction":[{"@type":"SearchAction","target":{"@type":"EntryPoint","urlTemplate":"https:\/\/www.bellunopress.it\/?s={search_term_string}"},"query-input":{"@type":"PropertyValueSpecification","valueRequired":true,"valueName":"search_term_string"}}],"inLanguage":"fr-FR"},{"@type":"Organization","@id":"https:\/\/www.bellunopress.it\/#organization","name":"Bellunopress","url":"https:\/\/www.bellunopress.it\/","logo":{"@type":"ImageObject","inLanguage":"fr-FR","@id":"https:\/\/www.bellunopress.it\/#\/schema\/logo\/image\/","url":"https:\/\/www.bellunopress.it\/wp-content\/uploads\/2011\/05\/cropped-logo-bellunopress-.jpg","contentUrl":"https:\/\/www.bellunopress.it\/wp-content\/uploads\/2011\/05\/cropped-logo-bellunopress-.jpg","width":512,"height":512,"caption":"Bellunopress"},"image":{"@id":"https:\/\/www.bellunopress.it\/#\/schema\/logo\/image\/"},"sameAs":["https:\/\/www.facebook.com\/profile.php?id=100008943462799","https:\/\/x.com\/bellunopress","https:\/\/www.linkedin.com\/hp\/?dnr=JBzUWaJfMUw8vbXJJ2tVW5-I3jZKvC4wsoxE&amp;amp;amp;amp;amp;amp;trk=nav_responsive_tab_home","https:\/\/www.youtube.com\/channel\/UCxL0wu1uN0_3_7hGG0306cw"]},{"@type":"Person","@id":"https:\/\/www.bellunopress.it\/#\/schema\/person\/79bb06722b37ece1c03d3e94beb30d73","name":"r\u00e9daction","image":{"@type":"ImageObject","inLanguage":"fr-FR","@id":"https:\/\/secure.gravatar.com\/avatar\/37d968a2e67a6fd04c169c4bdef102d0bc5d31b2546345219e348575eb80e9a0?s=96&d=mm&r=g","url":"https:\/\/secure.gravatar.com\/avatar\/37d968a2e67a6fd04c169c4bdef102d0bc5d31b2546345219e348575eb80e9a0?s=96&d=mm&r=g","contentUrl":"https:\/\/secure.gravatar.com\/avatar\/37d968a2e67a6fd04c169c4bdef102d0bc5d31b2546345219e348575eb80e9a0?s=96&d=mm&r=g","caption":"redazione"},"sameAs":["http:\/\/www.bellunopress.it","https:\/\/x.com\/bellunopress"],"url":"https:\/\/www.bellunopress.it\/fr\/author\/redazione\/"}]}},"_links":{"self":[{"href":"https:\/\/www.bellunopress.it\/fr\/wp-json\/wp\/v2\/posts\/35123","targetHints":{"allow":["GET"]}}],"collection":[{"href":"https:\/\/www.bellunopress.it\/fr\/wp-json\/wp\/v2\/posts"}],"about":[{"href":"https:\/\/www.bellunopress.it\/fr\/wp-json\/wp\/v2\/types\/post"}],"author":[{"embeddable":true,"href":"https:\/\/www.bellunopress.it\/fr\/wp-json\/wp\/v2\/users\/2"}],"replies":[{"embeddable":true,"href":"https:\/\/www.bellunopress.it\/fr\/wp-json\/wp\/v2\/comments?post=35123"}],"version-history":[{"count":2,"href":"https:\/\/www.bellunopress.it\/fr\/wp-json\/wp\/v2\/posts\/35123\/revisions"}],"predecessor-version":[{"id":35180,"href":"https:\/\/www.bellunopress.it\/fr\/wp-json\/wp\/v2\/posts\/35123\/revisions\/35180"}],"wp:attachment":[{"href":"https:\/\/www.bellunopress.it\/fr\/wp-json\/wp\/v2\/media?parent=35123"}],"wp:term":[{"taxonomy":"category","embeddable":true,"href":"https:\/\/www.bellunopress.it\/fr\/wp-json\/wp\/v2\/categories?post=35123"},{"taxonomy":"post_tag","embeddable":true,"href":"https:\/\/www.bellunopress.it\/fr\/wp-json\/wp\/v2\/tags?post=35123"}],"curies":[{"name":"wp","href":"https:\/\/api.w.org\/{rel}","templated":true}]}}