{"id":35121,"date":"2012-02-15T08:21:00","date_gmt":"2012-02-15T07:21:00","guid":{"rendered":"http:\/\/www.bellunopress.it\/?p=35121"},"modified":"2012-02-15T08:21:00","modified_gmt":"2012-02-15T07:21:00","slug":"transparent-factory-venerdi-17-febbraio-ore-18-15-nella-libreria-mondolibri-di-belluno-gabriele-qualizza-spiega-come-gli-spazi-di-lavoro-possono-fare-comunicazione","status":"publish","type":"post","link":"https:\/\/www.bellunopress.it\/fr\/2012\/02\/15\/transparent-factory-venerdi-17-febbraio-ore-18-15-nella-libreria-mondolibri-di-belluno-gabriele-qualizza-spiega-come-gli-spazi-di-lavoro-possono-fare-comunicazione\/","title":{"rendered":"\u201cTransparent Factory\u201d, venerd\u00ec 17 febbraio ore 18.15 nella libreria MondoLibri di Belluno Gabriele Qualizza spiega come gli spazi di lavoro possono fare comunicazione"},"content":{"rendered":"<p>Chi di noi ha mai pensato consciamente che gli immobili comunicano? Tutti percepiamo delle sensazioni pi\u00f9 o meno piacevoli quanto entriamo in un ufficio, in un negozio, in una casa, ma pochi pensano a quelle sensazioni come a dei messaggi comunicativi. E, invece, anche gli spazi di lavoro comunicano. E\u2019 questo che Gabriele Qualizza ci spiegher\u00e0 venerd\u00ec 17 febbraio 2012 alle ore 18 e 15 durante il quarto appuntamento del percorso letterario nel mondo della comunicazione \u201cUn libro, un tema, un&#8217;idea\u201d organizzato dal Direttivo Triveneto Ferpi \u2013 Federazione Relazioni Pubbliche Italiana e Associazione Comunicazione Pubblica nella libreria MondoLibri di Via Mezzaterra a Belluno. Tra i professionisti l&#8217;idea del design degli ambienti di lavoro come forma di comunicazione non \u00e8 nuova &#8211; basti pensare all&#8217;attivit\u00e0 dell&#8217;architetto Peter Behrens, direttore artistico del colosso AEG tra il 1907 e il 1914 &#8211; oggi quest&#8217;idea viene portata all&#8217;estremo, fino a trasformare l&#8217;edificio in un semplice supporto mediatico per la trasmissione dei messaggi. \u00c8 il trionfo della logica del media building. Aree direzionali concepite come grandi &#8220;parchi a tema&#8221;, crescente contaminazione tra logiche lavorative e dinamiche del tempo libero; da Nike a Microsoft, da Volkswagen a Google il new deal della spettacolarizzazione degli ambienti di lavoro trasforma l&#8217;impresa in un set di esperienze, chiamato a offrire ai propri interlocutori non soltanto beni o servizi, ma anche sollecitazioni sensoriali. Sempre pi\u00f9 spesso i principi dello show business vengono utilizzati per inscenare situazioni straordinarie e coinvolgenti, non solo per favorire lo &#8220;spirito di squadra&#8221; dei dipendenti, ma anche per catturare l&#8217;attenzione dei media e il consenso dei consumatori. Il rischio pu\u00f2 essere una disneyficazione degli spazi del lavoro, accompagnata dalla progressiva rarefazione dei confini con la vita privata e dalla sovrapposizione tra identit\u00e0 personale e identit\u00e0 organizzativa; la sfida \u00e8 transitare oltre la superficie degli oggetti, per entrare all&#8217;interno degli ambienti di lavoro, oggi investiti da una pressante richiesta di cambiamento, che parte dal ripensamento degli approcci strategici e dalla definizione di nuove regole del business. Questa \u00e8 la sfida che raccoglie anche questo volume: perch\u00e9 professionisti del marketing e della comunicazione d&#8217;impresa, designer, consulenti di organizzazione aziendale, studiosi e studenti possano approfondire tali evoluzioni, conoscerne gli esempi pi\u00f9 significativi, valutare le ripercussioni sull&#8217;organizzazione del lavoro e sul rapporto con i consumatori, ma anche ipotizzare gli scenari futuri. Gabriele Qualizza, esperto d&#8217;immagine e di comunicazione d&#8217;impresa, svolge attivit\u00e0 di ricerca, consulenza e formazione nell&#8217;ambito del marketing e della comunicazione aziendale. Assegnista di ricerca all&#8217;Universit\u00e0 di Udine, dove insegna &#8220;Economia e gestione della marca&#8221; e &#8220;Analisi e pianificazione dei media aziendali&#8221;, ha lavorato a lungo in pubblicit\u00e0, occupandosi di progettazione dell&#8217;audiovisivo. Insegna &#8220;Teorie e linguaggi della pubblicit\u00e0 digitale&#8221; nell&#8217;ambito del Master in Web Marketing &amp; Digital Advertising organizzato dall&#8217;Universit\u00e0 Cattolica di Milano e &#8220;Relazioni Pubbliche&#8221; all&#8217;Accademia di Belle Arti di Brera; tiene inoltre docenze a contratto presso l&#8217;Universit\u00e0 di Trieste. Fa parte del comitato di redazione di Brandforum.it, primo osservatorio in Italia sul mondo delle marche ed \u00e8 autore di Pensieri\/Segnali. Architetture della comunicazione nella nuova fabbrica delle idee (2005) e di Oltre lo shopping. I nuovi luoghi del consumo: percorsi, esplorazioni, progetti (2006). Ad intervistare Gabriele Qualizza il prof. Eugenio Ambrosi, Direttore del Corecom Friuli Venezia Giulia sino a fine 2011, giornalista pubblicista, autore di numerosi articoli e saggi, una decina di libri pubblicati, docente a contratto di Strategia di internazionalizzazione per la P.A. a Scienze della Formazione dell\u2019Universit\u00e0 di Trieste, dove \u00e8 anche docente di comunicazione pubblica al Master in Gestione ed analisi della comunicazione, direttore responsabile della NewsLetter del Centro Veritas di Trieste. L&#8217;evento ha il patrocinio e il sostegno di Provincia di Belluno, Comune di Belluno, Confindustria Belluno Dolomiti, UAPI, APPIA, Confcommercio, Ordine dei Giornalisti del Veneto, Librerie MondoLibri, Flashfactory e Maxima srl.<\/p>","protected":false},"excerpt":{"rendered":"<p>Chi di noi ha mai pensato consciamente che gli immobili comunicano? Tutti percepiamo delle sensazioni pi\u00f9 o meno piacevoli quanto entriamo in un ufficio, in un negozio, in una casa, ma pochi pensano a quelle sensazioni come a dei messaggi comunicativi. E, invece, anche gli spazi di lavoro comunicano. E\u2019 questo che Gabriele Qualizza ci [&hellip;]<\/p>\n","protected":false},"author":2,"featured_media":0,"comment_status":"closed","ping_status":"open","sticky":false,"template":"","format":"standard","meta":{"footnotes":""},"categories":[27,25],"tags":[],"class_list":["post-35121","post","type-post","status-publish","format-standard","category-appuntamenti","category-pausa-caffe"],"yoast_head":"<!-- This site is optimized with the Yoast SEO plugin v28.4 - https:\/\/yoast.com\/product\/yoast-seo-wordpress\/ -->\n<title>\u201cTransparent Factory\u201d, venerd\u00ec 17 febbraio ore 18.15 nella libreria MondoLibri di Belluno Gabriele Qualizza spiega come gli spazi di lavoro possono fare comunicazione - Bellunopress - Dolomiti<\/title>\n<meta name=\"robots\" content=\"index, follow, max-snippet:-1, max-image-preview:large, max-video-preview:-1\" \/>\n<link rel=\"canonical\" href=\"https:\/\/www.bellunopress.it\/fr\/2012\/02\/15\/transparent-factory-venerdi-17-febbraio-ore-18-15-nella-libreria-mondolibri-di-belluno-gabriele-qualizza-spiega-come-gli-spazi-di-lavoro-possono-fare-comunicazione\/\" \/>\n<meta property=\"og:locale\" content=\"fr_FR\" \/>\n<meta property=\"og:type\" content=\"article\" \/>\n<meta property=\"og:title\" content=\"\u201cTransparent Factory\u201d, venerd\u00ec 17 febbraio ore 18.15 nella libreria MondoLibri di Belluno Gabriele Qualizza spiega come gli spazi di lavoro possono fare comunicazione - Bellunopress - Dolomiti\" \/>\n<meta property=\"og:description\" content=\"Chi di noi ha mai pensato consciamente che gli immobili comunicano? Tutti percepiamo delle sensazioni pi\u00f9 o meno piacevoli quanto entriamo in un ufficio, in un negozio, in una casa, ma pochi pensano a quelle sensazioni come a dei messaggi comunicativi. E, invece, anche gli spazi di lavoro comunicano. E\u2019 questo che Gabriele Qualizza ci [&hellip;]\" \/>\n<meta property=\"og:url\" content=\"https:\/\/www.bellunopress.it\/fr\/2012\/02\/15\/transparent-factory-venerdi-17-febbraio-ore-18-15-nella-libreria-mondolibri-di-belluno-gabriele-qualizza-spiega-come-gli-spazi-di-lavoro-possono-fare-comunicazione\/\" \/>\n<meta property=\"og:site_name\" content=\"Bellunopress - Dolomiti\" \/>\n<meta property=\"article:publisher\" content=\"https:\/\/www.facebook.com\/profile.php?id=100008943462799\" \/>\n<meta property=\"article:published_time\" content=\"2012-02-15T07:21:00+00:00\" \/>\n<meta property=\"og:image\" content=\"http:\/\/www.bellunopress.it\/wp-content\/uploads\/2012\/07\/logo-bellunopress-250x250-2012.jpg\" \/>\n<meta name=\"author\" content=\"redazione\" \/>\n<meta name=\"twitter:card\" content=\"summary_large_image\" \/>\n<meta name=\"twitter:creator\" content=\"@bellunopress\" \/>\n<meta name=\"twitter:site\" content=\"@bellunopress\" \/>\n<meta name=\"twitter:label1\" content=\"\u00c9crit par\" \/>\n\t<meta name=\"twitter:data1\" content=\"redazione\" \/>\n\t<meta name=\"twitter:label2\" content=\"Dur\u00e9e de lecture estim\u00e9e\" \/>\n\t<meta name=\"twitter:data2\" content=\"3 minutes\" \/>\n<script type=\"application\/ld+json\" class=\"yoast-schema-graph\">{\"@context\":\"https:\\\/\\\/schema.org\",\"@graph\":[{\"@type\":\"Article\",\"@id\":\"https:\\\/\\\/www.bellunopress.it\\\/2012\\\/02\\\/15\\\/transparent-factory-venerdi-17-febbraio-ore-18-15-nella-libreria-mondolibri-di-belluno-gabriele-qualizza-spiega-come-gli-spazi-di-lavoro-possono-fare-comunicazione\\\/#article\",\"isPartOf\":{\"@id\":\"https:\\\/\\\/www.bellunopress.it\\\/2012\\\/02\\\/15\\\/transparent-factory-venerdi-17-febbraio-ore-18-15-nella-libreria-mondolibri-di-belluno-gabriele-qualizza-spiega-come-gli-spazi-di-lavoro-possono-fare-comunicazione\\\/\"},\"author\":{\"name\":\"redazione\",\"@id\":\"https:\\\/\\\/www.bellunopress.it\\\/#\\\/schema\\\/person\\\/79bb06722b37ece1c03d3e94beb30d73\"},\"headline\":\"\u201cTransparent Factory\u201d, venerd\u00ec 17 febbraio ore 18.15 nella libreria MondoLibri di Belluno Gabriele Qualizza spiega come gli spazi di lavoro possono fare comunicazione\",\"datePublished\":\"2012-02-15T07:21:00+00:00\",\"mainEntityOfPage\":{\"@id\":\"https:\\\/\\\/www.bellunopress.it\\\/2012\\\/02\\\/15\\\/transparent-factory-venerdi-17-febbraio-ore-18-15-nella-libreria-mondolibri-di-belluno-gabriele-qualizza-spiega-come-gli-spazi-di-lavoro-possono-fare-comunicazione\\\/\"},\"wordCount\":650,\"publisher\":{\"@id\":\"https:\\\/\\\/www.bellunopress.it\\\/#organization\"},\"articleSection\":[\"Appuntamenti, Eventi\",\"Pausa Caff\u00e8\"],\"inLanguage\":\"fr-FR\"},{\"@type\":\"WebPage\",\"@id\":\"https:\\\/\\\/www.bellunopress.it\\\/2012\\\/02\\\/15\\\/transparent-factory-venerdi-17-febbraio-ore-18-15-nella-libreria-mondolibri-di-belluno-gabriele-qualizza-spiega-come-gli-spazi-di-lavoro-possono-fare-comunicazione\\\/\",\"url\":\"https:\\\/\\\/www.bellunopress.it\\\/2012\\\/02\\\/15\\\/transparent-factory-venerdi-17-febbraio-ore-18-15-nella-libreria-mondolibri-di-belluno-gabriele-qualizza-spiega-come-gli-spazi-di-lavoro-possono-fare-comunicazione\\\/\",\"name\":\"\u201cTransparent Factory\u201d, venerd\u00ec 17 febbraio ore 18.15 nella libreria MondoLibri di Belluno Gabriele Qualizza spiega come gli spazi di lavoro possono fare comunicazione - Bellunopress - Dolomiti\",\"isPartOf\":{\"@id\":\"https:\\\/\\\/www.bellunopress.it\\\/#website\"},\"datePublished\":\"2012-02-15T07:21:00+00:00\",\"breadcrumb\":{\"@id\":\"https:\\\/\\\/www.bellunopress.it\\\/2012\\\/02\\\/15\\\/transparent-factory-venerdi-17-febbraio-ore-18-15-nella-libreria-mondolibri-di-belluno-gabriele-qualizza-spiega-come-gli-spazi-di-lavoro-possono-fare-comunicazione\\\/#breadcrumb\"},\"inLanguage\":\"fr-FR\",\"potentialAction\":[{\"@type\":\"ReadAction\",\"target\":[\"https:\\\/\\\/www.bellunopress.it\\\/2012\\\/02\\\/15\\\/transparent-factory-venerdi-17-febbraio-ore-18-15-nella-libreria-mondolibri-di-belluno-gabriele-qualizza-spiega-come-gli-spazi-di-lavoro-possono-fare-comunicazione\\\/\"]}]},{\"@type\":\"BreadcrumbList\",\"@id\":\"https:\\\/\\\/www.bellunopress.it\\\/2012\\\/02\\\/15\\\/transparent-factory-venerdi-17-febbraio-ore-18-15-nella-libreria-mondolibri-di-belluno-gabriele-qualizza-spiega-come-gli-spazi-di-lavoro-possono-fare-comunicazione\\\/#breadcrumb\",\"itemListElement\":[{\"@type\":\"ListItem\",\"position\":1,\"name\":\"Home\",\"item\":\"https:\\\/\\\/www.bellunopress.it\\\/\"},{\"@type\":\"ListItem\",\"position\":2,\"name\":\"\u201cTransparent Factory\u201d, venerd\u00ec 17 febbraio ore 18.15 nella libreria MondoLibri di Belluno Gabriele Qualizza spiega come gli spazi di lavoro possono fare comunicazione\"}]},{\"@type\":\"WebSite\",\"@id\":\"https:\\\/\\\/www.bellunopress.it\\\/#website\",\"url\":\"https:\\\/\\\/www.bellunopress.it\\\/\",\"name\":\"Bellunopress - Dolomiti\",\"description\":\"e-mail: redazione@bellunopress.it\",\"publisher\":{\"@id\":\"https:\\\/\\\/www.bellunopress.it\\\/#organization\"},\"potentialAction\":[{\"@type\":\"SearchAction\",\"target\":{\"@type\":\"EntryPoint\",\"urlTemplate\":\"https:\\\/\\\/www.bellunopress.it\\\/?s={search_term_string}\"},\"query-input\":{\"@type\":\"PropertyValueSpecification\",\"valueRequired\":true,\"valueName\":\"search_term_string\"}}],\"inLanguage\":\"fr-FR\"},{\"@type\":\"Organization\",\"@id\":\"https:\\\/\\\/www.bellunopress.it\\\/#organization\",\"name\":\"Bellunopress\",\"url\":\"https:\\\/\\\/www.bellunopress.it\\\/\",\"logo\":{\"@type\":\"ImageObject\",\"inLanguage\":\"fr-FR\",\"@id\":\"https:\\\/\\\/www.bellunopress.it\\\/#\\\/schema\\\/logo\\\/image\\\/\",\"url\":\"https:\\\/\\\/www.bellunopress.it\\\/wp-content\\\/uploads\\\/2011\\\/05\\\/cropped-logo-bellunopress-.jpg\",\"contentUrl\":\"https:\\\/\\\/www.bellunopress.it\\\/wp-content\\\/uploads\\\/2011\\\/05\\\/cropped-logo-bellunopress-.jpg\",\"width\":512,\"height\":512,\"caption\":\"Bellunopress\"},\"image\":{\"@id\":\"https:\\\/\\\/www.bellunopress.it\\\/#\\\/schema\\\/logo\\\/image\\\/\"},\"sameAs\":[\"https:\\\/\\\/www.facebook.com\\\/profile.php?id=100008943462799\",\"https:\\\/\\\/x.com\\\/bellunopress\",\"https:\\\/\\\/www.linkedin.com\\\/hp\\\/?dnr=JBzUWaJfMUw8vbXJJ2tVW5-I3jZKvC4wsoxE&amp;amp;amp;amp;amp;amp;trk=nav_responsive_tab_home\",\"https:\\\/\\\/www.youtube.com\\\/channel\\\/UCxL0wu1uN0_3_7hGG0306cw\"]},{\"@type\":\"Person\",\"@id\":\"https:\\\/\\\/www.bellunopress.it\\\/#\\\/schema\\\/person\\\/79bb06722b37ece1c03d3e94beb30d73\",\"name\":\"redazione\",\"image\":{\"@type\":\"ImageObject\",\"inLanguage\":\"fr-FR\",\"@id\":\"https:\\\/\\\/secure.gravatar.com\\\/avatar\\\/37d968a2e67a6fd04c169c4bdef102d0bc5d31b2546345219e348575eb80e9a0?s=96&d=mm&r=g\",\"url\":\"https:\\\/\\\/secure.gravatar.com\\\/avatar\\\/37d968a2e67a6fd04c169c4bdef102d0bc5d31b2546345219e348575eb80e9a0?s=96&d=mm&r=g\",\"contentUrl\":\"https:\\\/\\\/secure.gravatar.com\\\/avatar\\\/37d968a2e67a6fd04c169c4bdef102d0bc5d31b2546345219e348575eb80e9a0?s=96&d=mm&r=g\",\"caption\":\"redazione\"},\"sameAs\":[\"http:\\\/\\\/www.bellunopress.it\",\"https:\\\/\\\/x.com\\\/bellunopress\"],\"url\":\"https:\\\/\\\/www.bellunopress.it\\\/fr\\\/author\\\/redazione\\\/\"}]}<\/script>\n<!-- \/ Yoast SEO plugin. -->","yoast_head_json":{"title":"\u201cTransparent Factory\u201d, venerd\u00ec 17 febbraio ore 18.15 nella libreria MondoLibri di Belluno Gabriele Qualizza spiega come gli spazi di lavoro possono fare comunicazione - Bellunopress - Dolomiti","robots":{"index":"index","follow":"follow","max-snippet":"max-snippet:-1","max-image-preview":"max-image-preview:large","max-video-preview":"max-video-preview:-1"},"canonical":"https:\/\/www.bellunopress.it\/fr\/2012\/02\/15\/transparent-factory-venerdi-17-febbraio-ore-18-15-nella-libreria-mondolibri-di-belluno-gabriele-qualizza-spiega-come-gli-spazi-di-lavoro-possono-fare-comunicazione\/","og_locale":"fr_FR","og_type":"article","og_title":"\u201cTransparent Factory\u201d, venerd\u00ec 17 febbraio ore 18.15 nella libreria MondoLibri di Belluno Gabriele Qualizza spiega come gli spazi di lavoro possono fare comunicazione - Bellunopress - Dolomiti","og_description":"Chi di noi ha mai pensato consciamente che gli immobili comunicano? Tutti percepiamo delle sensazioni pi\u00f9 o meno piacevoli quanto entriamo in un ufficio, in un negozio, in una casa, ma pochi pensano a quelle sensazioni come a dei messaggi comunicativi. E, invece, anche gli spazi di lavoro comunicano. E\u2019 questo che Gabriele Qualizza ci [&hellip;]","og_url":"https:\/\/www.bellunopress.it\/fr\/2012\/02\/15\/transparent-factory-venerdi-17-febbraio-ore-18-15-nella-libreria-mondolibri-di-belluno-gabriele-qualizza-spiega-come-gli-spazi-di-lavoro-possono-fare-comunicazione\/","og_site_name":"Bellunopress - Dolomiti","article_publisher":"https:\/\/www.facebook.com\/profile.php?id=100008943462799","article_published_time":"2012-02-15T07:21:00+00:00","og_image":[{"url":"http:\/\/www.bellunopress.it\/wp-content\/uploads\/2012\/07\/logo-bellunopress-250x250-2012.jpg","type":"","width":"","height":""}],"author":"redazione","twitter_card":"summary_large_image","twitter_creator":"@bellunopress","twitter_site":"@bellunopress","twitter_misc":{"\u00c9crit par":"redazione","Dur\u00e9e de lecture estim\u00e9e":"3 minutes"},"schema":{"@context":"https:\/\/schema.org","@graph":[{"@type":"Article","@id":"https:\/\/www.bellunopress.it\/2012\/02\/15\/transparent-factory-venerdi-17-febbraio-ore-18-15-nella-libreria-mondolibri-di-belluno-gabriele-qualizza-spiega-come-gli-spazi-di-lavoro-possono-fare-comunicazione\/#article","isPartOf":{"@id":"https:\/\/www.bellunopress.it\/2012\/02\/15\/transparent-factory-venerdi-17-febbraio-ore-18-15-nella-libreria-mondolibri-di-belluno-gabriele-qualizza-spiega-come-gli-spazi-di-lavoro-possono-fare-comunicazione\/"},"author":{"name":"redazione","@id":"https:\/\/www.bellunopress.it\/#\/schema\/person\/79bb06722b37ece1c03d3e94beb30d73"},"headline":"\u201cTransparent Factory\u201d, venerd\u00ec 17 febbraio ore 18.15 nella libreria MondoLibri di Belluno Gabriele Qualizza spiega come gli spazi di lavoro possono fare comunicazione","datePublished":"2012-02-15T07:21:00+00:00","mainEntityOfPage":{"@id":"https:\/\/www.bellunopress.it\/2012\/02\/15\/transparent-factory-venerdi-17-febbraio-ore-18-15-nella-libreria-mondolibri-di-belluno-gabriele-qualizza-spiega-come-gli-spazi-di-lavoro-possono-fare-comunicazione\/"},"wordCount":650,"publisher":{"@id":"https:\/\/www.bellunopress.it\/#organization"},"articleSection":["Appuntamenti, Eventi","Pausa Caff\u00e8"],"inLanguage":"fr-FR"},{"@type":"WebPage","@id":"https:\/\/www.bellunopress.it\/2012\/02\/15\/transparent-factory-venerdi-17-febbraio-ore-18-15-nella-libreria-mondolibri-di-belluno-gabriele-qualizza-spiega-come-gli-spazi-di-lavoro-possono-fare-comunicazione\/","url":"https:\/\/www.bellunopress.it\/2012\/02\/15\/transparent-factory-venerdi-17-febbraio-ore-18-15-nella-libreria-mondolibri-di-belluno-gabriele-qualizza-spiega-come-gli-spazi-di-lavoro-possono-fare-comunicazione\/","name":"\u201cTransparent Factory\u201d, venerd\u00ec 17 febbraio ore 18.15 nella libreria MondoLibri di Belluno Gabriele Qualizza spiega come gli spazi di lavoro possono fare comunicazione - Bellunopress - Dolomiti","isPartOf":{"@id":"https:\/\/www.bellunopress.it\/#website"},"datePublished":"2012-02-15T07:21:00+00:00","breadcrumb":{"@id":"https:\/\/www.bellunopress.it\/2012\/02\/15\/transparent-factory-venerdi-17-febbraio-ore-18-15-nella-libreria-mondolibri-di-belluno-gabriele-qualizza-spiega-come-gli-spazi-di-lavoro-possono-fare-comunicazione\/#breadcrumb"},"inLanguage":"fr-FR","potentialAction":[{"@type":"ReadAction","target":["https:\/\/www.bellunopress.it\/2012\/02\/15\/transparent-factory-venerdi-17-febbraio-ore-18-15-nella-libreria-mondolibri-di-belluno-gabriele-qualizza-spiega-come-gli-spazi-di-lavoro-possono-fare-comunicazione\/"]}]},{"@type":"BreadcrumbList","@id":"https:\/\/www.bellunopress.it\/2012\/02\/15\/transparent-factory-venerdi-17-febbraio-ore-18-15-nella-libreria-mondolibri-di-belluno-gabriele-qualizza-spiega-come-gli-spazi-di-lavoro-possono-fare-comunicazione\/#breadcrumb","itemListElement":[{"@type":"ListItem","position":1,"name":"Home","item":"https:\/\/www.bellunopress.it\/"},{"@type":"ListItem","position":2,"name":"\u201cTransparent Factory\u201d, venerd\u00ec 17 febbraio ore 18.15 nella libreria MondoLibri di Belluno Gabriele Qualizza spiega come gli spazi di lavoro possono fare comunicazione"}]},{"@type":"WebSite","@id":"https:\/\/www.bellunopress.it\/#website","url":"https:\/\/www.bellunopress.it\/","name":"Bellunopress - Dolomiti","description":"e-mail: redazione@bellunopress.it","publisher":{"@id":"https:\/\/www.bellunopress.it\/#organization"},"potentialAction":[{"@type":"SearchAction","target":{"@type":"EntryPoint","urlTemplate":"https:\/\/www.bellunopress.it\/?s={search_term_string}"},"query-input":{"@type":"PropertyValueSpecification","valueRequired":true,"valueName":"search_term_string"}}],"inLanguage":"fr-FR"},{"@type":"Organization","@id":"https:\/\/www.bellunopress.it\/#organization","name":"Bellunopress","url":"https:\/\/www.bellunopress.it\/","logo":{"@type":"ImageObject","inLanguage":"fr-FR","@id":"https:\/\/www.bellunopress.it\/#\/schema\/logo\/image\/","url":"https:\/\/www.bellunopress.it\/wp-content\/uploads\/2011\/05\/cropped-logo-bellunopress-.jpg","contentUrl":"https:\/\/www.bellunopress.it\/wp-content\/uploads\/2011\/05\/cropped-logo-bellunopress-.jpg","width":512,"height":512,"caption":"Bellunopress"},"image":{"@id":"https:\/\/www.bellunopress.it\/#\/schema\/logo\/image\/"},"sameAs":["https:\/\/www.facebook.com\/profile.php?id=100008943462799","https:\/\/x.com\/bellunopress","https:\/\/www.linkedin.com\/hp\/?dnr=JBzUWaJfMUw8vbXJJ2tVW5-I3jZKvC4wsoxE&amp;amp;amp;amp;amp;amp;trk=nav_responsive_tab_home","https:\/\/www.youtube.com\/channel\/UCxL0wu1uN0_3_7hGG0306cw"]},{"@type":"Person","@id":"https:\/\/www.bellunopress.it\/#\/schema\/person\/79bb06722b37ece1c03d3e94beb30d73","name":"r\u00e9daction","image":{"@type":"ImageObject","inLanguage":"fr-FR","@id":"https:\/\/secure.gravatar.com\/avatar\/37d968a2e67a6fd04c169c4bdef102d0bc5d31b2546345219e348575eb80e9a0?s=96&d=mm&r=g","url":"https:\/\/secure.gravatar.com\/avatar\/37d968a2e67a6fd04c169c4bdef102d0bc5d31b2546345219e348575eb80e9a0?s=96&d=mm&r=g","contentUrl":"https:\/\/secure.gravatar.com\/avatar\/37d968a2e67a6fd04c169c4bdef102d0bc5d31b2546345219e348575eb80e9a0?s=96&d=mm&r=g","caption":"redazione"},"sameAs":["http:\/\/www.bellunopress.it","https:\/\/x.com\/bellunopress"],"url":"https:\/\/www.bellunopress.it\/fr\/author\/redazione\/"}]}},"_links":{"self":[{"href":"https:\/\/www.bellunopress.it\/fr\/wp-json\/wp\/v2\/posts\/35121","targetHints":{"allow":["GET"]}}],"collection":[{"href":"https:\/\/www.bellunopress.it\/fr\/wp-json\/wp\/v2\/posts"}],"about":[{"href":"https:\/\/www.bellunopress.it\/fr\/wp-json\/wp\/v2\/types\/post"}],"author":[{"embeddable":true,"href":"https:\/\/www.bellunopress.it\/fr\/wp-json\/wp\/v2\/users\/2"}],"replies":[{"embeddable":true,"href":"https:\/\/www.bellunopress.it\/fr\/wp-json\/wp\/v2\/comments?post=35121"}],"version-history":[{"count":1,"href":"https:\/\/www.bellunopress.it\/fr\/wp-json\/wp\/v2\/posts\/35121\/revisions"}],"predecessor-version":[{"id":35122,"href":"https:\/\/www.bellunopress.it\/fr\/wp-json\/wp\/v2\/posts\/35121\/revisions\/35122"}],"wp:attachment":[{"href":"https:\/\/www.bellunopress.it\/fr\/wp-json\/wp\/v2\/media?parent=35121"}],"wp:term":[{"taxonomy":"category","embeddable":true,"href":"https:\/\/www.bellunopress.it\/fr\/wp-json\/wp\/v2\/categories?post=35121"},{"taxonomy":"post_tag","embeddable":true,"href":"https:\/\/www.bellunopress.it\/fr\/wp-json\/wp\/v2\/tags?post=35121"}],"curies":[{"name":"wp","href":"https:\/\/api.w.org\/{rel}","templated":true}]}}