{"id":35118,"date":"2012-02-15T07:18:46","date_gmt":"2012-02-15T06:18:46","guid":{"rendered":"http:\/\/www.bellunopress.it\/?p=35118"},"modified":"2012-02-15T07:18:46","modified_gmt":"2012-02-15T06:18:46","slug":"progetto-quel-bicchiere-di-troppo-prosegue-la-prevenzione-nelle-scuole-del-feltrino","status":"publish","type":"post","link":"https:\/\/www.bellunopress.it\/fr\/2012\/02\/15\/progetto-quel-bicchiere-di-troppo-prosegue-la-prevenzione-nelle-scuole-del-feltrino\/","title":{"rendered":"Progetto &#8220;Quel bicchiere di troppo&#8221;. Prosegue la prevenzione nelle scuole del Feltrino"},"content":{"rendered":"<p><a href=\"http:\/\/www.bellunopress.it\/wp-content\/uploads\/2012\/02\/polizia-scuole.jpg\"><img loading=\"lazy\" decoding=\"async\" class=\"alignleft size-full wp-image-35119\" title=\"polizia scuole\" src=\"http:\/\/www.bellunopress.it\/wp-content\/uploads\/2012\/02\/polizia-scuole.jpg\" alt=\"\" width=\"170\" height=\"127\" \/><\/a>Dopo i positivi riscontri ottenuti nelle precedenti edizioni, anche in occasione dell&#8217;anno scolastico in corso torna nelle scuole il progetto di prevenzione e sensibilizzazione chiamato \u201cQuel Bicchiere di Troppo\u201d, un&#8217;iniziativa contro l&#8217;abuso di alcol e droghe che Federico Di Giorgi \u2013 attuale vicepresidente della Consulta Giovanile Intercomunale \u201cDiciamo la Nostra\u201d &#8211; suo ideatore e coordinatore, sta portando avanti da tre anni nei principali istituti di scuola media superiore del feltrino.<br \/>\nScopo delle tavole rotonde \u00e8 quello di far aprire gli occhi ai giovani, in particolare di quella fascia d&#8217;et\u00e0 statisticamente pi\u00f9 a rischio, sulle tematiche che ruotano attorno al tema dell&#8217;alcol, in particolare sulle conseguenze del suo consumo, sul ritiro della patente, sugli effetti che provoca sulla salute umana, sugli obblighi civili e penali.<br \/>\nSono cinque gli istituti superiori che hanno aderito finora al progetto coinvolgendo le classi prime, seconde e terze: al liceo classico e scientifico Giorgio Dal Piaz, all&#8217;Istituto Canossiano Vittorino Da Feltre, all&#8217;Istituto Forcellini e Negrelli che avevano aderito anche gli scorsi anni, si \u00e8 aggiunto il Centro Servizi Formativi ENAIP di Feltre.<br \/>\nLa prima conferenza si \u00e8 svolta all&#8217;Istituto Negrelli il 13 febbraio 2012 e ha coinvolto 54 studenti delle classi prime.<br \/>\nA differenza dello scorso anno \u2013 sottolinea il vicepresidente della Consulta \u2013 \u00e8 aumentato il numero di richieste di adesione del progetto e sono pervenute adesioni anche da parte delle Scuole Medie Inferiori non solo locali ma anche provinciali. Questo pu\u00f2 essere ricondotto al triste e allarmante fatto che, anche nella nostra Provincia, risulta in calo l&#8217;et\u00e0 di inizio al consumo di bevande alcoliche da parte dei giovanissimi e un aumento di fenomeni legati al bere compulsivo (o binge \u2013 drinking) che si verificano durante il fine settimana o in occasione di feste particolari (es. Halloween, Capodanno ecc&#8230;).<br \/>\nCome nelle precedenti edizioni, anche quest&#8217;anno ad ogni singola tavola rotonda interverranno come relatori: il vicecommissario della Polizia Locale, Ennio Zannin, che approfondir\u00e0 il tema del reato di guida in stato di ebbrezza, delle sanzioni e dei controlli su strada, l&#8217;Infermiere del Pronto Soccorso locale, Michele Paniz, che illustrer\u00e0 gli effetti subiti dall&#8217;organismo a seguito del consumo di alcol; Anna Attanasio genitore membro dell&#8217;Associazione Giovani Rinati nella Luce di Fonzaso, che racconter\u00e0 della tragica morte del proprio figlio avvenuta in un incidente stradale al Boscariz di Feltre provocato in seguito alla guida in stato di ebbrezza del conducente del veicolo; Federico Di Giorgi, vicepresidente pro \u2013 tempore della Consulta Giovanile.<br \/>\nPunto di forza di questi incontri \u00e8 che non ci sono solo spiegazioni teoriche, ma anche prove pratiche di pronto soccorso e dell&#8217;etilomtero, proiezione di video e di immagini significative allo scopo di incuriosire e favorire l&#8217;attenzione del giovane pubblico.<br \/>\nLa speranza \u00e8 che anche quest&#8217;anno il progetto sia accolto dagli studenti con seriet\u00e0, e che gli esiti si possano verificare non solo nel questionario finale di valutazione, ma anche e soprattutto nelle scelte di vita che questi ragazzi faranno fuori dalle loro classi.<\/p>","protected":false},"excerpt":{"rendered":"<p>Dopo i positivi riscontri ottenuti nelle precedenti edizioni, anche in occasione dell&#8217;anno scolastico in corso torna nelle scuole il progetto di prevenzione e sensibilizzazione chiamato \u201cQuel Bicchiere di Troppo\u201d, un&#8217;iniziativa contro l&#8217;abuso di alcol e droghe che Federico Di Giorgi \u2013 attuale vicepresidente della Consulta Giovanile Intercomunale \u201cDiciamo la Nostra\u201d &#8211; suo ideatore e coordinatore, [&hellip;]<\/p>\n","protected":false},"author":2,"featured_media":0,"comment_status":"closed","ping_status":"open","sticky":false,"template":"","format":"standard","meta":{"footnotes":""},"categories":[26,15],"tags":[],"class_list":["post-35118","post","type-post","status-publish","format-standard","category-prima-pagina","category-scuola"],"yoast_head":"<!-- This site is optimized with the Yoast SEO plugin v28.4 - https:\/\/yoast.com\/product\/yoast-seo-wordpress\/ -->\n<title>Progetto &quot;Quel bicchiere di troppo&quot;. Prosegue la prevenzione nelle scuole del Feltrino - Bellunopress - Dolomiti<\/title>\n<meta name=\"robots\" content=\"index, follow, max-snippet:-1, max-image-preview:large, max-video-preview:-1\" \/>\n<link rel=\"canonical\" href=\"https:\/\/www.bellunopress.it\/fr\/2012\/02\/15\/progetto-quel-bicchiere-di-troppo-prosegue-la-prevenzione-nelle-scuole-del-feltrino\/\" \/>\n<meta property=\"og:locale\" content=\"fr_FR\" \/>\n<meta property=\"og:type\" content=\"article\" \/>\n<meta property=\"og:title\" content=\"Progetto &quot;Quel bicchiere di troppo&quot;. Prosegue la prevenzione nelle scuole del Feltrino - Bellunopress - Dolomiti\" \/>\n<meta property=\"og:description\" content=\"Dopo i positivi riscontri ottenuti nelle precedenti edizioni, anche in occasione dell&#8217;anno scolastico in corso torna nelle scuole il progetto di prevenzione e sensibilizzazione chiamato \u201cQuel Bicchiere di Troppo\u201d, un&#8217;iniziativa contro l&#8217;abuso di alcol e droghe che Federico Di Giorgi \u2013 attuale vicepresidente della Consulta Giovanile Intercomunale \u201cDiciamo la Nostra\u201d &#8211; suo ideatore e coordinatore, [&hellip;]\" \/>\n<meta property=\"og:url\" content=\"https:\/\/www.bellunopress.it\/fr\/2012\/02\/15\/progetto-quel-bicchiere-di-troppo-prosegue-la-prevenzione-nelle-scuole-del-feltrino\/\" \/>\n<meta property=\"og:site_name\" content=\"Bellunopress - Dolomiti\" \/>\n<meta property=\"article:publisher\" content=\"https:\/\/www.facebook.com\/profile.php?id=100008943462799\" \/>\n<meta property=\"article:published_time\" content=\"2012-02-15T06:18:46+00:00\" \/>\n<meta property=\"og:image\" content=\"http:\/\/www.bellunopress.it\/wp-content\/uploads\/2012\/02\/polizia-scuole.jpg\" \/>\n<meta name=\"author\" content=\"redazione\" \/>\n<meta name=\"twitter:card\" content=\"summary_large_image\" \/>\n<meta name=\"twitter:creator\" content=\"@bellunopress\" \/>\n<meta name=\"twitter:site\" content=\"@bellunopress\" \/>\n<meta name=\"twitter:label1\" content=\"\u00c9crit par\" \/>\n\t<meta name=\"twitter:data1\" content=\"redazione\" \/>\n\t<meta name=\"twitter:label2\" content=\"Dur\u00e9e de lecture estim\u00e9e\" \/>\n\t<meta name=\"twitter:data2\" content=\"2 minutes\" \/>\n<script type=\"application\/ld+json\" class=\"yoast-schema-graph\">{\"@context\":\"https:\\\/\\\/schema.org\",\"@graph\":[{\"@type\":\"Article\",\"@id\":\"https:\\\/\\\/www.bellunopress.it\\\/2012\\\/02\\\/15\\\/progetto-quel-bicchiere-di-troppo-prosegue-la-prevenzione-nelle-scuole-del-feltrino\\\/#article\",\"isPartOf\":{\"@id\":\"https:\\\/\\\/www.bellunopress.it\\\/2012\\\/02\\\/15\\\/progetto-quel-bicchiere-di-troppo-prosegue-la-prevenzione-nelle-scuole-del-feltrino\\\/\"},\"author\":{\"name\":\"redazione\",\"@id\":\"https:\\\/\\\/www.bellunopress.it\\\/#\\\/schema\\\/person\\\/79bb06722b37ece1c03d3e94beb30d73\"},\"headline\":\"Progetto &#8220;Quel bicchiere di troppo&#8221;. Prosegue la prevenzione nelle scuole del Feltrino\",\"datePublished\":\"2012-02-15T06:18:46+00:00\",\"mainEntityOfPage\":{\"@id\":\"https:\\\/\\\/www.bellunopress.it\\\/2012\\\/02\\\/15\\\/progetto-quel-bicchiere-di-troppo-prosegue-la-prevenzione-nelle-scuole-del-feltrino\\\/\"},\"wordCount\":502,\"publisher\":{\"@id\":\"https:\\\/\\\/www.bellunopress.it\\\/#organization\"},\"image\":{\"@id\":\"https:\\\/\\\/www.bellunopress.it\\\/2012\\\/02\\\/15\\\/progetto-quel-bicchiere-di-troppo-prosegue-la-prevenzione-nelle-scuole-del-feltrino\\\/#primaryimage\"},\"thumbnailUrl\":\"http:\\\/\\\/www.bellunopress.it\\\/wp-content\\\/uploads\\\/2012\\\/02\\\/polizia-scuole.jpg\",\"articleSection\":[\"Prima Pagina\",\"Scuola\"],\"inLanguage\":\"fr-FR\"},{\"@type\":\"WebPage\",\"@id\":\"https:\\\/\\\/www.bellunopress.it\\\/2012\\\/02\\\/15\\\/progetto-quel-bicchiere-di-troppo-prosegue-la-prevenzione-nelle-scuole-del-feltrino\\\/\",\"url\":\"https:\\\/\\\/www.bellunopress.it\\\/2012\\\/02\\\/15\\\/progetto-quel-bicchiere-di-troppo-prosegue-la-prevenzione-nelle-scuole-del-feltrino\\\/\",\"name\":\"Progetto \\\"Quel bicchiere di troppo\\\". Prosegue la prevenzione nelle scuole del Feltrino - Bellunopress - Dolomiti\",\"isPartOf\":{\"@id\":\"https:\\\/\\\/www.bellunopress.it\\\/#website\"},\"primaryImageOfPage\":{\"@id\":\"https:\\\/\\\/www.bellunopress.it\\\/2012\\\/02\\\/15\\\/progetto-quel-bicchiere-di-troppo-prosegue-la-prevenzione-nelle-scuole-del-feltrino\\\/#primaryimage\"},\"image\":{\"@id\":\"https:\\\/\\\/www.bellunopress.it\\\/2012\\\/02\\\/15\\\/progetto-quel-bicchiere-di-troppo-prosegue-la-prevenzione-nelle-scuole-del-feltrino\\\/#primaryimage\"},\"thumbnailUrl\":\"http:\\\/\\\/www.bellunopress.it\\\/wp-content\\\/uploads\\\/2012\\\/02\\\/polizia-scuole.jpg\",\"datePublished\":\"2012-02-15T06:18:46+00:00\",\"breadcrumb\":{\"@id\":\"https:\\\/\\\/www.bellunopress.it\\\/2012\\\/02\\\/15\\\/progetto-quel-bicchiere-di-troppo-prosegue-la-prevenzione-nelle-scuole-del-feltrino\\\/#breadcrumb\"},\"inLanguage\":\"fr-FR\",\"potentialAction\":[{\"@type\":\"ReadAction\",\"target\":[\"https:\\\/\\\/www.bellunopress.it\\\/2012\\\/02\\\/15\\\/progetto-quel-bicchiere-di-troppo-prosegue-la-prevenzione-nelle-scuole-del-feltrino\\\/\"]}]},{\"@type\":\"ImageObject\",\"inLanguage\":\"fr-FR\",\"@id\":\"https:\\\/\\\/www.bellunopress.it\\\/2012\\\/02\\\/15\\\/progetto-quel-bicchiere-di-troppo-prosegue-la-prevenzione-nelle-scuole-del-feltrino\\\/#primaryimage\",\"url\":\"http:\\\/\\\/www.bellunopress.it\\\/wp-content\\\/uploads\\\/2012\\\/02\\\/polizia-scuole.jpg\",\"contentUrl\":\"http:\\\/\\\/www.bellunopress.it\\\/wp-content\\\/uploads\\\/2012\\\/02\\\/polizia-scuole.jpg\"},{\"@type\":\"BreadcrumbList\",\"@id\":\"https:\\\/\\\/www.bellunopress.it\\\/2012\\\/02\\\/15\\\/progetto-quel-bicchiere-di-troppo-prosegue-la-prevenzione-nelle-scuole-del-feltrino\\\/#breadcrumb\",\"itemListElement\":[{\"@type\":\"ListItem\",\"position\":1,\"name\":\"Home\",\"item\":\"https:\\\/\\\/www.bellunopress.it\\\/\"},{\"@type\":\"ListItem\",\"position\":2,\"name\":\"Progetto &#8220;Quel bicchiere di troppo&#8221;. Prosegue la prevenzione nelle scuole del Feltrino\"}]},{\"@type\":\"WebSite\",\"@id\":\"https:\\\/\\\/www.bellunopress.it\\\/#website\",\"url\":\"https:\\\/\\\/www.bellunopress.it\\\/\",\"name\":\"Bellunopress - Dolomiti\",\"description\":\"e-mail: redazione@bellunopress.it\",\"publisher\":{\"@id\":\"https:\\\/\\\/www.bellunopress.it\\\/#organization\"},\"potentialAction\":[{\"@type\":\"SearchAction\",\"target\":{\"@type\":\"EntryPoint\",\"urlTemplate\":\"https:\\\/\\\/www.bellunopress.it\\\/?s={search_term_string}\"},\"query-input\":{\"@type\":\"PropertyValueSpecification\",\"valueRequired\":true,\"valueName\":\"search_term_string\"}}],\"inLanguage\":\"fr-FR\"},{\"@type\":\"Organization\",\"@id\":\"https:\\\/\\\/www.bellunopress.it\\\/#organization\",\"name\":\"Bellunopress\",\"url\":\"https:\\\/\\\/www.bellunopress.it\\\/\",\"logo\":{\"@type\":\"ImageObject\",\"inLanguage\":\"fr-FR\",\"@id\":\"https:\\\/\\\/www.bellunopress.it\\\/#\\\/schema\\\/logo\\\/image\\\/\",\"url\":\"https:\\\/\\\/www.bellunopress.it\\\/wp-content\\\/uploads\\\/2011\\\/05\\\/cropped-logo-bellunopress-.jpg\",\"contentUrl\":\"https:\\\/\\\/www.bellunopress.it\\\/wp-content\\\/uploads\\\/2011\\\/05\\\/cropped-logo-bellunopress-.jpg\",\"width\":512,\"height\":512,\"caption\":\"Bellunopress\"},\"image\":{\"@id\":\"https:\\\/\\\/www.bellunopress.it\\\/#\\\/schema\\\/logo\\\/image\\\/\"},\"sameAs\":[\"https:\\\/\\\/www.facebook.com\\\/profile.php?id=100008943462799\",\"https:\\\/\\\/x.com\\\/bellunopress\",\"https:\\\/\\\/www.linkedin.com\\\/hp\\\/?dnr=JBzUWaJfMUw8vbXJJ2tVW5-I3jZKvC4wsoxE&amp;amp;amp;amp;amp;amp;trk=nav_responsive_tab_home\",\"https:\\\/\\\/www.youtube.com\\\/channel\\\/UCxL0wu1uN0_3_7hGG0306cw\"]},{\"@type\":\"Person\",\"@id\":\"https:\\\/\\\/www.bellunopress.it\\\/#\\\/schema\\\/person\\\/79bb06722b37ece1c03d3e94beb30d73\",\"name\":\"redazione\",\"image\":{\"@type\":\"ImageObject\",\"inLanguage\":\"fr-FR\",\"@id\":\"https:\\\/\\\/secure.gravatar.com\\\/avatar\\\/37d968a2e67a6fd04c169c4bdef102d0bc5d31b2546345219e348575eb80e9a0?s=96&d=mm&r=g\",\"url\":\"https:\\\/\\\/secure.gravatar.com\\\/avatar\\\/37d968a2e67a6fd04c169c4bdef102d0bc5d31b2546345219e348575eb80e9a0?s=96&d=mm&r=g\",\"contentUrl\":\"https:\\\/\\\/secure.gravatar.com\\\/avatar\\\/37d968a2e67a6fd04c169c4bdef102d0bc5d31b2546345219e348575eb80e9a0?s=96&d=mm&r=g\",\"caption\":\"redazione\"},\"sameAs\":[\"http:\\\/\\\/www.bellunopress.it\",\"https:\\\/\\\/x.com\\\/bellunopress\"],\"url\":\"https:\\\/\\\/www.bellunopress.it\\\/fr\\\/author\\\/redazione\\\/\"}]}<\/script>\n<!-- \/ Yoast SEO plugin. -->","yoast_head_json":{"title":"Progetto \"Quel bicchiere di troppo\". Prosegue la prevenzione nelle scuole del Feltrino - Bellunopress - Dolomiti","robots":{"index":"index","follow":"follow","max-snippet":"max-snippet:-1","max-image-preview":"max-image-preview:large","max-video-preview":"max-video-preview:-1"},"canonical":"https:\/\/www.bellunopress.it\/fr\/2012\/02\/15\/progetto-quel-bicchiere-di-troppo-prosegue-la-prevenzione-nelle-scuole-del-feltrino\/","og_locale":"fr_FR","og_type":"article","og_title":"Progetto \"Quel bicchiere di troppo\". Prosegue la prevenzione nelle scuole del Feltrino - Bellunopress - Dolomiti","og_description":"Dopo i positivi riscontri ottenuti nelle precedenti edizioni, anche in occasione dell&#8217;anno scolastico in corso torna nelle scuole il progetto di prevenzione e sensibilizzazione chiamato \u201cQuel Bicchiere di Troppo\u201d, un&#8217;iniziativa contro l&#8217;abuso di alcol e droghe che Federico Di Giorgi \u2013 attuale vicepresidente della Consulta Giovanile Intercomunale \u201cDiciamo la Nostra\u201d &#8211; suo ideatore e coordinatore, [&hellip;]","og_url":"https:\/\/www.bellunopress.it\/fr\/2012\/02\/15\/progetto-quel-bicchiere-di-troppo-prosegue-la-prevenzione-nelle-scuole-del-feltrino\/","og_site_name":"Bellunopress - Dolomiti","article_publisher":"https:\/\/www.facebook.com\/profile.php?id=100008943462799","article_published_time":"2012-02-15T06:18:46+00:00","og_image":[{"url":"http:\/\/www.bellunopress.it\/wp-content\/uploads\/2012\/02\/polizia-scuole.jpg","type":"","width":"","height":""}],"author":"redazione","twitter_card":"summary_large_image","twitter_creator":"@bellunopress","twitter_site":"@bellunopress","twitter_misc":{"\u00c9crit par":"redazione","Dur\u00e9e de lecture estim\u00e9e":"2 minutes"},"schema":{"@context":"https:\/\/schema.org","@graph":[{"@type":"Article","@id":"https:\/\/www.bellunopress.it\/2012\/02\/15\/progetto-quel-bicchiere-di-troppo-prosegue-la-prevenzione-nelle-scuole-del-feltrino\/#article","isPartOf":{"@id":"https:\/\/www.bellunopress.it\/2012\/02\/15\/progetto-quel-bicchiere-di-troppo-prosegue-la-prevenzione-nelle-scuole-del-feltrino\/"},"author":{"name":"redazione","@id":"https:\/\/www.bellunopress.it\/#\/schema\/person\/79bb06722b37ece1c03d3e94beb30d73"},"headline":"Progetto &#8220;Quel bicchiere di troppo&#8221;. Prosegue la prevenzione nelle scuole del Feltrino","datePublished":"2012-02-15T06:18:46+00:00","mainEntityOfPage":{"@id":"https:\/\/www.bellunopress.it\/2012\/02\/15\/progetto-quel-bicchiere-di-troppo-prosegue-la-prevenzione-nelle-scuole-del-feltrino\/"},"wordCount":502,"publisher":{"@id":"https:\/\/www.bellunopress.it\/#organization"},"image":{"@id":"https:\/\/www.bellunopress.it\/2012\/02\/15\/progetto-quel-bicchiere-di-troppo-prosegue-la-prevenzione-nelle-scuole-del-feltrino\/#primaryimage"},"thumbnailUrl":"http:\/\/www.bellunopress.it\/wp-content\/uploads\/2012\/02\/polizia-scuole.jpg","articleSection":["Prima Pagina","Scuola"],"inLanguage":"fr-FR"},{"@type":"WebPage","@id":"https:\/\/www.bellunopress.it\/2012\/02\/15\/progetto-quel-bicchiere-di-troppo-prosegue-la-prevenzione-nelle-scuole-del-feltrino\/","url":"https:\/\/www.bellunopress.it\/2012\/02\/15\/progetto-quel-bicchiere-di-troppo-prosegue-la-prevenzione-nelle-scuole-del-feltrino\/","name":"Progetto \"Quel bicchiere di troppo\". Prosegue la prevenzione nelle scuole del Feltrino - Bellunopress - Dolomiti","isPartOf":{"@id":"https:\/\/www.bellunopress.it\/#website"},"primaryImageOfPage":{"@id":"https:\/\/www.bellunopress.it\/2012\/02\/15\/progetto-quel-bicchiere-di-troppo-prosegue-la-prevenzione-nelle-scuole-del-feltrino\/#primaryimage"},"image":{"@id":"https:\/\/www.bellunopress.it\/2012\/02\/15\/progetto-quel-bicchiere-di-troppo-prosegue-la-prevenzione-nelle-scuole-del-feltrino\/#primaryimage"},"thumbnailUrl":"http:\/\/www.bellunopress.it\/wp-content\/uploads\/2012\/02\/polizia-scuole.jpg","datePublished":"2012-02-15T06:18:46+00:00","breadcrumb":{"@id":"https:\/\/www.bellunopress.it\/2012\/02\/15\/progetto-quel-bicchiere-di-troppo-prosegue-la-prevenzione-nelle-scuole-del-feltrino\/#breadcrumb"},"inLanguage":"fr-FR","potentialAction":[{"@type":"ReadAction","target":["https:\/\/www.bellunopress.it\/2012\/02\/15\/progetto-quel-bicchiere-di-troppo-prosegue-la-prevenzione-nelle-scuole-del-feltrino\/"]}]},{"@type":"ImageObject","inLanguage":"fr-FR","@id":"https:\/\/www.bellunopress.it\/2012\/02\/15\/progetto-quel-bicchiere-di-troppo-prosegue-la-prevenzione-nelle-scuole-del-feltrino\/#primaryimage","url":"http:\/\/www.bellunopress.it\/wp-content\/uploads\/2012\/02\/polizia-scuole.jpg","contentUrl":"http:\/\/www.bellunopress.it\/wp-content\/uploads\/2012\/02\/polizia-scuole.jpg"},{"@type":"BreadcrumbList","@id":"https:\/\/www.bellunopress.it\/2012\/02\/15\/progetto-quel-bicchiere-di-troppo-prosegue-la-prevenzione-nelle-scuole-del-feltrino\/#breadcrumb","itemListElement":[{"@type":"ListItem","position":1,"name":"Home","item":"https:\/\/www.bellunopress.it\/"},{"@type":"ListItem","position":2,"name":"Progetto &#8220;Quel bicchiere di troppo&#8221;. Prosegue la prevenzione nelle scuole del Feltrino"}]},{"@type":"WebSite","@id":"https:\/\/www.bellunopress.it\/#website","url":"https:\/\/www.bellunopress.it\/","name":"Bellunopress - Dolomiti","description":"e-mail: redazione@bellunopress.it","publisher":{"@id":"https:\/\/www.bellunopress.it\/#organization"},"potentialAction":[{"@type":"SearchAction","target":{"@type":"EntryPoint","urlTemplate":"https:\/\/www.bellunopress.it\/?s={search_term_string}"},"query-input":{"@type":"PropertyValueSpecification","valueRequired":true,"valueName":"search_term_string"}}],"inLanguage":"fr-FR"},{"@type":"Organization","@id":"https:\/\/www.bellunopress.it\/#organization","name":"Bellunopress","url":"https:\/\/www.bellunopress.it\/","logo":{"@type":"ImageObject","inLanguage":"fr-FR","@id":"https:\/\/www.bellunopress.it\/#\/schema\/logo\/image\/","url":"https:\/\/www.bellunopress.it\/wp-content\/uploads\/2011\/05\/cropped-logo-bellunopress-.jpg","contentUrl":"https:\/\/www.bellunopress.it\/wp-content\/uploads\/2011\/05\/cropped-logo-bellunopress-.jpg","width":512,"height":512,"caption":"Bellunopress"},"image":{"@id":"https:\/\/www.bellunopress.it\/#\/schema\/logo\/image\/"},"sameAs":["https:\/\/www.facebook.com\/profile.php?id=100008943462799","https:\/\/x.com\/bellunopress","https:\/\/www.linkedin.com\/hp\/?dnr=JBzUWaJfMUw8vbXJJ2tVW5-I3jZKvC4wsoxE&amp;amp;amp;amp;amp;amp;trk=nav_responsive_tab_home","https:\/\/www.youtube.com\/channel\/UCxL0wu1uN0_3_7hGG0306cw"]},{"@type":"Person","@id":"https:\/\/www.bellunopress.it\/#\/schema\/person\/79bb06722b37ece1c03d3e94beb30d73","name":"r\u00e9daction","image":{"@type":"ImageObject","inLanguage":"fr-FR","@id":"https:\/\/secure.gravatar.com\/avatar\/37d968a2e67a6fd04c169c4bdef102d0bc5d31b2546345219e348575eb80e9a0?s=96&d=mm&r=g","url":"https:\/\/secure.gravatar.com\/avatar\/37d968a2e67a6fd04c169c4bdef102d0bc5d31b2546345219e348575eb80e9a0?s=96&d=mm&r=g","contentUrl":"https:\/\/secure.gravatar.com\/avatar\/37d968a2e67a6fd04c169c4bdef102d0bc5d31b2546345219e348575eb80e9a0?s=96&d=mm&r=g","caption":"redazione"},"sameAs":["http:\/\/www.bellunopress.it","https:\/\/x.com\/bellunopress"],"url":"https:\/\/www.bellunopress.it\/fr\/author\/redazione\/"}]}},"_links":{"self":[{"href":"https:\/\/www.bellunopress.it\/fr\/wp-json\/wp\/v2\/posts\/35118","targetHints":{"allow":["GET"]}}],"collection":[{"href":"https:\/\/www.bellunopress.it\/fr\/wp-json\/wp\/v2\/posts"}],"about":[{"href":"https:\/\/www.bellunopress.it\/fr\/wp-json\/wp\/v2\/types\/post"}],"author":[{"embeddable":true,"href":"https:\/\/www.bellunopress.it\/fr\/wp-json\/wp\/v2\/users\/2"}],"replies":[{"embeddable":true,"href":"https:\/\/www.bellunopress.it\/fr\/wp-json\/wp\/v2\/comments?post=35118"}],"version-history":[{"count":1,"href":"https:\/\/www.bellunopress.it\/fr\/wp-json\/wp\/v2\/posts\/35118\/revisions"}],"predecessor-version":[{"id":35120,"href":"https:\/\/www.bellunopress.it\/fr\/wp-json\/wp\/v2\/posts\/35118\/revisions\/35120"}],"wp:attachment":[{"href":"https:\/\/www.bellunopress.it\/fr\/wp-json\/wp\/v2\/media?parent=35118"}],"wp:term":[{"taxonomy":"category","embeddable":true,"href":"https:\/\/www.bellunopress.it\/fr\/wp-json\/wp\/v2\/categories?post=35118"},{"taxonomy":"post_tag","embeddable":true,"href":"https:\/\/www.bellunopress.it\/fr\/wp-json\/wp\/v2\/tags?post=35118"}],"curies":[{"name":"wp","href":"https:\/\/api.w.org\/{rel}","templated":true}]}}