{"id":35108,"date":"2012-02-14T23:15:47","date_gmt":"2012-02-14T22:15:47","guid":{"rendered":"http:\/\/www.bellunopress.it\/?p=35108"},"modified":"2012-02-14T23:15:47","modified_gmt":"2012-02-14T22:15:47","slug":"progetto-altanon-di-feltre-ora-la-discussione-in-commissione-e-in-consiglio-comunale","status":"publish","type":"post","link":"https:\/\/www.bellunopress.it\/fr\/2012\/02\/14\/progetto-altanon-di-feltre-ora-la-discussione-in-commissione-e-in-consiglio-comunale\/","title":{"rendered":"Progetto Altanon di Feltre: ora la discussione in commissione e in consiglio comunale"},"content":{"rendered":"<p><a href=\"http:\/\/www.bellunopress.it\/wp-content\/uploads\/2011\/07\/altanon-palizzata.jpg\"><img loading=\"lazy\" decoding=\"async\" class=\"alignleft size-full wp-image-29073\" title=\"altanon palizzata\" src=\"http:\/\/www.bellunopress.it\/wp-content\/uploads\/2011\/07\/altanon-palizzata.jpg\" alt=\"\" width=\"280\" height=\"210\" \/><\/a>A seguito dell&#8217;approvazione da parte della Giunta regionale della delibera che ha assegnato valenza strategica al progetto dell&#8217;Altanon, il sindaco di Feltre senatore Gianvittore Vaccari insieme con il presidente della Commissione urbanistica Primo Meneguz hanno valutato di convocare la competente Commissione per una seduta che si terr\u00e0 la settimana prossima. I commissari faranno il punto ed assumeranno opportune determinazioni nello specifico in merito a: le opere di urbanizzazione, in particolare la viabilit\u00e0 pubblica di perimetro dell&#8217;area, e gli indirizzi guida per la conferenza di servizi regionale. Su entrambi i temi, il sindaco auspica che vi possa essere un approfondimento ed un costruttivo contributo ed anche eventualmente una discussione in Consiglio comunale.<\/p>","protected":false},"excerpt":{"rendered":"<p>A seguito dell&#8217;approvazione da parte della Giunta regionale della delibera che ha assegnato valenza strategica al progetto dell&#8217;Altanon, il sindaco di Feltre senatore Gianvittore Vaccari insieme con il presidente della Commissione urbanistica Primo Meneguz hanno valutato di convocare la competente Commissione per una seduta che si terr\u00e0 la settimana prossima. I commissari faranno il punto [&hellip;]<\/p>\n","protected":false},"author":2,"featured_media":0,"comment_status":"closed","ping_status":"open","sticky":false,"template":"","format":"standard","meta":{"footnotes":""},"categories":[5,26],"tags":[],"class_list":["post-35108","post","type-post","status-publish","format-standard","category-cronaca","category-prima-pagina"],"yoast_head":"<!-- This site is optimized with the Yoast SEO plugin v28.4 - https:\/\/yoast.com\/product\/yoast-seo-wordpress\/ -->\n<title>Progetto Altanon di Feltre: ora la discussione in commissione e in consiglio comunale - Bellunopress - Dolomiti<\/title>\n<meta name=\"robots\" content=\"index, follow, max-snippet:-1, max-image-preview:large, max-video-preview:-1\" \/>\n<link rel=\"canonical\" href=\"https:\/\/www.bellunopress.it\/fr\/2012\/02\/14\/progetto-altanon-di-feltre-ora-la-discussione-in-commissione-e-in-consiglio-comunale\/\" \/>\n<meta property=\"og:locale\" content=\"fr_FR\" \/>\n<meta property=\"og:type\" content=\"article\" \/>\n<meta property=\"og:title\" content=\"Progetto Altanon di Feltre: ora la discussione in commissione e in consiglio comunale - Bellunopress - Dolomiti\" \/>\n<meta property=\"og:description\" content=\"A seguito dell&#8217;approvazione da parte della Giunta regionale della delibera che ha assegnato valenza strategica al progetto dell&#8217;Altanon, il sindaco di Feltre senatore Gianvittore Vaccari insieme con il presidente della Commissione urbanistica Primo Meneguz hanno valutato di convocare la competente Commissione per una seduta che si terr\u00e0 la settimana prossima. I commissari faranno il punto [&hellip;]\" \/>\n<meta property=\"og:url\" content=\"https:\/\/www.bellunopress.it\/fr\/2012\/02\/14\/progetto-altanon-di-feltre-ora-la-discussione-in-commissione-e-in-consiglio-comunale\/\" \/>\n<meta property=\"og:site_name\" content=\"Bellunopress - Dolomiti\" \/>\n<meta property=\"article:publisher\" content=\"https:\/\/www.facebook.com\/profile.php?id=100008943462799\" \/>\n<meta property=\"article:published_time\" content=\"2012-02-14T22:15:47+00:00\" \/>\n<meta property=\"og:image\" content=\"http:\/\/www.bellunopress.it\/wp-content\/uploads\/2011\/07\/altanon-palizzata.jpg\" \/>\n<meta name=\"author\" content=\"redazione\" \/>\n<meta name=\"twitter:card\" content=\"summary_large_image\" \/>\n<meta name=\"twitter:creator\" content=\"@bellunopress\" \/>\n<meta name=\"twitter:site\" content=\"@bellunopress\" \/>\n<meta name=\"twitter:label1\" content=\"\u00c9crit par\" \/>\n\t<meta name=\"twitter:data1\" content=\"redazione\" \/>\n\t<meta name=\"twitter:label2\" content=\"Dur\u00e9e de lecture estim\u00e9e\" \/>\n\t<meta name=\"twitter:data2\" content=\"1 minute\" \/>\n<script type=\"application\/ld+json\" class=\"yoast-schema-graph\">{\"@context\":\"https:\\\/\\\/schema.org\",\"@graph\":[{\"@type\":\"Article\",\"@id\":\"https:\\\/\\\/www.bellunopress.it\\\/2012\\\/02\\\/14\\\/progetto-altanon-di-feltre-ora-la-discussione-in-commissione-e-in-consiglio-comunale\\\/#article\",\"isPartOf\":{\"@id\":\"https:\\\/\\\/www.bellunopress.it\\\/2012\\\/02\\\/14\\\/progetto-altanon-di-feltre-ora-la-discussione-in-commissione-e-in-consiglio-comunale\\\/\"},\"author\":{\"name\":\"redazione\",\"@id\":\"https:\\\/\\\/www.bellunopress.it\\\/#\\\/schema\\\/person\\\/79bb06722b37ece1c03d3e94beb30d73\"},\"headline\":\"Progetto Altanon di Feltre: ora la discussione in commissione e in consiglio comunale\",\"datePublished\":\"2012-02-14T22:15:47+00:00\",\"mainEntityOfPage\":{\"@id\":\"https:\\\/\\\/www.bellunopress.it\\\/2012\\\/02\\\/14\\\/progetto-altanon-di-feltre-ora-la-discussione-in-commissione-e-in-consiglio-comunale\\\/\"},\"wordCount\":127,\"publisher\":{\"@id\":\"https:\\\/\\\/www.bellunopress.it\\\/#organization\"},\"image\":{\"@id\":\"https:\\\/\\\/www.bellunopress.it\\\/2012\\\/02\\\/14\\\/progetto-altanon-di-feltre-ora-la-discussione-in-commissione-e-in-consiglio-comunale\\\/#primaryimage\"},\"thumbnailUrl\":\"http:\\\/\\\/www.bellunopress.it\\\/wp-content\\\/uploads\\\/2011\\\/07\\\/altanon-palizzata.jpg\",\"articleSection\":[\"Cronaca\\\/Politica\",\"Prima Pagina\"],\"inLanguage\":\"fr-FR\"},{\"@type\":\"WebPage\",\"@id\":\"https:\\\/\\\/www.bellunopress.it\\\/2012\\\/02\\\/14\\\/progetto-altanon-di-feltre-ora-la-discussione-in-commissione-e-in-consiglio-comunale\\\/\",\"url\":\"https:\\\/\\\/www.bellunopress.it\\\/2012\\\/02\\\/14\\\/progetto-altanon-di-feltre-ora-la-discussione-in-commissione-e-in-consiglio-comunale\\\/\",\"name\":\"Progetto Altanon di Feltre: ora la discussione in commissione e in consiglio comunale - Bellunopress - Dolomiti\",\"isPartOf\":{\"@id\":\"https:\\\/\\\/www.bellunopress.it\\\/#website\"},\"primaryImageOfPage\":{\"@id\":\"https:\\\/\\\/www.bellunopress.it\\\/2012\\\/02\\\/14\\\/progetto-altanon-di-feltre-ora-la-discussione-in-commissione-e-in-consiglio-comunale\\\/#primaryimage\"},\"image\":{\"@id\":\"https:\\\/\\\/www.bellunopress.it\\\/2012\\\/02\\\/14\\\/progetto-altanon-di-feltre-ora-la-discussione-in-commissione-e-in-consiglio-comunale\\\/#primaryimage\"},\"thumbnailUrl\":\"http:\\\/\\\/www.bellunopress.it\\\/wp-content\\\/uploads\\\/2011\\\/07\\\/altanon-palizzata.jpg\",\"datePublished\":\"2012-02-14T22:15:47+00:00\",\"breadcrumb\":{\"@id\":\"https:\\\/\\\/www.bellunopress.it\\\/2012\\\/02\\\/14\\\/progetto-altanon-di-feltre-ora-la-discussione-in-commissione-e-in-consiglio-comunale\\\/#breadcrumb\"},\"inLanguage\":\"fr-FR\",\"potentialAction\":[{\"@type\":\"ReadAction\",\"target\":[\"https:\\\/\\\/www.bellunopress.it\\\/2012\\\/02\\\/14\\\/progetto-altanon-di-feltre-ora-la-discussione-in-commissione-e-in-consiglio-comunale\\\/\"]}]},{\"@type\":\"ImageObject\",\"inLanguage\":\"fr-FR\",\"@id\":\"https:\\\/\\\/www.bellunopress.it\\\/2012\\\/02\\\/14\\\/progetto-altanon-di-feltre-ora-la-discussione-in-commissione-e-in-consiglio-comunale\\\/#primaryimage\",\"url\":\"http:\\\/\\\/www.bellunopress.it\\\/wp-content\\\/uploads\\\/2011\\\/07\\\/altanon-palizzata.jpg\",\"contentUrl\":\"http:\\\/\\\/www.bellunopress.it\\\/wp-content\\\/uploads\\\/2011\\\/07\\\/altanon-palizzata.jpg\"},{\"@type\":\"BreadcrumbList\",\"@id\":\"https:\\\/\\\/www.bellunopress.it\\\/2012\\\/02\\\/14\\\/progetto-altanon-di-feltre-ora-la-discussione-in-commissione-e-in-consiglio-comunale\\\/#breadcrumb\",\"itemListElement\":[{\"@type\":\"ListItem\",\"position\":1,\"name\":\"Home\",\"item\":\"https:\\\/\\\/www.bellunopress.it\\\/\"},{\"@type\":\"ListItem\",\"position\":2,\"name\":\"Progetto Altanon di Feltre: ora la discussione in commissione e in consiglio comunale\"}]},{\"@type\":\"WebSite\",\"@id\":\"https:\\\/\\\/www.bellunopress.it\\\/#website\",\"url\":\"https:\\\/\\\/www.bellunopress.it\\\/\",\"name\":\"Bellunopress - Dolomiti\",\"description\":\"e-mail: redazione@bellunopress.it\",\"publisher\":{\"@id\":\"https:\\\/\\\/www.bellunopress.it\\\/#organization\"},\"potentialAction\":[{\"@type\":\"SearchAction\",\"target\":{\"@type\":\"EntryPoint\",\"urlTemplate\":\"https:\\\/\\\/www.bellunopress.it\\\/?s={search_term_string}\"},\"query-input\":{\"@type\":\"PropertyValueSpecification\",\"valueRequired\":true,\"valueName\":\"search_term_string\"}}],\"inLanguage\":\"fr-FR\"},{\"@type\":\"Organization\",\"@id\":\"https:\\\/\\\/www.bellunopress.it\\\/#organization\",\"name\":\"Bellunopress\",\"url\":\"https:\\\/\\\/www.bellunopress.it\\\/\",\"logo\":{\"@type\":\"ImageObject\",\"inLanguage\":\"fr-FR\",\"@id\":\"https:\\\/\\\/www.bellunopress.it\\\/#\\\/schema\\\/logo\\\/image\\\/\",\"url\":\"https:\\\/\\\/www.bellunopress.it\\\/wp-content\\\/uploads\\\/2011\\\/05\\\/cropped-logo-bellunopress-.jpg\",\"contentUrl\":\"https:\\\/\\\/www.bellunopress.it\\\/wp-content\\\/uploads\\\/2011\\\/05\\\/cropped-logo-bellunopress-.jpg\",\"width\":512,\"height\":512,\"caption\":\"Bellunopress\"},\"image\":{\"@id\":\"https:\\\/\\\/www.bellunopress.it\\\/#\\\/schema\\\/logo\\\/image\\\/\"},\"sameAs\":[\"https:\\\/\\\/www.facebook.com\\\/profile.php?id=100008943462799\",\"https:\\\/\\\/x.com\\\/bellunopress\",\"https:\\\/\\\/www.linkedin.com\\\/hp\\\/?dnr=JBzUWaJfMUw8vbXJJ2tVW5-I3jZKvC4wsoxE&amp;amp;amp;amp;amp;amp;trk=nav_responsive_tab_home\",\"https:\\\/\\\/www.youtube.com\\\/channel\\\/UCxL0wu1uN0_3_7hGG0306cw\"]},{\"@type\":\"Person\",\"@id\":\"https:\\\/\\\/www.bellunopress.it\\\/#\\\/schema\\\/person\\\/79bb06722b37ece1c03d3e94beb30d73\",\"name\":\"redazione\",\"image\":{\"@type\":\"ImageObject\",\"inLanguage\":\"fr-FR\",\"@id\":\"https:\\\/\\\/secure.gravatar.com\\\/avatar\\\/37d968a2e67a6fd04c169c4bdef102d0bc5d31b2546345219e348575eb80e9a0?s=96&d=mm&r=g\",\"url\":\"https:\\\/\\\/secure.gravatar.com\\\/avatar\\\/37d968a2e67a6fd04c169c4bdef102d0bc5d31b2546345219e348575eb80e9a0?s=96&d=mm&r=g\",\"contentUrl\":\"https:\\\/\\\/secure.gravatar.com\\\/avatar\\\/37d968a2e67a6fd04c169c4bdef102d0bc5d31b2546345219e348575eb80e9a0?s=96&d=mm&r=g\",\"caption\":\"redazione\"},\"sameAs\":[\"http:\\\/\\\/www.bellunopress.it\",\"https:\\\/\\\/x.com\\\/bellunopress\"],\"url\":\"https:\\\/\\\/www.bellunopress.it\\\/fr\\\/author\\\/redazione\\\/\"}]}<\/script>\n<!-- \/ Yoast SEO plugin. -->","yoast_head_json":{"title":"Progetto Altanon di Feltre: ora la discussione in commissione e in consiglio comunale - Bellunopress - Dolomiti","robots":{"index":"index","follow":"follow","max-snippet":"max-snippet:-1","max-image-preview":"max-image-preview:large","max-video-preview":"max-video-preview:-1"},"canonical":"https:\/\/www.bellunopress.it\/fr\/2012\/02\/14\/progetto-altanon-di-feltre-ora-la-discussione-in-commissione-e-in-consiglio-comunale\/","og_locale":"fr_FR","og_type":"article","og_title":"Progetto Altanon di Feltre: ora la discussione in commissione e in consiglio comunale - Bellunopress - Dolomiti","og_description":"A seguito dell&#8217;approvazione da parte della Giunta regionale della delibera che ha assegnato valenza strategica al progetto dell&#8217;Altanon, il sindaco di Feltre senatore Gianvittore Vaccari insieme con il presidente della Commissione urbanistica Primo Meneguz hanno valutato di convocare la competente Commissione per una seduta che si terr\u00e0 la settimana prossima. I commissari faranno il punto [&hellip;]","og_url":"https:\/\/www.bellunopress.it\/fr\/2012\/02\/14\/progetto-altanon-di-feltre-ora-la-discussione-in-commissione-e-in-consiglio-comunale\/","og_site_name":"Bellunopress - Dolomiti","article_publisher":"https:\/\/www.facebook.com\/profile.php?id=100008943462799","article_published_time":"2012-02-14T22:15:47+00:00","og_image":[{"url":"http:\/\/www.bellunopress.it\/wp-content\/uploads\/2011\/07\/altanon-palizzata.jpg","type":"","width":"","height":""}],"author":"redazione","twitter_card":"summary_large_image","twitter_creator":"@bellunopress","twitter_site":"@bellunopress","twitter_misc":{"\u00c9crit par":"redazione","Dur\u00e9e de lecture estim\u00e9e":"1 minute"},"schema":{"@context":"https:\/\/schema.org","@graph":[{"@type":"Article","@id":"https:\/\/www.bellunopress.it\/2012\/02\/14\/progetto-altanon-di-feltre-ora-la-discussione-in-commissione-e-in-consiglio-comunale\/#article","isPartOf":{"@id":"https:\/\/www.bellunopress.it\/2012\/02\/14\/progetto-altanon-di-feltre-ora-la-discussione-in-commissione-e-in-consiglio-comunale\/"},"author":{"name":"redazione","@id":"https:\/\/www.bellunopress.it\/#\/schema\/person\/79bb06722b37ece1c03d3e94beb30d73"},"headline":"Progetto Altanon di Feltre: ora la discussione in commissione e in consiglio comunale","datePublished":"2012-02-14T22:15:47+00:00","mainEntityOfPage":{"@id":"https:\/\/www.bellunopress.it\/2012\/02\/14\/progetto-altanon-di-feltre-ora-la-discussione-in-commissione-e-in-consiglio-comunale\/"},"wordCount":127,"publisher":{"@id":"https:\/\/www.bellunopress.it\/#organization"},"image":{"@id":"https:\/\/www.bellunopress.it\/2012\/02\/14\/progetto-altanon-di-feltre-ora-la-discussione-in-commissione-e-in-consiglio-comunale\/#primaryimage"},"thumbnailUrl":"http:\/\/www.bellunopress.it\/wp-content\/uploads\/2011\/07\/altanon-palizzata.jpg","articleSection":["Cronaca\/Politica","Prima Pagina"],"inLanguage":"fr-FR"},{"@type":"WebPage","@id":"https:\/\/www.bellunopress.it\/2012\/02\/14\/progetto-altanon-di-feltre-ora-la-discussione-in-commissione-e-in-consiglio-comunale\/","url":"https:\/\/www.bellunopress.it\/2012\/02\/14\/progetto-altanon-di-feltre-ora-la-discussione-in-commissione-e-in-consiglio-comunale\/","name":"Progetto Altanon di Feltre: ora la discussione in commissione e in consiglio comunale - Bellunopress - Dolomiti","isPartOf":{"@id":"https:\/\/www.bellunopress.it\/#website"},"primaryImageOfPage":{"@id":"https:\/\/www.bellunopress.it\/2012\/02\/14\/progetto-altanon-di-feltre-ora-la-discussione-in-commissione-e-in-consiglio-comunale\/#primaryimage"},"image":{"@id":"https:\/\/www.bellunopress.it\/2012\/02\/14\/progetto-altanon-di-feltre-ora-la-discussione-in-commissione-e-in-consiglio-comunale\/#primaryimage"},"thumbnailUrl":"http:\/\/www.bellunopress.it\/wp-content\/uploads\/2011\/07\/altanon-palizzata.jpg","datePublished":"2012-02-14T22:15:47+00:00","breadcrumb":{"@id":"https:\/\/www.bellunopress.it\/2012\/02\/14\/progetto-altanon-di-feltre-ora-la-discussione-in-commissione-e-in-consiglio-comunale\/#breadcrumb"},"inLanguage":"fr-FR","potentialAction":[{"@type":"ReadAction","target":["https:\/\/www.bellunopress.it\/2012\/02\/14\/progetto-altanon-di-feltre-ora-la-discussione-in-commissione-e-in-consiglio-comunale\/"]}]},{"@type":"ImageObject","inLanguage":"fr-FR","@id":"https:\/\/www.bellunopress.it\/2012\/02\/14\/progetto-altanon-di-feltre-ora-la-discussione-in-commissione-e-in-consiglio-comunale\/#primaryimage","url":"http:\/\/www.bellunopress.it\/wp-content\/uploads\/2011\/07\/altanon-palizzata.jpg","contentUrl":"http:\/\/www.bellunopress.it\/wp-content\/uploads\/2011\/07\/altanon-palizzata.jpg"},{"@type":"BreadcrumbList","@id":"https:\/\/www.bellunopress.it\/2012\/02\/14\/progetto-altanon-di-feltre-ora-la-discussione-in-commissione-e-in-consiglio-comunale\/#breadcrumb","itemListElement":[{"@type":"ListItem","position":1,"name":"Home","item":"https:\/\/www.bellunopress.it\/"},{"@type":"ListItem","position":2,"name":"Progetto Altanon di Feltre: ora la discussione in commissione e in consiglio comunale"}]},{"@type":"WebSite","@id":"https:\/\/www.bellunopress.it\/#website","url":"https:\/\/www.bellunopress.it\/","name":"Bellunopress - Dolomiti","description":"e-mail: redazione@bellunopress.it","publisher":{"@id":"https:\/\/www.bellunopress.it\/#organization"},"potentialAction":[{"@type":"SearchAction","target":{"@type":"EntryPoint","urlTemplate":"https:\/\/www.bellunopress.it\/?s={search_term_string}"},"query-input":{"@type":"PropertyValueSpecification","valueRequired":true,"valueName":"search_term_string"}}],"inLanguage":"fr-FR"},{"@type":"Organization","@id":"https:\/\/www.bellunopress.it\/#organization","name":"Bellunopress","url":"https:\/\/www.bellunopress.it\/","logo":{"@type":"ImageObject","inLanguage":"fr-FR","@id":"https:\/\/www.bellunopress.it\/#\/schema\/logo\/image\/","url":"https:\/\/www.bellunopress.it\/wp-content\/uploads\/2011\/05\/cropped-logo-bellunopress-.jpg","contentUrl":"https:\/\/www.bellunopress.it\/wp-content\/uploads\/2011\/05\/cropped-logo-bellunopress-.jpg","width":512,"height":512,"caption":"Bellunopress"},"image":{"@id":"https:\/\/www.bellunopress.it\/#\/schema\/logo\/image\/"},"sameAs":["https:\/\/www.facebook.com\/profile.php?id=100008943462799","https:\/\/x.com\/bellunopress","https:\/\/www.linkedin.com\/hp\/?dnr=JBzUWaJfMUw8vbXJJ2tVW5-I3jZKvC4wsoxE&amp;amp;amp;amp;amp;amp;trk=nav_responsive_tab_home","https:\/\/www.youtube.com\/channel\/UCxL0wu1uN0_3_7hGG0306cw"]},{"@type":"Person","@id":"https:\/\/www.bellunopress.it\/#\/schema\/person\/79bb06722b37ece1c03d3e94beb30d73","name":"r\u00e9daction","image":{"@type":"ImageObject","inLanguage":"fr-FR","@id":"https:\/\/secure.gravatar.com\/avatar\/37d968a2e67a6fd04c169c4bdef102d0bc5d31b2546345219e348575eb80e9a0?s=96&d=mm&r=g","url":"https:\/\/secure.gravatar.com\/avatar\/37d968a2e67a6fd04c169c4bdef102d0bc5d31b2546345219e348575eb80e9a0?s=96&d=mm&r=g","contentUrl":"https:\/\/secure.gravatar.com\/avatar\/37d968a2e67a6fd04c169c4bdef102d0bc5d31b2546345219e348575eb80e9a0?s=96&d=mm&r=g","caption":"redazione"},"sameAs":["http:\/\/www.bellunopress.it","https:\/\/x.com\/bellunopress"],"url":"https:\/\/www.bellunopress.it\/fr\/author\/redazione\/"}]}},"_links":{"self":[{"href":"https:\/\/www.bellunopress.it\/fr\/wp-json\/wp\/v2\/posts\/35108","targetHints":{"allow":["GET"]}}],"collection":[{"href":"https:\/\/www.bellunopress.it\/fr\/wp-json\/wp\/v2\/posts"}],"about":[{"href":"https:\/\/www.bellunopress.it\/fr\/wp-json\/wp\/v2\/types\/post"}],"author":[{"embeddable":true,"href":"https:\/\/www.bellunopress.it\/fr\/wp-json\/wp\/v2\/users\/2"}],"replies":[{"embeddable":true,"href":"https:\/\/www.bellunopress.it\/fr\/wp-json\/wp\/v2\/comments?post=35108"}],"version-history":[{"count":1,"href":"https:\/\/www.bellunopress.it\/fr\/wp-json\/wp\/v2\/posts\/35108\/revisions"}],"predecessor-version":[{"id":35109,"href":"https:\/\/www.bellunopress.it\/fr\/wp-json\/wp\/v2\/posts\/35108\/revisions\/35109"}],"wp:attachment":[{"href":"https:\/\/www.bellunopress.it\/fr\/wp-json\/wp\/v2\/media?parent=35108"}],"wp:term":[{"taxonomy":"category","embeddable":true,"href":"https:\/\/www.bellunopress.it\/fr\/wp-json\/wp\/v2\/categories?post=35108"},{"taxonomy":"post_tag","embeddable":true,"href":"https:\/\/www.bellunopress.it\/fr\/wp-json\/wp\/v2\/tags?post=35108"}],"curies":[{"name":"wp","href":"https:\/\/api.w.org\/{rel}","templated":true}]}}