{"id":35087,"date":"2012-02-14T10:05:01","date_gmt":"2012-02-14T09:05:01","guid":{"rendered":"http:\/\/www.bellunopress.it\/?p=35087"},"modified":"2012-02-14T10:05:01","modified_gmt":"2012-02-14T09:05:01","slug":"anche-la-protezione-civile-di-auronzo-in-aiuto-per-lemergenza-neve-in-centro-italia","status":"publish","type":"post","link":"https:\/\/www.bellunopress.it\/fr\/2012\/02\/14\/anche-la-protezione-civile-di-auronzo-in-aiuto-per-lemergenza-neve-in-centro-italia\/","title":{"rendered":"Anche la Protezione civile di Auronzo in aiuto per l&#8217;emergenza neve in centro Italia"},"content":{"rendered":"<p><a href=\"http:\/\/www.bellunopress.it\/wp-content\/uploads\/2012\/02\/protezione-civile-auronzo-logo.jpg\"><img loading=\"lazy\" decoding=\"async\" class=\"alignleft size-full wp-image-35088\" title=\"protezione civile auronzo logo\" src=\"http:\/\/www.bellunopress.it\/wp-content\/uploads\/2012\/02\/protezione-civile-auronzo-logo.jpg\" alt=\"\" width=\"96\" height=\"96\" \/><\/a>Anche il Gruppo di Protezione Civile di Auronzo chiamato a prestare aiuto alle popolazioni del centro Italia colpite dalle intense nevicate di questi giorni. Una squadra di cinque uomini, con un fuoristrada e un quad, \u00e8 partita luned\u00ec mattina con destinazione la provincia di Ascoli Piceno. Con loro anche il presidente Adriano Zanella. La squadra operer\u00e0 nella zona di Pergola, nella zona di Fano, uno dei territori pi\u00f9 disagiati della provincia ascolana, in aiuto ai paesi e alle persone in difficolt\u00e0 a causa della neve. \u201cAbbiamo trovato una situazione piuttosto difficile \u2013 spiega la stesso presidente Adriano Zanella, arrivato sul posto nel primo pomeriggio di oggi \u2013 c&#8217;\u00e8 molta neve e la viabilit\u00e0 si presenta difficile. Molte molte strade sono ancora impercorribili.\u00a0 Attendiamo indicazioni dove e in che modo operare, in raccordo con le autorit\u00e0 locali\u201d.\u00a0 La squadra della Protezione Civile di Auronzo rester\u00e0 in provincia di Ascoli Piceno per l&#8217;intera settimana, fino a sabato prossimo.<\/p>","protected":false},"excerpt":{"rendered":"<p>Anche il Gruppo di Protezione Civile di Auronzo chiamato a prestare aiuto alle popolazioni del centro Italia colpite dalle intense nevicate di questi giorni. Una squadra di cinque uomini, con un fuoristrada e un quad, \u00e8 partita luned\u00ec mattina con destinazione la provincia di Ascoli Piceno. Con loro anche il presidente Adriano Zanella. La squadra [&hellip;]<\/p>\n","protected":false},"author":2,"featured_media":0,"comment_status":"closed","ping_status":"open","sticky":false,"template":"","format":"standard","meta":{"footnotes":""},"categories":[5,26],"tags":[],"class_list":["post-35087","post","type-post","status-publish","format-standard","category-cronaca","category-prima-pagina"],"yoast_head":"<!-- This site is optimized with the Yoast SEO plugin v28.4 - https:\/\/yoast.com\/product\/yoast-seo-wordpress\/ -->\n<title>Anche la Protezione civile di Auronzo in aiuto per l&#039;emergenza neve in centro Italia - Bellunopress - Dolomiti<\/title>\n<meta name=\"robots\" content=\"index, follow, max-snippet:-1, max-image-preview:large, max-video-preview:-1\" \/>\n<link rel=\"canonical\" href=\"https:\/\/www.bellunopress.it\/fr\/2012\/02\/14\/anche-la-protezione-civile-di-auronzo-in-aiuto-per-lemergenza-neve-in-centro-italia\/\" \/>\n<meta property=\"og:locale\" content=\"fr_FR\" \/>\n<meta property=\"og:type\" content=\"article\" \/>\n<meta property=\"og:title\" content=\"Anche la Protezione civile di Auronzo in aiuto per l&#039;emergenza neve in centro Italia - Bellunopress - Dolomiti\" \/>\n<meta property=\"og:description\" content=\"Anche il Gruppo di Protezione Civile di Auronzo chiamato a prestare aiuto alle popolazioni del centro Italia colpite dalle intense nevicate di questi giorni. Una squadra di cinque uomini, con un fuoristrada e un quad, \u00e8 partita luned\u00ec mattina con destinazione la provincia di Ascoli Piceno. Con loro anche il presidente Adriano Zanella. La squadra [&hellip;]\" \/>\n<meta property=\"og:url\" content=\"https:\/\/www.bellunopress.it\/fr\/2012\/02\/14\/anche-la-protezione-civile-di-auronzo-in-aiuto-per-lemergenza-neve-in-centro-italia\/\" \/>\n<meta property=\"og:site_name\" content=\"Bellunopress - Dolomiti\" \/>\n<meta property=\"article:publisher\" content=\"https:\/\/www.facebook.com\/profile.php?id=100008943462799\" \/>\n<meta property=\"article:published_time\" content=\"2012-02-14T09:05:01+00:00\" \/>\n<meta property=\"og:image\" content=\"http:\/\/www.bellunopress.it\/wp-content\/uploads\/2012\/02\/protezione-civile-auronzo-logo.jpg\" \/>\n<meta name=\"author\" content=\"redazione\" \/>\n<meta name=\"twitter:card\" content=\"summary_large_image\" \/>\n<meta name=\"twitter:creator\" content=\"@bellunopress\" \/>\n<meta name=\"twitter:site\" content=\"@bellunopress\" \/>\n<meta name=\"twitter:label1\" content=\"\u00c9crit par\" \/>\n\t<meta name=\"twitter:data1\" content=\"redazione\" \/>\n\t<meta name=\"twitter:label2\" content=\"Dur\u00e9e de lecture estim\u00e9e\" \/>\n\t<meta name=\"twitter:data2\" content=\"1 minute\" \/>\n<script type=\"application\/ld+json\" class=\"yoast-schema-graph\">{\"@context\":\"https:\\\/\\\/schema.org\",\"@graph\":[{\"@type\":\"Article\",\"@id\":\"https:\\\/\\\/www.bellunopress.it\\\/2012\\\/02\\\/14\\\/anche-la-protezione-civile-di-auronzo-in-aiuto-per-lemergenza-neve-in-centro-italia\\\/#article\",\"isPartOf\":{\"@id\":\"https:\\\/\\\/www.bellunopress.it\\\/2012\\\/02\\\/14\\\/anche-la-protezione-civile-di-auronzo-in-aiuto-per-lemergenza-neve-in-centro-italia\\\/\"},\"author\":{\"name\":\"redazione\",\"@id\":\"https:\\\/\\\/www.bellunopress.it\\\/#\\\/schema\\\/person\\\/79bb06722b37ece1c03d3e94beb30d73\"},\"headline\":\"Anche la Protezione civile di Auronzo in aiuto per l&#8217;emergenza neve in centro Italia\",\"datePublished\":\"2012-02-14T09:05:01+00:00\",\"mainEntityOfPage\":{\"@id\":\"https:\\\/\\\/www.bellunopress.it\\\/2012\\\/02\\\/14\\\/anche-la-protezione-civile-di-auronzo-in-aiuto-per-lemergenza-neve-in-centro-italia\\\/\"},\"wordCount\":169,\"publisher\":{\"@id\":\"https:\\\/\\\/www.bellunopress.it\\\/#organization\"},\"image\":{\"@id\":\"https:\\\/\\\/www.bellunopress.it\\\/2012\\\/02\\\/14\\\/anche-la-protezione-civile-di-auronzo-in-aiuto-per-lemergenza-neve-in-centro-italia\\\/#primaryimage\"},\"thumbnailUrl\":\"http:\\\/\\\/www.bellunopress.it\\\/wp-content\\\/uploads\\\/2012\\\/02\\\/protezione-civile-auronzo-logo.jpg\",\"articleSection\":[\"Cronaca\\\/Politica\",\"Prima Pagina\"],\"inLanguage\":\"fr-FR\"},{\"@type\":\"WebPage\",\"@id\":\"https:\\\/\\\/www.bellunopress.it\\\/2012\\\/02\\\/14\\\/anche-la-protezione-civile-di-auronzo-in-aiuto-per-lemergenza-neve-in-centro-italia\\\/\",\"url\":\"https:\\\/\\\/www.bellunopress.it\\\/2012\\\/02\\\/14\\\/anche-la-protezione-civile-di-auronzo-in-aiuto-per-lemergenza-neve-in-centro-italia\\\/\",\"name\":\"Anche la Protezione civile di Auronzo in aiuto per l'emergenza neve in centro Italia - Bellunopress - Dolomiti\",\"isPartOf\":{\"@id\":\"https:\\\/\\\/www.bellunopress.it\\\/#website\"},\"primaryImageOfPage\":{\"@id\":\"https:\\\/\\\/www.bellunopress.it\\\/2012\\\/02\\\/14\\\/anche-la-protezione-civile-di-auronzo-in-aiuto-per-lemergenza-neve-in-centro-italia\\\/#primaryimage\"},\"image\":{\"@id\":\"https:\\\/\\\/www.bellunopress.it\\\/2012\\\/02\\\/14\\\/anche-la-protezione-civile-di-auronzo-in-aiuto-per-lemergenza-neve-in-centro-italia\\\/#primaryimage\"},\"thumbnailUrl\":\"http:\\\/\\\/www.bellunopress.it\\\/wp-content\\\/uploads\\\/2012\\\/02\\\/protezione-civile-auronzo-logo.jpg\",\"datePublished\":\"2012-02-14T09:05:01+00:00\",\"breadcrumb\":{\"@id\":\"https:\\\/\\\/www.bellunopress.it\\\/2012\\\/02\\\/14\\\/anche-la-protezione-civile-di-auronzo-in-aiuto-per-lemergenza-neve-in-centro-italia\\\/#breadcrumb\"},\"inLanguage\":\"fr-FR\",\"potentialAction\":[{\"@type\":\"ReadAction\",\"target\":[\"https:\\\/\\\/www.bellunopress.it\\\/2012\\\/02\\\/14\\\/anche-la-protezione-civile-di-auronzo-in-aiuto-per-lemergenza-neve-in-centro-italia\\\/\"]}]},{\"@type\":\"ImageObject\",\"inLanguage\":\"fr-FR\",\"@id\":\"https:\\\/\\\/www.bellunopress.it\\\/2012\\\/02\\\/14\\\/anche-la-protezione-civile-di-auronzo-in-aiuto-per-lemergenza-neve-in-centro-italia\\\/#primaryimage\",\"url\":\"http:\\\/\\\/www.bellunopress.it\\\/wp-content\\\/uploads\\\/2012\\\/02\\\/protezione-civile-auronzo-logo.jpg\",\"contentUrl\":\"http:\\\/\\\/www.bellunopress.it\\\/wp-content\\\/uploads\\\/2012\\\/02\\\/protezione-civile-auronzo-logo.jpg\"},{\"@type\":\"BreadcrumbList\",\"@id\":\"https:\\\/\\\/www.bellunopress.it\\\/2012\\\/02\\\/14\\\/anche-la-protezione-civile-di-auronzo-in-aiuto-per-lemergenza-neve-in-centro-italia\\\/#breadcrumb\",\"itemListElement\":[{\"@type\":\"ListItem\",\"position\":1,\"name\":\"Home\",\"item\":\"https:\\\/\\\/www.bellunopress.it\\\/\"},{\"@type\":\"ListItem\",\"position\":2,\"name\":\"Anche la Protezione civile di Auronzo in aiuto per l&#8217;emergenza neve in centro Italia\"}]},{\"@type\":\"WebSite\",\"@id\":\"https:\\\/\\\/www.bellunopress.it\\\/#website\",\"url\":\"https:\\\/\\\/www.bellunopress.it\\\/\",\"name\":\"Bellunopress - Dolomiti\",\"description\":\"e-mail: redazione@bellunopress.it\",\"publisher\":{\"@id\":\"https:\\\/\\\/www.bellunopress.it\\\/#organization\"},\"potentialAction\":[{\"@type\":\"SearchAction\",\"target\":{\"@type\":\"EntryPoint\",\"urlTemplate\":\"https:\\\/\\\/www.bellunopress.it\\\/?s={search_term_string}\"},\"query-input\":{\"@type\":\"PropertyValueSpecification\",\"valueRequired\":true,\"valueName\":\"search_term_string\"}}],\"inLanguage\":\"fr-FR\"},{\"@type\":\"Organization\",\"@id\":\"https:\\\/\\\/www.bellunopress.it\\\/#organization\",\"name\":\"Bellunopress\",\"url\":\"https:\\\/\\\/www.bellunopress.it\\\/\",\"logo\":{\"@type\":\"ImageObject\",\"inLanguage\":\"fr-FR\",\"@id\":\"https:\\\/\\\/www.bellunopress.it\\\/#\\\/schema\\\/logo\\\/image\\\/\",\"url\":\"https:\\\/\\\/www.bellunopress.it\\\/wp-content\\\/uploads\\\/2011\\\/05\\\/cropped-logo-bellunopress-.jpg\",\"contentUrl\":\"https:\\\/\\\/www.bellunopress.it\\\/wp-content\\\/uploads\\\/2011\\\/05\\\/cropped-logo-bellunopress-.jpg\",\"width\":512,\"height\":512,\"caption\":\"Bellunopress\"},\"image\":{\"@id\":\"https:\\\/\\\/www.bellunopress.it\\\/#\\\/schema\\\/logo\\\/image\\\/\"},\"sameAs\":[\"https:\\\/\\\/www.facebook.com\\\/profile.php?id=100008943462799\",\"https:\\\/\\\/x.com\\\/bellunopress\",\"https:\\\/\\\/www.linkedin.com\\\/hp\\\/?dnr=JBzUWaJfMUw8vbXJJ2tVW5-I3jZKvC4wsoxE&amp;amp;amp;amp;amp;amp;trk=nav_responsive_tab_home\",\"https:\\\/\\\/www.youtube.com\\\/channel\\\/UCxL0wu1uN0_3_7hGG0306cw\"]},{\"@type\":\"Person\",\"@id\":\"https:\\\/\\\/www.bellunopress.it\\\/#\\\/schema\\\/person\\\/79bb06722b37ece1c03d3e94beb30d73\",\"name\":\"redazione\",\"image\":{\"@type\":\"ImageObject\",\"inLanguage\":\"fr-FR\",\"@id\":\"https:\\\/\\\/secure.gravatar.com\\\/avatar\\\/37d968a2e67a6fd04c169c4bdef102d0bc5d31b2546345219e348575eb80e9a0?s=96&d=mm&r=g\",\"url\":\"https:\\\/\\\/secure.gravatar.com\\\/avatar\\\/37d968a2e67a6fd04c169c4bdef102d0bc5d31b2546345219e348575eb80e9a0?s=96&d=mm&r=g\",\"contentUrl\":\"https:\\\/\\\/secure.gravatar.com\\\/avatar\\\/37d968a2e67a6fd04c169c4bdef102d0bc5d31b2546345219e348575eb80e9a0?s=96&d=mm&r=g\",\"caption\":\"redazione\"},\"sameAs\":[\"http:\\\/\\\/www.bellunopress.it\",\"https:\\\/\\\/x.com\\\/bellunopress\"],\"url\":\"https:\\\/\\\/www.bellunopress.it\\\/fr\\\/author\\\/redazione\\\/\"}]}<\/script>\n<!-- \/ Yoast SEO plugin. -->","yoast_head_json":{"title":"Anche la Protezione civile di Auronzo in aiuto per l'emergenza neve in centro Italia - Bellunopress - Dolomiti","robots":{"index":"index","follow":"follow","max-snippet":"max-snippet:-1","max-image-preview":"max-image-preview:large","max-video-preview":"max-video-preview:-1"},"canonical":"https:\/\/www.bellunopress.it\/fr\/2012\/02\/14\/anche-la-protezione-civile-di-auronzo-in-aiuto-per-lemergenza-neve-in-centro-italia\/","og_locale":"fr_FR","og_type":"article","og_title":"Anche la Protezione civile di Auronzo in aiuto per l'emergenza neve in centro Italia - Bellunopress - Dolomiti","og_description":"Anche il Gruppo di Protezione Civile di Auronzo chiamato a prestare aiuto alle popolazioni del centro Italia colpite dalle intense nevicate di questi giorni. Una squadra di cinque uomini, con un fuoristrada e un quad, \u00e8 partita luned\u00ec mattina con destinazione la provincia di Ascoli Piceno. Con loro anche il presidente Adriano Zanella. La squadra [&hellip;]","og_url":"https:\/\/www.bellunopress.it\/fr\/2012\/02\/14\/anche-la-protezione-civile-di-auronzo-in-aiuto-per-lemergenza-neve-in-centro-italia\/","og_site_name":"Bellunopress - Dolomiti","article_publisher":"https:\/\/www.facebook.com\/profile.php?id=100008943462799","article_published_time":"2012-02-14T09:05:01+00:00","og_image":[{"url":"http:\/\/www.bellunopress.it\/wp-content\/uploads\/2012\/02\/protezione-civile-auronzo-logo.jpg","type":"","width":"","height":""}],"author":"redazione","twitter_card":"summary_large_image","twitter_creator":"@bellunopress","twitter_site":"@bellunopress","twitter_misc":{"\u00c9crit par":"redazione","Dur\u00e9e de lecture estim\u00e9e":"1 minute"},"schema":{"@context":"https:\/\/schema.org","@graph":[{"@type":"Article","@id":"https:\/\/www.bellunopress.it\/2012\/02\/14\/anche-la-protezione-civile-di-auronzo-in-aiuto-per-lemergenza-neve-in-centro-italia\/#article","isPartOf":{"@id":"https:\/\/www.bellunopress.it\/2012\/02\/14\/anche-la-protezione-civile-di-auronzo-in-aiuto-per-lemergenza-neve-in-centro-italia\/"},"author":{"name":"redazione","@id":"https:\/\/www.bellunopress.it\/#\/schema\/person\/79bb06722b37ece1c03d3e94beb30d73"},"headline":"Anche la Protezione civile di Auronzo in aiuto per l&#8217;emergenza neve in centro Italia","datePublished":"2012-02-14T09:05:01+00:00","mainEntityOfPage":{"@id":"https:\/\/www.bellunopress.it\/2012\/02\/14\/anche-la-protezione-civile-di-auronzo-in-aiuto-per-lemergenza-neve-in-centro-italia\/"},"wordCount":169,"publisher":{"@id":"https:\/\/www.bellunopress.it\/#organization"},"image":{"@id":"https:\/\/www.bellunopress.it\/2012\/02\/14\/anche-la-protezione-civile-di-auronzo-in-aiuto-per-lemergenza-neve-in-centro-italia\/#primaryimage"},"thumbnailUrl":"http:\/\/www.bellunopress.it\/wp-content\/uploads\/2012\/02\/protezione-civile-auronzo-logo.jpg","articleSection":["Cronaca\/Politica","Prima Pagina"],"inLanguage":"fr-FR"},{"@type":"WebPage","@id":"https:\/\/www.bellunopress.it\/2012\/02\/14\/anche-la-protezione-civile-di-auronzo-in-aiuto-per-lemergenza-neve-in-centro-italia\/","url":"https:\/\/www.bellunopress.it\/2012\/02\/14\/anche-la-protezione-civile-di-auronzo-in-aiuto-per-lemergenza-neve-in-centro-italia\/","name":"Anche la Protezione civile di Auronzo in aiuto per l'emergenza neve in centro Italia - Bellunopress - Dolomiti","isPartOf":{"@id":"https:\/\/www.bellunopress.it\/#website"},"primaryImageOfPage":{"@id":"https:\/\/www.bellunopress.it\/2012\/02\/14\/anche-la-protezione-civile-di-auronzo-in-aiuto-per-lemergenza-neve-in-centro-italia\/#primaryimage"},"image":{"@id":"https:\/\/www.bellunopress.it\/2012\/02\/14\/anche-la-protezione-civile-di-auronzo-in-aiuto-per-lemergenza-neve-in-centro-italia\/#primaryimage"},"thumbnailUrl":"http:\/\/www.bellunopress.it\/wp-content\/uploads\/2012\/02\/protezione-civile-auronzo-logo.jpg","datePublished":"2012-02-14T09:05:01+00:00","breadcrumb":{"@id":"https:\/\/www.bellunopress.it\/2012\/02\/14\/anche-la-protezione-civile-di-auronzo-in-aiuto-per-lemergenza-neve-in-centro-italia\/#breadcrumb"},"inLanguage":"fr-FR","potentialAction":[{"@type":"ReadAction","target":["https:\/\/www.bellunopress.it\/2012\/02\/14\/anche-la-protezione-civile-di-auronzo-in-aiuto-per-lemergenza-neve-in-centro-italia\/"]}]},{"@type":"ImageObject","inLanguage":"fr-FR","@id":"https:\/\/www.bellunopress.it\/2012\/02\/14\/anche-la-protezione-civile-di-auronzo-in-aiuto-per-lemergenza-neve-in-centro-italia\/#primaryimage","url":"http:\/\/www.bellunopress.it\/wp-content\/uploads\/2012\/02\/protezione-civile-auronzo-logo.jpg","contentUrl":"http:\/\/www.bellunopress.it\/wp-content\/uploads\/2012\/02\/protezione-civile-auronzo-logo.jpg"},{"@type":"BreadcrumbList","@id":"https:\/\/www.bellunopress.it\/2012\/02\/14\/anche-la-protezione-civile-di-auronzo-in-aiuto-per-lemergenza-neve-in-centro-italia\/#breadcrumb","itemListElement":[{"@type":"ListItem","position":1,"name":"Home","item":"https:\/\/www.bellunopress.it\/"},{"@type":"ListItem","position":2,"name":"Anche la Protezione civile di Auronzo in aiuto per l&#8217;emergenza neve in centro Italia"}]},{"@type":"WebSite","@id":"https:\/\/www.bellunopress.it\/#website","url":"https:\/\/www.bellunopress.it\/","name":"Bellunopress - Dolomiti","description":"e-mail: redazione@bellunopress.it","publisher":{"@id":"https:\/\/www.bellunopress.it\/#organization"},"potentialAction":[{"@type":"SearchAction","target":{"@type":"EntryPoint","urlTemplate":"https:\/\/www.bellunopress.it\/?s={search_term_string}"},"query-input":{"@type":"PropertyValueSpecification","valueRequired":true,"valueName":"search_term_string"}}],"inLanguage":"fr-FR"},{"@type":"Organization","@id":"https:\/\/www.bellunopress.it\/#organization","name":"Bellunopress","url":"https:\/\/www.bellunopress.it\/","logo":{"@type":"ImageObject","inLanguage":"fr-FR","@id":"https:\/\/www.bellunopress.it\/#\/schema\/logo\/image\/","url":"https:\/\/www.bellunopress.it\/wp-content\/uploads\/2011\/05\/cropped-logo-bellunopress-.jpg","contentUrl":"https:\/\/www.bellunopress.it\/wp-content\/uploads\/2011\/05\/cropped-logo-bellunopress-.jpg","width":512,"height":512,"caption":"Bellunopress"},"image":{"@id":"https:\/\/www.bellunopress.it\/#\/schema\/logo\/image\/"},"sameAs":["https:\/\/www.facebook.com\/profile.php?id=100008943462799","https:\/\/x.com\/bellunopress","https:\/\/www.linkedin.com\/hp\/?dnr=JBzUWaJfMUw8vbXJJ2tVW5-I3jZKvC4wsoxE&amp;amp;amp;amp;amp;amp;trk=nav_responsive_tab_home","https:\/\/www.youtube.com\/channel\/UCxL0wu1uN0_3_7hGG0306cw"]},{"@type":"Person","@id":"https:\/\/www.bellunopress.it\/#\/schema\/person\/79bb06722b37ece1c03d3e94beb30d73","name":"r\u00e9daction","image":{"@type":"ImageObject","inLanguage":"fr-FR","@id":"https:\/\/secure.gravatar.com\/avatar\/37d968a2e67a6fd04c169c4bdef102d0bc5d31b2546345219e348575eb80e9a0?s=96&d=mm&r=g","url":"https:\/\/secure.gravatar.com\/avatar\/37d968a2e67a6fd04c169c4bdef102d0bc5d31b2546345219e348575eb80e9a0?s=96&d=mm&r=g","contentUrl":"https:\/\/secure.gravatar.com\/avatar\/37d968a2e67a6fd04c169c4bdef102d0bc5d31b2546345219e348575eb80e9a0?s=96&d=mm&r=g","caption":"redazione"},"sameAs":["http:\/\/www.bellunopress.it","https:\/\/x.com\/bellunopress"],"url":"https:\/\/www.bellunopress.it\/fr\/author\/redazione\/"}]}},"_links":{"self":[{"href":"https:\/\/www.bellunopress.it\/fr\/wp-json\/wp\/v2\/posts\/35087","targetHints":{"allow":["GET"]}}],"collection":[{"href":"https:\/\/www.bellunopress.it\/fr\/wp-json\/wp\/v2\/posts"}],"about":[{"href":"https:\/\/www.bellunopress.it\/fr\/wp-json\/wp\/v2\/types\/post"}],"author":[{"embeddable":true,"href":"https:\/\/www.bellunopress.it\/fr\/wp-json\/wp\/v2\/users\/2"}],"replies":[{"embeddable":true,"href":"https:\/\/www.bellunopress.it\/fr\/wp-json\/wp\/v2\/comments?post=35087"}],"version-history":[{"count":1,"href":"https:\/\/www.bellunopress.it\/fr\/wp-json\/wp\/v2\/posts\/35087\/revisions"}],"predecessor-version":[{"id":35089,"href":"https:\/\/www.bellunopress.it\/fr\/wp-json\/wp\/v2\/posts\/35087\/revisions\/35089"}],"wp:attachment":[{"href":"https:\/\/www.bellunopress.it\/fr\/wp-json\/wp\/v2\/media?parent=35087"}],"wp:term":[{"taxonomy":"category","embeddable":true,"href":"https:\/\/www.bellunopress.it\/fr\/wp-json\/wp\/v2\/categories?post=35087"},{"taxonomy":"post_tag","embeddable":true,"href":"https:\/\/www.bellunopress.it\/fr\/wp-json\/wp\/v2\/tags?post=35087"}],"curies":[{"name":"wp","href":"https:\/\/api.w.org\/{rel}","templated":true}]}}