{"id":35077,"date":"2012-02-13T22:52:14","date_gmt":"2012-02-13T21:52:14","guid":{"rendered":"http:\/\/www.bellunopress.it\/?p=35077"},"modified":"2012-02-13T22:52:14","modified_gmt":"2012-02-13T21:52:14","slug":"il-soccorso-alpino-bellunese-libera-dalla-neve-il-palazzo-ducale-di-urbino","status":"publish","type":"post","link":"https:\/\/www.bellunopress.it\/fr\/2012\/02\/13\/il-soccorso-alpino-bellunese-libera-dalla-neve-il-palazzo-ducale-di-urbino\/","title":{"rendered":"Il Soccorso alpino bellunese libera dalla neve il Palazzo Ducale di Urbino"},"content":{"rendered":"<p><a href=\"http:\/\/www.bellunopress.it\/wp-content\/uploads\/2012\/02\/soccorso-alpino-neve-urbino.jpg\"><img loading=\"lazy\" decoding=\"async\" class=\"alignleft size-full wp-image-35078\" title=\"soccorso alpino neve urbino\" src=\"http:\/\/www.bellunopress.it\/wp-content\/uploads\/2012\/02\/soccorso-alpino-neve-urbino.jpg\" alt=\"\" width=\"150\" height=\"136\" \/><\/a>Belluno, 13-02-12\u00a0 Partiti questa mattina alle 7 da Belluno, i 27 uomini del Soccorso alpino Dolomiti Bellunesi hanno raggiunto la provincia di Pesaro-Urbino (e i 5 colleghi nelle Marche da gioved\u00ec scorso), dove, divisi a squadre, hanno ricevuto i comuni di destinazione in cui operare. In cinque hanno iniziato a rimuovere la neve dal tetto di Palazzo Ducale a Urbino, per evitare che il peso consistente, circa 80 i centimetri di spessore del manto nevoso presente, potesse provocarne il crollo. A Borgo Pace, dieci soccorritori hanno ripulito la copertura delle scuole, liberando dalla morsa della neve i fragili pannelli fotovoltaici presenti e gli ingressi, per facilitare la ripresa delle lezioni degli studenti. Una squadra ha raggiunto diverse case isolate nei dintorni di Pesaro, utilizzando il gatto delle nevi messo a disposizione dalla Comunit\u00e0 montana del Centro Cadore, per verificare le condizioni dei residenti e le loro necessit\u00e0. In accordo con il Centro operativo, alcuni tecnici sono stati imbarcati dall&#8217;elicottero della Guardia di finanza e sbarcati nelle vicinanze delle abitazioni irraggiungibili sia con mezzi cingolati, che con gli sci, della zona di Pergola, per portare cibo e beni di prima necessit\u00e0 alle persone bloccate in casa dall&#8217;inizio dell&#8217;emergenza. Una squadra sta ripulendo i tetti delle scuole di Sant&#8217;Angelo in Vada, mentre altri soccorritori alleggeriscono dalla neve le coperture dei vecchi edifici privati di Mercatello sul Metauro. Nella serata proseguiranno le missioni, perch\u00e8 di ora in ora aumentano le segnalazioni di famiglie e persone isolate.<\/p>","protected":false},"excerpt":{"rendered":"<p>Belluno, 13-02-12\u00a0 Partiti questa mattina alle 7 da Belluno, i 27 uomini del Soccorso alpino Dolomiti Bellunesi hanno raggiunto la provincia di Pesaro-Urbino (e i 5 colleghi nelle Marche da gioved\u00ec scorso), dove, divisi a squadre, hanno ricevuto i comuni di destinazione in cui operare. In cinque hanno iniziato a rimuovere la neve dal tetto [&hellip;]<\/p>\n","protected":false},"author":2,"featured_media":0,"comment_status":"closed","ping_status":"open","sticky":false,"template":"","format":"standard","meta":{"footnotes":""},"categories":[5,26],"tags":[],"class_list":["post-35077","post","type-post","status-publish","format-standard","category-cronaca","category-prima-pagina"],"yoast_head":"<!-- This site is optimized with the Yoast SEO plugin v28.4 - https:\/\/yoast.com\/product\/yoast-seo-wordpress\/ -->\n<title>Il Soccorso alpino bellunese libera dalla neve il Palazzo Ducale di Urbino   - Bellunopress - Dolomiti<\/title>\n<meta name=\"robots\" content=\"index, follow, max-snippet:-1, max-image-preview:large, max-video-preview:-1\" \/>\n<link rel=\"canonical\" href=\"https:\/\/www.bellunopress.it\/fr\/2012\/02\/13\/il-soccorso-alpino-bellunese-libera-dalla-neve-il-palazzo-ducale-di-urbino\/\" \/>\n<meta property=\"og:locale\" content=\"fr_FR\" \/>\n<meta property=\"og:type\" content=\"article\" \/>\n<meta property=\"og:title\" content=\"Il Soccorso alpino bellunese libera dalla neve il Palazzo Ducale di Urbino   - Bellunopress - Dolomiti\" \/>\n<meta property=\"og:description\" content=\"Belluno, 13-02-12\u00a0 Partiti questa mattina alle 7 da Belluno, i 27 uomini del Soccorso alpino Dolomiti Bellunesi hanno raggiunto la provincia di Pesaro-Urbino (e i 5 colleghi nelle Marche da gioved\u00ec scorso), dove, divisi a squadre, hanno ricevuto i comuni di destinazione in cui operare. In cinque hanno iniziato a rimuovere la neve dal tetto [&hellip;]\" \/>\n<meta property=\"og:url\" content=\"https:\/\/www.bellunopress.it\/fr\/2012\/02\/13\/il-soccorso-alpino-bellunese-libera-dalla-neve-il-palazzo-ducale-di-urbino\/\" \/>\n<meta property=\"og:site_name\" content=\"Bellunopress - Dolomiti\" \/>\n<meta property=\"article:publisher\" content=\"https:\/\/www.facebook.com\/profile.php?id=100008943462799\" \/>\n<meta property=\"article:published_time\" content=\"2012-02-13T21:52:14+00:00\" \/>\n<meta property=\"og:image\" content=\"http:\/\/www.bellunopress.it\/wp-content\/uploads\/2012\/02\/soccorso-alpino-neve-urbino.jpg\" \/>\n<meta name=\"author\" content=\"redazione\" \/>\n<meta name=\"twitter:card\" content=\"summary_large_image\" \/>\n<meta name=\"twitter:creator\" content=\"@bellunopress\" \/>\n<meta name=\"twitter:site\" content=\"@bellunopress\" \/>\n<meta name=\"twitter:label1\" content=\"\u00c9crit par\" \/>\n\t<meta name=\"twitter:data1\" content=\"redazione\" \/>\n\t<meta name=\"twitter:label2\" content=\"Dur\u00e9e de lecture estim\u00e9e\" \/>\n\t<meta name=\"twitter:data2\" content=\"1 minute\" \/>\n<script type=\"application\/ld+json\" class=\"yoast-schema-graph\">{\"@context\":\"https:\\\/\\\/schema.org\",\"@graph\":[{\"@type\":\"Article\",\"@id\":\"https:\\\/\\\/www.bellunopress.it\\\/2012\\\/02\\\/13\\\/il-soccorso-alpino-bellunese-libera-dalla-neve-il-palazzo-ducale-di-urbino\\\/#article\",\"isPartOf\":{\"@id\":\"https:\\\/\\\/www.bellunopress.it\\\/2012\\\/02\\\/13\\\/il-soccorso-alpino-bellunese-libera-dalla-neve-il-palazzo-ducale-di-urbino\\\/\"},\"author\":{\"name\":\"redazione\",\"@id\":\"https:\\\/\\\/www.bellunopress.it\\\/#\\\/schema\\\/person\\\/79bb06722b37ece1c03d3e94beb30d73\"},\"headline\":\"Il Soccorso alpino bellunese libera dalla neve il Palazzo Ducale di Urbino\",\"datePublished\":\"2012-02-13T21:52:14+00:00\",\"mainEntityOfPage\":{\"@id\":\"https:\\\/\\\/www.bellunopress.it\\\/2012\\\/02\\\/13\\\/il-soccorso-alpino-bellunese-libera-dalla-neve-il-palazzo-ducale-di-urbino\\\/\"},\"wordCount\":256,\"publisher\":{\"@id\":\"https:\\\/\\\/www.bellunopress.it\\\/#organization\"},\"image\":{\"@id\":\"https:\\\/\\\/www.bellunopress.it\\\/2012\\\/02\\\/13\\\/il-soccorso-alpino-bellunese-libera-dalla-neve-il-palazzo-ducale-di-urbino\\\/#primaryimage\"},\"thumbnailUrl\":\"http:\\\/\\\/www.bellunopress.it\\\/wp-content\\\/uploads\\\/2012\\\/02\\\/soccorso-alpino-neve-urbino.jpg\",\"articleSection\":[\"Cronaca\\\/Politica\",\"Prima Pagina\"],\"inLanguage\":\"fr-FR\"},{\"@type\":\"WebPage\",\"@id\":\"https:\\\/\\\/www.bellunopress.it\\\/2012\\\/02\\\/13\\\/il-soccorso-alpino-bellunese-libera-dalla-neve-il-palazzo-ducale-di-urbino\\\/\",\"url\":\"https:\\\/\\\/www.bellunopress.it\\\/2012\\\/02\\\/13\\\/il-soccorso-alpino-bellunese-libera-dalla-neve-il-palazzo-ducale-di-urbino\\\/\",\"name\":\"Il Soccorso alpino bellunese libera dalla neve il Palazzo Ducale di Urbino - Bellunopress - Dolomiti\",\"isPartOf\":{\"@id\":\"https:\\\/\\\/www.bellunopress.it\\\/#website\"},\"primaryImageOfPage\":{\"@id\":\"https:\\\/\\\/www.bellunopress.it\\\/2012\\\/02\\\/13\\\/il-soccorso-alpino-bellunese-libera-dalla-neve-il-palazzo-ducale-di-urbino\\\/#primaryimage\"},\"image\":{\"@id\":\"https:\\\/\\\/www.bellunopress.it\\\/2012\\\/02\\\/13\\\/il-soccorso-alpino-bellunese-libera-dalla-neve-il-palazzo-ducale-di-urbino\\\/#primaryimage\"},\"thumbnailUrl\":\"http:\\\/\\\/www.bellunopress.it\\\/wp-content\\\/uploads\\\/2012\\\/02\\\/soccorso-alpino-neve-urbino.jpg\",\"datePublished\":\"2012-02-13T21:52:14+00:00\",\"breadcrumb\":{\"@id\":\"https:\\\/\\\/www.bellunopress.it\\\/2012\\\/02\\\/13\\\/il-soccorso-alpino-bellunese-libera-dalla-neve-il-palazzo-ducale-di-urbino\\\/#breadcrumb\"},\"inLanguage\":\"fr-FR\",\"potentialAction\":[{\"@type\":\"ReadAction\",\"target\":[\"https:\\\/\\\/www.bellunopress.it\\\/2012\\\/02\\\/13\\\/il-soccorso-alpino-bellunese-libera-dalla-neve-il-palazzo-ducale-di-urbino\\\/\"]}]},{\"@type\":\"ImageObject\",\"inLanguage\":\"fr-FR\",\"@id\":\"https:\\\/\\\/www.bellunopress.it\\\/2012\\\/02\\\/13\\\/il-soccorso-alpino-bellunese-libera-dalla-neve-il-palazzo-ducale-di-urbino\\\/#primaryimage\",\"url\":\"http:\\\/\\\/www.bellunopress.it\\\/wp-content\\\/uploads\\\/2012\\\/02\\\/soccorso-alpino-neve-urbino.jpg\",\"contentUrl\":\"http:\\\/\\\/www.bellunopress.it\\\/wp-content\\\/uploads\\\/2012\\\/02\\\/soccorso-alpino-neve-urbino.jpg\"},{\"@type\":\"BreadcrumbList\",\"@id\":\"https:\\\/\\\/www.bellunopress.it\\\/2012\\\/02\\\/13\\\/il-soccorso-alpino-bellunese-libera-dalla-neve-il-palazzo-ducale-di-urbino\\\/#breadcrumb\",\"itemListElement\":[{\"@type\":\"ListItem\",\"position\":1,\"name\":\"Home\",\"item\":\"https:\\\/\\\/www.bellunopress.it\\\/\"},{\"@type\":\"ListItem\",\"position\":2,\"name\":\"Il Soccorso alpino bellunese libera dalla neve il Palazzo Ducale di Urbino\"}]},{\"@type\":\"WebSite\",\"@id\":\"https:\\\/\\\/www.bellunopress.it\\\/#website\",\"url\":\"https:\\\/\\\/www.bellunopress.it\\\/\",\"name\":\"Bellunopress - Dolomiti\",\"description\":\"e-mail: redazione@bellunopress.it\",\"publisher\":{\"@id\":\"https:\\\/\\\/www.bellunopress.it\\\/#organization\"},\"potentialAction\":[{\"@type\":\"SearchAction\",\"target\":{\"@type\":\"EntryPoint\",\"urlTemplate\":\"https:\\\/\\\/www.bellunopress.it\\\/?s={search_term_string}\"},\"query-input\":{\"@type\":\"PropertyValueSpecification\",\"valueRequired\":true,\"valueName\":\"search_term_string\"}}],\"inLanguage\":\"fr-FR\"},{\"@type\":\"Organization\",\"@id\":\"https:\\\/\\\/www.bellunopress.it\\\/#organization\",\"name\":\"Bellunopress\",\"url\":\"https:\\\/\\\/www.bellunopress.it\\\/\",\"logo\":{\"@type\":\"ImageObject\",\"inLanguage\":\"fr-FR\",\"@id\":\"https:\\\/\\\/www.bellunopress.it\\\/#\\\/schema\\\/logo\\\/image\\\/\",\"url\":\"https:\\\/\\\/www.bellunopress.it\\\/wp-content\\\/uploads\\\/2011\\\/05\\\/cropped-logo-bellunopress-.jpg\",\"contentUrl\":\"https:\\\/\\\/www.bellunopress.it\\\/wp-content\\\/uploads\\\/2011\\\/05\\\/cropped-logo-bellunopress-.jpg\",\"width\":512,\"height\":512,\"caption\":\"Bellunopress\"},\"image\":{\"@id\":\"https:\\\/\\\/www.bellunopress.it\\\/#\\\/schema\\\/logo\\\/image\\\/\"},\"sameAs\":[\"https:\\\/\\\/www.facebook.com\\\/profile.php?id=100008943462799\",\"https:\\\/\\\/x.com\\\/bellunopress\",\"https:\\\/\\\/www.linkedin.com\\\/hp\\\/?dnr=JBzUWaJfMUw8vbXJJ2tVW5-I3jZKvC4wsoxE&amp;amp;amp;amp;amp;amp;trk=nav_responsive_tab_home\",\"https:\\\/\\\/www.youtube.com\\\/channel\\\/UCxL0wu1uN0_3_7hGG0306cw\"]},{\"@type\":\"Person\",\"@id\":\"https:\\\/\\\/www.bellunopress.it\\\/#\\\/schema\\\/person\\\/79bb06722b37ece1c03d3e94beb30d73\",\"name\":\"redazione\",\"image\":{\"@type\":\"ImageObject\",\"inLanguage\":\"fr-FR\",\"@id\":\"https:\\\/\\\/secure.gravatar.com\\\/avatar\\\/37d968a2e67a6fd04c169c4bdef102d0bc5d31b2546345219e348575eb80e9a0?s=96&d=mm&r=g\",\"url\":\"https:\\\/\\\/secure.gravatar.com\\\/avatar\\\/37d968a2e67a6fd04c169c4bdef102d0bc5d31b2546345219e348575eb80e9a0?s=96&d=mm&r=g\",\"contentUrl\":\"https:\\\/\\\/secure.gravatar.com\\\/avatar\\\/37d968a2e67a6fd04c169c4bdef102d0bc5d31b2546345219e348575eb80e9a0?s=96&d=mm&r=g\",\"caption\":\"redazione\"},\"sameAs\":[\"http:\\\/\\\/www.bellunopress.it\",\"https:\\\/\\\/x.com\\\/bellunopress\"],\"url\":\"https:\\\/\\\/www.bellunopress.it\\\/fr\\\/author\\\/redazione\\\/\"}]}<\/script>\n<!-- \/ Yoast SEO plugin. -->","yoast_head_json":{"title":"Il Soccorso alpino bellunese libera dalla neve il Palazzo Ducale di Urbino   - Bellunopress - Dolomiti","robots":{"index":"index","follow":"follow","max-snippet":"max-snippet:-1","max-image-preview":"max-image-preview:large","max-video-preview":"max-video-preview:-1"},"canonical":"https:\/\/www.bellunopress.it\/fr\/2012\/02\/13\/il-soccorso-alpino-bellunese-libera-dalla-neve-il-palazzo-ducale-di-urbino\/","og_locale":"fr_FR","og_type":"article","og_title":"Il Soccorso alpino bellunese libera dalla neve il Palazzo Ducale di Urbino   - Bellunopress - Dolomiti","og_description":"Belluno, 13-02-12\u00a0 Partiti questa mattina alle 7 da Belluno, i 27 uomini del Soccorso alpino Dolomiti Bellunesi hanno raggiunto la provincia di Pesaro-Urbino (e i 5 colleghi nelle Marche da gioved\u00ec scorso), dove, divisi a squadre, hanno ricevuto i comuni di destinazione in cui operare. In cinque hanno iniziato a rimuovere la neve dal tetto [&hellip;]","og_url":"https:\/\/www.bellunopress.it\/fr\/2012\/02\/13\/il-soccorso-alpino-bellunese-libera-dalla-neve-il-palazzo-ducale-di-urbino\/","og_site_name":"Bellunopress - Dolomiti","article_publisher":"https:\/\/www.facebook.com\/profile.php?id=100008943462799","article_published_time":"2012-02-13T21:52:14+00:00","og_image":[{"url":"http:\/\/www.bellunopress.it\/wp-content\/uploads\/2012\/02\/soccorso-alpino-neve-urbino.jpg","type":"","width":"","height":""}],"author":"redazione","twitter_card":"summary_large_image","twitter_creator":"@bellunopress","twitter_site":"@bellunopress","twitter_misc":{"\u00c9crit par":"redazione","Dur\u00e9e de lecture estim\u00e9e":"1 minute"},"schema":{"@context":"https:\/\/schema.org","@graph":[{"@type":"Article","@id":"https:\/\/www.bellunopress.it\/2012\/02\/13\/il-soccorso-alpino-bellunese-libera-dalla-neve-il-palazzo-ducale-di-urbino\/#article","isPartOf":{"@id":"https:\/\/www.bellunopress.it\/2012\/02\/13\/il-soccorso-alpino-bellunese-libera-dalla-neve-il-palazzo-ducale-di-urbino\/"},"author":{"name":"redazione","@id":"https:\/\/www.bellunopress.it\/#\/schema\/person\/79bb06722b37ece1c03d3e94beb30d73"},"headline":"Il Soccorso alpino bellunese libera dalla neve il Palazzo Ducale di Urbino","datePublished":"2012-02-13T21:52:14+00:00","mainEntityOfPage":{"@id":"https:\/\/www.bellunopress.it\/2012\/02\/13\/il-soccorso-alpino-bellunese-libera-dalla-neve-il-palazzo-ducale-di-urbino\/"},"wordCount":256,"publisher":{"@id":"https:\/\/www.bellunopress.it\/#organization"},"image":{"@id":"https:\/\/www.bellunopress.it\/2012\/02\/13\/il-soccorso-alpino-bellunese-libera-dalla-neve-il-palazzo-ducale-di-urbino\/#primaryimage"},"thumbnailUrl":"http:\/\/www.bellunopress.it\/wp-content\/uploads\/2012\/02\/soccorso-alpino-neve-urbino.jpg","articleSection":["Cronaca\/Politica","Prima Pagina"],"inLanguage":"fr-FR"},{"@type":"WebPage","@id":"https:\/\/www.bellunopress.it\/2012\/02\/13\/il-soccorso-alpino-bellunese-libera-dalla-neve-il-palazzo-ducale-di-urbino\/","url":"https:\/\/www.bellunopress.it\/2012\/02\/13\/il-soccorso-alpino-bellunese-libera-dalla-neve-il-palazzo-ducale-di-urbino\/","name":"Il Soccorso alpino bellunese libera dalla neve il Palazzo Ducale di Urbino - Bellunopress - Dolomiti","isPartOf":{"@id":"https:\/\/www.bellunopress.it\/#website"},"primaryImageOfPage":{"@id":"https:\/\/www.bellunopress.it\/2012\/02\/13\/il-soccorso-alpino-bellunese-libera-dalla-neve-il-palazzo-ducale-di-urbino\/#primaryimage"},"image":{"@id":"https:\/\/www.bellunopress.it\/2012\/02\/13\/il-soccorso-alpino-bellunese-libera-dalla-neve-il-palazzo-ducale-di-urbino\/#primaryimage"},"thumbnailUrl":"http:\/\/www.bellunopress.it\/wp-content\/uploads\/2012\/02\/soccorso-alpino-neve-urbino.jpg","datePublished":"2012-02-13T21:52:14+00:00","breadcrumb":{"@id":"https:\/\/www.bellunopress.it\/2012\/02\/13\/il-soccorso-alpino-bellunese-libera-dalla-neve-il-palazzo-ducale-di-urbino\/#breadcrumb"},"inLanguage":"fr-FR","potentialAction":[{"@type":"ReadAction","target":["https:\/\/www.bellunopress.it\/2012\/02\/13\/il-soccorso-alpino-bellunese-libera-dalla-neve-il-palazzo-ducale-di-urbino\/"]}]},{"@type":"ImageObject","inLanguage":"fr-FR","@id":"https:\/\/www.bellunopress.it\/2012\/02\/13\/il-soccorso-alpino-bellunese-libera-dalla-neve-il-palazzo-ducale-di-urbino\/#primaryimage","url":"http:\/\/www.bellunopress.it\/wp-content\/uploads\/2012\/02\/soccorso-alpino-neve-urbino.jpg","contentUrl":"http:\/\/www.bellunopress.it\/wp-content\/uploads\/2012\/02\/soccorso-alpino-neve-urbino.jpg"},{"@type":"BreadcrumbList","@id":"https:\/\/www.bellunopress.it\/2012\/02\/13\/il-soccorso-alpino-bellunese-libera-dalla-neve-il-palazzo-ducale-di-urbino\/#breadcrumb","itemListElement":[{"@type":"ListItem","position":1,"name":"Home","item":"https:\/\/www.bellunopress.it\/"},{"@type":"ListItem","position":2,"name":"Il Soccorso alpino bellunese libera dalla neve il Palazzo Ducale di Urbino"}]},{"@type":"WebSite","@id":"https:\/\/www.bellunopress.it\/#website","url":"https:\/\/www.bellunopress.it\/","name":"Bellunopress - Dolomiti","description":"e-mail: redazione@bellunopress.it","publisher":{"@id":"https:\/\/www.bellunopress.it\/#organization"},"potentialAction":[{"@type":"SearchAction","target":{"@type":"EntryPoint","urlTemplate":"https:\/\/www.bellunopress.it\/?s={search_term_string}"},"query-input":{"@type":"PropertyValueSpecification","valueRequired":true,"valueName":"search_term_string"}}],"inLanguage":"fr-FR"},{"@type":"Organization","@id":"https:\/\/www.bellunopress.it\/#organization","name":"Bellunopress","url":"https:\/\/www.bellunopress.it\/","logo":{"@type":"ImageObject","inLanguage":"fr-FR","@id":"https:\/\/www.bellunopress.it\/#\/schema\/logo\/image\/","url":"https:\/\/www.bellunopress.it\/wp-content\/uploads\/2011\/05\/cropped-logo-bellunopress-.jpg","contentUrl":"https:\/\/www.bellunopress.it\/wp-content\/uploads\/2011\/05\/cropped-logo-bellunopress-.jpg","width":512,"height":512,"caption":"Bellunopress"},"image":{"@id":"https:\/\/www.bellunopress.it\/#\/schema\/logo\/image\/"},"sameAs":["https:\/\/www.facebook.com\/profile.php?id=100008943462799","https:\/\/x.com\/bellunopress","https:\/\/www.linkedin.com\/hp\/?dnr=JBzUWaJfMUw8vbXJJ2tVW5-I3jZKvC4wsoxE&amp;amp;amp;amp;amp;amp;trk=nav_responsive_tab_home","https:\/\/www.youtube.com\/channel\/UCxL0wu1uN0_3_7hGG0306cw"]},{"@type":"Person","@id":"https:\/\/www.bellunopress.it\/#\/schema\/person\/79bb06722b37ece1c03d3e94beb30d73","name":"r\u00e9daction","image":{"@type":"ImageObject","inLanguage":"fr-FR","@id":"https:\/\/secure.gravatar.com\/avatar\/37d968a2e67a6fd04c169c4bdef102d0bc5d31b2546345219e348575eb80e9a0?s=96&d=mm&r=g","url":"https:\/\/secure.gravatar.com\/avatar\/37d968a2e67a6fd04c169c4bdef102d0bc5d31b2546345219e348575eb80e9a0?s=96&d=mm&r=g","contentUrl":"https:\/\/secure.gravatar.com\/avatar\/37d968a2e67a6fd04c169c4bdef102d0bc5d31b2546345219e348575eb80e9a0?s=96&d=mm&r=g","caption":"redazione"},"sameAs":["http:\/\/www.bellunopress.it","https:\/\/x.com\/bellunopress"],"url":"https:\/\/www.bellunopress.it\/fr\/author\/redazione\/"}]}},"_links":{"self":[{"href":"https:\/\/www.bellunopress.it\/fr\/wp-json\/wp\/v2\/posts\/35077","targetHints":{"allow":["GET"]}}],"collection":[{"href":"https:\/\/www.bellunopress.it\/fr\/wp-json\/wp\/v2\/posts"}],"about":[{"href":"https:\/\/www.bellunopress.it\/fr\/wp-json\/wp\/v2\/types\/post"}],"author":[{"embeddable":true,"href":"https:\/\/www.bellunopress.it\/fr\/wp-json\/wp\/v2\/users\/2"}],"replies":[{"embeddable":true,"href":"https:\/\/www.bellunopress.it\/fr\/wp-json\/wp\/v2\/comments?post=35077"}],"version-history":[{"count":1,"href":"https:\/\/www.bellunopress.it\/fr\/wp-json\/wp\/v2\/posts\/35077\/revisions"}],"predecessor-version":[{"id":35079,"href":"https:\/\/www.bellunopress.it\/fr\/wp-json\/wp\/v2\/posts\/35077\/revisions\/35079"}],"wp:attachment":[{"href":"https:\/\/www.bellunopress.it\/fr\/wp-json\/wp\/v2\/media?parent=35077"}],"wp:term":[{"taxonomy":"category","embeddable":true,"href":"https:\/\/www.bellunopress.it\/fr\/wp-json\/wp\/v2\/categories?post=35077"},{"taxonomy":"post_tag","embeddable":true,"href":"https:\/\/www.bellunopress.it\/fr\/wp-json\/wp\/v2\/tags?post=35077"}],"curies":[{"name":"wp","href":"https:\/\/api.w.org\/{rel}","templated":true}]}}