{"id":35048,"date":"2012-02-13T08:40:50","date_gmt":"2012-02-13T07:40:50","guid":{"rendered":"http:\/\/www.bellunopress.it\/?p=35048"},"modified":"2012-02-13T08:41:57","modified_gmt":"2012-02-13T07:41:57","slug":"sciare-sicuri-martedi-a-cortina-il-primo-appuntamento-e-mercoledi-ad-alleghe-lunedi-20-a-sappada-e-mercoledi-22-in-nevegal","status":"publish","type":"post","link":"https:\/\/www.bellunopress.it\/fr\/2012\/02\/13\/sciare-sicuri-martedi-a-cortina-il-primo-appuntamento-e-mercoledi-ad-alleghe-lunedi-20-a-sappada-e-mercoledi-22-in-nevegal\/","title":{"rendered":"Sciare sicuri: marted\u00ec a Cortina il primo appuntamento e mercoled\u00ec ad Alleghe. Luned\u00ec 20 a Sappada e mercoled\u00ec 22 in Nevegal"},"content":{"rendered":"<p><a href=\"http:\/\/www.bellunopress.it\/wp-content\/uploads\/2011\/11\/sci-alpinismo-marmolada.jpg\"><img loading=\"lazy\" decoding=\"async\" class=\"alignleft size-full wp-image-32396\" title=\"sci alpinismo marmolada\" src=\"http:\/\/www.bellunopress.it\/wp-content\/uploads\/2011\/11\/sci-alpinismo-marmolada.jpg\" alt=\"\" width=\"290\" height=\"218\" \/><\/a>Dopo la presentazione di dicembre, il progetto \u201cSciare sicuri: un divertimento in piena regola!\u201d, promosso dalla Prefettura di Belluno e da ANEF Veneto l\u2019associazione che riunisce gli esercenti funiviari iscritti a Confindustria Belluno Dolomiti, in collaborazione con gli organi di polizia (Carabinieri, Polizia di Stato, Guardia di Finanza, Corpo Forestale dello Stato), l\u2019Esercito, la Fisi, l\u2019Associazione dei maestri di sci, le Organizzazioni di soccorso sulle piste e Confindustria Belluno Dolomiti, prender\u00e0 il via con una serie di incontri informativi nelle localit\u00e0 montane della provincia.<\/p>\n<p>Il primo appuntamento in programma per Marted\u00ec 14 febbraio, alle ore 17, a Cortina d\u2019Ampezzo Sala \u201cCultura\u201d del \u201cPalazzo delle Poste\u201d,\u00a0 sar\u00e0 l\u2019occasione per presentare ai turisti, residenti e agli utenti\u00a0\u00a0 le regole di comportamento da tenere sugli sci e le norme di sicurezza da osservare sulle piste.<br \/>\nNegli incontri si alterneranno esponenti dei Corpi di polizia, accanto ai rappresentanti delle imprese funiviarie e delle istituzioni locali, nonch\u00e9 delle Organizzazioni che svolgono il soccorso sulle piste.<br \/>\nI temi che saranno affrontati\u00a0 riguardano le\u00a0 norme di comportamento sulle piste, ma anche le condotte sanzionabili, le modalit\u00e0 e il sistema di soccorso. Sar\u00e0 cura degli alpini, invece, presentare\u00a0 l\u2019attivit\u00e0 del Servizio Meteomont in relazione alla frequentazione delle piste da sci.<br \/>\nInoltre, i Corpi di polizia porteranno, come \u201ctestimonial\u201d alle varie serate, campioni degli sport invernali italiani. A Cortina si inizier\u00e0 con la presenza di Wendy Siorpaes (Polizia) e di Christian Zorzi (Finanza).<br \/>\nMercoled\u00ec 15 febbraio, sempre alle 17, l\u2019appuntamento sar\u00e0 ad Alleghe (Sala \u201cStoppani\u201d, delle scuole elementari).<br \/>\nL\u2019iniziativa proseguir\u00e0 luned\u00ec 20 febbraio a Sappada e mercoled\u00ec 22 febbraio si concluder\u00e0 in Nevegal.<\/p>\n<p>&nbsp;<\/p>","protected":false},"excerpt":{"rendered":"<p>Dopo la presentazione di dicembre, il progetto \u201cSciare sicuri: un divertimento in piena regola!\u201d, promosso dalla Prefettura di Belluno e da ANEF Veneto l\u2019associazione che riunisce gli esercenti funiviari iscritti a Confindustria Belluno Dolomiti, in collaborazione con gli organi di polizia (Carabinieri, Polizia di Stato, Guardia di Finanza, Corpo Forestale dello Stato), l\u2019Esercito, la Fisi, [&hellip;]<\/p>\n","protected":false},"author":2,"featured_media":0,"comment_status":"closed","ping_status":"open","sticky":false,"template":"","format":"standard","meta":{"footnotes":""},"categories":[26,8],"tags":[],"class_list":["post-35048","post","type-post","status-publish","format-standard","category-prima-pagina","category-societa-istituzioni"],"yoast_head":"<!-- This site is optimized with the Yoast SEO plugin v28.4 - https:\/\/yoast.com\/product\/yoast-seo-wordpress\/ -->\n<title>Sciare sicuri: marted\u00ec a Cortina il primo appuntamento e mercoled\u00ec ad Alleghe. Luned\u00ec 20 a Sappada e mercoled\u00ec 22 in Nevegal - Bellunopress - Dolomiti<\/title>\n<meta name=\"robots\" content=\"index, follow, max-snippet:-1, max-image-preview:large, max-video-preview:-1\" \/>\n<link rel=\"canonical\" href=\"https:\/\/www.bellunopress.it\/fr\/2012\/02\/13\/sciare-sicuri-martedi-a-cortina-il-primo-appuntamento-e-mercoledi-ad-alleghe-lunedi-20-a-sappada-e-mercoledi-22-in-nevegal\/\" \/>\n<meta property=\"og:locale\" content=\"fr_FR\" \/>\n<meta property=\"og:type\" content=\"article\" \/>\n<meta property=\"og:title\" content=\"Sciare sicuri: marted\u00ec a Cortina il primo appuntamento e mercoled\u00ec ad Alleghe. Luned\u00ec 20 a Sappada e mercoled\u00ec 22 in Nevegal - Bellunopress - Dolomiti\" \/>\n<meta property=\"og:description\" content=\"Dopo la presentazione di dicembre, il progetto \u201cSciare sicuri: un divertimento in piena regola!\u201d, promosso dalla Prefettura di Belluno e da ANEF Veneto l\u2019associazione che riunisce gli esercenti funiviari iscritti a Confindustria Belluno Dolomiti, in collaborazione con gli organi di polizia (Carabinieri, Polizia di Stato, Guardia di Finanza, Corpo Forestale dello Stato), l\u2019Esercito, la Fisi, [&hellip;]\" \/>\n<meta property=\"og:url\" content=\"https:\/\/www.bellunopress.it\/fr\/2012\/02\/13\/sciare-sicuri-martedi-a-cortina-il-primo-appuntamento-e-mercoledi-ad-alleghe-lunedi-20-a-sappada-e-mercoledi-22-in-nevegal\/\" \/>\n<meta property=\"og:site_name\" content=\"Bellunopress - Dolomiti\" \/>\n<meta property=\"article:publisher\" content=\"https:\/\/www.facebook.com\/profile.php?id=100008943462799\" \/>\n<meta property=\"article:published_time\" content=\"2012-02-13T07:40:50+00:00\" \/>\n<meta property=\"article:modified_time\" content=\"2012-02-13T07:41:57+00:00\" \/>\n<meta property=\"og:image\" content=\"http:\/\/www.bellunopress.it\/wp-content\/uploads\/2011\/11\/sci-alpinismo-marmolada.jpg\" \/>\n<meta name=\"author\" content=\"redazione\" \/>\n<meta name=\"twitter:card\" content=\"summary_large_image\" \/>\n<meta name=\"twitter:creator\" content=\"@bellunopress\" \/>\n<meta name=\"twitter:site\" content=\"@bellunopress\" \/>\n<meta name=\"twitter:label1\" content=\"\u00c9crit par\" \/>\n\t<meta name=\"twitter:data1\" content=\"redazione\" \/>\n\t<meta name=\"twitter:label2\" content=\"Dur\u00e9e de lecture estim\u00e9e\" \/>\n\t<meta name=\"twitter:data2\" content=\"1 minute\" \/>\n<script type=\"application\/ld+json\" class=\"yoast-schema-graph\">{\"@context\":\"https:\\\/\\\/schema.org\",\"@graph\":[{\"@type\":\"Article\",\"@id\":\"https:\\\/\\\/www.bellunopress.it\\\/2012\\\/02\\\/13\\\/sciare-sicuri-martedi-a-cortina-il-primo-appuntamento-e-mercoledi-ad-alleghe-lunedi-20-a-sappada-e-mercoledi-22-in-nevegal\\\/#article\",\"isPartOf\":{\"@id\":\"https:\\\/\\\/www.bellunopress.it\\\/2012\\\/02\\\/13\\\/sciare-sicuri-martedi-a-cortina-il-primo-appuntamento-e-mercoledi-ad-alleghe-lunedi-20-a-sappada-e-mercoledi-22-in-nevegal\\\/\"},\"author\":{\"name\":\"redazione\",\"@id\":\"https:\\\/\\\/www.bellunopress.it\\\/#\\\/schema\\\/person\\\/79bb06722b37ece1c03d3e94beb30d73\"},\"headline\":\"Sciare sicuri: marted\u00ec a Cortina il primo appuntamento e mercoled\u00ec ad Alleghe. Luned\u00ec 20 a Sappada e mercoled\u00ec 22 in Nevegal\",\"datePublished\":\"2012-02-13T07:40:50+00:00\",\"dateModified\":\"2012-02-13T07:41:57+00:00\",\"mainEntityOfPage\":{\"@id\":\"https:\\\/\\\/www.bellunopress.it\\\/2012\\\/02\\\/13\\\/sciare-sicuri-martedi-a-cortina-il-primo-appuntamento-e-mercoledi-ad-alleghe-lunedi-20-a-sappada-e-mercoledi-22-in-nevegal\\\/\"},\"wordCount\":286,\"publisher\":{\"@id\":\"https:\\\/\\\/www.bellunopress.it\\\/#organization\"},\"image\":{\"@id\":\"https:\\\/\\\/www.bellunopress.it\\\/2012\\\/02\\\/13\\\/sciare-sicuri-martedi-a-cortina-il-primo-appuntamento-e-mercoledi-ad-alleghe-lunedi-20-a-sappada-e-mercoledi-22-in-nevegal\\\/#primaryimage\"},\"thumbnailUrl\":\"http:\\\/\\\/www.bellunopress.it\\\/wp-content\\\/uploads\\\/2011\\\/11\\\/sci-alpinismo-marmolada.jpg\",\"articleSection\":[\"Prima Pagina\",\"Societ\u00e0, Associazioni, Istituzioni\"],\"inLanguage\":\"fr-FR\"},{\"@type\":\"WebPage\",\"@id\":\"https:\\\/\\\/www.bellunopress.it\\\/2012\\\/02\\\/13\\\/sciare-sicuri-martedi-a-cortina-il-primo-appuntamento-e-mercoledi-ad-alleghe-lunedi-20-a-sappada-e-mercoledi-22-in-nevegal\\\/\",\"url\":\"https:\\\/\\\/www.bellunopress.it\\\/2012\\\/02\\\/13\\\/sciare-sicuri-martedi-a-cortina-il-primo-appuntamento-e-mercoledi-ad-alleghe-lunedi-20-a-sappada-e-mercoledi-22-in-nevegal\\\/\",\"name\":\"Sciare sicuri: marted\u00ec a Cortina il primo appuntamento e mercoled\u00ec ad Alleghe. Luned\u00ec 20 a Sappada e mercoled\u00ec 22 in Nevegal - Bellunopress - Dolomiti\",\"isPartOf\":{\"@id\":\"https:\\\/\\\/www.bellunopress.it\\\/#website\"},\"primaryImageOfPage\":{\"@id\":\"https:\\\/\\\/www.bellunopress.it\\\/2012\\\/02\\\/13\\\/sciare-sicuri-martedi-a-cortina-il-primo-appuntamento-e-mercoledi-ad-alleghe-lunedi-20-a-sappada-e-mercoledi-22-in-nevegal\\\/#primaryimage\"},\"image\":{\"@id\":\"https:\\\/\\\/www.bellunopress.it\\\/2012\\\/02\\\/13\\\/sciare-sicuri-martedi-a-cortina-il-primo-appuntamento-e-mercoledi-ad-alleghe-lunedi-20-a-sappada-e-mercoledi-22-in-nevegal\\\/#primaryimage\"},\"thumbnailUrl\":\"http:\\\/\\\/www.bellunopress.it\\\/wp-content\\\/uploads\\\/2011\\\/11\\\/sci-alpinismo-marmolada.jpg\",\"datePublished\":\"2012-02-13T07:40:50+00:00\",\"dateModified\":\"2012-02-13T07:41:57+00:00\",\"breadcrumb\":{\"@id\":\"https:\\\/\\\/www.bellunopress.it\\\/2012\\\/02\\\/13\\\/sciare-sicuri-martedi-a-cortina-il-primo-appuntamento-e-mercoledi-ad-alleghe-lunedi-20-a-sappada-e-mercoledi-22-in-nevegal\\\/#breadcrumb\"},\"inLanguage\":\"fr-FR\",\"potentialAction\":[{\"@type\":\"ReadAction\",\"target\":[\"https:\\\/\\\/www.bellunopress.it\\\/2012\\\/02\\\/13\\\/sciare-sicuri-martedi-a-cortina-il-primo-appuntamento-e-mercoledi-ad-alleghe-lunedi-20-a-sappada-e-mercoledi-22-in-nevegal\\\/\"]}]},{\"@type\":\"ImageObject\",\"inLanguage\":\"fr-FR\",\"@id\":\"https:\\\/\\\/www.bellunopress.it\\\/2012\\\/02\\\/13\\\/sciare-sicuri-martedi-a-cortina-il-primo-appuntamento-e-mercoledi-ad-alleghe-lunedi-20-a-sappada-e-mercoledi-22-in-nevegal\\\/#primaryimage\",\"url\":\"http:\\\/\\\/www.bellunopress.it\\\/wp-content\\\/uploads\\\/2011\\\/11\\\/sci-alpinismo-marmolada.jpg\",\"contentUrl\":\"http:\\\/\\\/www.bellunopress.it\\\/wp-content\\\/uploads\\\/2011\\\/11\\\/sci-alpinismo-marmolada.jpg\"},{\"@type\":\"BreadcrumbList\",\"@id\":\"https:\\\/\\\/www.bellunopress.it\\\/2012\\\/02\\\/13\\\/sciare-sicuri-martedi-a-cortina-il-primo-appuntamento-e-mercoledi-ad-alleghe-lunedi-20-a-sappada-e-mercoledi-22-in-nevegal\\\/#breadcrumb\",\"itemListElement\":[{\"@type\":\"ListItem\",\"position\":1,\"name\":\"Home\",\"item\":\"https:\\\/\\\/www.bellunopress.it\\\/\"},{\"@type\":\"ListItem\",\"position\":2,\"name\":\"Sciare sicuri: marted\u00ec a Cortina il primo appuntamento e mercoled\u00ec ad Alleghe. Luned\u00ec 20 a Sappada e mercoled\u00ec 22 in Nevegal\"}]},{\"@type\":\"WebSite\",\"@id\":\"https:\\\/\\\/www.bellunopress.it\\\/#website\",\"url\":\"https:\\\/\\\/www.bellunopress.it\\\/\",\"name\":\"Bellunopress - Dolomiti\",\"description\":\"e-mail: redazione@bellunopress.it\",\"publisher\":{\"@id\":\"https:\\\/\\\/www.bellunopress.it\\\/#organization\"},\"potentialAction\":[{\"@type\":\"SearchAction\",\"target\":{\"@type\":\"EntryPoint\",\"urlTemplate\":\"https:\\\/\\\/www.bellunopress.it\\\/?s={search_term_string}\"},\"query-input\":{\"@type\":\"PropertyValueSpecification\",\"valueRequired\":true,\"valueName\":\"search_term_string\"}}],\"inLanguage\":\"fr-FR\"},{\"@type\":\"Organization\",\"@id\":\"https:\\\/\\\/www.bellunopress.it\\\/#organization\",\"name\":\"Bellunopress\",\"url\":\"https:\\\/\\\/www.bellunopress.it\\\/\",\"logo\":{\"@type\":\"ImageObject\",\"inLanguage\":\"fr-FR\",\"@id\":\"https:\\\/\\\/www.bellunopress.it\\\/#\\\/schema\\\/logo\\\/image\\\/\",\"url\":\"https:\\\/\\\/www.bellunopress.it\\\/wp-content\\\/uploads\\\/2011\\\/05\\\/cropped-logo-bellunopress-.jpg\",\"contentUrl\":\"https:\\\/\\\/www.bellunopress.it\\\/wp-content\\\/uploads\\\/2011\\\/05\\\/cropped-logo-bellunopress-.jpg\",\"width\":512,\"height\":512,\"caption\":\"Bellunopress\"},\"image\":{\"@id\":\"https:\\\/\\\/www.bellunopress.it\\\/#\\\/schema\\\/logo\\\/image\\\/\"},\"sameAs\":[\"https:\\\/\\\/www.facebook.com\\\/profile.php?id=100008943462799\",\"https:\\\/\\\/x.com\\\/bellunopress\",\"https:\\\/\\\/www.linkedin.com\\\/hp\\\/?dnr=JBzUWaJfMUw8vbXJJ2tVW5-I3jZKvC4wsoxE&amp;amp;amp;amp;amp;amp;trk=nav_responsive_tab_home\",\"https:\\\/\\\/www.youtube.com\\\/channel\\\/UCxL0wu1uN0_3_7hGG0306cw\"]},{\"@type\":\"Person\",\"@id\":\"https:\\\/\\\/www.bellunopress.it\\\/#\\\/schema\\\/person\\\/79bb06722b37ece1c03d3e94beb30d73\",\"name\":\"redazione\",\"image\":{\"@type\":\"ImageObject\",\"inLanguage\":\"fr-FR\",\"@id\":\"https:\\\/\\\/secure.gravatar.com\\\/avatar\\\/37d968a2e67a6fd04c169c4bdef102d0bc5d31b2546345219e348575eb80e9a0?s=96&d=mm&r=g\",\"url\":\"https:\\\/\\\/secure.gravatar.com\\\/avatar\\\/37d968a2e67a6fd04c169c4bdef102d0bc5d31b2546345219e348575eb80e9a0?s=96&d=mm&r=g\",\"contentUrl\":\"https:\\\/\\\/secure.gravatar.com\\\/avatar\\\/37d968a2e67a6fd04c169c4bdef102d0bc5d31b2546345219e348575eb80e9a0?s=96&d=mm&r=g\",\"caption\":\"redazione\"},\"sameAs\":[\"http:\\\/\\\/www.bellunopress.it\",\"https:\\\/\\\/x.com\\\/bellunopress\"],\"url\":\"https:\\\/\\\/www.bellunopress.it\\\/fr\\\/author\\\/redazione\\\/\"}]}<\/script>\n<!-- \/ Yoast SEO plugin. -->","yoast_head_json":{"title":"Sciare sicuri: marted\u00ec a Cortina il primo appuntamento e mercoled\u00ec ad Alleghe. Luned\u00ec 20 a Sappada e mercoled\u00ec 22 in Nevegal - Bellunopress - Dolomiti","robots":{"index":"index","follow":"follow","max-snippet":"max-snippet:-1","max-image-preview":"max-image-preview:large","max-video-preview":"max-video-preview:-1"},"canonical":"https:\/\/www.bellunopress.it\/fr\/2012\/02\/13\/sciare-sicuri-martedi-a-cortina-il-primo-appuntamento-e-mercoledi-ad-alleghe-lunedi-20-a-sappada-e-mercoledi-22-in-nevegal\/","og_locale":"fr_FR","og_type":"article","og_title":"Sciare sicuri: marted\u00ec a Cortina il primo appuntamento e mercoled\u00ec ad Alleghe. Luned\u00ec 20 a Sappada e mercoled\u00ec 22 in Nevegal - Bellunopress - Dolomiti","og_description":"Dopo la presentazione di dicembre, il progetto \u201cSciare sicuri: un divertimento in piena regola!\u201d, promosso dalla Prefettura di Belluno e da ANEF Veneto l\u2019associazione che riunisce gli esercenti funiviari iscritti a Confindustria Belluno Dolomiti, in collaborazione con gli organi di polizia (Carabinieri, Polizia di Stato, Guardia di Finanza, Corpo Forestale dello Stato), l\u2019Esercito, la Fisi, [&hellip;]","og_url":"https:\/\/www.bellunopress.it\/fr\/2012\/02\/13\/sciare-sicuri-martedi-a-cortina-il-primo-appuntamento-e-mercoledi-ad-alleghe-lunedi-20-a-sappada-e-mercoledi-22-in-nevegal\/","og_site_name":"Bellunopress - Dolomiti","article_publisher":"https:\/\/www.facebook.com\/profile.php?id=100008943462799","article_published_time":"2012-02-13T07:40:50+00:00","article_modified_time":"2012-02-13T07:41:57+00:00","og_image":[{"url":"http:\/\/www.bellunopress.it\/wp-content\/uploads\/2011\/11\/sci-alpinismo-marmolada.jpg","type":"","width":"","height":""}],"author":"redazione","twitter_card":"summary_large_image","twitter_creator":"@bellunopress","twitter_site":"@bellunopress","twitter_misc":{"\u00c9crit par":"redazione","Dur\u00e9e de lecture estim\u00e9e":"1 minute"},"schema":{"@context":"https:\/\/schema.org","@graph":[{"@type":"Article","@id":"https:\/\/www.bellunopress.it\/2012\/02\/13\/sciare-sicuri-martedi-a-cortina-il-primo-appuntamento-e-mercoledi-ad-alleghe-lunedi-20-a-sappada-e-mercoledi-22-in-nevegal\/#article","isPartOf":{"@id":"https:\/\/www.bellunopress.it\/2012\/02\/13\/sciare-sicuri-martedi-a-cortina-il-primo-appuntamento-e-mercoledi-ad-alleghe-lunedi-20-a-sappada-e-mercoledi-22-in-nevegal\/"},"author":{"name":"redazione","@id":"https:\/\/www.bellunopress.it\/#\/schema\/person\/79bb06722b37ece1c03d3e94beb30d73"},"headline":"Sciare sicuri: marted\u00ec a Cortina il primo appuntamento e mercoled\u00ec ad Alleghe. Luned\u00ec 20 a Sappada e mercoled\u00ec 22 in Nevegal","datePublished":"2012-02-13T07:40:50+00:00","dateModified":"2012-02-13T07:41:57+00:00","mainEntityOfPage":{"@id":"https:\/\/www.bellunopress.it\/2012\/02\/13\/sciare-sicuri-martedi-a-cortina-il-primo-appuntamento-e-mercoledi-ad-alleghe-lunedi-20-a-sappada-e-mercoledi-22-in-nevegal\/"},"wordCount":286,"publisher":{"@id":"https:\/\/www.bellunopress.it\/#organization"},"image":{"@id":"https:\/\/www.bellunopress.it\/2012\/02\/13\/sciare-sicuri-martedi-a-cortina-il-primo-appuntamento-e-mercoledi-ad-alleghe-lunedi-20-a-sappada-e-mercoledi-22-in-nevegal\/#primaryimage"},"thumbnailUrl":"http:\/\/www.bellunopress.it\/wp-content\/uploads\/2011\/11\/sci-alpinismo-marmolada.jpg","articleSection":["Prima Pagina","Societ\u00e0, Associazioni, Istituzioni"],"inLanguage":"fr-FR"},{"@type":"WebPage","@id":"https:\/\/www.bellunopress.it\/2012\/02\/13\/sciare-sicuri-martedi-a-cortina-il-primo-appuntamento-e-mercoledi-ad-alleghe-lunedi-20-a-sappada-e-mercoledi-22-in-nevegal\/","url":"https:\/\/www.bellunopress.it\/2012\/02\/13\/sciare-sicuri-martedi-a-cortina-il-primo-appuntamento-e-mercoledi-ad-alleghe-lunedi-20-a-sappada-e-mercoledi-22-in-nevegal\/","name":"Sciare sicuri: marted\u00ec a Cortina il primo appuntamento e mercoled\u00ec ad Alleghe. Luned\u00ec 20 a Sappada e mercoled\u00ec 22 in Nevegal - Bellunopress - Dolomiti","isPartOf":{"@id":"https:\/\/www.bellunopress.it\/#website"},"primaryImageOfPage":{"@id":"https:\/\/www.bellunopress.it\/2012\/02\/13\/sciare-sicuri-martedi-a-cortina-il-primo-appuntamento-e-mercoledi-ad-alleghe-lunedi-20-a-sappada-e-mercoledi-22-in-nevegal\/#primaryimage"},"image":{"@id":"https:\/\/www.bellunopress.it\/2012\/02\/13\/sciare-sicuri-martedi-a-cortina-il-primo-appuntamento-e-mercoledi-ad-alleghe-lunedi-20-a-sappada-e-mercoledi-22-in-nevegal\/#primaryimage"},"thumbnailUrl":"http:\/\/www.bellunopress.it\/wp-content\/uploads\/2011\/11\/sci-alpinismo-marmolada.jpg","datePublished":"2012-02-13T07:40:50+00:00","dateModified":"2012-02-13T07:41:57+00:00","breadcrumb":{"@id":"https:\/\/www.bellunopress.it\/2012\/02\/13\/sciare-sicuri-martedi-a-cortina-il-primo-appuntamento-e-mercoledi-ad-alleghe-lunedi-20-a-sappada-e-mercoledi-22-in-nevegal\/#breadcrumb"},"inLanguage":"fr-FR","potentialAction":[{"@type":"ReadAction","target":["https:\/\/www.bellunopress.it\/2012\/02\/13\/sciare-sicuri-martedi-a-cortina-il-primo-appuntamento-e-mercoledi-ad-alleghe-lunedi-20-a-sappada-e-mercoledi-22-in-nevegal\/"]}]},{"@type":"ImageObject","inLanguage":"fr-FR","@id":"https:\/\/www.bellunopress.it\/2012\/02\/13\/sciare-sicuri-martedi-a-cortina-il-primo-appuntamento-e-mercoledi-ad-alleghe-lunedi-20-a-sappada-e-mercoledi-22-in-nevegal\/#primaryimage","url":"http:\/\/www.bellunopress.it\/wp-content\/uploads\/2011\/11\/sci-alpinismo-marmolada.jpg","contentUrl":"http:\/\/www.bellunopress.it\/wp-content\/uploads\/2011\/11\/sci-alpinismo-marmolada.jpg"},{"@type":"BreadcrumbList","@id":"https:\/\/www.bellunopress.it\/2012\/02\/13\/sciare-sicuri-martedi-a-cortina-il-primo-appuntamento-e-mercoledi-ad-alleghe-lunedi-20-a-sappada-e-mercoledi-22-in-nevegal\/#breadcrumb","itemListElement":[{"@type":"ListItem","position":1,"name":"Home","item":"https:\/\/www.bellunopress.it\/"},{"@type":"ListItem","position":2,"name":"Sciare sicuri: marted\u00ec a Cortina il primo appuntamento e mercoled\u00ec ad Alleghe. Luned\u00ec 20 a Sappada e mercoled\u00ec 22 in Nevegal"}]},{"@type":"WebSite","@id":"https:\/\/www.bellunopress.it\/#website","url":"https:\/\/www.bellunopress.it\/","name":"Bellunopress - Dolomiti","description":"e-mail: redazione@bellunopress.it","publisher":{"@id":"https:\/\/www.bellunopress.it\/#organization"},"potentialAction":[{"@type":"SearchAction","target":{"@type":"EntryPoint","urlTemplate":"https:\/\/www.bellunopress.it\/?s={search_term_string}"},"query-input":{"@type":"PropertyValueSpecification","valueRequired":true,"valueName":"search_term_string"}}],"inLanguage":"fr-FR"},{"@type":"Organization","@id":"https:\/\/www.bellunopress.it\/#organization","name":"Bellunopress","url":"https:\/\/www.bellunopress.it\/","logo":{"@type":"ImageObject","inLanguage":"fr-FR","@id":"https:\/\/www.bellunopress.it\/#\/schema\/logo\/image\/","url":"https:\/\/www.bellunopress.it\/wp-content\/uploads\/2011\/05\/cropped-logo-bellunopress-.jpg","contentUrl":"https:\/\/www.bellunopress.it\/wp-content\/uploads\/2011\/05\/cropped-logo-bellunopress-.jpg","width":512,"height":512,"caption":"Bellunopress"},"image":{"@id":"https:\/\/www.bellunopress.it\/#\/schema\/logo\/image\/"},"sameAs":["https:\/\/www.facebook.com\/profile.php?id=100008943462799","https:\/\/x.com\/bellunopress","https:\/\/www.linkedin.com\/hp\/?dnr=JBzUWaJfMUw8vbXJJ2tVW5-I3jZKvC4wsoxE&amp;amp;amp;amp;amp;amp;trk=nav_responsive_tab_home","https:\/\/www.youtube.com\/channel\/UCxL0wu1uN0_3_7hGG0306cw"]},{"@type":"Person","@id":"https:\/\/www.bellunopress.it\/#\/schema\/person\/79bb06722b37ece1c03d3e94beb30d73","name":"r\u00e9daction","image":{"@type":"ImageObject","inLanguage":"fr-FR","@id":"https:\/\/secure.gravatar.com\/avatar\/37d968a2e67a6fd04c169c4bdef102d0bc5d31b2546345219e348575eb80e9a0?s=96&d=mm&r=g","url":"https:\/\/secure.gravatar.com\/avatar\/37d968a2e67a6fd04c169c4bdef102d0bc5d31b2546345219e348575eb80e9a0?s=96&d=mm&r=g","contentUrl":"https:\/\/secure.gravatar.com\/avatar\/37d968a2e67a6fd04c169c4bdef102d0bc5d31b2546345219e348575eb80e9a0?s=96&d=mm&r=g","caption":"redazione"},"sameAs":["http:\/\/www.bellunopress.it","https:\/\/x.com\/bellunopress"],"url":"https:\/\/www.bellunopress.it\/fr\/author\/redazione\/"}]}},"_links":{"self":[{"href":"https:\/\/www.bellunopress.it\/fr\/wp-json\/wp\/v2\/posts\/35048","targetHints":{"allow":["GET"]}}],"collection":[{"href":"https:\/\/www.bellunopress.it\/fr\/wp-json\/wp\/v2\/posts"}],"about":[{"href":"https:\/\/www.bellunopress.it\/fr\/wp-json\/wp\/v2\/types\/post"}],"author":[{"embeddable":true,"href":"https:\/\/www.bellunopress.it\/fr\/wp-json\/wp\/v2\/users\/2"}],"replies":[{"embeddable":true,"href":"https:\/\/www.bellunopress.it\/fr\/wp-json\/wp\/v2\/comments?post=35048"}],"version-history":[{"count":2,"href":"https:\/\/www.bellunopress.it\/fr\/wp-json\/wp\/v2\/posts\/35048\/revisions"}],"predecessor-version":[{"id":35050,"href":"https:\/\/www.bellunopress.it\/fr\/wp-json\/wp\/v2\/posts\/35048\/revisions\/35050"}],"wp:attachment":[{"href":"https:\/\/www.bellunopress.it\/fr\/wp-json\/wp\/v2\/media?parent=35048"}],"wp:term":[{"taxonomy":"category","embeddable":true,"href":"https:\/\/www.bellunopress.it\/fr\/wp-json\/wp\/v2\/categories?post=35048"},{"taxonomy":"post_tag","embeddable":true,"href":"https:\/\/www.bellunopress.it\/fr\/wp-json\/wp\/v2\/tags?post=35048"}],"curies":[{"name":"wp","href":"https:\/\/api.w.org\/{rel}","templated":true}]}}