{"id":35044,"date":"2012-02-13T08:08:36","date_gmt":"2012-02-13T07:08:36","guid":{"rendered":"http:\/\/www.bellunopress.it\/?p=35044"},"modified":"2012-02-13T08:08:36","modified_gmt":"2012-02-13T07:08:36","slug":"i-contrasti-di-francesca-lauria-pinter-alla-rassegna-nazionale-di-martano","status":"publish","type":"post","link":"https:\/\/www.bellunopress.it\/fr\/2012\/02\/13\/i-contrasti-di-francesca-lauria-pinter-alla-rassegna-nazionale-di-martano\/","title":{"rendered":"I &#8220;Contrasti&#8221; di Francesca Lauria Pinter alla rassegna nazionale di Martano"},"content":{"rendered":"<p>Castelli d&#8217;Arte e Cultura: opere di Artisti nei luoghi storici della Provincia di Lecce. Nel prestigioso Spazio del Castello della storica cittadina di Martano, ad opera della Galleria Stomeo, continua il progetto di percorso nazionale che coinvolge, una alla volta, tutte le Regioni Italiane sotto il titolo di &#8220;Colori in concerto&#8221;. Fra i trenta artisti selezionati per il Veneto vi \u00e8 Francesca Lauria Pinter, unica rappresentante della provincia di Belluno con l&#8217;opera &#8220;Contrasti&#8221;. E&#8217; la combinazione di tinte costruite sulla tela- come scrive il critico d&#8217;Arte prof.Enzo Santese &#8211; ad inarcare tra la pittura e lo sguardo del fruitore una linea di trasmissione di energie derivate dalla forza luminescente dell&#8217;opera, che lascia l&#8217;aroma della fisicit\u00e0 e, nel contempo, rimanda a particolari dimensioni della fantasia e della sensibilit\u00e0&#8230; Durante la Collettiva sono organizzati numerosi appuntamenti culturali a cura del Caff\u00e8 Letterario Mimose di Lecce. Al termine del percorso nazionale verr\u00e0 stampato Il Libro d&#8217;Arte dedicato a tutti gli Artisti espositori.<\/p>","protected":false},"excerpt":{"rendered":"<p>Castelli d&#8217;Arte e Cultura: opere di Artisti nei luoghi storici della Provincia di Lecce. Nel prestigioso Spazio del Castello della storica cittadina di Martano, ad opera della Galleria Stomeo, continua il progetto di percorso nazionale che coinvolge, una alla volta, tutte le Regioni Italiane sotto il titolo di &#8220;Colori in concerto&#8221;. Fra i trenta artisti [&hellip;]<\/p>\n","protected":false},"author":2,"featured_media":0,"comment_status":"closed","ping_status":"open","sticky":false,"template":"","format":"standard","meta":{"footnotes":""},"categories":[3,25],"tags":[],"class_list":["post-35044","post","type-post","status-publish","format-standard","category-arte-cultura-spettacoli-scienza-archivi","category-pausa-caffe"],"yoast_head":"<!-- This site is optimized with the Yoast SEO plugin v28.4 - https:\/\/yoast.com\/product\/yoast-seo-wordpress\/ -->\n<title>I &quot;Contrasti&quot; di Francesca Lauria Pinter alla rassegna nazionale di Martano  - Bellunopress - Dolomiti<\/title>\n<meta name=\"robots\" content=\"index, follow, max-snippet:-1, max-image-preview:large, max-video-preview:-1\" \/>\n<link rel=\"canonical\" href=\"https:\/\/www.bellunopress.it\/fr\/2012\/02\/13\/i-contrasti-di-francesca-lauria-pinter-alla-rassegna-nazionale-di-martano\/\" \/>\n<meta property=\"og:locale\" content=\"fr_FR\" \/>\n<meta property=\"og:type\" content=\"article\" \/>\n<meta property=\"og:title\" content=\"I &quot;Contrasti&quot; di Francesca Lauria Pinter alla rassegna nazionale di Martano  - Bellunopress - Dolomiti\" \/>\n<meta property=\"og:description\" content=\"Castelli d&#8217;Arte e Cultura: opere di Artisti nei luoghi storici della Provincia di Lecce. Nel prestigioso Spazio del Castello della storica cittadina di Martano, ad opera della Galleria Stomeo, continua il progetto di percorso nazionale che coinvolge, una alla volta, tutte le Regioni Italiane sotto il titolo di &#8220;Colori in concerto&#8221;. Fra i trenta artisti [&hellip;]\" \/>\n<meta property=\"og:url\" content=\"https:\/\/www.bellunopress.it\/fr\/2012\/02\/13\/i-contrasti-di-francesca-lauria-pinter-alla-rassegna-nazionale-di-martano\/\" \/>\n<meta property=\"og:site_name\" content=\"Bellunopress - Dolomiti\" \/>\n<meta property=\"article:publisher\" content=\"https:\/\/www.facebook.com\/profile.php?id=100008943462799\" \/>\n<meta property=\"article:published_time\" content=\"2012-02-13T07:08:36+00:00\" \/>\n<meta property=\"og:image\" content=\"http:\/\/www.bellunopress.it\/wp-content\/uploads\/2012\/07\/logo-bellunopress-250x250-2012.jpg\" \/>\n<meta name=\"author\" content=\"redazione\" \/>\n<meta name=\"twitter:card\" content=\"summary_large_image\" \/>\n<meta name=\"twitter:creator\" content=\"@bellunopress\" \/>\n<meta name=\"twitter:site\" content=\"@bellunopress\" \/>\n<meta name=\"twitter:label1\" content=\"\u00c9crit par\" \/>\n\t<meta name=\"twitter:data1\" content=\"redazione\" \/>\n\t<meta name=\"twitter:label2\" content=\"Dur\u00e9e de lecture estim\u00e9e\" \/>\n\t<meta name=\"twitter:data2\" content=\"1 minute\" \/>\n<script type=\"application\/ld+json\" class=\"yoast-schema-graph\">{\"@context\":\"https:\\\/\\\/schema.org\",\"@graph\":[{\"@type\":\"Article\",\"@id\":\"https:\\\/\\\/www.bellunopress.it\\\/2012\\\/02\\\/13\\\/i-contrasti-di-francesca-lauria-pinter-alla-rassegna-nazionale-di-martano\\\/#article\",\"isPartOf\":{\"@id\":\"https:\\\/\\\/www.bellunopress.it\\\/2012\\\/02\\\/13\\\/i-contrasti-di-francesca-lauria-pinter-alla-rassegna-nazionale-di-martano\\\/\"},\"author\":{\"name\":\"redazione\",\"@id\":\"https:\\\/\\\/www.bellunopress.it\\\/#\\\/schema\\\/person\\\/79bb06722b37ece1c03d3e94beb30d73\"},\"headline\":\"I &#8220;Contrasti&#8221; di Francesca Lauria Pinter alla rassegna nazionale di Martano\",\"datePublished\":\"2012-02-13T07:08:36+00:00\",\"mainEntityOfPage\":{\"@id\":\"https:\\\/\\\/www.bellunopress.it\\\/2012\\\/02\\\/13\\\/i-contrasti-di-francesca-lauria-pinter-alla-rassegna-nazionale-di-martano\\\/\"},\"wordCount\":176,\"publisher\":{\"@id\":\"https:\\\/\\\/www.bellunopress.it\\\/#organization\"},\"articleSection\":[\"Arte, Cultura, Spettacoli, Scienza\",\"Pausa Caff\u00e8\"],\"inLanguage\":\"fr-FR\"},{\"@type\":\"WebPage\",\"@id\":\"https:\\\/\\\/www.bellunopress.it\\\/2012\\\/02\\\/13\\\/i-contrasti-di-francesca-lauria-pinter-alla-rassegna-nazionale-di-martano\\\/\",\"url\":\"https:\\\/\\\/www.bellunopress.it\\\/2012\\\/02\\\/13\\\/i-contrasti-di-francesca-lauria-pinter-alla-rassegna-nazionale-di-martano\\\/\",\"name\":\"I \\\"Contrasti\\\" di Francesca Lauria Pinter alla rassegna nazionale di Martano - Bellunopress - Dolomiti\",\"isPartOf\":{\"@id\":\"https:\\\/\\\/www.bellunopress.it\\\/#website\"},\"datePublished\":\"2012-02-13T07:08:36+00:00\",\"breadcrumb\":{\"@id\":\"https:\\\/\\\/www.bellunopress.it\\\/2012\\\/02\\\/13\\\/i-contrasti-di-francesca-lauria-pinter-alla-rassegna-nazionale-di-martano\\\/#breadcrumb\"},\"inLanguage\":\"fr-FR\",\"potentialAction\":[{\"@type\":\"ReadAction\",\"target\":[\"https:\\\/\\\/www.bellunopress.it\\\/2012\\\/02\\\/13\\\/i-contrasti-di-francesca-lauria-pinter-alla-rassegna-nazionale-di-martano\\\/\"]}]},{\"@type\":\"BreadcrumbList\",\"@id\":\"https:\\\/\\\/www.bellunopress.it\\\/2012\\\/02\\\/13\\\/i-contrasti-di-francesca-lauria-pinter-alla-rassegna-nazionale-di-martano\\\/#breadcrumb\",\"itemListElement\":[{\"@type\":\"ListItem\",\"position\":1,\"name\":\"Home\",\"item\":\"https:\\\/\\\/www.bellunopress.it\\\/\"},{\"@type\":\"ListItem\",\"position\":2,\"name\":\"I &#8220;Contrasti&#8221; di Francesca Lauria Pinter alla rassegna nazionale di Martano\"}]},{\"@type\":\"WebSite\",\"@id\":\"https:\\\/\\\/www.bellunopress.it\\\/#website\",\"url\":\"https:\\\/\\\/www.bellunopress.it\\\/\",\"name\":\"Bellunopress - Dolomiti\",\"description\":\"e-mail: redazione@bellunopress.it\",\"publisher\":{\"@id\":\"https:\\\/\\\/www.bellunopress.it\\\/#organization\"},\"potentialAction\":[{\"@type\":\"SearchAction\",\"target\":{\"@type\":\"EntryPoint\",\"urlTemplate\":\"https:\\\/\\\/www.bellunopress.it\\\/?s={search_term_string}\"},\"query-input\":{\"@type\":\"PropertyValueSpecification\",\"valueRequired\":true,\"valueName\":\"search_term_string\"}}],\"inLanguage\":\"fr-FR\"},{\"@type\":\"Organization\",\"@id\":\"https:\\\/\\\/www.bellunopress.it\\\/#organization\",\"name\":\"Bellunopress\",\"url\":\"https:\\\/\\\/www.bellunopress.it\\\/\",\"logo\":{\"@type\":\"ImageObject\",\"inLanguage\":\"fr-FR\",\"@id\":\"https:\\\/\\\/www.bellunopress.it\\\/#\\\/schema\\\/logo\\\/image\\\/\",\"url\":\"https:\\\/\\\/www.bellunopress.it\\\/wp-content\\\/uploads\\\/2011\\\/05\\\/cropped-logo-bellunopress-.jpg\",\"contentUrl\":\"https:\\\/\\\/www.bellunopress.it\\\/wp-content\\\/uploads\\\/2011\\\/05\\\/cropped-logo-bellunopress-.jpg\",\"width\":512,\"height\":512,\"caption\":\"Bellunopress\"},\"image\":{\"@id\":\"https:\\\/\\\/www.bellunopress.it\\\/#\\\/schema\\\/logo\\\/image\\\/\"},\"sameAs\":[\"https:\\\/\\\/www.facebook.com\\\/profile.php?id=100008943462799\",\"https:\\\/\\\/x.com\\\/bellunopress\",\"https:\\\/\\\/www.linkedin.com\\\/hp\\\/?dnr=JBzUWaJfMUw8vbXJJ2tVW5-I3jZKvC4wsoxE&amp;amp;amp;amp;amp;amp;trk=nav_responsive_tab_home\",\"https:\\\/\\\/www.youtube.com\\\/channel\\\/UCxL0wu1uN0_3_7hGG0306cw\"]},{\"@type\":\"Person\",\"@id\":\"https:\\\/\\\/www.bellunopress.it\\\/#\\\/schema\\\/person\\\/79bb06722b37ece1c03d3e94beb30d73\",\"name\":\"redazione\",\"image\":{\"@type\":\"ImageObject\",\"inLanguage\":\"fr-FR\",\"@id\":\"https:\\\/\\\/secure.gravatar.com\\\/avatar\\\/37d968a2e67a6fd04c169c4bdef102d0bc5d31b2546345219e348575eb80e9a0?s=96&d=mm&r=g\",\"url\":\"https:\\\/\\\/secure.gravatar.com\\\/avatar\\\/37d968a2e67a6fd04c169c4bdef102d0bc5d31b2546345219e348575eb80e9a0?s=96&d=mm&r=g\",\"contentUrl\":\"https:\\\/\\\/secure.gravatar.com\\\/avatar\\\/37d968a2e67a6fd04c169c4bdef102d0bc5d31b2546345219e348575eb80e9a0?s=96&d=mm&r=g\",\"caption\":\"redazione\"},\"sameAs\":[\"http:\\\/\\\/www.bellunopress.it\",\"https:\\\/\\\/x.com\\\/bellunopress\"],\"url\":\"https:\\\/\\\/www.bellunopress.it\\\/fr\\\/author\\\/redazione\\\/\"}]}<\/script>\n<!-- \/ Yoast SEO plugin. -->","yoast_head_json":{"title":"I \"Contrasti\" di Francesca Lauria Pinter alla rassegna nazionale di Martano  - Bellunopress - Dolomiti","robots":{"index":"index","follow":"follow","max-snippet":"max-snippet:-1","max-image-preview":"max-image-preview:large","max-video-preview":"max-video-preview:-1"},"canonical":"https:\/\/www.bellunopress.it\/fr\/2012\/02\/13\/i-contrasti-di-francesca-lauria-pinter-alla-rassegna-nazionale-di-martano\/","og_locale":"fr_FR","og_type":"article","og_title":"I \"Contrasti\" di Francesca Lauria Pinter alla rassegna nazionale di Martano  - Bellunopress - Dolomiti","og_description":"Castelli d&#8217;Arte e Cultura: opere di Artisti nei luoghi storici della Provincia di Lecce. Nel prestigioso Spazio del Castello della storica cittadina di Martano, ad opera della Galleria Stomeo, continua il progetto di percorso nazionale che coinvolge, una alla volta, tutte le Regioni Italiane sotto il titolo di &#8220;Colori in concerto&#8221;. Fra i trenta artisti [&hellip;]","og_url":"https:\/\/www.bellunopress.it\/fr\/2012\/02\/13\/i-contrasti-di-francesca-lauria-pinter-alla-rassegna-nazionale-di-martano\/","og_site_name":"Bellunopress - Dolomiti","article_publisher":"https:\/\/www.facebook.com\/profile.php?id=100008943462799","article_published_time":"2012-02-13T07:08:36+00:00","og_image":[{"url":"http:\/\/www.bellunopress.it\/wp-content\/uploads\/2012\/07\/logo-bellunopress-250x250-2012.jpg","type":"","width":"","height":""}],"author":"redazione","twitter_card":"summary_large_image","twitter_creator":"@bellunopress","twitter_site":"@bellunopress","twitter_misc":{"\u00c9crit par":"redazione","Dur\u00e9e de lecture estim\u00e9e":"1 minute"},"schema":{"@context":"https:\/\/schema.org","@graph":[{"@type":"Article","@id":"https:\/\/www.bellunopress.it\/2012\/02\/13\/i-contrasti-di-francesca-lauria-pinter-alla-rassegna-nazionale-di-martano\/#article","isPartOf":{"@id":"https:\/\/www.bellunopress.it\/2012\/02\/13\/i-contrasti-di-francesca-lauria-pinter-alla-rassegna-nazionale-di-martano\/"},"author":{"name":"redazione","@id":"https:\/\/www.bellunopress.it\/#\/schema\/person\/79bb06722b37ece1c03d3e94beb30d73"},"headline":"I &#8220;Contrasti&#8221; di Francesca Lauria Pinter alla rassegna nazionale di Martano","datePublished":"2012-02-13T07:08:36+00:00","mainEntityOfPage":{"@id":"https:\/\/www.bellunopress.it\/2012\/02\/13\/i-contrasti-di-francesca-lauria-pinter-alla-rassegna-nazionale-di-martano\/"},"wordCount":176,"publisher":{"@id":"https:\/\/www.bellunopress.it\/#organization"},"articleSection":["Arte, Cultura, Spettacoli, Scienza","Pausa Caff\u00e8"],"inLanguage":"fr-FR"},{"@type":"WebPage","@id":"https:\/\/www.bellunopress.it\/2012\/02\/13\/i-contrasti-di-francesca-lauria-pinter-alla-rassegna-nazionale-di-martano\/","url":"https:\/\/www.bellunopress.it\/2012\/02\/13\/i-contrasti-di-francesca-lauria-pinter-alla-rassegna-nazionale-di-martano\/","name":"I \"Contrasti\" di Francesca Lauria Pinter alla rassegna nazionale di Martano - Bellunopress - Dolomiti","isPartOf":{"@id":"https:\/\/www.bellunopress.it\/#website"},"datePublished":"2012-02-13T07:08:36+00:00","breadcrumb":{"@id":"https:\/\/www.bellunopress.it\/2012\/02\/13\/i-contrasti-di-francesca-lauria-pinter-alla-rassegna-nazionale-di-martano\/#breadcrumb"},"inLanguage":"fr-FR","potentialAction":[{"@type":"ReadAction","target":["https:\/\/www.bellunopress.it\/2012\/02\/13\/i-contrasti-di-francesca-lauria-pinter-alla-rassegna-nazionale-di-martano\/"]}]},{"@type":"BreadcrumbList","@id":"https:\/\/www.bellunopress.it\/2012\/02\/13\/i-contrasti-di-francesca-lauria-pinter-alla-rassegna-nazionale-di-martano\/#breadcrumb","itemListElement":[{"@type":"ListItem","position":1,"name":"Home","item":"https:\/\/www.bellunopress.it\/"},{"@type":"ListItem","position":2,"name":"I &#8220;Contrasti&#8221; di Francesca Lauria Pinter alla rassegna nazionale di Martano"}]},{"@type":"WebSite","@id":"https:\/\/www.bellunopress.it\/#website","url":"https:\/\/www.bellunopress.it\/","name":"Bellunopress - Dolomiti","description":"e-mail: redazione@bellunopress.it","publisher":{"@id":"https:\/\/www.bellunopress.it\/#organization"},"potentialAction":[{"@type":"SearchAction","target":{"@type":"EntryPoint","urlTemplate":"https:\/\/www.bellunopress.it\/?s={search_term_string}"},"query-input":{"@type":"PropertyValueSpecification","valueRequired":true,"valueName":"search_term_string"}}],"inLanguage":"fr-FR"},{"@type":"Organization","@id":"https:\/\/www.bellunopress.it\/#organization","name":"Bellunopress","url":"https:\/\/www.bellunopress.it\/","logo":{"@type":"ImageObject","inLanguage":"fr-FR","@id":"https:\/\/www.bellunopress.it\/#\/schema\/logo\/image\/","url":"https:\/\/www.bellunopress.it\/wp-content\/uploads\/2011\/05\/cropped-logo-bellunopress-.jpg","contentUrl":"https:\/\/www.bellunopress.it\/wp-content\/uploads\/2011\/05\/cropped-logo-bellunopress-.jpg","width":512,"height":512,"caption":"Bellunopress"},"image":{"@id":"https:\/\/www.bellunopress.it\/#\/schema\/logo\/image\/"},"sameAs":["https:\/\/www.facebook.com\/profile.php?id=100008943462799","https:\/\/x.com\/bellunopress","https:\/\/www.linkedin.com\/hp\/?dnr=JBzUWaJfMUw8vbXJJ2tVW5-I3jZKvC4wsoxE&amp;amp;amp;amp;amp;amp;trk=nav_responsive_tab_home","https:\/\/www.youtube.com\/channel\/UCxL0wu1uN0_3_7hGG0306cw"]},{"@type":"Person","@id":"https:\/\/www.bellunopress.it\/#\/schema\/person\/79bb06722b37ece1c03d3e94beb30d73","name":"r\u00e9daction","image":{"@type":"ImageObject","inLanguage":"fr-FR","@id":"https:\/\/secure.gravatar.com\/avatar\/37d968a2e67a6fd04c169c4bdef102d0bc5d31b2546345219e348575eb80e9a0?s=96&d=mm&r=g","url":"https:\/\/secure.gravatar.com\/avatar\/37d968a2e67a6fd04c169c4bdef102d0bc5d31b2546345219e348575eb80e9a0?s=96&d=mm&r=g","contentUrl":"https:\/\/secure.gravatar.com\/avatar\/37d968a2e67a6fd04c169c4bdef102d0bc5d31b2546345219e348575eb80e9a0?s=96&d=mm&r=g","caption":"redazione"},"sameAs":["http:\/\/www.bellunopress.it","https:\/\/x.com\/bellunopress"],"url":"https:\/\/www.bellunopress.it\/fr\/author\/redazione\/"}]}},"_links":{"self":[{"href":"https:\/\/www.bellunopress.it\/fr\/wp-json\/wp\/v2\/posts\/35044","targetHints":{"allow":["GET"]}}],"collection":[{"href":"https:\/\/www.bellunopress.it\/fr\/wp-json\/wp\/v2\/posts"}],"about":[{"href":"https:\/\/www.bellunopress.it\/fr\/wp-json\/wp\/v2\/types\/post"}],"author":[{"embeddable":true,"href":"https:\/\/www.bellunopress.it\/fr\/wp-json\/wp\/v2\/users\/2"}],"replies":[{"embeddable":true,"href":"https:\/\/www.bellunopress.it\/fr\/wp-json\/wp\/v2\/comments?post=35044"}],"version-history":[{"count":1,"href":"https:\/\/www.bellunopress.it\/fr\/wp-json\/wp\/v2\/posts\/35044\/revisions"}],"predecessor-version":[{"id":35045,"href":"https:\/\/www.bellunopress.it\/fr\/wp-json\/wp\/v2\/posts\/35044\/revisions\/35045"}],"wp:attachment":[{"href":"https:\/\/www.bellunopress.it\/fr\/wp-json\/wp\/v2\/media?parent=35044"}],"wp:term":[{"taxonomy":"category","embeddable":true,"href":"https:\/\/www.bellunopress.it\/fr\/wp-json\/wp\/v2\/categories?post=35044"},{"taxonomy":"post_tag","embeddable":true,"href":"https:\/\/www.bellunopress.it\/fr\/wp-json\/wp\/v2\/tags?post=35044"}],"curies":[{"name":"wp","href":"https:\/\/api.w.org\/{rel}","templated":true}]}}