{"id":35031,"date":"2012-02-12T17:19:56","date_gmt":"2012-02-12T16:19:56","guid":{"rendered":"http:\/\/www.bellunopress.it\/?p=35031"},"modified":"2012-02-12T17:19:56","modified_gmt":"2012-02-12T16:19:56","slug":"il-nuovo-pdl-una-foto-sbiadita-della-dc-anni-60-70-di-michele-carbogno","status":"publish","type":"post","link":"https:\/\/www.bellunopress.it\/fr\/2012\/02\/12\/il-nuovo-pdl-una-foto-sbiadita-della-dc-anni-60-70-di-michele-carbogno\/","title":{"rendered":"Il nuovo Pdl? Una foto sbiadita della Dc anni &#8217;60-&#8217;70 *di Michele Carbogno"},"content":{"rendered":"<p><a href=\"http:\/\/www.bellunopress.it\/wp-content\/uploads\/2011\/09\/michele-carbogno.jpg\"><img loading=\"lazy\" decoding=\"async\" class=\"alignleft size-full wp-image-30525\" title=\"michele carbogno\" src=\"http:\/\/www.bellunopress.it\/wp-content\/uploads\/2011\/09\/michele-carbogno.jpg\" alt=\"\" width=\"180\" height=\"270\" \/><\/a>L&#8217;occasione del primo Congresso provinciale del Pdl poteva essere \u00a0utile a sancire il rilancio di un grande partito su base locale; \u00a0purtroppo si \u00e8 invece assistito alla nascita di un partitino che \u00a0mobilita un centinaio di persone all&#8217;ascolto dei lavori congressuali e \u00a0un altro paio di cento a votare durante l&#8217;arco della giornata. Ben \u00a0poca cosa se ci si confronta con i numeri della popolazione bellunese \u00a0e ancor pi\u00f9 poca se si proporzionalizzano rispetto alla mobilitazione \u00a0avvenuta in altre localit\u00e0. \u00a0Gi\u00e0, ma mentre in giro per l&#8217;Italia si \u00e8 lasciato correre, anche \u00a0troppo, sulle modalit\u00e0 di iscrizione che hanno portato in molti casi \u00a0ad evidenziare vere e proprie falsit\u00e0, qui la partita si \u00e8 giocata \u00a0sull&#8217;esclusione di oltre duecento tesserati che, pur in regola su \u00a0tutto (dai moduli, ai documenti di identit\u00e0, al pagamernto nei tempi) \u00a0avevano un unico neo: un pagamento cumulativo. Mentre in qualche citt\u00e0 \u00a0si ammettevano elenchi di nomi, senza documenti allegati, ricopiati \u00a0dall&#8217;elenco del telefono (defunti compresi); mentre in qualche altra \u00a0citt\u00e0 si ammettavano elenchi ripresi pari pari da quelli di \u00a0associazioni che nulla avevano di politico nel loro statuto; a Belluno \u00a0si cavillava sul fatto del bonifico cumalitivo, respingendo ogni tipo \u00a0di mediazione di buon senso. \u00a0E cos\u00ec da un numero di iscritti potenziali inferiore a 800, si \u00a0scendeva sotto i 600, tra i quali un discreto numero collegato per \u00a0affinit\u00e0 politica ai 200 e rotti sospesi; cosa che ha fatto s\u00ec che, \u00a0per solidariet\u00e0 con gli esclusi, molti di questi ultimi, pur essendo \u00a0ammessi, abbiano deciso di non partecipare al voto congressuale. \u00a0Risultato: 300 votanti, met\u00e0 degli aventi diritto, poco pi\u00f9 di un \u00a0terzo se si considerano anche i sospesi. \u00a0Per vincere il campionato ci vuole un buono staff tecnico e una rosa \u00a0ampia; altrimenti tra infortuni e avversari tosti si rischia non solo \u00a0di non vincere, ma addirittura la retrocessione. Su questo \u00a0ragionamento, recependo i suggerimenti del coordinatore regionale \u00a0Giorgetti, avevo aperto nelle ultime ore un dialogo col neo \u00a0coordinatore provinciale Ghezze, senza pretese personali, ma \u00a0spronandolo a includere nella segrerteria persone valide e giovani che \u00a0rappresentavano l&#8217;altro mezzo partito; cosa questa che sarebbe stata \u00a0vantaggiosa anche allo stesso Ghezze e sulla quale si era speso come \u00a0mediatore e uomo di garanzia, durante la notte di venerd\u00ec, anche il \u00a0senatore Cutrufo, presidente dell&#8217;assemblea congressuale. \u00a0Il nuovo Pdl alla fine ha scelto di escludere i nominativi concordati, \u00a0volendo invece blindare una segreteria con persone certamente di \u00a0massimo rispetto ma che, almeno guardando le foto sulla stampa \u00a0odierna, non rappresentano certemente il nuovo che avanza. Se togliamo \u00a0il colore a quelle foto potremmo infatti confonderle con immagini di \u00a0repertorio di un vecchio congresso Dc anni Sessanta\/Settanta. Il nuovo \u00a0Pdl ha deciso dunque di non confrontrarsi con noi all&#8217;interno della \u00a0segreteria, lasciando in tribuna tanti giocatori giovani e vogliosi di \u00a0esprimersi. Noi comunque andremo avanti lo stesso, da semplici \u00a0militanti e a questo punto liberi da vincoli di scuderia, senza \u00a0perdere l&#8217;enstusiasmo della partecipazione democratica alla vita \u00a0politica provinciale e cittadina. Ci sono molte e validissime persone \u00a0tra gli esclusi, tra cui anche navigati amministratori: con questi \u00a0intendiamo dar vita a diverse proposte in vista delle imminenti \u00a0scadenze elettorali.<\/p>\n<p>Michele Carbogno<\/p>","protected":false},"excerpt":{"rendered":"<p>L&#8217;occasione del primo Congresso provinciale del Pdl poteva essere \u00a0utile a sancire il rilancio di un grande partito su base locale; \u00a0purtroppo si \u00e8 invece assistito alla nascita di un partitino che \u00a0mobilita un centinaio di persone all&#8217;ascolto dei lavori congressuali e \u00a0un altro paio di cento a votare durante l&#8217;arco della giornata. Ben \u00a0poca [&hellip;]<\/p>\n","protected":false},"author":2,"featured_media":0,"comment_status":"closed","ping_status":"open","sticky":false,"template":"","format":"standard","meta":{"footnotes":""},"categories":[5,26],"tags":[],"class_list":["post-35031","post","type-post","status-publish","format-standard","category-cronaca","category-prima-pagina"],"yoast_head":"<!-- This site is optimized with the Yoast SEO plugin v28.4 - https:\/\/yoast.com\/product\/yoast-seo-wordpress\/ -->\n<title>Il nuovo Pdl? Una foto sbiadita della Dc anni &#039;60-&#039;70 *di Michele Carbogno - Bellunopress - Dolomiti<\/title>\n<meta name=\"robots\" content=\"index, follow, max-snippet:-1, max-image-preview:large, max-video-preview:-1\" \/>\n<link rel=\"canonical\" href=\"https:\/\/www.bellunopress.it\/fr\/2012\/02\/12\/il-nuovo-pdl-una-foto-sbiadita-della-dc-anni-60-70-di-michele-carbogno\/\" \/>\n<meta property=\"og:locale\" content=\"fr_FR\" \/>\n<meta property=\"og:type\" content=\"article\" \/>\n<meta property=\"og:title\" content=\"Il nuovo Pdl? Una foto sbiadita della Dc anni &#039;60-&#039;70 *di Michele Carbogno - Bellunopress - Dolomiti\" \/>\n<meta property=\"og:description\" content=\"L&#8217;occasione del primo Congresso provinciale del Pdl poteva essere \u00a0utile a sancire il rilancio di un grande partito su base locale; \u00a0purtroppo si \u00e8 invece assistito alla nascita di un partitino che \u00a0mobilita un centinaio di persone all&#8217;ascolto dei lavori congressuali e \u00a0un altro paio di cento a votare durante l&#8217;arco della giornata. Ben \u00a0poca [&hellip;]\" \/>\n<meta property=\"og:url\" content=\"https:\/\/www.bellunopress.it\/fr\/2012\/02\/12\/il-nuovo-pdl-una-foto-sbiadita-della-dc-anni-60-70-di-michele-carbogno\/\" \/>\n<meta property=\"og:site_name\" content=\"Bellunopress - Dolomiti\" \/>\n<meta property=\"article:publisher\" content=\"https:\/\/www.facebook.com\/profile.php?id=100008943462799\" \/>\n<meta property=\"article:published_time\" content=\"2012-02-12T16:19:56+00:00\" \/>\n<meta property=\"og:image\" content=\"http:\/\/www.bellunopress.it\/wp-content\/uploads\/2011\/09\/michele-carbogno.jpg\" \/>\n<meta name=\"author\" content=\"redazione\" \/>\n<meta name=\"twitter:card\" content=\"summary_large_image\" \/>\n<meta name=\"twitter:creator\" content=\"@bellunopress\" \/>\n<meta name=\"twitter:site\" content=\"@bellunopress\" \/>\n<meta name=\"twitter:label1\" content=\"\u00c9crit par\" \/>\n\t<meta name=\"twitter:data1\" content=\"redazione\" \/>\n\t<meta name=\"twitter:label2\" content=\"Dur\u00e9e de lecture estim\u00e9e\" \/>\n\t<meta name=\"twitter:data2\" content=\"3 minutes\" \/>\n<script type=\"application\/ld+json\" class=\"yoast-schema-graph\">{\"@context\":\"https:\\\/\\\/schema.org\",\"@graph\":[{\"@type\":\"Article\",\"@id\":\"https:\\\/\\\/www.bellunopress.it\\\/2012\\\/02\\\/12\\\/il-nuovo-pdl-una-foto-sbiadita-della-dc-anni-60-70-di-michele-carbogno\\\/#article\",\"isPartOf\":{\"@id\":\"https:\\\/\\\/www.bellunopress.it\\\/2012\\\/02\\\/12\\\/il-nuovo-pdl-una-foto-sbiadita-della-dc-anni-60-70-di-michele-carbogno\\\/\"},\"author\":{\"name\":\"redazione\",\"@id\":\"https:\\\/\\\/www.bellunopress.it\\\/#\\\/schema\\\/person\\\/79bb06722b37ece1c03d3e94beb30d73\"},\"headline\":\"Il nuovo Pdl? Una foto sbiadita della Dc anni &#8217;60-&#8217;70 *di Michele Carbogno\",\"datePublished\":\"2012-02-12T16:19:56+00:00\",\"mainEntityOfPage\":{\"@id\":\"https:\\\/\\\/www.bellunopress.it\\\/2012\\\/02\\\/12\\\/il-nuovo-pdl-una-foto-sbiadita-della-dc-anni-60-70-di-michele-carbogno\\\/\"},\"wordCount\":542,\"publisher\":{\"@id\":\"https:\\\/\\\/www.bellunopress.it\\\/#organization\"},\"image\":{\"@id\":\"https:\\\/\\\/www.bellunopress.it\\\/2012\\\/02\\\/12\\\/il-nuovo-pdl-una-foto-sbiadita-della-dc-anni-60-70-di-michele-carbogno\\\/#primaryimage\"},\"thumbnailUrl\":\"http:\\\/\\\/www.bellunopress.it\\\/wp-content\\\/uploads\\\/2011\\\/09\\\/michele-carbogno.jpg\",\"articleSection\":[\"Cronaca\\\/Politica\",\"Prima Pagina\"],\"inLanguage\":\"fr-FR\"},{\"@type\":\"WebPage\",\"@id\":\"https:\\\/\\\/www.bellunopress.it\\\/2012\\\/02\\\/12\\\/il-nuovo-pdl-una-foto-sbiadita-della-dc-anni-60-70-di-michele-carbogno\\\/\",\"url\":\"https:\\\/\\\/www.bellunopress.it\\\/2012\\\/02\\\/12\\\/il-nuovo-pdl-una-foto-sbiadita-della-dc-anni-60-70-di-michele-carbogno\\\/\",\"name\":\"Il nuovo Pdl? Una foto sbiadita della Dc anni '60-'70 *di Michele Carbogno - Bellunopress - Dolomiti\",\"isPartOf\":{\"@id\":\"https:\\\/\\\/www.bellunopress.it\\\/#website\"},\"primaryImageOfPage\":{\"@id\":\"https:\\\/\\\/www.bellunopress.it\\\/2012\\\/02\\\/12\\\/il-nuovo-pdl-una-foto-sbiadita-della-dc-anni-60-70-di-michele-carbogno\\\/#primaryimage\"},\"image\":{\"@id\":\"https:\\\/\\\/www.bellunopress.it\\\/2012\\\/02\\\/12\\\/il-nuovo-pdl-una-foto-sbiadita-della-dc-anni-60-70-di-michele-carbogno\\\/#primaryimage\"},\"thumbnailUrl\":\"http:\\\/\\\/www.bellunopress.it\\\/wp-content\\\/uploads\\\/2011\\\/09\\\/michele-carbogno.jpg\",\"datePublished\":\"2012-02-12T16:19:56+00:00\",\"breadcrumb\":{\"@id\":\"https:\\\/\\\/www.bellunopress.it\\\/2012\\\/02\\\/12\\\/il-nuovo-pdl-una-foto-sbiadita-della-dc-anni-60-70-di-michele-carbogno\\\/#breadcrumb\"},\"inLanguage\":\"fr-FR\",\"potentialAction\":[{\"@type\":\"ReadAction\",\"target\":[\"https:\\\/\\\/www.bellunopress.it\\\/2012\\\/02\\\/12\\\/il-nuovo-pdl-una-foto-sbiadita-della-dc-anni-60-70-di-michele-carbogno\\\/\"]}]},{\"@type\":\"ImageObject\",\"inLanguage\":\"fr-FR\",\"@id\":\"https:\\\/\\\/www.bellunopress.it\\\/2012\\\/02\\\/12\\\/il-nuovo-pdl-una-foto-sbiadita-della-dc-anni-60-70-di-michele-carbogno\\\/#primaryimage\",\"url\":\"http:\\\/\\\/www.bellunopress.it\\\/wp-content\\\/uploads\\\/2011\\\/09\\\/michele-carbogno.jpg\",\"contentUrl\":\"http:\\\/\\\/www.bellunopress.it\\\/wp-content\\\/uploads\\\/2011\\\/09\\\/michele-carbogno.jpg\"},{\"@type\":\"BreadcrumbList\",\"@id\":\"https:\\\/\\\/www.bellunopress.it\\\/2012\\\/02\\\/12\\\/il-nuovo-pdl-una-foto-sbiadita-della-dc-anni-60-70-di-michele-carbogno\\\/#breadcrumb\",\"itemListElement\":[{\"@type\":\"ListItem\",\"position\":1,\"name\":\"Home\",\"item\":\"https:\\\/\\\/www.bellunopress.it\\\/\"},{\"@type\":\"ListItem\",\"position\":2,\"name\":\"Il nuovo Pdl? Una foto sbiadita della Dc anni &#8217;60-&#8217;70 *di Michele Carbogno\"}]},{\"@type\":\"WebSite\",\"@id\":\"https:\\\/\\\/www.bellunopress.it\\\/#website\",\"url\":\"https:\\\/\\\/www.bellunopress.it\\\/\",\"name\":\"Bellunopress - Dolomiti\",\"description\":\"e-mail: redazione@bellunopress.it\",\"publisher\":{\"@id\":\"https:\\\/\\\/www.bellunopress.it\\\/#organization\"},\"potentialAction\":[{\"@type\":\"SearchAction\",\"target\":{\"@type\":\"EntryPoint\",\"urlTemplate\":\"https:\\\/\\\/www.bellunopress.it\\\/?s={search_term_string}\"},\"query-input\":{\"@type\":\"PropertyValueSpecification\",\"valueRequired\":true,\"valueName\":\"search_term_string\"}}],\"inLanguage\":\"fr-FR\"},{\"@type\":\"Organization\",\"@id\":\"https:\\\/\\\/www.bellunopress.it\\\/#organization\",\"name\":\"Bellunopress\",\"url\":\"https:\\\/\\\/www.bellunopress.it\\\/\",\"logo\":{\"@type\":\"ImageObject\",\"inLanguage\":\"fr-FR\",\"@id\":\"https:\\\/\\\/www.bellunopress.it\\\/#\\\/schema\\\/logo\\\/image\\\/\",\"url\":\"https:\\\/\\\/www.bellunopress.it\\\/wp-content\\\/uploads\\\/2011\\\/05\\\/cropped-logo-bellunopress-.jpg\",\"contentUrl\":\"https:\\\/\\\/www.bellunopress.it\\\/wp-content\\\/uploads\\\/2011\\\/05\\\/cropped-logo-bellunopress-.jpg\",\"width\":512,\"height\":512,\"caption\":\"Bellunopress\"},\"image\":{\"@id\":\"https:\\\/\\\/www.bellunopress.it\\\/#\\\/schema\\\/logo\\\/image\\\/\"},\"sameAs\":[\"https:\\\/\\\/www.facebook.com\\\/profile.php?id=100008943462799\",\"https:\\\/\\\/x.com\\\/bellunopress\",\"https:\\\/\\\/www.linkedin.com\\\/hp\\\/?dnr=JBzUWaJfMUw8vbXJJ2tVW5-I3jZKvC4wsoxE&amp;amp;amp;amp;amp;amp;trk=nav_responsive_tab_home\",\"https:\\\/\\\/www.youtube.com\\\/channel\\\/UCxL0wu1uN0_3_7hGG0306cw\"]},{\"@type\":\"Person\",\"@id\":\"https:\\\/\\\/www.bellunopress.it\\\/#\\\/schema\\\/person\\\/79bb06722b37ece1c03d3e94beb30d73\",\"name\":\"redazione\",\"image\":{\"@type\":\"ImageObject\",\"inLanguage\":\"fr-FR\",\"@id\":\"https:\\\/\\\/secure.gravatar.com\\\/avatar\\\/37d968a2e67a6fd04c169c4bdef102d0bc5d31b2546345219e348575eb80e9a0?s=96&d=mm&r=g\",\"url\":\"https:\\\/\\\/secure.gravatar.com\\\/avatar\\\/37d968a2e67a6fd04c169c4bdef102d0bc5d31b2546345219e348575eb80e9a0?s=96&d=mm&r=g\",\"contentUrl\":\"https:\\\/\\\/secure.gravatar.com\\\/avatar\\\/37d968a2e67a6fd04c169c4bdef102d0bc5d31b2546345219e348575eb80e9a0?s=96&d=mm&r=g\",\"caption\":\"redazione\"},\"sameAs\":[\"http:\\\/\\\/www.bellunopress.it\",\"https:\\\/\\\/x.com\\\/bellunopress\"],\"url\":\"https:\\\/\\\/www.bellunopress.it\\\/fr\\\/author\\\/redazione\\\/\"}]}<\/script>\n<!-- \/ Yoast SEO plugin. -->","yoast_head_json":{"title":"Il nuovo Pdl? Una foto sbiadita della Dc anni '60-'70 *di Michele Carbogno - Bellunopress - Dolomiti","robots":{"index":"index","follow":"follow","max-snippet":"max-snippet:-1","max-image-preview":"max-image-preview:large","max-video-preview":"max-video-preview:-1"},"canonical":"https:\/\/www.bellunopress.it\/fr\/2012\/02\/12\/il-nuovo-pdl-una-foto-sbiadita-della-dc-anni-60-70-di-michele-carbogno\/","og_locale":"fr_FR","og_type":"article","og_title":"Il nuovo Pdl? Una foto sbiadita della Dc anni '60-'70 *di Michele Carbogno - Bellunopress - Dolomiti","og_description":"L&#8217;occasione del primo Congresso provinciale del Pdl poteva essere \u00a0utile a sancire il rilancio di un grande partito su base locale; \u00a0purtroppo si \u00e8 invece assistito alla nascita di un partitino che \u00a0mobilita un centinaio di persone all&#8217;ascolto dei lavori congressuali e \u00a0un altro paio di cento a votare durante l&#8217;arco della giornata. Ben \u00a0poca [&hellip;]","og_url":"https:\/\/www.bellunopress.it\/fr\/2012\/02\/12\/il-nuovo-pdl-una-foto-sbiadita-della-dc-anni-60-70-di-michele-carbogno\/","og_site_name":"Bellunopress - Dolomiti","article_publisher":"https:\/\/www.facebook.com\/profile.php?id=100008943462799","article_published_time":"2012-02-12T16:19:56+00:00","og_image":[{"url":"http:\/\/www.bellunopress.it\/wp-content\/uploads\/2011\/09\/michele-carbogno.jpg","type":"","width":"","height":""}],"author":"redazione","twitter_card":"summary_large_image","twitter_creator":"@bellunopress","twitter_site":"@bellunopress","twitter_misc":{"\u00c9crit par":"redazione","Dur\u00e9e de lecture estim\u00e9e":"3 minutes"},"schema":{"@context":"https:\/\/schema.org","@graph":[{"@type":"Article","@id":"https:\/\/www.bellunopress.it\/2012\/02\/12\/il-nuovo-pdl-una-foto-sbiadita-della-dc-anni-60-70-di-michele-carbogno\/#article","isPartOf":{"@id":"https:\/\/www.bellunopress.it\/2012\/02\/12\/il-nuovo-pdl-una-foto-sbiadita-della-dc-anni-60-70-di-michele-carbogno\/"},"author":{"name":"redazione","@id":"https:\/\/www.bellunopress.it\/#\/schema\/person\/79bb06722b37ece1c03d3e94beb30d73"},"headline":"Il nuovo Pdl? Una foto sbiadita della Dc anni &#8217;60-&#8217;70 *di Michele Carbogno","datePublished":"2012-02-12T16:19:56+00:00","mainEntityOfPage":{"@id":"https:\/\/www.bellunopress.it\/2012\/02\/12\/il-nuovo-pdl-una-foto-sbiadita-della-dc-anni-60-70-di-michele-carbogno\/"},"wordCount":542,"publisher":{"@id":"https:\/\/www.bellunopress.it\/#organization"},"image":{"@id":"https:\/\/www.bellunopress.it\/2012\/02\/12\/il-nuovo-pdl-una-foto-sbiadita-della-dc-anni-60-70-di-michele-carbogno\/#primaryimage"},"thumbnailUrl":"http:\/\/www.bellunopress.it\/wp-content\/uploads\/2011\/09\/michele-carbogno.jpg","articleSection":["Cronaca\/Politica","Prima Pagina"],"inLanguage":"fr-FR"},{"@type":"WebPage","@id":"https:\/\/www.bellunopress.it\/2012\/02\/12\/il-nuovo-pdl-una-foto-sbiadita-della-dc-anni-60-70-di-michele-carbogno\/","url":"https:\/\/www.bellunopress.it\/2012\/02\/12\/il-nuovo-pdl-una-foto-sbiadita-della-dc-anni-60-70-di-michele-carbogno\/","name":"Il nuovo Pdl? Una foto sbiadita della Dc anni '60-'70 *di Michele Carbogno - Bellunopress - Dolomiti","isPartOf":{"@id":"https:\/\/www.bellunopress.it\/#website"},"primaryImageOfPage":{"@id":"https:\/\/www.bellunopress.it\/2012\/02\/12\/il-nuovo-pdl-una-foto-sbiadita-della-dc-anni-60-70-di-michele-carbogno\/#primaryimage"},"image":{"@id":"https:\/\/www.bellunopress.it\/2012\/02\/12\/il-nuovo-pdl-una-foto-sbiadita-della-dc-anni-60-70-di-michele-carbogno\/#primaryimage"},"thumbnailUrl":"http:\/\/www.bellunopress.it\/wp-content\/uploads\/2011\/09\/michele-carbogno.jpg","datePublished":"2012-02-12T16:19:56+00:00","breadcrumb":{"@id":"https:\/\/www.bellunopress.it\/2012\/02\/12\/il-nuovo-pdl-una-foto-sbiadita-della-dc-anni-60-70-di-michele-carbogno\/#breadcrumb"},"inLanguage":"fr-FR","potentialAction":[{"@type":"ReadAction","target":["https:\/\/www.bellunopress.it\/2012\/02\/12\/il-nuovo-pdl-una-foto-sbiadita-della-dc-anni-60-70-di-michele-carbogno\/"]}]},{"@type":"ImageObject","inLanguage":"fr-FR","@id":"https:\/\/www.bellunopress.it\/2012\/02\/12\/il-nuovo-pdl-una-foto-sbiadita-della-dc-anni-60-70-di-michele-carbogno\/#primaryimage","url":"http:\/\/www.bellunopress.it\/wp-content\/uploads\/2011\/09\/michele-carbogno.jpg","contentUrl":"http:\/\/www.bellunopress.it\/wp-content\/uploads\/2011\/09\/michele-carbogno.jpg"},{"@type":"BreadcrumbList","@id":"https:\/\/www.bellunopress.it\/2012\/02\/12\/il-nuovo-pdl-una-foto-sbiadita-della-dc-anni-60-70-di-michele-carbogno\/#breadcrumb","itemListElement":[{"@type":"ListItem","position":1,"name":"Home","item":"https:\/\/www.bellunopress.it\/"},{"@type":"ListItem","position":2,"name":"Il nuovo Pdl? Una foto sbiadita della Dc anni &#8217;60-&#8217;70 *di Michele Carbogno"}]},{"@type":"WebSite","@id":"https:\/\/www.bellunopress.it\/#website","url":"https:\/\/www.bellunopress.it\/","name":"Bellunopress - Dolomiti","description":"e-mail: redazione@bellunopress.it","publisher":{"@id":"https:\/\/www.bellunopress.it\/#organization"},"potentialAction":[{"@type":"SearchAction","target":{"@type":"EntryPoint","urlTemplate":"https:\/\/www.bellunopress.it\/?s={search_term_string}"},"query-input":{"@type":"PropertyValueSpecification","valueRequired":true,"valueName":"search_term_string"}}],"inLanguage":"fr-FR"},{"@type":"Organization","@id":"https:\/\/www.bellunopress.it\/#organization","name":"Bellunopress","url":"https:\/\/www.bellunopress.it\/","logo":{"@type":"ImageObject","inLanguage":"fr-FR","@id":"https:\/\/www.bellunopress.it\/#\/schema\/logo\/image\/","url":"https:\/\/www.bellunopress.it\/wp-content\/uploads\/2011\/05\/cropped-logo-bellunopress-.jpg","contentUrl":"https:\/\/www.bellunopress.it\/wp-content\/uploads\/2011\/05\/cropped-logo-bellunopress-.jpg","width":512,"height":512,"caption":"Bellunopress"},"image":{"@id":"https:\/\/www.bellunopress.it\/#\/schema\/logo\/image\/"},"sameAs":["https:\/\/www.facebook.com\/profile.php?id=100008943462799","https:\/\/x.com\/bellunopress","https:\/\/www.linkedin.com\/hp\/?dnr=JBzUWaJfMUw8vbXJJ2tVW5-I3jZKvC4wsoxE&amp;amp;amp;amp;amp;amp;trk=nav_responsive_tab_home","https:\/\/www.youtube.com\/channel\/UCxL0wu1uN0_3_7hGG0306cw"]},{"@type":"Person","@id":"https:\/\/www.bellunopress.it\/#\/schema\/person\/79bb06722b37ece1c03d3e94beb30d73","name":"r\u00e9daction","image":{"@type":"ImageObject","inLanguage":"fr-FR","@id":"https:\/\/secure.gravatar.com\/avatar\/37d968a2e67a6fd04c169c4bdef102d0bc5d31b2546345219e348575eb80e9a0?s=96&d=mm&r=g","url":"https:\/\/secure.gravatar.com\/avatar\/37d968a2e67a6fd04c169c4bdef102d0bc5d31b2546345219e348575eb80e9a0?s=96&d=mm&r=g","contentUrl":"https:\/\/secure.gravatar.com\/avatar\/37d968a2e67a6fd04c169c4bdef102d0bc5d31b2546345219e348575eb80e9a0?s=96&d=mm&r=g","caption":"redazione"},"sameAs":["http:\/\/www.bellunopress.it","https:\/\/x.com\/bellunopress"],"url":"https:\/\/www.bellunopress.it\/fr\/author\/redazione\/"}]}},"_links":{"self":[{"href":"https:\/\/www.bellunopress.it\/fr\/wp-json\/wp\/v2\/posts\/35031","targetHints":{"allow":["GET"]}}],"collection":[{"href":"https:\/\/www.bellunopress.it\/fr\/wp-json\/wp\/v2\/posts"}],"about":[{"href":"https:\/\/www.bellunopress.it\/fr\/wp-json\/wp\/v2\/types\/post"}],"author":[{"embeddable":true,"href":"https:\/\/www.bellunopress.it\/fr\/wp-json\/wp\/v2\/users\/2"}],"replies":[{"embeddable":true,"href":"https:\/\/www.bellunopress.it\/fr\/wp-json\/wp\/v2\/comments?post=35031"}],"version-history":[{"count":1,"href":"https:\/\/www.bellunopress.it\/fr\/wp-json\/wp\/v2\/posts\/35031\/revisions"}],"predecessor-version":[{"id":35033,"href":"https:\/\/www.bellunopress.it\/fr\/wp-json\/wp\/v2\/posts\/35031\/revisions\/35033"}],"wp:attachment":[{"href":"https:\/\/www.bellunopress.it\/fr\/wp-json\/wp\/v2\/media?parent=35031"}],"wp:term":[{"taxonomy":"category","embeddable":true,"href":"https:\/\/www.bellunopress.it\/fr\/wp-json\/wp\/v2\/categories?post=35031"},{"taxonomy":"post_tag","embeddable":true,"href":"https:\/\/www.bellunopress.it\/fr\/wp-json\/wp\/v2\/tags?post=35031"}],"curies":[{"name":"wp","href":"https:\/\/api.w.org\/{rel}","templated":true}]}}