{"id":35021,"date":"2012-02-11T23:10:27","date_gmt":"2012-02-11T22:10:27","guid":{"rendered":"http:\/\/www.bellunopress.it\/?p=35021"},"modified":"2012-02-11T23:10:27","modified_gmt":"2012-02-11T22:10:27","slug":"stefano-ghezze-e-il-nuovo-coordinatore-provinciale-del-pdl","status":"publish","type":"post","link":"https:\/\/www.bellunopress.it\/fr\/2012\/02\/11\/stefano-ghezze-e-il-nuovo-coordinatore-provinciale-del-pdl\/","title":{"rendered":"Stefano Ghezze \u00e8 il nuovo coordinatore provinciale del Pdl"},"content":{"rendered":"<figure id=\"attachment_23114\" aria-describedby=\"caption-attachment-23114\" style=\"width: 117px\" class=\"wp-caption alignleft\"><a href=\"http:\/\/www.bellunopress.it\/wp-content\/uploads\/2011\/01\/ghezze-150x117.jpg\"><img loading=\"lazy\" decoding=\"async\" class=\"size-full wp-image-23114\" title=\"ghezze 150x117\" src=\"http:\/\/www.bellunopress.it\/wp-content\/uploads\/2011\/01\/ghezze-150x117.jpg\" alt=\"\" width=\"117\" height=\"150\" \/><\/a><figcaption id=\"caption-attachment-23114\" class=\"wp-caption-text\">Stefano Ghezze<\/figcaption><\/figure>\n<p>Dopo aver fatto fuori a tavolino (per un vizio formale) Michele Carbogno, forte del suo pacchetto di 208 tessere, Stefano Ghezze \u00e8 diventato il nuovo coordinatore provinciale del Pdl. Le operazioni di voto si sono concluse oggi (sabato 11 febbraio) alle ore 19, al Palazzetto dei servizi di Sedico, mentre lo scrutinio \u00e8 stato ultimato alle 20,15. In tutto i votanti sono stati 302.<\/p>\n<p>Di seguito gli eletti:<\/p>\n<p>Stefano Ghezze (coordinatore)<\/p>\n<p>Floriano Pra (coordinatore vicario)<\/p>\n<p>Lista bloccata: Luigino Boito, Dario Bond, Orazio da Rold, Raffaele Addamiano, Maria Grazia Passuello, Silver De Zolt, Luca De Carlo, Max Pachner, Renata Dal Farra, Michele dal Paos, Bruno Zanolla, Giovanni Piccoli, Dario Scopel, Ennio Vigne, Moreno De Val.<\/p>\n<p>Entreranno nel nuovo Coordinamento anche Michela Zabot (44 preferenze), Franco Roccon (26), Bruno Zanvit (21), Ester Scopel (21), Alfredo Comis (19), Silvano Da Riz (16), Matteo Mares (16), Mario Neri (14), Luigino Olivier (14), Giampaolo Sasso (12), Gino Piolo (9), Cecilia Viel (9), Marco D&#8217;Ambros (9), Idalgo De Pra&#8217; (9), Celeste Levis (8).<\/p>\n<p>&nbsp;<\/p>","protected":false},"excerpt":{"rendered":"<p>Dopo aver fatto fuori a tavolino (per un vizio formale) Michele Carbogno, forte del suo pacchetto di 208 tessere, Stefano Ghezze \u00e8 diventato il nuovo coordinatore provinciale del Pdl. Le operazioni di voto si sono concluse oggi (sabato 11 febbraio) alle ore 19, al Palazzetto dei servizi di Sedico, mentre lo scrutinio \u00e8 stato ultimato [&hellip;]<\/p>\n","protected":false},"author":2,"featured_media":0,"comment_status":"closed","ping_status":"open","sticky":false,"template":"","format":"standard","meta":{"footnotes":""},"categories":[5,26],"tags":[],"class_list":["post-35021","post","type-post","status-publish","format-standard","category-cronaca","category-prima-pagina"],"yoast_head":"<!-- This site is optimized with the Yoast SEO plugin v28.4 - https:\/\/yoast.com\/product\/yoast-seo-wordpress\/ -->\n<title>Stefano Ghezze \u00e8 il nuovo coordinatore provinciale del Pdl - Bellunopress - Dolomiti<\/title>\n<meta name=\"robots\" content=\"index, follow, max-snippet:-1, max-image-preview:large, max-video-preview:-1\" \/>\n<link rel=\"canonical\" href=\"https:\/\/www.bellunopress.it\/fr\/2012\/02\/11\/stefano-ghezze-e-il-nuovo-coordinatore-provinciale-del-pdl\/\" \/>\n<meta property=\"og:locale\" content=\"fr_FR\" \/>\n<meta property=\"og:type\" content=\"article\" \/>\n<meta property=\"og:title\" content=\"Stefano Ghezze \u00e8 il nuovo coordinatore provinciale del Pdl - Bellunopress - Dolomiti\" \/>\n<meta property=\"og:description\" content=\"Dopo aver fatto fuori a tavolino (per un vizio formale) Michele Carbogno, forte del suo pacchetto di 208 tessere, Stefano Ghezze \u00e8 diventato il nuovo coordinatore provinciale del Pdl. Le operazioni di voto si sono concluse oggi (sabato 11 febbraio) alle ore 19, al Palazzetto dei servizi di Sedico, mentre lo scrutinio \u00e8 stato ultimato [&hellip;]\" \/>\n<meta property=\"og:url\" content=\"https:\/\/www.bellunopress.it\/fr\/2012\/02\/11\/stefano-ghezze-e-il-nuovo-coordinatore-provinciale-del-pdl\/\" \/>\n<meta property=\"og:site_name\" content=\"Bellunopress - Dolomiti\" \/>\n<meta property=\"article:publisher\" content=\"https:\/\/www.facebook.com\/profile.php?id=100008943462799\" \/>\n<meta property=\"article:published_time\" content=\"2012-02-11T22:10:27+00:00\" \/>\n<meta property=\"og:image\" content=\"http:\/\/www.bellunopress.it\/wp-content\/uploads\/2011\/01\/ghezze-150x117.jpg\" \/>\n<meta name=\"author\" content=\"redazione\" \/>\n<meta name=\"twitter:card\" content=\"summary_large_image\" \/>\n<meta name=\"twitter:creator\" content=\"@bellunopress\" \/>\n<meta name=\"twitter:site\" content=\"@bellunopress\" \/>\n<meta name=\"twitter:label1\" content=\"\u00c9crit par\" \/>\n\t<meta name=\"twitter:data1\" content=\"redazione\" \/>\n\t<meta name=\"twitter:label2\" content=\"Dur\u00e9e de lecture estim\u00e9e\" \/>\n\t<meta name=\"twitter:data2\" content=\"1 minute\" \/>\n<script type=\"application\/ld+json\" class=\"yoast-schema-graph\">{\"@context\":\"https:\\\/\\\/schema.org\",\"@graph\":[{\"@type\":\"Article\",\"@id\":\"https:\\\/\\\/www.bellunopress.it\\\/2012\\\/02\\\/11\\\/stefano-ghezze-e-il-nuovo-coordinatore-provinciale-del-pdl\\\/#article\",\"isPartOf\":{\"@id\":\"https:\\\/\\\/www.bellunopress.it\\\/2012\\\/02\\\/11\\\/stefano-ghezze-e-il-nuovo-coordinatore-provinciale-del-pdl\\\/\"},\"author\":{\"name\":\"redazione\",\"@id\":\"https:\\\/\\\/www.bellunopress.it\\\/#\\\/schema\\\/person\\\/79bb06722b37ece1c03d3e94beb30d73\"},\"headline\":\"Stefano Ghezze \u00e8 il nuovo coordinatore provinciale del Pdl\",\"datePublished\":\"2012-02-11T22:10:27+00:00\",\"mainEntityOfPage\":{\"@id\":\"https:\\\/\\\/www.bellunopress.it\\\/2012\\\/02\\\/11\\\/stefano-ghezze-e-il-nuovo-coordinatore-provinciale-del-pdl\\\/\"},\"wordCount\":165,\"publisher\":{\"@id\":\"https:\\\/\\\/www.bellunopress.it\\\/#organization\"},\"image\":{\"@id\":\"https:\\\/\\\/www.bellunopress.it\\\/2012\\\/02\\\/11\\\/stefano-ghezze-e-il-nuovo-coordinatore-provinciale-del-pdl\\\/#primaryimage\"},\"thumbnailUrl\":\"http:\\\/\\\/www.bellunopress.it\\\/wp-content\\\/uploads\\\/2011\\\/01\\\/ghezze-150x117.jpg\",\"articleSection\":[\"Cronaca\\\/Politica\",\"Prima Pagina\"],\"inLanguage\":\"fr-FR\"},{\"@type\":\"WebPage\",\"@id\":\"https:\\\/\\\/www.bellunopress.it\\\/2012\\\/02\\\/11\\\/stefano-ghezze-e-il-nuovo-coordinatore-provinciale-del-pdl\\\/\",\"url\":\"https:\\\/\\\/www.bellunopress.it\\\/2012\\\/02\\\/11\\\/stefano-ghezze-e-il-nuovo-coordinatore-provinciale-del-pdl\\\/\",\"name\":\"Stefano Ghezze \u00e8 il nuovo coordinatore provinciale del Pdl - Bellunopress - Dolomiti\",\"isPartOf\":{\"@id\":\"https:\\\/\\\/www.bellunopress.it\\\/#website\"},\"primaryImageOfPage\":{\"@id\":\"https:\\\/\\\/www.bellunopress.it\\\/2012\\\/02\\\/11\\\/stefano-ghezze-e-il-nuovo-coordinatore-provinciale-del-pdl\\\/#primaryimage\"},\"image\":{\"@id\":\"https:\\\/\\\/www.bellunopress.it\\\/2012\\\/02\\\/11\\\/stefano-ghezze-e-il-nuovo-coordinatore-provinciale-del-pdl\\\/#primaryimage\"},\"thumbnailUrl\":\"http:\\\/\\\/www.bellunopress.it\\\/wp-content\\\/uploads\\\/2011\\\/01\\\/ghezze-150x117.jpg\",\"datePublished\":\"2012-02-11T22:10:27+00:00\",\"breadcrumb\":{\"@id\":\"https:\\\/\\\/www.bellunopress.it\\\/2012\\\/02\\\/11\\\/stefano-ghezze-e-il-nuovo-coordinatore-provinciale-del-pdl\\\/#breadcrumb\"},\"inLanguage\":\"fr-FR\",\"potentialAction\":[{\"@type\":\"ReadAction\",\"target\":[\"https:\\\/\\\/www.bellunopress.it\\\/2012\\\/02\\\/11\\\/stefano-ghezze-e-il-nuovo-coordinatore-provinciale-del-pdl\\\/\"]}]},{\"@type\":\"ImageObject\",\"inLanguage\":\"fr-FR\",\"@id\":\"https:\\\/\\\/www.bellunopress.it\\\/2012\\\/02\\\/11\\\/stefano-ghezze-e-il-nuovo-coordinatore-provinciale-del-pdl\\\/#primaryimage\",\"url\":\"http:\\\/\\\/www.bellunopress.it\\\/wp-content\\\/uploads\\\/2011\\\/01\\\/ghezze-150x117.jpg\",\"contentUrl\":\"http:\\\/\\\/www.bellunopress.it\\\/wp-content\\\/uploads\\\/2011\\\/01\\\/ghezze-150x117.jpg\"},{\"@type\":\"BreadcrumbList\",\"@id\":\"https:\\\/\\\/www.bellunopress.it\\\/2012\\\/02\\\/11\\\/stefano-ghezze-e-il-nuovo-coordinatore-provinciale-del-pdl\\\/#breadcrumb\",\"itemListElement\":[{\"@type\":\"ListItem\",\"position\":1,\"name\":\"Home\",\"item\":\"https:\\\/\\\/www.bellunopress.it\\\/\"},{\"@type\":\"ListItem\",\"position\":2,\"name\":\"Stefano Ghezze \u00e8 il nuovo coordinatore provinciale del Pdl\"}]},{\"@type\":\"WebSite\",\"@id\":\"https:\\\/\\\/www.bellunopress.it\\\/#website\",\"url\":\"https:\\\/\\\/www.bellunopress.it\\\/\",\"name\":\"Bellunopress - Dolomiti\",\"description\":\"e-mail: redazione@bellunopress.it\",\"publisher\":{\"@id\":\"https:\\\/\\\/www.bellunopress.it\\\/#organization\"},\"potentialAction\":[{\"@type\":\"SearchAction\",\"target\":{\"@type\":\"EntryPoint\",\"urlTemplate\":\"https:\\\/\\\/www.bellunopress.it\\\/?s={search_term_string}\"},\"query-input\":{\"@type\":\"PropertyValueSpecification\",\"valueRequired\":true,\"valueName\":\"search_term_string\"}}],\"inLanguage\":\"fr-FR\"},{\"@type\":\"Organization\",\"@id\":\"https:\\\/\\\/www.bellunopress.it\\\/#organization\",\"name\":\"Bellunopress\",\"url\":\"https:\\\/\\\/www.bellunopress.it\\\/\",\"logo\":{\"@type\":\"ImageObject\",\"inLanguage\":\"fr-FR\",\"@id\":\"https:\\\/\\\/www.bellunopress.it\\\/#\\\/schema\\\/logo\\\/image\\\/\",\"url\":\"https:\\\/\\\/www.bellunopress.it\\\/wp-content\\\/uploads\\\/2011\\\/05\\\/cropped-logo-bellunopress-.jpg\",\"contentUrl\":\"https:\\\/\\\/www.bellunopress.it\\\/wp-content\\\/uploads\\\/2011\\\/05\\\/cropped-logo-bellunopress-.jpg\",\"width\":512,\"height\":512,\"caption\":\"Bellunopress\"},\"image\":{\"@id\":\"https:\\\/\\\/www.bellunopress.it\\\/#\\\/schema\\\/logo\\\/image\\\/\"},\"sameAs\":[\"https:\\\/\\\/www.facebook.com\\\/profile.php?id=100008943462799\",\"https:\\\/\\\/x.com\\\/bellunopress\",\"https:\\\/\\\/www.linkedin.com\\\/hp\\\/?dnr=JBzUWaJfMUw8vbXJJ2tVW5-I3jZKvC4wsoxE&amp;amp;amp;amp;amp;amp;trk=nav_responsive_tab_home\",\"https:\\\/\\\/www.youtube.com\\\/channel\\\/UCxL0wu1uN0_3_7hGG0306cw\"]},{\"@type\":\"Person\",\"@id\":\"https:\\\/\\\/www.bellunopress.it\\\/#\\\/schema\\\/person\\\/79bb06722b37ece1c03d3e94beb30d73\",\"name\":\"redazione\",\"image\":{\"@type\":\"ImageObject\",\"inLanguage\":\"fr-FR\",\"@id\":\"https:\\\/\\\/secure.gravatar.com\\\/avatar\\\/37d968a2e67a6fd04c169c4bdef102d0bc5d31b2546345219e348575eb80e9a0?s=96&d=mm&r=g\",\"url\":\"https:\\\/\\\/secure.gravatar.com\\\/avatar\\\/37d968a2e67a6fd04c169c4bdef102d0bc5d31b2546345219e348575eb80e9a0?s=96&d=mm&r=g\",\"contentUrl\":\"https:\\\/\\\/secure.gravatar.com\\\/avatar\\\/37d968a2e67a6fd04c169c4bdef102d0bc5d31b2546345219e348575eb80e9a0?s=96&d=mm&r=g\",\"caption\":\"redazione\"},\"sameAs\":[\"http:\\\/\\\/www.bellunopress.it\",\"https:\\\/\\\/x.com\\\/bellunopress\"],\"url\":\"https:\\\/\\\/www.bellunopress.it\\\/fr\\\/author\\\/redazione\\\/\"}]}<\/script>\n<!-- \/ Yoast SEO plugin. -->","yoast_head_json":{"title":"Stefano Ghezze \u00e8 il nuovo coordinatore provinciale del Pdl - Bellunopress - Dolomiti","robots":{"index":"index","follow":"follow","max-snippet":"max-snippet:-1","max-image-preview":"max-image-preview:large","max-video-preview":"max-video-preview:-1"},"canonical":"https:\/\/www.bellunopress.it\/fr\/2012\/02\/11\/stefano-ghezze-e-il-nuovo-coordinatore-provinciale-del-pdl\/","og_locale":"fr_FR","og_type":"article","og_title":"Stefano Ghezze \u00e8 il nuovo coordinatore provinciale del Pdl - Bellunopress - Dolomiti","og_description":"Dopo aver fatto fuori a tavolino (per un vizio formale) Michele Carbogno, forte del suo pacchetto di 208 tessere, Stefano Ghezze \u00e8 diventato il nuovo coordinatore provinciale del Pdl. Le operazioni di voto si sono concluse oggi (sabato 11 febbraio) alle ore 19, al Palazzetto dei servizi di Sedico, mentre lo scrutinio \u00e8 stato ultimato [&hellip;]","og_url":"https:\/\/www.bellunopress.it\/fr\/2012\/02\/11\/stefano-ghezze-e-il-nuovo-coordinatore-provinciale-del-pdl\/","og_site_name":"Bellunopress - Dolomiti","article_publisher":"https:\/\/www.facebook.com\/profile.php?id=100008943462799","article_published_time":"2012-02-11T22:10:27+00:00","og_image":[{"url":"http:\/\/www.bellunopress.it\/wp-content\/uploads\/2011\/01\/ghezze-150x117.jpg","type":"","width":"","height":""}],"author":"redazione","twitter_card":"summary_large_image","twitter_creator":"@bellunopress","twitter_site":"@bellunopress","twitter_misc":{"\u00c9crit par":"redazione","Dur\u00e9e de lecture estim\u00e9e":"1 minute"},"schema":{"@context":"https:\/\/schema.org","@graph":[{"@type":"Article","@id":"https:\/\/www.bellunopress.it\/2012\/02\/11\/stefano-ghezze-e-il-nuovo-coordinatore-provinciale-del-pdl\/#article","isPartOf":{"@id":"https:\/\/www.bellunopress.it\/2012\/02\/11\/stefano-ghezze-e-il-nuovo-coordinatore-provinciale-del-pdl\/"},"author":{"name":"redazione","@id":"https:\/\/www.bellunopress.it\/#\/schema\/person\/79bb06722b37ece1c03d3e94beb30d73"},"headline":"Stefano Ghezze \u00e8 il nuovo coordinatore provinciale del Pdl","datePublished":"2012-02-11T22:10:27+00:00","mainEntityOfPage":{"@id":"https:\/\/www.bellunopress.it\/2012\/02\/11\/stefano-ghezze-e-il-nuovo-coordinatore-provinciale-del-pdl\/"},"wordCount":165,"publisher":{"@id":"https:\/\/www.bellunopress.it\/#organization"},"image":{"@id":"https:\/\/www.bellunopress.it\/2012\/02\/11\/stefano-ghezze-e-il-nuovo-coordinatore-provinciale-del-pdl\/#primaryimage"},"thumbnailUrl":"http:\/\/www.bellunopress.it\/wp-content\/uploads\/2011\/01\/ghezze-150x117.jpg","articleSection":["Cronaca\/Politica","Prima Pagina"],"inLanguage":"fr-FR"},{"@type":"WebPage","@id":"https:\/\/www.bellunopress.it\/2012\/02\/11\/stefano-ghezze-e-il-nuovo-coordinatore-provinciale-del-pdl\/","url":"https:\/\/www.bellunopress.it\/2012\/02\/11\/stefano-ghezze-e-il-nuovo-coordinatore-provinciale-del-pdl\/","name":"Stefano Ghezze \u00e8 il nuovo coordinatore provinciale del Pdl - Bellunopress - Dolomiti","isPartOf":{"@id":"https:\/\/www.bellunopress.it\/#website"},"primaryImageOfPage":{"@id":"https:\/\/www.bellunopress.it\/2012\/02\/11\/stefano-ghezze-e-il-nuovo-coordinatore-provinciale-del-pdl\/#primaryimage"},"image":{"@id":"https:\/\/www.bellunopress.it\/2012\/02\/11\/stefano-ghezze-e-il-nuovo-coordinatore-provinciale-del-pdl\/#primaryimage"},"thumbnailUrl":"http:\/\/www.bellunopress.it\/wp-content\/uploads\/2011\/01\/ghezze-150x117.jpg","datePublished":"2012-02-11T22:10:27+00:00","breadcrumb":{"@id":"https:\/\/www.bellunopress.it\/2012\/02\/11\/stefano-ghezze-e-il-nuovo-coordinatore-provinciale-del-pdl\/#breadcrumb"},"inLanguage":"fr-FR","potentialAction":[{"@type":"ReadAction","target":["https:\/\/www.bellunopress.it\/2012\/02\/11\/stefano-ghezze-e-il-nuovo-coordinatore-provinciale-del-pdl\/"]}]},{"@type":"ImageObject","inLanguage":"fr-FR","@id":"https:\/\/www.bellunopress.it\/2012\/02\/11\/stefano-ghezze-e-il-nuovo-coordinatore-provinciale-del-pdl\/#primaryimage","url":"http:\/\/www.bellunopress.it\/wp-content\/uploads\/2011\/01\/ghezze-150x117.jpg","contentUrl":"http:\/\/www.bellunopress.it\/wp-content\/uploads\/2011\/01\/ghezze-150x117.jpg"},{"@type":"BreadcrumbList","@id":"https:\/\/www.bellunopress.it\/2012\/02\/11\/stefano-ghezze-e-il-nuovo-coordinatore-provinciale-del-pdl\/#breadcrumb","itemListElement":[{"@type":"ListItem","position":1,"name":"Home","item":"https:\/\/www.bellunopress.it\/"},{"@type":"ListItem","position":2,"name":"Stefano Ghezze \u00e8 il nuovo coordinatore provinciale del Pdl"}]},{"@type":"WebSite","@id":"https:\/\/www.bellunopress.it\/#website","url":"https:\/\/www.bellunopress.it\/","name":"Bellunopress - Dolomiti","description":"e-mail: redazione@bellunopress.it","publisher":{"@id":"https:\/\/www.bellunopress.it\/#organization"},"potentialAction":[{"@type":"SearchAction","target":{"@type":"EntryPoint","urlTemplate":"https:\/\/www.bellunopress.it\/?s={search_term_string}"},"query-input":{"@type":"PropertyValueSpecification","valueRequired":true,"valueName":"search_term_string"}}],"inLanguage":"fr-FR"},{"@type":"Organization","@id":"https:\/\/www.bellunopress.it\/#organization","name":"Bellunopress","url":"https:\/\/www.bellunopress.it\/","logo":{"@type":"ImageObject","inLanguage":"fr-FR","@id":"https:\/\/www.bellunopress.it\/#\/schema\/logo\/image\/","url":"https:\/\/www.bellunopress.it\/wp-content\/uploads\/2011\/05\/cropped-logo-bellunopress-.jpg","contentUrl":"https:\/\/www.bellunopress.it\/wp-content\/uploads\/2011\/05\/cropped-logo-bellunopress-.jpg","width":512,"height":512,"caption":"Bellunopress"},"image":{"@id":"https:\/\/www.bellunopress.it\/#\/schema\/logo\/image\/"},"sameAs":["https:\/\/www.facebook.com\/profile.php?id=100008943462799","https:\/\/x.com\/bellunopress","https:\/\/www.linkedin.com\/hp\/?dnr=JBzUWaJfMUw8vbXJJ2tVW5-I3jZKvC4wsoxE&amp;amp;amp;amp;amp;amp;trk=nav_responsive_tab_home","https:\/\/www.youtube.com\/channel\/UCxL0wu1uN0_3_7hGG0306cw"]},{"@type":"Person","@id":"https:\/\/www.bellunopress.it\/#\/schema\/person\/79bb06722b37ece1c03d3e94beb30d73","name":"r\u00e9daction","image":{"@type":"ImageObject","inLanguage":"fr-FR","@id":"https:\/\/secure.gravatar.com\/avatar\/37d968a2e67a6fd04c169c4bdef102d0bc5d31b2546345219e348575eb80e9a0?s=96&d=mm&r=g","url":"https:\/\/secure.gravatar.com\/avatar\/37d968a2e67a6fd04c169c4bdef102d0bc5d31b2546345219e348575eb80e9a0?s=96&d=mm&r=g","contentUrl":"https:\/\/secure.gravatar.com\/avatar\/37d968a2e67a6fd04c169c4bdef102d0bc5d31b2546345219e348575eb80e9a0?s=96&d=mm&r=g","caption":"redazione"},"sameAs":["http:\/\/www.bellunopress.it","https:\/\/x.com\/bellunopress"],"url":"https:\/\/www.bellunopress.it\/fr\/author\/redazione\/"}]}},"_links":{"self":[{"href":"https:\/\/www.bellunopress.it\/fr\/wp-json\/wp\/v2\/posts\/35021","targetHints":{"allow":["GET"]}}],"collection":[{"href":"https:\/\/www.bellunopress.it\/fr\/wp-json\/wp\/v2\/posts"}],"about":[{"href":"https:\/\/www.bellunopress.it\/fr\/wp-json\/wp\/v2\/types\/post"}],"author":[{"embeddable":true,"href":"https:\/\/www.bellunopress.it\/fr\/wp-json\/wp\/v2\/users\/2"}],"replies":[{"embeddable":true,"href":"https:\/\/www.bellunopress.it\/fr\/wp-json\/wp\/v2\/comments?post=35021"}],"version-history":[{"count":2,"href":"https:\/\/www.bellunopress.it\/fr\/wp-json\/wp\/v2\/posts\/35021\/revisions"}],"predecessor-version":[{"id":35023,"href":"https:\/\/www.bellunopress.it\/fr\/wp-json\/wp\/v2\/posts\/35021\/revisions\/35023"}],"wp:attachment":[{"href":"https:\/\/www.bellunopress.it\/fr\/wp-json\/wp\/v2\/media?parent=35021"}],"wp:term":[{"taxonomy":"category","embeddable":true,"href":"https:\/\/www.bellunopress.it\/fr\/wp-json\/wp\/v2\/categories?post=35021"},{"taxonomy":"post_tag","embeddable":true,"href":"https:\/\/www.bellunopress.it\/fr\/wp-json\/wp\/v2\/tags?post=35021"}],"curies":[{"name":"wp","href":"https:\/\/api.w.org\/{rel}","templated":true}]}}