{"id":35003,"date":"2012-02-12T23:53:11","date_gmt":"2012-02-12T22:53:11","guid":{"rendered":"http:\/\/www.bellunopress.it\/?p=35003"},"modified":"2012-02-11T09:54:29","modified_gmt":"2012-02-11T08:54:29","slug":"i-venerdi-della-scienza-alla-biblioteca-di-sedico","status":"publish","type":"post","link":"https:\/\/www.bellunopress.it\/fr\/2012\/02\/12\/i-venerdi-della-scienza-alla-biblioteca-di-sedico\/","title":{"rendered":"I venerd\u00ec della scienza alla Biblioteca di Sedico"},"content":{"rendered":"<p>Viaggio di esplorazione nel mondo della scienza\u00a0 10.edizione 2012 &#8211; per ragazzi dalla 2^ alla 5^ classe di scuola primaria. Giocare imparando nei laboratori ludico-scientifici, per scoprire la storia della scienza, della tecnologia e delle scoperte dell&#8217;uomo. Appagare le proprie curiosit\u00e0 e stupirsi con esperienze, strumenti e esperimenti. In collaborazione con le case editrici Giunti e Editoriale Scienza, Dami, Touring Junior, Fatatrac, Motta Junior. ISCRIZIONI : presso la Biblioteca Civica (mail <a href=\"mailto:biblioteca@comune.sedico.bl.it&lt;mailto:biblioteca@comune.sedico.bl.it\">biblioteca@comune.sedico.bl.it&lt;mailto:biblioteca@comune.sedico.bl.it<\/a>&gt;, tel 0437.855632) almeno\u00a0 due giorni prima del laboratorio.\u00a0 Con il contributo della CASSA di RISPARMIO del VENETO<\/p>\n<p>VENERDI&#8217; 17 FEBBRAIO &#8211; 2 turni: ore 14.45 e 16,30 \u00a0SCIENZ -ARCHEOLABORATORIO DELL&#8217;ANTICA GRECIA Dei veri geni questi antichi Greci. Oggi siamo eredi delle loro invenzioni, delle loro scoperte e del loro pensiero. Prova per un&#8217;ora ad essere un eroe greco e a rivivere il mondo greco e le sue tecnologie. Porteremo a casa antichissimi reperti. ricostruiti in laboratorio \u00a0ARCHEOLAB l&#8217;ANTICA GRECIA. Laboratori ludo-didattici di promozione alla lettura di storia antica e di archeologia. A cura di Giunti Editore, Dami, Touring Junior, Editoriale Scienza, Fatatrac, Motta Junior. La Grecia \u00e8 la culla della civilt\u00e0 occidentale ed \u00e8 impossibile sfuggire al suo fascino. Nel Mar Mediterraneo, IX secolo a.C. dalle ceneri di due splendide civilt\u00e0, quella minoica e quella micenea, misteriosamente scomparse, ne sorge una nuova che raggiunger\u00e0 vette altissime fornendo, per i secoli a venire, un modello universale di sviluppo sociale, politico, culturale. Dalle origini all&#8217;Ellenismo, la storia dell&#8217;antica Grecia, potenza militare e culla delle arti, per scoprire insieme le abitudini e la vita quotidiana dei suoi abitanti fra poleis, agor\u00e0 e templi. Chi \u00e8 il greco pi\u00f9 famoso? Dove e come vivevano gli antichi Greci? Andavano a scuola i bambini greci? Cosa c&#8217;entra il terremoto con il dio Helios? E tante altre domande alle quali dare risposta. Durata: 60 minuti con gruppo classe oppure con un gruppo\u00a0 max 20\/25 bambini. Et\u00e0 \/Classi consigliate: scuola primaria; scuola secondaria di primo grado; 6-10 anni, 9-12 anni. LIBRI di RIFERIMENTO: storia antica, archeologia, antica Grecia, arte greca<\/p>\n<p>VENERDI&#8217; 24 FEBBRAIO &#8211; 2 turni: ore 14.45 e 16,30 \u00a0SCIENZ-ARCHEOLABORATORIO di VITA ROMANA I sec. a.C. nell&#8217;impero romano. Come vivevano i ragazzi romani? Che oggetti usavano ogni giorno? Cosa sa mangiavano? Come giocavano? Come si vestivano? Cosa leggevano? Andavano a scuola? Con la costruzione di oggetti da portare a casa. \u00a0ARCHEOLAB SCENE DI VITA ROMANA I sec. a.C.,nella capitale e nei territori dell&#8217;impero. A cura di Giunti Editore, Dami, Editoriale Scienza, Touring Junior, Fatatrac, Motta Junior. Laboratori ludo-didattici di promozione alla lettura di storia antica e di archeologia. Per scoprire insieme le abitudini quotidiane nel periodo dell&#8217;Impero romano. Cosa facevano i nostri antenati? Che oggetti usavano ogni giorno? Cosa sa mangiavano? Come giocavano? Come si vestivano? Cosa leggevano? Andavano a scuola? Con dimostrazioni da parte dell&#8217;animatore e costruzioni di oggetti da portare a casa. Durata: 60 minuti con gruppo classe oppure con un gruppo\u00a0 max 20\/25 bambini. Et\u00e0 \/Classi consigliate: scuola infanzia e scuola primaria; scuola secondaria di primo grado; dai 5-6 anni, 6-10 anni, 9-12 anni. LIBRI di RIFERIMENTO: antica Roma, storia antica, Impero romano<\/p>","protected":false},"excerpt":{"rendered":"<p>Viaggio di esplorazione nel mondo della scienza\u00a0 10.edizione 2012 &#8211; per ragazzi dalla 2^ alla 5^ classe di scuola primaria. Giocare imparando nei laboratori ludico-scientifici, per scoprire la storia della scienza, della tecnologia e delle scoperte dell&#8217;uomo. Appagare le proprie curiosit\u00e0 e stupirsi con esperienze, strumenti e esperimenti. In collaborazione con le case editrici Giunti [&hellip;]<\/p>\n","protected":false},"author":2,"featured_media":0,"comment_status":"closed","ping_status":"open","sticky":false,"template":"","format":"standard","meta":{"footnotes":""},"categories":[27,25],"tags":[],"class_list":["post-35003","post","type-post","status-publish","format-standard","category-appuntamenti","category-pausa-caffe"],"yoast_head":"<!-- This site is optimized with the Yoast SEO plugin v28.4 - https:\/\/yoast.com\/product\/yoast-seo-wordpress\/ -->\n<title>I venerd\u00ec della scienza alla Biblioteca di Sedico - Bellunopress - Dolomiti<\/title>\n<meta name=\"robots\" content=\"index, follow, max-snippet:-1, max-image-preview:large, max-video-preview:-1\" \/>\n<link rel=\"canonical\" href=\"https:\/\/www.bellunopress.it\/fr\/2012\/02\/12\/i-venerdi-della-scienza-alla-biblioteca-di-sedico\/\" \/>\n<meta property=\"og:locale\" content=\"fr_FR\" \/>\n<meta property=\"og:type\" content=\"article\" \/>\n<meta property=\"og:title\" content=\"I venerd\u00ec della scienza alla Biblioteca di Sedico - Bellunopress - Dolomiti\" \/>\n<meta property=\"og:description\" content=\"Viaggio di esplorazione nel mondo della scienza\u00a0 10.edizione 2012 &#8211; per ragazzi dalla 2^ alla 5^ classe di scuola primaria. Giocare imparando nei laboratori ludico-scientifici, per scoprire la storia della scienza, della tecnologia e delle scoperte dell&#8217;uomo. Appagare le proprie curiosit\u00e0 e stupirsi con esperienze, strumenti e esperimenti. In collaborazione con le case editrici Giunti [&hellip;]\" \/>\n<meta property=\"og:url\" content=\"https:\/\/www.bellunopress.it\/fr\/2012\/02\/12\/i-venerdi-della-scienza-alla-biblioteca-di-sedico\/\" \/>\n<meta property=\"og:site_name\" content=\"Bellunopress - Dolomiti\" \/>\n<meta property=\"article:publisher\" content=\"https:\/\/www.facebook.com\/profile.php?id=100008943462799\" \/>\n<meta property=\"article:published_time\" content=\"2012-02-12T22:53:11+00:00\" \/>\n<meta property=\"og:image\" content=\"http:\/\/www.bellunopress.it\/wp-content\/uploads\/2012\/07\/logo-bellunopress-250x250-2012.jpg\" \/>\n<meta name=\"author\" content=\"redazione\" \/>\n<meta name=\"twitter:card\" content=\"summary_large_image\" \/>\n<meta name=\"twitter:creator\" content=\"@bellunopress\" \/>\n<meta name=\"twitter:site\" content=\"@bellunopress\" \/>\n<meta name=\"twitter:label1\" content=\"\u00c9crit par\" \/>\n\t<meta name=\"twitter:data1\" content=\"redazione\" \/>\n\t<meta name=\"twitter:label2\" content=\"Dur\u00e9e de lecture estim\u00e9e\" \/>\n\t<meta name=\"twitter:data2\" content=\"3 minutes\" \/>\n<script type=\"application\/ld+json\" class=\"yoast-schema-graph\">{\"@context\":\"https:\\\/\\\/schema.org\",\"@graph\":[{\"@type\":\"Article\",\"@id\":\"https:\\\/\\\/www.bellunopress.it\\\/2012\\\/02\\\/12\\\/i-venerdi-della-scienza-alla-biblioteca-di-sedico\\\/#article\",\"isPartOf\":{\"@id\":\"https:\\\/\\\/www.bellunopress.it\\\/2012\\\/02\\\/12\\\/i-venerdi-della-scienza-alla-biblioteca-di-sedico\\\/\"},\"author\":{\"name\":\"redazione\",\"@id\":\"https:\\\/\\\/www.bellunopress.it\\\/#\\\/schema\\\/person\\\/79bb06722b37ece1c03d3e94beb30d73\"},\"headline\":\"I venerd\u00ec della scienza alla Biblioteca di Sedico\",\"datePublished\":\"2012-02-12T22:53:11+00:00\",\"mainEntityOfPage\":{\"@id\":\"https:\\\/\\\/www.bellunopress.it\\\/2012\\\/02\\\/12\\\/i-venerdi-della-scienza-alla-biblioteca-di-sedico\\\/\"},\"wordCount\":526,\"publisher\":{\"@id\":\"https:\\\/\\\/www.bellunopress.it\\\/#organization\"},\"articleSection\":[\"Appuntamenti, Eventi\",\"Pausa Caff\u00e8\"],\"inLanguage\":\"fr-FR\"},{\"@type\":\"WebPage\",\"@id\":\"https:\\\/\\\/www.bellunopress.it\\\/2012\\\/02\\\/12\\\/i-venerdi-della-scienza-alla-biblioteca-di-sedico\\\/\",\"url\":\"https:\\\/\\\/www.bellunopress.it\\\/2012\\\/02\\\/12\\\/i-venerdi-della-scienza-alla-biblioteca-di-sedico\\\/\",\"name\":\"I venerd\u00ec della scienza alla Biblioteca di Sedico - Bellunopress - Dolomiti\",\"isPartOf\":{\"@id\":\"https:\\\/\\\/www.bellunopress.it\\\/#website\"},\"datePublished\":\"2012-02-12T22:53:11+00:00\",\"breadcrumb\":{\"@id\":\"https:\\\/\\\/www.bellunopress.it\\\/2012\\\/02\\\/12\\\/i-venerdi-della-scienza-alla-biblioteca-di-sedico\\\/#breadcrumb\"},\"inLanguage\":\"fr-FR\",\"potentialAction\":[{\"@type\":\"ReadAction\",\"target\":[\"https:\\\/\\\/www.bellunopress.it\\\/2012\\\/02\\\/12\\\/i-venerdi-della-scienza-alla-biblioteca-di-sedico\\\/\"]}]},{\"@type\":\"BreadcrumbList\",\"@id\":\"https:\\\/\\\/www.bellunopress.it\\\/2012\\\/02\\\/12\\\/i-venerdi-della-scienza-alla-biblioteca-di-sedico\\\/#breadcrumb\",\"itemListElement\":[{\"@type\":\"ListItem\",\"position\":1,\"name\":\"Home\",\"item\":\"https:\\\/\\\/www.bellunopress.it\\\/\"},{\"@type\":\"ListItem\",\"position\":2,\"name\":\"I venerd\u00ec della scienza alla Biblioteca di Sedico\"}]},{\"@type\":\"WebSite\",\"@id\":\"https:\\\/\\\/www.bellunopress.it\\\/#website\",\"url\":\"https:\\\/\\\/www.bellunopress.it\\\/\",\"name\":\"Bellunopress - Dolomiti\",\"description\":\"e-mail: redazione@bellunopress.it\",\"publisher\":{\"@id\":\"https:\\\/\\\/www.bellunopress.it\\\/#organization\"},\"potentialAction\":[{\"@type\":\"SearchAction\",\"target\":{\"@type\":\"EntryPoint\",\"urlTemplate\":\"https:\\\/\\\/www.bellunopress.it\\\/?s={search_term_string}\"},\"query-input\":{\"@type\":\"PropertyValueSpecification\",\"valueRequired\":true,\"valueName\":\"search_term_string\"}}],\"inLanguage\":\"fr-FR\"},{\"@type\":\"Organization\",\"@id\":\"https:\\\/\\\/www.bellunopress.it\\\/#organization\",\"name\":\"Bellunopress\",\"url\":\"https:\\\/\\\/www.bellunopress.it\\\/\",\"logo\":{\"@type\":\"ImageObject\",\"inLanguage\":\"fr-FR\",\"@id\":\"https:\\\/\\\/www.bellunopress.it\\\/#\\\/schema\\\/logo\\\/image\\\/\",\"url\":\"https:\\\/\\\/www.bellunopress.it\\\/wp-content\\\/uploads\\\/2011\\\/05\\\/cropped-logo-bellunopress-.jpg\",\"contentUrl\":\"https:\\\/\\\/www.bellunopress.it\\\/wp-content\\\/uploads\\\/2011\\\/05\\\/cropped-logo-bellunopress-.jpg\",\"width\":512,\"height\":512,\"caption\":\"Bellunopress\"},\"image\":{\"@id\":\"https:\\\/\\\/www.bellunopress.it\\\/#\\\/schema\\\/logo\\\/image\\\/\"},\"sameAs\":[\"https:\\\/\\\/www.facebook.com\\\/profile.php?id=100008943462799\",\"https:\\\/\\\/x.com\\\/bellunopress\",\"https:\\\/\\\/www.linkedin.com\\\/hp\\\/?dnr=JBzUWaJfMUw8vbXJJ2tVW5-I3jZKvC4wsoxE&amp;amp;amp;amp;amp;amp;trk=nav_responsive_tab_home\",\"https:\\\/\\\/www.youtube.com\\\/channel\\\/UCxL0wu1uN0_3_7hGG0306cw\"]},{\"@type\":\"Person\",\"@id\":\"https:\\\/\\\/www.bellunopress.it\\\/#\\\/schema\\\/person\\\/79bb06722b37ece1c03d3e94beb30d73\",\"name\":\"redazione\",\"image\":{\"@type\":\"ImageObject\",\"inLanguage\":\"fr-FR\",\"@id\":\"https:\\\/\\\/secure.gravatar.com\\\/avatar\\\/37d968a2e67a6fd04c169c4bdef102d0bc5d31b2546345219e348575eb80e9a0?s=96&d=mm&r=g\",\"url\":\"https:\\\/\\\/secure.gravatar.com\\\/avatar\\\/37d968a2e67a6fd04c169c4bdef102d0bc5d31b2546345219e348575eb80e9a0?s=96&d=mm&r=g\",\"contentUrl\":\"https:\\\/\\\/secure.gravatar.com\\\/avatar\\\/37d968a2e67a6fd04c169c4bdef102d0bc5d31b2546345219e348575eb80e9a0?s=96&d=mm&r=g\",\"caption\":\"redazione\"},\"sameAs\":[\"http:\\\/\\\/www.bellunopress.it\",\"https:\\\/\\\/x.com\\\/bellunopress\"],\"url\":\"https:\\\/\\\/www.bellunopress.it\\\/fr\\\/author\\\/redazione\\\/\"}]}<\/script>\n<!-- \/ Yoast SEO plugin. -->","yoast_head_json":{"title":"I venerd\u00ec della scienza alla Biblioteca di Sedico - Bellunopress - Dolomiti","robots":{"index":"index","follow":"follow","max-snippet":"max-snippet:-1","max-image-preview":"max-image-preview:large","max-video-preview":"max-video-preview:-1"},"canonical":"https:\/\/www.bellunopress.it\/fr\/2012\/02\/12\/i-venerdi-della-scienza-alla-biblioteca-di-sedico\/","og_locale":"fr_FR","og_type":"article","og_title":"I venerd\u00ec della scienza alla Biblioteca di Sedico - Bellunopress - Dolomiti","og_description":"Viaggio di esplorazione nel mondo della scienza\u00a0 10.edizione 2012 &#8211; per ragazzi dalla 2^ alla 5^ classe di scuola primaria. Giocare imparando nei laboratori ludico-scientifici, per scoprire la storia della scienza, della tecnologia e delle scoperte dell&#8217;uomo. Appagare le proprie curiosit\u00e0 e stupirsi con esperienze, strumenti e esperimenti. In collaborazione con le case editrici Giunti [&hellip;]","og_url":"https:\/\/www.bellunopress.it\/fr\/2012\/02\/12\/i-venerdi-della-scienza-alla-biblioteca-di-sedico\/","og_site_name":"Bellunopress - Dolomiti","article_publisher":"https:\/\/www.facebook.com\/profile.php?id=100008943462799","article_published_time":"2012-02-12T22:53:11+00:00","og_image":[{"url":"http:\/\/www.bellunopress.it\/wp-content\/uploads\/2012\/07\/logo-bellunopress-250x250-2012.jpg","type":"","width":"","height":""}],"author":"redazione","twitter_card":"summary_large_image","twitter_creator":"@bellunopress","twitter_site":"@bellunopress","twitter_misc":{"\u00c9crit par":"redazione","Dur\u00e9e de lecture estim\u00e9e":"3 minutes"},"schema":{"@context":"https:\/\/schema.org","@graph":[{"@type":"Article","@id":"https:\/\/www.bellunopress.it\/2012\/02\/12\/i-venerdi-della-scienza-alla-biblioteca-di-sedico\/#article","isPartOf":{"@id":"https:\/\/www.bellunopress.it\/2012\/02\/12\/i-venerdi-della-scienza-alla-biblioteca-di-sedico\/"},"author":{"name":"redazione","@id":"https:\/\/www.bellunopress.it\/#\/schema\/person\/79bb06722b37ece1c03d3e94beb30d73"},"headline":"I venerd\u00ec della scienza alla Biblioteca di Sedico","datePublished":"2012-02-12T22:53:11+00:00","mainEntityOfPage":{"@id":"https:\/\/www.bellunopress.it\/2012\/02\/12\/i-venerdi-della-scienza-alla-biblioteca-di-sedico\/"},"wordCount":526,"publisher":{"@id":"https:\/\/www.bellunopress.it\/#organization"},"articleSection":["Appuntamenti, Eventi","Pausa Caff\u00e8"],"inLanguage":"fr-FR"},{"@type":"WebPage","@id":"https:\/\/www.bellunopress.it\/2012\/02\/12\/i-venerdi-della-scienza-alla-biblioteca-di-sedico\/","url":"https:\/\/www.bellunopress.it\/2012\/02\/12\/i-venerdi-della-scienza-alla-biblioteca-di-sedico\/","name":"I venerd\u00ec della scienza alla Biblioteca di Sedico - Bellunopress - Dolomiti","isPartOf":{"@id":"https:\/\/www.bellunopress.it\/#website"},"datePublished":"2012-02-12T22:53:11+00:00","breadcrumb":{"@id":"https:\/\/www.bellunopress.it\/2012\/02\/12\/i-venerdi-della-scienza-alla-biblioteca-di-sedico\/#breadcrumb"},"inLanguage":"fr-FR","potentialAction":[{"@type":"ReadAction","target":["https:\/\/www.bellunopress.it\/2012\/02\/12\/i-venerdi-della-scienza-alla-biblioteca-di-sedico\/"]}]},{"@type":"BreadcrumbList","@id":"https:\/\/www.bellunopress.it\/2012\/02\/12\/i-venerdi-della-scienza-alla-biblioteca-di-sedico\/#breadcrumb","itemListElement":[{"@type":"ListItem","position":1,"name":"Home","item":"https:\/\/www.bellunopress.it\/"},{"@type":"ListItem","position":2,"name":"I venerd\u00ec della scienza alla Biblioteca di Sedico"}]},{"@type":"WebSite","@id":"https:\/\/www.bellunopress.it\/#website","url":"https:\/\/www.bellunopress.it\/","name":"Bellunopress - Dolomiti","description":"e-mail: redazione@bellunopress.it","publisher":{"@id":"https:\/\/www.bellunopress.it\/#organization"},"potentialAction":[{"@type":"SearchAction","target":{"@type":"EntryPoint","urlTemplate":"https:\/\/www.bellunopress.it\/?s={search_term_string}"},"query-input":{"@type":"PropertyValueSpecification","valueRequired":true,"valueName":"search_term_string"}}],"inLanguage":"fr-FR"},{"@type":"Organization","@id":"https:\/\/www.bellunopress.it\/#organization","name":"Bellunopress","url":"https:\/\/www.bellunopress.it\/","logo":{"@type":"ImageObject","inLanguage":"fr-FR","@id":"https:\/\/www.bellunopress.it\/#\/schema\/logo\/image\/","url":"https:\/\/www.bellunopress.it\/wp-content\/uploads\/2011\/05\/cropped-logo-bellunopress-.jpg","contentUrl":"https:\/\/www.bellunopress.it\/wp-content\/uploads\/2011\/05\/cropped-logo-bellunopress-.jpg","width":512,"height":512,"caption":"Bellunopress"},"image":{"@id":"https:\/\/www.bellunopress.it\/#\/schema\/logo\/image\/"},"sameAs":["https:\/\/www.facebook.com\/profile.php?id=100008943462799","https:\/\/x.com\/bellunopress","https:\/\/www.linkedin.com\/hp\/?dnr=JBzUWaJfMUw8vbXJJ2tVW5-I3jZKvC4wsoxE&amp;amp;amp;amp;amp;amp;trk=nav_responsive_tab_home","https:\/\/www.youtube.com\/channel\/UCxL0wu1uN0_3_7hGG0306cw"]},{"@type":"Person","@id":"https:\/\/www.bellunopress.it\/#\/schema\/person\/79bb06722b37ece1c03d3e94beb30d73","name":"r\u00e9daction","image":{"@type":"ImageObject","inLanguage":"fr-FR","@id":"https:\/\/secure.gravatar.com\/avatar\/37d968a2e67a6fd04c169c4bdef102d0bc5d31b2546345219e348575eb80e9a0?s=96&d=mm&r=g","url":"https:\/\/secure.gravatar.com\/avatar\/37d968a2e67a6fd04c169c4bdef102d0bc5d31b2546345219e348575eb80e9a0?s=96&d=mm&r=g","contentUrl":"https:\/\/secure.gravatar.com\/avatar\/37d968a2e67a6fd04c169c4bdef102d0bc5d31b2546345219e348575eb80e9a0?s=96&d=mm&r=g","caption":"redazione"},"sameAs":["http:\/\/www.bellunopress.it","https:\/\/x.com\/bellunopress"],"url":"https:\/\/www.bellunopress.it\/fr\/author\/redazione\/"}]}},"_links":{"self":[{"href":"https:\/\/www.bellunopress.it\/fr\/wp-json\/wp\/v2\/posts\/35003","targetHints":{"allow":["GET"]}}],"collection":[{"href":"https:\/\/www.bellunopress.it\/fr\/wp-json\/wp\/v2\/posts"}],"about":[{"href":"https:\/\/www.bellunopress.it\/fr\/wp-json\/wp\/v2\/types\/post"}],"author":[{"embeddable":true,"href":"https:\/\/www.bellunopress.it\/fr\/wp-json\/wp\/v2\/users\/2"}],"replies":[{"embeddable":true,"href":"https:\/\/www.bellunopress.it\/fr\/wp-json\/wp\/v2\/comments?post=35003"}],"version-history":[{"count":1,"href":"https:\/\/www.bellunopress.it\/fr\/wp-json\/wp\/v2\/posts\/35003\/revisions"}],"predecessor-version":[{"id":35004,"href":"https:\/\/www.bellunopress.it\/fr\/wp-json\/wp\/v2\/posts\/35003\/revisions\/35004"}],"wp:attachment":[{"href":"https:\/\/www.bellunopress.it\/fr\/wp-json\/wp\/v2\/media?parent=35003"}],"wp:term":[{"taxonomy":"category","embeddable":true,"href":"https:\/\/www.bellunopress.it\/fr\/wp-json\/wp\/v2\/categories?post=35003"},{"taxonomy":"post_tag","embeddable":true,"href":"https:\/\/www.bellunopress.it\/fr\/wp-json\/wp\/v2\/tags?post=35003"}],"curies":[{"name":"wp","href":"https:\/\/api.w.org\/{rel}","templated":true}]}}