{"id":34999,"date":"2012-02-12T22:39:32","date_gmt":"2012-02-12T21:39:32","guid":{"rendered":"http:\/\/www.bellunopress.it\/?p=34999"},"modified":"2012-02-11T09:41:35","modified_gmt":"2012-02-11T08:41:35","slug":"giovedi-a-feltre-droghe-e-sogni-giovanili-secondo-confronto-sullagio-e-il-disagio","status":"publish","type":"post","link":"https:\/\/www.bellunopress.it\/fr\/2012\/02\/12\/giovedi-a-feltre-droghe-e-sogni-giovanili-secondo-confronto-sullagio-e-il-disagio\/","title":{"rendered":"Gioved\u00ec a Feltre: droghe e sogni giovanili, secondo confronto sull\u2019agio e il disagio"},"content":{"rendered":"<p>Gioved\u00ec 16 febbraio alle ore 19.45 allo Spazio giovani in ex Manifattura Piave di Feltre si svolger\u00e0 il secondo confronto sull\u2019agio e il disagio giovanile denominato\u201d Droghe e sogni giovanili\u201d, un percorso riflessivo per capire l\u2019intreccio tra vita quotidiana dei giovani e uso di sostanze nella nostra realt\u00e0 locale. I relatori invitati sono Antonio Cavaliera, capitano del Comando Compagnia Carabinieri\u00a0 di Feltre e Luigi Turco, psicologo e psicoterapeuta del Dipartimento Dipendenze dell\u2019ULSS 2. I due ospiti forniranno un quadro della situazione dello spaccio ed uso di sostanze stupefacenti nel nostro territorio e della facilit\u00e0 con cui i giovani spesso riescono a procurarsi le sostanze psicotrope. Durante la seduta saranno anche presentati i risultati del bilancio operativo del 2011 realizzato dal Comando Carabinieri per quanto concerne la prevenzione\u00a0 e\u00a0 repressione dell&#8217;uso di sostanze tra la popolazione, si focalizzer\u00e0 poi l&#8217;attenzione su alcune indagini coordinate dallo stesso Comandante che hanno riguardato la segnalazione alle Prefetture locali di molti giovanissimi coinvolti in operazioni di spaccio di droghe\u00a0 e, inoltre, saranno esposti alcuni interessanti dati sull&#8217;uso \u2013 abuso di\u00a0 alcol alla guida\u00a0 una piaga che affligge sempre pi\u00f9 il Feltrino.\u00a0 A seguire ci sar\u00e0 la proiezione del film \u201cQualcuno con cui correre\u201d, romanzo di formazione di un&#8217;adolescenza maltrattata nella Gerusalemme di David Grossman. Questa iniziativa \u00e8 stata portata all\u2019attenzione della cittadinanza grazie anche all\u2019appassionato lavoro del vicepresidente della consulta Federico Di Giorgi, in collaborazione con Luigi Turco del Sert e con il centro per le dipendenze giovanili \u201cDanza del tempo\u201d di Feltre. I due successivi\u00a0 incontri si terranno il 23 febbraio (invariati luogo e orario), con Massimo Semenzin, che come responsabile del dipartimento di salute mentale di Feltre parler\u00e0 del suicidio e il primo marzo dove con Emanuela Mondin, educatrice del centro aggregativo \u201cIl muretto\u201d, Michela Marchet, psicologa del centro Danza del tempo, e Alessandro Penta, psicologo a Milano si affronter\u00e0 il tema della malattia mentale e dei suoi tanti tab\u00f9 da sfatare. Per tutti gli interessati che non potranno presenziare alle conferenze di \u201cAgio e disagio\u201d, si ricorda che sar\u00e0 possibile partecipare virtualmente collegandosi al sito diciamolanostra.it e seguendo la diretta in live streaming.<\/p>\n<h1 align=\"LEFT\"><\/h1>\n<p>&nbsp;<\/p>\n<h1 align=\"LEFT\"><\/h1>\n<p>&nbsp;<\/p>\n<h1 align=\"LEFT\"><\/h1>\n<p align=\"LEFT\">\n<p align=\"LEFT\">","protected":false},"excerpt":{"rendered":"<p>Gioved\u00ec 16 febbraio alle ore 19.45 allo Spazio giovani in ex Manifattura Piave di Feltre si svolger\u00e0 il secondo confronto sull\u2019agio e il disagio giovanile denominato\u201d Droghe e sogni giovanili\u201d, un percorso riflessivo per capire l\u2019intreccio tra vita quotidiana dei giovani e uso di sostanze nella nostra realt\u00e0 locale. I relatori invitati sono Antonio Cavaliera, [&hellip;]<\/p>\n","protected":false},"author":2,"featured_media":0,"comment_status":"closed","ping_status":"open","sticky":false,"template":"","format":"standard","meta":{"footnotes":""},"categories":[27,25],"tags":[],"class_list":["post-34999","post","type-post","status-publish","format-standard","category-appuntamenti","category-pausa-caffe"],"yoast_head":"<!-- This site is optimized with the Yoast SEO plugin v28.4 - https:\/\/yoast.com\/product\/yoast-seo-wordpress\/ -->\n<title>Gioved\u00ec a Feltre: droghe e sogni giovanili, secondo confronto sull\u2019agio e il disagio - Bellunopress - Dolomiti<\/title>\n<meta name=\"robots\" content=\"index, follow, max-snippet:-1, max-image-preview:large, max-video-preview:-1\" \/>\n<link rel=\"canonical\" href=\"https:\/\/www.bellunopress.it\/fr\/2012\/02\/12\/giovedi-a-feltre-droghe-e-sogni-giovanili-secondo-confronto-sullagio-e-il-disagio\/\" \/>\n<meta property=\"og:locale\" content=\"fr_FR\" \/>\n<meta property=\"og:type\" content=\"article\" \/>\n<meta property=\"og:title\" content=\"Gioved\u00ec a Feltre: droghe e sogni giovanili, secondo confronto sull\u2019agio e il disagio - Bellunopress - Dolomiti\" \/>\n<meta property=\"og:description\" content=\"Gioved\u00ec 16 febbraio alle ore 19.45 allo Spazio giovani in ex Manifattura Piave di Feltre si svolger\u00e0 il secondo confronto sull\u2019agio e il disagio giovanile denominato\u201d Droghe e sogni giovanili\u201d, un percorso riflessivo per capire l\u2019intreccio tra vita quotidiana dei giovani e uso di sostanze nella nostra realt\u00e0 locale. I relatori invitati sono Antonio Cavaliera, [&hellip;]\" \/>\n<meta property=\"og:url\" content=\"https:\/\/www.bellunopress.it\/fr\/2012\/02\/12\/giovedi-a-feltre-droghe-e-sogni-giovanili-secondo-confronto-sullagio-e-il-disagio\/\" \/>\n<meta property=\"og:site_name\" content=\"Bellunopress - Dolomiti\" \/>\n<meta property=\"article:publisher\" content=\"https:\/\/www.facebook.com\/profile.php?id=100008943462799\" \/>\n<meta property=\"article:published_time\" content=\"2012-02-12T21:39:32+00:00\" \/>\n<meta property=\"og:image\" content=\"http:\/\/www.bellunopress.it\/wp-content\/uploads\/2012\/07\/logo-bellunopress-250x250-2012.jpg\" \/>\n<meta name=\"author\" content=\"redazione\" \/>\n<meta name=\"twitter:card\" content=\"summary_large_image\" \/>\n<meta name=\"twitter:creator\" content=\"@bellunopress\" \/>\n<meta name=\"twitter:site\" content=\"@bellunopress\" \/>\n<meta name=\"twitter:label1\" content=\"\u00c9crit par\" \/>\n\t<meta name=\"twitter:data1\" content=\"redazione\" \/>\n\t<meta name=\"twitter:label2\" content=\"Dur\u00e9e de lecture estim\u00e9e\" \/>\n\t<meta name=\"twitter:data2\" content=\"2 minutes\" \/>\n<script type=\"application\/ld+json\" class=\"yoast-schema-graph\">{\"@context\":\"https:\\\/\\\/schema.org\",\"@graph\":[{\"@type\":\"Article\",\"@id\":\"https:\\\/\\\/www.bellunopress.it\\\/2012\\\/02\\\/12\\\/giovedi-a-feltre-droghe-e-sogni-giovanili-secondo-confronto-sullagio-e-il-disagio\\\/#article\",\"isPartOf\":{\"@id\":\"https:\\\/\\\/www.bellunopress.it\\\/2012\\\/02\\\/12\\\/giovedi-a-feltre-droghe-e-sogni-giovanili-secondo-confronto-sullagio-e-il-disagio\\\/\"},\"author\":{\"name\":\"redazione\",\"@id\":\"https:\\\/\\\/www.bellunopress.it\\\/#\\\/schema\\\/person\\\/79bb06722b37ece1c03d3e94beb30d73\"},\"headline\":\"Gioved\u00ec a Feltre: droghe e sogni giovanili, secondo confronto sull\u2019agio e il disagio\",\"datePublished\":\"2012-02-12T21:39:32+00:00\",\"mainEntityOfPage\":{\"@id\":\"https:\\\/\\\/www.bellunopress.it\\\/2012\\\/02\\\/12\\\/giovedi-a-feltre-droghe-e-sogni-giovanili-secondo-confronto-sullagio-e-il-disagio\\\/\"},\"wordCount\":370,\"publisher\":{\"@id\":\"https:\\\/\\\/www.bellunopress.it\\\/#organization\"},\"articleSection\":[\"Appuntamenti, Eventi\",\"Pausa Caff\u00e8\"],\"inLanguage\":\"fr-FR\"},{\"@type\":\"WebPage\",\"@id\":\"https:\\\/\\\/www.bellunopress.it\\\/2012\\\/02\\\/12\\\/giovedi-a-feltre-droghe-e-sogni-giovanili-secondo-confronto-sullagio-e-il-disagio\\\/\",\"url\":\"https:\\\/\\\/www.bellunopress.it\\\/2012\\\/02\\\/12\\\/giovedi-a-feltre-droghe-e-sogni-giovanili-secondo-confronto-sullagio-e-il-disagio\\\/\",\"name\":\"Gioved\u00ec a Feltre: droghe e sogni giovanili, secondo confronto sull\u2019agio e il disagio - Bellunopress - Dolomiti\",\"isPartOf\":{\"@id\":\"https:\\\/\\\/www.bellunopress.it\\\/#website\"},\"datePublished\":\"2012-02-12T21:39:32+00:00\",\"breadcrumb\":{\"@id\":\"https:\\\/\\\/www.bellunopress.it\\\/2012\\\/02\\\/12\\\/giovedi-a-feltre-droghe-e-sogni-giovanili-secondo-confronto-sullagio-e-il-disagio\\\/#breadcrumb\"},\"inLanguage\":\"fr-FR\",\"potentialAction\":[{\"@type\":\"ReadAction\",\"target\":[\"https:\\\/\\\/www.bellunopress.it\\\/2012\\\/02\\\/12\\\/giovedi-a-feltre-droghe-e-sogni-giovanili-secondo-confronto-sullagio-e-il-disagio\\\/\"]}]},{\"@type\":\"BreadcrumbList\",\"@id\":\"https:\\\/\\\/www.bellunopress.it\\\/2012\\\/02\\\/12\\\/giovedi-a-feltre-droghe-e-sogni-giovanili-secondo-confronto-sullagio-e-il-disagio\\\/#breadcrumb\",\"itemListElement\":[{\"@type\":\"ListItem\",\"position\":1,\"name\":\"Home\",\"item\":\"https:\\\/\\\/www.bellunopress.it\\\/\"},{\"@type\":\"ListItem\",\"position\":2,\"name\":\"Gioved\u00ec a Feltre: droghe e sogni giovanili, secondo confronto sull\u2019agio e il disagio\"}]},{\"@type\":\"WebSite\",\"@id\":\"https:\\\/\\\/www.bellunopress.it\\\/#website\",\"url\":\"https:\\\/\\\/www.bellunopress.it\\\/\",\"name\":\"Bellunopress - Dolomiti\",\"description\":\"e-mail: redazione@bellunopress.it\",\"publisher\":{\"@id\":\"https:\\\/\\\/www.bellunopress.it\\\/#organization\"},\"potentialAction\":[{\"@type\":\"SearchAction\",\"target\":{\"@type\":\"EntryPoint\",\"urlTemplate\":\"https:\\\/\\\/www.bellunopress.it\\\/?s={search_term_string}\"},\"query-input\":{\"@type\":\"PropertyValueSpecification\",\"valueRequired\":true,\"valueName\":\"search_term_string\"}}],\"inLanguage\":\"fr-FR\"},{\"@type\":\"Organization\",\"@id\":\"https:\\\/\\\/www.bellunopress.it\\\/#organization\",\"name\":\"Bellunopress\",\"url\":\"https:\\\/\\\/www.bellunopress.it\\\/\",\"logo\":{\"@type\":\"ImageObject\",\"inLanguage\":\"fr-FR\",\"@id\":\"https:\\\/\\\/www.bellunopress.it\\\/#\\\/schema\\\/logo\\\/image\\\/\",\"url\":\"https:\\\/\\\/www.bellunopress.it\\\/wp-content\\\/uploads\\\/2011\\\/05\\\/cropped-logo-bellunopress-.jpg\",\"contentUrl\":\"https:\\\/\\\/www.bellunopress.it\\\/wp-content\\\/uploads\\\/2011\\\/05\\\/cropped-logo-bellunopress-.jpg\",\"width\":512,\"height\":512,\"caption\":\"Bellunopress\"},\"image\":{\"@id\":\"https:\\\/\\\/www.bellunopress.it\\\/#\\\/schema\\\/logo\\\/image\\\/\"},\"sameAs\":[\"https:\\\/\\\/www.facebook.com\\\/profile.php?id=100008943462799\",\"https:\\\/\\\/x.com\\\/bellunopress\",\"https:\\\/\\\/www.linkedin.com\\\/hp\\\/?dnr=JBzUWaJfMUw8vbXJJ2tVW5-I3jZKvC4wsoxE&amp;amp;amp;amp;amp;amp;trk=nav_responsive_tab_home\",\"https:\\\/\\\/www.youtube.com\\\/channel\\\/UCxL0wu1uN0_3_7hGG0306cw\"]},{\"@type\":\"Person\",\"@id\":\"https:\\\/\\\/www.bellunopress.it\\\/#\\\/schema\\\/person\\\/79bb06722b37ece1c03d3e94beb30d73\",\"name\":\"redazione\",\"image\":{\"@type\":\"ImageObject\",\"inLanguage\":\"fr-FR\",\"@id\":\"https:\\\/\\\/secure.gravatar.com\\\/avatar\\\/37d968a2e67a6fd04c169c4bdef102d0bc5d31b2546345219e348575eb80e9a0?s=96&d=mm&r=g\",\"url\":\"https:\\\/\\\/secure.gravatar.com\\\/avatar\\\/37d968a2e67a6fd04c169c4bdef102d0bc5d31b2546345219e348575eb80e9a0?s=96&d=mm&r=g\",\"contentUrl\":\"https:\\\/\\\/secure.gravatar.com\\\/avatar\\\/37d968a2e67a6fd04c169c4bdef102d0bc5d31b2546345219e348575eb80e9a0?s=96&d=mm&r=g\",\"caption\":\"redazione\"},\"sameAs\":[\"http:\\\/\\\/www.bellunopress.it\",\"https:\\\/\\\/x.com\\\/bellunopress\"],\"url\":\"https:\\\/\\\/www.bellunopress.it\\\/fr\\\/author\\\/redazione\\\/\"}]}<\/script>\n<!-- \/ Yoast SEO plugin. -->","yoast_head_json":{"title":"Gioved\u00ec a Feltre: droghe e sogni giovanili, secondo confronto sull\u2019agio e il disagio - Bellunopress - Dolomiti","robots":{"index":"index","follow":"follow","max-snippet":"max-snippet:-1","max-image-preview":"max-image-preview:large","max-video-preview":"max-video-preview:-1"},"canonical":"https:\/\/www.bellunopress.it\/fr\/2012\/02\/12\/giovedi-a-feltre-droghe-e-sogni-giovanili-secondo-confronto-sullagio-e-il-disagio\/","og_locale":"fr_FR","og_type":"article","og_title":"Gioved\u00ec a Feltre: droghe e sogni giovanili, secondo confronto sull\u2019agio e il disagio - Bellunopress - Dolomiti","og_description":"Gioved\u00ec 16 febbraio alle ore 19.45 allo Spazio giovani in ex Manifattura Piave di Feltre si svolger\u00e0 il secondo confronto sull\u2019agio e il disagio giovanile denominato\u201d Droghe e sogni giovanili\u201d, un percorso riflessivo per capire l\u2019intreccio tra vita quotidiana dei giovani e uso di sostanze nella nostra realt\u00e0 locale. I relatori invitati sono Antonio Cavaliera, [&hellip;]","og_url":"https:\/\/www.bellunopress.it\/fr\/2012\/02\/12\/giovedi-a-feltre-droghe-e-sogni-giovanili-secondo-confronto-sullagio-e-il-disagio\/","og_site_name":"Bellunopress - Dolomiti","article_publisher":"https:\/\/www.facebook.com\/profile.php?id=100008943462799","article_published_time":"2012-02-12T21:39:32+00:00","og_image":[{"url":"http:\/\/www.bellunopress.it\/wp-content\/uploads\/2012\/07\/logo-bellunopress-250x250-2012.jpg","type":"","width":"","height":""}],"author":"redazione","twitter_card":"summary_large_image","twitter_creator":"@bellunopress","twitter_site":"@bellunopress","twitter_misc":{"\u00c9crit par":"redazione","Dur\u00e9e de lecture estim\u00e9e":"2 minutes"},"schema":{"@context":"https:\/\/schema.org","@graph":[{"@type":"Article","@id":"https:\/\/www.bellunopress.it\/2012\/02\/12\/giovedi-a-feltre-droghe-e-sogni-giovanili-secondo-confronto-sullagio-e-il-disagio\/#article","isPartOf":{"@id":"https:\/\/www.bellunopress.it\/2012\/02\/12\/giovedi-a-feltre-droghe-e-sogni-giovanili-secondo-confronto-sullagio-e-il-disagio\/"},"author":{"name":"redazione","@id":"https:\/\/www.bellunopress.it\/#\/schema\/person\/79bb06722b37ece1c03d3e94beb30d73"},"headline":"Gioved\u00ec a Feltre: droghe e sogni giovanili, secondo confronto sull\u2019agio e il disagio","datePublished":"2012-02-12T21:39:32+00:00","mainEntityOfPage":{"@id":"https:\/\/www.bellunopress.it\/2012\/02\/12\/giovedi-a-feltre-droghe-e-sogni-giovanili-secondo-confronto-sullagio-e-il-disagio\/"},"wordCount":370,"publisher":{"@id":"https:\/\/www.bellunopress.it\/#organization"},"articleSection":["Appuntamenti, Eventi","Pausa Caff\u00e8"],"inLanguage":"fr-FR"},{"@type":"WebPage","@id":"https:\/\/www.bellunopress.it\/2012\/02\/12\/giovedi-a-feltre-droghe-e-sogni-giovanili-secondo-confronto-sullagio-e-il-disagio\/","url":"https:\/\/www.bellunopress.it\/2012\/02\/12\/giovedi-a-feltre-droghe-e-sogni-giovanili-secondo-confronto-sullagio-e-il-disagio\/","name":"Gioved\u00ec a Feltre: droghe e sogni giovanili, secondo confronto sull\u2019agio e il disagio - Bellunopress - Dolomiti","isPartOf":{"@id":"https:\/\/www.bellunopress.it\/#website"},"datePublished":"2012-02-12T21:39:32+00:00","breadcrumb":{"@id":"https:\/\/www.bellunopress.it\/2012\/02\/12\/giovedi-a-feltre-droghe-e-sogni-giovanili-secondo-confronto-sullagio-e-il-disagio\/#breadcrumb"},"inLanguage":"fr-FR","potentialAction":[{"@type":"ReadAction","target":["https:\/\/www.bellunopress.it\/2012\/02\/12\/giovedi-a-feltre-droghe-e-sogni-giovanili-secondo-confronto-sullagio-e-il-disagio\/"]}]},{"@type":"BreadcrumbList","@id":"https:\/\/www.bellunopress.it\/2012\/02\/12\/giovedi-a-feltre-droghe-e-sogni-giovanili-secondo-confronto-sullagio-e-il-disagio\/#breadcrumb","itemListElement":[{"@type":"ListItem","position":1,"name":"Home","item":"https:\/\/www.bellunopress.it\/"},{"@type":"ListItem","position":2,"name":"Gioved\u00ec a Feltre: droghe e sogni giovanili, secondo confronto sull\u2019agio e il disagio"}]},{"@type":"WebSite","@id":"https:\/\/www.bellunopress.it\/#website","url":"https:\/\/www.bellunopress.it\/","name":"Bellunopress - Dolomiti","description":"e-mail: redazione@bellunopress.it","publisher":{"@id":"https:\/\/www.bellunopress.it\/#organization"},"potentialAction":[{"@type":"SearchAction","target":{"@type":"EntryPoint","urlTemplate":"https:\/\/www.bellunopress.it\/?s={search_term_string}"},"query-input":{"@type":"PropertyValueSpecification","valueRequired":true,"valueName":"search_term_string"}}],"inLanguage":"fr-FR"},{"@type":"Organization","@id":"https:\/\/www.bellunopress.it\/#organization","name":"Bellunopress","url":"https:\/\/www.bellunopress.it\/","logo":{"@type":"ImageObject","inLanguage":"fr-FR","@id":"https:\/\/www.bellunopress.it\/#\/schema\/logo\/image\/","url":"https:\/\/www.bellunopress.it\/wp-content\/uploads\/2011\/05\/cropped-logo-bellunopress-.jpg","contentUrl":"https:\/\/www.bellunopress.it\/wp-content\/uploads\/2011\/05\/cropped-logo-bellunopress-.jpg","width":512,"height":512,"caption":"Bellunopress"},"image":{"@id":"https:\/\/www.bellunopress.it\/#\/schema\/logo\/image\/"},"sameAs":["https:\/\/www.facebook.com\/profile.php?id=100008943462799","https:\/\/x.com\/bellunopress","https:\/\/www.linkedin.com\/hp\/?dnr=JBzUWaJfMUw8vbXJJ2tVW5-I3jZKvC4wsoxE&amp;amp;amp;amp;amp;amp;trk=nav_responsive_tab_home","https:\/\/www.youtube.com\/channel\/UCxL0wu1uN0_3_7hGG0306cw"]},{"@type":"Person","@id":"https:\/\/www.bellunopress.it\/#\/schema\/person\/79bb06722b37ece1c03d3e94beb30d73","name":"r\u00e9daction","image":{"@type":"ImageObject","inLanguage":"fr-FR","@id":"https:\/\/secure.gravatar.com\/avatar\/37d968a2e67a6fd04c169c4bdef102d0bc5d31b2546345219e348575eb80e9a0?s=96&d=mm&r=g","url":"https:\/\/secure.gravatar.com\/avatar\/37d968a2e67a6fd04c169c4bdef102d0bc5d31b2546345219e348575eb80e9a0?s=96&d=mm&r=g","contentUrl":"https:\/\/secure.gravatar.com\/avatar\/37d968a2e67a6fd04c169c4bdef102d0bc5d31b2546345219e348575eb80e9a0?s=96&d=mm&r=g","caption":"redazione"},"sameAs":["http:\/\/www.bellunopress.it","https:\/\/x.com\/bellunopress"],"url":"https:\/\/www.bellunopress.it\/fr\/author\/redazione\/"}]}},"_links":{"self":[{"href":"https:\/\/www.bellunopress.it\/fr\/wp-json\/wp\/v2\/posts\/34999","targetHints":{"allow":["GET"]}}],"collection":[{"href":"https:\/\/www.bellunopress.it\/fr\/wp-json\/wp\/v2\/posts"}],"about":[{"href":"https:\/\/www.bellunopress.it\/fr\/wp-json\/wp\/v2\/types\/post"}],"author":[{"embeddable":true,"href":"https:\/\/www.bellunopress.it\/fr\/wp-json\/wp\/v2\/users\/2"}],"replies":[{"embeddable":true,"href":"https:\/\/www.bellunopress.it\/fr\/wp-json\/wp\/v2\/comments?post=34999"}],"version-history":[{"count":2,"href":"https:\/\/www.bellunopress.it\/fr\/wp-json\/wp\/v2\/posts\/34999\/revisions"}],"predecessor-version":[{"id":35001,"href":"https:\/\/www.bellunopress.it\/fr\/wp-json\/wp\/v2\/posts\/34999\/revisions\/35001"}],"wp:attachment":[{"href":"https:\/\/www.bellunopress.it\/fr\/wp-json\/wp\/v2\/media?parent=34999"}],"wp:term":[{"taxonomy":"category","embeddable":true,"href":"https:\/\/www.bellunopress.it\/fr\/wp-json\/wp\/v2\/categories?post=34999"},{"taxonomy":"post_tag","embeddable":true,"href":"https:\/\/www.bellunopress.it\/fr\/wp-json\/wp\/v2\/tags?post=34999"}],"curies":[{"name":"wp","href":"https:\/\/api.w.org\/{rel}","templated":true}]}}