{"id":34997,"date":"2012-02-12T23:34:42","date_gmt":"2012-02-12T22:34:42","guid":{"rendered":"http:\/\/www.bellunopress.it\/?p=34997"},"modified":"2012-02-11T09:42:13","modified_gmt":"2012-02-11T08:42:13","slug":"progetto-fuoco-veronafiere-si-prepara-allevento-europeo-del-settore","status":"publish","type":"post","link":"https:\/\/www.bellunopress.it\/fr\/2012\/02\/12\/progetto-fuoco-veronafiere-si-prepara-allevento-europeo-del-settore\/","title":{"rendered":"Progetto fuoco: Veronafiere si prepara all&#8217;evento europeo del settore"},"content":{"rendered":"<p>Tra pochi giorni Progetto Fuoco aprir\u00e0 i battenti nel cuore di un inverno tra i pi\u00f9 freddi degli ultimi decenni. Se neve e ghiaccio la fanno da padroni in mezza Europa, a Verona il \u201cfuoco pulito\u201d di stufe e caminetti confermer\u00e0 la validit\u00e0 dell\u2019utilizzo del legno e dei suoi derivati con le biomasse protagoniste nel campo delle energie rinnovabili. Camini e stufe sono tornati di grande attualit\u00e0. Ai motivi d\u2019ordine economico ed ecologico, argomenti forti per spingere le vendite, occorre aggiungere la componente emozionale che favorisce il trend di acquisti per questi apparecchi che portano colore, calore e suggestioni dentro casa e con i quali \u00e8 possibile caratterizzare in modo unico qualsiasi tipo di residenza. Senza co Calore ad alta efficienza per tutti<\/p>\n<p>Progetto Fuoco avr\u00e0 luogo dal 22 al 26 febbraio 2012 nei padiglioni della Fiera di Verona e rappresenta l\u2019unico Salone in Europa dedicato agli impianti, ai prodotti e alle attrezzature per la combustione a legna, il pi\u00f9 importante a livello mondiale per stufe e camini, sia quelli classici a legna sia quelli pi\u00f9 recenti che utilizzano i pellet ormai un must in ogni progetto, in grado di offrire il massimo del comfort e dell\u2019efficienza energetica, funzionali e comodi nell\u2019uso, integrabili nella gestione domotica dell\u2019edificio, tanto belli da scaldare il cuore. La manifestazione veronese riafferma anche quest\u2019anno il proprio ruolo di vetrina privilegiata per il settore e di evento propulsore per il business per tutto il comparto che fa riferimento, oltre a stufe e caminetti, a caldaie, termo-cucine e prodotti collegati, funzionali al risparmio energetico, sicuri e rispettosi dell\u2019ambiente, sempre pi\u00f9 richiesti per nuovi impianti oltre che per la sostituzioni di vecchi impianti ormai obsoleti. \u00a0 L\u2019edizione 2012, l\u2019ottava, ospiter\u00e0 554 espositori provenienti da tutto il mondo in cinque padiglioni, un padiglione in pi\u00f9 rispetto alle edizioni precedenti. La maggiore superficie occupata verr\u00e0 utilizzata ampliando a quattro il numero dei padiglioni dotati di impianti estrazione fumi per mettere in funzione molte pi\u00f9 macchine rispetto al passato. Il quinto padiglione ospiter\u00e0 PF \u2013 TECHNOLOGIE, con le caldaie per impianti di grandi dimensioni e\u00a0 le tecnologie per la preparazione del combustibile: pellet, cippato e legna. In occasione dell\u2019evento veronese dedicato agli operatori (orario continuato 9-18) sono attese migliaia di visitatori; nel 2010 furono 67.000 provenienti da tutto il mondo.<\/p>\n<p>La fiera aprir\u00e0 anche al pubblico sabato 25 e domenica 26 febbraio.<\/p>\n<p>I prodotti esposti: Caminetti, inserti, termocamini, termocucine \u2022 Stufe a pellets, stufe a legna \u2022 Stufe ad accumulo termico \u2022 Cucine e forni a legna, barbecue \u2022 Accessori per caminetti, accendifuoco, prodotti per la pulizia \u2022 Legna, pellet, tronchetti, mattonelle \u2022 Caldaie a: legna, pellet, cippato \u2022 Bruciatori a pellet, bruciatori per combustibili triti \u2022 Impianti e sistemi \u201cchiavi in mano\u201d, silos per stoccaggio e sistemi di caricamento per caldaie \u2022 Macchine per la produzione del pellet, bricchettatrici \u2022 Macchine spaccalegna, cippatrici, sminuzzatrici \u2022 Condotti da fumo in refrattario, acciaio, comignoli e camini \u2022 Accessori e semilavorati per fumisteria, materiali refrattari \u2022 Maioliche, ceramiche, elementi modulari in maiolica \u2022 Strumenti di misura e controllo, termoregolazione \u2022 Servizi di fumisteria, studi di fattibilit\u00e0 e progettazione, software \u2022 Stampa tecnica \u2022 Enti e associazioni.<\/p>","protected":false},"excerpt":{"rendered":"<p>Tra pochi giorni Progetto Fuoco aprir\u00e0 i battenti nel cuore di un inverno tra i pi\u00f9 freddi degli ultimi decenni. Se neve e ghiaccio la fanno da padroni in mezza Europa, a Verona il \u201cfuoco pulito\u201d di stufe e caminetti confermer\u00e0 la validit\u00e0 dell\u2019utilizzo del legno e dei suoi derivati con le biomasse protagoniste nel [&hellip;]<\/p>\n","protected":false},"author":2,"featured_media":0,"comment_status":"closed","ping_status":"open","sticky":false,"template":"","format":"standard","meta":{"footnotes":""},"categories":[27,25],"tags":[],"class_list":["post-34997","post","type-post","status-publish","format-standard","category-appuntamenti","category-pausa-caffe"],"yoast_head":"<!-- This site is optimized with the Yoast SEO plugin v28.4 - https:\/\/yoast.com\/product\/yoast-seo-wordpress\/ -->\n<title>Progetto fuoco: Veronafiere si prepara all&#039;evento europeo del settore - Bellunopress - Dolomiti<\/title>\n<meta name=\"robots\" content=\"index, follow, max-snippet:-1, max-image-preview:large, max-video-preview:-1\" \/>\n<link rel=\"canonical\" href=\"https:\/\/www.bellunopress.it\/fr\/2012\/02\/12\/progetto-fuoco-veronafiere-si-prepara-allevento-europeo-del-settore\/\" \/>\n<meta property=\"og:locale\" content=\"fr_FR\" \/>\n<meta property=\"og:type\" content=\"article\" \/>\n<meta property=\"og:title\" content=\"Progetto fuoco: Veronafiere si prepara all&#039;evento europeo del settore - Bellunopress - Dolomiti\" \/>\n<meta property=\"og:description\" content=\"Tra pochi giorni Progetto Fuoco aprir\u00e0 i battenti nel cuore di un inverno tra i pi\u00f9 freddi degli ultimi decenni. Se neve e ghiaccio la fanno da padroni in mezza Europa, a Verona il \u201cfuoco pulito\u201d di stufe e caminetti confermer\u00e0 la validit\u00e0 dell\u2019utilizzo del legno e dei suoi derivati con le biomasse protagoniste nel [&hellip;]\" \/>\n<meta property=\"og:url\" content=\"https:\/\/www.bellunopress.it\/fr\/2012\/02\/12\/progetto-fuoco-veronafiere-si-prepara-allevento-europeo-del-settore\/\" \/>\n<meta property=\"og:site_name\" content=\"Bellunopress - Dolomiti\" \/>\n<meta property=\"article:publisher\" content=\"https:\/\/www.facebook.com\/profile.php?id=100008943462799\" \/>\n<meta property=\"article:published_time\" content=\"2012-02-12T22:34:42+00:00\" \/>\n<meta property=\"og:image\" content=\"http:\/\/www.bellunopress.it\/wp-content\/uploads\/2012\/07\/logo-bellunopress-250x250-2012.jpg\" \/>\n<meta name=\"author\" content=\"redazione\" \/>\n<meta name=\"twitter:card\" content=\"summary_large_image\" \/>\n<meta name=\"twitter:creator\" content=\"@bellunopress\" \/>\n<meta name=\"twitter:site\" content=\"@bellunopress\" \/>\n<meta name=\"twitter:label1\" content=\"\u00c9crit par\" \/>\n\t<meta name=\"twitter:data1\" content=\"redazione\" \/>\n\t<meta name=\"twitter:label2\" content=\"Dur\u00e9e de lecture estim\u00e9e\" \/>\n\t<meta name=\"twitter:data2\" content=\"3 minutes\" \/>\n<script type=\"application\/ld+json\" class=\"yoast-schema-graph\">{\"@context\":\"https:\\\/\\\/schema.org\",\"@graph\":[{\"@type\":\"Article\",\"@id\":\"https:\\\/\\\/www.bellunopress.it\\\/2012\\\/02\\\/12\\\/progetto-fuoco-veronafiere-si-prepara-allevento-europeo-del-settore\\\/#article\",\"isPartOf\":{\"@id\":\"https:\\\/\\\/www.bellunopress.it\\\/2012\\\/02\\\/12\\\/progetto-fuoco-veronafiere-si-prepara-allevento-europeo-del-settore\\\/\"},\"author\":{\"name\":\"redazione\",\"@id\":\"https:\\\/\\\/www.bellunopress.it\\\/#\\\/schema\\\/person\\\/79bb06722b37ece1c03d3e94beb30d73\"},\"headline\":\"Progetto fuoco: Veronafiere si prepara all&#8217;evento europeo del settore\",\"datePublished\":\"2012-02-12T22:34:42+00:00\",\"mainEntityOfPage\":{\"@id\":\"https:\\\/\\\/www.bellunopress.it\\\/2012\\\/02\\\/12\\\/progetto-fuoco-veronafiere-si-prepara-allevento-europeo-del-settore\\\/\"},\"wordCount\":515,\"publisher\":{\"@id\":\"https:\\\/\\\/www.bellunopress.it\\\/#organization\"},\"articleSection\":[\"Appuntamenti, Eventi\",\"Pausa Caff\u00e8\"],\"inLanguage\":\"fr-FR\"},{\"@type\":\"WebPage\",\"@id\":\"https:\\\/\\\/www.bellunopress.it\\\/2012\\\/02\\\/12\\\/progetto-fuoco-veronafiere-si-prepara-allevento-europeo-del-settore\\\/\",\"url\":\"https:\\\/\\\/www.bellunopress.it\\\/2012\\\/02\\\/12\\\/progetto-fuoco-veronafiere-si-prepara-allevento-europeo-del-settore\\\/\",\"name\":\"Progetto fuoco: Veronafiere si prepara all'evento europeo del settore - Bellunopress - Dolomiti\",\"isPartOf\":{\"@id\":\"https:\\\/\\\/www.bellunopress.it\\\/#website\"},\"datePublished\":\"2012-02-12T22:34:42+00:00\",\"breadcrumb\":{\"@id\":\"https:\\\/\\\/www.bellunopress.it\\\/2012\\\/02\\\/12\\\/progetto-fuoco-veronafiere-si-prepara-allevento-europeo-del-settore\\\/#breadcrumb\"},\"inLanguage\":\"fr-FR\",\"potentialAction\":[{\"@type\":\"ReadAction\",\"target\":[\"https:\\\/\\\/www.bellunopress.it\\\/2012\\\/02\\\/12\\\/progetto-fuoco-veronafiere-si-prepara-allevento-europeo-del-settore\\\/\"]}]},{\"@type\":\"BreadcrumbList\",\"@id\":\"https:\\\/\\\/www.bellunopress.it\\\/2012\\\/02\\\/12\\\/progetto-fuoco-veronafiere-si-prepara-allevento-europeo-del-settore\\\/#breadcrumb\",\"itemListElement\":[{\"@type\":\"ListItem\",\"position\":1,\"name\":\"Home\",\"item\":\"https:\\\/\\\/www.bellunopress.it\\\/\"},{\"@type\":\"ListItem\",\"position\":2,\"name\":\"Progetto fuoco: Veronafiere si prepara all&#8217;evento europeo del settore\"}]},{\"@type\":\"WebSite\",\"@id\":\"https:\\\/\\\/www.bellunopress.it\\\/#website\",\"url\":\"https:\\\/\\\/www.bellunopress.it\\\/\",\"name\":\"Bellunopress - Dolomiti\",\"description\":\"e-mail: redazione@bellunopress.it\",\"publisher\":{\"@id\":\"https:\\\/\\\/www.bellunopress.it\\\/#organization\"},\"potentialAction\":[{\"@type\":\"SearchAction\",\"target\":{\"@type\":\"EntryPoint\",\"urlTemplate\":\"https:\\\/\\\/www.bellunopress.it\\\/?s={search_term_string}\"},\"query-input\":{\"@type\":\"PropertyValueSpecification\",\"valueRequired\":true,\"valueName\":\"search_term_string\"}}],\"inLanguage\":\"fr-FR\"},{\"@type\":\"Organization\",\"@id\":\"https:\\\/\\\/www.bellunopress.it\\\/#organization\",\"name\":\"Bellunopress\",\"url\":\"https:\\\/\\\/www.bellunopress.it\\\/\",\"logo\":{\"@type\":\"ImageObject\",\"inLanguage\":\"fr-FR\",\"@id\":\"https:\\\/\\\/www.bellunopress.it\\\/#\\\/schema\\\/logo\\\/image\\\/\",\"url\":\"https:\\\/\\\/www.bellunopress.it\\\/wp-content\\\/uploads\\\/2011\\\/05\\\/cropped-logo-bellunopress-.jpg\",\"contentUrl\":\"https:\\\/\\\/www.bellunopress.it\\\/wp-content\\\/uploads\\\/2011\\\/05\\\/cropped-logo-bellunopress-.jpg\",\"width\":512,\"height\":512,\"caption\":\"Bellunopress\"},\"image\":{\"@id\":\"https:\\\/\\\/www.bellunopress.it\\\/#\\\/schema\\\/logo\\\/image\\\/\"},\"sameAs\":[\"https:\\\/\\\/www.facebook.com\\\/profile.php?id=100008943462799\",\"https:\\\/\\\/x.com\\\/bellunopress\",\"https:\\\/\\\/www.linkedin.com\\\/hp\\\/?dnr=JBzUWaJfMUw8vbXJJ2tVW5-I3jZKvC4wsoxE&amp;amp;amp;amp;amp;amp;trk=nav_responsive_tab_home\",\"https:\\\/\\\/www.youtube.com\\\/channel\\\/UCxL0wu1uN0_3_7hGG0306cw\"]},{\"@type\":\"Person\",\"@id\":\"https:\\\/\\\/www.bellunopress.it\\\/#\\\/schema\\\/person\\\/79bb06722b37ece1c03d3e94beb30d73\",\"name\":\"redazione\",\"image\":{\"@type\":\"ImageObject\",\"inLanguage\":\"fr-FR\",\"@id\":\"https:\\\/\\\/secure.gravatar.com\\\/avatar\\\/37d968a2e67a6fd04c169c4bdef102d0bc5d31b2546345219e348575eb80e9a0?s=96&d=mm&r=g\",\"url\":\"https:\\\/\\\/secure.gravatar.com\\\/avatar\\\/37d968a2e67a6fd04c169c4bdef102d0bc5d31b2546345219e348575eb80e9a0?s=96&d=mm&r=g\",\"contentUrl\":\"https:\\\/\\\/secure.gravatar.com\\\/avatar\\\/37d968a2e67a6fd04c169c4bdef102d0bc5d31b2546345219e348575eb80e9a0?s=96&d=mm&r=g\",\"caption\":\"redazione\"},\"sameAs\":[\"http:\\\/\\\/www.bellunopress.it\",\"https:\\\/\\\/x.com\\\/bellunopress\"],\"url\":\"https:\\\/\\\/www.bellunopress.it\\\/fr\\\/author\\\/redazione\\\/\"}]}<\/script>\n<!-- \/ Yoast SEO plugin. -->","yoast_head_json":{"title":"Progetto fuoco: Veronafiere si prepara all'evento europeo del settore - Bellunopress - Dolomiti","robots":{"index":"index","follow":"follow","max-snippet":"max-snippet:-1","max-image-preview":"max-image-preview:large","max-video-preview":"max-video-preview:-1"},"canonical":"https:\/\/www.bellunopress.it\/fr\/2012\/02\/12\/progetto-fuoco-veronafiere-si-prepara-allevento-europeo-del-settore\/","og_locale":"fr_FR","og_type":"article","og_title":"Progetto fuoco: Veronafiere si prepara all'evento europeo del settore - Bellunopress - Dolomiti","og_description":"Tra pochi giorni Progetto Fuoco aprir\u00e0 i battenti nel cuore di un inverno tra i pi\u00f9 freddi degli ultimi decenni. Se neve e ghiaccio la fanno da padroni in mezza Europa, a Verona il \u201cfuoco pulito\u201d di stufe e caminetti confermer\u00e0 la validit\u00e0 dell\u2019utilizzo del legno e dei suoi derivati con le biomasse protagoniste nel [&hellip;]","og_url":"https:\/\/www.bellunopress.it\/fr\/2012\/02\/12\/progetto-fuoco-veronafiere-si-prepara-allevento-europeo-del-settore\/","og_site_name":"Bellunopress - Dolomiti","article_publisher":"https:\/\/www.facebook.com\/profile.php?id=100008943462799","article_published_time":"2012-02-12T22:34:42+00:00","og_image":[{"url":"http:\/\/www.bellunopress.it\/wp-content\/uploads\/2012\/07\/logo-bellunopress-250x250-2012.jpg","type":"","width":"","height":""}],"author":"redazione","twitter_card":"summary_large_image","twitter_creator":"@bellunopress","twitter_site":"@bellunopress","twitter_misc":{"\u00c9crit par":"redazione","Dur\u00e9e de lecture estim\u00e9e":"3 minutes"},"schema":{"@context":"https:\/\/schema.org","@graph":[{"@type":"Article","@id":"https:\/\/www.bellunopress.it\/2012\/02\/12\/progetto-fuoco-veronafiere-si-prepara-allevento-europeo-del-settore\/#article","isPartOf":{"@id":"https:\/\/www.bellunopress.it\/2012\/02\/12\/progetto-fuoco-veronafiere-si-prepara-allevento-europeo-del-settore\/"},"author":{"name":"redazione","@id":"https:\/\/www.bellunopress.it\/#\/schema\/person\/79bb06722b37ece1c03d3e94beb30d73"},"headline":"Progetto fuoco: Veronafiere si prepara all&#8217;evento europeo del settore","datePublished":"2012-02-12T22:34:42+00:00","mainEntityOfPage":{"@id":"https:\/\/www.bellunopress.it\/2012\/02\/12\/progetto-fuoco-veronafiere-si-prepara-allevento-europeo-del-settore\/"},"wordCount":515,"publisher":{"@id":"https:\/\/www.bellunopress.it\/#organization"},"articleSection":["Appuntamenti, Eventi","Pausa Caff\u00e8"],"inLanguage":"fr-FR"},{"@type":"WebPage","@id":"https:\/\/www.bellunopress.it\/2012\/02\/12\/progetto-fuoco-veronafiere-si-prepara-allevento-europeo-del-settore\/","url":"https:\/\/www.bellunopress.it\/2012\/02\/12\/progetto-fuoco-veronafiere-si-prepara-allevento-europeo-del-settore\/","name":"Progetto fuoco: Veronafiere si prepara all'evento europeo del settore - Bellunopress - Dolomiti","isPartOf":{"@id":"https:\/\/www.bellunopress.it\/#website"},"datePublished":"2012-02-12T22:34:42+00:00","breadcrumb":{"@id":"https:\/\/www.bellunopress.it\/2012\/02\/12\/progetto-fuoco-veronafiere-si-prepara-allevento-europeo-del-settore\/#breadcrumb"},"inLanguage":"fr-FR","potentialAction":[{"@type":"ReadAction","target":["https:\/\/www.bellunopress.it\/2012\/02\/12\/progetto-fuoco-veronafiere-si-prepara-allevento-europeo-del-settore\/"]}]},{"@type":"BreadcrumbList","@id":"https:\/\/www.bellunopress.it\/2012\/02\/12\/progetto-fuoco-veronafiere-si-prepara-allevento-europeo-del-settore\/#breadcrumb","itemListElement":[{"@type":"ListItem","position":1,"name":"Home","item":"https:\/\/www.bellunopress.it\/"},{"@type":"ListItem","position":2,"name":"Progetto fuoco: Veronafiere si prepara all&#8217;evento europeo del settore"}]},{"@type":"WebSite","@id":"https:\/\/www.bellunopress.it\/#website","url":"https:\/\/www.bellunopress.it\/","name":"Bellunopress - Dolomiti","description":"e-mail: redazione@bellunopress.it","publisher":{"@id":"https:\/\/www.bellunopress.it\/#organization"},"potentialAction":[{"@type":"SearchAction","target":{"@type":"EntryPoint","urlTemplate":"https:\/\/www.bellunopress.it\/?s={search_term_string}"},"query-input":{"@type":"PropertyValueSpecification","valueRequired":true,"valueName":"search_term_string"}}],"inLanguage":"fr-FR"},{"@type":"Organization","@id":"https:\/\/www.bellunopress.it\/#organization","name":"Bellunopress","url":"https:\/\/www.bellunopress.it\/","logo":{"@type":"ImageObject","inLanguage":"fr-FR","@id":"https:\/\/www.bellunopress.it\/#\/schema\/logo\/image\/","url":"https:\/\/www.bellunopress.it\/wp-content\/uploads\/2011\/05\/cropped-logo-bellunopress-.jpg","contentUrl":"https:\/\/www.bellunopress.it\/wp-content\/uploads\/2011\/05\/cropped-logo-bellunopress-.jpg","width":512,"height":512,"caption":"Bellunopress"},"image":{"@id":"https:\/\/www.bellunopress.it\/#\/schema\/logo\/image\/"},"sameAs":["https:\/\/www.facebook.com\/profile.php?id=100008943462799","https:\/\/x.com\/bellunopress","https:\/\/www.linkedin.com\/hp\/?dnr=JBzUWaJfMUw8vbXJJ2tVW5-I3jZKvC4wsoxE&amp;amp;amp;amp;amp;amp;trk=nav_responsive_tab_home","https:\/\/www.youtube.com\/channel\/UCxL0wu1uN0_3_7hGG0306cw"]},{"@type":"Person","@id":"https:\/\/www.bellunopress.it\/#\/schema\/person\/79bb06722b37ece1c03d3e94beb30d73","name":"r\u00e9daction","image":{"@type":"ImageObject","inLanguage":"fr-FR","@id":"https:\/\/secure.gravatar.com\/avatar\/37d968a2e67a6fd04c169c4bdef102d0bc5d31b2546345219e348575eb80e9a0?s=96&d=mm&r=g","url":"https:\/\/secure.gravatar.com\/avatar\/37d968a2e67a6fd04c169c4bdef102d0bc5d31b2546345219e348575eb80e9a0?s=96&d=mm&r=g","contentUrl":"https:\/\/secure.gravatar.com\/avatar\/37d968a2e67a6fd04c169c4bdef102d0bc5d31b2546345219e348575eb80e9a0?s=96&d=mm&r=g","caption":"redazione"},"sameAs":["http:\/\/www.bellunopress.it","https:\/\/x.com\/bellunopress"],"url":"https:\/\/www.bellunopress.it\/fr\/author\/redazione\/"}]}},"_links":{"self":[{"href":"https:\/\/www.bellunopress.it\/fr\/wp-json\/wp\/v2\/posts\/34997","targetHints":{"allow":["GET"]}}],"collection":[{"href":"https:\/\/www.bellunopress.it\/fr\/wp-json\/wp\/v2\/posts"}],"about":[{"href":"https:\/\/www.bellunopress.it\/fr\/wp-json\/wp\/v2\/types\/post"}],"author":[{"embeddable":true,"href":"https:\/\/www.bellunopress.it\/fr\/wp-json\/wp\/v2\/users\/2"}],"replies":[{"embeddable":true,"href":"https:\/\/www.bellunopress.it\/fr\/wp-json\/wp\/v2\/comments?post=34997"}],"version-history":[{"count":2,"href":"https:\/\/www.bellunopress.it\/fr\/wp-json\/wp\/v2\/posts\/34997\/revisions"}],"predecessor-version":[{"id":35002,"href":"https:\/\/www.bellunopress.it\/fr\/wp-json\/wp\/v2\/posts\/34997\/revisions\/35002"}],"wp:attachment":[{"href":"https:\/\/www.bellunopress.it\/fr\/wp-json\/wp\/v2\/media?parent=34997"}],"wp:term":[{"taxonomy":"category","embeddable":true,"href":"https:\/\/www.bellunopress.it\/fr\/wp-json\/wp\/v2\/categories?post=34997"},{"taxonomy":"post_tag","embeddable":true,"href":"https:\/\/www.bellunopress.it\/fr\/wp-json\/wp\/v2\/tags?post=34997"}],"curies":[{"name":"wp","href":"https:\/\/api.w.org\/{rel}","templated":true}]}}