{"id":34993,"date":"2012-02-11T09:30:42","date_gmt":"2012-02-11T08:30:42","guid":{"rendered":"http:\/\/www.bellunopress.it\/?p=34993"},"modified":"2012-02-11T09:30:42","modified_gmt":"2012-02-11T08:30:42","slug":"a-lezione-di-fondo-sul-lungomare-di-riccione-con-la-scuola-fondo-ski-cortina","status":"publish","type":"post","link":"https:\/\/www.bellunopress.it\/fr\/2012\/02\/11\/a-lezione-di-fondo-sul-lungomare-di-riccione-con-la-scuola-fondo-ski-cortina\/","title":{"rendered":"A lezione di fondo sul lungomare di Riccione con la Scuola fondo ski Cortina"},"content":{"rendered":"<p><a href=\"http:\/\/www.bellunopress.it\/wp-content\/uploads\/2012\/02\/cortina-riccione.jpg\"><img loading=\"lazy\" decoding=\"async\" class=\"alignleft size-full wp-image-34994\" title=\"cortina riccione\" src=\"http:\/\/www.bellunopress.it\/wp-content\/uploads\/2012\/02\/cortina-riccione.jpg\" alt=\"\" width=\"290\" height=\"193\" \/><\/a>Tutto \u00e8 pronto per il fine settimana mare-monti che si terr\u00e0 sul lungomare di Riccione, dove la Scuola fondo Ski Cortina si prepara a dare lezioni in tecnica classica e skating. Un\u2019operazione di co-marketing che coinvolge due localit\u00e0 di alto standing come la Regina delle Dolomiti e la Perla Verde dell&#8217;Adriatico, che a partire da una contingenza (le nevicate in Romagna) ha trovato una chiave di lettura innovativa per costruire progetti di reciproca visibilit\u00e0.<\/p>\n<p>Arriva ai cancelletti di partenza l\u2019iniziativa mare-monti costruita in partnership da Cortina d\u2019Ampezzo e Riccione. Il cuore pulsante dell\u2019estate riccionese si sta trasformando per diventare trampolino di lancio del fine settimana che vedr\u00e0 protagoniste queste due \u201csignore\u201d del turismo nazionale. La rappresentanza delle Scuola fondo Ski Cortina \u00e8 arrivata proprio oggi in pieno centro a Riccione e si sta preparando al meglio per accogliere la neve attesa per il pomeriggio, insieme ai curiosi e agli appassionati sportivi che vorranno cimentarsi in scenografiche lezioni di sci nordico sul lungomare, per tutto il weekend.<\/p>\n<p>\u00abL\u2019idea di costruire questa collaborazione tra Riccione e la Scuola fondo Ski Cortina ci lusinga molto \u2013 ha commentato il sindaco di Riccione, Massimo Pironi \u2013. Speriamo che da questa amicizia possano scaturire idee e relazioni importanti per le nostre due realt\u00e0. Non si fa turismo senza emozioni, senza passioni forti e legami duraturi. Siamo pronti a metterci in gioco con tutta la nostra creativit\u00e0 e la nostra energia per far s\u00ec che questa partnership con Cortina possa consolidarsi e mantenersi nel tempo, con tutte le iniziative che sapremo costruire insieme\u00bb.<\/p>\n<p>\u00abQuello tra Cortina e Riccione \u00e8 l\u2019esempio di una partnership virtuosa \u2013 fa eco il presidente del Consorzio Cortina Turismo, Stefano Illing \u2013. Al giorno d\u2019oggi bisogna saper leggere le diverse situazioni in chiave originale e imparare quindi a cogliere opportunit\u00e0 inaspettate. La spiaggia della Perla dell\u2019Adriatico si copre di neve ed ecco che la Regina delle Dolomiti, paradiso per antonomasia degli sport bianchi, trasferisce una task force di sci nordico in riva al mare. Cortina arriva, cos\u00ec, anche a parlare ai suoi potenziali turisti direttamente \u201cin casa\u201d, dando un esempio concreto della professionalit\u00e0 dei propri specialisti e una prova delle emozioni che gli sport su neve possono regalare\u00bb.<\/p>\n<p>Insomma, un modo diverso di affrontare situazioni impreviste, cercando comunque una chiave di lettura, alleggerendo con un sorriso l\u2019emergenza di questi giorni e creando sinergie importanti che potrebbero rivelarsi un vero e proprio metodo di lavoro all\u2019interno del sistema turistico italiano. Senza dimenticare la solidariet\u00e0: met\u00e0 del ricavato delle lezioni sar\u00e0, infatti, devoluto a una causa benefica.<\/p>\n<p>La Sede Cooperativa Bagnini di Riccione, alla fine del famoso Viale Ceccarini, sar\u00e0 il \u201cquartier generale\u201d in cui affittare sci e attrezzatura per partire alla volta di suggestive passeggiate con sfondo mare, in tecnica classica e skating.<\/p>\n<p>Le prenotazioni per le lezioni di sci si possono effettuare di persona presso lo Iat di Riccione (Pallazzo del Turismo, Piazzale Ceccarini), telefonicamente allo 0541\/693392 e 0541\/426050 o direttamente presso la Cooperativa bagnini di Riccione in Piazzale Roma, dove \u00e8 allestito il noleggio delle attrezzature.<\/p>","protected":false},"excerpt":{"rendered":"<p>Tutto \u00e8 pronto per il fine settimana mare-monti che si terr\u00e0 sul lungomare di Riccione, dove la Scuola fondo Ski Cortina si prepara a dare lezioni in tecnica classica e skating. Un\u2019operazione di co-marketing che coinvolge due localit\u00e0 di alto standing come la Regina delle Dolomiti e la Perla Verde dell&#8217;Adriatico, che a partire da [&hellip;]<\/p>\n","protected":false},"author":2,"featured_media":0,"comment_status":"closed","ping_status":"open","sticky":false,"template":"","format":"standard","meta":{"footnotes":""},"categories":[26,4],"tags":[],"class_list":["post-34993","post","type-post","status-publish","format-standard","category-prima-pagina","category-sport"],"yoast_head":"<!-- This site is optimized with the Yoast SEO plugin v28.4 - https:\/\/yoast.com\/product\/yoast-seo-wordpress\/ -->\n<title>A lezione di fondo sul lungomare di Riccione con la Scuola fondo ski Cortina - Bellunopress - Dolomiti<\/title>\n<meta name=\"robots\" content=\"index, follow, max-snippet:-1, max-image-preview:large, max-video-preview:-1\" \/>\n<link rel=\"canonical\" href=\"https:\/\/www.bellunopress.it\/fr\/2012\/02\/11\/a-lezione-di-fondo-sul-lungomare-di-riccione-con-la-scuola-fondo-ski-cortina\/\" \/>\n<meta property=\"og:locale\" content=\"fr_FR\" \/>\n<meta property=\"og:type\" content=\"article\" \/>\n<meta property=\"og:title\" content=\"A lezione di fondo sul lungomare di Riccione con la Scuola fondo ski Cortina - Bellunopress - Dolomiti\" \/>\n<meta property=\"og:description\" content=\"Tutto \u00e8 pronto per il fine settimana mare-monti che si terr\u00e0 sul lungomare di Riccione, dove la Scuola fondo Ski Cortina si prepara a dare lezioni in tecnica classica e skating. Un\u2019operazione di co-marketing che coinvolge due localit\u00e0 di alto standing come la Regina delle Dolomiti e la Perla Verde dell&#8217;Adriatico, che a partire da [&hellip;]\" \/>\n<meta property=\"og:url\" content=\"https:\/\/www.bellunopress.it\/fr\/2012\/02\/11\/a-lezione-di-fondo-sul-lungomare-di-riccione-con-la-scuola-fondo-ski-cortina\/\" \/>\n<meta property=\"og:site_name\" content=\"Bellunopress - Dolomiti\" \/>\n<meta property=\"article:publisher\" content=\"https:\/\/www.facebook.com\/profile.php?id=100008943462799\" \/>\n<meta property=\"article:published_time\" content=\"2012-02-11T08:30:42+00:00\" \/>\n<meta property=\"og:image\" content=\"http:\/\/www.bellunopress.it\/wp-content\/uploads\/2012\/02\/cortina-riccione.jpg\" \/>\n<meta name=\"author\" content=\"redazione\" \/>\n<meta name=\"twitter:card\" content=\"summary_large_image\" \/>\n<meta name=\"twitter:creator\" content=\"@bellunopress\" \/>\n<meta name=\"twitter:site\" content=\"@bellunopress\" \/>\n<meta name=\"twitter:label1\" content=\"\u00c9crit par\" \/>\n\t<meta name=\"twitter:data1\" content=\"redazione\" \/>\n\t<meta name=\"twitter:label2\" content=\"Dur\u00e9e de lecture estim\u00e9e\" \/>\n\t<meta name=\"twitter:data2\" content=\"3 minutes\" \/>\n<script type=\"application\/ld+json\" class=\"yoast-schema-graph\">{\"@context\":\"https:\\\/\\\/schema.org\",\"@graph\":[{\"@type\":\"Article\",\"@id\":\"https:\\\/\\\/www.bellunopress.it\\\/2012\\\/02\\\/11\\\/a-lezione-di-fondo-sul-lungomare-di-riccione-con-la-scuola-fondo-ski-cortina\\\/#article\",\"isPartOf\":{\"@id\":\"https:\\\/\\\/www.bellunopress.it\\\/2012\\\/02\\\/11\\\/a-lezione-di-fondo-sul-lungomare-di-riccione-con-la-scuola-fondo-ski-cortina\\\/\"},\"author\":{\"name\":\"redazione\",\"@id\":\"https:\\\/\\\/www.bellunopress.it\\\/#\\\/schema\\\/person\\\/79bb06722b37ece1c03d3e94beb30d73\"},\"headline\":\"A lezione di fondo sul lungomare di Riccione con la Scuola fondo ski Cortina\",\"datePublished\":\"2012-02-11T08:30:42+00:00\",\"mainEntityOfPage\":{\"@id\":\"https:\\\/\\\/www.bellunopress.it\\\/2012\\\/02\\\/11\\\/a-lezione-di-fondo-sul-lungomare-di-riccione-con-la-scuola-fondo-ski-cortina\\\/\"},\"wordCount\":520,\"publisher\":{\"@id\":\"https:\\\/\\\/www.bellunopress.it\\\/#organization\"},\"image\":{\"@id\":\"https:\\\/\\\/www.bellunopress.it\\\/2012\\\/02\\\/11\\\/a-lezione-di-fondo-sul-lungomare-di-riccione-con-la-scuola-fondo-ski-cortina\\\/#primaryimage\"},\"thumbnailUrl\":\"http:\\\/\\\/www.bellunopress.it\\\/wp-content\\\/uploads\\\/2012\\\/02\\\/cortina-riccione.jpg\",\"articleSection\":[\"Prima Pagina\",\"Sport, tempo libero\"],\"inLanguage\":\"fr-FR\"},{\"@type\":\"WebPage\",\"@id\":\"https:\\\/\\\/www.bellunopress.it\\\/2012\\\/02\\\/11\\\/a-lezione-di-fondo-sul-lungomare-di-riccione-con-la-scuola-fondo-ski-cortina\\\/\",\"url\":\"https:\\\/\\\/www.bellunopress.it\\\/2012\\\/02\\\/11\\\/a-lezione-di-fondo-sul-lungomare-di-riccione-con-la-scuola-fondo-ski-cortina\\\/\",\"name\":\"A lezione di fondo sul lungomare di Riccione con la Scuola fondo ski Cortina - Bellunopress - Dolomiti\",\"isPartOf\":{\"@id\":\"https:\\\/\\\/www.bellunopress.it\\\/#website\"},\"primaryImageOfPage\":{\"@id\":\"https:\\\/\\\/www.bellunopress.it\\\/2012\\\/02\\\/11\\\/a-lezione-di-fondo-sul-lungomare-di-riccione-con-la-scuola-fondo-ski-cortina\\\/#primaryimage\"},\"image\":{\"@id\":\"https:\\\/\\\/www.bellunopress.it\\\/2012\\\/02\\\/11\\\/a-lezione-di-fondo-sul-lungomare-di-riccione-con-la-scuola-fondo-ski-cortina\\\/#primaryimage\"},\"thumbnailUrl\":\"http:\\\/\\\/www.bellunopress.it\\\/wp-content\\\/uploads\\\/2012\\\/02\\\/cortina-riccione.jpg\",\"datePublished\":\"2012-02-11T08:30:42+00:00\",\"breadcrumb\":{\"@id\":\"https:\\\/\\\/www.bellunopress.it\\\/2012\\\/02\\\/11\\\/a-lezione-di-fondo-sul-lungomare-di-riccione-con-la-scuola-fondo-ski-cortina\\\/#breadcrumb\"},\"inLanguage\":\"fr-FR\",\"potentialAction\":[{\"@type\":\"ReadAction\",\"target\":[\"https:\\\/\\\/www.bellunopress.it\\\/2012\\\/02\\\/11\\\/a-lezione-di-fondo-sul-lungomare-di-riccione-con-la-scuola-fondo-ski-cortina\\\/\"]}]},{\"@type\":\"ImageObject\",\"inLanguage\":\"fr-FR\",\"@id\":\"https:\\\/\\\/www.bellunopress.it\\\/2012\\\/02\\\/11\\\/a-lezione-di-fondo-sul-lungomare-di-riccione-con-la-scuola-fondo-ski-cortina\\\/#primaryimage\",\"url\":\"http:\\\/\\\/www.bellunopress.it\\\/wp-content\\\/uploads\\\/2012\\\/02\\\/cortina-riccione.jpg\",\"contentUrl\":\"http:\\\/\\\/www.bellunopress.it\\\/wp-content\\\/uploads\\\/2012\\\/02\\\/cortina-riccione.jpg\"},{\"@type\":\"BreadcrumbList\",\"@id\":\"https:\\\/\\\/www.bellunopress.it\\\/2012\\\/02\\\/11\\\/a-lezione-di-fondo-sul-lungomare-di-riccione-con-la-scuola-fondo-ski-cortina\\\/#breadcrumb\",\"itemListElement\":[{\"@type\":\"ListItem\",\"position\":1,\"name\":\"Home\",\"item\":\"https:\\\/\\\/www.bellunopress.it\\\/\"},{\"@type\":\"ListItem\",\"position\":2,\"name\":\"A lezione di fondo sul lungomare di Riccione con la Scuola fondo ski Cortina\"}]},{\"@type\":\"WebSite\",\"@id\":\"https:\\\/\\\/www.bellunopress.it\\\/#website\",\"url\":\"https:\\\/\\\/www.bellunopress.it\\\/\",\"name\":\"Bellunopress - Dolomiti\",\"description\":\"e-mail: redazione@bellunopress.it\",\"publisher\":{\"@id\":\"https:\\\/\\\/www.bellunopress.it\\\/#organization\"},\"potentialAction\":[{\"@type\":\"SearchAction\",\"target\":{\"@type\":\"EntryPoint\",\"urlTemplate\":\"https:\\\/\\\/www.bellunopress.it\\\/?s={search_term_string}\"},\"query-input\":{\"@type\":\"PropertyValueSpecification\",\"valueRequired\":true,\"valueName\":\"search_term_string\"}}],\"inLanguage\":\"fr-FR\"},{\"@type\":\"Organization\",\"@id\":\"https:\\\/\\\/www.bellunopress.it\\\/#organization\",\"name\":\"Bellunopress\",\"url\":\"https:\\\/\\\/www.bellunopress.it\\\/\",\"logo\":{\"@type\":\"ImageObject\",\"inLanguage\":\"fr-FR\",\"@id\":\"https:\\\/\\\/www.bellunopress.it\\\/#\\\/schema\\\/logo\\\/image\\\/\",\"url\":\"https:\\\/\\\/www.bellunopress.it\\\/wp-content\\\/uploads\\\/2011\\\/05\\\/cropped-logo-bellunopress-.jpg\",\"contentUrl\":\"https:\\\/\\\/www.bellunopress.it\\\/wp-content\\\/uploads\\\/2011\\\/05\\\/cropped-logo-bellunopress-.jpg\",\"width\":512,\"height\":512,\"caption\":\"Bellunopress\"},\"image\":{\"@id\":\"https:\\\/\\\/www.bellunopress.it\\\/#\\\/schema\\\/logo\\\/image\\\/\"},\"sameAs\":[\"https:\\\/\\\/www.facebook.com\\\/profile.php?id=100008943462799\",\"https:\\\/\\\/x.com\\\/bellunopress\",\"https:\\\/\\\/www.linkedin.com\\\/hp\\\/?dnr=JBzUWaJfMUw8vbXJJ2tVW5-I3jZKvC4wsoxE&amp;amp;amp;amp;amp;amp;trk=nav_responsive_tab_home\",\"https:\\\/\\\/www.youtube.com\\\/channel\\\/UCxL0wu1uN0_3_7hGG0306cw\"]},{\"@type\":\"Person\",\"@id\":\"https:\\\/\\\/www.bellunopress.it\\\/#\\\/schema\\\/person\\\/79bb06722b37ece1c03d3e94beb30d73\",\"name\":\"redazione\",\"image\":{\"@type\":\"ImageObject\",\"inLanguage\":\"fr-FR\",\"@id\":\"https:\\\/\\\/secure.gravatar.com\\\/avatar\\\/37d968a2e67a6fd04c169c4bdef102d0bc5d31b2546345219e348575eb80e9a0?s=96&d=mm&r=g\",\"url\":\"https:\\\/\\\/secure.gravatar.com\\\/avatar\\\/37d968a2e67a6fd04c169c4bdef102d0bc5d31b2546345219e348575eb80e9a0?s=96&d=mm&r=g\",\"contentUrl\":\"https:\\\/\\\/secure.gravatar.com\\\/avatar\\\/37d968a2e67a6fd04c169c4bdef102d0bc5d31b2546345219e348575eb80e9a0?s=96&d=mm&r=g\",\"caption\":\"redazione\"},\"sameAs\":[\"http:\\\/\\\/www.bellunopress.it\",\"https:\\\/\\\/x.com\\\/bellunopress\"],\"url\":\"https:\\\/\\\/www.bellunopress.it\\\/fr\\\/author\\\/redazione\\\/\"}]}<\/script>\n<!-- \/ Yoast SEO plugin. -->","yoast_head_json":{"title":"A lezione di fondo sul lungomare di Riccione con la Scuola fondo ski Cortina - Bellunopress - Dolomiti","robots":{"index":"index","follow":"follow","max-snippet":"max-snippet:-1","max-image-preview":"max-image-preview:large","max-video-preview":"max-video-preview:-1"},"canonical":"https:\/\/www.bellunopress.it\/fr\/2012\/02\/11\/a-lezione-di-fondo-sul-lungomare-di-riccione-con-la-scuola-fondo-ski-cortina\/","og_locale":"fr_FR","og_type":"article","og_title":"A lezione di fondo sul lungomare di Riccione con la Scuola fondo ski Cortina - Bellunopress - Dolomiti","og_description":"Tutto \u00e8 pronto per il fine settimana mare-monti che si terr\u00e0 sul lungomare di Riccione, dove la Scuola fondo Ski Cortina si prepara a dare lezioni in tecnica classica e skating. Un\u2019operazione di co-marketing che coinvolge due localit\u00e0 di alto standing come la Regina delle Dolomiti e la Perla Verde dell&#8217;Adriatico, che a partire da [&hellip;]","og_url":"https:\/\/www.bellunopress.it\/fr\/2012\/02\/11\/a-lezione-di-fondo-sul-lungomare-di-riccione-con-la-scuola-fondo-ski-cortina\/","og_site_name":"Bellunopress - Dolomiti","article_publisher":"https:\/\/www.facebook.com\/profile.php?id=100008943462799","article_published_time":"2012-02-11T08:30:42+00:00","og_image":[{"url":"http:\/\/www.bellunopress.it\/wp-content\/uploads\/2012\/02\/cortina-riccione.jpg","type":"","width":"","height":""}],"author":"redazione","twitter_card":"summary_large_image","twitter_creator":"@bellunopress","twitter_site":"@bellunopress","twitter_misc":{"\u00c9crit par":"redazione","Dur\u00e9e de lecture estim\u00e9e":"3 minutes"},"schema":{"@context":"https:\/\/schema.org","@graph":[{"@type":"Article","@id":"https:\/\/www.bellunopress.it\/2012\/02\/11\/a-lezione-di-fondo-sul-lungomare-di-riccione-con-la-scuola-fondo-ski-cortina\/#article","isPartOf":{"@id":"https:\/\/www.bellunopress.it\/2012\/02\/11\/a-lezione-di-fondo-sul-lungomare-di-riccione-con-la-scuola-fondo-ski-cortina\/"},"author":{"name":"redazione","@id":"https:\/\/www.bellunopress.it\/#\/schema\/person\/79bb06722b37ece1c03d3e94beb30d73"},"headline":"A lezione di fondo sul lungomare di Riccione con la Scuola fondo ski Cortina","datePublished":"2012-02-11T08:30:42+00:00","mainEntityOfPage":{"@id":"https:\/\/www.bellunopress.it\/2012\/02\/11\/a-lezione-di-fondo-sul-lungomare-di-riccione-con-la-scuola-fondo-ski-cortina\/"},"wordCount":520,"publisher":{"@id":"https:\/\/www.bellunopress.it\/#organization"},"image":{"@id":"https:\/\/www.bellunopress.it\/2012\/02\/11\/a-lezione-di-fondo-sul-lungomare-di-riccione-con-la-scuola-fondo-ski-cortina\/#primaryimage"},"thumbnailUrl":"http:\/\/www.bellunopress.it\/wp-content\/uploads\/2012\/02\/cortina-riccione.jpg","articleSection":["Prima Pagina","Sport, tempo libero"],"inLanguage":"fr-FR"},{"@type":"WebPage","@id":"https:\/\/www.bellunopress.it\/2012\/02\/11\/a-lezione-di-fondo-sul-lungomare-di-riccione-con-la-scuola-fondo-ski-cortina\/","url":"https:\/\/www.bellunopress.it\/2012\/02\/11\/a-lezione-di-fondo-sul-lungomare-di-riccione-con-la-scuola-fondo-ski-cortina\/","name":"A lezione di fondo sul lungomare di Riccione con la Scuola fondo ski Cortina - Bellunopress - Dolomiti","isPartOf":{"@id":"https:\/\/www.bellunopress.it\/#website"},"primaryImageOfPage":{"@id":"https:\/\/www.bellunopress.it\/2012\/02\/11\/a-lezione-di-fondo-sul-lungomare-di-riccione-con-la-scuola-fondo-ski-cortina\/#primaryimage"},"image":{"@id":"https:\/\/www.bellunopress.it\/2012\/02\/11\/a-lezione-di-fondo-sul-lungomare-di-riccione-con-la-scuola-fondo-ski-cortina\/#primaryimage"},"thumbnailUrl":"http:\/\/www.bellunopress.it\/wp-content\/uploads\/2012\/02\/cortina-riccione.jpg","datePublished":"2012-02-11T08:30:42+00:00","breadcrumb":{"@id":"https:\/\/www.bellunopress.it\/2012\/02\/11\/a-lezione-di-fondo-sul-lungomare-di-riccione-con-la-scuola-fondo-ski-cortina\/#breadcrumb"},"inLanguage":"fr-FR","potentialAction":[{"@type":"ReadAction","target":["https:\/\/www.bellunopress.it\/2012\/02\/11\/a-lezione-di-fondo-sul-lungomare-di-riccione-con-la-scuola-fondo-ski-cortina\/"]}]},{"@type":"ImageObject","inLanguage":"fr-FR","@id":"https:\/\/www.bellunopress.it\/2012\/02\/11\/a-lezione-di-fondo-sul-lungomare-di-riccione-con-la-scuola-fondo-ski-cortina\/#primaryimage","url":"http:\/\/www.bellunopress.it\/wp-content\/uploads\/2012\/02\/cortina-riccione.jpg","contentUrl":"http:\/\/www.bellunopress.it\/wp-content\/uploads\/2012\/02\/cortina-riccione.jpg"},{"@type":"BreadcrumbList","@id":"https:\/\/www.bellunopress.it\/2012\/02\/11\/a-lezione-di-fondo-sul-lungomare-di-riccione-con-la-scuola-fondo-ski-cortina\/#breadcrumb","itemListElement":[{"@type":"ListItem","position":1,"name":"Home","item":"https:\/\/www.bellunopress.it\/"},{"@type":"ListItem","position":2,"name":"A lezione di fondo sul lungomare di Riccione con la Scuola fondo ski Cortina"}]},{"@type":"WebSite","@id":"https:\/\/www.bellunopress.it\/#website","url":"https:\/\/www.bellunopress.it\/","name":"Bellunopress - Dolomiti","description":"e-mail: redazione@bellunopress.it","publisher":{"@id":"https:\/\/www.bellunopress.it\/#organization"},"potentialAction":[{"@type":"SearchAction","target":{"@type":"EntryPoint","urlTemplate":"https:\/\/www.bellunopress.it\/?s={search_term_string}"},"query-input":{"@type":"PropertyValueSpecification","valueRequired":true,"valueName":"search_term_string"}}],"inLanguage":"fr-FR"},{"@type":"Organization","@id":"https:\/\/www.bellunopress.it\/#organization","name":"Bellunopress","url":"https:\/\/www.bellunopress.it\/","logo":{"@type":"ImageObject","inLanguage":"fr-FR","@id":"https:\/\/www.bellunopress.it\/#\/schema\/logo\/image\/","url":"https:\/\/www.bellunopress.it\/wp-content\/uploads\/2011\/05\/cropped-logo-bellunopress-.jpg","contentUrl":"https:\/\/www.bellunopress.it\/wp-content\/uploads\/2011\/05\/cropped-logo-bellunopress-.jpg","width":512,"height":512,"caption":"Bellunopress"},"image":{"@id":"https:\/\/www.bellunopress.it\/#\/schema\/logo\/image\/"},"sameAs":["https:\/\/www.facebook.com\/profile.php?id=100008943462799","https:\/\/x.com\/bellunopress","https:\/\/www.linkedin.com\/hp\/?dnr=JBzUWaJfMUw8vbXJJ2tVW5-I3jZKvC4wsoxE&amp;amp;amp;amp;amp;amp;trk=nav_responsive_tab_home","https:\/\/www.youtube.com\/channel\/UCxL0wu1uN0_3_7hGG0306cw"]},{"@type":"Person","@id":"https:\/\/www.bellunopress.it\/#\/schema\/person\/79bb06722b37ece1c03d3e94beb30d73","name":"r\u00e9daction","image":{"@type":"ImageObject","inLanguage":"fr-FR","@id":"https:\/\/secure.gravatar.com\/avatar\/37d968a2e67a6fd04c169c4bdef102d0bc5d31b2546345219e348575eb80e9a0?s=96&d=mm&r=g","url":"https:\/\/secure.gravatar.com\/avatar\/37d968a2e67a6fd04c169c4bdef102d0bc5d31b2546345219e348575eb80e9a0?s=96&d=mm&r=g","contentUrl":"https:\/\/secure.gravatar.com\/avatar\/37d968a2e67a6fd04c169c4bdef102d0bc5d31b2546345219e348575eb80e9a0?s=96&d=mm&r=g","caption":"redazione"},"sameAs":["http:\/\/www.bellunopress.it","https:\/\/x.com\/bellunopress"],"url":"https:\/\/www.bellunopress.it\/fr\/author\/redazione\/"}]}},"_links":{"self":[{"href":"https:\/\/www.bellunopress.it\/fr\/wp-json\/wp\/v2\/posts\/34993","targetHints":{"allow":["GET"]}}],"collection":[{"href":"https:\/\/www.bellunopress.it\/fr\/wp-json\/wp\/v2\/posts"}],"about":[{"href":"https:\/\/www.bellunopress.it\/fr\/wp-json\/wp\/v2\/types\/post"}],"author":[{"embeddable":true,"href":"https:\/\/www.bellunopress.it\/fr\/wp-json\/wp\/v2\/users\/2"}],"replies":[{"embeddable":true,"href":"https:\/\/www.bellunopress.it\/fr\/wp-json\/wp\/v2\/comments?post=34993"}],"version-history":[{"count":1,"href":"https:\/\/www.bellunopress.it\/fr\/wp-json\/wp\/v2\/posts\/34993\/revisions"}],"predecessor-version":[{"id":34996,"href":"https:\/\/www.bellunopress.it\/fr\/wp-json\/wp\/v2\/posts\/34993\/revisions\/34996"}],"wp:attachment":[{"href":"https:\/\/www.bellunopress.it\/fr\/wp-json\/wp\/v2\/media?parent=34993"}],"wp:term":[{"taxonomy":"category","embeddable":true,"href":"https:\/\/www.bellunopress.it\/fr\/wp-json\/wp\/v2\/categories?post=34993"},{"taxonomy":"post_tag","embeddable":true,"href":"https:\/\/www.bellunopress.it\/fr\/wp-json\/wp\/v2\/tags?post=34993"}],"curies":[{"name":"wp","href":"https:\/\/api.w.org\/{rel}","templated":true}]}}