{"id":34991,"date":"2012-02-11T09:15:54","date_gmt":"2012-02-11T08:15:54","guid":{"rendered":"http:\/\/www.bellunopress.it\/?p=34991"},"modified":"2012-02-11T09:15:54","modified_gmt":"2012-02-11T08:15:54","slug":"farra-dalpago-le-procedure-le-devono-rispettare-solo-i-cittadini","status":"publish","type":"post","link":"https:\/\/www.bellunopress.it\/fr\/2012\/02\/11\/farra-dalpago-le-procedure-le-devono-rispettare-solo-i-cittadini\/","title":{"rendered":"Farra d&#8217;Alpago: le procedure le devono rispettare solo i cittadini?"},"content":{"rendered":"<p>Alcuni giorni fa ho ricevuto, come erede, una raccomandata dal comune di Farra d&#8217;Alpago contenente una comunicazione, da parte dell&#8217;Area Tecnica 1\u00b0 Settore &#8211; Lavori Pubblici- Ufficio Espropriazioni, avente il seguente oggetto: lavori di realizzazione di un&#8217;area attrezzata e di autorimesse interrate in localit\u00e0 \u201cVillaggio Riviera\u201d. Entrando nel merito della missiva mi si fa sapere, e cito testualmente, quanto segue. \u201cQuesta Amministrazione, con deliberazione del Consiglio Comunale n.33del 24\/11\/2011 ha stabilito come da proposta del Responsabile dell&#8217;Area Tecnica e in attuazione della deliberazione della Giunta Comunale n.94 del 7\/11\/2011, di avviare la procedura prevista dall?art.42-bis del D.P.R. 8\/6\/2001, n.327 e ss.mm.ii., al fine di acquisire al patrimonio indisponibile comunale i terreni sui quali sono stati eseguiti i lavori di realizzazione di un&#8217;area attrezzata e di autorimesse interrate in localit\u00e0 \u201cVillaggio Riviera\u201d a Farra d&#8217;Alpago. Per tali opere, infatti, non \u00e8 pi\u00f9 possibile eseguire la procedura espropriativa con le modalit\u00e0 ordinarie previste dal citato D.P.R.n.327\/2001 e ss.mm.ii., poich\u00e9 la procedura espropriativa inizialmente avviata non \u00e8 stata completata, mentre si \u00e8 dato corso alla esecuzione dei lavori, per cui i beni di propriet\u00e0 privata interessati dall?intervento sono stati utilizzati e sono tuttora detenuti dal comune indebitamente, per scopi di interesse pubblico ma in assenza di un valido ed efficace decreto di esproprio. I beni interessati dalla realizzazione dei lavori sono quelli indicati in oggetto e risultano catastalmente intestati in quota alla seguente ditta\u201d.\u00a0 In presenza di questa tardiva presa di coscienza, che si deve alla volont\u00e0 e impegno dei funzionari tecnici e dell&#8217;attuale amministrazione guidata dal sindaco Floriano De Pra, viene da chiedersi come, i responsabili tecnici e l&#8217;amministrazione di allora, cappeggiata dal sindaco Attilio Dal Paos, abbia potuto occupare, aree private ed eseguire opere, come le autorimesse interrate ed anche venderle ai privati. Se, infatti, per l&#8217;area attrezzata (Parco giochi) \u00e8 possibile intravvedere l&#8217;utilit\u00e0 pubblica \u00e8 molto pi\u00f9 difficile rintracciare tale elemento a riguardo dei garages. Come cittadino stanco e indignato per tutti i sacrifici, soprusi, ruberie, arroganze alle quali ci sottopone la classe politica e amministrativa del nostro paese ( \u00e8 sufficiente scorrere le cronache giornalistiche di questi giorni per trovarvi sequele interminabili di, incapacit\u00e0, ruberie su appalti e servizi pubblici, sottrazioni di finanziamenti, sempre pubblici, a partiti, scomparsi, impiegati, in investimenti esteri, per acquistare immobili e via di seguito) auspico, che anche da realt\u00e0 come quella illustrata, s&#8217;incominci a fare chiarezza. Potr\u00e0\u00a0 pure essere considerata\u00a0 una pia illusione ma, pi\u00f9 in generale,\u00a0 e lasciando da parte le vicende alpagote, tale auspicio e azione, si rendono indispensabili per cercare di far nascere e\u00a0 sviluppare, finalmente, una nuova classe politico-amministrativa. Pulita, capace e all&#8217;altezza di governare ai vari livelli con trasparenza , impiego, delle varie risorse,\u00a0 con\u00a0 l&#8217;esclusivo fine e interesse pubblico.<\/p>\n<p>Eugenio\u00a0 Padovan<\/p>","protected":false},"excerpt":{"rendered":"<p>Alcuni giorni fa ho ricevuto, come erede, una raccomandata dal comune di Farra d&#8217;Alpago contenente una comunicazione, da parte dell&#8217;Area Tecnica 1\u00b0 Settore &#8211; Lavori Pubblici- Ufficio Espropriazioni, avente il seguente oggetto: lavori di realizzazione di un&#8217;area attrezzata e di autorimesse interrate in localit\u00e0 \u201cVillaggio Riviera\u201d. Entrando nel merito della missiva mi si fa sapere, [&hellip;]<\/p>\n","protected":false},"author":2,"featured_media":0,"comment_status":"closed","ping_status":"open","sticky":false,"template":"","format":"standard","meta":{"footnotes":""},"categories":[26,8],"tags":[],"class_list":["post-34991","post","type-post","status-publish","format-standard","category-prima-pagina","category-societa-istituzioni"],"yoast_head":"<!-- This site is optimized with the Yoast SEO plugin v28.4 - https:\/\/yoast.com\/product\/yoast-seo-wordpress\/ -->\n<title>Farra d&#039;Alpago: le procedure le devono rispettare solo i cittadini? - Bellunopress - Dolomiti<\/title>\n<meta name=\"robots\" content=\"index, follow, max-snippet:-1, max-image-preview:large, max-video-preview:-1\" \/>\n<link rel=\"canonical\" href=\"https:\/\/www.bellunopress.it\/fr\/2012\/02\/11\/farra-dalpago-le-procedure-le-devono-rispettare-solo-i-cittadini\/\" \/>\n<meta property=\"og:locale\" content=\"fr_FR\" \/>\n<meta property=\"og:type\" content=\"article\" \/>\n<meta property=\"og:title\" content=\"Farra d&#039;Alpago: le procedure le devono rispettare solo i cittadini? - Bellunopress - Dolomiti\" \/>\n<meta property=\"og:description\" content=\"Alcuni giorni fa ho ricevuto, come erede, una raccomandata dal comune di Farra d&#8217;Alpago contenente una comunicazione, da parte dell&#8217;Area Tecnica 1\u00b0 Settore &#8211; Lavori Pubblici- Ufficio Espropriazioni, avente il seguente oggetto: lavori di realizzazione di un&#8217;area attrezzata e di autorimesse interrate in localit\u00e0 \u201cVillaggio Riviera\u201d. Entrando nel merito della missiva mi si fa sapere, [&hellip;]\" \/>\n<meta property=\"og:url\" content=\"https:\/\/www.bellunopress.it\/fr\/2012\/02\/11\/farra-dalpago-le-procedure-le-devono-rispettare-solo-i-cittadini\/\" \/>\n<meta property=\"og:site_name\" content=\"Bellunopress - Dolomiti\" \/>\n<meta property=\"article:publisher\" content=\"https:\/\/www.facebook.com\/profile.php?id=100008943462799\" \/>\n<meta property=\"article:published_time\" content=\"2012-02-11T08:15:54+00:00\" \/>\n<meta property=\"og:image\" content=\"http:\/\/www.bellunopress.it\/wp-content\/uploads\/2012\/07\/logo-bellunopress-250x250-2012.jpg\" \/>\n<meta name=\"author\" content=\"redazione\" \/>\n<meta name=\"twitter:card\" content=\"summary_large_image\" \/>\n<meta name=\"twitter:creator\" content=\"@bellunopress\" \/>\n<meta name=\"twitter:site\" content=\"@bellunopress\" \/>\n<meta name=\"twitter:label1\" content=\"\u00c9crit par\" \/>\n\t<meta name=\"twitter:data1\" content=\"redazione\" \/>\n\t<meta name=\"twitter:label2\" content=\"Dur\u00e9e de lecture estim\u00e9e\" \/>\n\t<meta name=\"twitter:data2\" content=\"2 minutes\" \/>\n<script type=\"application\/ld+json\" class=\"yoast-schema-graph\">{\"@context\":\"https:\\\/\\\/schema.org\",\"@graph\":[{\"@type\":\"Article\",\"@id\":\"https:\\\/\\\/www.bellunopress.it\\\/2012\\\/02\\\/11\\\/farra-dalpago-le-procedure-le-devono-rispettare-solo-i-cittadini\\\/#article\",\"isPartOf\":{\"@id\":\"https:\\\/\\\/www.bellunopress.it\\\/2012\\\/02\\\/11\\\/farra-dalpago-le-procedure-le-devono-rispettare-solo-i-cittadini\\\/\"},\"author\":{\"name\":\"redazione\",\"@id\":\"https:\\\/\\\/www.bellunopress.it\\\/#\\\/schema\\\/person\\\/79bb06722b37ece1c03d3e94beb30d73\"},\"headline\":\"Farra d&#8217;Alpago: le procedure le devono rispettare solo i cittadini?\",\"datePublished\":\"2012-02-11T08:15:54+00:00\",\"mainEntityOfPage\":{\"@id\":\"https:\\\/\\\/www.bellunopress.it\\\/2012\\\/02\\\/11\\\/farra-dalpago-le-procedure-le-devono-rispettare-solo-i-cittadini\\\/\"},\"wordCount\":478,\"publisher\":{\"@id\":\"https:\\\/\\\/www.bellunopress.it\\\/#organization\"},\"articleSection\":[\"Prima Pagina\",\"Societ\u00e0, Associazioni, Istituzioni\"],\"inLanguage\":\"fr-FR\"},{\"@type\":\"WebPage\",\"@id\":\"https:\\\/\\\/www.bellunopress.it\\\/2012\\\/02\\\/11\\\/farra-dalpago-le-procedure-le-devono-rispettare-solo-i-cittadini\\\/\",\"url\":\"https:\\\/\\\/www.bellunopress.it\\\/2012\\\/02\\\/11\\\/farra-dalpago-le-procedure-le-devono-rispettare-solo-i-cittadini\\\/\",\"name\":\"Farra d'Alpago: le procedure le devono rispettare solo i cittadini? - Bellunopress - Dolomiti\",\"isPartOf\":{\"@id\":\"https:\\\/\\\/www.bellunopress.it\\\/#website\"},\"datePublished\":\"2012-02-11T08:15:54+00:00\",\"breadcrumb\":{\"@id\":\"https:\\\/\\\/www.bellunopress.it\\\/2012\\\/02\\\/11\\\/farra-dalpago-le-procedure-le-devono-rispettare-solo-i-cittadini\\\/#breadcrumb\"},\"inLanguage\":\"fr-FR\",\"potentialAction\":[{\"@type\":\"ReadAction\",\"target\":[\"https:\\\/\\\/www.bellunopress.it\\\/2012\\\/02\\\/11\\\/farra-dalpago-le-procedure-le-devono-rispettare-solo-i-cittadini\\\/\"]}]},{\"@type\":\"BreadcrumbList\",\"@id\":\"https:\\\/\\\/www.bellunopress.it\\\/2012\\\/02\\\/11\\\/farra-dalpago-le-procedure-le-devono-rispettare-solo-i-cittadini\\\/#breadcrumb\",\"itemListElement\":[{\"@type\":\"ListItem\",\"position\":1,\"name\":\"Home\",\"item\":\"https:\\\/\\\/www.bellunopress.it\\\/\"},{\"@type\":\"ListItem\",\"position\":2,\"name\":\"Farra d&#8217;Alpago: le procedure le devono rispettare solo i cittadini?\"}]},{\"@type\":\"WebSite\",\"@id\":\"https:\\\/\\\/www.bellunopress.it\\\/#website\",\"url\":\"https:\\\/\\\/www.bellunopress.it\\\/\",\"name\":\"Bellunopress - Dolomiti\",\"description\":\"e-mail: redazione@bellunopress.it\",\"publisher\":{\"@id\":\"https:\\\/\\\/www.bellunopress.it\\\/#organization\"},\"potentialAction\":[{\"@type\":\"SearchAction\",\"target\":{\"@type\":\"EntryPoint\",\"urlTemplate\":\"https:\\\/\\\/www.bellunopress.it\\\/?s={search_term_string}\"},\"query-input\":{\"@type\":\"PropertyValueSpecification\",\"valueRequired\":true,\"valueName\":\"search_term_string\"}}],\"inLanguage\":\"fr-FR\"},{\"@type\":\"Organization\",\"@id\":\"https:\\\/\\\/www.bellunopress.it\\\/#organization\",\"name\":\"Bellunopress\",\"url\":\"https:\\\/\\\/www.bellunopress.it\\\/\",\"logo\":{\"@type\":\"ImageObject\",\"inLanguage\":\"fr-FR\",\"@id\":\"https:\\\/\\\/www.bellunopress.it\\\/#\\\/schema\\\/logo\\\/image\\\/\",\"url\":\"https:\\\/\\\/www.bellunopress.it\\\/wp-content\\\/uploads\\\/2011\\\/05\\\/cropped-logo-bellunopress-.jpg\",\"contentUrl\":\"https:\\\/\\\/www.bellunopress.it\\\/wp-content\\\/uploads\\\/2011\\\/05\\\/cropped-logo-bellunopress-.jpg\",\"width\":512,\"height\":512,\"caption\":\"Bellunopress\"},\"image\":{\"@id\":\"https:\\\/\\\/www.bellunopress.it\\\/#\\\/schema\\\/logo\\\/image\\\/\"},\"sameAs\":[\"https:\\\/\\\/www.facebook.com\\\/profile.php?id=100008943462799\",\"https:\\\/\\\/x.com\\\/bellunopress\",\"https:\\\/\\\/www.linkedin.com\\\/hp\\\/?dnr=JBzUWaJfMUw8vbXJJ2tVW5-I3jZKvC4wsoxE&amp;amp;amp;amp;amp;amp;trk=nav_responsive_tab_home\",\"https:\\\/\\\/www.youtube.com\\\/channel\\\/UCxL0wu1uN0_3_7hGG0306cw\"]},{\"@type\":\"Person\",\"@id\":\"https:\\\/\\\/www.bellunopress.it\\\/#\\\/schema\\\/person\\\/79bb06722b37ece1c03d3e94beb30d73\",\"name\":\"redazione\",\"image\":{\"@type\":\"ImageObject\",\"inLanguage\":\"fr-FR\",\"@id\":\"https:\\\/\\\/secure.gravatar.com\\\/avatar\\\/37d968a2e67a6fd04c169c4bdef102d0bc5d31b2546345219e348575eb80e9a0?s=96&d=mm&r=g\",\"url\":\"https:\\\/\\\/secure.gravatar.com\\\/avatar\\\/37d968a2e67a6fd04c169c4bdef102d0bc5d31b2546345219e348575eb80e9a0?s=96&d=mm&r=g\",\"contentUrl\":\"https:\\\/\\\/secure.gravatar.com\\\/avatar\\\/37d968a2e67a6fd04c169c4bdef102d0bc5d31b2546345219e348575eb80e9a0?s=96&d=mm&r=g\",\"caption\":\"redazione\"},\"sameAs\":[\"http:\\\/\\\/www.bellunopress.it\",\"https:\\\/\\\/x.com\\\/bellunopress\"],\"url\":\"https:\\\/\\\/www.bellunopress.it\\\/fr\\\/author\\\/redazione\\\/\"}]}<\/script>\n<!-- \/ Yoast SEO plugin. -->","yoast_head_json":{"title":"Farra d'Alpago: le procedure le devono rispettare solo i cittadini? - Bellunopress - Dolomiti","robots":{"index":"index","follow":"follow","max-snippet":"max-snippet:-1","max-image-preview":"max-image-preview:large","max-video-preview":"max-video-preview:-1"},"canonical":"https:\/\/www.bellunopress.it\/fr\/2012\/02\/11\/farra-dalpago-le-procedure-le-devono-rispettare-solo-i-cittadini\/","og_locale":"fr_FR","og_type":"article","og_title":"Farra d'Alpago: le procedure le devono rispettare solo i cittadini? - Bellunopress - Dolomiti","og_description":"Alcuni giorni fa ho ricevuto, come erede, una raccomandata dal comune di Farra d&#8217;Alpago contenente una comunicazione, da parte dell&#8217;Area Tecnica 1\u00b0 Settore &#8211; Lavori Pubblici- Ufficio Espropriazioni, avente il seguente oggetto: lavori di realizzazione di un&#8217;area attrezzata e di autorimesse interrate in localit\u00e0 \u201cVillaggio Riviera\u201d. Entrando nel merito della missiva mi si fa sapere, [&hellip;]","og_url":"https:\/\/www.bellunopress.it\/fr\/2012\/02\/11\/farra-dalpago-le-procedure-le-devono-rispettare-solo-i-cittadini\/","og_site_name":"Bellunopress - Dolomiti","article_publisher":"https:\/\/www.facebook.com\/profile.php?id=100008943462799","article_published_time":"2012-02-11T08:15:54+00:00","og_image":[{"url":"http:\/\/www.bellunopress.it\/wp-content\/uploads\/2012\/07\/logo-bellunopress-250x250-2012.jpg","type":"","width":"","height":""}],"author":"redazione","twitter_card":"summary_large_image","twitter_creator":"@bellunopress","twitter_site":"@bellunopress","twitter_misc":{"\u00c9crit par":"redazione","Dur\u00e9e de lecture estim\u00e9e":"2 minutes"},"schema":{"@context":"https:\/\/schema.org","@graph":[{"@type":"Article","@id":"https:\/\/www.bellunopress.it\/2012\/02\/11\/farra-dalpago-le-procedure-le-devono-rispettare-solo-i-cittadini\/#article","isPartOf":{"@id":"https:\/\/www.bellunopress.it\/2012\/02\/11\/farra-dalpago-le-procedure-le-devono-rispettare-solo-i-cittadini\/"},"author":{"name":"redazione","@id":"https:\/\/www.bellunopress.it\/#\/schema\/person\/79bb06722b37ece1c03d3e94beb30d73"},"headline":"Farra d&#8217;Alpago: le procedure le devono rispettare solo i cittadini?","datePublished":"2012-02-11T08:15:54+00:00","mainEntityOfPage":{"@id":"https:\/\/www.bellunopress.it\/2012\/02\/11\/farra-dalpago-le-procedure-le-devono-rispettare-solo-i-cittadini\/"},"wordCount":478,"publisher":{"@id":"https:\/\/www.bellunopress.it\/#organization"},"articleSection":["Prima Pagina","Societ\u00e0, Associazioni, Istituzioni"],"inLanguage":"fr-FR"},{"@type":"WebPage","@id":"https:\/\/www.bellunopress.it\/2012\/02\/11\/farra-dalpago-le-procedure-le-devono-rispettare-solo-i-cittadini\/","url":"https:\/\/www.bellunopress.it\/2012\/02\/11\/farra-dalpago-le-procedure-le-devono-rispettare-solo-i-cittadini\/","name":"Farra d'Alpago: le procedure le devono rispettare solo i cittadini? - Bellunopress - Dolomiti","isPartOf":{"@id":"https:\/\/www.bellunopress.it\/#website"},"datePublished":"2012-02-11T08:15:54+00:00","breadcrumb":{"@id":"https:\/\/www.bellunopress.it\/2012\/02\/11\/farra-dalpago-le-procedure-le-devono-rispettare-solo-i-cittadini\/#breadcrumb"},"inLanguage":"fr-FR","potentialAction":[{"@type":"ReadAction","target":["https:\/\/www.bellunopress.it\/2012\/02\/11\/farra-dalpago-le-procedure-le-devono-rispettare-solo-i-cittadini\/"]}]},{"@type":"BreadcrumbList","@id":"https:\/\/www.bellunopress.it\/2012\/02\/11\/farra-dalpago-le-procedure-le-devono-rispettare-solo-i-cittadini\/#breadcrumb","itemListElement":[{"@type":"ListItem","position":1,"name":"Home","item":"https:\/\/www.bellunopress.it\/"},{"@type":"ListItem","position":2,"name":"Farra d&#8217;Alpago: le procedure le devono rispettare solo i cittadini?"}]},{"@type":"WebSite","@id":"https:\/\/www.bellunopress.it\/#website","url":"https:\/\/www.bellunopress.it\/","name":"Bellunopress - Dolomiti","description":"e-mail: redazione@bellunopress.it","publisher":{"@id":"https:\/\/www.bellunopress.it\/#organization"},"potentialAction":[{"@type":"SearchAction","target":{"@type":"EntryPoint","urlTemplate":"https:\/\/www.bellunopress.it\/?s={search_term_string}"},"query-input":{"@type":"PropertyValueSpecification","valueRequired":true,"valueName":"search_term_string"}}],"inLanguage":"fr-FR"},{"@type":"Organization","@id":"https:\/\/www.bellunopress.it\/#organization","name":"Bellunopress","url":"https:\/\/www.bellunopress.it\/","logo":{"@type":"ImageObject","inLanguage":"fr-FR","@id":"https:\/\/www.bellunopress.it\/#\/schema\/logo\/image\/","url":"https:\/\/www.bellunopress.it\/wp-content\/uploads\/2011\/05\/cropped-logo-bellunopress-.jpg","contentUrl":"https:\/\/www.bellunopress.it\/wp-content\/uploads\/2011\/05\/cropped-logo-bellunopress-.jpg","width":512,"height":512,"caption":"Bellunopress"},"image":{"@id":"https:\/\/www.bellunopress.it\/#\/schema\/logo\/image\/"},"sameAs":["https:\/\/www.facebook.com\/profile.php?id=100008943462799","https:\/\/x.com\/bellunopress","https:\/\/www.linkedin.com\/hp\/?dnr=JBzUWaJfMUw8vbXJJ2tVW5-I3jZKvC4wsoxE&amp;amp;amp;amp;amp;amp;trk=nav_responsive_tab_home","https:\/\/www.youtube.com\/channel\/UCxL0wu1uN0_3_7hGG0306cw"]},{"@type":"Person","@id":"https:\/\/www.bellunopress.it\/#\/schema\/person\/79bb06722b37ece1c03d3e94beb30d73","name":"r\u00e9daction","image":{"@type":"ImageObject","inLanguage":"fr-FR","@id":"https:\/\/secure.gravatar.com\/avatar\/37d968a2e67a6fd04c169c4bdef102d0bc5d31b2546345219e348575eb80e9a0?s=96&d=mm&r=g","url":"https:\/\/secure.gravatar.com\/avatar\/37d968a2e67a6fd04c169c4bdef102d0bc5d31b2546345219e348575eb80e9a0?s=96&d=mm&r=g","contentUrl":"https:\/\/secure.gravatar.com\/avatar\/37d968a2e67a6fd04c169c4bdef102d0bc5d31b2546345219e348575eb80e9a0?s=96&d=mm&r=g","caption":"redazione"},"sameAs":["http:\/\/www.bellunopress.it","https:\/\/x.com\/bellunopress"],"url":"https:\/\/www.bellunopress.it\/fr\/author\/redazione\/"}]}},"_links":{"self":[{"href":"https:\/\/www.bellunopress.it\/fr\/wp-json\/wp\/v2\/posts\/34991","targetHints":{"allow":["GET"]}}],"collection":[{"href":"https:\/\/www.bellunopress.it\/fr\/wp-json\/wp\/v2\/posts"}],"about":[{"href":"https:\/\/www.bellunopress.it\/fr\/wp-json\/wp\/v2\/types\/post"}],"author":[{"embeddable":true,"href":"https:\/\/www.bellunopress.it\/fr\/wp-json\/wp\/v2\/users\/2"}],"replies":[{"embeddable":true,"href":"https:\/\/www.bellunopress.it\/fr\/wp-json\/wp\/v2\/comments?post=34991"}],"version-history":[{"count":1,"href":"https:\/\/www.bellunopress.it\/fr\/wp-json\/wp\/v2\/posts\/34991\/revisions"}],"predecessor-version":[{"id":34992,"href":"https:\/\/www.bellunopress.it\/fr\/wp-json\/wp\/v2\/posts\/34991\/revisions\/34992"}],"wp:attachment":[{"href":"https:\/\/www.bellunopress.it\/fr\/wp-json\/wp\/v2\/media?parent=34991"}],"wp:term":[{"taxonomy":"category","embeddable":true,"href":"https:\/\/www.bellunopress.it\/fr\/wp-json\/wp\/v2\/categories?post=34991"},{"taxonomy":"post_tag","embeddable":true,"href":"https:\/\/www.bellunopress.it\/fr\/wp-json\/wp\/v2\/tags?post=34991"}],"curies":[{"name":"wp","href":"https:\/\/api.w.org\/{rel}","templated":true}]}}