{"id":34989,"date":"2012-02-11T08:57:49","date_gmt":"2012-02-11T07:57:49","guid":{"rendered":"http:\/\/www.bellunopress.it\/?p=34989"},"modified":"2012-02-11T15:16:57","modified_gmt":"2012-02-11T14:16:57","slug":"domenica-a-castion-la-52-edizione-del-tradizionale-carnevale","status":"publish","type":"post","link":"https:\/\/www.bellunopress.it\/fr\/2012\/02\/11\/domenica-a-castion-la-52-edizione-del-tradizionale-carnevale\/","title":{"rendered":"Rinviato a domenica 19 febbraio la 52^ edizione del Carnevale di Castion"},"content":{"rendered":"<p>A causa delle previsioni del tempo tutt&#8217;altro che rassicuranti, del freddo siberiano che rende le operazioni di allestimento tutt&#8217;altro che facili e che, sicuramente, inciderebbe sull&#8217;affluenza del pubblico e dell&#8217;ondata influenzale che sta costringendo a letto tanti partecipanti ai carri delle frazioni, la Pro Loco Pieve Castionese a deciso di rimandare a domenica 19 febbraio i festeggiamenti del Carnevale. Il programma della giornata rester\u00e0, ovviamente, immutato.<\/p>\n<p>Domenica 19 febbraio, il Carnevale pi\u00f9 divertente fa tappa a Castion. I carri che animeranno la sfilata allegorica alle 14.00, con temi tutti da scoprire, sono quelli dei Giovani della Parrocchia di Castion, dei bambini dell&#8217;Asilo San Gaetano e degli abitanti delle frazioni di Caleipo, San Cipriano, Faverga, Cirvoi, Rivamaor, Visome, Prapavei di Sedico.<\/p>\n<p>Ma Arlecchino, Colombina, Pantalone, Principi e Principesse, Streghe e Fatine faranno la loro prima comparsa in piazza alle 11 e 30, ora in cui davanti alle scuole elementari di Castion \u00e8 in programma la tradizionale sfilata delle mascherine ad ognuna delle quali sar\u00e0 dato un ricordo.<\/p>\n<p>A contorno delle due sfilate , dopo il giro dei paesi che parte alle 10.00, e l\u2019apertura ufficiale del carnevale, alle 12.00 saranno aperti gli stand gastronomici dei gruppi partecipanti e l\u2019animazione per bambini nel cortile delle scuole elementari. Nel pomeriggio alle 17, dopo la premiazione dei carri, festa studentesca in maschera.<\/p>\n<p>Durante la giornata, nella cornice carnevalesca, sar\u00e0 presentato un video, realizzato dopo attente ricerche storiche. Attraverso centinaia di foto in bianco e nero e a colori si pu\u00f2 ripercorrere la storia di questi primi 51 anni di Carnevale castionese. Un video tutto da vedere e che mostra come la creativit\u00e0 dei castionesi \u00e8 da sempre molto attiva.<\/p>\n<p>&nbsp;<\/p>","protected":false},"excerpt":{"rendered":"<p>A causa delle previsioni del tempo tutt&#8217;altro che rassicuranti, del freddo siberiano che rende le operazioni di allestimento tutt&#8217;altro che facili e che, sicuramente, inciderebbe sull&#8217;affluenza del pubblico e dell&#8217;ondata influenzale che sta costringendo a letto tanti partecipanti ai carri delle frazioni, la Pro Loco Pieve Castionese a deciso di rimandare a domenica 19 febbraio [&hellip;]<\/p>\n","protected":false},"author":2,"featured_media":0,"comment_status":"closed","ping_status":"open","sticky":false,"template":"","format":"standard","meta":{"footnotes":""},"categories":[27,25],"tags":[],"class_list":["post-34989","post","type-post","status-publish","format-standard","category-appuntamenti","category-pausa-caffe"],"yoast_head":"<!-- This site is optimized with the Yoast SEO plugin v28.4 - https:\/\/yoast.com\/product\/yoast-seo-wordpress\/ -->\n<title>Rinviato a domenica 19 febbraio la 52^ edizione del Carnevale di Castion - Bellunopress - Dolomiti<\/title>\n<meta name=\"robots\" content=\"index, follow, max-snippet:-1, max-image-preview:large, max-video-preview:-1\" \/>\n<link rel=\"canonical\" href=\"https:\/\/www.bellunopress.it\/fr\/2012\/02\/11\/domenica-a-castion-la-52-edizione-del-tradizionale-carnevale\/\" \/>\n<meta property=\"og:locale\" content=\"fr_FR\" \/>\n<meta property=\"og:type\" content=\"article\" \/>\n<meta property=\"og:title\" content=\"Rinviato a domenica 19 febbraio la 52^ edizione del Carnevale di Castion - Bellunopress - Dolomiti\" \/>\n<meta property=\"og:description\" content=\"A causa delle previsioni del tempo tutt&#8217;altro che rassicuranti, del freddo siberiano che rende le operazioni di allestimento tutt&#8217;altro che facili e che, sicuramente, inciderebbe sull&#8217;affluenza del pubblico e dell&#8217;ondata influenzale che sta costringendo a letto tanti partecipanti ai carri delle frazioni, la Pro Loco Pieve Castionese a deciso di rimandare a domenica 19 febbraio [&hellip;]\" \/>\n<meta property=\"og:url\" content=\"https:\/\/www.bellunopress.it\/fr\/2012\/02\/11\/domenica-a-castion-la-52-edizione-del-tradizionale-carnevale\/\" \/>\n<meta property=\"og:site_name\" content=\"Bellunopress - Dolomiti\" \/>\n<meta property=\"article:publisher\" content=\"https:\/\/www.facebook.com\/profile.php?id=100008943462799\" \/>\n<meta property=\"article:published_time\" content=\"2012-02-11T07:57:49+00:00\" \/>\n<meta property=\"article:modified_time\" content=\"2012-02-11T14:16:57+00:00\" \/>\n<meta property=\"og:image\" content=\"http:\/\/www.bellunopress.it\/wp-content\/uploads\/2012\/07\/logo-bellunopress-250x250-2012.jpg\" \/>\n<meta name=\"author\" content=\"redazione\" \/>\n<meta name=\"twitter:card\" content=\"summary_large_image\" \/>\n<meta name=\"twitter:creator\" content=\"@bellunopress\" \/>\n<meta name=\"twitter:site\" content=\"@bellunopress\" \/>\n<meta name=\"twitter:label1\" content=\"\u00c9crit par\" \/>\n\t<meta name=\"twitter:data1\" content=\"redazione\" \/>\n\t<meta name=\"twitter:label2\" content=\"Dur\u00e9e de lecture estim\u00e9e\" \/>\n\t<meta name=\"twitter:data2\" content=\"1 minute\" \/>\n<script type=\"application\/ld+json\" class=\"yoast-schema-graph\">{\"@context\":\"https:\\\/\\\/schema.org\",\"@graph\":[{\"@type\":\"Article\",\"@id\":\"https:\\\/\\\/www.bellunopress.it\\\/2012\\\/02\\\/11\\\/domenica-a-castion-la-52-edizione-del-tradizionale-carnevale\\\/#article\",\"isPartOf\":{\"@id\":\"https:\\\/\\\/www.bellunopress.it\\\/2012\\\/02\\\/11\\\/domenica-a-castion-la-52-edizione-del-tradizionale-carnevale\\\/\"},\"author\":{\"name\":\"redazione\",\"@id\":\"https:\\\/\\\/www.bellunopress.it\\\/#\\\/schema\\\/person\\\/79bb06722b37ece1c03d3e94beb30d73\"},\"headline\":\"Rinviato a domenica 19 febbraio la 52^ edizione del Carnevale di Castion\",\"datePublished\":\"2012-02-11T07:57:49+00:00\",\"dateModified\":\"2012-02-11T14:16:57+00:00\",\"mainEntityOfPage\":{\"@id\":\"https:\\\/\\\/www.bellunopress.it\\\/2012\\\/02\\\/11\\\/domenica-a-castion-la-52-edizione-del-tradizionale-carnevale\\\/\"},\"wordCount\":281,\"publisher\":{\"@id\":\"https:\\\/\\\/www.bellunopress.it\\\/#organization\"},\"articleSection\":[\"Appuntamenti, Eventi\",\"Pausa Caff\u00e8\"],\"inLanguage\":\"fr-FR\"},{\"@type\":\"WebPage\",\"@id\":\"https:\\\/\\\/www.bellunopress.it\\\/2012\\\/02\\\/11\\\/domenica-a-castion-la-52-edizione-del-tradizionale-carnevale\\\/\",\"url\":\"https:\\\/\\\/www.bellunopress.it\\\/2012\\\/02\\\/11\\\/domenica-a-castion-la-52-edizione-del-tradizionale-carnevale\\\/\",\"name\":\"Rinviato a domenica 19 febbraio la 52^ edizione del Carnevale di Castion - Bellunopress - Dolomiti\",\"isPartOf\":{\"@id\":\"https:\\\/\\\/www.bellunopress.it\\\/#website\"},\"datePublished\":\"2012-02-11T07:57:49+00:00\",\"dateModified\":\"2012-02-11T14:16:57+00:00\",\"breadcrumb\":{\"@id\":\"https:\\\/\\\/www.bellunopress.it\\\/2012\\\/02\\\/11\\\/domenica-a-castion-la-52-edizione-del-tradizionale-carnevale\\\/#breadcrumb\"},\"inLanguage\":\"fr-FR\",\"potentialAction\":[{\"@type\":\"ReadAction\",\"target\":[\"https:\\\/\\\/www.bellunopress.it\\\/2012\\\/02\\\/11\\\/domenica-a-castion-la-52-edizione-del-tradizionale-carnevale\\\/\"]}]},{\"@type\":\"BreadcrumbList\",\"@id\":\"https:\\\/\\\/www.bellunopress.it\\\/2012\\\/02\\\/11\\\/domenica-a-castion-la-52-edizione-del-tradizionale-carnevale\\\/#breadcrumb\",\"itemListElement\":[{\"@type\":\"ListItem\",\"position\":1,\"name\":\"Home\",\"item\":\"https:\\\/\\\/www.bellunopress.it\\\/\"},{\"@type\":\"ListItem\",\"position\":2,\"name\":\"Rinviato a domenica 19 febbraio la 52^ edizione del Carnevale di Castion\"}]},{\"@type\":\"WebSite\",\"@id\":\"https:\\\/\\\/www.bellunopress.it\\\/#website\",\"url\":\"https:\\\/\\\/www.bellunopress.it\\\/\",\"name\":\"Bellunopress - Dolomiti\",\"description\":\"e-mail: redazione@bellunopress.it\",\"publisher\":{\"@id\":\"https:\\\/\\\/www.bellunopress.it\\\/#organization\"},\"potentialAction\":[{\"@type\":\"SearchAction\",\"target\":{\"@type\":\"EntryPoint\",\"urlTemplate\":\"https:\\\/\\\/www.bellunopress.it\\\/?s={search_term_string}\"},\"query-input\":{\"@type\":\"PropertyValueSpecification\",\"valueRequired\":true,\"valueName\":\"search_term_string\"}}],\"inLanguage\":\"fr-FR\"},{\"@type\":\"Organization\",\"@id\":\"https:\\\/\\\/www.bellunopress.it\\\/#organization\",\"name\":\"Bellunopress\",\"url\":\"https:\\\/\\\/www.bellunopress.it\\\/\",\"logo\":{\"@type\":\"ImageObject\",\"inLanguage\":\"fr-FR\",\"@id\":\"https:\\\/\\\/www.bellunopress.it\\\/#\\\/schema\\\/logo\\\/image\\\/\",\"url\":\"https:\\\/\\\/www.bellunopress.it\\\/wp-content\\\/uploads\\\/2011\\\/05\\\/cropped-logo-bellunopress-.jpg\",\"contentUrl\":\"https:\\\/\\\/www.bellunopress.it\\\/wp-content\\\/uploads\\\/2011\\\/05\\\/cropped-logo-bellunopress-.jpg\",\"width\":512,\"height\":512,\"caption\":\"Bellunopress\"},\"image\":{\"@id\":\"https:\\\/\\\/www.bellunopress.it\\\/#\\\/schema\\\/logo\\\/image\\\/\"},\"sameAs\":[\"https:\\\/\\\/www.facebook.com\\\/profile.php?id=100008943462799\",\"https:\\\/\\\/x.com\\\/bellunopress\",\"https:\\\/\\\/www.linkedin.com\\\/hp\\\/?dnr=JBzUWaJfMUw8vbXJJ2tVW5-I3jZKvC4wsoxE&amp;amp;amp;amp;amp;amp;trk=nav_responsive_tab_home\",\"https:\\\/\\\/www.youtube.com\\\/channel\\\/UCxL0wu1uN0_3_7hGG0306cw\"]},{\"@type\":\"Person\",\"@id\":\"https:\\\/\\\/www.bellunopress.it\\\/#\\\/schema\\\/person\\\/79bb06722b37ece1c03d3e94beb30d73\",\"name\":\"redazione\",\"image\":{\"@type\":\"ImageObject\",\"inLanguage\":\"fr-FR\",\"@id\":\"https:\\\/\\\/secure.gravatar.com\\\/avatar\\\/37d968a2e67a6fd04c169c4bdef102d0bc5d31b2546345219e348575eb80e9a0?s=96&d=mm&r=g\",\"url\":\"https:\\\/\\\/secure.gravatar.com\\\/avatar\\\/37d968a2e67a6fd04c169c4bdef102d0bc5d31b2546345219e348575eb80e9a0?s=96&d=mm&r=g\",\"contentUrl\":\"https:\\\/\\\/secure.gravatar.com\\\/avatar\\\/37d968a2e67a6fd04c169c4bdef102d0bc5d31b2546345219e348575eb80e9a0?s=96&d=mm&r=g\",\"caption\":\"redazione\"},\"sameAs\":[\"http:\\\/\\\/www.bellunopress.it\",\"https:\\\/\\\/x.com\\\/bellunopress\"],\"url\":\"https:\\\/\\\/www.bellunopress.it\\\/fr\\\/author\\\/redazione\\\/\"}]}<\/script>\n<!-- \/ Yoast SEO plugin. -->","yoast_head_json":{"title":"Rinviato a domenica 19 febbraio la 52^ edizione del Carnevale di Castion - Bellunopress - Dolomiti","robots":{"index":"index","follow":"follow","max-snippet":"max-snippet:-1","max-image-preview":"max-image-preview:large","max-video-preview":"max-video-preview:-1"},"canonical":"https:\/\/www.bellunopress.it\/fr\/2012\/02\/11\/domenica-a-castion-la-52-edizione-del-tradizionale-carnevale\/","og_locale":"fr_FR","og_type":"article","og_title":"Rinviato a domenica 19 febbraio la 52^ edizione del Carnevale di Castion - Bellunopress - Dolomiti","og_description":"A causa delle previsioni del tempo tutt&#8217;altro che rassicuranti, del freddo siberiano che rende le operazioni di allestimento tutt&#8217;altro che facili e che, sicuramente, inciderebbe sull&#8217;affluenza del pubblico e dell&#8217;ondata influenzale che sta costringendo a letto tanti partecipanti ai carri delle frazioni, la Pro Loco Pieve Castionese a deciso di rimandare a domenica 19 febbraio [&hellip;]","og_url":"https:\/\/www.bellunopress.it\/fr\/2012\/02\/11\/domenica-a-castion-la-52-edizione-del-tradizionale-carnevale\/","og_site_name":"Bellunopress - Dolomiti","article_publisher":"https:\/\/www.facebook.com\/profile.php?id=100008943462799","article_published_time":"2012-02-11T07:57:49+00:00","article_modified_time":"2012-02-11T14:16:57+00:00","og_image":[{"url":"http:\/\/www.bellunopress.it\/wp-content\/uploads\/2012\/07\/logo-bellunopress-250x250-2012.jpg","type":"","width":"","height":""}],"author":"redazione","twitter_card":"summary_large_image","twitter_creator":"@bellunopress","twitter_site":"@bellunopress","twitter_misc":{"\u00c9crit par":"redazione","Dur\u00e9e de lecture estim\u00e9e":"1 minute"},"schema":{"@context":"https:\/\/schema.org","@graph":[{"@type":"Article","@id":"https:\/\/www.bellunopress.it\/2012\/02\/11\/domenica-a-castion-la-52-edizione-del-tradizionale-carnevale\/#article","isPartOf":{"@id":"https:\/\/www.bellunopress.it\/2012\/02\/11\/domenica-a-castion-la-52-edizione-del-tradizionale-carnevale\/"},"author":{"name":"redazione","@id":"https:\/\/www.bellunopress.it\/#\/schema\/person\/79bb06722b37ece1c03d3e94beb30d73"},"headline":"Rinviato a domenica 19 febbraio la 52^ edizione del Carnevale di Castion","datePublished":"2012-02-11T07:57:49+00:00","dateModified":"2012-02-11T14:16:57+00:00","mainEntityOfPage":{"@id":"https:\/\/www.bellunopress.it\/2012\/02\/11\/domenica-a-castion-la-52-edizione-del-tradizionale-carnevale\/"},"wordCount":281,"publisher":{"@id":"https:\/\/www.bellunopress.it\/#organization"},"articleSection":["Appuntamenti, Eventi","Pausa Caff\u00e8"],"inLanguage":"fr-FR"},{"@type":"WebPage","@id":"https:\/\/www.bellunopress.it\/2012\/02\/11\/domenica-a-castion-la-52-edizione-del-tradizionale-carnevale\/","url":"https:\/\/www.bellunopress.it\/2012\/02\/11\/domenica-a-castion-la-52-edizione-del-tradizionale-carnevale\/","name":"Rinviato a domenica 19 febbraio la 52^ edizione del Carnevale di Castion - Bellunopress - Dolomiti","isPartOf":{"@id":"https:\/\/www.bellunopress.it\/#website"},"datePublished":"2012-02-11T07:57:49+00:00","dateModified":"2012-02-11T14:16:57+00:00","breadcrumb":{"@id":"https:\/\/www.bellunopress.it\/2012\/02\/11\/domenica-a-castion-la-52-edizione-del-tradizionale-carnevale\/#breadcrumb"},"inLanguage":"fr-FR","potentialAction":[{"@type":"ReadAction","target":["https:\/\/www.bellunopress.it\/2012\/02\/11\/domenica-a-castion-la-52-edizione-del-tradizionale-carnevale\/"]}]},{"@type":"BreadcrumbList","@id":"https:\/\/www.bellunopress.it\/2012\/02\/11\/domenica-a-castion-la-52-edizione-del-tradizionale-carnevale\/#breadcrumb","itemListElement":[{"@type":"ListItem","position":1,"name":"Home","item":"https:\/\/www.bellunopress.it\/"},{"@type":"ListItem","position":2,"name":"Rinviato a domenica 19 febbraio la 52^ edizione del Carnevale di Castion"}]},{"@type":"WebSite","@id":"https:\/\/www.bellunopress.it\/#website","url":"https:\/\/www.bellunopress.it\/","name":"Bellunopress - Dolomiti","description":"e-mail: redazione@bellunopress.it","publisher":{"@id":"https:\/\/www.bellunopress.it\/#organization"},"potentialAction":[{"@type":"SearchAction","target":{"@type":"EntryPoint","urlTemplate":"https:\/\/www.bellunopress.it\/?s={search_term_string}"},"query-input":{"@type":"PropertyValueSpecification","valueRequired":true,"valueName":"search_term_string"}}],"inLanguage":"fr-FR"},{"@type":"Organization","@id":"https:\/\/www.bellunopress.it\/#organization","name":"Bellunopress","url":"https:\/\/www.bellunopress.it\/","logo":{"@type":"ImageObject","inLanguage":"fr-FR","@id":"https:\/\/www.bellunopress.it\/#\/schema\/logo\/image\/","url":"https:\/\/www.bellunopress.it\/wp-content\/uploads\/2011\/05\/cropped-logo-bellunopress-.jpg","contentUrl":"https:\/\/www.bellunopress.it\/wp-content\/uploads\/2011\/05\/cropped-logo-bellunopress-.jpg","width":512,"height":512,"caption":"Bellunopress"},"image":{"@id":"https:\/\/www.bellunopress.it\/#\/schema\/logo\/image\/"},"sameAs":["https:\/\/www.facebook.com\/profile.php?id=100008943462799","https:\/\/x.com\/bellunopress","https:\/\/www.linkedin.com\/hp\/?dnr=JBzUWaJfMUw8vbXJJ2tVW5-I3jZKvC4wsoxE&amp;amp;amp;amp;amp;amp;trk=nav_responsive_tab_home","https:\/\/www.youtube.com\/channel\/UCxL0wu1uN0_3_7hGG0306cw"]},{"@type":"Person","@id":"https:\/\/www.bellunopress.it\/#\/schema\/person\/79bb06722b37ece1c03d3e94beb30d73","name":"r\u00e9daction","image":{"@type":"ImageObject","inLanguage":"fr-FR","@id":"https:\/\/secure.gravatar.com\/avatar\/37d968a2e67a6fd04c169c4bdef102d0bc5d31b2546345219e348575eb80e9a0?s=96&d=mm&r=g","url":"https:\/\/secure.gravatar.com\/avatar\/37d968a2e67a6fd04c169c4bdef102d0bc5d31b2546345219e348575eb80e9a0?s=96&d=mm&r=g","contentUrl":"https:\/\/secure.gravatar.com\/avatar\/37d968a2e67a6fd04c169c4bdef102d0bc5d31b2546345219e348575eb80e9a0?s=96&d=mm&r=g","caption":"redazione"},"sameAs":["http:\/\/www.bellunopress.it","https:\/\/x.com\/bellunopress"],"url":"https:\/\/www.bellunopress.it\/fr\/author\/redazione\/"}]}},"_links":{"self":[{"href":"https:\/\/www.bellunopress.it\/fr\/wp-json\/wp\/v2\/posts\/34989","targetHints":{"allow":["GET"]}}],"collection":[{"href":"https:\/\/www.bellunopress.it\/fr\/wp-json\/wp\/v2\/posts"}],"about":[{"href":"https:\/\/www.bellunopress.it\/fr\/wp-json\/wp\/v2\/types\/post"}],"author":[{"embeddable":true,"href":"https:\/\/www.bellunopress.it\/fr\/wp-json\/wp\/v2\/users\/2"}],"replies":[{"embeddable":true,"href":"https:\/\/www.bellunopress.it\/fr\/wp-json\/wp\/v2\/comments?post=34989"}],"version-history":[{"count":3,"href":"https:\/\/www.bellunopress.it\/fr\/wp-json\/wp\/v2\/posts\/34989\/revisions"}],"predecessor-version":[{"id":35008,"href":"https:\/\/www.bellunopress.it\/fr\/wp-json\/wp\/v2\/posts\/34989\/revisions\/35008"}],"wp:attachment":[{"href":"https:\/\/www.bellunopress.it\/fr\/wp-json\/wp\/v2\/media?parent=34989"}],"wp:term":[{"taxonomy":"category","embeddable":true,"href":"https:\/\/www.bellunopress.it\/fr\/wp-json\/wp\/v2\/categories?post=34989"},{"taxonomy":"post_tag","embeddable":true,"href":"https:\/\/www.bellunopress.it\/fr\/wp-json\/wp\/v2\/tags?post=34989"}],"curies":[{"name":"wp","href":"https:\/\/api.w.org\/{rel}","templated":true}]}}