{"id":34956,"date":"2012-02-09T23:14:36","date_gmt":"2012-02-09T22:14:36","guid":{"rendered":"http:\/\/www.bellunopress.it\/?p=34956"},"modified":"2012-02-11T08:55:32","modified_gmt":"2012-02-11T07:55:32","slug":"carnevale-di-sedico-il-programma-di-sabato-e-domenica","status":"publish","type":"post","link":"https:\/\/www.bellunopress.it\/fr\/2012\/02\/09\/carnevale-di-sedico-il-programma-di-sabato-e-domenica\/","title":{"rendered":"Carnevale di Sedico: il programma di sabato e domenica"},"content":{"rendered":"<p>Archiviata con il meritato successo la prima sfilata di domenica scorsa, nonostante il maltempo non abbia certo aiutato l\u2019organizzazione, Sedico si prepara a vivere il secondo fine settimana con il ricchissimo programma del Carnevale, organizzato come ogni anno dalla Pro loco in collaborazione con il comitato carristi, il gruppo Giardini e con molte associazioni del paese, oltre che con il contributo dell\u2019Amministrazione comunale. La prima domenica ha visto accorrere un pubblico numeroso nonostante la giornata freddissima e contraddistinta da un vento fastidioso, con poco meno di duemila spettatori, una decina di carri e gruppi mascherati e circa seicento figuranti in maschera che hanno fatto da contorno ad una bellissima sfilata, ritornata agli antichi fasti nel centro del paese.<\/p>\n<p>&nbsp;<\/p>\n<p>Il programma del prossimo fine settimana si annuncia ancora una volta ricco.<\/p>\n<p>Sabato 11 febbraio, con inizio alle ore 20,30 nel salone della casa della dottrina di Sedico, \u00e8 in programma la seconda serata teatrale: protagonista la compagnia \u201cI Sedegot\u201d che presenter\u00e0 la commedia dialettale in tre atti di Carlo Goldoni \u201cLe baruffe chiozzotte\u201d; l\u2019ingresso alla serata sar\u00e0 ad offerta libera.<\/p>\n<p>Domenica 12 febbraio seconda grandiosa sfilata di carri mascherati in cartapesta e gruppi a piedi: inizio alle ore 14 con partenza del corteo mascherato dal piazzale antistante l\u2019ex scuola alberghiera, per salire lungo via De Gasperi, viale Venezia e Piazza della Vittoria, dove i gruppi terranno le loro rappresentazioni. Anche questa domenica il pubblico presente potr\u00e0 ammirare i carri di casa, e cio\u00e8 quelli del Gruppo Roe, dal titolo \u201cAl sol al magna le ore\u201d, degli Incredibili, con il loro \u201cSedico Dakar\u201d, dei Bociase e \u201cIl paese delle meraviglie\u201d e degli Amici del carnevale, che quest\u2019anno hanno presentato \u201cYabba Dabba Doo\u201d, la parodia dei Flinstons. Ad aprire il corso mascherato \u00e8 annunciata la partecipazione straordinaria del Corpo Musicale Comunale di Sedico in maschera per l\u2019occasione, mentre da Salzano (Venezia) \u00e8 in arrivo il gruppo Astra con i loro fantastici costumi.<\/p>\n<p>Al termine della sfilata, ci sar\u00e0 sul palco di piazza della Vittoria l\u2019esibizione della scuola di danza Lo Guaracheros de Feltre, che con la simpatia, l\u2019entusiasmo dei suoi ballerini sapr\u00e0 presentare uno spettacolo davvero molto divertente. Per tutto il pomeriggio, poi, funzioneranno i chioschi con bevande calde, crostoli e pop-corn, oltre a quelli per la vendita di coriandoli.<\/p>\n<p>&nbsp;<\/p>\n<p>Sempre in vendita, infine, ci sono i biglietti della fantastica lotteria, che mette in palio come primo premio una Peugeot 206 e secondo una Peugeot 107, messi a disposizione dalla concessionaria Bridda No\u00e8 di Ponte nelle Alpi, oltre ad altri 54 favolosi premi: costo del biglietto 1 Euro ed estrazione in programma sabato 17 marzo al palazzo dei servizi.<\/p>","protected":false},"excerpt":{"rendered":"<p>Archiviata con il meritato successo la prima sfilata di domenica scorsa, nonostante il maltempo non abbia certo aiutato l\u2019organizzazione, Sedico si prepara a vivere il secondo fine settimana con il ricchissimo programma del Carnevale, organizzato come ogni anno dalla Pro loco in collaborazione con il comitato carristi, il gruppo Giardini e con molte associazioni del [&hellip;]<\/p>\n","protected":false},"author":2,"featured_media":0,"comment_status":"closed","ping_status":"open","sticky":false,"template":"","format":"standard","meta":{"footnotes":""},"categories":[27,25],"tags":[],"class_list":["post-34956","post","type-post","status-publish","format-standard","category-appuntamenti","category-pausa-caffe"],"yoast_head":"<!-- This site is optimized with the Yoast SEO plugin v28.4 - https:\/\/yoast.com\/product\/yoast-seo-wordpress\/ -->\n<title>Carnevale di Sedico: il programma di sabato e domenica - Bellunopress - Dolomiti<\/title>\n<meta name=\"robots\" content=\"index, follow, max-snippet:-1, max-image-preview:large, max-video-preview:-1\" \/>\n<link rel=\"canonical\" href=\"https:\/\/www.bellunopress.it\/fr\/2012\/02\/09\/carnevale-di-sedico-il-programma-di-sabato-e-domenica\/\" \/>\n<meta property=\"og:locale\" content=\"fr_FR\" \/>\n<meta property=\"og:type\" content=\"article\" \/>\n<meta property=\"og:title\" content=\"Carnevale di Sedico: il programma di sabato e domenica - Bellunopress - Dolomiti\" \/>\n<meta property=\"og:description\" content=\"Archiviata con il meritato successo la prima sfilata di domenica scorsa, nonostante il maltempo non abbia certo aiutato l\u2019organizzazione, Sedico si prepara a vivere il secondo fine settimana con il ricchissimo programma del Carnevale, organizzato come ogni anno dalla Pro loco in collaborazione con il comitato carristi, il gruppo Giardini e con molte associazioni del [&hellip;]\" \/>\n<meta property=\"og:url\" content=\"https:\/\/www.bellunopress.it\/fr\/2012\/02\/09\/carnevale-di-sedico-il-programma-di-sabato-e-domenica\/\" \/>\n<meta property=\"og:site_name\" content=\"Bellunopress - Dolomiti\" \/>\n<meta property=\"article:publisher\" content=\"https:\/\/www.facebook.com\/profile.php?id=100008943462799\" \/>\n<meta property=\"article:published_time\" content=\"2012-02-09T22:14:36+00:00\" \/>\n<meta property=\"article:modified_time\" content=\"2012-02-11T07:55:32+00:00\" \/>\n<meta property=\"og:image\" content=\"http:\/\/www.bellunopress.it\/wp-content\/uploads\/2012\/07\/logo-bellunopress-250x250-2012.jpg\" \/>\n<meta name=\"author\" content=\"redazione\" \/>\n<meta name=\"twitter:card\" content=\"summary_large_image\" \/>\n<meta name=\"twitter:creator\" content=\"@bellunopress\" \/>\n<meta name=\"twitter:site\" content=\"@bellunopress\" \/>\n<meta name=\"twitter:label1\" content=\"\u00c9crit par\" \/>\n\t<meta name=\"twitter:data1\" content=\"redazione\" \/>\n\t<meta name=\"twitter:label2\" content=\"Dur\u00e9e de lecture estim\u00e9e\" \/>\n\t<meta name=\"twitter:data2\" content=\"2 minutes\" \/>\n<script type=\"application\/ld+json\" class=\"yoast-schema-graph\">{\"@context\":\"https:\\\/\\\/schema.org\",\"@graph\":[{\"@type\":\"Article\",\"@id\":\"https:\\\/\\\/www.bellunopress.it\\\/2012\\\/02\\\/09\\\/carnevale-di-sedico-il-programma-di-sabato-e-domenica\\\/#article\",\"isPartOf\":{\"@id\":\"https:\\\/\\\/www.bellunopress.it\\\/2012\\\/02\\\/09\\\/carnevale-di-sedico-il-programma-di-sabato-e-domenica\\\/\"},\"author\":{\"name\":\"redazione\",\"@id\":\"https:\\\/\\\/www.bellunopress.it\\\/#\\\/schema\\\/person\\\/79bb06722b37ece1c03d3e94beb30d73\"},\"headline\":\"Carnevale di Sedico: il programma di sabato e domenica\",\"datePublished\":\"2012-02-09T22:14:36+00:00\",\"dateModified\":\"2012-02-11T07:55:32+00:00\",\"mainEntityOfPage\":{\"@id\":\"https:\\\/\\\/www.bellunopress.it\\\/2012\\\/02\\\/09\\\/carnevale-di-sedico-il-programma-di-sabato-e-domenica\\\/\"},\"wordCount\":443,\"publisher\":{\"@id\":\"https:\\\/\\\/www.bellunopress.it\\\/#organization\"},\"articleSection\":[\"Appuntamenti, Eventi\",\"Pausa Caff\u00e8\"],\"inLanguage\":\"fr-FR\"},{\"@type\":\"WebPage\",\"@id\":\"https:\\\/\\\/www.bellunopress.it\\\/2012\\\/02\\\/09\\\/carnevale-di-sedico-il-programma-di-sabato-e-domenica\\\/\",\"url\":\"https:\\\/\\\/www.bellunopress.it\\\/2012\\\/02\\\/09\\\/carnevale-di-sedico-il-programma-di-sabato-e-domenica\\\/\",\"name\":\"Carnevale di Sedico: il programma di sabato e domenica - Bellunopress - Dolomiti\",\"isPartOf\":{\"@id\":\"https:\\\/\\\/www.bellunopress.it\\\/#website\"},\"datePublished\":\"2012-02-09T22:14:36+00:00\",\"dateModified\":\"2012-02-11T07:55:32+00:00\",\"breadcrumb\":{\"@id\":\"https:\\\/\\\/www.bellunopress.it\\\/2012\\\/02\\\/09\\\/carnevale-di-sedico-il-programma-di-sabato-e-domenica\\\/#breadcrumb\"},\"inLanguage\":\"fr-FR\",\"potentialAction\":[{\"@type\":\"ReadAction\",\"target\":[\"https:\\\/\\\/www.bellunopress.it\\\/2012\\\/02\\\/09\\\/carnevale-di-sedico-il-programma-di-sabato-e-domenica\\\/\"]}]},{\"@type\":\"BreadcrumbList\",\"@id\":\"https:\\\/\\\/www.bellunopress.it\\\/2012\\\/02\\\/09\\\/carnevale-di-sedico-il-programma-di-sabato-e-domenica\\\/#breadcrumb\",\"itemListElement\":[{\"@type\":\"ListItem\",\"position\":1,\"name\":\"Home\",\"item\":\"https:\\\/\\\/www.bellunopress.it\\\/\"},{\"@type\":\"ListItem\",\"position\":2,\"name\":\"Carnevale di Sedico: il programma di sabato e domenica\"}]},{\"@type\":\"WebSite\",\"@id\":\"https:\\\/\\\/www.bellunopress.it\\\/#website\",\"url\":\"https:\\\/\\\/www.bellunopress.it\\\/\",\"name\":\"Bellunopress - Dolomiti\",\"description\":\"e-mail: redazione@bellunopress.it\",\"publisher\":{\"@id\":\"https:\\\/\\\/www.bellunopress.it\\\/#organization\"},\"potentialAction\":[{\"@type\":\"SearchAction\",\"target\":{\"@type\":\"EntryPoint\",\"urlTemplate\":\"https:\\\/\\\/www.bellunopress.it\\\/?s={search_term_string}\"},\"query-input\":{\"@type\":\"PropertyValueSpecification\",\"valueRequired\":true,\"valueName\":\"search_term_string\"}}],\"inLanguage\":\"fr-FR\"},{\"@type\":\"Organization\",\"@id\":\"https:\\\/\\\/www.bellunopress.it\\\/#organization\",\"name\":\"Bellunopress\",\"url\":\"https:\\\/\\\/www.bellunopress.it\\\/\",\"logo\":{\"@type\":\"ImageObject\",\"inLanguage\":\"fr-FR\",\"@id\":\"https:\\\/\\\/www.bellunopress.it\\\/#\\\/schema\\\/logo\\\/image\\\/\",\"url\":\"https:\\\/\\\/www.bellunopress.it\\\/wp-content\\\/uploads\\\/2011\\\/05\\\/cropped-logo-bellunopress-.jpg\",\"contentUrl\":\"https:\\\/\\\/www.bellunopress.it\\\/wp-content\\\/uploads\\\/2011\\\/05\\\/cropped-logo-bellunopress-.jpg\",\"width\":512,\"height\":512,\"caption\":\"Bellunopress\"},\"image\":{\"@id\":\"https:\\\/\\\/www.bellunopress.it\\\/#\\\/schema\\\/logo\\\/image\\\/\"},\"sameAs\":[\"https:\\\/\\\/www.facebook.com\\\/profile.php?id=100008943462799\",\"https:\\\/\\\/x.com\\\/bellunopress\",\"https:\\\/\\\/www.linkedin.com\\\/hp\\\/?dnr=JBzUWaJfMUw8vbXJJ2tVW5-I3jZKvC4wsoxE&amp;amp;amp;amp;amp;amp;trk=nav_responsive_tab_home\",\"https:\\\/\\\/www.youtube.com\\\/channel\\\/UCxL0wu1uN0_3_7hGG0306cw\"]},{\"@type\":\"Person\",\"@id\":\"https:\\\/\\\/www.bellunopress.it\\\/#\\\/schema\\\/person\\\/79bb06722b37ece1c03d3e94beb30d73\",\"name\":\"redazione\",\"image\":{\"@type\":\"ImageObject\",\"inLanguage\":\"fr-FR\",\"@id\":\"https:\\\/\\\/secure.gravatar.com\\\/avatar\\\/37d968a2e67a6fd04c169c4bdef102d0bc5d31b2546345219e348575eb80e9a0?s=96&d=mm&r=g\",\"url\":\"https:\\\/\\\/secure.gravatar.com\\\/avatar\\\/37d968a2e67a6fd04c169c4bdef102d0bc5d31b2546345219e348575eb80e9a0?s=96&d=mm&r=g\",\"contentUrl\":\"https:\\\/\\\/secure.gravatar.com\\\/avatar\\\/37d968a2e67a6fd04c169c4bdef102d0bc5d31b2546345219e348575eb80e9a0?s=96&d=mm&r=g\",\"caption\":\"redazione\"},\"sameAs\":[\"http:\\\/\\\/www.bellunopress.it\",\"https:\\\/\\\/x.com\\\/bellunopress\"],\"url\":\"https:\\\/\\\/www.bellunopress.it\\\/fr\\\/author\\\/redazione\\\/\"}]}<\/script>\n<!-- \/ Yoast SEO plugin. -->","yoast_head_json":{"title":"Carnevale di Sedico: il programma di sabato e domenica - Bellunopress - Dolomiti","robots":{"index":"index","follow":"follow","max-snippet":"max-snippet:-1","max-image-preview":"max-image-preview:large","max-video-preview":"max-video-preview:-1"},"canonical":"https:\/\/www.bellunopress.it\/fr\/2012\/02\/09\/carnevale-di-sedico-il-programma-di-sabato-e-domenica\/","og_locale":"fr_FR","og_type":"article","og_title":"Carnevale di Sedico: il programma di sabato e domenica - Bellunopress - Dolomiti","og_description":"Archiviata con il meritato successo la prima sfilata di domenica scorsa, nonostante il maltempo non abbia certo aiutato l\u2019organizzazione, Sedico si prepara a vivere il secondo fine settimana con il ricchissimo programma del Carnevale, organizzato come ogni anno dalla Pro loco in collaborazione con il comitato carristi, il gruppo Giardini e con molte associazioni del [&hellip;]","og_url":"https:\/\/www.bellunopress.it\/fr\/2012\/02\/09\/carnevale-di-sedico-il-programma-di-sabato-e-domenica\/","og_site_name":"Bellunopress - Dolomiti","article_publisher":"https:\/\/www.facebook.com\/profile.php?id=100008943462799","article_published_time":"2012-02-09T22:14:36+00:00","article_modified_time":"2012-02-11T07:55:32+00:00","og_image":[{"url":"http:\/\/www.bellunopress.it\/wp-content\/uploads\/2012\/07\/logo-bellunopress-250x250-2012.jpg","type":"","width":"","height":""}],"author":"redazione","twitter_card":"summary_large_image","twitter_creator":"@bellunopress","twitter_site":"@bellunopress","twitter_misc":{"\u00c9crit par":"redazione","Dur\u00e9e de lecture estim\u00e9e":"2 minutes"},"schema":{"@context":"https:\/\/schema.org","@graph":[{"@type":"Article","@id":"https:\/\/www.bellunopress.it\/2012\/02\/09\/carnevale-di-sedico-il-programma-di-sabato-e-domenica\/#article","isPartOf":{"@id":"https:\/\/www.bellunopress.it\/2012\/02\/09\/carnevale-di-sedico-il-programma-di-sabato-e-domenica\/"},"author":{"name":"redazione","@id":"https:\/\/www.bellunopress.it\/#\/schema\/person\/79bb06722b37ece1c03d3e94beb30d73"},"headline":"Carnevale di Sedico: il programma di sabato e domenica","datePublished":"2012-02-09T22:14:36+00:00","dateModified":"2012-02-11T07:55:32+00:00","mainEntityOfPage":{"@id":"https:\/\/www.bellunopress.it\/2012\/02\/09\/carnevale-di-sedico-il-programma-di-sabato-e-domenica\/"},"wordCount":443,"publisher":{"@id":"https:\/\/www.bellunopress.it\/#organization"},"articleSection":["Appuntamenti, Eventi","Pausa Caff\u00e8"],"inLanguage":"fr-FR"},{"@type":"WebPage","@id":"https:\/\/www.bellunopress.it\/2012\/02\/09\/carnevale-di-sedico-il-programma-di-sabato-e-domenica\/","url":"https:\/\/www.bellunopress.it\/2012\/02\/09\/carnevale-di-sedico-il-programma-di-sabato-e-domenica\/","name":"Carnevale di Sedico: il programma di sabato e domenica - Bellunopress - Dolomiti","isPartOf":{"@id":"https:\/\/www.bellunopress.it\/#website"},"datePublished":"2012-02-09T22:14:36+00:00","dateModified":"2012-02-11T07:55:32+00:00","breadcrumb":{"@id":"https:\/\/www.bellunopress.it\/2012\/02\/09\/carnevale-di-sedico-il-programma-di-sabato-e-domenica\/#breadcrumb"},"inLanguage":"fr-FR","potentialAction":[{"@type":"ReadAction","target":["https:\/\/www.bellunopress.it\/2012\/02\/09\/carnevale-di-sedico-il-programma-di-sabato-e-domenica\/"]}]},{"@type":"BreadcrumbList","@id":"https:\/\/www.bellunopress.it\/2012\/02\/09\/carnevale-di-sedico-il-programma-di-sabato-e-domenica\/#breadcrumb","itemListElement":[{"@type":"ListItem","position":1,"name":"Home","item":"https:\/\/www.bellunopress.it\/"},{"@type":"ListItem","position":2,"name":"Carnevale di Sedico: il programma di sabato e domenica"}]},{"@type":"WebSite","@id":"https:\/\/www.bellunopress.it\/#website","url":"https:\/\/www.bellunopress.it\/","name":"Bellunopress - Dolomiti","description":"e-mail: redazione@bellunopress.it","publisher":{"@id":"https:\/\/www.bellunopress.it\/#organization"},"potentialAction":[{"@type":"SearchAction","target":{"@type":"EntryPoint","urlTemplate":"https:\/\/www.bellunopress.it\/?s={search_term_string}"},"query-input":{"@type":"PropertyValueSpecification","valueRequired":true,"valueName":"search_term_string"}}],"inLanguage":"fr-FR"},{"@type":"Organization","@id":"https:\/\/www.bellunopress.it\/#organization","name":"Bellunopress","url":"https:\/\/www.bellunopress.it\/","logo":{"@type":"ImageObject","inLanguage":"fr-FR","@id":"https:\/\/www.bellunopress.it\/#\/schema\/logo\/image\/","url":"https:\/\/www.bellunopress.it\/wp-content\/uploads\/2011\/05\/cropped-logo-bellunopress-.jpg","contentUrl":"https:\/\/www.bellunopress.it\/wp-content\/uploads\/2011\/05\/cropped-logo-bellunopress-.jpg","width":512,"height":512,"caption":"Bellunopress"},"image":{"@id":"https:\/\/www.bellunopress.it\/#\/schema\/logo\/image\/"},"sameAs":["https:\/\/www.facebook.com\/profile.php?id=100008943462799","https:\/\/x.com\/bellunopress","https:\/\/www.linkedin.com\/hp\/?dnr=JBzUWaJfMUw8vbXJJ2tVW5-I3jZKvC4wsoxE&amp;amp;amp;amp;amp;amp;trk=nav_responsive_tab_home","https:\/\/www.youtube.com\/channel\/UCxL0wu1uN0_3_7hGG0306cw"]},{"@type":"Person","@id":"https:\/\/www.bellunopress.it\/#\/schema\/person\/79bb06722b37ece1c03d3e94beb30d73","name":"r\u00e9daction","image":{"@type":"ImageObject","inLanguage":"fr-FR","@id":"https:\/\/secure.gravatar.com\/avatar\/37d968a2e67a6fd04c169c4bdef102d0bc5d31b2546345219e348575eb80e9a0?s=96&d=mm&r=g","url":"https:\/\/secure.gravatar.com\/avatar\/37d968a2e67a6fd04c169c4bdef102d0bc5d31b2546345219e348575eb80e9a0?s=96&d=mm&r=g","contentUrl":"https:\/\/secure.gravatar.com\/avatar\/37d968a2e67a6fd04c169c4bdef102d0bc5d31b2546345219e348575eb80e9a0?s=96&d=mm&r=g","caption":"redazione"},"sameAs":["http:\/\/www.bellunopress.it","https:\/\/x.com\/bellunopress"],"url":"https:\/\/www.bellunopress.it\/fr\/author\/redazione\/"}]}},"_links":{"self":[{"href":"https:\/\/www.bellunopress.it\/fr\/wp-json\/wp\/v2\/posts\/34956","targetHints":{"allow":["GET"]}}],"collection":[{"href":"https:\/\/www.bellunopress.it\/fr\/wp-json\/wp\/v2\/posts"}],"about":[{"href":"https:\/\/www.bellunopress.it\/fr\/wp-json\/wp\/v2\/types\/post"}],"author":[{"embeddable":true,"href":"https:\/\/www.bellunopress.it\/fr\/wp-json\/wp\/v2\/users\/2"}],"replies":[{"embeddable":true,"href":"https:\/\/www.bellunopress.it\/fr\/wp-json\/wp\/v2\/comments?post=34956"}],"version-history":[{"count":2,"href":"https:\/\/www.bellunopress.it\/fr\/wp-json\/wp\/v2\/posts\/34956\/revisions"}],"predecessor-version":[{"id":34987,"href":"https:\/\/www.bellunopress.it\/fr\/wp-json\/wp\/v2\/posts\/34956\/revisions\/34987"}],"wp:attachment":[{"href":"https:\/\/www.bellunopress.it\/fr\/wp-json\/wp\/v2\/media?parent=34956"}],"wp:term":[{"taxonomy":"category","embeddable":true,"href":"https:\/\/www.bellunopress.it\/fr\/wp-json\/wp\/v2\/categories?post=34956"},{"taxonomy":"post_tag","embeddable":true,"href":"https:\/\/www.bellunopress.it\/fr\/wp-json\/wp\/v2\/tags?post=34956"}],"curies":[{"name":"wp","href":"https:\/\/api.w.org\/{rel}","templated":true}]}}