{"id":34949,"date":"2012-02-09T19:38:55","date_gmt":"2012-02-09T18:38:55","guid":{"rendered":"http:\/\/www.bellunopress.it\/?p=34949"},"modified":"2012-02-09T22:25:06","modified_gmt":"2012-02-09T21:25:06","slug":"lunedi-zaia-a-belluno-per-il-libro-bianco-sulla-montagna-veneta","status":"publish","type":"post","link":"https:\/\/www.bellunopress.it\/fr\/2012\/02\/09\/lunedi-zaia-a-belluno-per-il-libro-bianco-sulla-montagna-veneta\/","title":{"rendered":"Luned\u00ec Zaia a Belluno per il libro bianco sulla montagna veneta"},"content":{"rendered":"<p>Luned\u00ec 13 febbraio alle ore 17.00, il presidente della Regione Luca Zaia sar\u00e0 a Belluno al Park Hotel Villa Carpenada per la presentazione del \u201cLibro bianco sulla montagna veneta\u201d, realizzato da Confartigianato Imprese Veneto e da Unione Artigiani e Piccola Industria (UAPI) di Belluno.<\/p>\n<figure id=\"attachment_27277\" aria-describedby=\"caption-attachment-27277\" style=\"width: 290px\" class=\"wp-caption alignleft\"><a href=\"http:\/\/www.bellunopress.it\/wp-content\/uploads\/2011\/05\/carpenada-290x190.jpg\"><img loading=\"lazy\" decoding=\"async\" class=\"size-full wp-image-27277\" title=\"carpenada 290x190\" src=\"http:\/\/www.bellunopress.it\/wp-content\/uploads\/2011\/05\/carpenada-290x190.jpg\" alt=\"\" width=\"290\" height=\"193\" \/><\/a><figcaption id=\"caption-attachment-27277\" class=\"wp-caption-text\">Park Hotel Villa Carpenada Belluno<\/figcaption><\/figure>\n<p>Il \u201cLibro bianco\u201d &#8211; a cura di un gruppo di studiosi, formato da Maurizio Busatta, Valentina Colleselli, Gino Zornitta, Stefano Magoga ed Enrico Gaz &#8211; contiene un\u2019inedita e approfondita ricerca sulle \u201cdiverse\u201d montagne del Veneto, nonch\u00e9 una serie di proposte legislative nei confronti della Regione, nel segno della semplificazione e delle coesione per le zone montane venete.<\/p>\n<p>L\u2019incontro &#8211; aperto al pubblico (ai partecipanti verr\u00e0 consegnata copia del rapporto di ricerca) &#8211; sar\u00e0 introdotto dal presidente di Confartigianato Imprese Veneto, Giuseppe Sbalchiero e dal presidente dell\u2019UAPI di Belluno, Luigi Curto.<\/p>\n<p>\u201cLa Regione Veneto \u00e8 stata la prima in Italia, negli anni Ottanta, a dotarsi di un provvedimento organico a favore dei suoi territori montani \u2013 spiega cos\u00ec l\u2019impegno verso questo lavoro, il presidente dell\u2019UAPI di Belluno, Luigi Curto \u2013 ed \u00e8 stata anche la prima regione, attraverso uno dei suoi Programmi regionali di sviluppo, a introdurre il concetto delle \u201cpari opportunit\u00e0\u201d da garantire a persone e ad aziende in tutto il territorio regionale. Questa tensione, questo spirito, questo impegno vanno ripresi, rilanciati, rinvigoriti con un rinnovato slancio di buona volont\u00e0 politica e di energie culturali\u201d.<\/p>\n<p>La ricerca non manca di spunti, in specie, con la proposta di norme di semplificazione e di misure di coesione per le zone montane, che contiene.<\/p>\n<p>\u201cSiamo cos\u00ec fiduciosi di poter concorrere a superare una volta per tutte \u2013 conclude Curto &#8211; quel clima che a molti veneti fa percepire la loro montagna quasi come un luogo separato, un\u2019espressione geografica, e non invece come protagonista di un disegno unitario di crescita, di uno sviluppo che sempre pi\u00f9 accomuna la realt\u00e0 regionale, nella crisi ma anche dopo la crisi. In altri termini il Veneto deve tornare a vedere le sue montagne come una parte, imprescindibile, di se stesso\u201d.<\/p>","protected":false},"excerpt":{"rendered":"<p>Luned\u00ec 13 febbraio alle ore 17.00, il presidente della Regione Luca Zaia sar\u00e0 a Belluno al Park Hotel Villa Carpenada per la presentazione del \u201cLibro bianco sulla montagna veneta\u201d, realizzato da Confartigianato Imprese Veneto e da Unione Artigiani e Piccola Industria (UAPI) di Belluno. Il \u201cLibro bianco\u201d &#8211; a cura di un gruppo di studiosi, [&hellip;]<\/p>\n","protected":false},"author":2,"featured_media":0,"comment_status":"closed","ping_status":"open","sticky":false,"template":"","format":"standard","meta":{"footnotes":""},"categories":[27,5,26],"tags":[],"class_list":["post-34949","post","type-post","status-publish","format-standard","category-appuntamenti","category-cronaca","category-prima-pagina"],"yoast_head":"<!-- This site is optimized with the Yoast SEO plugin v28.4 - https:\/\/yoast.com\/product\/yoast-seo-wordpress\/ -->\n<title>Luned\u00ec Zaia a Belluno per il libro bianco sulla montagna veneta - Bellunopress - Dolomiti<\/title>\n<meta name=\"robots\" content=\"index, follow, max-snippet:-1, max-image-preview:large, max-video-preview:-1\" \/>\n<link rel=\"canonical\" href=\"https:\/\/www.bellunopress.it\/fr\/2012\/02\/09\/lunedi-zaia-a-belluno-per-il-libro-bianco-sulla-montagna-veneta\/\" \/>\n<meta property=\"og:locale\" content=\"fr_FR\" \/>\n<meta property=\"og:type\" content=\"article\" \/>\n<meta property=\"og:title\" content=\"Luned\u00ec Zaia a Belluno per il libro bianco sulla montagna veneta - Bellunopress - Dolomiti\" \/>\n<meta property=\"og:description\" content=\"Luned\u00ec 13 febbraio alle ore 17.00, il presidente della Regione Luca Zaia sar\u00e0 a Belluno al Park Hotel Villa Carpenada per la presentazione del \u201cLibro bianco sulla montagna veneta\u201d, realizzato da Confartigianato Imprese Veneto e da Unione Artigiani e Piccola Industria (UAPI) di Belluno. Il \u201cLibro bianco\u201d &#8211; a cura di un gruppo di studiosi, [&hellip;]\" \/>\n<meta property=\"og:url\" content=\"https:\/\/www.bellunopress.it\/fr\/2012\/02\/09\/lunedi-zaia-a-belluno-per-il-libro-bianco-sulla-montagna-veneta\/\" \/>\n<meta property=\"og:site_name\" content=\"Bellunopress - Dolomiti\" \/>\n<meta property=\"article:publisher\" content=\"https:\/\/www.facebook.com\/profile.php?id=100008943462799\" \/>\n<meta property=\"article:published_time\" content=\"2012-02-09T18:38:55+00:00\" \/>\n<meta property=\"article:modified_time\" content=\"2012-02-09T21:25:06+00:00\" \/>\n<meta property=\"og:image\" content=\"http:\/\/www.bellunopress.it\/wp-content\/uploads\/2011\/05\/carpenada-290x190.jpg\" \/>\n<meta name=\"author\" content=\"redazione\" \/>\n<meta name=\"twitter:card\" content=\"summary_large_image\" \/>\n<meta name=\"twitter:creator\" content=\"@bellunopress\" \/>\n<meta name=\"twitter:site\" content=\"@bellunopress\" \/>\n<meta name=\"twitter:label1\" content=\"\u00c9crit par\" \/>\n\t<meta name=\"twitter:data1\" content=\"redazione\" \/>\n\t<meta name=\"twitter:label2\" content=\"Dur\u00e9e de lecture estim\u00e9e\" \/>\n\t<meta name=\"twitter:data2\" content=\"2 minutes\" \/>\n<script type=\"application\/ld+json\" class=\"yoast-schema-graph\">{\"@context\":\"https:\\\/\\\/schema.org\",\"@graph\":[{\"@type\":\"Article\",\"@id\":\"https:\\\/\\\/www.bellunopress.it\\\/2012\\\/02\\\/09\\\/lunedi-zaia-a-belluno-per-il-libro-bianco-sulla-montagna-veneta\\\/#article\",\"isPartOf\":{\"@id\":\"https:\\\/\\\/www.bellunopress.it\\\/2012\\\/02\\\/09\\\/lunedi-zaia-a-belluno-per-il-libro-bianco-sulla-montagna-veneta\\\/\"},\"author\":{\"name\":\"redazione\",\"@id\":\"https:\\\/\\\/www.bellunopress.it\\\/#\\\/schema\\\/person\\\/79bb06722b37ece1c03d3e94beb30d73\"},\"headline\":\"Luned\u00ec Zaia a Belluno per il libro bianco sulla montagna veneta\",\"datePublished\":\"2012-02-09T18:38:55+00:00\",\"dateModified\":\"2012-02-09T21:25:06+00:00\",\"mainEntityOfPage\":{\"@id\":\"https:\\\/\\\/www.bellunopress.it\\\/2012\\\/02\\\/09\\\/lunedi-zaia-a-belluno-per-il-libro-bianco-sulla-montagna-veneta\\\/\"},\"wordCount\":359,\"publisher\":{\"@id\":\"https:\\\/\\\/www.bellunopress.it\\\/#organization\"},\"image\":{\"@id\":\"https:\\\/\\\/www.bellunopress.it\\\/2012\\\/02\\\/09\\\/lunedi-zaia-a-belluno-per-il-libro-bianco-sulla-montagna-veneta\\\/#primaryimage\"},\"thumbnailUrl\":\"http:\\\/\\\/www.bellunopress.it\\\/wp-content\\\/uploads\\\/2011\\\/05\\\/carpenada-290x190.jpg\",\"articleSection\":[\"Appuntamenti, Eventi\",\"Cronaca\\\/Politica\",\"Prima Pagina\"],\"inLanguage\":\"fr-FR\"},{\"@type\":\"WebPage\",\"@id\":\"https:\\\/\\\/www.bellunopress.it\\\/2012\\\/02\\\/09\\\/lunedi-zaia-a-belluno-per-il-libro-bianco-sulla-montagna-veneta\\\/\",\"url\":\"https:\\\/\\\/www.bellunopress.it\\\/2012\\\/02\\\/09\\\/lunedi-zaia-a-belluno-per-il-libro-bianco-sulla-montagna-veneta\\\/\",\"name\":\"Luned\u00ec Zaia a Belluno per il libro bianco sulla montagna veneta - Bellunopress - Dolomiti\",\"isPartOf\":{\"@id\":\"https:\\\/\\\/www.bellunopress.it\\\/#website\"},\"primaryImageOfPage\":{\"@id\":\"https:\\\/\\\/www.bellunopress.it\\\/2012\\\/02\\\/09\\\/lunedi-zaia-a-belluno-per-il-libro-bianco-sulla-montagna-veneta\\\/#primaryimage\"},\"image\":{\"@id\":\"https:\\\/\\\/www.bellunopress.it\\\/2012\\\/02\\\/09\\\/lunedi-zaia-a-belluno-per-il-libro-bianco-sulla-montagna-veneta\\\/#primaryimage\"},\"thumbnailUrl\":\"http:\\\/\\\/www.bellunopress.it\\\/wp-content\\\/uploads\\\/2011\\\/05\\\/carpenada-290x190.jpg\",\"datePublished\":\"2012-02-09T18:38:55+00:00\",\"dateModified\":\"2012-02-09T21:25:06+00:00\",\"breadcrumb\":{\"@id\":\"https:\\\/\\\/www.bellunopress.it\\\/2012\\\/02\\\/09\\\/lunedi-zaia-a-belluno-per-il-libro-bianco-sulla-montagna-veneta\\\/#breadcrumb\"},\"inLanguage\":\"fr-FR\",\"potentialAction\":[{\"@type\":\"ReadAction\",\"target\":[\"https:\\\/\\\/www.bellunopress.it\\\/2012\\\/02\\\/09\\\/lunedi-zaia-a-belluno-per-il-libro-bianco-sulla-montagna-veneta\\\/\"]}]},{\"@type\":\"ImageObject\",\"inLanguage\":\"fr-FR\",\"@id\":\"https:\\\/\\\/www.bellunopress.it\\\/2012\\\/02\\\/09\\\/lunedi-zaia-a-belluno-per-il-libro-bianco-sulla-montagna-veneta\\\/#primaryimage\",\"url\":\"http:\\\/\\\/www.bellunopress.it\\\/wp-content\\\/uploads\\\/2011\\\/05\\\/carpenada-290x190.jpg\",\"contentUrl\":\"http:\\\/\\\/www.bellunopress.it\\\/wp-content\\\/uploads\\\/2011\\\/05\\\/carpenada-290x190.jpg\"},{\"@type\":\"BreadcrumbList\",\"@id\":\"https:\\\/\\\/www.bellunopress.it\\\/2012\\\/02\\\/09\\\/lunedi-zaia-a-belluno-per-il-libro-bianco-sulla-montagna-veneta\\\/#breadcrumb\",\"itemListElement\":[{\"@type\":\"ListItem\",\"position\":1,\"name\":\"Home\",\"item\":\"https:\\\/\\\/www.bellunopress.it\\\/\"},{\"@type\":\"ListItem\",\"position\":2,\"name\":\"Luned\u00ec Zaia a Belluno per il libro bianco sulla montagna veneta\"}]},{\"@type\":\"WebSite\",\"@id\":\"https:\\\/\\\/www.bellunopress.it\\\/#website\",\"url\":\"https:\\\/\\\/www.bellunopress.it\\\/\",\"name\":\"Bellunopress - Dolomiti\",\"description\":\"e-mail: redazione@bellunopress.it\",\"publisher\":{\"@id\":\"https:\\\/\\\/www.bellunopress.it\\\/#organization\"},\"potentialAction\":[{\"@type\":\"SearchAction\",\"target\":{\"@type\":\"EntryPoint\",\"urlTemplate\":\"https:\\\/\\\/www.bellunopress.it\\\/?s={search_term_string}\"},\"query-input\":{\"@type\":\"PropertyValueSpecification\",\"valueRequired\":true,\"valueName\":\"search_term_string\"}}],\"inLanguage\":\"fr-FR\"},{\"@type\":\"Organization\",\"@id\":\"https:\\\/\\\/www.bellunopress.it\\\/#organization\",\"name\":\"Bellunopress\",\"url\":\"https:\\\/\\\/www.bellunopress.it\\\/\",\"logo\":{\"@type\":\"ImageObject\",\"inLanguage\":\"fr-FR\",\"@id\":\"https:\\\/\\\/www.bellunopress.it\\\/#\\\/schema\\\/logo\\\/image\\\/\",\"url\":\"https:\\\/\\\/www.bellunopress.it\\\/wp-content\\\/uploads\\\/2011\\\/05\\\/cropped-logo-bellunopress-.jpg\",\"contentUrl\":\"https:\\\/\\\/www.bellunopress.it\\\/wp-content\\\/uploads\\\/2011\\\/05\\\/cropped-logo-bellunopress-.jpg\",\"width\":512,\"height\":512,\"caption\":\"Bellunopress\"},\"image\":{\"@id\":\"https:\\\/\\\/www.bellunopress.it\\\/#\\\/schema\\\/logo\\\/image\\\/\"},\"sameAs\":[\"https:\\\/\\\/www.facebook.com\\\/profile.php?id=100008943462799\",\"https:\\\/\\\/x.com\\\/bellunopress\",\"https:\\\/\\\/www.linkedin.com\\\/hp\\\/?dnr=JBzUWaJfMUw8vbXJJ2tVW5-I3jZKvC4wsoxE&amp;amp;amp;amp;amp;amp;trk=nav_responsive_tab_home\",\"https:\\\/\\\/www.youtube.com\\\/channel\\\/UCxL0wu1uN0_3_7hGG0306cw\"]},{\"@type\":\"Person\",\"@id\":\"https:\\\/\\\/www.bellunopress.it\\\/#\\\/schema\\\/person\\\/79bb06722b37ece1c03d3e94beb30d73\",\"name\":\"redazione\",\"image\":{\"@type\":\"ImageObject\",\"inLanguage\":\"fr-FR\",\"@id\":\"https:\\\/\\\/secure.gravatar.com\\\/avatar\\\/37d968a2e67a6fd04c169c4bdef102d0bc5d31b2546345219e348575eb80e9a0?s=96&d=mm&r=g\",\"url\":\"https:\\\/\\\/secure.gravatar.com\\\/avatar\\\/37d968a2e67a6fd04c169c4bdef102d0bc5d31b2546345219e348575eb80e9a0?s=96&d=mm&r=g\",\"contentUrl\":\"https:\\\/\\\/secure.gravatar.com\\\/avatar\\\/37d968a2e67a6fd04c169c4bdef102d0bc5d31b2546345219e348575eb80e9a0?s=96&d=mm&r=g\",\"caption\":\"redazione\"},\"sameAs\":[\"http:\\\/\\\/www.bellunopress.it\",\"https:\\\/\\\/x.com\\\/bellunopress\"],\"url\":\"https:\\\/\\\/www.bellunopress.it\\\/fr\\\/author\\\/redazione\\\/\"}]}<\/script>\n<!-- \/ Yoast SEO plugin. -->","yoast_head_json":{"title":"Luned\u00ec Zaia a Belluno per il libro bianco sulla montagna veneta - Bellunopress - Dolomiti","robots":{"index":"index","follow":"follow","max-snippet":"max-snippet:-1","max-image-preview":"max-image-preview:large","max-video-preview":"max-video-preview:-1"},"canonical":"https:\/\/www.bellunopress.it\/fr\/2012\/02\/09\/lunedi-zaia-a-belluno-per-il-libro-bianco-sulla-montagna-veneta\/","og_locale":"fr_FR","og_type":"article","og_title":"Luned\u00ec Zaia a Belluno per il libro bianco sulla montagna veneta - Bellunopress - Dolomiti","og_description":"Luned\u00ec 13 febbraio alle ore 17.00, il presidente della Regione Luca Zaia sar\u00e0 a Belluno al Park Hotel Villa Carpenada per la presentazione del \u201cLibro bianco sulla montagna veneta\u201d, realizzato da Confartigianato Imprese Veneto e da Unione Artigiani e Piccola Industria (UAPI) di Belluno. Il \u201cLibro bianco\u201d &#8211; a cura di un gruppo di studiosi, [&hellip;]","og_url":"https:\/\/www.bellunopress.it\/fr\/2012\/02\/09\/lunedi-zaia-a-belluno-per-il-libro-bianco-sulla-montagna-veneta\/","og_site_name":"Bellunopress - Dolomiti","article_publisher":"https:\/\/www.facebook.com\/profile.php?id=100008943462799","article_published_time":"2012-02-09T18:38:55+00:00","article_modified_time":"2012-02-09T21:25:06+00:00","og_image":[{"url":"http:\/\/www.bellunopress.it\/wp-content\/uploads\/2011\/05\/carpenada-290x190.jpg","type":"","width":"","height":""}],"author":"redazione","twitter_card":"summary_large_image","twitter_creator":"@bellunopress","twitter_site":"@bellunopress","twitter_misc":{"\u00c9crit par":"redazione","Dur\u00e9e de lecture estim\u00e9e":"2 minutes"},"schema":{"@context":"https:\/\/schema.org","@graph":[{"@type":"Article","@id":"https:\/\/www.bellunopress.it\/2012\/02\/09\/lunedi-zaia-a-belluno-per-il-libro-bianco-sulla-montagna-veneta\/#article","isPartOf":{"@id":"https:\/\/www.bellunopress.it\/2012\/02\/09\/lunedi-zaia-a-belluno-per-il-libro-bianco-sulla-montagna-veneta\/"},"author":{"name":"redazione","@id":"https:\/\/www.bellunopress.it\/#\/schema\/person\/79bb06722b37ece1c03d3e94beb30d73"},"headline":"Luned\u00ec Zaia a Belluno per il libro bianco sulla montagna veneta","datePublished":"2012-02-09T18:38:55+00:00","dateModified":"2012-02-09T21:25:06+00:00","mainEntityOfPage":{"@id":"https:\/\/www.bellunopress.it\/2012\/02\/09\/lunedi-zaia-a-belluno-per-il-libro-bianco-sulla-montagna-veneta\/"},"wordCount":359,"publisher":{"@id":"https:\/\/www.bellunopress.it\/#organization"},"image":{"@id":"https:\/\/www.bellunopress.it\/2012\/02\/09\/lunedi-zaia-a-belluno-per-il-libro-bianco-sulla-montagna-veneta\/#primaryimage"},"thumbnailUrl":"http:\/\/www.bellunopress.it\/wp-content\/uploads\/2011\/05\/carpenada-290x190.jpg","articleSection":["Appuntamenti, Eventi","Cronaca\/Politica","Prima Pagina"],"inLanguage":"fr-FR"},{"@type":"WebPage","@id":"https:\/\/www.bellunopress.it\/2012\/02\/09\/lunedi-zaia-a-belluno-per-il-libro-bianco-sulla-montagna-veneta\/","url":"https:\/\/www.bellunopress.it\/2012\/02\/09\/lunedi-zaia-a-belluno-per-il-libro-bianco-sulla-montagna-veneta\/","name":"Luned\u00ec Zaia a Belluno per il libro bianco sulla montagna veneta - Bellunopress - Dolomiti","isPartOf":{"@id":"https:\/\/www.bellunopress.it\/#website"},"primaryImageOfPage":{"@id":"https:\/\/www.bellunopress.it\/2012\/02\/09\/lunedi-zaia-a-belluno-per-il-libro-bianco-sulla-montagna-veneta\/#primaryimage"},"image":{"@id":"https:\/\/www.bellunopress.it\/2012\/02\/09\/lunedi-zaia-a-belluno-per-il-libro-bianco-sulla-montagna-veneta\/#primaryimage"},"thumbnailUrl":"http:\/\/www.bellunopress.it\/wp-content\/uploads\/2011\/05\/carpenada-290x190.jpg","datePublished":"2012-02-09T18:38:55+00:00","dateModified":"2012-02-09T21:25:06+00:00","breadcrumb":{"@id":"https:\/\/www.bellunopress.it\/2012\/02\/09\/lunedi-zaia-a-belluno-per-il-libro-bianco-sulla-montagna-veneta\/#breadcrumb"},"inLanguage":"fr-FR","potentialAction":[{"@type":"ReadAction","target":["https:\/\/www.bellunopress.it\/2012\/02\/09\/lunedi-zaia-a-belluno-per-il-libro-bianco-sulla-montagna-veneta\/"]}]},{"@type":"ImageObject","inLanguage":"fr-FR","@id":"https:\/\/www.bellunopress.it\/2012\/02\/09\/lunedi-zaia-a-belluno-per-il-libro-bianco-sulla-montagna-veneta\/#primaryimage","url":"http:\/\/www.bellunopress.it\/wp-content\/uploads\/2011\/05\/carpenada-290x190.jpg","contentUrl":"http:\/\/www.bellunopress.it\/wp-content\/uploads\/2011\/05\/carpenada-290x190.jpg"},{"@type":"BreadcrumbList","@id":"https:\/\/www.bellunopress.it\/2012\/02\/09\/lunedi-zaia-a-belluno-per-il-libro-bianco-sulla-montagna-veneta\/#breadcrumb","itemListElement":[{"@type":"ListItem","position":1,"name":"Home","item":"https:\/\/www.bellunopress.it\/"},{"@type":"ListItem","position":2,"name":"Luned\u00ec Zaia a Belluno per il libro bianco sulla montagna veneta"}]},{"@type":"WebSite","@id":"https:\/\/www.bellunopress.it\/#website","url":"https:\/\/www.bellunopress.it\/","name":"Bellunopress - Dolomiti","description":"e-mail: redazione@bellunopress.it","publisher":{"@id":"https:\/\/www.bellunopress.it\/#organization"},"potentialAction":[{"@type":"SearchAction","target":{"@type":"EntryPoint","urlTemplate":"https:\/\/www.bellunopress.it\/?s={search_term_string}"},"query-input":{"@type":"PropertyValueSpecification","valueRequired":true,"valueName":"search_term_string"}}],"inLanguage":"fr-FR"},{"@type":"Organization","@id":"https:\/\/www.bellunopress.it\/#organization","name":"Bellunopress","url":"https:\/\/www.bellunopress.it\/","logo":{"@type":"ImageObject","inLanguage":"fr-FR","@id":"https:\/\/www.bellunopress.it\/#\/schema\/logo\/image\/","url":"https:\/\/www.bellunopress.it\/wp-content\/uploads\/2011\/05\/cropped-logo-bellunopress-.jpg","contentUrl":"https:\/\/www.bellunopress.it\/wp-content\/uploads\/2011\/05\/cropped-logo-bellunopress-.jpg","width":512,"height":512,"caption":"Bellunopress"},"image":{"@id":"https:\/\/www.bellunopress.it\/#\/schema\/logo\/image\/"},"sameAs":["https:\/\/www.facebook.com\/profile.php?id=100008943462799","https:\/\/x.com\/bellunopress","https:\/\/www.linkedin.com\/hp\/?dnr=JBzUWaJfMUw8vbXJJ2tVW5-I3jZKvC4wsoxE&amp;amp;amp;amp;amp;amp;trk=nav_responsive_tab_home","https:\/\/www.youtube.com\/channel\/UCxL0wu1uN0_3_7hGG0306cw"]},{"@type":"Person","@id":"https:\/\/www.bellunopress.it\/#\/schema\/person\/79bb06722b37ece1c03d3e94beb30d73","name":"r\u00e9daction","image":{"@type":"ImageObject","inLanguage":"fr-FR","@id":"https:\/\/secure.gravatar.com\/avatar\/37d968a2e67a6fd04c169c4bdef102d0bc5d31b2546345219e348575eb80e9a0?s=96&d=mm&r=g","url":"https:\/\/secure.gravatar.com\/avatar\/37d968a2e67a6fd04c169c4bdef102d0bc5d31b2546345219e348575eb80e9a0?s=96&d=mm&r=g","contentUrl":"https:\/\/secure.gravatar.com\/avatar\/37d968a2e67a6fd04c169c4bdef102d0bc5d31b2546345219e348575eb80e9a0?s=96&d=mm&r=g","caption":"redazione"},"sameAs":["http:\/\/www.bellunopress.it","https:\/\/x.com\/bellunopress"],"url":"https:\/\/www.bellunopress.it\/fr\/author\/redazione\/"}]}},"_links":{"self":[{"href":"https:\/\/www.bellunopress.it\/fr\/wp-json\/wp\/v2\/posts\/34949","targetHints":{"allow":["GET"]}}],"collection":[{"href":"https:\/\/www.bellunopress.it\/fr\/wp-json\/wp\/v2\/posts"}],"about":[{"href":"https:\/\/www.bellunopress.it\/fr\/wp-json\/wp\/v2\/types\/post"}],"author":[{"embeddable":true,"href":"https:\/\/www.bellunopress.it\/fr\/wp-json\/wp\/v2\/users\/2"}],"replies":[{"embeddable":true,"href":"https:\/\/www.bellunopress.it\/fr\/wp-json\/wp\/v2\/comments?post=34949"}],"version-history":[{"count":3,"href":"https:\/\/www.bellunopress.it\/fr\/wp-json\/wp\/v2\/posts\/34949\/revisions"}],"predecessor-version":[{"id":34958,"href":"https:\/\/www.bellunopress.it\/fr\/wp-json\/wp\/v2\/posts\/34949\/revisions\/34958"}],"wp:attachment":[{"href":"https:\/\/www.bellunopress.it\/fr\/wp-json\/wp\/v2\/media?parent=34949"}],"wp:term":[{"taxonomy":"category","embeddable":true,"href":"https:\/\/www.bellunopress.it\/fr\/wp-json\/wp\/v2\/categories?post=34949"},{"taxonomy":"post_tag","embeddable":true,"href":"https:\/\/www.bellunopress.it\/fr\/wp-json\/wp\/v2\/tags?post=34949"}],"curies":[{"name":"wp","href":"https:\/\/api.w.org\/{rel}","templated":true}]}}