{"id":34935,"date":"2012-02-09T11:03:36","date_gmt":"2012-02-09T10:03:36","guid":{"rendered":"http:\/\/www.bellunopress.it\/?p=34935"},"modified":"2012-02-09T11:03:36","modified_gmt":"2012-02-09T10:03:36","slug":"le-ceneri-della-stufa-vanno-nellumido-linvito-di-dolomiti-ambiente-migliorano-il-compost-e-riducono-i-conferimenti-del-rifiuto-secco","status":"publish","type":"post","link":"https:\/\/www.bellunopress.it\/fr\/2012\/02\/09\/le-ceneri-della-stufa-vanno-nellumido-linvito-di-dolomiti-ambiente-migliorano-il-compost-e-riducono-i-conferimenti-del-rifiuto-secco\/","title":{"rendered":"Le ceneri della stufa vanno nell&#8217;umido. L&#8217;invito di Dolomiti Ambiente: migliorano il compost e riducono i conferimenti del rifiuto secco"},"content":{"rendered":"<p><a href=\"http:\/\/www.bellunopress.it\/wp-content\/uploads\/2010\/10\/legna.jpg\"><img loading=\"lazy\" decoding=\"async\" class=\"alignleft size-full wp-image-20487\" title=\"legna\" src=\"http:\/\/www.bellunopress.it\/wp-content\/uploads\/2010\/10\/legna.jpg\" alt=\"\" width=\"124\" height=\"83\" \/><\/a>Il riscaldamento domestico per molti bellunesi \u00e8 basato sulla stufa a legna. Cos\u00ec nella stagione fredda si ripropone il dubbio su quale tipo di rifiuto siano le ceneri e dove gettarle: secco o umido? Dolomiti Ambiente, la societ\u00e0 che gestisce Rsu e Forsu bellunesi, invita i cittadini a considerarle rifiuto organico e come tale gettarlo nei contenitori dell&#8217;umido, sfruttarlo nel compostaggio domestico oppure come fertilizzante nel terreno del giardino.<br \/>\nPer Dolomiti Ambiente le ceneri sono una risorsa importante per migliorare le performance dell&#8217;umido, sia nella produzione di compost che nel funzionamento del biodigestore, una sorta di centrale che produce energia dalla fermentazione dei rifiuti organici. Nel primo caso la cenere\u00a0 aiuta il processo di &#8216;compostaggio&#8217; assorbendo l&#8217;umidit\u00e0 e gli olii che inevitabilmente sono presenti nella frazione umida dei rifiuti. Nella &#8216;digestione&#8217; anaerobica, invece, i resti di stufe e caminetti hanno l&#8217;effetto di migliorare l&#8217;efficienza e quindi la produzione di biogas, il combustibile della centrale entrata in funzione nell&#8217;ottobre scorso a Santa Giustina.<br \/>\nInoltre, Dolomiti Ambiente fa notare che gettare le ceneri con l&#8217;umido anzich\u00e9 nei sacchetti della normale spazzatura indifferenziata, come molti erroneamente fanno, pu\u00f2 far risparmiare le famiglie. Limitare il numero dei conferimenti di secco, infatti, significa ridurre la parte variabile nella tariffa dei rifiuti. Agli enti incaricati della raccolta (societ\u00e0, comuni o comunit\u00e0 montane) conferire una tonnellata di rifiuto secco costa 165 euro, mentre per l&#8217;umido si pagano mediamente 75 euro. Aver cura di mettere le ceneri nell&#8217;umido, quindi, \u00e8 una buona pratica che aiuta tutta la comunit\u00e0 a pagare meno.<br \/>\nOltretutto la dispersione delle stesse durante lo scarico del secco nelle relative fosse potrebbe causare problemi di salubrit\u00e0 dell\u2019ambiente di lavoro.<br \/>\nDolomiti Ambiente<br \/>\nDolomiti Ambiente \u00e8 una spa a prevalente capitale pubblico che gestisce lo smaltimento\u00a0 dei rifiuti nel territorio della provincia di Belluno. Collabora con gli 11 enti di raccolta (9 comunit\u00e0 montane e due partecipate), trattando rifiuti per 69 comuni. Nata per offrire agli enti pubblici consulenza sulla tematica dei rifiuti e di coordinare campagne informative, corsi di educazione ambientale nelle scuole, dal \u00a02000 Dolomiti Ambiente gestisce l\u2019impianto provinciale di trattamento Rsu e Forsu situato nel territorio di Santa Giustina. Da settembre 2003 \u00e8 stata affidata alla societ\u00e0 la gestione della discarica per rifiuti non pericolosi in localit\u00e0 Pr\u00e0 de Anta di Ponte nelle Alpi<\/p>","protected":false},"excerpt":{"rendered":"<p>Il riscaldamento domestico per molti bellunesi \u00e8 basato sulla stufa a legna. Cos\u00ec nella stagione fredda si ripropone il dubbio su quale tipo di rifiuto siano le ceneri e dove gettarle: secco o umido? Dolomiti Ambiente, la societ\u00e0 che gestisce Rsu e Forsu bellunesi, invita i cittadini a considerarle rifiuto organico e come tale gettarlo [&hellip;]<\/p>\n","protected":false},"author":2,"featured_media":0,"comment_status":"closed","ping_status":"open","sticky":false,"template":"","format":"standard","meta":{"footnotes":""},"categories":[26,8],"tags":[],"class_list":["post-34935","post","type-post","status-publish","format-standard","category-prima-pagina","category-societa-istituzioni"],"yoast_head":"<!-- This site is optimized with the Yoast SEO plugin v28.4 - https:\/\/yoast.com\/product\/yoast-seo-wordpress\/ -->\n<title>Le ceneri della stufa vanno nell&#039;umido. L&#039;invito di Dolomiti Ambiente: migliorano il compost e riducono i conferimenti del rifiuto secco - Bellunopress - Dolomiti<\/title>\n<meta name=\"robots\" content=\"index, follow, max-snippet:-1, max-image-preview:large, max-video-preview:-1\" \/>\n<link rel=\"canonical\" href=\"https:\/\/www.bellunopress.it\/fr\/2012\/02\/09\/le-ceneri-della-stufa-vanno-nellumido-linvito-di-dolomiti-ambiente-migliorano-il-compost-e-riducono-i-conferimenti-del-rifiuto-secco\/\" \/>\n<meta property=\"og:locale\" content=\"fr_FR\" \/>\n<meta property=\"og:type\" content=\"article\" \/>\n<meta property=\"og:title\" content=\"Le ceneri della stufa vanno nell&#039;umido. L&#039;invito di Dolomiti Ambiente: migliorano il compost e riducono i conferimenti del rifiuto secco - Bellunopress - Dolomiti\" \/>\n<meta property=\"og:description\" content=\"Il riscaldamento domestico per molti bellunesi \u00e8 basato sulla stufa a legna. Cos\u00ec nella stagione fredda si ripropone il dubbio su quale tipo di rifiuto siano le ceneri e dove gettarle: secco o umido? Dolomiti Ambiente, la societ\u00e0 che gestisce Rsu e Forsu bellunesi, invita i cittadini a considerarle rifiuto organico e come tale gettarlo [&hellip;]\" \/>\n<meta property=\"og:url\" content=\"https:\/\/www.bellunopress.it\/fr\/2012\/02\/09\/le-ceneri-della-stufa-vanno-nellumido-linvito-di-dolomiti-ambiente-migliorano-il-compost-e-riducono-i-conferimenti-del-rifiuto-secco\/\" \/>\n<meta property=\"og:site_name\" content=\"Bellunopress - Dolomiti\" \/>\n<meta property=\"article:publisher\" content=\"https:\/\/www.facebook.com\/profile.php?id=100008943462799\" \/>\n<meta property=\"article:published_time\" content=\"2012-02-09T10:03:36+00:00\" \/>\n<meta property=\"og:image\" content=\"http:\/\/www.bellunopress.it\/wp-content\/uploads\/2010\/10\/legna.jpg\" \/>\n<meta name=\"author\" content=\"redazione\" \/>\n<meta name=\"twitter:card\" content=\"summary_large_image\" \/>\n<meta name=\"twitter:creator\" content=\"@bellunopress\" \/>\n<meta name=\"twitter:site\" content=\"@bellunopress\" \/>\n<meta name=\"twitter:label1\" content=\"\u00c9crit par\" \/>\n\t<meta name=\"twitter:data1\" content=\"redazione\" \/>\n\t<meta name=\"twitter:label2\" content=\"Dur\u00e9e de lecture estim\u00e9e\" \/>\n\t<meta name=\"twitter:data2\" content=\"2 minutes\" \/>\n<script type=\"application\/ld+json\" class=\"yoast-schema-graph\">{\"@context\":\"https:\\\/\\\/schema.org\",\"@graph\":[{\"@type\":\"Article\",\"@id\":\"https:\\\/\\\/www.bellunopress.it\\\/2012\\\/02\\\/09\\\/le-ceneri-della-stufa-vanno-nellumido-linvito-di-dolomiti-ambiente-migliorano-il-compost-e-riducono-i-conferimenti-del-rifiuto-secco\\\/#article\",\"isPartOf\":{\"@id\":\"https:\\\/\\\/www.bellunopress.it\\\/2012\\\/02\\\/09\\\/le-ceneri-della-stufa-vanno-nellumido-linvito-di-dolomiti-ambiente-migliorano-il-compost-e-riducono-i-conferimenti-del-rifiuto-secco\\\/\"},\"author\":{\"name\":\"redazione\",\"@id\":\"https:\\\/\\\/www.bellunopress.it\\\/#\\\/schema\\\/person\\\/79bb06722b37ece1c03d3e94beb30d73\"},\"headline\":\"Le ceneri della stufa vanno nell&#8217;umido. L&#8217;invito di Dolomiti Ambiente: migliorano il compost e riducono i conferimenti del rifiuto secco\",\"datePublished\":\"2012-02-09T10:03:36+00:00\",\"mainEntityOfPage\":{\"@id\":\"https:\\\/\\\/www.bellunopress.it\\\/2012\\\/02\\\/09\\\/le-ceneri-della-stufa-vanno-nellumido-linvito-di-dolomiti-ambiente-migliorano-il-compost-e-riducono-i-conferimenti-del-rifiuto-secco\\\/\"},\"wordCount\":402,\"publisher\":{\"@id\":\"https:\\\/\\\/www.bellunopress.it\\\/#organization\"},\"image\":{\"@id\":\"https:\\\/\\\/www.bellunopress.it\\\/2012\\\/02\\\/09\\\/le-ceneri-della-stufa-vanno-nellumido-linvito-di-dolomiti-ambiente-migliorano-il-compost-e-riducono-i-conferimenti-del-rifiuto-secco\\\/#primaryimage\"},\"thumbnailUrl\":\"http:\\\/\\\/www.bellunopress.it\\\/wp-content\\\/uploads\\\/2010\\\/10\\\/legna.jpg\",\"articleSection\":[\"Prima Pagina\",\"Societ\u00e0, Associazioni, Istituzioni\"],\"inLanguage\":\"fr-FR\"},{\"@type\":\"WebPage\",\"@id\":\"https:\\\/\\\/www.bellunopress.it\\\/2012\\\/02\\\/09\\\/le-ceneri-della-stufa-vanno-nellumido-linvito-di-dolomiti-ambiente-migliorano-il-compost-e-riducono-i-conferimenti-del-rifiuto-secco\\\/\",\"url\":\"https:\\\/\\\/www.bellunopress.it\\\/2012\\\/02\\\/09\\\/le-ceneri-della-stufa-vanno-nellumido-linvito-di-dolomiti-ambiente-migliorano-il-compost-e-riducono-i-conferimenti-del-rifiuto-secco\\\/\",\"name\":\"Le ceneri della stufa vanno nell'umido. L'invito di Dolomiti Ambiente: migliorano il compost e riducono i conferimenti del rifiuto secco - Bellunopress - Dolomiti\",\"isPartOf\":{\"@id\":\"https:\\\/\\\/www.bellunopress.it\\\/#website\"},\"primaryImageOfPage\":{\"@id\":\"https:\\\/\\\/www.bellunopress.it\\\/2012\\\/02\\\/09\\\/le-ceneri-della-stufa-vanno-nellumido-linvito-di-dolomiti-ambiente-migliorano-il-compost-e-riducono-i-conferimenti-del-rifiuto-secco\\\/#primaryimage\"},\"image\":{\"@id\":\"https:\\\/\\\/www.bellunopress.it\\\/2012\\\/02\\\/09\\\/le-ceneri-della-stufa-vanno-nellumido-linvito-di-dolomiti-ambiente-migliorano-il-compost-e-riducono-i-conferimenti-del-rifiuto-secco\\\/#primaryimage\"},\"thumbnailUrl\":\"http:\\\/\\\/www.bellunopress.it\\\/wp-content\\\/uploads\\\/2010\\\/10\\\/legna.jpg\",\"datePublished\":\"2012-02-09T10:03:36+00:00\",\"breadcrumb\":{\"@id\":\"https:\\\/\\\/www.bellunopress.it\\\/2012\\\/02\\\/09\\\/le-ceneri-della-stufa-vanno-nellumido-linvito-di-dolomiti-ambiente-migliorano-il-compost-e-riducono-i-conferimenti-del-rifiuto-secco\\\/#breadcrumb\"},\"inLanguage\":\"fr-FR\",\"potentialAction\":[{\"@type\":\"ReadAction\",\"target\":[\"https:\\\/\\\/www.bellunopress.it\\\/2012\\\/02\\\/09\\\/le-ceneri-della-stufa-vanno-nellumido-linvito-di-dolomiti-ambiente-migliorano-il-compost-e-riducono-i-conferimenti-del-rifiuto-secco\\\/\"]}]},{\"@type\":\"ImageObject\",\"inLanguage\":\"fr-FR\",\"@id\":\"https:\\\/\\\/www.bellunopress.it\\\/2012\\\/02\\\/09\\\/le-ceneri-della-stufa-vanno-nellumido-linvito-di-dolomiti-ambiente-migliorano-il-compost-e-riducono-i-conferimenti-del-rifiuto-secco\\\/#primaryimage\",\"url\":\"http:\\\/\\\/www.bellunopress.it\\\/wp-content\\\/uploads\\\/2010\\\/10\\\/legna.jpg\",\"contentUrl\":\"http:\\\/\\\/www.bellunopress.it\\\/wp-content\\\/uploads\\\/2010\\\/10\\\/legna.jpg\"},{\"@type\":\"BreadcrumbList\",\"@id\":\"https:\\\/\\\/www.bellunopress.it\\\/2012\\\/02\\\/09\\\/le-ceneri-della-stufa-vanno-nellumido-linvito-di-dolomiti-ambiente-migliorano-il-compost-e-riducono-i-conferimenti-del-rifiuto-secco\\\/#breadcrumb\",\"itemListElement\":[{\"@type\":\"ListItem\",\"position\":1,\"name\":\"Home\",\"item\":\"https:\\\/\\\/www.bellunopress.it\\\/\"},{\"@type\":\"ListItem\",\"position\":2,\"name\":\"Le ceneri della stufa vanno nell&#8217;umido. L&#8217;invito di Dolomiti Ambiente: migliorano il compost e riducono i conferimenti del rifiuto secco\"}]},{\"@type\":\"WebSite\",\"@id\":\"https:\\\/\\\/www.bellunopress.it\\\/#website\",\"url\":\"https:\\\/\\\/www.bellunopress.it\\\/\",\"name\":\"Bellunopress - Dolomiti\",\"description\":\"e-mail: redazione@bellunopress.it\",\"publisher\":{\"@id\":\"https:\\\/\\\/www.bellunopress.it\\\/#organization\"},\"potentialAction\":[{\"@type\":\"SearchAction\",\"target\":{\"@type\":\"EntryPoint\",\"urlTemplate\":\"https:\\\/\\\/www.bellunopress.it\\\/?s={search_term_string}\"},\"query-input\":{\"@type\":\"PropertyValueSpecification\",\"valueRequired\":true,\"valueName\":\"search_term_string\"}}],\"inLanguage\":\"fr-FR\"},{\"@type\":\"Organization\",\"@id\":\"https:\\\/\\\/www.bellunopress.it\\\/#organization\",\"name\":\"Bellunopress\",\"url\":\"https:\\\/\\\/www.bellunopress.it\\\/\",\"logo\":{\"@type\":\"ImageObject\",\"inLanguage\":\"fr-FR\",\"@id\":\"https:\\\/\\\/www.bellunopress.it\\\/#\\\/schema\\\/logo\\\/image\\\/\",\"url\":\"https:\\\/\\\/www.bellunopress.it\\\/wp-content\\\/uploads\\\/2011\\\/05\\\/cropped-logo-bellunopress-.jpg\",\"contentUrl\":\"https:\\\/\\\/www.bellunopress.it\\\/wp-content\\\/uploads\\\/2011\\\/05\\\/cropped-logo-bellunopress-.jpg\",\"width\":512,\"height\":512,\"caption\":\"Bellunopress\"},\"image\":{\"@id\":\"https:\\\/\\\/www.bellunopress.it\\\/#\\\/schema\\\/logo\\\/image\\\/\"},\"sameAs\":[\"https:\\\/\\\/www.facebook.com\\\/profile.php?id=100008943462799\",\"https:\\\/\\\/x.com\\\/bellunopress\",\"https:\\\/\\\/www.linkedin.com\\\/hp\\\/?dnr=JBzUWaJfMUw8vbXJJ2tVW5-I3jZKvC4wsoxE&amp;amp;amp;amp;amp;amp;trk=nav_responsive_tab_home\",\"https:\\\/\\\/www.youtube.com\\\/channel\\\/UCxL0wu1uN0_3_7hGG0306cw\"]},{\"@type\":\"Person\",\"@id\":\"https:\\\/\\\/www.bellunopress.it\\\/#\\\/schema\\\/person\\\/79bb06722b37ece1c03d3e94beb30d73\",\"name\":\"redazione\",\"image\":{\"@type\":\"ImageObject\",\"inLanguage\":\"fr-FR\",\"@id\":\"https:\\\/\\\/secure.gravatar.com\\\/avatar\\\/37d968a2e67a6fd04c169c4bdef102d0bc5d31b2546345219e348575eb80e9a0?s=96&d=mm&r=g\",\"url\":\"https:\\\/\\\/secure.gravatar.com\\\/avatar\\\/37d968a2e67a6fd04c169c4bdef102d0bc5d31b2546345219e348575eb80e9a0?s=96&d=mm&r=g\",\"contentUrl\":\"https:\\\/\\\/secure.gravatar.com\\\/avatar\\\/37d968a2e67a6fd04c169c4bdef102d0bc5d31b2546345219e348575eb80e9a0?s=96&d=mm&r=g\",\"caption\":\"redazione\"},\"sameAs\":[\"http:\\\/\\\/www.bellunopress.it\",\"https:\\\/\\\/x.com\\\/bellunopress\"],\"url\":\"https:\\\/\\\/www.bellunopress.it\\\/fr\\\/author\\\/redazione\\\/\"}]}<\/script>\n<!-- \/ Yoast SEO plugin. -->","yoast_head_json":{"title":"Le ceneri della stufa vanno nell'umido. L'invito di Dolomiti Ambiente: migliorano il compost e riducono i conferimenti del rifiuto secco - Bellunopress - Dolomiti","robots":{"index":"index","follow":"follow","max-snippet":"max-snippet:-1","max-image-preview":"max-image-preview:large","max-video-preview":"max-video-preview:-1"},"canonical":"https:\/\/www.bellunopress.it\/fr\/2012\/02\/09\/le-ceneri-della-stufa-vanno-nellumido-linvito-di-dolomiti-ambiente-migliorano-il-compost-e-riducono-i-conferimenti-del-rifiuto-secco\/","og_locale":"fr_FR","og_type":"article","og_title":"Le ceneri della stufa vanno nell'umido. L'invito di Dolomiti Ambiente: migliorano il compost e riducono i conferimenti del rifiuto secco - Bellunopress - Dolomiti","og_description":"Il riscaldamento domestico per molti bellunesi \u00e8 basato sulla stufa a legna. Cos\u00ec nella stagione fredda si ripropone il dubbio su quale tipo di rifiuto siano le ceneri e dove gettarle: secco o umido? Dolomiti Ambiente, la societ\u00e0 che gestisce Rsu e Forsu bellunesi, invita i cittadini a considerarle rifiuto organico e come tale gettarlo [&hellip;]","og_url":"https:\/\/www.bellunopress.it\/fr\/2012\/02\/09\/le-ceneri-della-stufa-vanno-nellumido-linvito-di-dolomiti-ambiente-migliorano-il-compost-e-riducono-i-conferimenti-del-rifiuto-secco\/","og_site_name":"Bellunopress - Dolomiti","article_publisher":"https:\/\/www.facebook.com\/profile.php?id=100008943462799","article_published_time":"2012-02-09T10:03:36+00:00","og_image":[{"url":"http:\/\/www.bellunopress.it\/wp-content\/uploads\/2010\/10\/legna.jpg","type":"","width":"","height":""}],"author":"redazione","twitter_card":"summary_large_image","twitter_creator":"@bellunopress","twitter_site":"@bellunopress","twitter_misc":{"\u00c9crit par":"redazione","Dur\u00e9e de lecture estim\u00e9e":"2 minutes"},"schema":{"@context":"https:\/\/schema.org","@graph":[{"@type":"Article","@id":"https:\/\/www.bellunopress.it\/2012\/02\/09\/le-ceneri-della-stufa-vanno-nellumido-linvito-di-dolomiti-ambiente-migliorano-il-compost-e-riducono-i-conferimenti-del-rifiuto-secco\/#article","isPartOf":{"@id":"https:\/\/www.bellunopress.it\/2012\/02\/09\/le-ceneri-della-stufa-vanno-nellumido-linvito-di-dolomiti-ambiente-migliorano-il-compost-e-riducono-i-conferimenti-del-rifiuto-secco\/"},"author":{"name":"redazione","@id":"https:\/\/www.bellunopress.it\/#\/schema\/person\/79bb06722b37ece1c03d3e94beb30d73"},"headline":"Le ceneri della stufa vanno nell&#8217;umido. L&#8217;invito di Dolomiti Ambiente: migliorano il compost e riducono i conferimenti del rifiuto secco","datePublished":"2012-02-09T10:03:36+00:00","mainEntityOfPage":{"@id":"https:\/\/www.bellunopress.it\/2012\/02\/09\/le-ceneri-della-stufa-vanno-nellumido-linvito-di-dolomiti-ambiente-migliorano-il-compost-e-riducono-i-conferimenti-del-rifiuto-secco\/"},"wordCount":402,"publisher":{"@id":"https:\/\/www.bellunopress.it\/#organization"},"image":{"@id":"https:\/\/www.bellunopress.it\/2012\/02\/09\/le-ceneri-della-stufa-vanno-nellumido-linvito-di-dolomiti-ambiente-migliorano-il-compost-e-riducono-i-conferimenti-del-rifiuto-secco\/#primaryimage"},"thumbnailUrl":"http:\/\/www.bellunopress.it\/wp-content\/uploads\/2010\/10\/legna.jpg","articleSection":["Prima Pagina","Societ\u00e0, Associazioni, Istituzioni"],"inLanguage":"fr-FR"},{"@type":"WebPage","@id":"https:\/\/www.bellunopress.it\/2012\/02\/09\/le-ceneri-della-stufa-vanno-nellumido-linvito-di-dolomiti-ambiente-migliorano-il-compost-e-riducono-i-conferimenti-del-rifiuto-secco\/","url":"https:\/\/www.bellunopress.it\/2012\/02\/09\/le-ceneri-della-stufa-vanno-nellumido-linvito-di-dolomiti-ambiente-migliorano-il-compost-e-riducono-i-conferimenti-del-rifiuto-secco\/","name":"Le ceneri della stufa vanno nell'umido. L'invito di Dolomiti Ambiente: migliorano il compost e riducono i conferimenti del rifiuto secco - Bellunopress - Dolomiti","isPartOf":{"@id":"https:\/\/www.bellunopress.it\/#website"},"primaryImageOfPage":{"@id":"https:\/\/www.bellunopress.it\/2012\/02\/09\/le-ceneri-della-stufa-vanno-nellumido-linvito-di-dolomiti-ambiente-migliorano-il-compost-e-riducono-i-conferimenti-del-rifiuto-secco\/#primaryimage"},"image":{"@id":"https:\/\/www.bellunopress.it\/2012\/02\/09\/le-ceneri-della-stufa-vanno-nellumido-linvito-di-dolomiti-ambiente-migliorano-il-compost-e-riducono-i-conferimenti-del-rifiuto-secco\/#primaryimage"},"thumbnailUrl":"http:\/\/www.bellunopress.it\/wp-content\/uploads\/2010\/10\/legna.jpg","datePublished":"2012-02-09T10:03:36+00:00","breadcrumb":{"@id":"https:\/\/www.bellunopress.it\/2012\/02\/09\/le-ceneri-della-stufa-vanno-nellumido-linvito-di-dolomiti-ambiente-migliorano-il-compost-e-riducono-i-conferimenti-del-rifiuto-secco\/#breadcrumb"},"inLanguage":"fr-FR","potentialAction":[{"@type":"ReadAction","target":["https:\/\/www.bellunopress.it\/2012\/02\/09\/le-ceneri-della-stufa-vanno-nellumido-linvito-di-dolomiti-ambiente-migliorano-il-compost-e-riducono-i-conferimenti-del-rifiuto-secco\/"]}]},{"@type":"ImageObject","inLanguage":"fr-FR","@id":"https:\/\/www.bellunopress.it\/2012\/02\/09\/le-ceneri-della-stufa-vanno-nellumido-linvito-di-dolomiti-ambiente-migliorano-il-compost-e-riducono-i-conferimenti-del-rifiuto-secco\/#primaryimage","url":"http:\/\/www.bellunopress.it\/wp-content\/uploads\/2010\/10\/legna.jpg","contentUrl":"http:\/\/www.bellunopress.it\/wp-content\/uploads\/2010\/10\/legna.jpg"},{"@type":"BreadcrumbList","@id":"https:\/\/www.bellunopress.it\/2012\/02\/09\/le-ceneri-della-stufa-vanno-nellumido-linvito-di-dolomiti-ambiente-migliorano-il-compost-e-riducono-i-conferimenti-del-rifiuto-secco\/#breadcrumb","itemListElement":[{"@type":"ListItem","position":1,"name":"Home","item":"https:\/\/www.bellunopress.it\/"},{"@type":"ListItem","position":2,"name":"Le ceneri della stufa vanno nell&#8217;umido. L&#8217;invito di Dolomiti Ambiente: migliorano il compost e riducono i conferimenti del rifiuto secco"}]},{"@type":"WebSite","@id":"https:\/\/www.bellunopress.it\/#website","url":"https:\/\/www.bellunopress.it\/","name":"Bellunopress - Dolomiti","description":"e-mail: redazione@bellunopress.it","publisher":{"@id":"https:\/\/www.bellunopress.it\/#organization"},"potentialAction":[{"@type":"SearchAction","target":{"@type":"EntryPoint","urlTemplate":"https:\/\/www.bellunopress.it\/?s={search_term_string}"},"query-input":{"@type":"PropertyValueSpecification","valueRequired":true,"valueName":"search_term_string"}}],"inLanguage":"fr-FR"},{"@type":"Organization","@id":"https:\/\/www.bellunopress.it\/#organization","name":"Bellunopress","url":"https:\/\/www.bellunopress.it\/","logo":{"@type":"ImageObject","inLanguage":"fr-FR","@id":"https:\/\/www.bellunopress.it\/#\/schema\/logo\/image\/","url":"https:\/\/www.bellunopress.it\/wp-content\/uploads\/2011\/05\/cropped-logo-bellunopress-.jpg","contentUrl":"https:\/\/www.bellunopress.it\/wp-content\/uploads\/2011\/05\/cropped-logo-bellunopress-.jpg","width":512,"height":512,"caption":"Bellunopress"},"image":{"@id":"https:\/\/www.bellunopress.it\/#\/schema\/logo\/image\/"},"sameAs":["https:\/\/www.facebook.com\/profile.php?id=100008943462799","https:\/\/x.com\/bellunopress","https:\/\/www.linkedin.com\/hp\/?dnr=JBzUWaJfMUw8vbXJJ2tVW5-I3jZKvC4wsoxE&amp;amp;amp;amp;amp;amp;trk=nav_responsive_tab_home","https:\/\/www.youtube.com\/channel\/UCxL0wu1uN0_3_7hGG0306cw"]},{"@type":"Person","@id":"https:\/\/www.bellunopress.it\/#\/schema\/person\/79bb06722b37ece1c03d3e94beb30d73","name":"r\u00e9daction","image":{"@type":"ImageObject","inLanguage":"fr-FR","@id":"https:\/\/secure.gravatar.com\/avatar\/37d968a2e67a6fd04c169c4bdef102d0bc5d31b2546345219e348575eb80e9a0?s=96&d=mm&r=g","url":"https:\/\/secure.gravatar.com\/avatar\/37d968a2e67a6fd04c169c4bdef102d0bc5d31b2546345219e348575eb80e9a0?s=96&d=mm&r=g","contentUrl":"https:\/\/secure.gravatar.com\/avatar\/37d968a2e67a6fd04c169c4bdef102d0bc5d31b2546345219e348575eb80e9a0?s=96&d=mm&r=g","caption":"redazione"},"sameAs":["http:\/\/www.bellunopress.it","https:\/\/x.com\/bellunopress"],"url":"https:\/\/www.bellunopress.it\/fr\/author\/redazione\/"}]}},"_links":{"self":[{"href":"https:\/\/www.bellunopress.it\/fr\/wp-json\/wp\/v2\/posts\/34935","targetHints":{"allow":["GET"]}}],"collection":[{"href":"https:\/\/www.bellunopress.it\/fr\/wp-json\/wp\/v2\/posts"}],"about":[{"href":"https:\/\/www.bellunopress.it\/fr\/wp-json\/wp\/v2\/types\/post"}],"author":[{"embeddable":true,"href":"https:\/\/www.bellunopress.it\/fr\/wp-json\/wp\/v2\/users\/2"}],"replies":[{"embeddable":true,"href":"https:\/\/www.bellunopress.it\/fr\/wp-json\/wp\/v2\/comments?post=34935"}],"version-history":[{"count":2,"href":"https:\/\/www.bellunopress.it\/fr\/wp-json\/wp\/v2\/posts\/34935\/revisions"}],"predecessor-version":[{"id":34937,"href":"https:\/\/www.bellunopress.it\/fr\/wp-json\/wp\/v2\/posts\/34935\/revisions\/34937"}],"wp:attachment":[{"href":"https:\/\/www.bellunopress.it\/fr\/wp-json\/wp\/v2\/media?parent=34935"}],"wp:term":[{"taxonomy":"category","embeddable":true,"href":"https:\/\/www.bellunopress.it\/fr\/wp-json\/wp\/v2\/categories?post=34935"},{"taxonomy":"post_tag","embeddable":true,"href":"https:\/\/www.bellunopress.it\/fr\/wp-json\/wp\/v2\/tags?post=34935"}],"curies":[{"name":"wp","href":"https:\/\/api.w.org\/{rel}","templated":true}]}}