{"id":34921,"date":"2012-02-08T21:26:40","date_gmt":"2012-02-08T20:26:40","guid":{"rendered":"http:\/\/www.bellunopress.it\/?p=34921"},"modified":"2012-02-08T21:26:40","modified_gmt":"2012-02-08T20:26:40","slug":"longarone-fiere-si-prepara-ad-ospitare-costruire-2012","status":"publish","type":"post","link":"https:\/\/www.bellunopress.it\/fr\/2012\/02\/08\/longarone-fiere-si-prepara-ad-ospitare-costruire-2012\/","title":{"rendered":"Longarone Fiere si prepara ad ospitare Costruire 2012"},"content":{"rendered":"<p><a href=\"http:\/\/www.bellunopress.it\/wp-content\/uploads\/2011\/02\/longarone-fiere-costruire.jpg\"><img loading=\"lazy\" decoding=\"async\" class=\"alignleft size-full wp-image-24128\" title=\"longarone fiere costruire\" src=\"http:\/\/www.bellunopress.it\/wp-content\/uploads\/2011\/02\/longarone-fiere-costruire.jpg\" alt=\"\" width=\"270\" height=\"203\" \/><\/a>Mentre \u00e8 ormai tutto pronto a livello espositivo, \u00e8 stato definito a Longarone Fiere Dolomiti anche il programma degli eventi convegnistici della 7. edizione di Costruire, il Salone dell\u2019edilizia e dell\u2019abitare che si terr\u00e0 dal 17 al 19 e dal 24 al 26 febbraio. Un programma che si annuncia particolarmente ricco e qualificato: grazie alla collaborazione con associazioni di categoria, ordini professionali e aziende produttrici verranno approfonditi argomenti di estrema attualit\u00e0 e di sicuro interesse sia per gli operatori del settore delle costruzioni che per il pubblico degli utenti. Si comincia nella giornata di apertura, venerd\u00ec 17 (alle 14) con il convegno sul tema: \u201cRifiuti delle demolizioni e loro possibilit\u00e0 di recupero nelle costruzioni\u201d, promosso da Consorzio CIPA e Confindustria Belluno Dolomiti, in collaborazione con Arpav e Camera di Commercio. Sempre nel corso della giornata di venerd\u00ec 17 (alle 16) spazio all\u2019incontro sul tema: \u201cI love cemento\u201d: ripristino di pavimentazioni e pavimenti in resina\u201d, a cura di Restructura Srl.\u00a0 Saranno ben tre i momenti di approfondimento ib calendario sabato 18: si apriranno alle 10.30 in Sala Congressi con l\u2019incontro promosso dal Centro Consorzi su: \u201cCosa facciamo del legno bellunese?\u201d. L\u2019AITI \u2013 Associazione Italiana Termografia Infrarosso organizza poi, alle 10.30 in Sala Barel, l\u2019incontro sul tema: &#8220;Termografia e diagnosi dell\u2019involucro edilizio: tecniche a confronto&#8221;, mentre nel pomeriggio alle 15 il Collegio dei Geometri e Geometri Laureati della Provincia di Belluno affronter\u00e0 il tema della valutazione immobiliare secondo gli IVS e le linee guida dell\u2019Associazione Bancaria Italiana. Il secondo fine settimana verr\u00e0 aperto venerd\u00ec 24 alla ore 15.30 dall\u2019incontro sul tema: \u201cIl primo soccorso nei cantieri di montagna\u201d, promosso dal CFPME \u2013 Centro di Formazione Professionale Maestranze Edili. L\u2019incontro verr\u00e0 preceduto da una esercitazione e dimostrazione di tecniche di recupero con elicottero curata dal Corpo Nazionale del Soccorso Alpino e Speleologico della provincia di Belluno: si terr\u00e0 nei piazzali di parcheggio nei pressi del Quartiere Fieristico. Alle ore 16 Acustica Sistemi, Hydrotecno e Sinthesi Engineering daranno vita, invece, ad un importante seminario tecnico sull\u2019acustica in edilizia, la relativa normativa di riferimento, e sui materiali, le tecniche di posa e i risultati ottenibili. Sabato 25 febbraio si comincia alle ore 10.30 con l\u2019incontro, promosso da Anab Veneto, sul tema: &#8220;Architettura sostenibile: tra idee e pratica \u2013 Il percorso di ANAB Veneto e l\u2019esempio di Mavima Bautec: la casa delle Dolomiti Bellunesi\u201d; in contemporanea, nella Sala Barel, spazio all\u2019azienda Fagherazzi Snc che tratter\u00e0 della finestra del nuovo millennio. Il programma degli eventi della 7^ edizione di Costruire si chiuder\u00e0 lo stesso sabato 25 febbraio nel pomeriggio alle 15, al Centro Congressi, con l\u2019atteso convegno sul tema: \u201cLa sfida delle costruzioni: semplificazione amministrativa e accesso al credito\u201d, che vedr\u00e0 protagonista il Tavolo di coordinamento del settore edile composto dalla sezione Costruttori Edili &#8211; Confindustria Belluno Dolomiti, dalla sezione Edili \u2013 Appia Belluno, sezione Edili \u2013 Unione Artigiani Belluno, dal Collegio dei Geometri della Provincia di Belluno, dal Collegio dei Periti Industriali e dei Periti Industriali Laureati della Provincia di Bel\u00adluno, dal Forum per l\u2019Architettura della Provincia di Belluno, dagli Ordini degli Ingegneri e degli Architetti di Belluno, in collaborazione con il Centro Studi Bellunese. Un appuntamento che chiamer\u00e0 a confrontarsi tutte le forze provinciali di settore impegnate a definire delle proposte operative per uscire dalla difficile situazione attuale.<\/p>","protected":false},"excerpt":{"rendered":"<p>Mentre \u00e8 ormai tutto pronto a livello espositivo, \u00e8 stato definito a Longarone Fiere Dolomiti anche il programma degli eventi convegnistici della 7. edizione di Costruire, il Salone dell\u2019edilizia e dell\u2019abitare che si terr\u00e0 dal 17 al 19 e dal 24 al 26 febbraio. Un programma che si annuncia particolarmente ricco e qualificato: grazie alla [&hellip;]<\/p>\n","protected":false},"author":2,"featured_media":0,"comment_status":"closed","ping_status":"open","sticky":false,"template":"","format":"standard","meta":{"footnotes":""},"categories":[27,26],"tags":[],"class_list":["post-34921","post","type-post","status-publish","format-standard","category-appuntamenti","category-prima-pagina"],"yoast_head":"<!-- This site is optimized with the Yoast SEO plugin v28.4 - https:\/\/yoast.com\/product\/yoast-seo-wordpress\/ -->\n<title>Longarone Fiere si prepara ad ospitare Costruire 2012 - Bellunopress - Dolomiti<\/title>\n<meta name=\"robots\" content=\"index, follow, max-snippet:-1, max-image-preview:large, max-video-preview:-1\" \/>\n<link rel=\"canonical\" href=\"https:\/\/www.bellunopress.it\/fr\/2012\/02\/08\/longarone-fiere-si-prepara-ad-ospitare-costruire-2012\/\" \/>\n<meta property=\"og:locale\" content=\"fr_FR\" \/>\n<meta property=\"og:type\" content=\"article\" \/>\n<meta property=\"og:title\" content=\"Longarone Fiere si prepara ad ospitare Costruire 2012 - Bellunopress - Dolomiti\" \/>\n<meta property=\"og:description\" content=\"Mentre \u00e8 ormai tutto pronto a livello espositivo, \u00e8 stato definito a Longarone Fiere Dolomiti anche il programma degli eventi convegnistici della 7. edizione di Costruire, il Salone dell\u2019edilizia e dell\u2019abitare che si terr\u00e0 dal 17 al 19 e dal 24 al 26 febbraio. Un programma che si annuncia particolarmente ricco e qualificato: grazie alla [&hellip;]\" \/>\n<meta property=\"og:url\" content=\"https:\/\/www.bellunopress.it\/fr\/2012\/02\/08\/longarone-fiere-si-prepara-ad-ospitare-costruire-2012\/\" \/>\n<meta property=\"og:site_name\" content=\"Bellunopress - Dolomiti\" \/>\n<meta property=\"article:publisher\" content=\"https:\/\/www.facebook.com\/profile.php?id=100008943462799\" \/>\n<meta property=\"article:published_time\" content=\"2012-02-08T20:26:40+00:00\" \/>\n<meta property=\"og:image\" content=\"http:\/\/www.bellunopress.it\/wp-content\/uploads\/2011\/02\/longarone-fiere-costruire.jpg\" \/>\n<meta name=\"author\" content=\"redazione\" \/>\n<meta name=\"twitter:card\" content=\"summary_large_image\" \/>\n<meta name=\"twitter:creator\" content=\"@bellunopress\" \/>\n<meta name=\"twitter:site\" content=\"@bellunopress\" \/>\n<meta name=\"twitter:label1\" content=\"\u00c9crit par\" \/>\n\t<meta name=\"twitter:data1\" content=\"redazione\" \/>\n\t<meta name=\"twitter:label2\" content=\"Dur\u00e9e de lecture estim\u00e9e\" \/>\n\t<meta name=\"twitter:data2\" content=\"3 minutes\" \/>\n<script type=\"application\/ld+json\" class=\"yoast-schema-graph\">{\"@context\":\"https:\\\/\\\/schema.org\",\"@graph\":[{\"@type\":\"Article\",\"@id\":\"https:\\\/\\\/www.bellunopress.it\\\/2012\\\/02\\\/08\\\/longarone-fiere-si-prepara-ad-ospitare-costruire-2012\\\/#article\",\"isPartOf\":{\"@id\":\"https:\\\/\\\/www.bellunopress.it\\\/2012\\\/02\\\/08\\\/longarone-fiere-si-prepara-ad-ospitare-costruire-2012\\\/\"},\"author\":{\"name\":\"redazione\",\"@id\":\"https:\\\/\\\/www.bellunopress.it\\\/#\\\/schema\\\/person\\\/79bb06722b37ece1c03d3e94beb30d73\"},\"headline\":\"Longarone Fiere si prepara ad ospitare Costruire 2012\",\"datePublished\":\"2012-02-08T20:26:40+00:00\",\"mainEntityOfPage\":{\"@id\":\"https:\\\/\\\/www.bellunopress.it\\\/2012\\\/02\\\/08\\\/longarone-fiere-si-prepara-ad-ospitare-costruire-2012\\\/\"},\"wordCount\":539,\"publisher\":{\"@id\":\"https:\\\/\\\/www.bellunopress.it\\\/#organization\"},\"image\":{\"@id\":\"https:\\\/\\\/www.bellunopress.it\\\/2012\\\/02\\\/08\\\/longarone-fiere-si-prepara-ad-ospitare-costruire-2012\\\/#primaryimage\"},\"thumbnailUrl\":\"http:\\\/\\\/www.bellunopress.it\\\/wp-content\\\/uploads\\\/2011\\\/02\\\/longarone-fiere-costruire.jpg\",\"articleSection\":[\"Appuntamenti, Eventi\",\"Prima Pagina\"],\"inLanguage\":\"fr-FR\"},{\"@type\":\"WebPage\",\"@id\":\"https:\\\/\\\/www.bellunopress.it\\\/2012\\\/02\\\/08\\\/longarone-fiere-si-prepara-ad-ospitare-costruire-2012\\\/\",\"url\":\"https:\\\/\\\/www.bellunopress.it\\\/2012\\\/02\\\/08\\\/longarone-fiere-si-prepara-ad-ospitare-costruire-2012\\\/\",\"name\":\"Longarone Fiere si prepara ad ospitare Costruire 2012 - Bellunopress - Dolomiti\",\"isPartOf\":{\"@id\":\"https:\\\/\\\/www.bellunopress.it\\\/#website\"},\"primaryImageOfPage\":{\"@id\":\"https:\\\/\\\/www.bellunopress.it\\\/2012\\\/02\\\/08\\\/longarone-fiere-si-prepara-ad-ospitare-costruire-2012\\\/#primaryimage\"},\"image\":{\"@id\":\"https:\\\/\\\/www.bellunopress.it\\\/2012\\\/02\\\/08\\\/longarone-fiere-si-prepara-ad-ospitare-costruire-2012\\\/#primaryimage\"},\"thumbnailUrl\":\"http:\\\/\\\/www.bellunopress.it\\\/wp-content\\\/uploads\\\/2011\\\/02\\\/longarone-fiere-costruire.jpg\",\"datePublished\":\"2012-02-08T20:26:40+00:00\",\"breadcrumb\":{\"@id\":\"https:\\\/\\\/www.bellunopress.it\\\/2012\\\/02\\\/08\\\/longarone-fiere-si-prepara-ad-ospitare-costruire-2012\\\/#breadcrumb\"},\"inLanguage\":\"fr-FR\",\"potentialAction\":[{\"@type\":\"ReadAction\",\"target\":[\"https:\\\/\\\/www.bellunopress.it\\\/2012\\\/02\\\/08\\\/longarone-fiere-si-prepara-ad-ospitare-costruire-2012\\\/\"]}]},{\"@type\":\"ImageObject\",\"inLanguage\":\"fr-FR\",\"@id\":\"https:\\\/\\\/www.bellunopress.it\\\/2012\\\/02\\\/08\\\/longarone-fiere-si-prepara-ad-ospitare-costruire-2012\\\/#primaryimage\",\"url\":\"http:\\\/\\\/www.bellunopress.it\\\/wp-content\\\/uploads\\\/2011\\\/02\\\/longarone-fiere-costruire.jpg\",\"contentUrl\":\"http:\\\/\\\/www.bellunopress.it\\\/wp-content\\\/uploads\\\/2011\\\/02\\\/longarone-fiere-costruire.jpg\"},{\"@type\":\"BreadcrumbList\",\"@id\":\"https:\\\/\\\/www.bellunopress.it\\\/2012\\\/02\\\/08\\\/longarone-fiere-si-prepara-ad-ospitare-costruire-2012\\\/#breadcrumb\",\"itemListElement\":[{\"@type\":\"ListItem\",\"position\":1,\"name\":\"Home\",\"item\":\"https:\\\/\\\/www.bellunopress.it\\\/\"},{\"@type\":\"ListItem\",\"position\":2,\"name\":\"Longarone Fiere si prepara ad ospitare Costruire 2012\"}]},{\"@type\":\"WebSite\",\"@id\":\"https:\\\/\\\/www.bellunopress.it\\\/#website\",\"url\":\"https:\\\/\\\/www.bellunopress.it\\\/\",\"name\":\"Bellunopress - Dolomiti\",\"description\":\"e-mail: redazione@bellunopress.it\",\"publisher\":{\"@id\":\"https:\\\/\\\/www.bellunopress.it\\\/#organization\"},\"potentialAction\":[{\"@type\":\"SearchAction\",\"target\":{\"@type\":\"EntryPoint\",\"urlTemplate\":\"https:\\\/\\\/www.bellunopress.it\\\/?s={search_term_string}\"},\"query-input\":{\"@type\":\"PropertyValueSpecification\",\"valueRequired\":true,\"valueName\":\"search_term_string\"}}],\"inLanguage\":\"fr-FR\"},{\"@type\":\"Organization\",\"@id\":\"https:\\\/\\\/www.bellunopress.it\\\/#organization\",\"name\":\"Bellunopress\",\"url\":\"https:\\\/\\\/www.bellunopress.it\\\/\",\"logo\":{\"@type\":\"ImageObject\",\"inLanguage\":\"fr-FR\",\"@id\":\"https:\\\/\\\/www.bellunopress.it\\\/#\\\/schema\\\/logo\\\/image\\\/\",\"url\":\"https:\\\/\\\/www.bellunopress.it\\\/wp-content\\\/uploads\\\/2011\\\/05\\\/cropped-logo-bellunopress-.jpg\",\"contentUrl\":\"https:\\\/\\\/www.bellunopress.it\\\/wp-content\\\/uploads\\\/2011\\\/05\\\/cropped-logo-bellunopress-.jpg\",\"width\":512,\"height\":512,\"caption\":\"Bellunopress\"},\"image\":{\"@id\":\"https:\\\/\\\/www.bellunopress.it\\\/#\\\/schema\\\/logo\\\/image\\\/\"},\"sameAs\":[\"https:\\\/\\\/www.facebook.com\\\/profile.php?id=100008943462799\",\"https:\\\/\\\/x.com\\\/bellunopress\",\"https:\\\/\\\/www.linkedin.com\\\/hp\\\/?dnr=JBzUWaJfMUw8vbXJJ2tVW5-I3jZKvC4wsoxE&amp;amp;amp;amp;amp;amp;trk=nav_responsive_tab_home\",\"https:\\\/\\\/www.youtube.com\\\/channel\\\/UCxL0wu1uN0_3_7hGG0306cw\"]},{\"@type\":\"Person\",\"@id\":\"https:\\\/\\\/www.bellunopress.it\\\/#\\\/schema\\\/person\\\/79bb06722b37ece1c03d3e94beb30d73\",\"name\":\"redazione\",\"image\":{\"@type\":\"ImageObject\",\"inLanguage\":\"fr-FR\",\"@id\":\"https:\\\/\\\/secure.gravatar.com\\\/avatar\\\/37d968a2e67a6fd04c169c4bdef102d0bc5d31b2546345219e348575eb80e9a0?s=96&d=mm&r=g\",\"url\":\"https:\\\/\\\/secure.gravatar.com\\\/avatar\\\/37d968a2e67a6fd04c169c4bdef102d0bc5d31b2546345219e348575eb80e9a0?s=96&d=mm&r=g\",\"contentUrl\":\"https:\\\/\\\/secure.gravatar.com\\\/avatar\\\/37d968a2e67a6fd04c169c4bdef102d0bc5d31b2546345219e348575eb80e9a0?s=96&d=mm&r=g\",\"caption\":\"redazione\"},\"sameAs\":[\"http:\\\/\\\/www.bellunopress.it\",\"https:\\\/\\\/x.com\\\/bellunopress\"],\"url\":\"https:\\\/\\\/www.bellunopress.it\\\/fr\\\/author\\\/redazione\\\/\"}]}<\/script>\n<!-- \/ Yoast SEO plugin. -->","yoast_head_json":{"title":"Longarone Fiere si prepara ad ospitare Costruire 2012 - Bellunopress - Dolomiti","robots":{"index":"index","follow":"follow","max-snippet":"max-snippet:-1","max-image-preview":"max-image-preview:large","max-video-preview":"max-video-preview:-1"},"canonical":"https:\/\/www.bellunopress.it\/fr\/2012\/02\/08\/longarone-fiere-si-prepara-ad-ospitare-costruire-2012\/","og_locale":"fr_FR","og_type":"article","og_title":"Longarone Fiere si prepara ad ospitare Costruire 2012 - Bellunopress - Dolomiti","og_description":"Mentre \u00e8 ormai tutto pronto a livello espositivo, \u00e8 stato definito a Longarone Fiere Dolomiti anche il programma degli eventi convegnistici della 7. edizione di Costruire, il Salone dell\u2019edilizia e dell\u2019abitare che si terr\u00e0 dal 17 al 19 e dal 24 al 26 febbraio. Un programma che si annuncia particolarmente ricco e qualificato: grazie alla [&hellip;]","og_url":"https:\/\/www.bellunopress.it\/fr\/2012\/02\/08\/longarone-fiere-si-prepara-ad-ospitare-costruire-2012\/","og_site_name":"Bellunopress - Dolomiti","article_publisher":"https:\/\/www.facebook.com\/profile.php?id=100008943462799","article_published_time":"2012-02-08T20:26:40+00:00","og_image":[{"url":"http:\/\/www.bellunopress.it\/wp-content\/uploads\/2011\/02\/longarone-fiere-costruire.jpg","type":"","width":"","height":""}],"author":"redazione","twitter_card":"summary_large_image","twitter_creator":"@bellunopress","twitter_site":"@bellunopress","twitter_misc":{"\u00c9crit par":"redazione","Dur\u00e9e de lecture estim\u00e9e":"3 minutes"},"schema":{"@context":"https:\/\/schema.org","@graph":[{"@type":"Article","@id":"https:\/\/www.bellunopress.it\/2012\/02\/08\/longarone-fiere-si-prepara-ad-ospitare-costruire-2012\/#article","isPartOf":{"@id":"https:\/\/www.bellunopress.it\/2012\/02\/08\/longarone-fiere-si-prepara-ad-ospitare-costruire-2012\/"},"author":{"name":"redazione","@id":"https:\/\/www.bellunopress.it\/#\/schema\/person\/79bb06722b37ece1c03d3e94beb30d73"},"headline":"Longarone Fiere si prepara ad ospitare Costruire 2012","datePublished":"2012-02-08T20:26:40+00:00","mainEntityOfPage":{"@id":"https:\/\/www.bellunopress.it\/2012\/02\/08\/longarone-fiere-si-prepara-ad-ospitare-costruire-2012\/"},"wordCount":539,"publisher":{"@id":"https:\/\/www.bellunopress.it\/#organization"},"image":{"@id":"https:\/\/www.bellunopress.it\/2012\/02\/08\/longarone-fiere-si-prepara-ad-ospitare-costruire-2012\/#primaryimage"},"thumbnailUrl":"http:\/\/www.bellunopress.it\/wp-content\/uploads\/2011\/02\/longarone-fiere-costruire.jpg","articleSection":["Appuntamenti, Eventi","Prima Pagina"],"inLanguage":"fr-FR"},{"@type":"WebPage","@id":"https:\/\/www.bellunopress.it\/2012\/02\/08\/longarone-fiere-si-prepara-ad-ospitare-costruire-2012\/","url":"https:\/\/www.bellunopress.it\/2012\/02\/08\/longarone-fiere-si-prepara-ad-ospitare-costruire-2012\/","name":"Longarone Fiere si prepara ad ospitare Costruire 2012 - Bellunopress - Dolomiti","isPartOf":{"@id":"https:\/\/www.bellunopress.it\/#website"},"primaryImageOfPage":{"@id":"https:\/\/www.bellunopress.it\/2012\/02\/08\/longarone-fiere-si-prepara-ad-ospitare-costruire-2012\/#primaryimage"},"image":{"@id":"https:\/\/www.bellunopress.it\/2012\/02\/08\/longarone-fiere-si-prepara-ad-ospitare-costruire-2012\/#primaryimage"},"thumbnailUrl":"http:\/\/www.bellunopress.it\/wp-content\/uploads\/2011\/02\/longarone-fiere-costruire.jpg","datePublished":"2012-02-08T20:26:40+00:00","breadcrumb":{"@id":"https:\/\/www.bellunopress.it\/2012\/02\/08\/longarone-fiere-si-prepara-ad-ospitare-costruire-2012\/#breadcrumb"},"inLanguage":"fr-FR","potentialAction":[{"@type":"ReadAction","target":["https:\/\/www.bellunopress.it\/2012\/02\/08\/longarone-fiere-si-prepara-ad-ospitare-costruire-2012\/"]}]},{"@type":"ImageObject","inLanguage":"fr-FR","@id":"https:\/\/www.bellunopress.it\/2012\/02\/08\/longarone-fiere-si-prepara-ad-ospitare-costruire-2012\/#primaryimage","url":"http:\/\/www.bellunopress.it\/wp-content\/uploads\/2011\/02\/longarone-fiere-costruire.jpg","contentUrl":"http:\/\/www.bellunopress.it\/wp-content\/uploads\/2011\/02\/longarone-fiere-costruire.jpg"},{"@type":"BreadcrumbList","@id":"https:\/\/www.bellunopress.it\/2012\/02\/08\/longarone-fiere-si-prepara-ad-ospitare-costruire-2012\/#breadcrumb","itemListElement":[{"@type":"ListItem","position":1,"name":"Home","item":"https:\/\/www.bellunopress.it\/"},{"@type":"ListItem","position":2,"name":"Longarone Fiere si prepara ad ospitare Costruire 2012"}]},{"@type":"WebSite","@id":"https:\/\/www.bellunopress.it\/#website","url":"https:\/\/www.bellunopress.it\/","name":"Bellunopress - Dolomiti","description":"e-mail: redazione@bellunopress.it","publisher":{"@id":"https:\/\/www.bellunopress.it\/#organization"},"potentialAction":[{"@type":"SearchAction","target":{"@type":"EntryPoint","urlTemplate":"https:\/\/www.bellunopress.it\/?s={search_term_string}"},"query-input":{"@type":"PropertyValueSpecification","valueRequired":true,"valueName":"search_term_string"}}],"inLanguage":"fr-FR"},{"@type":"Organization","@id":"https:\/\/www.bellunopress.it\/#organization","name":"Bellunopress","url":"https:\/\/www.bellunopress.it\/","logo":{"@type":"ImageObject","inLanguage":"fr-FR","@id":"https:\/\/www.bellunopress.it\/#\/schema\/logo\/image\/","url":"https:\/\/www.bellunopress.it\/wp-content\/uploads\/2011\/05\/cropped-logo-bellunopress-.jpg","contentUrl":"https:\/\/www.bellunopress.it\/wp-content\/uploads\/2011\/05\/cropped-logo-bellunopress-.jpg","width":512,"height":512,"caption":"Bellunopress"},"image":{"@id":"https:\/\/www.bellunopress.it\/#\/schema\/logo\/image\/"},"sameAs":["https:\/\/www.facebook.com\/profile.php?id=100008943462799","https:\/\/x.com\/bellunopress","https:\/\/www.linkedin.com\/hp\/?dnr=JBzUWaJfMUw8vbXJJ2tVW5-I3jZKvC4wsoxE&amp;amp;amp;amp;amp;amp;trk=nav_responsive_tab_home","https:\/\/www.youtube.com\/channel\/UCxL0wu1uN0_3_7hGG0306cw"]},{"@type":"Person","@id":"https:\/\/www.bellunopress.it\/#\/schema\/person\/79bb06722b37ece1c03d3e94beb30d73","name":"r\u00e9daction","image":{"@type":"ImageObject","inLanguage":"fr-FR","@id":"https:\/\/secure.gravatar.com\/avatar\/37d968a2e67a6fd04c169c4bdef102d0bc5d31b2546345219e348575eb80e9a0?s=96&d=mm&r=g","url":"https:\/\/secure.gravatar.com\/avatar\/37d968a2e67a6fd04c169c4bdef102d0bc5d31b2546345219e348575eb80e9a0?s=96&d=mm&r=g","contentUrl":"https:\/\/secure.gravatar.com\/avatar\/37d968a2e67a6fd04c169c4bdef102d0bc5d31b2546345219e348575eb80e9a0?s=96&d=mm&r=g","caption":"redazione"},"sameAs":["http:\/\/www.bellunopress.it","https:\/\/x.com\/bellunopress"],"url":"https:\/\/www.bellunopress.it\/fr\/author\/redazione\/"}]}},"_links":{"self":[{"href":"https:\/\/www.bellunopress.it\/fr\/wp-json\/wp\/v2\/posts\/34921","targetHints":{"allow":["GET"]}}],"collection":[{"href":"https:\/\/www.bellunopress.it\/fr\/wp-json\/wp\/v2\/posts"}],"about":[{"href":"https:\/\/www.bellunopress.it\/fr\/wp-json\/wp\/v2\/types\/post"}],"author":[{"embeddable":true,"href":"https:\/\/www.bellunopress.it\/fr\/wp-json\/wp\/v2\/users\/2"}],"replies":[{"embeddable":true,"href":"https:\/\/www.bellunopress.it\/fr\/wp-json\/wp\/v2\/comments?post=34921"}],"version-history":[{"count":1,"href":"https:\/\/www.bellunopress.it\/fr\/wp-json\/wp\/v2\/posts\/34921\/revisions"}],"predecessor-version":[{"id":34922,"href":"https:\/\/www.bellunopress.it\/fr\/wp-json\/wp\/v2\/posts\/34921\/revisions\/34922"}],"wp:attachment":[{"href":"https:\/\/www.bellunopress.it\/fr\/wp-json\/wp\/v2\/media?parent=34921"}],"wp:term":[{"taxonomy":"category","embeddable":true,"href":"https:\/\/www.bellunopress.it\/fr\/wp-json\/wp\/v2\/categories?post=34921"},{"taxonomy":"post_tag","embeddable":true,"href":"https:\/\/www.bellunopress.it\/fr\/wp-json\/wp\/v2\/tags?post=34921"}],"curies":[{"name":"wp","href":"https:\/\/api.w.org\/{rel}","templated":true}]}}