{"id":34918,"date":"2012-02-09T20:57:20","date_gmt":"2012-02-09T19:57:20","guid":{"rendered":"http:\/\/www.bellunopress.it\/?p=34918"},"modified":"2012-02-08T21:04:08","modified_gmt":"2012-02-08T20:04:08","slug":"venerdi-allo-stanzone-di-feltre-il-concerto-di-marco-notari","status":"publish","type":"post","link":"https:\/\/www.bellunopress.it\/fr\/2012\/02\/09\/venerdi-allo-stanzone-di-feltre-il-concerto-di-marco-notari\/","title":{"rendered":"Venerd\u00ec allo Stanzone di Feltre il concerto di Marco Notari"},"content":{"rendered":"<p>Questo venerd\u00ec, 10 febbraio ore 22, arriva allo Stanzone di Feltre (via Mezzaterra, 13) il tour di Marco Notari. Il nuovo album &#8220;Io?&#8221; in classifica FIMI, il singolo &#8220;Le stelle ci cambieranno pelle&#8221; in alta rotazione su Radio Rai 2 da oltre un mese ed il suo videoclip vincitore del P.I.V.I. 2011, il live di Marco Notari &amp; Madam premiato come &#8220;best live&#8221; del mese di novembre nella speciale classifica Keep On votata dai direttori artistici dei migliori club italiani. Un concerto in equilibrio tra le sonorit\u00e0 nordiche ed anglosassoni pi\u00f9 contemporanee ed il miglior cantautorato italiano per uno dei fenomeni indipendenti di questa stagione.<\/p>\n<figure id=\"attachment_34919\" aria-describedby=\"caption-attachment-34919\" style=\"width: 290px\" class=\"wp-caption alignleft\"><a href=\"http:\/\/www.bellunopress.it\/wp-content\/uploads\/2012\/02\/marco-notari.jpg\"><img loading=\"lazy\" decoding=\"async\" class=\"size-full wp-image-34919\" title=\"marco notari\" src=\"http:\/\/www.bellunopress.it\/wp-content\/uploads\/2012\/02\/marco-notari.jpg\" alt=\"\" width=\"290\" height=\"193\" \/><\/a><figcaption id=\"caption-attachment-34919\" class=\"wp-caption-text\">Marco Notari<\/figcaption><\/figure>\n<p>E\u2019 uscito il 16 settembre 2011 per Libellula\/Audioglobe \u201cIo?\u201d, il terzo album di Marco Notari. Un caleidoscopio di colori a partire dalla copertina (realizzata da Tommaso Cerasuolo dei Perturbazione), nel tentativo di rappresentare un essere umano nella sua essenzialit\u00e0 e in tutte le sue sfaccettature, perch\u00e9 \u00e8 nelle storie delle singole persone, senza morali, che si pu\u00f2 cercare un punto di contatto con l\u2019umanit\u00e0 di oggi. Canzoni estatiche, drammatiche, vive. Non prettamente pop, n\u00e9 rock, folk, ambient o elettronico, \u201cIo?\u201d abbraccia tutti questi generi per creare un mondo musicale unico in continua espansione portato in vita da Marco Notari, dai suoi musicisti e dal produttore artistico Andrea Bergesio. Chitarre, pianoforti e glockenspiel che si fondono con archi, ottoni, strumenti a fiato, elettronica ed una singolare sessione percussiva (in alcuni brani la batteria \u00e8 stata affiancata o sostituita da un set da banda e addirittura da scatole di cartone), confluendo in un panorama sonoro che esplode con pura meraviglia, un momento tormentato e il momento dopo pieno e sorprendentemente caldo. Il tutto equilibrato dal sapiente mix di Taketo Gohara (Vinicio Capossela, Marta Sui Tubi, Baustelle ecc.)<\/p>\n<p>Il disco, che vede tra i suoi ospiti Tommaso Cerasuolo (Perturbazione) e Dario Brunori (Brunori Sas), ha gi\u00e0 entusiasmato la critica specializzata, che lo ha definito all\u2019unanimit\u00e0 come uno dei lavori pi\u00f9 interessanti di questa stagione musicale (la rivista Rockerilla lo ha anche inserito tra i dischi italiani del 2011), riuscendo inoltre nell\u2019impresa di entrare nella classifica ufficiale di vendite F.I.M.I.\/Nielsen al numero 51. Il primo singolo \u201cLe stelle ci cambieranno pelle\u201d \u00e8 attualmente in rotazione su Radio Rai 2 e su tutte le principali radio rock italiane, mentre il suo videoclip (realizzato da Marco Missano, gi\u00e0 al lavoro con Negramaro, Raphael Gualazzi ecc.) si \u00e8 aggiudicato il Premio Italiano Videoclip Indipendente 2011 come miglior video. A marzo 2012 uscir\u00e0 il secondo singolo \u201cLa terra senza l\u2019uomo\u201d, all\u2019interno di un ep che conterr\u00e0 anche brani inediti e registrazioni live tratte dalla prima parte del tour.<\/p>\n<p>\u201c Io? \u00e8 un disco molto personale. Quando prendi consapevolezza della tua natura, nasce il desiderio di fissare le persone a cui vuoi bene e le cose a cui tieni di pi\u00f9 in qualcosa che sia immune allo scorrere del tempo della tua vita. Credo che alla base di tutto il lavoro ci sia questa urgenza, da cui in fondo nascono gran parte delle opere d\u2019arte, pi\u00f9 o meno consapevolmente \u2013 racconta Marco Notari -. In questo senso \u00e8 un disco che ho scritto per me stesso, anche se ci sono brani che affrontano temi meno personali come la terribile situazione socio-politica che ci affligge oggi o la nostra incapacit\u00e0 di rispettare il pianeta e le altre creature che lo abitano.\u00a0 Dal punto di vista sonoro credo rappresenti una svolta rispetto ai miei lavori precedenti. E\u2019 un album decisamente ricco, e mentre lo arrangiavo con i miei musicisti c\u2019\u00e8 stato un flusso creativo molto libero e ci siamo spessi scambiati di ruolo e strumento. Per cui quando ci siamo trovati a preparare il tour abbiamo deciso di mantenere in parte sul palco questa caratteristica, anche perch\u00e9 la variet\u00e0 del disco lo rendeva necessario.\u201d<\/p>\n<p>ASCOLTA IL DISCO -&gt; <a href=\"http:\/\/www.marconotari.it\">www.marconotari.it<\/a> GUARDA IL VIDEO -&gt; <a href=\"http:\/\/www.youtube.com\/watch?v=zPz9efWxP_A\">http:\/\/www.youtube.com\/watch?v=zPz9efWxP_A<\/a><\/p>\n<p>BIOGRAFIA MARCO NOTARI &#8211; <a href=\"http:\/\/www.marconotari.it\">www.marconotari.it<\/a><\/p>\n<p>Marco Notari nasce a Torino. Si avvicina alla musica fin da bambino, passione che coltiva parallelamente agli studi scolastici. Nel 2003 partecipa al \u201cTora Tora Festival\u201d e a diverse altre manifestazioni affiancato dai Madam. Dopo essersi laureato in economia politica con il massimo dei voti all\u2019Universit\u00e0 di Torino, nel 2005 entra nella scuderia dell\u2019etichetta Artes Records. Il 13 gennaio 2006 esce il suo disco d\u2019esordio \u201cOltre lo specchio\u201d (Artes-Mescal\/SonyBMG),che ottiene ottimi risultati di vendite e critica entrando anche nella top 100 F.I.M.I.\/Nielsen nella settimana d\u2019uscita. Ad ottobre \u201cOltre lo Specchio\u201d riceve una nomination come miglior disco d\u2019esordio al PIMI (Premio Italiano della Musica Indipendente) e Marco riceve un premio speciale per la nuova musica d\u2019autore, consegnatogli al M.E.I. A novembre Marco viene invitato a partecipare alla raccolta \u201cConGarbo\u201d, a cui partecipano tutti i maggiori esponenti della scena alternativa italiana. Il 13 gennaio 2007 viene premiato con il premio \u201cIndie Music Like\u201d, come miglior artista indie italiano del 2006. Nel frattempo il tour con i Madam supera le cento date. A settembre 2007 il cantautore torinese entra in studio alle Officine Meccaniche (Milano) per registrare il suo secondo disco, \u201cBabele\u201d, un concept-album. Il disco viene registrato e mixato da Taketo Gohara e Guido Andreani, sotto la produzione artistica di Giulio Casale. A novembre Marco Notari &amp; Madam ritirano al M.E.I. il premio \u201cMusic Club\u201d per il miglior tour di una band esordiente. L\u201911 luglio 2008 esce l\u2019ep \u201cIo non mi riconosco nel mio stato\u201d (Artes-EMI) che raggiunge la posizione numero 10 della classifica Nielsen Digital Download. Il 7 novembre 2008 esce \u201cBabele\u201d (Artes-EMI), che viene accolto con entusiasmo dalla critica specializzata ed \u00e8 seguito da un lungo tour in cui Marco Notari &amp; Madam toccano le principali citt\u00e0 italiane. Il 7 novembre 2009, a un anno di distanza da \u201cBabele\u201d, esce \u201cBabele:noir\u201d (Libellula \u2013 Artes), vinile a tiratura limitata contenente un brano inedito, tredici racconti scritti da Marco Notari che vanno a comporre un romanzo breve, e tredici illustrazioni realizzate da alcuni illustratori italiani di spicco sotto la direzione artistica di David Vecchiato (Mondo Pop). In corrispondenza dell\u2019uscita del vinile vede la luce anche il videoclip del singolo \u201cPorpora\u201d, scritto e disegnato da Tommaso Cerasuolo (Perturbazione), che viene premiato al P.I.V.I. (Premio Italiano del Videoclip Indipendente) come miglior video di animazione. \u201cBabele:noir\u201d diventa anche una mostra multimediale che viene esposta nel dicembre 2009 al Centro Sociale Brancaleone di Roma, mentre l\u2019uscita del vinile \u00e8 seguita da un nuovo tour. Nell\u2019estate del 2010 iniziano le registrazioni del terzo album. A luglio 2011 Marco riceve il \u201cPremio La Mia Valle\u201d dall\u2019Associazione Tenco-Ricaldone. Il 16 settembre 2011 esce \u201cIo?\u201d (Libellula\/Audioglobe), il terzo album di Marco Notari. Il nuovo lavoro entra nella classifica FIMI\/Nielsen al numero 51 e viene accolto ancora una volta con grande entusiasmo dalla critica. Il primo singolo \u201cLe stelle ci cambieranno pelle\u201d inizia ad essere programmato su Radio Rai 2, mentre il suo video si aggiudica il P.I.V.I. 2011 (Premio Italiano Videoclip Indipendente) come miglior video. Nel frattempo Marco Notari &amp; Madam iniziano un tour molto intenso che nei primi sei mesi conta gi\u00e0 oltre quaranta concerti.<\/p>","protected":false},"excerpt":{"rendered":"<p>Questo venerd\u00ec, 10 febbraio ore 22, arriva allo Stanzone di Feltre (via Mezzaterra, 13) il tour di Marco Notari. Il nuovo album &#8220;Io?&#8221; in classifica FIMI, il singolo &#8220;Le stelle ci cambieranno pelle&#8221; in alta rotazione su Radio Rai 2 da oltre un mese ed il suo videoclip vincitore del P.I.V.I. 2011, il live di [&hellip;]<\/p>\n","protected":false},"author":2,"featured_media":0,"comment_status":"closed","ping_status":"open","sticky":false,"template":"","format":"standard","meta":{"footnotes":""},"categories":[27,3,25],"tags":[],"class_list":["post-34918","post","type-post","status-publish","format-standard","category-appuntamenti","category-arte-cultura-spettacoli-scienza-archivi","category-pausa-caffe"],"yoast_head":"<!-- This site is optimized with the Yoast SEO plugin v28.4 - https:\/\/yoast.com\/product\/yoast-seo-wordpress\/ -->\n<title>Venerd\u00ec allo Stanzone di Feltre il concerto di Marco Notari - Bellunopress - Dolomiti<\/title>\n<meta name=\"robots\" content=\"index, follow, max-snippet:-1, max-image-preview:large, max-video-preview:-1\" \/>\n<link rel=\"canonical\" href=\"https:\/\/www.bellunopress.it\/fr\/2012\/02\/09\/venerdi-allo-stanzone-di-feltre-il-concerto-di-marco-notari\/\" \/>\n<meta property=\"og:locale\" content=\"fr_FR\" \/>\n<meta property=\"og:type\" content=\"article\" \/>\n<meta property=\"og:title\" content=\"Venerd\u00ec allo Stanzone di Feltre il concerto di Marco Notari - Bellunopress - Dolomiti\" \/>\n<meta property=\"og:description\" content=\"Questo venerd\u00ec, 10 febbraio ore 22, arriva allo Stanzone di Feltre (via Mezzaterra, 13) il tour di Marco Notari. Il nuovo album &#8220;Io?&#8221; in classifica FIMI, il singolo &#8220;Le stelle ci cambieranno pelle&#8221; in alta rotazione su Radio Rai 2 da oltre un mese ed il suo videoclip vincitore del P.I.V.I. 2011, il live di [&hellip;]\" \/>\n<meta property=\"og:url\" content=\"https:\/\/www.bellunopress.it\/fr\/2012\/02\/09\/venerdi-allo-stanzone-di-feltre-il-concerto-di-marco-notari\/\" \/>\n<meta property=\"og:site_name\" content=\"Bellunopress - Dolomiti\" \/>\n<meta property=\"article:publisher\" content=\"https:\/\/www.facebook.com\/profile.php?id=100008943462799\" \/>\n<meta property=\"article:published_time\" content=\"2012-02-09T19:57:20+00:00\" \/>\n<meta property=\"og:image\" content=\"http:\/\/www.bellunopress.it\/wp-content\/uploads\/2012\/02\/marco-notari.jpg\" \/>\n<meta name=\"author\" content=\"redazione\" \/>\n<meta name=\"twitter:card\" content=\"summary_large_image\" \/>\n<meta name=\"twitter:creator\" content=\"@bellunopress\" \/>\n<meta name=\"twitter:site\" content=\"@bellunopress\" \/>\n<meta name=\"twitter:label1\" content=\"\u00c9crit par\" \/>\n\t<meta name=\"twitter:data1\" content=\"redazione\" \/>\n\t<meta name=\"twitter:label2\" content=\"Dur\u00e9e de lecture estim\u00e9e\" \/>\n\t<meta name=\"twitter:data2\" content=\"6 minutes\" \/>\n<script type=\"application\/ld+json\" class=\"yoast-schema-graph\">{\"@context\":\"https:\\\/\\\/schema.org\",\"@graph\":[{\"@type\":\"Article\",\"@id\":\"https:\\\/\\\/www.bellunopress.it\\\/2012\\\/02\\\/09\\\/venerdi-allo-stanzone-di-feltre-il-concerto-di-marco-notari\\\/#article\",\"isPartOf\":{\"@id\":\"https:\\\/\\\/www.bellunopress.it\\\/2012\\\/02\\\/09\\\/venerdi-allo-stanzone-di-feltre-il-concerto-di-marco-notari\\\/\"},\"author\":{\"name\":\"redazione\",\"@id\":\"https:\\\/\\\/www.bellunopress.it\\\/#\\\/schema\\\/person\\\/79bb06722b37ece1c03d3e94beb30d73\"},\"headline\":\"Venerd\u00ec allo Stanzone di Feltre il concerto di Marco Notari\",\"datePublished\":\"2012-02-09T19:57:20+00:00\",\"mainEntityOfPage\":{\"@id\":\"https:\\\/\\\/www.bellunopress.it\\\/2012\\\/02\\\/09\\\/venerdi-allo-stanzone-di-feltre-il-concerto-di-marco-notari\\\/\"},\"wordCount\":1192,\"publisher\":{\"@id\":\"https:\\\/\\\/www.bellunopress.it\\\/#organization\"},\"image\":{\"@id\":\"https:\\\/\\\/www.bellunopress.it\\\/2012\\\/02\\\/09\\\/venerdi-allo-stanzone-di-feltre-il-concerto-di-marco-notari\\\/#primaryimage\"},\"thumbnailUrl\":\"http:\\\/\\\/www.bellunopress.it\\\/wp-content\\\/uploads\\\/2012\\\/02\\\/marco-notari.jpg\",\"articleSection\":[\"Appuntamenti, Eventi\",\"Arte, Cultura, Spettacoli, Scienza\",\"Pausa Caff\u00e8\"],\"inLanguage\":\"fr-FR\"},{\"@type\":\"WebPage\",\"@id\":\"https:\\\/\\\/www.bellunopress.it\\\/2012\\\/02\\\/09\\\/venerdi-allo-stanzone-di-feltre-il-concerto-di-marco-notari\\\/\",\"url\":\"https:\\\/\\\/www.bellunopress.it\\\/2012\\\/02\\\/09\\\/venerdi-allo-stanzone-di-feltre-il-concerto-di-marco-notari\\\/\",\"name\":\"Venerd\u00ec allo Stanzone di Feltre il concerto di Marco Notari - Bellunopress - Dolomiti\",\"isPartOf\":{\"@id\":\"https:\\\/\\\/www.bellunopress.it\\\/#website\"},\"primaryImageOfPage\":{\"@id\":\"https:\\\/\\\/www.bellunopress.it\\\/2012\\\/02\\\/09\\\/venerdi-allo-stanzone-di-feltre-il-concerto-di-marco-notari\\\/#primaryimage\"},\"image\":{\"@id\":\"https:\\\/\\\/www.bellunopress.it\\\/2012\\\/02\\\/09\\\/venerdi-allo-stanzone-di-feltre-il-concerto-di-marco-notari\\\/#primaryimage\"},\"thumbnailUrl\":\"http:\\\/\\\/www.bellunopress.it\\\/wp-content\\\/uploads\\\/2012\\\/02\\\/marco-notari.jpg\",\"datePublished\":\"2012-02-09T19:57:20+00:00\",\"breadcrumb\":{\"@id\":\"https:\\\/\\\/www.bellunopress.it\\\/2012\\\/02\\\/09\\\/venerdi-allo-stanzone-di-feltre-il-concerto-di-marco-notari\\\/#breadcrumb\"},\"inLanguage\":\"fr-FR\",\"potentialAction\":[{\"@type\":\"ReadAction\",\"target\":[\"https:\\\/\\\/www.bellunopress.it\\\/2012\\\/02\\\/09\\\/venerdi-allo-stanzone-di-feltre-il-concerto-di-marco-notari\\\/\"]}]},{\"@type\":\"ImageObject\",\"inLanguage\":\"fr-FR\",\"@id\":\"https:\\\/\\\/www.bellunopress.it\\\/2012\\\/02\\\/09\\\/venerdi-allo-stanzone-di-feltre-il-concerto-di-marco-notari\\\/#primaryimage\",\"url\":\"http:\\\/\\\/www.bellunopress.it\\\/wp-content\\\/uploads\\\/2012\\\/02\\\/marco-notari.jpg\",\"contentUrl\":\"http:\\\/\\\/www.bellunopress.it\\\/wp-content\\\/uploads\\\/2012\\\/02\\\/marco-notari.jpg\"},{\"@type\":\"BreadcrumbList\",\"@id\":\"https:\\\/\\\/www.bellunopress.it\\\/2012\\\/02\\\/09\\\/venerdi-allo-stanzone-di-feltre-il-concerto-di-marco-notari\\\/#breadcrumb\",\"itemListElement\":[{\"@type\":\"ListItem\",\"position\":1,\"name\":\"Home\",\"item\":\"https:\\\/\\\/www.bellunopress.it\\\/\"},{\"@type\":\"ListItem\",\"position\":2,\"name\":\"Venerd\u00ec allo Stanzone di Feltre il concerto di Marco Notari\"}]},{\"@type\":\"WebSite\",\"@id\":\"https:\\\/\\\/www.bellunopress.it\\\/#website\",\"url\":\"https:\\\/\\\/www.bellunopress.it\\\/\",\"name\":\"Bellunopress - Dolomiti\",\"description\":\"e-mail: redazione@bellunopress.it\",\"publisher\":{\"@id\":\"https:\\\/\\\/www.bellunopress.it\\\/#organization\"},\"potentialAction\":[{\"@type\":\"SearchAction\",\"target\":{\"@type\":\"EntryPoint\",\"urlTemplate\":\"https:\\\/\\\/www.bellunopress.it\\\/?s={search_term_string}\"},\"query-input\":{\"@type\":\"PropertyValueSpecification\",\"valueRequired\":true,\"valueName\":\"search_term_string\"}}],\"inLanguage\":\"fr-FR\"},{\"@type\":\"Organization\",\"@id\":\"https:\\\/\\\/www.bellunopress.it\\\/#organization\",\"name\":\"Bellunopress\",\"url\":\"https:\\\/\\\/www.bellunopress.it\\\/\",\"logo\":{\"@type\":\"ImageObject\",\"inLanguage\":\"fr-FR\",\"@id\":\"https:\\\/\\\/www.bellunopress.it\\\/#\\\/schema\\\/logo\\\/image\\\/\",\"url\":\"https:\\\/\\\/www.bellunopress.it\\\/wp-content\\\/uploads\\\/2011\\\/05\\\/cropped-logo-bellunopress-.jpg\",\"contentUrl\":\"https:\\\/\\\/www.bellunopress.it\\\/wp-content\\\/uploads\\\/2011\\\/05\\\/cropped-logo-bellunopress-.jpg\",\"width\":512,\"height\":512,\"caption\":\"Bellunopress\"},\"image\":{\"@id\":\"https:\\\/\\\/www.bellunopress.it\\\/#\\\/schema\\\/logo\\\/image\\\/\"},\"sameAs\":[\"https:\\\/\\\/www.facebook.com\\\/profile.php?id=100008943462799\",\"https:\\\/\\\/x.com\\\/bellunopress\",\"https:\\\/\\\/www.linkedin.com\\\/hp\\\/?dnr=JBzUWaJfMUw8vbXJJ2tVW5-I3jZKvC4wsoxE&amp;amp;amp;amp;amp;amp;trk=nav_responsive_tab_home\",\"https:\\\/\\\/www.youtube.com\\\/channel\\\/UCxL0wu1uN0_3_7hGG0306cw\"]},{\"@type\":\"Person\",\"@id\":\"https:\\\/\\\/www.bellunopress.it\\\/#\\\/schema\\\/person\\\/79bb06722b37ece1c03d3e94beb30d73\",\"name\":\"redazione\",\"image\":{\"@type\":\"ImageObject\",\"inLanguage\":\"fr-FR\",\"@id\":\"https:\\\/\\\/secure.gravatar.com\\\/avatar\\\/37d968a2e67a6fd04c169c4bdef102d0bc5d31b2546345219e348575eb80e9a0?s=96&d=mm&r=g\",\"url\":\"https:\\\/\\\/secure.gravatar.com\\\/avatar\\\/37d968a2e67a6fd04c169c4bdef102d0bc5d31b2546345219e348575eb80e9a0?s=96&d=mm&r=g\",\"contentUrl\":\"https:\\\/\\\/secure.gravatar.com\\\/avatar\\\/37d968a2e67a6fd04c169c4bdef102d0bc5d31b2546345219e348575eb80e9a0?s=96&d=mm&r=g\",\"caption\":\"redazione\"},\"sameAs\":[\"http:\\\/\\\/www.bellunopress.it\",\"https:\\\/\\\/x.com\\\/bellunopress\"],\"url\":\"https:\\\/\\\/www.bellunopress.it\\\/fr\\\/author\\\/redazione\\\/\"}]}<\/script>\n<!-- \/ Yoast SEO plugin. -->","yoast_head_json":{"title":"Venerd\u00ec allo Stanzone di Feltre il concerto di Marco Notari - Bellunopress - Dolomiti","robots":{"index":"index","follow":"follow","max-snippet":"max-snippet:-1","max-image-preview":"max-image-preview:large","max-video-preview":"max-video-preview:-1"},"canonical":"https:\/\/www.bellunopress.it\/fr\/2012\/02\/09\/venerdi-allo-stanzone-di-feltre-il-concerto-di-marco-notari\/","og_locale":"fr_FR","og_type":"article","og_title":"Venerd\u00ec allo Stanzone di Feltre il concerto di Marco Notari - Bellunopress - Dolomiti","og_description":"Questo venerd\u00ec, 10 febbraio ore 22, arriva allo Stanzone di Feltre (via Mezzaterra, 13) il tour di Marco Notari. Il nuovo album &#8220;Io?&#8221; in classifica FIMI, il singolo &#8220;Le stelle ci cambieranno pelle&#8221; in alta rotazione su Radio Rai 2 da oltre un mese ed il suo videoclip vincitore del P.I.V.I. 2011, il live di [&hellip;]","og_url":"https:\/\/www.bellunopress.it\/fr\/2012\/02\/09\/venerdi-allo-stanzone-di-feltre-il-concerto-di-marco-notari\/","og_site_name":"Bellunopress - Dolomiti","article_publisher":"https:\/\/www.facebook.com\/profile.php?id=100008943462799","article_published_time":"2012-02-09T19:57:20+00:00","og_image":[{"url":"http:\/\/www.bellunopress.it\/wp-content\/uploads\/2012\/02\/marco-notari.jpg","type":"","width":"","height":""}],"author":"redazione","twitter_card":"summary_large_image","twitter_creator":"@bellunopress","twitter_site":"@bellunopress","twitter_misc":{"\u00c9crit par":"redazione","Dur\u00e9e de lecture estim\u00e9e":"6 minutes"},"schema":{"@context":"https:\/\/schema.org","@graph":[{"@type":"Article","@id":"https:\/\/www.bellunopress.it\/2012\/02\/09\/venerdi-allo-stanzone-di-feltre-il-concerto-di-marco-notari\/#article","isPartOf":{"@id":"https:\/\/www.bellunopress.it\/2012\/02\/09\/venerdi-allo-stanzone-di-feltre-il-concerto-di-marco-notari\/"},"author":{"name":"redazione","@id":"https:\/\/www.bellunopress.it\/#\/schema\/person\/79bb06722b37ece1c03d3e94beb30d73"},"headline":"Venerd\u00ec allo Stanzone di Feltre il concerto di Marco Notari","datePublished":"2012-02-09T19:57:20+00:00","mainEntityOfPage":{"@id":"https:\/\/www.bellunopress.it\/2012\/02\/09\/venerdi-allo-stanzone-di-feltre-il-concerto-di-marco-notari\/"},"wordCount":1192,"publisher":{"@id":"https:\/\/www.bellunopress.it\/#organization"},"image":{"@id":"https:\/\/www.bellunopress.it\/2012\/02\/09\/venerdi-allo-stanzone-di-feltre-il-concerto-di-marco-notari\/#primaryimage"},"thumbnailUrl":"http:\/\/www.bellunopress.it\/wp-content\/uploads\/2012\/02\/marco-notari.jpg","articleSection":["Appuntamenti, Eventi","Arte, Cultura, Spettacoli, Scienza","Pausa Caff\u00e8"],"inLanguage":"fr-FR"},{"@type":"WebPage","@id":"https:\/\/www.bellunopress.it\/2012\/02\/09\/venerdi-allo-stanzone-di-feltre-il-concerto-di-marco-notari\/","url":"https:\/\/www.bellunopress.it\/2012\/02\/09\/venerdi-allo-stanzone-di-feltre-il-concerto-di-marco-notari\/","name":"Venerd\u00ec allo Stanzone di Feltre il concerto di Marco Notari - Bellunopress - Dolomiti","isPartOf":{"@id":"https:\/\/www.bellunopress.it\/#website"},"primaryImageOfPage":{"@id":"https:\/\/www.bellunopress.it\/2012\/02\/09\/venerdi-allo-stanzone-di-feltre-il-concerto-di-marco-notari\/#primaryimage"},"image":{"@id":"https:\/\/www.bellunopress.it\/2012\/02\/09\/venerdi-allo-stanzone-di-feltre-il-concerto-di-marco-notari\/#primaryimage"},"thumbnailUrl":"http:\/\/www.bellunopress.it\/wp-content\/uploads\/2012\/02\/marco-notari.jpg","datePublished":"2012-02-09T19:57:20+00:00","breadcrumb":{"@id":"https:\/\/www.bellunopress.it\/2012\/02\/09\/venerdi-allo-stanzone-di-feltre-il-concerto-di-marco-notari\/#breadcrumb"},"inLanguage":"fr-FR","potentialAction":[{"@type":"ReadAction","target":["https:\/\/www.bellunopress.it\/2012\/02\/09\/venerdi-allo-stanzone-di-feltre-il-concerto-di-marco-notari\/"]}]},{"@type":"ImageObject","inLanguage":"fr-FR","@id":"https:\/\/www.bellunopress.it\/2012\/02\/09\/venerdi-allo-stanzone-di-feltre-il-concerto-di-marco-notari\/#primaryimage","url":"http:\/\/www.bellunopress.it\/wp-content\/uploads\/2012\/02\/marco-notari.jpg","contentUrl":"http:\/\/www.bellunopress.it\/wp-content\/uploads\/2012\/02\/marco-notari.jpg"},{"@type":"BreadcrumbList","@id":"https:\/\/www.bellunopress.it\/2012\/02\/09\/venerdi-allo-stanzone-di-feltre-il-concerto-di-marco-notari\/#breadcrumb","itemListElement":[{"@type":"ListItem","position":1,"name":"Home","item":"https:\/\/www.bellunopress.it\/"},{"@type":"ListItem","position":2,"name":"Venerd\u00ec allo Stanzone di Feltre il concerto di Marco Notari"}]},{"@type":"WebSite","@id":"https:\/\/www.bellunopress.it\/#website","url":"https:\/\/www.bellunopress.it\/","name":"Bellunopress - Dolomiti","description":"e-mail: redazione@bellunopress.it","publisher":{"@id":"https:\/\/www.bellunopress.it\/#organization"},"potentialAction":[{"@type":"SearchAction","target":{"@type":"EntryPoint","urlTemplate":"https:\/\/www.bellunopress.it\/?s={search_term_string}"},"query-input":{"@type":"PropertyValueSpecification","valueRequired":true,"valueName":"search_term_string"}}],"inLanguage":"fr-FR"},{"@type":"Organization","@id":"https:\/\/www.bellunopress.it\/#organization","name":"Bellunopress","url":"https:\/\/www.bellunopress.it\/","logo":{"@type":"ImageObject","inLanguage":"fr-FR","@id":"https:\/\/www.bellunopress.it\/#\/schema\/logo\/image\/","url":"https:\/\/www.bellunopress.it\/wp-content\/uploads\/2011\/05\/cropped-logo-bellunopress-.jpg","contentUrl":"https:\/\/www.bellunopress.it\/wp-content\/uploads\/2011\/05\/cropped-logo-bellunopress-.jpg","width":512,"height":512,"caption":"Bellunopress"},"image":{"@id":"https:\/\/www.bellunopress.it\/#\/schema\/logo\/image\/"},"sameAs":["https:\/\/www.facebook.com\/profile.php?id=100008943462799","https:\/\/x.com\/bellunopress","https:\/\/www.linkedin.com\/hp\/?dnr=JBzUWaJfMUw8vbXJJ2tVW5-I3jZKvC4wsoxE&amp;amp;amp;amp;amp;amp;trk=nav_responsive_tab_home","https:\/\/www.youtube.com\/channel\/UCxL0wu1uN0_3_7hGG0306cw"]},{"@type":"Person","@id":"https:\/\/www.bellunopress.it\/#\/schema\/person\/79bb06722b37ece1c03d3e94beb30d73","name":"r\u00e9daction","image":{"@type":"ImageObject","inLanguage":"fr-FR","@id":"https:\/\/secure.gravatar.com\/avatar\/37d968a2e67a6fd04c169c4bdef102d0bc5d31b2546345219e348575eb80e9a0?s=96&d=mm&r=g","url":"https:\/\/secure.gravatar.com\/avatar\/37d968a2e67a6fd04c169c4bdef102d0bc5d31b2546345219e348575eb80e9a0?s=96&d=mm&r=g","contentUrl":"https:\/\/secure.gravatar.com\/avatar\/37d968a2e67a6fd04c169c4bdef102d0bc5d31b2546345219e348575eb80e9a0?s=96&d=mm&r=g","caption":"redazione"},"sameAs":["http:\/\/www.bellunopress.it","https:\/\/x.com\/bellunopress"],"url":"https:\/\/www.bellunopress.it\/fr\/author\/redazione\/"}]}},"_links":{"self":[{"href":"https:\/\/www.bellunopress.it\/fr\/wp-json\/wp\/v2\/posts\/34918","targetHints":{"allow":["GET"]}}],"collection":[{"href":"https:\/\/www.bellunopress.it\/fr\/wp-json\/wp\/v2\/posts"}],"about":[{"href":"https:\/\/www.bellunopress.it\/fr\/wp-json\/wp\/v2\/types\/post"}],"author":[{"embeddable":true,"href":"https:\/\/www.bellunopress.it\/fr\/wp-json\/wp\/v2\/users\/2"}],"replies":[{"embeddable":true,"href":"https:\/\/www.bellunopress.it\/fr\/wp-json\/wp\/v2\/comments?post=34918"}],"version-history":[{"count":1,"href":"https:\/\/www.bellunopress.it\/fr\/wp-json\/wp\/v2\/posts\/34918\/revisions"}],"predecessor-version":[{"id":34920,"href":"https:\/\/www.bellunopress.it\/fr\/wp-json\/wp\/v2\/posts\/34918\/revisions\/34920"}],"wp:attachment":[{"href":"https:\/\/www.bellunopress.it\/fr\/wp-json\/wp\/v2\/media?parent=34918"}],"wp:term":[{"taxonomy":"category","embeddable":true,"href":"https:\/\/www.bellunopress.it\/fr\/wp-json\/wp\/v2\/categories?post=34918"},{"taxonomy":"post_tag","embeddable":true,"href":"https:\/\/www.bellunopress.it\/fr\/wp-json\/wp\/v2\/tags?post=34918"}],"curies":[{"name":"wp","href":"https:\/\/api.w.org\/{rel}","templated":true}]}}