{"id":34916,"date":"2012-02-09T21:48:48","date_gmt":"2012-02-09T20:48:48","guid":{"rendered":"http:\/\/www.bellunopress.it\/?p=34916"},"modified":"2012-02-08T20:50:19","modified_gmt":"2012-02-08T19:50:19","slug":"tra-fede-e-ragione-sabato-e-domenica-al-teatro-comunale-di-belluno-il-galileo-di-daniela-nicosia","status":"publish","type":"post","link":"https:\/\/www.bellunopress.it\/fr\/2012\/02\/09\/tra-fede-e-ragione-sabato-e-domenica-al-teatro-comunale-di-belluno-il-galileo-di-daniela-nicosia\/","title":{"rendered":"Tra fede e ragione: sabato e domenica al Teatro comunale di Belluno il &#8220;Galileo&#8221; di Daniela Nicosia"},"content":{"rendered":"<p>Dopo la presentazione del libro Galileo, stampa integrale del testo teatrale edito da Titivillus, finalmente a Belluno, lo spettacolo dedicato alla grande figura del padre della scienza moderna, sabato 11 (turno A) e domenica 12 (turno B) febbraio 2012, alle ore 20.45.<\/p>\n<figure id=\"attachment_24068\" aria-describedby=\"caption-attachment-24068\" style=\"width: 280px\" class=\"wp-caption alignleft\"><a href=\"http:\/\/www.bellunopress.it\/wp-content\/uploads\/2011\/02\/daniela-nicosia-280x280.jpg\"><img loading=\"lazy\" decoding=\"async\" class=\"size-full wp-image-24068\" title=\"daniela nicosia 280x280\" src=\"http:\/\/www.bellunopress.it\/wp-content\/uploads\/2011\/02\/daniela-nicosia-280x280.jpg\" alt=\"\" width=\"280\" height=\"279\" srcset=\"https:\/\/www.bellunopress.it\/wp-content\/uploads\/2011\/02\/daniela-nicosia-280x280.jpg 280w, https:\/\/www.bellunopress.it\/wp-content\/uploads\/2011\/02\/daniela-nicosia-280x280-150x150.jpg 150w\" sizes=\"auto, (max-width: 280px) 100vw, 280px\" \/><\/a><figcaption id=\"caption-attachment-24068\" class=\"wp-caption-text\">Daniela Nicosia<\/figcaption><\/figure>\n<p>La Stagione di Prosa 2011-2012 del Teatro Comunale di Belluno, organizzata da Tib Teatro per la direzione artistica di Daniela Nicosia, in collaborazione con la Fondazione Teatri delle Dolomiti, e con il Ministero per il Beni e le Attivit\u00e0 Culturali e A.I.C.S. per la cultura, prosegue con una forma di teatro civile che, a partire dall\u2019esperienza di Galileo, si pone interrogativi, suscita riflessioni sull\u2019ancora aperto, complesso dibattito circa i rapporti tra scienza e societ\u00e0, senza rinunciare alla commozione, alle emozioni del gesto, della musica, della parola. \u00a0 Un lavoro di drammaturgia frutto di mesi di studio e di lettura di documenti di prima mano e di migliaia di pagine dedicate a Galileo non solo scienziato e filosofo, ma anche uomo. E sull\u2019aspetto privato si \u00e8 concentrato soprattutto il lavoro della regista Nicosia che, attraverso l\u2019epistolario e i documenti personali di Galileo ci restituisce una figura di uomo che amava sin troppo la vita; questa forse la chiave di lettura per comprendere meglio l\u2019umiliazione a cui si sottopone con il famoso atto di abiura. Incisiva e illuminante anche la profonda riflessione che emerge dallo spettacolo in cui si analizza il rapporto tra fede e ragione: \u00abla fede appartiene al cuore, la scienza alla ragione ma entrambe sono doni di Dio\u00bb. \u00a0 In un essenziale, rigoroso, suggestivo contesto scenico prende vita il\u00a0 rapporto di Galileo con il mondo femminile, una sola attrice incarna le quattro donne pi\u00f9 importanti della sua vita la madre, la governante, l\u2019amante, la figlia, e si pone, attraverso le differenti figure, quale alter ego, enigmatico, a tratti ironico, dolce e appassionato, del genio sanguigno e vitale. \u00a0 Lo spettacolo che ha debuttato al Teatro Verdi di Padova lo scorso anno, \u00e8 attualmente in tourn\u00e8e, ospitato in rilevanti cartelloni di Prosa di citt\u00e0 quali Bologna, Trieste (per una settimana di permanenza a fine febbraio), Bolzano (proprio in questi giorni) e Brescia, raccogliendo il plauso della critica e del pubblico, che apprezza questa creazione bellunese, frutto di lavoro ed ingegno pregevole ed originale. \u00a0 Galileo \u00e8 una produzione di Tib Teatro, realizzata in collaborazione con l\u2019Universit\u00e0 degli Studi di Padova-Dipartimento di Astronomia e la Fondazione Teatri delle Dolomiti; testo, regia e scene Daniela Nicosia, in scena Solimano Pontarollo e Piera Ardessi, consulenza musicale Paolo Da Col, luci e suono Paolo Pelllicciari, scenotecnico Luigino Marchetti, costruzione oggetti di scena Luigi Bortot, realizzazione costumi Atelier Raptus &amp; Rose. \u00a0 \u00a0 \u00a0 INFO E PRENOTAZIONI fino a gioved\u00ec 9 febbraio 0437-943303 &#8211; venerd\u00ec 10, sabato 11 e domenica 12 febbraio presso il Teatro Comunale di Belluno 0437-940349, dalle 11 alle 13 e dalle 17 alle 20. \u00a0 <a href=\"http:\/\/www.tibteatro.it\">www.tibteatro.it<\/a><\/p>","protected":false},"excerpt":{"rendered":"<p>Dopo la presentazione del libro Galileo, stampa integrale del testo teatrale edito da Titivillus, finalmente a Belluno, lo spettacolo dedicato alla grande figura del padre della scienza moderna, sabato 11 (turno A) e domenica 12 (turno B) febbraio 2012, alle ore 20.45. La Stagione di Prosa 2011-2012 del Teatro Comunale di Belluno, organizzata da Tib [&hellip;]<\/p>\n","protected":false},"author":2,"featured_media":0,"comment_status":"closed","ping_status":"open","sticky":false,"template":"","format":"standard","meta":{"footnotes":""},"categories":[27,3,25],"tags":[],"class_list":["post-34916","post","type-post","status-publish","format-standard","category-appuntamenti","category-arte-cultura-spettacoli-scienza-archivi","category-pausa-caffe"],"yoast_head":"<!-- This site is optimized with the Yoast SEO plugin v28.4 - https:\/\/yoast.com\/product\/yoast-seo-wordpress\/ -->\n<title>Tra fede e ragione: sabato e domenica al Teatro comunale di Belluno il &quot;Galileo&quot; di Daniela Nicosia    - Bellunopress - Dolomiti<\/title>\n<meta name=\"robots\" content=\"index, follow, max-snippet:-1, max-image-preview:large, max-video-preview:-1\" \/>\n<link rel=\"canonical\" href=\"https:\/\/www.bellunopress.it\/fr\/2012\/02\/09\/tra-fede-e-ragione-sabato-e-domenica-al-teatro-comunale-di-belluno-il-galileo-di-daniela-nicosia\/\" \/>\n<meta property=\"og:locale\" content=\"fr_FR\" \/>\n<meta property=\"og:type\" content=\"article\" \/>\n<meta property=\"og:title\" content=\"Tra fede e ragione: sabato e domenica al Teatro comunale di Belluno il &quot;Galileo&quot; di Daniela Nicosia    - Bellunopress - Dolomiti\" \/>\n<meta property=\"og:description\" content=\"Dopo la presentazione del libro Galileo, stampa integrale del testo teatrale edito da Titivillus, finalmente a Belluno, lo spettacolo dedicato alla grande figura del padre della scienza moderna, sabato 11 (turno A) e domenica 12 (turno B) febbraio 2012, alle ore 20.45. La Stagione di Prosa 2011-2012 del Teatro Comunale di Belluno, organizzata da Tib [&hellip;]\" \/>\n<meta property=\"og:url\" content=\"https:\/\/www.bellunopress.it\/fr\/2012\/02\/09\/tra-fede-e-ragione-sabato-e-domenica-al-teatro-comunale-di-belluno-il-galileo-di-daniela-nicosia\/\" \/>\n<meta property=\"og:site_name\" content=\"Bellunopress - Dolomiti\" \/>\n<meta property=\"article:publisher\" content=\"https:\/\/www.facebook.com\/profile.php?id=100008943462799\" \/>\n<meta property=\"article:published_time\" content=\"2012-02-09T20:48:48+00:00\" \/>\n<meta property=\"og:image\" content=\"http:\/\/www.bellunopress.it\/wp-content\/uploads\/2011\/02\/daniela-nicosia-280x280.jpg\" \/>\n<meta name=\"author\" content=\"redazione\" \/>\n<meta name=\"twitter:card\" content=\"summary_large_image\" \/>\n<meta name=\"twitter:creator\" content=\"@bellunopress\" \/>\n<meta name=\"twitter:site\" content=\"@bellunopress\" \/>\n<meta name=\"twitter:label1\" content=\"\u00c9crit par\" \/>\n\t<meta name=\"twitter:data1\" content=\"redazione\" \/>\n\t<meta name=\"twitter:label2\" content=\"Dur\u00e9e de lecture estim\u00e9e\" \/>\n\t<meta name=\"twitter:data2\" content=\"2 minutes\" \/>\n<script type=\"application\/ld+json\" class=\"yoast-schema-graph\">{\"@context\":\"https:\\\/\\\/schema.org\",\"@graph\":[{\"@type\":\"Article\",\"@id\":\"https:\\\/\\\/www.bellunopress.it\\\/2012\\\/02\\\/09\\\/tra-fede-e-ragione-sabato-e-domenica-al-teatro-comunale-di-belluno-il-galileo-di-daniela-nicosia\\\/#article\",\"isPartOf\":{\"@id\":\"https:\\\/\\\/www.bellunopress.it\\\/2012\\\/02\\\/09\\\/tra-fede-e-ragione-sabato-e-domenica-al-teatro-comunale-di-belluno-il-galileo-di-daniela-nicosia\\\/\"},\"author\":{\"name\":\"redazione\",\"@id\":\"https:\\\/\\\/www.bellunopress.it\\\/#\\\/schema\\\/person\\\/79bb06722b37ece1c03d3e94beb30d73\"},\"headline\":\"Tra fede e ragione: sabato e domenica al Teatro comunale di Belluno il &#8220;Galileo&#8221; di Daniela Nicosia\",\"datePublished\":\"2012-02-09T20:48:48+00:00\",\"mainEntityOfPage\":{\"@id\":\"https:\\\/\\\/www.bellunopress.it\\\/2012\\\/02\\\/09\\\/tra-fede-e-ragione-sabato-e-domenica-al-teatro-comunale-di-belluno-il-galileo-di-daniela-nicosia\\\/\"},\"wordCount\":494,\"publisher\":{\"@id\":\"https:\\\/\\\/www.bellunopress.it\\\/#organization\"},\"image\":{\"@id\":\"https:\\\/\\\/www.bellunopress.it\\\/2012\\\/02\\\/09\\\/tra-fede-e-ragione-sabato-e-domenica-al-teatro-comunale-di-belluno-il-galileo-di-daniela-nicosia\\\/#primaryimage\"},\"thumbnailUrl\":\"http:\\\/\\\/www.bellunopress.it\\\/wp-content\\\/uploads\\\/2011\\\/02\\\/daniela-nicosia-280x280.jpg\",\"articleSection\":[\"Appuntamenti, Eventi\",\"Arte, Cultura, Spettacoli, Scienza\",\"Pausa Caff\u00e8\"],\"inLanguage\":\"fr-FR\"},{\"@type\":\"WebPage\",\"@id\":\"https:\\\/\\\/www.bellunopress.it\\\/2012\\\/02\\\/09\\\/tra-fede-e-ragione-sabato-e-domenica-al-teatro-comunale-di-belluno-il-galileo-di-daniela-nicosia\\\/\",\"url\":\"https:\\\/\\\/www.bellunopress.it\\\/2012\\\/02\\\/09\\\/tra-fede-e-ragione-sabato-e-domenica-al-teatro-comunale-di-belluno-il-galileo-di-daniela-nicosia\\\/\",\"name\":\"Tra fede e ragione: sabato e domenica al Teatro comunale di Belluno il \\\"Galileo\\\" di Daniela Nicosia - Bellunopress - Dolomiti\",\"isPartOf\":{\"@id\":\"https:\\\/\\\/www.bellunopress.it\\\/#website\"},\"primaryImageOfPage\":{\"@id\":\"https:\\\/\\\/www.bellunopress.it\\\/2012\\\/02\\\/09\\\/tra-fede-e-ragione-sabato-e-domenica-al-teatro-comunale-di-belluno-il-galileo-di-daniela-nicosia\\\/#primaryimage\"},\"image\":{\"@id\":\"https:\\\/\\\/www.bellunopress.it\\\/2012\\\/02\\\/09\\\/tra-fede-e-ragione-sabato-e-domenica-al-teatro-comunale-di-belluno-il-galileo-di-daniela-nicosia\\\/#primaryimage\"},\"thumbnailUrl\":\"http:\\\/\\\/www.bellunopress.it\\\/wp-content\\\/uploads\\\/2011\\\/02\\\/daniela-nicosia-280x280.jpg\",\"datePublished\":\"2012-02-09T20:48:48+00:00\",\"breadcrumb\":{\"@id\":\"https:\\\/\\\/www.bellunopress.it\\\/2012\\\/02\\\/09\\\/tra-fede-e-ragione-sabato-e-domenica-al-teatro-comunale-di-belluno-il-galileo-di-daniela-nicosia\\\/#breadcrumb\"},\"inLanguage\":\"fr-FR\",\"potentialAction\":[{\"@type\":\"ReadAction\",\"target\":[\"https:\\\/\\\/www.bellunopress.it\\\/2012\\\/02\\\/09\\\/tra-fede-e-ragione-sabato-e-domenica-al-teatro-comunale-di-belluno-il-galileo-di-daniela-nicosia\\\/\"]}]},{\"@type\":\"ImageObject\",\"inLanguage\":\"fr-FR\",\"@id\":\"https:\\\/\\\/www.bellunopress.it\\\/2012\\\/02\\\/09\\\/tra-fede-e-ragione-sabato-e-domenica-al-teatro-comunale-di-belluno-il-galileo-di-daniela-nicosia\\\/#primaryimage\",\"url\":\"http:\\\/\\\/www.bellunopress.it\\\/wp-content\\\/uploads\\\/2011\\\/02\\\/daniela-nicosia-280x280.jpg\",\"contentUrl\":\"http:\\\/\\\/www.bellunopress.it\\\/wp-content\\\/uploads\\\/2011\\\/02\\\/daniela-nicosia-280x280.jpg\"},{\"@type\":\"BreadcrumbList\",\"@id\":\"https:\\\/\\\/www.bellunopress.it\\\/2012\\\/02\\\/09\\\/tra-fede-e-ragione-sabato-e-domenica-al-teatro-comunale-di-belluno-il-galileo-di-daniela-nicosia\\\/#breadcrumb\",\"itemListElement\":[{\"@type\":\"ListItem\",\"position\":1,\"name\":\"Home\",\"item\":\"https:\\\/\\\/www.bellunopress.it\\\/\"},{\"@type\":\"ListItem\",\"position\":2,\"name\":\"Tra fede e ragione: sabato e domenica al Teatro comunale di Belluno il &#8220;Galileo&#8221; di Daniela Nicosia\"}]},{\"@type\":\"WebSite\",\"@id\":\"https:\\\/\\\/www.bellunopress.it\\\/#website\",\"url\":\"https:\\\/\\\/www.bellunopress.it\\\/\",\"name\":\"Bellunopress - Dolomiti\",\"description\":\"e-mail: redazione@bellunopress.it\",\"publisher\":{\"@id\":\"https:\\\/\\\/www.bellunopress.it\\\/#organization\"},\"potentialAction\":[{\"@type\":\"SearchAction\",\"target\":{\"@type\":\"EntryPoint\",\"urlTemplate\":\"https:\\\/\\\/www.bellunopress.it\\\/?s={search_term_string}\"},\"query-input\":{\"@type\":\"PropertyValueSpecification\",\"valueRequired\":true,\"valueName\":\"search_term_string\"}}],\"inLanguage\":\"fr-FR\"},{\"@type\":\"Organization\",\"@id\":\"https:\\\/\\\/www.bellunopress.it\\\/#organization\",\"name\":\"Bellunopress\",\"url\":\"https:\\\/\\\/www.bellunopress.it\\\/\",\"logo\":{\"@type\":\"ImageObject\",\"inLanguage\":\"fr-FR\",\"@id\":\"https:\\\/\\\/www.bellunopress.it\\\/#\\\/schema\\\/logo\\\/image\\\/\",\"url\":\"https:\\\/\\\/www.bellunopress.it\\\/wp-content\\\/uploads\\\/2011\\\/05\\\/cropped-logo-bellunopress-.jpg\",\"contentUrl\":\"https:\\\/\\\/www.bellunopress.it\\\/wp-content\\\/uploads\\\/2011\\\/05\\\/cropped-logo-bellunopress-.jpg\",\"width\":512,\"height\":512,\"caption\":\"Bellunopress\"},\"image\":{\"@id\":\"https:\\\/\\\/www.bellunopress.it\\\/#\\\/schema\\\/logo\\\/image\\\/\"},\"sameAs\":[\"https:\\\/\\\/www.facebook.com\\\/profile.php?id=100008943462799\",\"https:\\\/\\\/x.com\\\/bellunopress\",\"https:\\\/\\\/www.linkedin.com\\\/hp\\\/?dnr=JBzUWaJfMUw8vbXJJ2tVW5-I3jZKvC4wsoxE&amp;amp;amp;amp;amp;amp;trk=nav_responsive_tab_home\",\"https:\\\/\\\/www.youtube.com\\\/channel\\\/UCxL0wu1uN0_3_7hGG0306cw\"]},{\"@type\":\"Person\",\"@id\":\"https:\\\/\\\/www.bellunopress.it\\\/#\\\/schema\\\/person\\\/79bb06722b37ece1c03d3e94beb30d73\",\"name\":\"redazione\",\"image\":{\"@type\":\"ImageObject\",\"inLanguage\":\"fr-FR\",\"@id\":\"https:\\\/\\\/secure.gravatar.com\\\/avatar\\\/37d968a2e67a6fd04c169c4bdef102d0bc5d31b2546345219e348575eb80e9a0?s=96&d=mm&r=g\",\"url\":\"https:\\\/\\\/secure.gravatar.com\\\/avatar\\\/37d968a2e67a6fd04c169c4bdef102d0bc5d31b2546345219e348575eb80e9a0?s=96&d=mm&r=g\",\"contentUrl\":\"https:\\\/\\\/secure.gravatar.com\\\/avatar\\\/37d968a2e67a6fd04c169c4bdef102d0bc5d31b2546345219e348575eb80e9a0?s=96&d=mm&r=g\",\"caption\":\"redazione\"},\"sameAs\":[\"http:\\\/\\\/www.bellunopress.it\",\"https:\\\/\\\/x.com\\\/bellunopress\"],\"url\":\"https:\\\/\\\/www.bellunopress.it\\\/fr\\\/author\\\/redazione\\\/\"}]}<\/script>\n<!-- \/ Yoast SEO plugin. -->","yoast_head_json":{"title":"Tra fede e ragione: sabato e domenica al Teatro comunale di Belluno il \"Galileo\" di Daniela Nicosia    - Bellunopress - Dolomiti","robots":{"index":"index","follow":"follow","max-snippet":"max-snippet:-1","max-image-preview":"max-image-preview:large","max-video-preview":"max-video-preview:-1"},"canonical":"https:\/\/www.bellunopress.it\/fr\/2012\/02\/09\/tra-fede-e-ragione-sabato-e-domenica-al-teatro-comunale-di-belluno-il-galileo-di-daniela-nicosia\/","og_locale":"fr_FR","og_type":"article","og_title":"Tra fede e ragione: sabato e domenica al Teatro comunale di Belluno il \"Galileo\" di Daniela Nicosia    - Bellunopress - Dolomiti","og_description":"Dopo la presentazione del libro Galileo, stampa integrale del testo teatrale edito da Titivillus, finalmente a Belluno, lo spettacolo dedicato alla grande figura del padre della scienza moderna, sabato 11 (turno A) e domenica 12 (turno B) febbraio 2012, alle ore 20.45. La Stagione di Prosa 2011-2012 del Teatro Comunale di Belluno, organizzata da Tib [&hellip;]","og_url":"https:\/\/www.bellunopress.it\/fr\/2012\/02\/09\/tra-fede-e-ragione-sabato-e-domenica-al-teatro-comunale-di-belluno-il-galileo-di-daniela-nicosia\/","og_site_name":"Bellunopress - Dolomiti","article_publisher":"https:\/\/www.facebook.com\/profile.php?id=100008943462799","article_published_time":"2012-02-09T20:48:48+00:00","og_image":[{"url":"http:\/\/www.bellunopress.it\/wp-content\/uploads\/2011\/02\/daniela-nicosia-280x280.jpg","type":"","width":"","height":""}],"author":"redazione","twitter_card":"summary_large_image","twitter_creator":"@bellunopress","twitter_site":"@bellunopress","twitter_misc":{"\u00c9crit par":"redazione","Dur\u00e9e de lecture estim\u00e9e":"2 minutes"},"schema":{"@context":"https:\/\/schema.org","@graph":[{"@type":"Article","@id":"https:\/\/www.bellunopress.it\/2012\/02\/09\/tra-fede-e-ragione-sabato-e-domenica-al-teatro-comunale-di-belluno-il-galileo-di-daniela-nicosia\/#article","isPartOf":{"@id":"https:\/\/www.bellunopress.it\/2012\/02\/09\/tra-fede-e-ragione-sabato-e-domenica-al-teatro-comunale-di-belluno-il-galileo-di-daniela-nicosia\/"},"author":{"name":"redazione","@id":"https:\/\/www.bellunopress.it\/#\/schema\/person\/79bb06722b37ece1c03d3e94beb30d73"},"headline":"Tra fede e ragione: sabato e domenica al Teatro comunale di Belluno il &#8220;Galileo&#8221; di Daniela Nicosia","datePublished":"2012-02-09T20:48:48+00:00","mainEntityOfPage":{"@id":"https:\/\/www.bellunopress.it\/2012\/02\/09\/tra-fede-e-ragione-sabato-e-domenica-al-teatro-comunale-di-belluno-il-galileo-di-daniela-nicosia\/"},"wordCount":494,"publisher":{"@id":"https:\/\/www.bellunopress.it\/#organization"},"image":{"@id":"https:\/\/www.bellunopress.it\/2012\/02\/09\/tra-fede-e-ragione-sabato-e-domenica-al-teatro-comunale-di-belluno-il-galileo-di-daniela-nicosia\/#primaryimage"},"thumbnailUrl":"http:\/\/www.bellunopress.it\/wp-content\/uploads\/2011\/02\/daniela-nicosia-280x280.jpg","articleSection":["Appuntamenti, Eventi","Arte, Cultura, Spettacoli, Scienza","Pausa Caff\u00e8"],"inLanguage":"fr-FR"},{"@type":"WebPage","@id":"https:\/\/www.bellunopress.it\/2012\/02\/09\/tra-fede-e-ragione-sabato-e-domenica-al-teatro-comunale-di-belluno-il-galileo-di-daniela-nicosia\/","url":"https:\/\/www.bellunopress.it\/2012\/02\/09\/tra-fede-e-ragione-sabato-e-domenica-al-teatro-comunale-di-belluno-il-galileo-di-daniela-nicosia\/","name":"Tra fede e ragione: sabato e domenica al Teatro comunale di Belluno il \"Galileo\" di Daniela Nicosia - Bellunopress - Dolomiti","isPartOf":{"@id":"https:\/\/www.bellunopress.it\/#website"},"primaryImageOfPage":{"@id":"https:\/\/www.bellunopress.it\/2012\/02\/09\/tra-fede-e-ragione-sabato-e-domenica-al-teatro-comunale-di-belluno-il-galileo-di-daniela-nicosia\/#primaryimage"},"image":{"@id":"https:\/\/www.bellunopress.it\/2012\/02\/09\/tra-fede-e-ragione-sabato-e-domenica-al-teatro-comunale-di-belluno-il-galileo-di-daniela-nicosia\/#primaryimage"},"thumbnailUrl":"http:\/\/www.bellunopress.it\/wp-content\/uploads\/2011\/02\/daniela-nicosia-280x280.jpg","datePublished":"2012-02-09T20:48:48+00:00","breadcrumb":{"@id":"https:\/\/www.bellunopress.it\/2012\/02\/09\/tra-fede-e-ragione-sabato-e-domenica-al-teatro-comunale-di-belluno-il-galileo-di-daniela-nicosia\/#breadcrumb"},"inLanguage":"fr-FR","potentialAction":[{"@type":"ReadAction","target":["https:\/\/www.bellunopress.it\/2012\/02\/09\/tra-fede-e-ragione-sabato-e-domenica-al-teatro-comunale-di-belluno-il-galileo-di-daniela-nicosia\/"]}]},{"@type":"ImageObject","inLanguage":"fr-FR","@id":"https:\/\/www.bellunopress.it\/2012\/02\/09\/tra-fede-e-ragione-sabato-e-domenica-al-teatro-comunale-di-belluno-il-galileo-di-daniela-nicosia\/#primaryimage","url":"http:\/\/www.bellunopress.it\/wp-content\/uploads\/2011\/02\/daniela-nicosia-280x280.jpg","contentUrl":"http:\/\/www.bellunopress.it\/wp-content\/uploads\/2011\/02\/daniela-nicosia-280x280.jpg"},{"@type":"BreadcrumbList","@id":"https:\/\/www.bellunopress.it\/2012\/02\/09\/tra-fede-e-ragione-sabato-e-domenica-al-teatro-comunale-di-belluno-il-galileo-di-daniela-nicosia\/#breadcrumb","itemListElement":[{"@type":"ListItem","position":1,"name":"Home","item":"https:\/\/www.bellunopress.it\/"},{"@type":"ListItem","position":2,"name":"Tra fede e ragione: sabato e domenica al Teatro comunale di Belluno il &#8220;Galileo&#8221; di Daniela Nicosia"}]},{"@type":"WebSite","@id":"https:\/\/www.bellunopress.it\/#website","url":"https:\/\/www.bellunopress.it\/","name":"Bellunopress - Dolomiti","description":"e-mail: redazione@bellunopress.it","publisher":{"@id":"https:\/\/www.bellunopress.it\/#organization"},"potentialAction":[{"@type":"SearchAction","target":{"@type":"EntryPoint","urlTemplate":"https:\/\/www.bellunopress.it\/?s={search_term_string}"},"query-input":{"@type":"PropertyValueSpecification","valueRequired":true,"valueName":"search_term_string"}}],"inLanguage":"fr-FR"},{"@type":"Organization","@id":"https:\/\/www.bellunopress.it\/#organization","name":"Bellunopress","url":"https:\/\/www.bellunopress.it\/","logo":{"@type":"ImageObject","inLanguage":"fr-FR","@id":"https:\/\/www.bellunopress.it\/#\/schema\/logo\/image\/","url":"https:\/\/www.bellunopress.it\/wp-content\/uploads\/2011\/05\/cropped-logo-bellunopress-.jpg","contentUrl":"https:\/\/www.bellunopress.it\/wp-content\/uploads\/2011\/05\/cropped-logo-bellunopress-.jpg","width":512,"height":512,"caption":"Bellunopress"},"image":{"@id":"https:\/\/www.bellunopress.it\/#\/schema\/logo\/image\/"},"sameAs":["https:\/\/www.facebook.com\/profile.php?id=100008943462799","https:\/\/x.com\/bellunopress","https:\/\/www.linkedin.com\/hp\/?dnr=JBzUWaJfMUw8vbXJJ2tVW5-I3jZKvC4wsoxE&amp;amp;amp;amp;amp;amp;trk=nav_responsive_tab_home","https:\/\/www.youtube.com\/channel\/UCxL0wu1uN0_3_7hGG0306cw"]},{"@type":"Person","@id":"https:\/\/www.bellunopress.it\/#\/schema\/person\/79bb06722b37ece1c03d3e94beb30d73","name":"r\u00e9daction","image":{"@type":"ImageObject","inLanguage":"fr-FR","@id":"https:\/\/secure.gravatar.com\/avatar\/37d968a2e67a6fd04c169c4bdef102d0bc5d31b2546345219e348575eb80e9a0?s=96&d=mm&r=g","url":"https:\/\/secure.gravatar.com\/avatar\/37d968a2e67a6fd04c169c4bdef102d0bc5d31b2546345219e348575eb80e9a0?s=96&d=mm&r=g","contentUrl":"https:\/\/secure.gravatar.com\/avatar\/37d968a2e67a6fd04c169c4bdef102d0bc5d31b2546345219e348575eb80e9a0?s=96&d=mm&r=g","caption":"redazione"},"sameAs":["http:\/\/www.bellunopress.it","https:\/\/x.com\/bellunopress"],"url":"https:\/\/www.bellunopress.it\/fr\/author\/redazione\/"}]}},"_links":{"self":[{"href":"https:\/\/www.bellunopress.it\/fr\/wp-json\/wp\/v2\/posts\/34916","targetHints":{"allow":["GET"]}}],"collection":[{"href":"https:\/\/www.bellunopress.it\/fr\/wp-json\/wp\/v2\/posts"}],"about":[{"href":"https:\/\/www.bellunopress.it\/fr\/wp-json\/wp\/v2\/types\/post"}],"author":[{"embeddable":true,"href":"https:\/\/www.bellunopress.it\/fr\/wp-json\/wp\/v2\/users\/2"}],"replies":[{"embeddable":true,"href":"https:\/\/www.bellunopress.it\/fr\/wp-json\/wp\/v2\/comments?post=34916"}],"version-history":[{"count":1,"href":"https:\/\/www.bellunopress.it\/fr\/wp-json\/wp\/v2\/posts\/34916\/revisions"}],"predecessor-version":[{"id":34917,"href":"https:\/\/www.bellunopress.it\/fr\/wp-json\/wp\/v2\/posts\/34916\/revisions\/34917"}],"wp:attachment":[{"href":"https:\/\/www.bellunopress.it\/fr\/wp-json\/wp\/v2\/media?parent=34916"}],"wp:term":[{"taxonomy":"category","embeddable":true,"href":"https:\/\/www.bellunopress.it\/fr\/wp-json\/wp\/v2\/categories?post=34916"},{"taxonomy":"post_tag","embeddable":true,"href":"https:\/\/www.bellunopress.it\/fr\/wp-json\/wp\/v2\/tags?post=34916"}],"curies":[{"name":"wp","href":"https:\/\/api.w.org\/{rel}","templated":true}]}}